{"id":153678,"date":"2020-08-06T23:55:05","date_gmt":"2020-08-06T21:55:05","guid":{"rendered":"https:\/\/www.radiopiu.net\/wordpress\/?p=153678"},"modified":"2020-08-06T16:09:26","modified_gmt":"2020-08-06T14:09:26","slug":"missionari-non-piu-giovani-si-racconta-don-luigi-canal-di-renato-bona","status":"publish","type":"post","link":"https:\/\/www.radiopiu.net\/wordpress\/missionari-non-piu-giovani-si-racconta-don-luigi-canal-di-renato-bona\/","title":{"rendered":"\u201cMISSIONARI NON PIU\u2019 GIOVANI\u201d: SI RACCONTA DON LUIGI CANAL! di RENATO BONA"},"content":{"rendered":"<p><span class=\"_5yl5\">Bellunese, \u00e8 stato per ben 32 anni nel nordest del Brasile ed ora dirige l\u2019ufficio diocesano di pastorale della Missione Decisamente apprezzabile l\u2019iniziativa di \u201cNotizie\u201d, il periodico dell\u2019ufficio missionario della diocesi di Belluno-Feltre guidata dal vescovo mons. Renato Marangoni, che nel numero 33 riporta, fra l\u2019altro, le \u201ctestimonianze dei nostri missionari non pi\u00f9 giovani\u201d, riferendone i racconti del loro vissuto umano, spirituale e missionario. In questa occasione ci soffermiamo sull\u2019esperienza di don Luigi Canal, per ben 32 anni missionario nel nordest del Brasile e da anni direttore dell\u2019Ufficio diocesano di pastorale della Missione, l\u2019ex Centro missionario, cui \u00e8 dedicato largo spazio per dichiarazioni che sintetizzano tre decenni di appassionata attivit\u00e0. Don Luigi esordisce cos\u00ec: \u201cSono stato per 32 anni missionario fidei-donum nel Nordest del Brasile e da 15 anni sono rientrato nella mia chiesa di origine: Belluno-Feltre. Molte volte il mio cuore e il mio sguardo sono ritornati agli anni trascorsi in Brasile, rivisitando nella memoria situazioni, eventi, volti, frutti, fatiche e stanchezze\u2026cercando di scoprirne i significati e i misteri nascosti in questa grande Giornata, dono del Signore e della mia chiesa\u201d ed aggiunge: \u201cE\u2019 come quando si raggiunge la meta di una montagna: stanco ma contento, ti volti a contemplare il percorso fatto: asperit\u00e0 superate, rischi sfiorati, sentieri smarriti e ritrovati, soste rinfrancanti, altri camminatori incontrati, variet\u00e0 di panorami svelati\u2026 \u00e8 come ripercorrere il viaggio un\u2019altra volta, potendo dire:\u2019Dura, ma ce l\u2019ho fatta!\u2019\u201d. Passa quindi a sintetizzare tre \u201cdecadi\u201d di attivit\u00e0 missionaria: la prima, 1973-84 l\u2019ho passata nel semi-arido della Bahia, condividendo con i contadini le difficolt\u00e0 delle periodiche siccit\u00e0 e della conseguente migrazione verso San Paolo. La spinta del \u201968 (sociale ed ecclesiale grazie al Concilio Vaticano II e a Medellin) imponeva come priorit\u00e0 l\u2019impegno per la liberazione dei poveri dall\u2019ingiustizia dello sfruttamento. Era urgente preparare una nuova coscienza e organizzazione dei poveri e per questo ci si dedicava preferibilmente ai poveri \u2018pi\u00f9 scaltri, pi\u00f9 efficienti\u2019 e devo riconoscere con rammarico di essere stato meno attento alle situazioni di povert\u00e0 inoperosa. Oggi diremmo \u2018agli scarti della societ\u00e0\u2019\u2026 Oggi farei pi\u00f9 attenzione anche a questi \u2018scarti\u2019 sociali sui quali Cristo Abbandonato ha richiamato la mia attenzione, grazie soprattutto alla spiritualit\u00e0 del Prado\u201d. Ed eccoci alla seconda \u201cdecade\u201d (1984-1993) che il missionario bellunese ricorda di \u201caver vissuto in Alagoas fra i tagliatori di canna da zucchero: una realt\u00e0 sociale ancora pi\u00f9 squallida perch\u00e9 trattati come schiavi, dove la classe padronale disponeva di vita e di morte su uomini, donne e bambini. Abbiamo lavorato tanto per la difesa dei diritti negati a questi poveri, contro la violenza consumata su di loro e poi riversata su di noi. Qui il Cristo della flagellazione e della corona di spine era pi\u00f9 presente nella nostra coscienza e ci siamo prodigati per un cammino di Risurrezione di questo popolo. Ma per una trasformazione vera ci sarebbe stato bisogno anche della collaborazione della classe patronale, alla quale non abbiamo mai dedicato un vero dialogo di conversione, ricevendone in cambio persecuzioni\u201d. La terza tappa del percorso missionario brasiliano di don Canal \u00e8 stata nella citt\u00e0 di Bahia (1994-2004) e cos\u00ec ne parla: \u201cLa terza \u2018decade\u2019, ritornando in Bahia, l\u2019ho vissuta nelle periferie di grosse citt\u00e0 (Santo Antonio de Jesus e Salvador), guidato sempre dalla \u2018scelta evangelica per i pi\u00f9 poveri\u2019. Qui \u00e8 stato determinante un fatto molto doloroso che per\u00f2 ha prodotto un segno di conversione nella comunit\u00e0 cristiana: lo scoppio di una fabbrica di fuochi d\u2019artificio che ha causato la morte di 64 persone, lasciando 58 orfani. Per diversi anni tutta la pastorale della Parrocchia si \u00e8 votata a curare le ferite della carne di Ges\u00f9 Cristo nella carne di queste vittime: una chiesa in uscita che non ha avuto paura di sporcarsi mani e piedi\u2026 E questo ha trasformato la corona di spine in corona di gloria per la nostra comunit\u00e0\u201d. Infine, il rientro in diocesi. Luigi Canal spiega: \u201cDa 15 anni sono rientrato in servizio nella mia chiesa d\u2019origine e, oltre al servizio nel Centro missionario ho occupato sempre ruoli in parrocchie bisognose di \u2018rialzarsi\u2019 da qualche difficolt\u00e0: non pi\u00f9 i numeri generosi del Brasile, ma alle volte piccoli deserti\u2026 \u201c. E la sottolineatura in conclusione. \u201cOra su questa lunga giornata sta calando la sera e sto cercando di viverla alla luce dell\u2019ultima sera di Ges\u00f9, che \u2018avendo amato i suoi che erano nel mondo, li am\u00f2 sino alla fine\u2019. Dopo aver \u2018lavato i piedi\u2019 ai miei fratelli e sorelle per tanti anni (e continuando a farlo), sento il bisogno di vedere cosa di \u2018Eucarestia\u2019 c\u2019\u00e8 in questa ora della mia vita\u2026\u201d. \u201cNotizie\u201d ha annunciato che porteranno le rispettive esperienze anche monsignor Virgilio Pante, vescovo missionario in Kenia; suo Maria Dionella Faoro (in Patagonia, Argentina), padre Giuseppe Detomaso (in Etiopia), suor Maria Angela D\u2019Inc\u00e0 (attualmente in Italia), padre Raimondo Sommacal (attualmente a Parma). Suor Lea Zandonella (attualmente a Verona), padre Aldo Trento (in Paraguay), suor Agnese Grones (in Pakistan), Mario Bottegal (volontario bellunese), Franca Giansoldati, Shahbaz Bhatti e padre Christian de Cherg\u00e9.<\/span><\/p>\n\n\t\t\t<style type='text\/css'>\n\t\t\t\t#gallery-1 {\n\t\t\t\t\tmargin: auto;\n\t\t\t\t}\n\t\t\t\t#gallery-1 .gallery-item {\n\t\t\t\t\tfloat: left;\n\t\t\t\t\tmargin-top: 10px;\n\t\t\t\t\ttext-align: center;\n\t\t\t\t\twidth: 25%;\n\t\t\t\t}\n\t\t\t\t#gallery-1 img {\n\t\t\t\t\tborder: 2px solid #cfcfcf;\n\t\t\t\t}\n\t\t\t\t#gallery-1 .gallery-caption {\n\t\t\t\t\tmargin-left: 0;\n\t\t\t\t}\n\t\t\t\t\/* see gallery_shortcode() in wp-includes\/media.php *\/\n\t\t\t<\/style>\n\t\t<div id='gallery-1' class='dt-gallery-container gallery galleryid-153678 gallery-columns-4 gallery-size-thumbnail'><dl class='gallery-item'>\n\t\t\t\t<dt class='gallery-icon landscape'>\n\t\t\t\t\t<a class=\"rollover rollover-zoom dt-pswp-item\" title=\"117301244_3221530647884390_4397717266336466963_n\" data-dt-img-description=\"\" data-large_image_width=\"794\" data-large_image_height=\"592\"href='https:\/\/www.radiopiu.net\/wordpress\/wp-content\/uploads\/2020\/08\/117301244_3221530647884390_4397717266336466963_n.png'><img loading=\"lazy\" decoding=\"async\" width=\"150\" height=\"150\" src=\"https:\/\/www.radiopiu.net\/wordpress\/wp-content\/uploads\/2020\/08\/117301244_3221530647884390_4397717266336466963_n-150x150.png\" class=\"attachment-thumbnail size-thumbnail\" alt=\"\" \/><\/a>\n\t\t\t\t<\/dt><\/dl><dl class='gallery-item'>\n\t\t\t\t<dt class='gallery-icon landscape'>\n\t\t\t\t\t<a class=\"rollover rollover-zoom dt-pswp-item\" title=\"117203379_3206989686062351_7637741821860421426_n\" data-dt-img-description=\"\" data-large_image_width=\"670\" data-large_image_height=\"350\"href='https:\/\/www.radiopiu.net\/wordpress\/wp-content\/uploads\/2020\/08\/117203379_3206989686062351_7637741821860421426_n.jpg'><img loading=\"lazy\" decoding=\"async\" width=\"150\" height=\"150\" src=\"https:\/\/www.radiopiu.net\/wordpress\/wp-content\/uploads\/2020\/08\/117203379_3206989686062351_7637741821860421426_n-150x150.jpg\" class=\"attachment-thumbnail size-thumbnail\" alt=\"\" \/><\/a>\n\t\t\t\t<\/dt><\/dl><dl class='gallery-item'>\n\t\t\t\t<dt class='gallery-icon landscape'>\n\t\t\t\t\t<a class=\"rollover rollover-zoom dt-pswp-item\" title=\"117177252_581165722564249_2513593035774083879_n\" data-dt-img-description=\"\" data-large_image_width=\"288\" data-large_image_height=\"188\"href='https:\/\/www.radiopiu.net\/wordpress\/wp-content\/uploads\/2020\/08\/117177252_581165722564249_2513593035774083879_n.jpg'><img loading=\"lazy\" decoding=\"async\" width=\"150\" height=\"150\" src=\"https:\/\/www.radiopiu.net\/wordpress\/wp-content\/uploads\/2020\/08\/117177252_581165722564249_2513593035774083879_n-150x150.jpg\" class=\"attachment-thumbnail size-thumbnail\" alt=\"\" \/><\/a>\n\t\t\t\t<\/dt><\/dl><dl class='gallery-item'>\n\t\t\t\t<dt class='gallery-icon landscape'>\n\t\t\t\t\t<a class=\"rollover rollover-zoom dt-pswp-item\" title=\"117125633_296917204919436_8276769690418855840_n\" data-dt-img-description=\"\" data-large_image_width=\"550\" data-large_image_height=\"405\"href='https:\/\/www.radiopiu.net\/wordpress\/wp-content\/uploads\/2020\/08\/117125633_296917204919436_8276769690418855840_n.jpg'><img loading=\"lazy\" decoding=\"async\" width=\"150\" height=\"150\" src=\"https:\/\/www.radiopiu.net\/wordpress\/wp-content\/uploads\/2020\/08\/117125633_296917204919436_8276769690418855840_n-150x150.jpg\" class=\"attachment-thumbnail size-thumbnail\" alt=\"\" \/><\/a>\n\t\t\t\t<\/dt><\/dl><br style=\"clear: both\" \/>\n\t\t\t<\/div>\n\n<p>&nbsp;<\/p>\n<p><span class=\"_5yl5\"> NELLE FOTO (sito chiesabellunofeltre e Gogle): il missionario Luigi Canal, da tempo rientrato a Belluno; raccolta della canna da zucchero ad Alagoas; Sant\u2019Antonio de Jesus e un quartiere di Salvador, sempre in Brasile dove ha operato don Luigi.<\/span><\/p>\n","protected":false},"excerpt":{"rendered":"<p>Bellunese, \u00e8 stato per ben 32 anni nel nordest del Brasile ed ora dirige l\u2019ufficio diocesano di pastorale della Missione Decisamente apprezzabile l\u2019iniziativa di \u201cNotizie\u201d, il periodico dell\u2019ufficio missionario della diocesi di Belluno-Feltre guidata dal vescovo mons. Renato Marangoni, che nel numero 33 riporta, fra l\u2019altro, le \u201ctestimonianze dei nostri missionari non pi\u00f9 giovani\u201d, riferendone&hellip;<\/p>\n","protected":false},"author":1,"featured_media":153682,"comment_status":"closed","ping_status":"closed","sticky":false,"template":"","format":"standard","meta":{"_monsterinsights_skip_tracking":false,"_monsterinsights_sitenote_active":false,"_monsterinsights_sitenote_note":"","_monsterinsights_sitenote_category":0,"footnotes":""},"categories":[49],"tags":[],"class_list":["post-153678","post","type-post","status-publish","format-standard","has-post-thumbnail","hentry","category-news-18","category-49","description-off"],"img_url":"https:\/\/www.radiopiu.net\/wordpress\/wp-content\/uploads\/2020\/08\/117301244_3221530647884390_4397717266336466963_n.png","_links":{"self":[{"href":"https:\/\/www.radiopiu.net\/wordpress\/wp-json\/wp\/v2\/posts\/153678","targetHints":{"allow":["GET"]}}],"collection":[{"href":"https:\/\/www.radiopiu.net\/wordpress\/wp-json\/wp\/v2\/posts"}],"about":[{"href":"https:\/\/www.radiopiu.net\/wordpress\/wp-json\/wp\/v2\/types\/post"}],"author":[{"embeddable":true,"href":"https:\/\/www.radiopiu.net\/wordpress\/wp-json\/wp\/v2\/users\/1"}],"replies":[{"embeddable":true,"href":"https:\/\/www.radiopiu.net\/wordpress\/wp-json\/wp\/v2\/comments?post=153678"}],"version-history":[{"count":0,"href":"https:\/\/www.radiopiu.net\/wordpress\/wp-json\/wp\/v2\/posts\/153678\/revisions"}],"wp:featuredmedia":[{"embeddable":true,"href":"https:\/\/www.radiopiu.net\/wordpress\/wp-json\/wp\/v2\/media\/153682"}],"wp:attachment":[{"href":"https:\/\/www.radiopiu.net\/wordpress\/wp-json\/wp\/v2\/media?parent=153678"}],"wp:term":[{"taxonomy":"category","embeddable":true,"href":"https:\/\/www.radiopiu.net\/wordpress\/wp-json\/wp\/v2\/categories?post=153678"},{"taxonomy":"post_tag","embeddable":true,"href":"https:\/\/www.radiopiu.net\/wordpress\/wp-json\/wp\/v2\/tags?post=153678"}],"curies":[{"name":"wp","href":"https:\/\/api.w.org\/{rel}","templated":true}]}}