{"id":153777,"date":"2020-08-08T05:39:02","date_gmt":"2020-08-08T03:39:02","guid":{"rendered":"https:\/\/www.radiopiu.net\/wordpress\/?p=153777"},"modified":"2020-08-08T09:41:10","modified_gmt":"2020-08-08T07:41:10","slug":"giornale-radiopiu-08-agosto-2020-direttore-mirko-mezzacasa","status":"publish","type":"post","link":"https:\/\/www.radiopiu.net\/wordpress\/giornale-radiopiu-08-agosto-2020-direttore-mirko-mezzacasa\/","title":{"rendered":"GIORNALE RADIOPIU 08 AGOSTO 2020 DIRETTORE MIRKO MEZZACASA"},"content":{"rendered":"<h3><strong>PER RICEVERE QUESTO NOTIZIARIO DIRETTAMENTE SUL TUO CELLULARE ISCRIVITI AL CANALE TELEGRAM\u00a0<\/strong><strong>\u201cRADIO PIU\u00a0 INFORMAZIONE<\/strong><\/h3>\n<p><em>ATTENZIONE: LA NUOVA APP PER IOS-IPHONE<\/em><\/p>\n<div>\n<div><a href=\"https:\/\/apps.apple.com\/it\/app\/radio-pi%C3%B9-emittente-agordina\/id1515939845\">https:\/\/apps.apple.com\/it\/app\/radio-pi%C3%B9-emittente-agordina\/id1515939845<\/a><\/div>\n<\/div>\n<div><\/div>\n<div>\n<div dir=\"auto\"><em>ATTENZIONE: LA NUOVA APP RADIO\u00a0 PER ANDROID<\/em><\/div>\n<\/div>\n<p><a href=\"https:\/\/play.google.com\/store\/apps\/details?id=net.radiopiu.iniko\" target=\"_blank\" rel=\"noopener noreferrer\">https:\/\/play.google.com\/store\/apps\/details?id=net.radiopiu.iniko \u00a0\u00a0<\/a><\/p>\n<p>&nbsp;<\/p>\n<hr \/>\n<p>&nbsp;<\/p>\n<blockquote>\n<h3>IL GIORNO DELL&#8217;ESODO DI PREANNUNCIANO DISAGI E LUNGHE CODE VERSO LE DOLOMITI, NON SOLO SULLA A ALEMAGNA.<\/h3>\n<p><a class=\"dt-pswp-item\" href=\"https:\/\/www.radiopiu.net\/wordpress\/wp-content\/uploads\/2020\/08\/4051e83d-2046-4de8-bb61-6137f4bcce6f.jpg\" data-dt-img-description=\"\" data-large_image_width=\"1080\" data-large_image_height=\"1366\"><img loading=\"lazy\" decoding=\"async\" class=\" wp-image-153992 alignleft\" src=\"https:\/\/www.radiopiu.net\/wordpress\/wp-content\/uploads\/2020\/08\/4051e83d-2046-4de8-bb61-6137f4bcce6f-237x300.jpg\" alt=\"\" width=\"163\" height=\"206\" srcset=\"https:\/\/www.radiopiu.net\/wordpress\/wp-content\/uploads\/2020\/08\/4051e83d-2046-4de8-bb61-6137f4bcce6f-237x300.jpg 237w, https:\/\/www.radiopiu.net\/wordpress\/wp-content\/uploads\/2020\/08\/4051e83d-2046-4de8-bb61-6137f4bcce6f-810x1024.jpg 810w, https:\/\/www.radiopiu.net\/wordpress\/wp-content\/uploads\/2020\/08\/4051e83d-2046-4de8-bb61-6137f4bcce6f-768x971.jpg 768w, https:\/\/www.radiopiu.net\/wordpress\/wp-content\/uploads\/2020\/08\/4051e83d-2046-4de8-bb61-6137f4bcce6f.jpg 1080w\" sizes=\"auto, (max-width: 163px) 100vw, 163px\" \/><\/a>Prepariamoci ad un altro fine settimana da bollino nero, lungo la 51 di Alemagna disseminata di cantieri ci sar\u00e0 una task force con le Forze dell&#8217;Ordine ma anche con i volontari della protezione civile. E&#8217; il giorno pi\u00f9 temuto dell&#8217;intera stagione estiva con il famoso esodo verso la montagna, lontano dagli assembramenti del mare e tra temperature sopportabili. Imponente il dispiegamento di forze, baster\u00e0? Nell&#8217;Agordino stamane \u00e8 attesa la solita colonna da Cencenighe (in concomitanza con il giorno di mercato) e fino alla tangenziale di Agordo, come una settimana fa quando i tempi di percorrenza per 10 chilometri si sono allungati fino ad oltre l&#8217;ora. Ma l&#8217;attenzione massima pare sia solo per l&#8217;Alemagna e l&#8217;uscita dall&#8217;autostrada.\u00a0 L&#8217;assessore regionale Gianpaolo Bottacin (delega alla protezione civile) ha fatto sapere di aver inviato l\u00ec tre equipaggi\u00a0 che saranno al lavoro sabato e domenica. Il loro compito sar\u00e0 quello di assistere i viaggiatori e di fornire loro il necessario supporto. Informazioni e bottigliette d&#8217;acqua. (mm)<\/p><\/blockquote>\n<p>&nbsp;<\/p>\n<hr \/>\n<p>&nbsp;<\/p>\n<div class=\"im_history_message_wrap\">\n<div class=\"im_message_outer_wrap hasselect\" data-msg-id=\"13491\">\n<div class=\"im_message_wrap clearfix\">\n<div class=\"im_content_message_wrap im_message_in\">\n<div class=\"im_message_body\">\n<blockquote>\n<h3 class=\"photoswipe-wrapper\"><a class=\"dt-pswp-item pspw-wrap-ready\" href=\"https:\/\/i2.wp.com\/www.radiopiu.net\/wordpress\/wp-content\/uploads\/2020\/08\/5e846dd5-0ffe-4c6a-bbe4-0c28c3efb728.jpg?ssl=1\" data-dt-img-description=\"\" data-large_image_width=\"1131\" data-large_image_height=\"1600\"><img loading=\"lazy\" decoding=\"async\" class=\"wp-image-153279 alignleft\" src=\"https:\/\/i2.wp.com\/www.radiopiu.net\/wordpress\/wp-content\/uploads\/2020\/08\/5e846dd5-0ffe-4c6a-bbe4-0c28c3efb728.jpg?resize=99%2C141&amp;ssl=1\" sizes=\"auto, (max-width: 99px) 100vw, 99px\" srcset=\"https:\/\/i2.wp.com\/www.radiopiu.net\/wordpress\/wp-content\/uploads\/2020\/08\/5e846dd5-0ffe-4c6a-bbe4-0c28c3efb728.jpg?resize=212%2C300&amp;ssl=1 212w, https:\/\/i2.wp.com\/www.radiopiu.net\/wordpress\/wp-content\/uploads\/2020\/08\/5e846dd5-0ffe-4c6a-bbe4-0c28c3efb728.jpg?resize=724%2C1024&amp;ssl=1 724w, https:\/\/i2.wp.com\/www.radiopiu.net\/wordpress\/wp-content\/uploads\/2020\/08\/5e846dd5-0ffe-4c6a-bbe4-0c28c3efb728.jpg?resize=768%2C1086&amp;ssl=1 768w, https:\/\/i2.wp.com\/www.radiopiu.net\/wordpress\/wp-content\/uploads\/2020\/08\/5e846dd5-0ffe-4c6a-bbe4-0c28c3efb728.jpg?resize=1086%2C1536&amp;ssl=1 1086w, https:\/\/i2.wp.com\/www.radiopiu.net\/wordpress\/wp-content\/uploads\/2020\/08\/5e846dd5-0ffe-4c6a-bbe4-0c28c3efb728.jpg?w=1131&amp;ssl=1 1131w\" alt=\"\" width=\"99\" height=\"141\" data-recalc-dims=\"1\" \/><\/a>SOSTEGNO ALLA CROCE ROSSA ITALIANA<\/h3>\n<\/blockquote>\n<p>\u201cNuova iniziativa della CroceRossa di Belluno: la raccolta di materiale scolastico per i bambini delle famiglie bellunesi in difficolt\u00e0. Appuntamento il 10-11-12 agosto presso Due Ufficio a Sedico! Il ricavato dell\u2019iniziativa verr\u00e0 ridistribuito ai nuclei famigliari indigenti.<\/p>\n<p>&nbsp;<\/p>\n<\/div>\n<\/div>\n<\/div>\n<\/div>\n<\/div>\n<p>&nbsp;<\/p>\n<p>&nbsp;<\/p>\n<p>&nbsp;<\/p>\n<hr \/>\n<p><strong class=\"photoswipe-wrapper\">\u00a0<\/strong><\/p>\n<p><strong class=\"photoswipe-wrapper\"><a class=\"dt-pswp-item pspw-wrap-ready\" href=\"https:\/\/i2.wp.com\/www.radiopiu.net\/wordpress\/wp-content\/uploads\/2018\/08\/ACQUA.jpeg?ssl=1\" data-dt-img-description=\"\" data-large_image_width=\"1280\" data-large_image_height=\"768\"><img loading=\"lazy\" decoding=\"async\" class=\"wp-image-57052 alignleft\" src=\"https:\/\/i2.wp.com\/www.radiopiu.net\/wordpress\/wp-content\/uploads\/2018\/08\/ACQUA.jpeg?resize=198%2C119&amp;ssl=1\" sizes=\"auto, (max-width: 198px) 100vw, 198px\" srcset=\"https:\/\/i2.wp.com\/www.radiopiu.net\/wordpress\/wp-content\/uploads\/2018\/08\/ACQUA.jpeg?resize=300%2C180&amp;ssl=1 300w, https:\/\/i2.wp.com\/www.radiopiu.net\/wordpress\/wp-content\/uploads\/2018\/08\/ACQUA.jpeg?resize=768%2C461&amp;ssl=1 768w, https:\/\/i2.wp.com\/www.radiopiu.net\/wordpress\/wp-content\/uploads\/2018\/08\/ACQUA.jpeg?resize=1024%2C614&amp;ssl=1 1024w, https:\/\/i2.wp.com\/www.radiopiu.net\/wordpress\/wp-content\/uploads\/2018\/08\/ACQUA.jpeg?w=1280&amp;ssl=1 1280w\" alt=\"\" width=\"198\" height=\"119\" data-recalc-dims=\"1\" \/><\/a> <\/strong><strong class=\"photoswipe-wrapper\">RIVAMONTE<\/strong>\u00a0 nelle localit\u00e0 VILLAGRANDE, ROSSON, TOS,\u00a0 Via ROMA MIOTTE, ZENICH, MOTTES, ZEP-SCHENA, SARET, ROSTE, PALUCH, GONA DI CONEDERA, PONTE ALTO, LONIE e SANTEL, l\u2019acqua erogata dall\u2019acquedotto non \u00e8 potabile e pu\u00f2 essere usata per scopi alimentari SOLO PREVIA bollitura. GSP ha, comunque, gi\u00e0 adottato le necessarie misure per la disinfezione dell\u2019acqua presente nei serbatoi e nella rete idrica con l\u2019aggiunta di cloro.\u00a0<strong>SAN TOMASO AGORDINO<\/strong>\u00a0nelle LOCALITA\u2019 ROI E PIANEZZE l\u2019acqua erogata dall\u2019acquedotto non \u00e8 potabile e non pu\u00f2 essere usata per scopi alimentari. Verr\u00e0 effettuato servizio sostitutivo con autobotte. Nella frazione Costa l&#8217;acqua \u00e8 di nuovo potabile<\/p>\n<p>&nbsp;<\/p>\n<p>&nbsp;<\/p>\n<p>&nbsp;<\/p>\n<hr \/>\n<p>&nbsp;<\/p>\n<div class=\"page-title-head hgroup\">\n<blockquote>\n<h3 class=\"entry-title\">PRECIPITA DAL TERZO PIANO, FINISCE SULLA CATASTA DI LEGNA. ELITRASPORTATA IN GRAVI CONDIZIONI<\/h3>\n<\/blockquote>\n<\/div>\n<p><a class=\"dt-pswp-item\" href=\"https:\/\/www.radiopiu.net\/wordpress\/wp-content\/uploads\/2020\/08\/117292736_967536667007748_7512294144664624035_o.jpg\" data-dt-img-description=\"\" data-large_image_width=\"1440\" data-large_image_height=\"1080\"><img loading=\"lazy\" decoding=\"async\" class=\"wp-image-153805 alignleft\" src=\"https:\/\/www.radiopiu.net\/wordpress\/wp-content\/uploads\/2020\/08\/117292736_967536667007748_7512294144664624035_o-300x225.jpg\" alt=\"\" width=\"139\" height=\"104\" srcset=\"https:\/\/www.radiopiu.net\/wordpress\/wp-content\/uploads\/2020\/08\/117292736_967536667007748_7512294144664624035_o-300x225.jpg 300w, https:\/\/www.radiopiu.net\/wordpress\/wp-content\/uploads\/2020\/08\/117292736_967536667007748_7512294144664624035_o-1024x768.jpg 1024w, https:\/\/www.radiopiu.net\/wordpress\/wp-content\/uploads\/2020\/08\/117292736_967536667007748_7512294144664624035_o-768x576.jpg 768w, https:\/\/www.radiopiu.net\/wordpress\/wp-content\/uploads\/2020\/08\/117292736_967536667007748_7512294144664624035_o.jpg 1440w\" sizes=\"auto, (max-width: 139px) 100vw, 139px\" \/><\/a><strong>ALLEGHE<\/strong> Una donna di 50 anni C.A. residente a Caprile di Alleghe \u00e8 ricoverata all&#8217;ospedale C\u00e0 Foncello di Treviso.\u00a0 Alle otto di ieri\u00a0 mattina il silenzio dei monti \u00e8 stato interrotto dal suono della sirene, due ambulanze lungo la regionale 203 agordina dal Pronto Soccorso di Agordo e dalla sede della Croce Verde di Alleghe, pompieri volontari di Caprile e Rocca Pietore, permamenti di Agordo ed anche l&#8217;elicottero del Suem. Direzione Caprile di Alleghe, in centro,\u00a0 dove una donna \u00e8 precipitata dalla scala al terzo piano finendo rovinosamente su una catasta di legna alta due metri e coperta da lamiera che probabilmente ha attutito il colpo. Le dinamiche sono al vaglio dei Carabinieri di Caprile, la signora \u00e8 stata elitrasportata all&#8217;ospedale C\u00e0 Foncello di Treviso\u00a0 dall&#8217;elicottero del Suem, non \u00e8 in pericolo di vita.<\/p>\n<p>&nbsp;<\/p>\n<p>&nbsp;<\/p>\n<hr \/>\n<p>&nbsp;<\/p>\n<blockquote>\n<h3>SOCCORSO NELLA NOTTE ESCURSIONISTA PORTOGHESE<\/h3>\n<\/blockquote>\n<p><strong><a class=\"dt-pswp-item\" href=\"https:\/\/www.radiopiu.net\/wordpress\/wp-content\/uploads\/2020\/07\/salt_20200723_200143_953_resized.jpg\" data-dt-img-description=\"\" data-large_image_width=\"1182\" data-large_image_height=\"886\"><img loading=\"lazy\" decoding=\"async\" class=\"size-medium wp-image-151081 alignleft\" src=\"https:\/\/www.radiopiu.net\/wordpress\/wp-content\/uploads\/2020\/07\/salt_20200723_200143_953_resized-300x225.jpg\" alt=\"\" width=\"300\" height=\"225\" srcset=\"https:\/\/www.radiopiu.net\/wordpress\/wp-content\/uploads\/2020\/07\/salt_20200723_200143_953_resized-300x225.jpg 300w, https:\/\/www.radiopiu.net\/wordpress\/wp-content\/uploads\/2020\/07\/salt_20200723_200143_953_resized-1024x768.jpg 1024w, https:\/\/www.radiopiu.net\/wordpress\/wp-content\/uploads\/2020\/07\/salt_20200723_200143_953_resized-768x576.jpg 768w, https:\/\/www.radiopiu.net\/wordpress\/wp-content\/uploads\/2020\/07\/salt_20200723_200143_953_resized.jpg 1182w\" sizes=\"auto, (max-width: 300px) 100vw, 300px\" \/><\/a>LONGARONE<\/strong> Giovedi\u00a0 sera attorno a mezzanotte il Soccorso alpino di Longarone \u00e8 stato allertato per un escursionista portoghese in difficolt\u00e0 nel tratto dell&#8217;Alta Via numero 1 che va dal Rifugio Pramperet, dove aveva pernottato, al Pian de Fontana, dove era atteso. L&#8217;allarme lanciato dai familiari in Portogallo avvisati tramite una email, in cui il trentunenne li avvertiva di aver sbagliato sentiero e di essere bloccato da qualche parte in Val del Cristo. Due squadre del Soccorso alpino di Longarone hanno risalito la Val del Grisol, una del Soccorso alpino della Val di Zoldo ha percorso l&#8217;itinerario dal Pramperet al Pian de Fontana, una del Soccorso alpino di Belluno e Agordo ha avviato la perlustrazione dalla Muda verso la Val Clusa. I soccorritori di quest&#8217;ultima, alzatasi di 500 metri, hanno iniziato a chiamare a gran voce, finch\u00e9 verso le 3.15 \u00e8 arrivato un urlo in risposta e l&#8217;uomo \u00e8 stato individuato e raggiunto. Dopo aver sbagliato traccia, aveva iniziato a scendere dalla Val Clusa, di cui la Val del Cristo \u00e8 una laterale, aveva trovato degli schianti, era scivolato facendosi male a una caviglia e, arrivato su una scivolosa cengia con un cordino, oramai prossimo il buio si era fermato. I soccorritori lo hanno tranquillizzato e imbragato, per assicurarlo e fargli superare il punto attrezzato. Poi, una volta che l&#8217;escursionista si \u00e8 ripreso iniziando a camminare tranquillamente, con due soccorritori al suo fianco \u00e8 stato accompagnato alla Muda e da l\u00ec all&#8217;ospedale di Belluno per i controlli del caso. L&#8217;intervento si \u00e8 concluso alle 7.<\/p>\n<blockquote>\n<h3><strong>ESCURSIONISTA IN DIFFICOLT\u00c0 PER GLI SCHIANTI, 3 INTERVENTI A CORTINA<\/strong><\/h3>\n<\/blockquote>\n<p><strong>OSPITALE DI CADORE<\/strong>\u00a0 Il Soccorso alpino di Longarone \u00e8 stato allertato per un escursionista in difficolt\u00e0. Scendendo da Forcella Citta verso Davestra per prendere il sentiero numero 392, un trentunenne di Padova si era trovato ad attraversare una zona di schianti dovuti a Vaia. In contatto telefonico con lui i soccorritori hanno provato a dargli delle indicazioni, poi un squadra \u00e8 partita per andargli incontro e verificare che riuscisse a rientrare a valle.<\/p>\n<p><strong>BORCA DI CADORE\u00a0<\/strong> una squadra del Soccorso alpino di San Vito di Cadore \u00e8 stata attivata per un escursionista, che si era fatto male gi\u00e0 giovedi e si trovava al Rifugio Venezia, a Borca di Cadore. L&#8217;uomo, R.C., 57 anni, di Padova, che aveva un probabile trauma alla caviglia, \u00e8 stato raggiunto da una squadra in jeep, per essere poi trasportato al Codivilla.<\/p>\n<p><strong>CORTINA\u00a0<\/strong> Tre gli interventi.\u00a0 Una squadra del Soccorso alpino si \u00e8 portata al Rifugio Biella in fuoristrada e ha caricato a bordo una turista tedesca di 53 anni che, affaticata, non era pi\u00f9 in grado di proseguire. Accompagnata fino a Passo Cimabanche dove \u00e8 stata raggiunta dai parenti, con i quali si \u00e8 allontanata autonomamente. L&#8217;elicottero del Suem di Pieve di Cadore \u00e8 volato sulla Ferrata Strobel alla Punta Fiames, poich\u00e9, giunto sopra la scala di ferro verso la cima, un escursionista vicentino, M.T., 52 anni, di Marostica, si era sentito poco bene. Recuperato con un verricello, l&#8217;uomo \u00e8 stato portato all&#8217;ospedale di Belluno per gli accertamenti del caso.Una squadra del Soccorso alpino di Cortina si \u00e8 diretta sul sentiero numero 434 sopra il Cason de Formin, che dal Rifugio Croda da Lago scende a Rocurto, per una donna infortunatasi alla caviglia.<\/p>\n<p>&nbsp;<\/p>\n<p>&nbsp;<\/p>\n<hr \/>\n<p>&nbsp;<\/p>\n<div class=\"page-title-head hgroup\">\n<blockquote>\n<h3 class=\"entry-title\">PEDALANDO A LUCI SPENTE IN GALLERIA SPREZZANTE DEL PERICOLO<\/h3>\n<\/blockquote>\n<\/div>\n<div class=\"page-title-breadcrumbs\">\n<p><strong class=\"photoswipe-wrapper\"><img loading=\"lazy\" decoding=\"async\" class=\"size-medium wp-image-153799 alignleft jetpack-lazy-image jetpack-lazy-image--handled\" src=\"https:\/\/i0.wp.com\/www.radiopiu.net\/wordpress\/wp-content\/uploads\/2020\/08\/8a0ed376-a3bd-4bfb-9dd8-8bc595191bb1.jpg?resize=225%2C300&amp;ssl=1\" sizes=\"auto, (max-width: 225px) 100vw, 225px\" srcset=\"https:\/\/i0.wp.com\/www.radiopiu.net\/wordpress\/wp-content\/uploads\/2020\/08\/8a0ed376-a3bd-4bfb-9dd8-8bc595191bb1.jpg?resize=225%2C300&amp;ssl=1 225w, https:\/\/i0.wp.com\/www.radiopiu.net\/wordpress\/wp-content\/uploads\/2020\/08\/8a0ed376-a3bd-4bfb-9dd8-8bc595191bb1.jpg?resize=768%2C1024&amp;ssl=1 768w, https:\/\/i0.wp.com\/www.radiopiu.net\/wordpress\/wp-content\/uploads\/2020\/08\/8a0ed376-a3bd-4bfb-9dd8-8bc595191bb1.jpg?resize=1152%2C1536&amp;ssl=1 1152w, https:\/\/i0.wp.com\/www.radiopiu.net\/wordpress\/wp-content\/uploads\/2020\/08\/8a0ed376-a3bd-4bfb-9dd8-8bc595191bb1.jpg?w=1200&amp;ssl=1 1200w\" alt=\"\" width=\"225\" height=\"300\" data-recalc-dims=\"1\" data-lazy-loaded=\"1\" \/>CENCENIGHE<\/strong> Anche ieri mattina l\u2019allegro ciclista in galleria tra\u00a0 Listolade e Cencenighe<em>,\u00a0<\/em>senza alcuna luce o catarifrangente mettendo a rischio la sua di vita ma anche\u00a0 quella degli altri. Nonostante i continui appelli e i continui servizi c\u2019\u00e8 chi come questo ciclista si ostina a girare per i tunnel in barba a legge e regolamenti. L\u2019ha fatta franca non c\u2019erano controlli di Carabinieri, Vigili Urbani o Polizia e in questo caso gli autovelox servono a poco. E\u2019 vero che mancano le ciclabili,\u00a0 anche tra Listolade e Cencenighe la vecchia strada \u00e8 in frana da due anni (post Vaia) e quella accanto al tunnel sbarrata con tanto di divieto, ma la mancanza di percorsi dedicati non giustifica il buttarsi in galleria senza luci. Qualche controllo in pi\u00f9 sarebbe quanto meno doveroso, al proposito vi riproponiamo il servizio di alcuni giorni fa di Luisa Manfroi<\/p>\n<p>&nbsp;<\/p>\n<\/div>\n<div class=\"page-title-breadcrumbs\">\n<blockquote>\n<h3>CICLISTI IN GALLERIA PRIVI DI DISPOSITIVI DI ILLUMINAZIONE di Luisa Manfroi<\/h3>\n<\/blockquote>\n<p><strong><img loading=\"lazy\" decoding=\"async\" class=\"jetpack-lazy-image jetpack-lazy-image--handled alignright\" src=\"https:\/\/i1.wp.com\/www.radiopiu.net\/wordpress\/wp-content\/uploads\/2016\/07\/auto_travolge_ciclisti-H100430164134-U150954123022aG-290x271.jpg?resize=252%2C188&amp;ssl=1\" width=\"252\" height=\"188\" data-recalc-dims=\"1\" data-lazy-loaded=\"1\" \/>CENCENIGHE <\/strong>Quando si passa in galleria, \u00e8 comune trovare a percorrerla anche ciclisti in sella alle loro biciclette. Nulla di male se la bicicletta <span lang=\"it-IT\">\u00e8 dotata di <\/span>segnalazioni luminose, <span lang=\"it-IT\">poich\u00e9<\/span> l<span lang=\"it-IT\">e gallerie Listolade \u2013 Cencenighe e quella delle Anime, possono essere percorse dalla bici visto che non esistono divieti di transito per questi mezzi.<\/span> Diventa un problema e un rischio, invece, quando le bici <span lang=\"it-IT\">sono senza<\/span> segnalazione visiva. E lo \u00e8 spesso. Capita abitualmente di trovare in galleria, ciclisti il cui mezzo non \u00e8 affatto dotato <span lang=\"it-IT\">dei dispositivi necessari <\/span>per essere visti, come prescrive il Codice della strada: faro anteriore bianco o giallo, faro e catarifrangente posteriore rosso, catarifrangenti gialli sui pedali e sulle ruote o sui lati e l\u2019obbligo di indossare<span lang=\"it-IT\"> indumenti o bretelle riflettenti<\/span>. La situazione si complica quando le gallerie non sono perfettamente illuminate (come la galleria delle Anime) e <span lang=\"it-IT\">i ciclisti<\/span> si vedono all\u2019ultimo momento. <span lang=\"it-IT\">Il dato evidente \u00e8 <\/span>che in zona <span lang=\"it-IT\">mancano<\/span> piste ciclabili <span lang=\"it-IT\">che possano evitare<\/span> <span lang=\"it-IT\">ai ciclisti<\/span> di fiondarsi in galleria. Come al solito, ci sono coloro che si attengono alle norme oltre che per una questione di principio anche per salvaguardare la propria incolumit\u00e0 e quella del prossimo; altri improvvisano, con il risultato di trovars<span lang=\"it-IT\">i le bici<\/span> in galleria senza alcuna <span lang=\"it-IT\">indicazione<\/span> luminosa. Una situazione complicata specialmente nei fine settimana d\u2019estate, quando il traffico \u00e8 notoriamente pi\u00f9 alto. Al momento, in assenza di <span lang=\"it-IT\">tracciati ciclo-pedonali<\/span>, <span lang=\"it-IT\">l\u2019alternativa<\/span> \u00e8 <span lang=\"it-IT\">utilizzare <\/span>strade secondarie. Ma <span lang=\"it-IT\">pure<\/span> in questo caso la situazione non \u00e8 delle migliori. L\u2019alluvione dell\u2019autunno di due anni fa ha reso impraticabili alcune strade che potevano <span lang=\"it-IT\">costituire<\/span> una valida alternativa alla galleria. \u00c8 il caso del vecchio tratto della regionale 203 che collegava Listolade a Morbiach <span lang=\"it-IT\">rovinata <\/span>in alcuni punti dal Cordevole. S<span lang=\"it-IT\">arebbe possibile evitare la galleria percorrendo il vecchio tronco parallelo alla galleria, ma c\u2019\u00e8 il divieto di transito. Per quella delle Anime esiste il tratto dismesso della SP 346 per\u00f2, in corrispondenza dello sbocco nord della galleria, ci si trova davanti le barriere jersey e il segnale di divieto. Quali allora le soluzioni ? Ai ciclisti temerari e indisciplinati, non rimane che seguire la normativa <\/span>del Codice della strada che parla chiaro in merito all<span lang=\"it-IT\">\u2019obbligo<\/span> di dotarsi di dispositivi di segnalazione, in condizioni di non perfetta luminosit\u00e0. Un richiamo al buon senso sarebbe un contributo alla sicurezza.<\/p>\n<p>&nbsp;<\/p>\n<hr \/>\n<p>&nbsp;<\/p>\n<blockquote>\n<h2>VAL OMBRETTA, AL LAVORO PER RIAPRIRE LA STRADA: IL VIDEO DOPO LA DEVASTAZIONE DI SABATO<\/h2>\n<\/blockquote>\n<p><strong>ROCCA PIETORE<\/strong> Lavori a spron battuto per togliere dall&#8217;isolamento il Rifugio Falier e la Malga Ombretta bloccati dallo scorso sabato. Ecco i video della devastazione e il commento del sindaco Andrea De Bernardin<\/p>\n<p>&nbsp;<\/p>\n<audio class=\"wp-audio-shortcode\" id=\"audio-153777-1\" preload=\"none\" style=\"width: 100%;\" controls=\"controls\"><source type=\"audio\/mpeg\" src=\"https:\/\/www.radiopiu.net\/wordpress\/wp-content\/uploads\/2020\/08\/val-ombretta-andrea.mp3?_=1\" \/><a href=\"https:\/\/www.radiopiu.net\/wordpress\/wp-content\/uploads\/2020\/08\/val-ombretta-andrea.mp3\">https:\/\/www.radiopiu.net\/wordpress\/wp-content\/uploads\/2020\/08\/val-ombretta-andrea.mp3<\/a><\/audio>\n<p>&nbsp;<\/p>\n<div style=\"width: 640px;\" class=\"wp-video\"><video class=\"wp-video-shortcode\" id=\"video-153777-1\" width=\"640\" height=\"352\" preload=\"metadata\" controls=\"controls\"><source type=\"video\/mp4\" src=\"https:\/\/www.radiopiu.net\/wordpress\/wp-content\/uploads\/2020\/08\/WhatsApp-Video-2020-08-07-at-16.06.50.mp4?_=1\" \/><a href=\"https:\/\/www.radiopiu.net\/wordpress\/wp-content\/uploads\/2020\/08\/WhatsApp-Video-2020-08-07-at-16.06.50.mp4\">https:\/\/www.radiopiu.net\/wordpress\/wp-content\/uploads\/2020\/08\/WhatsApp-Video-2020-08-07-at-16.06.50.mp4<\/a><\/video><\/div>\n<p>&nbsp;<\/p>\n<blockquote>\n<h2><\/h2>\n<\/blockquote>\n<p>&nbsp;<\/p>\n<hr \/>\n<p>&nbsp;<\/p>\n<blockquote>\n<h3>DILLO A RADIO PIU&#8217;&#8230;IL GRAZIE DI GIOVANNA<\/h3>\n<\/blockquote>\n<p><strong><a class=\"dt-pswp-item\" href=\"https:\/\/www.radiopiu.net\/wordpress\/wp-content\/uploads\/2020\/08\/salt_20200804_162142_803_resized.jpg\" data-dt-img-description=\"\" data-large_image_width=\"1182\" data-large_image_height=\"886\"><img loading=\"lazy\" decoding=\"async\" class=\" wp-image-153277 alignleft\" src=\"https:\/\/www.radiopiu.net\/wordpress\/wp-content\/uploads\/2020\/08\/salt_20200804_162142_803_resized-300x225.jpg\" alt=\"\" width=\"233\" height=\"175\" srcset=\"https:\/\/www.radiopiu.net\/wordpress\/wp-content\/uploads\/2020\/08\/salt_20200804_162142_803_resized-300x225.jpg 300w, https:\/\/www.radiopiu.net\/wordpress\/wp-content\/uploads\/2020\/08\/salt_20200804_162142_803_resized-1024x768.jpg 1024w, https:\/\/www.radiopiu.net\/wordpress\/wp-content\/uploads\/2020\/08\/salt_20200804_162142_803_resized-768x576.jpg 768w, https:\/\/www.radiopiu.net\/wordpress\/wp-content\/uploads\/2020\/08\/salt_20200804_162142_803_resized.jpg 1182w\" sizes=\"auto, (max-width: 233px) 100vw, 233px\" \/><\/a>RADIO PIU&#8217;<\/strong> Riceviamo e volentieri pubblichiamo la lettera di Giovanna, la donna che nei giorni scorsi ha avuto l&#8217;incidente a Caracoi Agoin<\/p>\n<blockquote><p><strong>LA LETTERA<\/strong><\/p>\n<p>Sono la sopravvissuta all&#8217;incidente per il quale sono precipitata per circa 50 m dal dirupo lungo la strada per Caracoi Agoin. Non scrivo per polemizzare sull&#8217;accaduto, ma per ringraziare di cuore la persona che per prima mi ha soccorso(di cui non conosco l&#8217;identit\u00e0) facendomi uscire dall&#8217;abitacolo e cercando di sistemarmi al meglio, sporgendomi\u00a0 alcuni oggetti personali all&#8217;interno dell&#8217;auto\u00a0 mettendo a repentaglio la propria incolumit\u00e0. Inoltre ringrazio tutto il personale\u00a0 accorso (elisoccorso Suem118,equipe medica, soccorso alpino della Val Pettorina ed Alleghe, vigili del fuoco di Caprile_RoccaPietore ed Agordo,Carabinieri di Caprile) che oltre alla competenza ha dimostrato sensibilit\u00e0 e umanit\u00e0. Grazie a tutti!\u00a0 <strong>Giovanna K<\/strong><\/p><\/blockquote>\n<div dir=\"auto\"><\/div>\n<div dir=\"auto\"><\/div>\n<div dir=\"auto\">\n<hr \/>\n<\/div>\n<h3 dir=\"auto\" style=\"text-align: center;\">DILLO A RADIO PIU&#8217;&#8230; STRADA PER CARFON PROMESSE AL VENTO<\/h3>\n<\/div>\n<div dir=\"auto\"><strong>CANALE D&#8217;AGORDO\u00a0<\/strong> Riceviamo e volentieri pubblichiamo il contributo da Carfon di Canale d&#8217;Agordo di Nadia Zulian<\/div>\n<div dir=\"auto\"><\/div>\n<div class=\"page-title-breadcrumbs\">\n<div dir=\"auto\"><a class=\"dt-pswp-item\" href=\"https:\/\/www.radiopiu.net\/wordpress\/wp-content\/uploads\/2020\/08\/download-8.jpg\" data-dt-img-description=\"\" data-large_image_width=\"259\" data-large_image_height=\"194\"><img loading=\"lazy\" decoding=\"async\" class=\"wp-image-153914 alignleft\" src=\"https:\/\/www.radiopiu.net\/wordpress\/wp-content\/uploads\/2020\/08\/download-8.jpg\" alt=\"\" width=\"174\" height=\"130\" \/><\/a>Volevo porre all&#8217;attenzioen di RADIO PIU&#8217; (visto che a suo tempo si era occupata del paesino di Carfon) che a distanza di nove mesi la strada principale dopo tante promesse al vento e che a luglio doveva essere aperta ai soli frontisti in realt\u00e0 \u00e9 chiusa e passi a tuo rischio e pericolo. I corrieri vedono il divieto e tornano sui loro passi i servizi di pulizia non vengono svolti sempre x lo stesso motivo. Allora mi chiedo: se \u00e9 cos\u00ec pericolosa perch\u00e8 non chiudono la regionale 203 agordina? A me risulta che i sassi rotolano e se c&#8217;\u00e9 pericolo per noi abitanti dovrebbe essere pericoloso per la regionale stessa. I mezzi di soccorso (per esempio i pompieri) non possono salire da Gaer dove RADIO PIU ha ripreso la strada tempo fa. Se ci lamentiamo ci sentiamo criticati da chi ha tutte le comodit\u00e0 a portata di mano.\u00a0 Mi chiedo:\u00a0 i soldi investiti dalla Provincia per la messa in sicurezza della frana a che cosa sono serviti?\u00a0 <strong>Nadia Zulian<\/strong><\/div>\n<div dir=\"auto\"><\/div>\n<div dir=\"auto\"><strong> DALLA PROVINCIA<\/strong>: <em>Per quanto riguarda le competenze provinciali, \u00e8 stato fatto il lavoro di messa in sicurezza, in somma urgenza, del tratto di strada interessato da smottamento del novembre 2019. Un lavoro eseguito di concerto con Veneto Strade, utile anche per la sicurezza da eventuale caduta massi o valanghe della regionale sottostante. Per la parte sovrastante, che \u00e8 molto probabilmente la causa della mancata riapertura, la competenza non \u00e8 provinciale, in quanto trattasi di sito valanghivo.<\/em><\/div>\n<\/div>\n<div dir=\"auto\"><\/div>\n<div dir=\"auto\">\n<div dir=\"auto\"><\/div>\n<div dir=\"auto\"><strong>DAL COMUNE DI CANALE D&#8217;AGORDO, FLAVIO COLCERGNAN,<\/strong> traccia la storia della strada fino ad oggi con i lavori della Provincia. I nuovi progetti per la strada da Vallada a Gaer che diventer\u00e0 la strada principale per Carfon. Infine ecco perch\u00e9 non \u00e8 ancora aperta la strada, il Comune attende a giorni una lettera per poterla riaprire.<\/div>\n<div dir=\"auto\"><\/div>\n<div dir=\"auto\">\n<audio class=\"wp-audio-shortcode\" id=\"audio-153777-2\" preload=\"none\" style=\"width: 100%;\" controls=\"controls\"><source type=\"audio\/mpeg\" src=\"https:\/\/www.radiopiu.net\/wordpress\/wp-content\/uploads\/2020\/08\/flavio.mp3?_=2\" \/><a href=\"https:\/\/www.radiopiu.net\/wordpress\/wp-content\/uploads\/2020\/08\/flavio.mp3\">https:\/\/www.radiopiu.net\/wordpress\/wp-content\/uploads\/2020\/08\/flavio.mp3<\/a><\/audio>\n<\/div>\n<div dir=\"auto\"><\/div>\n<div dir=\"auto\"><\/div>\n<blockquote>\n<div dir=\"auto\"><\/div>\n<\/blockquote>\n<div dir=\"auto\"><\/div>\n<\/div>\n<div dir=\"auto\"><\/div>\n<div class=\"page-title-breadcrumbs\">\n<div dir=\"auto\"><\/div>\n<div dir=\"auto\">\n<hr \/>\n<\/div>\n<h3 dir=\"auto\"><\/h3>\n<p>&nbsp;<\/p>\n<blockquote><p>&nbsp;<\/p><\/blockquote>\n<h2>MURER V\/S BOTTACIN &#8220;NEANCHE UN&#8217;EURO PER L&#8217;ACQUISTO DELLE AMBULANZE&#8221; L&#8217;ACCUSA DA FALCADE. &#8220;E&#8217; UN ATTACCO FRONTALE E LA REGIONE NON E&#8217; ASSENTE&#8221; RIBATTE L&#8217;ASSESSORE GIANPAOLO BOTTACIN.<\/h2>\n<blockquote><p><strong>DAL CORRIERE DELLE ALPI GIANNI SANTOMASO<\/strong><\/p><\/blockquote>\n<audio class=\"wp-audio-shortcode\" id=\"audio-153777-3\" preload=\"none\" style=\"width: 100%;\" controls=\"controls\"><source type=\"audio\/mpeg\" src=\"https:\/\/www.radiopiu.net\/wordpress\/wp-content\/uploads\/2020\/08\/GIANNI-REGIONE.mp3?_=3\" \/><a href=\"https:\/\/www.radiopiu.net\/wordpress\/wp-content\/uploads\/2020\/08\/GIANNI-REGIONE.mp3\">https:\/\/www.radiopiu.net\/wordpress\/wp-content\/uploads\/2020\/08\/GIANNI-REGIONE.mp3<\/a><\/audio>\n<blockquote><p>&nbsp;<\/p>\n<p>&nbsp;<\/p>\n<h3 dir=\"auto\">L&#8217;ASSESSORE GIANPAOLO BOTTACIN RIBATTE ALLE ACCUSE DEL PRESIDENTE DELLA CROCE VERDE VAL BIOIS STEFANO MURER<\/h3>\n<\/blockquote>\n<\/div>\n<p dir=\"auto\"><strong><a class=\"dt-pswp-item\" href=\"https:\/\/www.radiopiu.net\/wordpress\/wp-content\/uploads\/2020\/04\/bottacin-1.jpg\" data-dt-img-description=\"\" data-large_image_width=\"640\" data-large_image_height=\"426\"><img loading=\"lazy\" decoding=\"async\" class=\" wp-image-132784 alignleft\" src=\"https:\/\/www.radiopiu.net\/wordpress\/wp-content\/uploads\/2020\/04\/bottacin-1-300x200.jpg\" alt=\"\" width=\"153\" height=\"102\" srcset=\"https:\/\/www.radiopiu.net\/wordpress\/wp-content\/uploads\/2020\/04\/bottacin-1-300x200.jpg 300w, https:\/\/www.radiopiu.net\/wordpress\/wp-content\/uploads\/2020\/04\/bottacin-1.jpg 640w\" sizes=\"auto, (max-width: 153px) 100vw, 153px\" \/><\/a>VENEZIA<\/strong> Dopo l&#8217;articolo di ieri di Gianni Santomaso prende la parole l&#8217;assessore Gianpaolo Bottacin inviando un messaggio al presidente della Croce Verde Val Biois Stefano Murer.<\/p>\n<div class=\"page-title-breadcrumbs\">\n<p>&nbsp;<\/p>\n<p>&nbsp;<\/p>\n<p><strong>L&#8217;ASSESSORE REGIONALE GIANPAOLO BOTTACIN<\/strong><\/p>\n<audio class=\"wp-audio-shortcode\" id=\"audio-153777-4\" preload=\"none\" style=\"width: 100%;\" controls=\"controls\"><source type=\"audio\/mpeg\" src=\"https:\/\/www.radiopiu.net\/wordpress\/wp-content\/uploads\/2020\/08\/BOTTACIN-CROCE-VERDE.mp3?_=4\" \/><a href=\"https:\/\/www.radiopiu.net\/wordpress\/wp-content\/uploads\/2020\/08\/BOTTACIN-CROCE-VERDE.mp3\">https:\/\/www.radiopiu.net\/wordpress\/wp-content\/uploads\/2020\/08\/BOTTACIN-CROCE-VERDE.mp3<\/a><\/audio>\n<p>&nbsp;<\/p>\n<\/div>\n<div class=\"page-title-breadcrumbs\">\n<blockquote>\n<h3 dir=\"auto\">CARO BOTTACIN NOI DALLA REGIONE NON RICEVIAMO ALCUN RIMBORSO, LA ULSS CI RIMBORSA LE SPESE PER LA BENZINA, L&#8217;ASSICURAZIONE E L&#8217;EVENTUALE USURA DEL MEZZO E NON GLI ACQUISTI DEL MEZZO<\/h3>\n<\/blockquote>\n<div dir=\"auto\"><\/div>\n<div dir=\"auto\">\n<p><strong><a class=\"dt-pswp-item\" href=\"https:\/\/www.radiopiu.net\/wordpress\/wp-content\/uploads\/2019\/03\/MURER.jpg\" data-dt-img-description=\"\" data-large_image_width=\"259\" data-large_image_height=\"194\"><img loading=\"lazy\" decoding=\"async\" class=\"wp-image-80526 alignleft\" src=\"https:\/\/www.radiopiu.net\/wordpress\/wp-content\/uploads\/2019\/03\/MURER.jpg\" alt=\"\" width=\"150\" height=\"112\" \/><\/a>FALCADE<\/strong> Il presidente della Croce Verde Val Biois Stefano Murer dopo le dichiarazioni dell&#8217;assessore Gianpaolo Bottacin spiega le sue ragioni confermando quanto gi\u00e0 riportato nell&#8217;articolo di Gianni Santomaso. &#8220;I miei rispetti all&#8217;assessore e il grazie per il suo lavoro, ma noi volontari non riceviamo nessun rimborso e le ambulanze le acquistiamo con i contributi locali e dei privati, non della Regione. La mia invettiva supera qualsiasi colore politico, da sempre chiunque sia stato al potere al volontariato ha sempre dato addotto per poi aggiungere che ci vogliono aiutare&#8221;<\/p>\n<p>&nbsp;<\/p>\n<p><strong>IL PRESIDENTE STEFANO MURER<\/strong><\/p>\n<\/div>\n<div dir=\"auto\">\n<audio class=\"wp-audio-shortcode\" id=\"audio-153777-5\" preload=\"none\" style=\"width: 100%;\" controls=\"controls\"><source type=\"audio\/mpeg\" src=\"https:\/\/www.radiopiu.net\/wordpress\/wp-content\/uploads\/2020\/08\/STEFANO2.mp3?_=5\" \/><a href=\"https:\/\/www.radiopiu.net\/wordpress\/wp-content\/uploads\/2020\/08\/STEFANO2.mp3\">https:\/\/www.radiopiu.net\/wordpress\/wp-content\/uploads\/2020\/08\/STEFANO2.mp3<\/a><\/audio>\n<\/div>\n<\/div>\n<p>&nbsp;<\/p>\n<p><strong>LA REPLICA A MURER<\/strong> <em>&#8220;Io cerco di risolvere i problemi della gente, Murer non lo so, per me \u00e8 un&#8217;uscita strumentale&#8221;<\/em><\/p>\n<audio class=\"wp-audio-shortcode\" id=\"audio-153777-6\" preload=\"none\" style=\"width: 100%;\" controls=\"controls\"><source type=\"audio\/mpeg\" src=\"https:\/\/www.radiopiu.net\/wordpress\/wp-content\/uploads\/2020\/08\/bottacin2.mp3?_=6\" \/><a href=\"https:\/\/www.radiopiu.net\/wordpress\/wp-content\/uploads\/2020\/08\/bottacin2.mp3\">https:\/\/www.radiopiu.net\/wordpress\/wp-content\/uploads\/2020\/08\/bottacin2.mp3<\/a><\/audio>\n<p>&nbsp;<\/p>\n<blockquote>\n<h3>CROCE VERDE DAL BIOIS &#8220;SENSIBILITA&#8217; DEL COMUNE, ASSENZA DELLA REGIONE&#8221; LO DICE IL PRESIDENTE STEFANO MURER<\/h3>\n<\/blockquote>\n<blockquote>\n<h2><a class=\"dt-pswp-item\" href=\"https:\/\/www.radiopiu.net\/wordpress\/wp-content\/uploads\/2020\/08\/CROCE-VERDE-VAL-BIOIS.jpg\" data-dt-img-description=\"\" data-large_image_width=\"1599\" data-large_image_height=\"1200\"><img loading=\"lazy\" decoding=\"async\" class=\"wp-image-153811 alignleft\" src=\"https:\/\/www.radiopiu.net\/wordpress\/wp-content\/uploads\/2020\/08\/CROCE-VERDE-VAL-BIOIS-300x225.jpg\" alt=\"\" width=\"147\" height=\"110\" srcset=\"https:\/\/www.radiopiu.net\/wordpress\/wp-content\/uploads\/2020\/08\/CROCE-VERDE-VAL-BIOIS-300x225.jpg 300w, https:\/\/www.radiopiu.net\/wordpress\/wp-content\/uploads\/2020\/08\/CROCE-VERDE-VAL-BIOIS-1024x768.jpg 1024w, https:\/\/www.radiopiu.net\/wordpress\/wp-content\/uploads\/2020\/08\/CROCE-VERDE-VAL-BIOIS-768x576.jpg 768w, https:\/\/www.radiopiu.net\/wordpress\/wp-content\/uploads\/2020\/08\/CROCE-VERDE-VAL-BIOIS-1536x1153.jpg 1536w, https:\/\/www.radiopiu.net\/wordpress\/wp-content\/uploads\/2020\/08\/CROCE-VERDE-VAL-BIOIS.jpg 1599w\" sizes=\"auto, (max-width: 147px) 100vw, 147px\" \/><\/a>CROCE VERDE VAL BIOIS UNA SICUREZZA PER LA VALLE<\/h2>\n<\/blockquote>\n<p><strong>di GIANNI SANTOMASO DAL CORRIERE DELLE ALPI\u00a0\u00a0<\/strong><\/p>\n<audio class=\"wp-audio-shortcode\" id=\"audio-153777-7\" preload=\"none\" style=\"width: 100%;\" controls=\"controls\"><source type=\"audio\/mpeg\" src=\"https:\/\/www.radiopiu.net\/wordpress\/wp-content\/uploads\/2020\/08\/croce-verde-gianni.mp3?_=7\" \/><a href=\"https:\/\/www.radiopiu.net\/wordpress\/wp-content\/uploads\/2020\/08\/croce-verde-gianni.mp3\">https:\/\/www.radiopiu.net\/wordpress\/wp-content\/uploads\/2020\/08\/croce-verde-gianni.mp3<\/a><\/audio>\n<p>&nbsp;<\/p>\n<div class=\"page-title-breadcrumbs\">\n<blockquote>\n<h3 dir=\"auto\">\u00a0DILLO A RADIO PIU&#8217;, DA FALCADE SUSY DAN<\/h3>\n<\/blockquote>\n<div dir=\"auto\"><em>Dopo aver seguito lo \u201cscambio\u201d tra l\u2019Assessore Bottacin e il Presidente della Croce Verde Val Biois Stefano Murer, voglio esprimere a quest\u2019ultimo tutta la mia solidariet\u00e0 ed apprezzamento. Tra le tante discutibili e confutabili affermazioni di Bottacin ne trovo una davvero vergognosa, profondamente ingiusta e umanamente inaccettabile. Bottacin dice che lui pensa a risolvere i problemi dei cittadini, \u201cMurer non so. Non so cosa fa\u201d. Un\u2019affermazione che non solo offende e disconosce lo straordinario impegno di Murer nella Croce Verde ma offende anche tutti noi volontari e dimostra chiaramente il valore che attribuisce al nostro lavoro: ZERO. <\/em><br \/>\n<strong><em>Susy Dan\u00a0<\/em><\/strong><\/div>\n<div dir=\"auto\"><\/div>\n<div dir=\"auto\"><\/div>\n<blockquote>\n<div dir=\"auto\"><\/div>\n<\/blockquote>\n<div dir=\"auto\"><\/div>\n<div dir=\"auto\">\n<hr \/>\n<\/div>\n<blockquote>\n<h3><\/h3>\n<\/blockquote>\n<h3><\/h3>\n<h3>TRASPORTO PUBBLICO LOCALE, LA PROVINCIA RIBADISCE L&#8217;ASSOLUTA SICUREZZA DEI MEZZI<\/h3>\n<p><strong><a class=\"dt-pswp-item\" href=\"https:\/\/www.radiopiu.net\/wordpress\/wp-content\/uploads\/2020\/06\/80c303ed-9a2e-49f0-8b20-3dd5e061bbf3.jpg\" data-dt-img-description=\"\" data-large_image_width=\"1280\" data-large_image_height=\"960\"><img loading=\"lazy\" decoding=\"async\" class=\"wp-image-145520 alignleft\" src=\"https:\/\/www.radiopiu.net\/wordpress\/wp-content\/uploads\/2020\/06\/80c303ed-9a2e-49f0-8b20-3dd5e061bbf3-300x225.jpg\" alt=\"\" width=\"183\" height=\"137\" srcset=\"https:\/\/www.radiopiu.net\/wordpress\/wp-content\/uploads\/2020\/06\/80c303ed-9a2e-49f0-8b20-3dd5e061bbf3-300x225.jpg 300w, https:\/\/www.radiopiu.net\/wordpress\/wp-content\/uploads\/2020\/06\/80c303ed-9a2e-49f0-8b20-3dd5e061bbf3-1024x768.jpg 1024w, https:\/\/www.radiopiu.net\/wordpress\/wp-content\/uploads\/2020\/06\/80c303ed-9a2e-49f0-8b20-3dd5e061bbf3-768x576.jpg 768w, https:\/\/www.radiopiu.net\/wordpress\/wp-content\/uploads\/2020\/06\/80c303ed-9a2e-49f0-8b20-3dd5e061bbf3.jpg 1280w\" sizes=\"auto, (max-width: 183px) 100vw, 183px\" \/><\/a>BELLUNO<\/strong> <em>\u00abI mezzi del trasporto pubblico in provincia di Belluno sono assolutamente sicuri. Possono essere tranquillamente usati dai residenti e anche dai turisti\u00bb.<\/em> \u00c8 quanto afferma il consigliere provinciale delegato alla mobilit\u00e0 e ai trasporti, in risposta all\u2019invito avanzato da alcuni virologi, di evitare i pullman. Quanto alla crisi del sistema del tpl\u00a0 il consigliere provinciale Dario Scopel ribadisce la necessit\u00e0 di risorse straordinarie.<em> &#8220;Il governo deve disporre un\u2019iniezione di liquidit\u00e0 per tutto il settore, che altrimenti rischia di non ripartire come era prima del Covid&#8221;.\u00a0<\/em><\/p>\n<p><strong>AI MICROFONI DI RADIO PIU&#8217; DARIO SCOPEL<\/strong><\/p>\n<audio class=\"wp-audio-shortcode\" id=\"audio-153777-8\" preload=\"none\" style=\"width: 100%;\" controls=\"controls\"><source type=\"audio\/mpeg\" src=\"https:\/\/www.radiopiu.net\/wordpress\/wp-content\/uploads\/2020\/08\/SCOPEL.mp3?_=8\" \/><a href=\"https:\/\/www.radiopiu.net\/wordpress\/wp-content\/uploads\/2020\/08\/SCOPEL.mp3\">https:\/\/www.radiopiu.net\/wordpress\/wp-content\/uploads\/2020\/08\/SCOPEL.mp3<\/a><\/audio>\n<p>&nbsp;<\/p>\n<hr \/>\n<p>&nbsp;<\/p>\n<blockquote>\n<h2 style=\"text-align: left;\">NEL CONSIGLIO COMUNALE LA SISTEMAZIONE DI 4 QUATTRO STRADE COMUNALI, POI LA PROTESTA DEL PAESE PER L&#8217;ANTENNA WIND<\/h2>\n<\/blockquote>\n<p><strong>\u00a0RIVAMONTE<\/strong><\/p>\n<p><strong>DI GIANNI SANTOMASO\u00a0<\/strong><\/p>\n<audio class=\"wp-audio-shortcode\" id=\"audio-153777-9\" preload=\"none\" style=\"width: 100%;\" controls=\"controls\"><source type=\"audio\/mpeg\" src=\"https:\/\/www.radiopiu.net\/wordpress\/wp-content\/uploads\/2020\/08\/GIANNI-RIVAMONTE.mp3?_=9\" \/><a href=\"https:\/\/www.radiopiu.net\/wordpress\/wp-content\/uploads\/2020\/08\/GIANNI-RIVAMONTE.mp3\">https:\/\/www.radiopiu.net\/wordpress\/wp-content\/uploads\/2020\/08\/GIANNI-RIVAMONTE.mp3<\/a><\/audio>\n<p>&nbsp;<\/p>\n<p><strong>LA DIRETTA FACEBOOK DI RADIO PIU<\/strong><\/p>\n<p>CONSIGLIO COMUNALE DI RIVAMONTE IL COMUNE DI RIVAMONTE ACCETTA SUPINAMENTE I DETTAMI DI WIND CHE NON SPENDE QUALCHE MIGLIAIA DI EURO IN PIU&#8217; PER SPOSTARE I TRALICCI OLTRE LE ABITAZIONI. MARTEDI NUOVO INCONTRO<\/p>\n<p>https:\/\/www.facebook.com\/Mirkomezziano\/videos\/2740539009562201\/<\/p>\n<hr \/>\n<\/div>\n<blockquote>\n<h3><\/h3>\n<h3>\u00a0MONTAGNA IN RETE: SU BANDA ULTRALARGA, TV E TELEFONIA MOBILE, PATTO ENTI LOCALI E IMPRESE PER VINCERE IL DIGITAL DIVIDE. LE ANALISI E LE PROPOSTE NEL DOSSIER UNCEM<\/h3>\n<\/blockquote>\n<p><strong><a class=\"dt-pswp-item\" href=\"https:\/\/www.radiopiu.net\/wordpress\/wp-content\/uploads\/2020\/04\/UNCEM.jpg\" data-dt-img-description=\"\" data-large_image_width=\"500\" data-large_image_height=\"500\"><img loading=\"lazy\" decoding=\"async\" class=\"size-medium wp-image-133399 alignleft\" src=\"https:\/\/www.radiopiu.net\/wordpress\/wp-content\/uploads\/2020\/04\/UNCEM-300x300.jpg\" alt=\"\" width=\"300\" height=\"300\" srcset=\"https:\/\/www.radiopiu.net\/wordpress\/wp-content\/uploads\/2020\/04\/UNCEM-300x300.jpg 300w, https:\/\/www.radiopiu.net\/wordpress\/wp-content\/uploads\/2020\/04\/UNCEM-150x150.jpg 150w, https:\/\/www.radiopiu.net\/wordpress\/wp-content\/uploads\/2020\/04\/UNCEM.jpg 500w\" sizes=\"auto, (max-width: 300px) 100vw, 300px\" \/><\/a>ROMA<\/strong> Occorre un\u00a0patto nuovo tra imprese delle telecomunicazioni ed Enti locali per vincere il digital divide. Non senza uno\u00a0Stato che investe per colmare le sperequazioni territoriali. \u00c8 quanto emerge dal dossier Uncem &#8220;La Montagna in rete&#8221; presentato da Uncem, Consorzio Caire, Fondazione Montagne Italia. Duecento pagine di analisi, numeri, proposte, dati e documenti che ripercorrono due anni di impegno (e i precedenti due decenni) dell&#8217;Unione dei Comuni, degli Enti e delle Comunit\u00e0 montane per vincere il divario digitale, vera emergenza per Alpi e Appennini. Alla presentazione \u00e8 intervenuta il Ministro per la Digitalizzazione Paola Pisano che ha ribadito l&#8217;importanza dell&#8217;accordo sottoscritto dal suo Ministero con Uncem, due settimane fa agli Stati della Montagna a Roccaraso, per\u00a0affrontare le necessit\u00e0 dell&#8217;infrastrutturazione tecnologica dei territori e parallelamente portare nuovi servizi alle comunit\u00e0, alle imprese, alla Pubblica Amministrazione. &#8220;<em>Otto mesi fa abbiamo spiegato alle Istituzioni che il divario digitale non \u00e8 fatto in Italia solo di internet che va a bassa velocit\u00e0 perch\u00e9 il piano banda ultralarga \u00e8 in ritardo di due anni &#8211; evidenzia Marco Bussone, Presidente nazionale Uncem &#8211; Abbiamo evidenziato che quasi\u00a05 milioni di italiani non vedono i canali Rai\u00a0e poi di conseguenza abbiamo fatto un\u00a0patto con l&#8217;azienda del servizio pubblico televisivo\u00a0per sperimentare nuovi strumenti tecnologici sui territori. E la sperimentazione parte da Vernante, con i vertici Rai in prima fila&#8221;. &#8220;Abbiamo evidenziato, numeri alla mano, che\u00a01200 Comuni in Italia registrano problemi con uno o pi\u00f9 operatori di telefonia mobile. Non siamo stati fermi. Ci siamo seduti al tavolo con le Telco, con Asstel e Anfov, abbiamo ottenuto 1,5milioni di euro per nuovi tralicci dalla legge di bilancio, abbiamo chiesto a Inwit e agli operatori di investire. Sta avvenendo, anche verso il 5G per il quale non possiamo lasciare i Sindaci da soli. Ancora, sul Piano banda ultralarga, le interlocuzioni con Open Fiber e Infratel, in particolare con l&#8217;ad Marco Bellezza che ringrazio, hanno portato a un&#8217;accelerazione della BUL\u00a0e ora aspettiamo si definisca cosa fare rispetto alla rete unica. Di certo, grazie a Eolo e ad altri operatori FWA, nel lockdown abbiamo avuto collegamenti wireless decisivi, importanti per colmare sperequazioni. Senza l&#8217;FWA la situazione sarebbe stata gravissima. Occorre fare di pi\u00f9 e\u00a0agire sui servizi. Lavoro a distanza certamente, con la montagna che si ricolloca sul &#8216;mercato&#8217;, possiamo dire. E poi telemedicina e teleassistenza, ma anche &#8216;internet delle cose&#8217;, ad esempio per gestioni forestali 4.0 come per l&#8217;agricoltura in pianura, servizi smart per la pubblica amministrazione, Comuni piccoli montani collegati tra loro, senza barriere.\u00a0Si vince uniti, grazie alle Montagne in rete. E l&#8217;Agenda digitale Montagna, anche grazie a questo lavoro entrer\u00e0 nel Recovery Fund, sar\u00e0 asse portante insieme al\u00a0green, anche della nuova programmazione<\/em>&#8220;.<\/p>\n<p>&nbsp;<\/p>\n<hr \/>\n<p>&nbsp;<\/p>\n<blockquote>\n<h3><span style=\"font-size: x-large;\"><b>Bus operator in difficolt\u00e0, Confartigianato scrive ai sindaci e chiede un appoggio<\/b><\/span><\/h3>\n<h3><span style=\"font-size: large;\"><u>Scarzanella: \u00abIl settore \u00e8 fermo dal 24 febbraio. Situazione drammatica\u00bb<\/u><\/span><\/h3>\n<\/blockquote>\n<p><a class=\"dt-pswp-item\" href=\"https:\/\/www.radiopiu.net\/wordpress\/wp-content\/uploads\/2018\/03\/Autobus.jpg\" data-dt-img-description=\"\" data-large_image_width=\"424\" data-large_image_height=\"283\"><img loading=\"lazy\" decoding=\"async\" class=\"size-medium wp-image-45488 alignleft\" src=\"https:\/\/www.radiopiu.net\/wordpress\/wp-content\/uploads\/2018\/03\/Autobus-300x200.jpg\" alt=\"\" width=\"300\" height=\"200\" srcset=\"https:\/\/www.radiopiu.net\/wordpress\/wp-content\/uploads\/2018\/03\/Autobus-300x200.jpg 300w, https:\/\/www.radiopiu.net\/wordpress\/wp-content\/uploads\/2018\/03\/Autobus.jpg 424w\" sizes=\"auto, (max-width: 300px) 100vw, 300px\" \/><\/a>La situazione dei bus operator \u00e8 drammatica. Attivit\u00e0 ferme dal 24 febbraio e mai ripartite. E Confartigianato scrive ai Comuni bellunesi per cercare una sponda amica. <em>\u00abChiediamo ai sindaci che aderiscano alla proposta di Anci Veneto di sostegno alle attivit\u00e0 di trasporto scolastico avanzata il 6 agosto, riconoscendo un importo pari al 40% del corrispettivo che sarebbe spettato alle aziende sulla base dei contratti in essere &#8211; spiega la presidente, Claudia Scarzanella -. Chiediamo inoltre di tenere in considerazione, per l\u2019auspicata ripartenza del trasporto scolastico a settembre, la possibilit\u00e0 di dare la priorit\u00e0 alle ditte locali, che rappresentano un importante presidio del territorio e una garanzia di qualit\u00e0 del servizio\u00bb. <\/em>La lettera inviata a tutti i sindaci della provincia mette in fila alcune questioni particolarmente pressanti. E scatta la fotografia della situazione attuale del settore che riguarda noleggio pullman, servizio scolastico e tutte le altre componenti del trasporto privato. <em>\u00abI bus operator sono stati i primi a fermarsi per la pandemia da Covid e gli ultimi a ripartire. Ammesso e non concesso che riescano a riprendere il lavoro\u00bb scrive la presidente Scarzanella. \u00abL\u2019attivit\u00e0 \u00e8 ferma dal 24 febbraio Ogni commessa \u00e8 stata annullata e la categoria non ha ricevuto finora nessun aiuto, a parte il bonus, una tantum, di 600 euro. Nel frattempo, per\u00f2, ci sono tutti i costi di usura dei mezzi fermi (cambio batteria, ovalizzazione pneumatici\u2026). I dipendenti sono in cassa integrazione e molti hanno ricevuto solo la mensilit\u00e0 di marzo. Inevitabile quindi che si stiano guardando intorno, per cercare altri lavori. Questo significa che, nella migliore delle ipotesi, quando finalmente riprender\u00e0 l\u2019attivit\u00e0, non ci saranno pi\u00f9 imprese di bus operator in grado di garantire il servizio nella nostra provincia\u00bb. <\/em>Se questo \u00e8 il quadro, la richiesta rivolta ai sindaci \u00e8 chiara: spingere all\u2019adesione della proposta dell\u2019Anci (Associazione nazionale Comuni italiani) per ottenere la percentuale relativa ai mesi non lavorati, ma anche agire sugli appalti del trasporto scolastico dei prossimi mesi, con un occhio di riguardo alle imprese locali.<em> \u00abChiediamo ci\u00f2 anche per evitare che il disagio di queste imprese si traduca in tensione sociale &#8211; conclude la presidente di Confartigianato Belluno -. E per provare a garantire un futuro al nostro territorio, sempre pi\u00f9 vittima dello spopolamento e del depauperamento imprenditoriale\u00bb.\u00a0<\/em><\/p>\n<h3><\/h3>\n<hr \/>\n<p>&nbsp;<\/p>\n<blockquote>\n<h2>NUOVA INTESA PER I FONDI DEI COMUNI CONFINANTI, LA PRESENTAZIONE AI SINDACI<\/h2>\n<\/blockquote>\n<p><strong><a class=\"dt-pswp-item\" href=\"https:\/\/www.radiopiu.net\/wordpress\/wp-content\/uploads\/2020\/08\/fcc_comuni.jpeg\" data-dt-img-description=\"\" data-large_image_width=\"1600\" data-large_image_height=\"1200\"><img loading=\"lazy\" decoding=\"async\" class=\" wp-image-153930 alignleft\" src=\"https:\/\/www.radiopiu.net\/wordpress\/wp-content\/uploads\/2020\/08\/fcc_comuni-300x225.jpeg\" alt=\"\" width=\"251\" height=\"188\" srcset=\"https:\/\/www.radiopiu.net\/wordpress\/wp-content\/uploads\/2020\/08\/fcc_comuni-300x225.jpeg 300w, https:\/\/www.radiopiu.net\/wordpress\/wp-content\/uploads\/2020\/08\/fcc_comuni-1024x768.jpeg 1024w, https:\/\/www.radiopiu.net\/wordpress\/wp-content\/uploads\/2020\/08\/fcc_comuni-768x576.jpeg 768w, https:\/\/www.radiopiu.net\/wordpress\/wp-content\/uploads\/2020\/08\/fcc_comuni-1536x1152.jpeg 1536w, https:\/\/www.radiopiu.net\/wordpress\/wp-content\/uploads\/2020\/08\/fcc_comuni.jpeg 1600w\" sizes=\"auto, (max-width: 251px) 100vw, 251px\" \/><\/a>BELLUNO\u00a0<\/strong> Il Comitato paritetico per la gestione dell\u2019Intesa sui fondi di confine ha incontrato oggi a Belluno i sindaci dei Comuni di prima e seconda fascia, una trentina in tutto. Il presidente del Comitato, <strong>Roger De Menech<\/strong>, ha illustrato agli amministratori le novit\u00e0 della nuova intesa sottoscritta l\u201911 giugno scorso ed entrata in vigore il 26 giugno che assegna le risorse per il periodo 2019-2023. Ferme restando le erogazioni annuali di 500 mila euro per ciascun comune, la nuova intesa prevede la distribuzione delle risorse sui progetti di area vasta. Di tutti i finanziamenti destinati alle due regioni, Veneto e Lombardia, al Bellunese viene destinato il 48 per cento pari a 26,5 milioni di euro. <em>\u00abPuntiamo sui progetti di area vasta per fermare lo spopolamento\u00bb, ha detto De Menech, \u00abmantenendo il clima costruttivo con i sindaci, pronti a collaborare anche superando il concetto di prima e seconda fascia\u00bb. <\/em>Nel corso dell\u2019incontro \u00e8 stata presentata anche la delibera Covid, con cui \u00e8 destinato a interventi per l\u2019emergenza sanitaria il 30 per cento delle risorse 2019, pari a 8,6 milioni di euro per il Bellunese. La scadenza per presentare i relativi progetti \u00e8 il 31 ottobre.<em>\u00abNon hanno potuto partecipare alla riunione a causa di precedenti impegni il presidente della Provincia <strong>Roberto Padrin<\/strong> e l\u2019assessore regionale <strong>Federico Caner<\/strong>\u00bb, ha ricordato De Menech. Per la Provincia \u00e8 intervenuto il consigliere delegato e sindaco di Feltre Paolo Perenzin che ha sottolineato come la nuova intesa concede risorse per meglio organizzare gli uffici dedicati dell\u2019ente provincia. <\/em><em>\u00abTra tutti i soggetti coinvolti, Comuni, Provincia e Regione l\u2019intesa \u00e8 solida\u00bb, conclude De Menech, \u00abcos\u00ec come la condivisione dell\u2019obiettivo di coinvolgere l\u2019intero territorio provinciale nella definizione delle strategie per l\u2019utilizzo delle risorse. Per aiutare la montagna e contrastare lo spopolamento non sar\u00e0 possibile fare da soli. Nessuno si salva da solo, anche per questo vediamo la necessit\u00e0 di integrare le differenti fonti di finanziamento destinate al territorio\u00bb.\u00a0<\/em>Dopo l\u2019incontro con Belluno, luned\u00ec 10 agosto il presidente presenter\u00e0 la nuova intesa alle province di Vicenza e di Verona<\/p>\n<p>&nbsp;<\/p>\n<div style=\"width: 848px;\" class=\"wp-video\"><video class=\"wp-video-shortcode\" id=\"video-153777-2\" width=\"848\" height=\"480\" preload=\"metadata\" controls=\"controls\"><source type=\"video\/mp4\" src=\"https:\/\/www.radiopiu.net\/wordpress\/wp-content\/uploads\/2020\/08\/WhatsApp-Video-2020-08-07-at-18.18.34.mp4?_=2\" \/><a href=\"https:\/\/www.radiopiu.net\/wordpress\/wp-content\/uploads\/2020\/08\/WhatsApp-Video-2020-08-07-at-18.18.34.mp4\">https:\/\/www.radiopiu.net\/wordpress\/wp-content\/uploads\/2020\/08\/WhatsApp-Video-2020-08-07-at-18.18.34.mp4<\/a><\/video><\/div>\n<hr \/>\n<p>&nbsp;<\/p>\n<div class=\"page-title-head hgroup\">\n<blockquote>\n<h3 class=\"entry-title\">TREVISO EMERGENZA FOCOLAI COVID. PRONTO IL NUOVO PIANO SANITA\u2019 PUBBLICA. LA CONFERENZA STAMPA DI ZAIA<\/h3>\n<\/blockquote>\n<\/div>\n<div class=\"page-title-breadcrumbs\">\n<p><strong>I NUMERI\u00a0<\/strong> Il 18 maggio 18.950 positivi, oggi a distanza di 90 giorni sono\u00a0 20.135. Positivi attuali 164,\u00a0 in isolamento 5.212 contro i 3.870 di maggio. I ricoverati a maggio erano 541 e oggi sono 111 in costante calo (80 sono negativi). In terapia intensiva\u00a0 9 persone, il 18 maggio erano 51. I morti dall&#8217;inizio pandemia sono 2078 (1803 il 18 maggio). I focolai sono sotto controllo in presenza del\u00a0 nuovo fenomeno dei positivi asintomatici, nel focolaio di Treviso ad esempio la quasi totalit\u00e0 \u00e8 asintomatica.<\/p>\n<p><strong>PIANO SANITA&#8217; PUBBLICA, I pilasti del piano: <\/strong>prevenzione, capacit\u00e0 diagnostica, assistenza territoriale, 118 e pronto soccorso, assistenza ospedaliera, i servizi informativi regionali. Rafforzamento dei 13 Covid Hospital, investimenti per 81milioni e 900mila euro, le terapie intensive passeranno da 494 (quelle di base, e 44 sono private convenzionate) a 840. Le semiintensive da 85 a 663, le infettive da 165 a 1085. Le semiintensive potranno diventare intensive, si tratta di 1016 posti. Acquistata attrezzatura per i laboratori di microbiologia. Titolati sono 32mila tamponi al giorno. Forte spinta per la \u00a0diagnostica e\u00a0 diagnostica rapida per la stagione che verr\u00e0: dove la Regione prevede avremo un&#8217;emergenza garantita, quella dell&#8217;influenza che dovr\u00e0 essere testata. Infermiere di famiglia: saranno 8 ogni 50mila assistiti (uno ogni 4 medici di base), la figura \u00e8 stata introdotta nel nuovo piano. Il sistema di bioserveglianza verr\u00e0 implementato sempre di pi\u00f9 come quello dei contatti di chi risulti contagiato. Il progetto informatico dar\u00e0 la mappa del Veneto con la situazione aggiornata in tempo reale.<\/p>\n<p><strong>ECCO IL PIANO EMERGENZA COVID, FASE 4\u00a0<\/strong><\/p>\n<p><a href=\"https:\/\/www.radiopiu.net\/wordpress\/wp-content\/uploads\/2020\/08\/Piano-Emergenza-COVID-19-Fase-4-autunno-2020-def.docx\">Piano Emergenza COVID-19 &#8211; Fase 4 (autunno 2020) def\u00a0<\/a><\/p>\n<p>&nbsp;<\/p>\n<p>https:\/\/www.facebook.com\/zaiaufficiale\/videos\/220917739219493\/<\/p>\n<p>&nbsp;<\/p>\n<hr \/>\n<p>&nbsp;<\/p>\n<div class=\"page-title title-left solid-bg breadcrumbs-mobile-off page-title-responsive-enabled\">\n<div class=\"wf-wrap\">\n<div class=\"page-title-head hgroup\">\n<blockquote>\n<h3 class=\"entry-title\">IN 24 ORE SCOPERTI 197 POSITIVI, GLI ATTUALMENTE POSITIVI IN FORTE AUMENTO +150<\/h3>\n<\/blockquote>\n<\/div>\n<div class=\"page-title-breadcrumbs\">di Mirko Mezzacasa<\/div>\n<div><\/div>\n<div>Era dallo scorso maggio che non si registravano tanti casi di positivit\u00e0 come ieri: 552 e i focolai attivi, secondo gli scienziati sotto controllo sono 834. In Veneto 197 positivi in 24 ore, si tratta dei migranti della caserma Serena di Treviso ma anche di persone rientrate dall&#8217;estero\u00a0 dopo un periodo di vacanza. Sono 11 gli indici regionali oltre la soglia di allarme in Veneto si attesta a 1,28.<\/div>\n<\/div>\n<\/div>\n<div id=\"main\" class=\"sidebar-right sidebar-divider-vertical\">\n<div id=\"eadv-anchor-84v0s3o0hl1596827972522\">\n<div id=\"eadv-container-slot-billboard\">\n<div id=\"eadv-frame-slot-billboard\" data-sticky-class=\"eadv-sticky-ib\">\n<div id=\"eadv-slot-billboard\" data-google-query-id=\"CKbemODniesCFRO9dwodKxQG9g\">\n<div id=\"google_ads_iframe_\/335695999\/(s_19047)(IAB12)(u_1)_0__container__\"><\/div>\n<\/div>\n<\/div>\n<\/div>\n<\/div>\n<div class=\"wf-wrap\">\n<div class=\"wf-container-main\">\n<div id=\"content\" class=\"content\" role=\"main\">\n<article id=\"post-152876\" class=\"post-152876 post type-post status-publish format-standard has-post-thumbnail category-news-18 category-49 description-off\">\n<div class=\"entry-content\">\n<p><strong>ISOLAMENTI DOMICILIARI:\u00a0<\/strong>VENETO 5212 (+1052 \u2013 68 CON SINTOMI), PADOVA 881 (+247 \u2013 2), BELLUNO 206 (-23 \u2013 15), ROVIGO 307 (+28 \u2013 8), TREVISO 1129 (+196 \u2013 8), VENEZIA 709 (+135 \u2013 14), VERONA 1187 (+336 \u2013 17), VICENZA 660 (+133 \u2013 4)<\/p>\n<h2>NELLE ULTIME 24 ORE<\/h2>\n<p><strong>I NUMERI\u00a0 IN VENETO:<\/strong> TOTALE POSITIVI\u00a0 20568\u00a0 \u00a0 (+197)\u00a0 ATTUALMENTE POSITIVI 1225\u00a0 \u00a0 (+150)\u00a0 DECESSI\u00a0 2083\u00a0 (+5) NEGATIVIZZATI\u00a0 17160 (-42) RICOVERATI\u00a0 108 (-4 \u201329 POSITIVI 79\u00a0 NEGATIVIZZATI), NEGLI OSPEDALI DI COMUNITA\u2019 RICOVERATI 16 (-1 \u2013 6 POSITIVI,\u00a0 10 NEGATIVIZZATI), IN TERAPIA INTENSIVA 7 (-2 \u2013 5POSITIVI, \u00a02 NEGATIVIZZATI). DIMESSI 3766 (+7) NEGLI OSPEDALI AREA NON CRITICA 330 (+3) \u00a0<strong>I NUMERI IN PROVINCIA:<\/strong>\u00a0TOTALE CONTAGI 1212 (0) , ATTUALMENTE POSITIVI 13 (+1) , DECEDUTI 113 (0), NEGATIVIZZATI 1086\u00a0 (-1) RICOVERATI IN OSPEDALE AL SAN MARTINO 0<\/p>\n<\/div>\n<\/article>\n<\/div>\n<\/div>\n<\/div>\n<\/div>\n<p>&nbsp;<\/p>\n<p><a class=\"dt-pswp-item\" href=\"https:\/\/www.radiopiu.net\/wordpress\/wp-content\/uploads\/2020\/08\/32638599-a5c3-4e0d-8f8d-f27ad4f35eba.jpg\" data-dt-img-description=\"\" data-large_image_width=\"480\" data-large_image_height=\"654\"><img loading=\"lazy\" decoding=\"async\" class=\"alignnone size-medium wp-image-153950\" src=\"https:\/\/www.radiopiu.net\/wordpress\/wp-content\/uploads\/2020\/08\/32638599-a5c3-4e0d-8f8d-f27ad4f35eba-220x300.jpg\" alt=\"\" width=\"220\" height=\"300\" srcset=\"https:\/\/www.radiopiu.net\/wordpress\/wp-content\/uploads\/2020\/08\/32638599-a5c3-4e0d-8f8d-f27ad4f35eba-220x300.jpg 220w, https:\/\/www.radiopiu.net\/wordpress\/wp-content\/uploads\/2020\/08\/32638599-a5c3-4e0d-8f8d-f27ad4f35eba.jpg 480w\" sizes=\"auto, (max-width: 220px) 100vw, 220px\" \/><\/a><a class=\"dt-pswp-item\" href=\"https:\/\/www.radiopiu.net\/wordpress\/wp-content\/uploads\/2020\/08\/ad18dd52-64fc-42e7-bd75-2c655135ad7a.jpg\" data-dt-img-description=\"\" data-large_image_width=\"480\" data-large_image_height=\"335\"><img loading=\"lazy\" decoding=\"async\" class=\"alignnone wp-image-153949\" src=\"https:\/\/www.radiopiu.net\/wordpress\/wp-content\/uploads\/2020\/08\/ad18dd52-64fc-42e7-bd75-2c655135ad7a-300x209.jpg\" alt=\"\" width=\"431\" height=\"300\" srcset=\"https:\/\/www.radiopiu.net\/wordpress\/wp-content\/uploads\/2020\/08\/ad18dd52-64fc-42e7-bd75-2c655135ad7a-300x209.jpg 300w, https:\/\/www.radiopiu.net\/wordpress\/wp-content\/uploads\/2020\/08\/ad18dd52-64fc-42e7-bd75-2c655135ad7a.jpg 480w\" sizes=\"auto, (max-width: 431px) 100vw, 431px\" \/><\/a><\/p>\n<\/div>\n<p>&nbsp;<\/p>\n<hr \/>\n<p>&nbsp;<\/p>\n<p>&nbsp;<\/p>\n<p>&nbsp;<\/p>\n<blockquote class=\"wp-embedded-content\" data-secret=\"5t6H5XU86t\"><p><a href=\"https:\/\/www.radiopiu.net\/wordpress\/07-agosto\/\">CORONAVIRUS: AGGIORNAMENTO NAZIONALE 07 AGOSTO<\/a><\/p><\/blockquote>\n<p><iframe loading=\"lazy\" class=\"wp-embedded-content\" sandbox=\"allow-scripts\" security=\"restricted\" style=\"position: absolute; clip: rect(1px, 1px, 1px, 1px);\" title=\"&#8220;CORONAVIRUS: AGGIORNAMENTO NAZIONALE 07 AGOSTO&#8221; &#8212; Radio Pi\u00f9\" src=\"https:\/\/www.radiopiu.net\/wordpress\/07-agosto\/embed\/#?secret=5t6H5XU86t\" data-secret=\"5t6H5XU86t\" width=\"600\" height=\"338\" frameborder=\"0\" marginwidth=\"0\" marginheight=\"0\" scrolling=\"no\"><\/iframe><\/p>\n<p>&nbsp;<\/p>\n<p>&nbsp;<\/p>\n<blockquote class=\"wp-embedded-content\" data-secret=\"3cfzl7CV8g\"><p><a href=\"https:\/\/www.radiopiu.net\/wordpress\/07-agosto-2\/\">IN 24 ORE SCOPERTI 244 POSITIVI, GLI ATTUALMENTE POSITIVI IN FORTE AUMENTO +250 E 10 PERSONE IN PIU&#8217; IN OSPEDALE<\/a><\/p><\/blockquote>\n<p><iframe loading=\"lazy\" class=\"wp-embedded-content\" sandbox=\"allow-scripts\" security=\"restricted\" style=\"position: absolute; clip: rect(1px, 1px, 1px, 1px);\" title=\"&#8220;IN 24 ORE SCOPERTI 244 POSITIVI, GLI ATTUALMENTE POSITIVI IN FORTE AUMENTO +250 E 10 PERSONE IN PIU&#8217; IN OSPEDALE&#8221; &#8212; Radio Pi\u00f9\" src=\"https:\/\/www.radiopiu.net\/wordpress\/07-agosto-2\/embed\/#?secret=3cfzl7CV8g\" data-secret=\"3cfzl7CV8g\" width=\"600\" height=\"338\" frameborder=\"0\" marginwidth=\"0\" marginheight=\"0\" scrolling=\"no\"><\/iframe><\/p>\n<p>&nbsp;<\/p>\n<hr \/>\n<p>&nbsp;<\/p>\n<p><b>FUTURO DEL NEVEG\u00c0L \u2013 BERTON: \u201cBENE L\u2019INIZIATIVA PRIVATA MA ANCHE IL PUBBLICO DEVE FARE LA SUA PARTE CON MENO BUROCRAZIA\u201d<\/b><\/p>\n<p><strong><a class=\"dt-pswp-item\" href=\"https:\/\/www.radiopiu.net\/wordpress\/wp-content\/uploads\/2020\/01\/Lorraine_Berton.jpg\" data-dt-img-description=\"\" data-large_image_width=\"767\" data-large_image_height=\"768\"><img loading=\"lazy\" decoding=\"async\" class=\" wp-image-112912 alignleft\" src=\"https:\/\/www.radiopiu.net\/wordpress\/wp-content\/uploads\/2020\/01\/Lorraine_Berton-300x300.jpg\" alt=\"\" width=\"227\" height=\"227\" srcset=\"https:\/\/www.radiopiu.net\/wordpress\/wp-content\/uploads\/2020\/01\/Lorraine_Berton-300x300.jpg 300w, https:\/\/www.radiopiu.net\/wordpress\/wp-content\/uploads\/2020\/01\/Lorraine_Berton-150x150.jpg 150w, https:\/\/www.radiopiu.net\/wordpress\/wp-content\/uploads\/2020\/01\/Lorraine_Berton.jpg 767w\" sizes=\"auto, (max-width: 227px) 100vw, 227px\" \/><\/a>BELLUNO\u00a0<\/strong>\u201c<em>Mentre sul Nevegal la politica \u2013 a tutti i livelli &#8211; continua a dividersi tra mille distinguo e non trova un accordo serio per un rilancio effettivo, il mondo dell\u2019impresa va avanti e continua a fare la differenza, nonostante Vaia, nonostante il Covid e nonostante la burocrazia<\/em>\u201d.\u00a0A dirlo \u00e8 Lorraine Berton, presidente di Confindustria Belluno Dolomiti, che porta un esempio su tutti, ovvero il recente investimento di un associato, Veneta21, nell\u2019area di Pian Longhi.\u00a0\u201c<em>Si tratta di una iniziativa importante che ha saputo coniugare ospitalit\u00e0 innovativa, prodotti tipici, sport e wellness, proprio quei valori che oggi il turista cerca in ogni sua destinazione\u201d, afferma Berton. \u201cIn questa strana estate 2020, contrassegnata da tante criticit\u00e0, \u00e8 stato un segnale di grande fiducia, ma soprattutto un atto di amore nei confronti del territorio\u201d<\/em>.\u00a0\u201c<em>Il Nevegal resta per i bellunesi un tesoro prezioso, in parte ancora inesplorato. Nell\u2019estate del chilometro zero e del turismo di prossimit\u00e0, \u00e8 il momento giusto per riscoprirlo e studiare offerte integrate<\/em>\u201d.\u00a0\u201c<em>L\u2019iniziativa privata, sul Nevegal come altrove, consente di stare al passo coi tempi, osare, creare valore aggiunto, ma anche il pubblico deve fare la sua parte, semplificando e sostenendo programmi a lungo termine. Eliminare la burocrazia \u00e8 il primo passo da compiere. Inutile fare grandi progetti se poi, nella quotidianit\u00e0, bisogna fare i salti mortali per portare a casa un\u2019autorizzazione o un nulla osta<\/em>\u201d.\u00a0\u201c<em>Per rilanciare il Nevegal serve rinsaldare il patto tra pubblico e privato, ciascuno nella sua sfera di competenza<\/em>\u201d, conclude Berton.<\/p>\n<p>&nbsp;<\/p>\n<hr \/>\n<p>&nbsp;<\/p>\n<blockquote>\n<h3><strong><a class=\"dt-pswp-item\" href=\"https:\/\/www.radiopiu.net\/wordpress\/wp-content\/uploads\/2020\/06\/be8b9967-cf21-4f23-8e42-b56b1c184d9b.jpg\" data-dt-img-description=\"\" data-large_image_width=\"2048\" data-large_image_height=\"1024\"><img loading=\"lazy\" decoding=\"async\" class=\"size-medium wp-image-147116 alignleft\" src=\"https:\/\/www.radiopiu.net\/wordpress\/wp-content\/uploads\/2020\/06\/be8b9967-cf21-4f23-8e42-b56b1c184d9b-300x150.jpg\" alt=\"\" width=\"300\" height=\"150\" srcset=\"https:\/\/www.radiopiu.net\/wordpress\/wp-content\/uploads\/2020\/06\/be8b9967-cf21-4f23-8e42-b56b1c184d9b-300x150.jpg 300w, https:\/\/www.radiopiu.net\/wordpress\/wp-content\/uploads\/2020\/06\/be8b9967-cf21-4f23-8e42-b56b1c184d9b-1024x512.jpg 1024w, https:\/\/www.radiopiu.net\/wordpress\/wp-content\/uploads\/2020\/06\/be8b9967-cf21-4f23-8e42-b56b1c184d9b-768x384.jpg 768w, https:\/\/www.radiopiu.net\/wordpress\/wp-content\/uploads\/2020\/06\/be8b9967-cf21-4f23-8e42-b56b1c184d9b-1536x768.jpg 1536w, https:\/\/www.radiopiu.net\/wordpress\/wp-content\/uploads\/2020\/06\/be8b9967-cf21-4f23-8e42-b56b1c184d9b.jpg 2048w\" sizes=\"auto, (max-width: 300px) 100vw, 300px\" \/><\/a><\/strong><\/h3>\n<h3><\/h3>\n<h3>SPECIALE NEVEGAL STAGIONE SENZA FIOCCHI. IL FUTURO UN&#8217;IPOTESI\u00a0 TRA RIMPALLI DI RESPONSABILITA&#8217;<\/h3>\n<\/blockquote>\n<p><strong>DI MORENO GIOLI\u00a0<\/strong><\/p>\n<audio class=\"wp-audio-shortcode\" id=\"audio-153777-10\" preload=\"none\" style=\"width: 100%;\" controls=\"controls\"><source type=\"audio\/mpeg\" src=\"https:\/\/www.radiopiu.net\/wordpress\/wp-content\/uploads\/2020\/08\/moreno-nevegal.mp3?_=10\" \/><a href=\"https:\/\/www.radiopiu.net\/wordpress\/wp-content\/uploads\/2020\/08\/moreno-nevegal.mp3\">https:\/\/www.radiopiu.net\/wordpress\/wp-content\/uploads\/2020\/08\/moreno-nevegal.mp3<\/a><\/audio>\n<p><strong>IL DIRETTORE PIERO CASAGRANDE (SOCIETA&#8217; PROPRIETARIA ALPE DEL NEVEGAL)<\/strong><\/p>\n<audio class=\"wp-audio-shortcode\" id=\"audio-153777-11\" preload=\"none\" style=\"width: 100%;\" controls=\"controls\"><source type=\"audio\/mpeg\" src=\"https:\/\/www.radiopiu.net\/wordpress\/wp-content\/uploads\/2020\/08\/casagrande.mp3?_=11\" \/><a href=\"https:\/\/www.radiopiu.net\/wordpress\/wp-content\/uploads\/2020\/08\/casagrande.mp3\">https:\/\/www.radiopiu.net\/wordpress\/wp-content\/uploads\/2020\/08\/casagrande.mp3<\/a><\/audio>\n<p><strong>IL PRESIDENTE MAURIZIO CURTI CURTI (SOCIETA&#8217; PROPRIETARIA ALPE DEL NEVEGAL)<\/strong><\/p>\n<audio class=\"wp-audio-shortcode\" id=\"audio-153777-12\" preload=\"none\" style=\"width: 100%;\" controls=\"controls\"><source type=\"audio\/mpeg\" src=\"https:\/\/www.radiopiu.net\/wordpress\/wp-content\/uploads\/2020\/08\/curti.mp3?_=12\" \/><a href=\"https:\/\/www.radiopiu.net\/wordpress\/wp-content\/uploads\/2020\/08\/curti.mp3\">https:\/\/www.radiopiu.net\/wordpress\/wp-content\/uploads\/2020\/08\/curti.mp3<\/a><\/audio>\n<h2><\/h2>\n<h3>NEVEGAL, LA POSIZIONE DI AMMINISTRAZIONE E MAGGIORANZA<\/h3>\n<p><em>\u00abNon siamo interessati ad alimentare ulteriori polemiche che non portano a nulla: &#8211; chiosa il Sindaco Jacopo Massaro \u2013 siamo al lavoro da tempo e arriver\u00e0 presto a conclusione l&#8217;accordo di programma con la Provincia di Belluno e altri enti, tra i quali contiamo di poter annoverare anche la Regione Veneto\u00a0 che finora ha promesso 12 milioni solo per il Nevegal, poi diventati un unico milione per tutte le stazioni sciistiche del Veneto&#8221;. Non si arrester\u00e0 comunque il lavoro relativo all&#8217;apertura degli impianti di risalita, per la quale abbiamo anche incaricato una societ\u00e0 che mi risulta abbia pressoch\u00e9 completato la prima parte del suo lavoro, presupposto per le operazioni straordinarie\u00bb.<\/em><\/p>\n<p><strong>\u00a0<\/strong><strong>IL SINDACO JACOPO MASSARO<\/strong><\/p>\n<audio class=\"wp-audio-shortcode\" id=\"audio-153777-13\" preload=\"none\" style=\"width: 100%;\" controls=\"controls\"><source type=\"audio\/mpeg\" src=\"https:\/\/www.radiopiu.net\/wordpress\/wp-content\/uploads\/2020\/08\/massaro.mp3?_=13\" \/><a href=\"https:\/\/www.radiopiu.net\/wordpress\/wp-content\/uploads\/2020\/08\/massaro.mp3\">https:\/\/www.radiopiu.net\/wordpress\/wp-content\/uploads\/2020\/08\/massaro.mp3<\/a><\/audio>\n<blockquote>\n<h2><\/h2>\n<p>&nbsp;<\/p><\/blockquote>\n<p>&nbsp;<\/p>\n<hr \/>\n<blockquote>\n<h2>LA MIA TERRA: UN GRANDE SUCCESSO L&#8217;ORCHESTRA DI DIEGO BASSO AI 2000 METRI NELLA SKI AREA FALCADE-SAN PELLEGRINO<\/h2>\n<\/blockquote>\n<p><strong>\u201cLA MIA TERRA\u201d: A SORPRESA IL CELEBRE FLAUTISTA GRIMINELLI CON DIEGO BASSO TRA LE DOLOMITI\u00a0<\/strong><strong>PER GLI EROI DEL COVID<\/strong><\/p>\n<p><em>L\u2019artista, da sempre al fianco dei grandi della musica come Sting, Luciano Pavarotti e Zubin Mehta, ha sorpreso i presenti con una performance fuori scaletta<\/em><\/p>\n<p>L\u2019emozione che diventa commozione, la magia dei suoni che riecheggiano tra vette dolomitiche come Mulaz, Focobon e le Pale di San Martino, per poi espandersi fin dentro ai boschi. Sono note che hanno fatto vibrare le corde, non solo degli strumenti, quelle del concerto \u201cLa mia Terra\u201d in programma il 7 agosto, alle 10.30, nel &#8220;Bosco degli Artisti&#8221; in localit\u00e0 Le Buse a Falcade (BL), nel cuore della Ski Area San Pellegrino. Un concerto con la grande orchestra, a quasi 2.000 metri di quota, che ha reso omaggio agli eroi dell\u2019emergenza Covid-19 con le musiche di Ennio Morricone. Il ricavato sar\u00e0 interamente devoluto alla Protezione Civile del Veneto che ha lavorato senza sosta in questi mesi. Agli eroi dell\u2019emergenza Covid-19 sono state dedicate le musiche di Ennio Morricone.<\/p>\n<p><iframe loading=\"lazy\" title=\"LA MIA TERRA VIDEO\" width=\"1200\" height=\"675\" src=\"https:\/\/www.youtube.com\/embed\/CKVPBM1oEW8?feature=oembed\" frameborder=\"0\" allow=\"accelerometer; autoplay; clipboard-write; encrypted-media; gyroscope; picture-in-picture\" allowfullscreen><\/iframe><\/p>\n<p><strong>FALCAD<\/strong>E Un concerto dedicato agli uomini e alle donne della Protezione Civile, un successo di note ed emozioni. Per il secondo anno tanta commozione nel bosco degli artisti nell&#8217;omaggio ad un autore artista unico come Ennio Morricone. Di seguito l&#8217;intervento di RENZO MINELLA responsabile marketing, di MICHELE COSTA sindaco di Falcade<\/p>\n<p>&nbsp;<\/p>\n<audio class=\"wp-audio-shortcode\" id=\"audio-153777-14\" preload=\"none\" style=\"width: 100%;\" controls=\"controls\"><source type=\"audio\/mpeg\" src=\"https:\/\/www.radiopiu.net\/wordpress\/wp-content\/uploads\/2020\/08\/minella.mp3?_=14\" \/><a href=\"https:\/\/www.radiopiu.net\/wordpress\/wp-content\/uploads\/2020\/08\/minella.mp3\">https:\/\/www.radiopiu.net\/wordpress\/wp-content\/uploads\/2020\/08\/minella.mp3<\/a><\/audio>\n<p>&nbsp;<\/p>\n<p>&#8220;. La grande orchestra, diretta da\u00a0<a class=\"profileLink\" href=\"https:\/\/www.facebook.com\/diegobassodirettoredorchestra\/?__tn__=K-R&amp;eid=ARDfTCHPMkfV_lJKHUO4jzYKvSapIJkB3GlX9fVc6B2FpJiocjcZDJmW8XW7Q3rlBz09XTFvDyHXSj1L&amp;fref=mentions&amp;__xts__%5B0%5D=68.ARBI3iRO5Q1CsipML4VFrsI-YBGgfmmqrxmL7IoUniTYDRsIj7j3zmZrpRDn76NRGYZtcqfP-nytN7-ATomnwgy5L1rgHPAay86AjJbWedLmOxhoh0HVINAPB61nM58uGfIy9KPDrho3p9FFmHa0igG-fG1sh_rf2exBXs7FgI_MQjPWITW4ua6L2F2NiU4d---HtqJUmZ3_WTQJnTQawGxdA-UrXtCmKkOdvtQIiHxF5aiRyUU77In5nkutqEzibx-1S002VgZovkWnO3Slwt3j660AVlPoLWCAWw-Q6c335-O6GYRsv8l14fY1gDb50r9gk3pR0w7mRex8G9FEyIKMpRcJ\" data-hovercard=\"\/ajax\/hovercard\/page.php?id=1472586583043839&amp;extragetparams=%7B%22__tn__%22%3A%22%2CdK-R-R%22%2C%22eid%22%3A%22ARDfTCHPMkfV_lJKHUO4jzYKvSapIJkB3GlX9fVc6B2FpJiocjcZDJmW8XW7Q3rlBz09XTFvDyHXSj1L%22%2C%22fref%22%3A%22mentions%22%7D\" data-hovercard-prefer-more-content-show=\"1\">Diego Basso Direttore d&#8217;orchestra<\/a>, nel Bosco degli Artisti di Falcade. Le note di Morricone per gli Eroi del Covid.<\/p>\n\n\t\t\t<style type='text\/css'>\n\t\t\t\t#gallery-1 {\n\t\t\t\t\tmargin: auto;\n\t\t\t\t}\n\t\t\t\t#gallery-1 .gallery-item {\n\t\t\t\t\tfloat: left;\n\t\t\t\t\tmargin-top: 10px;\n\t\t\t\t\ttext-align: center;\n\t\t\t\t\twidth: 33%;\n\t\t\t\t}\n\t\t\t\t#gallery-1 img {\n\t\t\t\t\tborder: 2px solid #cfcfcf;\n\t\t\t\t}\n\t\t\t\t#gallery-1 .gallery-caption {\n\t\t\t\t\tmargin-left: 0;\n\t\t\t\t}\n\t\t\t\t\/* see gallery_shortcode() in wp-includes\/media.php *\/\n\t\t\t<\/style>\n\t\t<div id='gallery-1' class='dt-gallery-container gallery galleryid-153777 gallery-columns-3 gallery-size-medium'><dl class='gallery-item'>\n\t\t\t\t<dt class='gallery-icon portrait'>\n\t\t\t\t\t<a class=\"rollover rollover-zoom dt-pswp-item\" title=\"117241669_2474526762853563_5693933944888927161_o\" data-dt-img-description=\"\" data-large_image_width=\"1200\" data-large_image_height=\"1600\"href='https:\/\/www.radiopiu.net\/wordpress\/wp-content\/uploads\/2020\/08\/117241669_2474526762853563_5693933944888927161_o.jpg'><img loading=\"lazy\" decoding=\"async\" width=\"225\" height=\"300\" src=\"https:\/\/www.radiopiu.net\/wordpress\/wp-content\/uploads\/2020\/08\/117241669_2474526762853563_5693933944888927161_o-225x300.jpg\" class=\"attachment-medium size-medium\" alt=\"\" srcset=\"https:\/\/www.radiopiu.net\/wordpress\/wp-content\/uploads\/2020\/08\/117241669_2474526762853563_5693933944888927161_o-225x300.jpg 225w, https:\/\/www.radiopiu.net\/wordpress\/wp-content\/uploads\/2020\/08\/117241669_2474526762853563_5693933944888927161_o-768x1024.jpg 768w, https:\/\/www.radiopiu.net\/wordpress\/wp-content\/uploads\/2020\/08\/117241669_2474526762853563_5693933944888927161_o-1152x1536.jpg 1152w, https:\/\/www.radiopiu.net\/wordpress\/wp-content\/uploads\/2020\/08\/117241669_2474526762853563_5693933944888927161_o.jpg 1200w\" sizes=\"auto, (max-width: 225px) 100vw, 225px\" \/><\/a>\n\t\t\t\t<\/dt><\/dl><dl class='gallery-item'>\n\t\t\t\t<dt class='gallery-icon landscape'>\n\t\t\t\t\t<a class=\"rollover rollover-zoom dt-pswp-item\" title=\"117386852_2474526502853589_416471063548797735_o\" data-dt-img-description=\"\" data-large_image_width=\"1600\" data-large_image_height=\"1200\"href='https:\/\/www.radiopiu.net\/wordpress\/wp-content\/uploads\/2020\/08\/117386852_2474526502853589_416471063548797735_o.jpg'><img loading=\"lazy\" decoding=\"async\" width=\"300\" height=\"225\" src=\"https:\/\/www.radiopiu.net\/wordpress\/wp-content\/uploads\/2020\/08\/117386852_2474526502853589_416471063548797735_o-300x225.jpg\" class=\"attachment-medium size-medium\" alt=\"\" srcset=\"https:\/\/www.radiopiu.net\/wordpress\/wp-content\/uploads\/2020\/08\/117386852_2474526502853589_416471063548797735_o-300x225.jpg 300w, https:\/\/www.radiopiu.net\/wordpress\/wp-content\/uploads\/2020\/08\/117386852_2474526502853589_416471063548797735_o-1024x768.jpg 1024w, https:\/\/www.radiopiu.net\/wordpress\/wp-content\/uploads\/2020\/08\/117386852_2474526502853589_416471063548797735_o-768x576.jpg 768w, https:\/\/www.radiopiu.net\/wordpress\/wp-content\/uploads\/2020\/08\/117386852_2474526502853589_416471063548797735_o-1536x1152.jpg 1536w, https:\/\/www.radiopiu.net\/wordpress\/wp-content\/uploads\/2020\/08\/117386852_2474526502853589_416471063548797735_o.jpg 1600w\" sizes=\"auto, (max-width: 300px) 100vw, 300px\" \/><\/a>\n\t\t\t\t<\/dt><\/dl><dl class='gallery-item'>\n\t\t\t\t<dt class='gallery-icon portrait'>\n\t\t\t\t\t<a class=\"rollover rollover-zoom dt-pswp-item\" title=\"117287312_2474526662853573_7579834314960461977_o\" data-dt-img-description=\"\" data-large_image_width=\"1200\" data-large_image_height=\"1600\"href='https:\/\/www.radiopiu.net\/wordpress\/wp-content\/uploads\/2020\/08\/117287312_2474526662853573_7579834314960461977_o.jpg'><img loading=\"lazy\" decoding=\"async\" width=\"225\" height=\"300\" src=\"https:\/\/www.radiopiu.net\/wordpress\/wp-content\/uploads\/2020\/08\/117287312_2474526662853573_7579834314960461977_o-225x300.jpg\" class=\"attachment-medium size-medium\" alt=\"\" srcset=\"https:\/\/www.radiopiu.net\/wordpress\/wp-content\/uploads\/2020\/08\/117287312_2474526662853573_7579834314960461977_o-225x300.jpg 225w, https:\/\/www.radiopiu.net\/wordpress\/wp-content\/uploads\/2020\/08\/117287312_2474526662853573_7579834314960461977_o-768x1024.jpg 768w, https:\/\/www.radiopiu.net\/wordpress\/wp-content\/uploads\/2020\/08\/117287312_2474526662853573_7579834314960461977_o-1152x1536.jpg 1152w, https:\/\/www.radiopiu.net\/wordpress\/wp-content\/uploads\/2020\/08\/117287312_2474526662853573_7579834314960461977_o.jpg 1200w\" sizes=\"auto, (max-width: 225px) 100vw, 225px\" \/><\/a>\n\t\t\t\t<\/dt><\/dl><br style=\"clear: both\" \/>\n\t\t\t<\/div>\n\n<p>&nbsp;<\/p>\n<p><iframe loading=\"lazy\" title=\"LA MIA TERRA 2020   FALCADE, LE BUSE\" width=\"1200\" height=\"675\" src=\"https:\/\/www.youtube.com\/embed\/m89vXWb34Nw?start=5035&#038;feature=oembed\" frameborder=\"0\" allow=\"accelerometer; autoplay; clipboard-write; encrypted-media; gyroscope; picture-in-picture\" allowfullscreen><\/iframe><\/p>\n<p>&nbsp;<\/p>\n<hr \/>\n<p>&nbsp;<\/p>\n<blockquote>\n<h1>Salone dei Gesuiti, lavori a ritmo serrato Aperto l&#8217;accesso al solaio<\/h1>\n<\/blockquote>\n<p><strong>BELLUNO\u00a0<\/strong> Proseguono a ritmo serrato i lavori di riqualificazione urbana all&#8217;ex Chiesa dei Gesuiti di Via Tasso: ieri mattina sopralluogo con l&#8217;assessore alla rigenerazione urbana, con l&#8217;archeologo Davide Pacitti, la responsabile della sicurezza Anna Buzzacchi, il responsabile del cantiere Stefano Brancher e, in rappresentanza del team dei progettisti, Francesca Bogo.<\/p>\n<p>DI MORENO GIOLI<\/p>\n<audio class=\"wp-audio-shortcode\" id=\"audio-153777-15\" preload=\"none\" style=\"width: 100%;\" controls=\"controls\"><source type=\"audio\/mpeg\" src=\"https:\/\/www.radiopiu.net\/wordpress\/wp-content\/uploads\/2020\/08\/moreno-gesuiti.mp3?_=15\" \/><a href=\"https:\/\/www.radiopiu.net\/wordpress\/wp-content\/uploads\/2020\/08\/moreno-gesuiti.mp3\">https:\/\/www.radiopiu.net\/wordpress\/wp-content\/uploads\/2020\/08\/moreno-gesuiti.mp3<\/a><\/audio>\n<p>L&#8217;ASSESSORE FRANCO FRISON<\/p>\n<audio class=\"wp-audio-shortcode\" id=\"audio-153777-16\" preload=\"none\" style=\"width: 100%;\" controls=\"controls\"><source type=\"audio\/mpeg\" src=\"https:\/\/www.radiopiu.net\/wordpress\/wp-content\/uploads\/2020\/08\/FRISON.mp3?_=16\" \/><a href=\"https:\/\/www.radiopiu.net\/wordpress\/wp-content\/uploads\/2020\/08\/FRISON.mp3\">https:\/\/www.radiopiu.net\/wordpress\/wp-content\/uploads\/2020\/08\/FRISON.mp3<\/a><\/audio>\n<p>L&#8217;ARCHEOLOGO DAVIDE PACITTI<\/p>\n<audio class=\"wp-audio-shortcode\" id=\"audio-153777-17\" preload=\"none\" style=\"width: 100%;\" controls=\"controls\"><source type=\"audio\/mpeg\" src=\"https:\/\/www.radiopiu.net\/wordpress\/wp-content\/uploads\/2020\/08\/PACITTI.mp3?_=17\" \/><a href=\"https:\/\/www.radiopiu.net\/wordpress\/wp-content\/uploads\/2020\/08\/PACITTI.mp3\">https:\/\/www.radiopiu.net\/wordpress\/wp-content\/uploads\/2020\/08\/PACITTI.mp3<\/a><\/audio>\n<p>LA RESPONABILE SICUREZZA ANNA BUZZACCHI<\/p>\n<audio class=\"wp-audio-shortcode\" id=\"audio-153777-18\" preload=\"none\" style=\"width: 100%;\" controls=\"controls\"><source type=\"audio\/mpeg\" src=\"https:\/\/www.radiopiu.net\/wordpress\/wp-content\/uploads\/2020\/08\/BUZZACCHI.mp3?_=18\" \/><a href=\"https:\/\/www.radiopiu.net\/wordpress\/wp-content\/uploads\/2020\/08\/BUZZACCHI.mp3\">https:\/\/www.radiopiu.net\/wordpress\/wp-content\/uploads\/2020\/08\/BUZZACCHI.mp3<\/a><\/audio>\n<p>&nbsp;<\/p>\n\n\t\t\t<style type='text\/css'>\n\t\t\t\t#gallery-2 {\n\t\t\t\t\tmargin: auto;\n\t\t\t\t}\n\t\t\t\t#gallery-2 .gallery-item {\n\t\t\t\t\tfloat: left;\n\t\t\t\t\tmargin-top: 10px;\n\t\t\t\t\ttext-align: center;\n\t\t\t\t\twidth: 16%;\n\t\t\t\t}\n\t\t\t\t#gallery-2 img {\n\t\t\t\t\tborder: 2px solid #cfcfcf;\n\t\t\t\t}\n\t\t\t\t#gallery-2 .gallery-caption {\n\t\t\t\t\tmargin-left: 0;\n\t\t\t\t}\n\t\t\t\t\/* see gallery_shortcode() in wp-includes\/media.php *\/\n\t\t\t<\/style>\n\t\t<div id='gallery-2' class='dt-gallery-container gallery galleryid-153777 gallery-columns-6 gallery-size-thumbnail'><dl class='gallery-item'>\n\t\t\t\t<dt class='gallery-icon landscape'>\n\t\t\t\t\t<a class=\"rollover rollover-zoom dt-pswp-item\" title=\"Piano terra Salone dei Gesuiti (5)\" data-dt-img-description=\"\" data-large_image_width=\"2560\" data-large_image_height=\"1707\"href='https:\/\/www.radiopiu.net\/wordpress\/wp-content\/uploads\/2020\/08\/Piano-terra-Salone-dei-Gesuiti-5-1-scaled.jpg'><img loading=\"lazy\" decoding=\"async\" width=\"150\" height=\"150\" src=\"https:\/\/www.radiopiu.net\/wordpress\/wp-content\/uploads\/2020\/08\/Piano-terra-Salone-dei-Gesuiti-5-1-150x150.jpg\" class=\"attachment-thumbnail size-thumbnail\" alt=\"\" \/><\/a>\n\t\t\t\t<\/dt><\/dl><dl class='gallery-item'>\n\t\t\t\t<dt class='gallery-icon landscape'>\n\t\t\t\t\t<a class=\"rollover rollover-zoom dt-pswp-item\" title=\"Solaio Salone dei Gesuiti (4)\" data-dt-img-description=\"\" data-large_image_width=\"2560\" data-large_image_height=\"1706\"href='https:\/\/www.radiopiu.net\/wordpress\/wp-content\/uploads\/2020\/08\/Solaio-Salone-dei-Gesuiti-4-scaled.jpg'><img loading=\"lazy\" decoding=\"async\" width=\"150\" height=\"150\" src=\"https:\/\/www.radiopiu.net\/wordpress\/wp-content\/uploads\/2020\/08\/Solaio-Salone-dei-Gesuiti-4-150x150.jpg\" class=\"attachment-thumbnail size-thumbnail\" alt=\"\" \/><\/a>\n\t\t\t\t<\/dt><\/dl><dl class='gallery-item'>\n\t\t\t\t<dt class='gallery-icon landscape'>\n\t\t\t\t\t<a class=\"rollover rollover-zoom dt-pswp-item\" title=\"Solaio Salone dei Gesuiti (1)\" data-dt-img-description=\"\" data-large_image_width=\"2560\" data-large_image_height=\"1707\"href='https:\/\/www.radiopiu.net\/wordpress\/wp-content\/uploads\/2020\/08\/Solaio-Salone-dei-Gesuiti-1-scaled.jpg'><img loading=\"lazy\" decoding=\"async\" width=\"150\" height=\"150\" src=\"https:\/\/www.radiopiu.net\/wordpress\/wp-content\/uploads\/2020\/08\/Solaio-Salone-dei-Gesuiti-1-150x150.jpg\" class=\"attachment-thumbnail size-thumbnail\" alt=\"\" \/><\/a>\n\t\t\t\t<\/dt><\/dl><dl class='gallery-item'>\n\t\t\t\t<dt class='gallery-icon portrait'>\n\t\t\t\t\t<a class=\"rollover rollover-zoom dt-pswp-item\" title=\"Piano terra Salone dei Gesuiti (4)\" data-dt-img-description=\"\" data-large_image_width=\"1707\" data-large_image_height=\"2560\"href='https:\/\/www.radiopiu.net\/wordpress\/wp-content\/uploads\/2020\/08\/Piano-terra-Salone-dei-Gesuiti-4-scaled.jpg'><img loading=\"lazy\" decoding=\"async\" width=\"150\" height=\"150\" src=\"https:\/\/www.radiopiu.net\/wordpress\/wp-content\/uploads\/2020\/08\/Piano-terra-Salone-dei-Gesuiti-4-150x150.jpg\" class=\"attachment-thumbnail size-thumbnail\" alt=\"\" \/><\/a>\n\t\t\t\t<\/dt><\/dl><dl class='gallery-item'>\n\t\t\t\t<dt class='gallery-icon portrait'>\n\t\t\t\t\t<a class=\"rollover rollover-zoom dt-pswp-item\" title=\"Pacitti - Pavimento originario\" data-dt-img-description=\"\" data-large_image_width=\"1707\" data-large_image_height=\"2560\"href='https:\/\/www.radiopiu.net\/wordpress\/wp-content\/uploads\/2020\/08\/Pacitti-Pavimento-originario-scaled.jpg'><img loading=\"lazy\" decoding=\"async\" width=\"150\" height=\"150\" src=\"https:\/\/www.radiopiu.net\/wordpress\/wp-content\/uploads\/2020\/08\/Pacitti-Pavimento-originario-150x150.jpg\" class=\"attachment-thumbnail size-thumbnail\" alt=\"\" \/><\/a>\n\t\t\t\t<\/dt><\/dl><dl class='gallery-item'>\n\t\t\t\t<dt class='gallery-icon landscape'>\n\t\t\t\t\t<a class=\"rollover rollover-zoom dt-pswp-item\" title=\"Piano terra Salone dei Gesuiti (5)\" data-dt-img-description=\"\" data-large_image_width=\"2560\" data-large_image_height=\"1707\"href='https:\/\/www.radiopiu.net\/wordpress\/wp-content\/uploads\/2020\/08\/Piano-terra-Salone-dei-Gesuiti-5-scaled.jpg'><img loading=\"lazy\" decoding=\"async\" width=\"150\" height=\"150\" src=\"https:\/\/www.radiopiu.net\/wordpress\/wp-content\/uploads\/2020\/08\/Piano-terra-Salone-dei-Gesuiti-5-150x150.jpg\" class=\"attachment-thumbnail size-thumbnail\" alt=\"\" \/><\/a>\n\t\t\t\t<\/dt><\/dl><br style=\"clear: both\" \/><dl class='gallery-item'>\n\t\t\t\t<dt class='gallery-icon landscape'>\n\t\t\t\t\t<a class=\"rollover rollover-zoom dt-pswp-item\" title=\"Pavimento originario.jpg\" data-dt-img-description=\"\" data-large_image_width=\"2560\" data-large_image_height=\"1707\"href='https:\/\/www.radiopiu.net\/wordpress\/wp-content\/uploads\/2020\/08\/Pavimento-originario.jpg-scaled.jpg'><img loading=\"lazy\" decoding=\"async\" width=\"150\" height=\"150\" src=\"https:\/\/www.radiopiu.net\/wordpress\/wp-content\/uploads\/2020\/08\/Pavimento-originario.jpg-150x150.jpg\" class=\"attachment-thumbnail size-thumbnail\" alt=\"\" \/><\/a>\n\t\t\t\t<\/dt><\/dl><dl class='gallery-item'>\n\t\t\t\t<dt class='gallery-icon portrait'>\n\t\t\t\t\t<a class=\"rollover rollover-zoom dt-pswp-item\" title=\"Pacitti - Altarino laterale\" data-dt-img-description=\"\" data-large_image_width=\"1706\" data-large_image_height=\"2560\"href='https:\/\/www.radiopiu.net\/wordpress\/wp-content\/uploads\/2020\/08\/Pacitti-Altarino-laterale-scaled.jpg'><img loading=\"lazy\" decoding=\"async\" width=\"150\" height=\"150\" src=\"https:\/\/www.radiopiu.net\/wordpress\/wp-content\/uploads\/2020\/08\/Pacitti-Altarino-laterale-150x150.jpg\" class=\"attachment-thumbnail size-thumbnail\" alt=\"\" \/><\/a>\n\t\t\t\t<\/dt><\/dl><dl class='gallery-item'>\n\t\t\t\t<dt class='gallery-icon portrait'>\n\t\t\t\t\t<a class=\"rollover rollover-zoom dt-pswp-item\" title=\"Campanile - interno\" data-dt-img-description=\"\" data-large_image_width=\"1707\" data-large_image_height=\"2560\"href='https:\/\/www.radiopiu.net\/wordpress\/wp-content\/uploads\/2020\/08\/Campanile-interno-scaled.jpg'><img loading=\"lazy\" decoding=\"async\" width=\"150\" height=\"150\" src=\"https:\/\/www.radiopiu.net\/wordpress\/wp-content\/uploads\/2020\/08\/Campanile-interno-150x150.jpg\" class=\"attachment-thumbnail size-thumbnail\" alt=\"\" \/><\/a>\n\t\t\t\t<\/dt><\/dl><dl class='gallery-item'>\n\t\t\t\t<dt class='gallery-icon landscape'>\n\t\t\t\t\t<a class=\"rollover rollover-zoom dt-pswp-item\" title=\"Piano terra Salone dei Gesuiti (1)\" data-dt-img-description=\"\" data-large_image_width=\"2560\" data-large_image_height=\"1707\"href='https:\/\/www.radiopiu.net\/wordpress\/wp-content\/uploads\/2020\/08\/Piano-terra-Salone-dei-Gesuiti-1-scaled.jpg'><img loading=\"lazy\" decoding=\"async\" width=\"150\" height=\"150\" src=\"https:\/\/www.radiopiu.net\/wordpress\/wp-content\/uploads\/2020\/08\/Piano-terra-Salone-dei-Gesuiti-1-150x150.jpg\" class=\"attachment-thumbnail size-thumbnail\" alt=\"\" \/><\/a>\n\t\t\t\t<\/dt><\/dl><dl class='gallery-item'>\n\t\t\t\t<dt class='gallery-icon landscape'>\n\t\t\t\t\t<a class=\"rollover rollover-zoom dt-pswp-item\" title=\"1b15ed43-d621-4122-8b2e-16bbcfb8b44e\" data-dt-img-description=\"\" data-large_image_width=\"2048\" data-large_image_height=\"943\"href='https:\/\/www.radiopiu.net\/wordpress\/wp-content\/uploads\/2020\/08\/1b15ed43-d621-4122-8b2e-16bbcfb8b44e.jpg'><img loading=\"lazy\" decoding=\"async\" width=\"150\" height=\"150\" src=\"https:\/\/www.radiopiu.net\/wordpress\/wp-content\/uploads\/2020\/08\/1b15ed43-d621-4122-8b2e-16bbcfb8b44e-150x150.jpg\" class=\"attachment-thumbnail size-thumbnail\" alt=\"\" \/><\/a>\n\t\t\t\t<\/dt><\/dl><dl class='gallery-item'>\n\t\t\t\t<dt class='gallery-icon landscape'>\n\t\t\t\t\t<a class=\"rollover rollover-zoom dt-pswp-item\" title=\"Solaio Salone dei Gesuiti (2)\" data-dt-img-description=\"\" data-large_image_width=\"2560\" data-large_image_height=\"1706\"href='https:\/\/www.radiopiu.net\/wordpress\/wp-content\/uploads\/2020\/08\/Solaio-Salone-dei-Gesuiti-2-scaled.jpg'><img loading=\"lazy\" decoding=\"async\" width=\"150\" height=\"150\" src=\"https:\/\/www.radiopiu.net\/wordpress\/wp-content\/uploads\/2020\/08\/Solaio-Salone-dei-Gesuiti-2-150x150.jpg\" class=\"attachment-thumbnail size-thumbnail\" alt=\"\" \/><\/a>\n\t\t\t\t<\/dt><\/dl><br style=\"clear: both\" \/>\n\t\t\t<\/div>\n\n<p>&nbsp;<\/p>\n<hr \/>\n<p>&nbsp;<\/p>\n<blockquote>\n<h3><a class=\"dt-pswp-item\" href=\"https:\/\/www.radiopiu.net\/wordpress\/wp-content\/uploads\/2020\/05\/solidariet\u00e0-veneto.jpg\" data-dt-img-description=\"\" data-large_image_width=\"1373\" data-large_image_height=\"961\"><img loading=\"lazy\" decoding=\"async\" class=\"wp-image-134366 alignleft\" src=\"https:\/\/www.radiopiu.net\/wordpress\/wp-content\/uploads\/2020\/05\/solidariet\u00e0-veneto-300x210.jpg\" alt=\"\" width=\"134\" height=\"94\" srcset=\"https:\/\/www.radiopiu.net\/wordpress\/wp-content\/uploads\/2020\/05\/solidariet\u00e0-veneto-300x210.jpg 300w, https:\/\/www.radiopiu.net\/wordpress\/wp-content\/uploads\/2020\/05\/solidariet\u00e0-veneto-1024x717.jpg 1024w, https:\/\/www.radiopiu.net\/wordpress\/wp-content\/uploads\/2020\/05\/solidariet\u00e0-veneto-768x538.jpg 768w, https:\/\/www.radiopiu.net\/wordpress\/wp-content\/uploads\/2020\/05\/solidariet\u00e0-veneto.jpg 1373w\" sizes=\"auto, (max-width: 134px) 100vw, 134px\" \/><\/a>IERI ALLA RADIO, APPUNTAMENTO MENSILE CON IL DOTTOR PAOLO STEFAN, SOLIDARIETA&#8217; VENETO FONDO PENSIONE<\/h3>\n<\/blockquote>\n<p>di CLAUDIO FONTANIVE<\/p>\n<audio class=\"wp-audio-shortcode\" id=\"audio-153777-19\" preload=\"none\" style=\"width: 100%;\" controls=\"controls\"><source type=\"audio\/mpeg\" src=\"https:\/\/www.radiopiu.net\/wordpress\/wp-content\/uploads\/2020\/08\/solidarieta-veneto-agosto.mp3?_=19\" \/><a href=\"https:\/\/www.radiopiu.net\/wordpress\/wp-content\/uploads\/2020\/08\/solidarieta-veneto-agosto.mp3\">https:\/\/www.radiopiu.net\/wordpress\/wp-content\/uploads\/2020\/08\/solidarieta-veneto-agosto.mp3<\/a><\/audio>\n<p><strong>LA RACCOLTA COMPLETA <\/strong><\/p>\n<blockquote class=\"wp-embedded-content\" data-secret=\"YAFxHHYMzQ\"><p><a href=\"https:\/\/www.radiopiu.net\/wordpress\/solidarieta-veneto\/\">Solidariet\u00e0 Veneto<\/a><\/p><\/blockquote>\n<p><iframe loading=\"lazy\" class=\"wp-embedded-content\" sandbox=\"allow-scripts\" security=\"restricted\" style=\"position: absolute; clip: rect(1px, 1px, 1px, 1px);\" title=\"&#8220;Solidariet\u00e0 Veneto&#8221; &#8212; Radio Pi\u00f9\" src=\"https:\/\/www.radiopiu.net\/wordpress\/solidarieta-veneto\/embed\/#?secret=YAFxHHYMzQ\" data-secret=\"YAFxHHYMzQ\" width=\"600\" height=\"338\" frameborder=\"0\" marginwidth=\"0\" marginheight=\"0\" scrolling=\"no\"><\/iframe><\/p>\n<p>&nbsp;<\/p>\n<hr \/>\n<p>&nbsp;<\/p>\n<p>&nbsp;<\/p>\n<blockquote class=\"wp-embedded-content\" data-secret=\"EmndwhTJL7\"><p><a href=\"https:\/\/www.radiopiu.net\/wordpress\/egidio-forcellini-di-alano-di-piave-notorieta-grazie-a-un-vocabolario-di-renato-bona\/\">EGIDIO FORCELLINI DI ALANO DI PIAVE: NOTORIET\u00c0 GRAZIE A UN VOCABOLARIO di RENATO BONA<\/a><\/p><\/blockquote>\n<p><iframe loading=\"lazy\" class=\"wp-embedded-content\" sandbox=\"allow-scripts\" security=\"restricted\" style=\"position: absolute; clip: rect(1px, 1px, 1px, 1px);\" title=\"&#8220;EGIDIO FORCELLINI DI ALANO DI PIAVE: NOTORIET\u00c0 GRAZIE A UN VOCABOLARIO di RENATO BONA&#8221; &#8212; Radio Pi\u00f9\" src=\"https:\/\/www.radiopiu.net\/wordpress\/egidio-forcellini-di-alano-di-piave-notorieta-grazie-a-un-vocabolario-di-renato-bona\/embed\/#?secret=EmndwhTJL7\" data-secret=\"EmndwhTJL7\" width=\"600\" height=\"338\" frameborder=\"0\" marginwidth=\"0\" marginheight=\"0\" scrolling=\"no\"><\/iframe><\/p>\n<p>&nbsp;<\/p>\n<hr \/>\n<p>&nbsp;<\/p>\n<p>&nbsp;<\/p>\n<blockquote>\n<h2>CINEMA IN VILLA CROTTA DE MANZONI<\/h2>\n<div style=\"width: 640px;\" class=\"wp-video\"><video class=\"wp-video-shortcode\" id=\"video-153777-3\" width=\"640\" height=\"352\" preload=\"metadata\" controls=\"controls\"><source type=\"video\/mp4\" src=\"https:\/\/www.radiopiu.net\/wordpress\/wp-content\/uploads\/2020\/08\/WhatsApp-Video-2020-08-08-at-07.28.55.mp4?_=3\" \/><a href=\"https:\/\/www.radiopiu.net\/wordpress\/wp-content\/uploads\/2020\/08\/WhatsApp-Video-2020-08-08-at-07.28.55.mp4\">https:\/\/www.radiopiu.net\/wordpress\/wp-content\/uploads\/2020\/08\/WhatsApp-Video-2020-08-08-at-07.28.55.mp4<\/a><\/video><\/div><\/blockquote>\n<p><strong><a class=\"dt-pswp-item\" href=\"https:\/\/www.radiopiu.net\/wordpress\/wp-content\/uploads\/2020\/08\/2748ffeb-1a97-4edd-87da-2b5db1eb6670-1.jpg\" data-dt-img-description=\"\" data-large_image_width=\"1131\" data-large_image_height=\"1600\"><img loading=\"lazy\" decoding=\"async\" class=\"size-medium wp-image-153973 alignleft\" src=\"https:\/\/www.radiopiu.net\/wordpress\/wp-content\/uploads\/2020\/08\/2748ffeb-1a97-4edd-87da-2b5db1eb6670-1-212x300.jpg\" alt=\"\" width=\"212\" height=\"300\" srcset=\"https:\/\/www.radiopiu.net\/wordpress\/wp-content\/uploads\/2020\/08\/2748ffeb-1a97-4edd-87da-2b5db1eb6670-1-212x300.jpg 212w, https:\/\/www.radiopiu.net\/wordpress\/wp-content\/uploads\/2020\/08\/2748ffeb-1a97-4edd-87da-2b5db1eb6670-1-724x1024.jpg 724w, https:\/\/www.radiopiu.net\/wordpress\/wp-content\/uploads\/2020\/08\/2748ffeb-1a97-4edd-87da-2b5db1eb6670-1-768x1086.jpg 768w, https:\/\/www.radiopiu.net\/wordpress\/wp-content\/uploads\/2020\/08\/2748ffeb-1a97-4edd-87da-2b5db1eb6670-1-1086x1536.jpg 1086w, https:\/\/www.radiopiu.net\/wordpress\/wp-content\/uploads\/2020\/08\/2748ffeb-1a97-4edd-87da-2b5db1eb6670-1.jpg 1131w\" sizes=\"auto, (max-width: 212px) 100vw, 212px\" \/><\/a>AGORDO<\/strong>\u00a0 ospiter\u00e0 una rassegna cinematografica inedita tra le mura di Villa Crotta De\u2019 Manzoni, la pi\u00f9 settentrionale delle ville venete: per tre serate, il giardino interno del palazzo, normalmente chiuso al pubblico, verr\u00e0 aperto per ospitare le proiezioni di tre grandi film. L\u2019evento, organizzato dal Comune di Agordo, grazie al fondamentale contributo della casa di produzione \u201cFiFilm productions\u201d di Caterina Francavilla e dell\u2019impresa edile \u201cConedil\u201d.Gli appuntamenti della rassegna saranno i seguenti: &#8211; Marted\u00ec 18 Agosto: Grand Budapest Hotel, di Wes Anderson &#8211; Gioved\u00ec 20 Agosto: Chi ha incastrato Roger Rabbit, di Robert Zemeckis &#8211; Sabato 22 Agosto: La migliore offerta, di Giuseppe Tornatore. Tutte le proiezioni inizieranno alle ore 21 e saranno ad ingresso gratuito, previa prenotazione obbligatoria fino ad esaurimento posti. Le prenotazioni si possono effettuare attraverso il sito http:\/\/cinemainvilla.eventbrite.com oppure rivolgendosi all\u2019Ufficio Turistico di Agordo in via XXVII Aprile, tramite mail all\u2019indirizzo ufficioturistico@agordo.net, oppure telefonando allo 0437 62105 o al 388 495 5756. In caso di maltempo, le proiezioni verranno rinviate al giorno successivo. In conformit\u00e0 con le disposizioni anti-contagio, l\u2019ingresso sar\u00e0 subordinato all\u2019utilizzo delle mascherine e al rispetto del distanziamento sociale. Durante le serate sar\u00e0 possibile contribuire al restauro dei \u201cPop del Crota\u201d, le statue della villa che danno su Piazza Libert\u00e0.<\/p>\n<p>&nbsp;<\/p>\n<p>&nbsp;<\/p>\n<p>&nbsp;<\/p>\n<p>&nbsp;<\/p>\n<p>&nbsp;<\/p>\n<p>&nbsp;<\/p>\n<p>&nbsp;<\/p>\n<p><a class=\"dt-pswp-item\" href=\"https:\/\/www.radiopiu.net\/wordpress\/wp-content\/uploads\/2018\/09\/appuntamenti.jpeg\" data-dt-img-description=\"\" data-large_image_width=\"800\" data-large_image_height=\"100\"><img loading=\"lazy\" decoding=\"async\" class=\"aligncenter wp-image-61958 size-full\" src=\"https:\/\/www.radiopiu.net\/wordpress\/wp-content\/uploads\/2018\/09\/appuntamenti.jpeg\" alt=\"\" width=\"800\" height=\"100\" srcset=\"https:\/\/www.radiopiu.net\/wordpress\/wp-content\/uploads\/2018\/09\/appuntamenti.jpeg 800w, https:\/\/www.radiopiu.net\/wordpress\/wp-content\/uploads\/2018\/09\/appuntamenti-300x38.jpeg 300w, https:\/\/www.radiopiu.net\/wordpress\/wp-content\/uploads\/2018\/09\/appuntamenti-768x96.jpeg 768w\" sizes=\"auto, (max-width: 800px) 100vw, 800px\" \/><\/a><\/p>\n<p>&nbsp;<\/p>\n<blockquote>\n<h3>ROMANTI CAVIOLA CON LA PROLOCO, QUESTA SERA DALLE 20.30 CON MUSICA E FUOCHI ARTIFICIALI.<\/h3>\n<\/blockquote>\n<audio class=\"wp-audio-shortcode\" id=\"audio-153777-20\" preload=\"none\" style=\"width: 100%;\" controls=\"controls\"><source type=\"audio\/mpeg\" src=\"https:\/\/www.radiopiu.net\/wordpress\/wp-content\/uploads\/2020\/08\/GIANNI-CAVIOLA.mp3?_=20\" \/><a href=\"https:\/\/www.radiopiu.net\/wordpress\/wp-content\/uploads\/2020\/08\/GIANNI-CAVIOLA.mp3\">https:\/\/www.radiopiu.net\/wordpress\/wp-content\/uploads\/2020\/08\/GIANNI-CAVIOLA.mp3<\/a><\/audio>\n<p>&nbsp;<\/p>\n<p>&nbsp;<\/p>\n<hr \/>\n<blockquote>\n<h3>CASTELLO DI ANDRAZ: FINO AL 13 SETTEMBRE &#8220;FUGACI PRESENZE NELLE DOLOMITI&#8221;, FOTOGRAFIE DI GIACOMO DE DONA&#8217;<\/h3>\n<p>&nbsp;<\/p><\/blockquote>\n<hr \/>\n<p>&nbsp;<\/p>\n<p><strong>CANALED&#8217;AGORDO\u00a0 Il gruppo amatoriale BalliAmo in collaborazione con la Proloco organizza una serata di balli popolari con musica: giovedi 13 agosto alle 21 in piazza Papa Luciani, in caso di maltempo rinvio al 14 agosto.<\/strong><\/p>\n<p>&nbsp;<\/p>\n<hr \/>\n<h2><\/h2>\n<p><strong>MOSTRA MERCATO NELLE DOLOMITI AGORDINE PROSSIMI APPUNTAMENTI: Oggi in piazza ad Agordo,\u00a0 domani a Cencenighe, martedi a Rocca Pietore<\/strong><\/p>\n<p>&nbsp;<\/p>\n<hr \/>\n<p>&nbsp;<\/p>\n<blockquote>\n<h2><\/h2>\n<h2>MUSICA NELL&#8217;AGORDINO, I PROSSIMI APPUNTAMENTI<\/h2>\n<\/blockquote>\n<h3>DOMENICA CONCERTO NELL&#8217;ARCIDIACONALE DI AGORDO CON ODA ZOE HOCHSCHEID E GIOVANNI FELTRIN<\/h3>\n<p><a class=\"dt-pswp-item\" href=\"https:\/\/www.radiopiu.net\/wordpress\/wp-content\/uploads\/2018\/02\/CHIESA-AGORDO.jpg\" data-dt-img-description=\"\" data-large_image_width=\"250\" data-large_image_height=\"324\"><img loading=\"lazy\" decoding=\"async\" class=\" wp-image-43008 alignleft\" src=\"https:\/\/www.radiopiu.net\/wordpress\/wp-content\/uploads\/2018\/02\/CHIESA-AGORDO-231x300.jpg\" alt=\"\" width=\"89\" height=\"116\" srcset=\"https:\/\/www.radiopiu.net\/wordpress\/wp-content\/uploads\/2018\/02\/CHIESA-AGORDO-231x300.jpg 231w, https:\/\/www.radiopiu.net\/wordpress\/wp-content\/uploads\/2018\/02\/CHIESA-AGORDO.jpg 250w\" sizes=\"auto, (max-width: 89px) 100vw, 89px\" \/><\/a><\/p>\n<p>&nbsp;<\/p>\n<p>&nbsp;<\/p>\n<p>&nbsp;<\/p>\n<p>CON ANDREA BERNARDI<\/p>\n<audio class=\"wp-audio-shortcode\" id=\"audio-153777-21\" preload=\"none\" style=\"width: 100%;\" controls=\"controls\"><source type=\"audio\/mpeg\" src=\"https:\/\/www.radiopiu.net\/wordpress\/wp-content\/uploads\/2020\/08\/Intervista-completa-oda-giovanni-con-musica.mp3?_=21\" \/><a href=\"https:\/\/www.radiopiu.net\/wordpress\/wp-content\/uploads\/2020\/08\/Intervista-completa-oda-giovanni-con-musica.mp3\">https:\/\/www.radiopiu.net\/wordpress\/wp-content\/uploads\/2020\/08\/Intervista-completa-oda-giovanni-con-musica.mp3<\/a><\/audio>\n<p>&nbsp;<\/p>\n<p><strong>LIVINALLONGO Domenica 9 agosto alle 15 al Castello di Andraz i Rudem\u00e0<\/strong><\/p>\n<p><strong>di Andrea Bernardi<\/strong><\/p>\n<audio class=\"wp-audio-shortcode\" id=\"audio-153777-22\" preload=\"none\" style=\"width: 100%;\" controls=\"controls\"><source type=\"audio\/mpeg\" src=\"https:\/\/www.radiopiu.net\/wordpress\/wp-content\/uploads\/2020\/08\/intervista-Rudema.mp3?_=22\" \/><a href=\"https:\/\/www.radiopiu.net\/wordpress\/wp-content\/uploads\/2020\/08\/intervista-Rudema.mp3\">https:\/\/www.radiopiu.net\/wordpress\/wp-content\/uploads\/2020\/08\/intervista-Rudema.mp3<\/a><\/audio>\n<p>&nbsp;<\/p>\n<p><strong>FALCADE Il 12 agosto alle 21 alla casa della giovent\u00f9 di Caviola \u201cInno alla gioia\u201d, concerto della pianista Silvia Tessari. Prenotazione obbligatoria via telefono (anche messaggio) al 347 8870898. In caso di raggiungimento del numero massimo consentito sar\u00e0 previsto un secondo concerto per lo stesso giorno alle 18.<\/strong><\/p>\n<hr \/>\n<blockquote>\n<h3><\/h3>\n<h3>OGGI CINEMA ALL\u2019APERTO IN NEVEGAL, PORTARSI LA COPERTA.<\/h3>\n<\/blockquote>\n<p><strong>BELLUNO<\/strong>\u00a0 Sar\u00e0 \u201cAntropocene \u2013 L\u2019epoca umana\u201d il film proiettato \u2013 inizio programmato alle ore 21 \u2013 per la prima volta all\u2019aperto in Nevegal: un risultato ottenuto dalla collaborazione tra il Comune di Belluno e il Cinema Italia. Il film-documentario del 2018 racconta gli effetti delle attivit\u00e0 umane sulla natura e sul pianeta Terra; immagini dai sei continenti che mostrano i diversi modi con i quali l\u2019uomo sta sfruttando le risorse terrestri. modificando cos\u00ec il pianeta. Niente posti a sedere, solo un immenso prato all\u2019Agriturismo Faverghera che potr\u00e0 ospitare al massimo 200 persone<\/p>\n<p>&nbsp;<\/p>\n<p>&nbsp;<\/p>\n<hr \/>\n<p>&nbsp;<\/p>\n<blockquote>\n<h3>ESCURSIONE SUL SENTIERO DEI FOJAROI<\/h3>\n<\/blockquote>\n<p><strong><a class=\"dt-pswp-item\" href=\"https:\/\/www.radiopiu.net\/wordpress\/wp-content\/uploads\/2020\/08\/P1130492-scaled.jpg\" data-dt-img-description=\"\" data-large_image_width=\"2560\" data-large_image_height=\"1920\"><img loading=\"lazy\" decoding=\"async\" class=\"size-medium wp-image-153000 alignleft\" src=\"https:\/\/www.radiopiu.net\/wordpress\/wp-content\/uploads\/2020\/08\/P1130492-300x225.jpg\" alt=\"\" width=\"300\" height=\"225\" srcset=\"https:\/\/www.radiopiu.net\/wordpress\/wp-content\/uploads\/2020\/08\/P1130492-300x225.jpg 300w, https:\/\/www.radiopiu.net\/wordpress\/wp-content\/uploads\/2020\/08\/P1130492-1024x768.jpg 1024w, https:\/\/www.radiopiu.net\/wordpress\/wp-content\/uploads\/2020\/08\/P1130492-768x576.jpg 768w, https:\/\/www.radiopiu.net\/wordpress\/wp-content\/uploads\/2020\/08\/P1130492-1536x1152.jpg 1536w, https:\/\/www.radiopiu.net\/wordpress\/wp-content\/uploads\/2020\/08\/P1130492-2048x1536.jpg 2048w\" sizes=\"auto, (max-width: 300px) 100vw, 300px\" \/><\/a>BELLUNO\u00a0<\/strong>I fojaroi sono casolari con il tetto fatto di fascine di rami e foglie di faggio. Costituiscono un capolavoro di biotecnologia, del tutto originale, frutto dell\u2019ingegno dei pastori della Valle di Seren del Grappa. Ne esistono ancora pochi esemplari, alcuni dei quali potranno essere visitati nel corso di un\u2019escursione di circa 7 km e 400 m dislivello, organizzata dal Comune di Limana e Comitato di Valmorel e condotta da Anacleto Boranga, divulgatore e guida naturalistica ed ambientale. Verranno osservati pure vari interessanti aspetti riguardanti il modo di vivere, di abitare e di lavorare di un tempo. La partecipazione, prevede un contributo di partecipazione da versare alla partenza. Il gruppo non sar\u00e0 numeroso. Prenotazione obbligatoria ai nn 347 7619696 \u2013335 7291783 339 7003364 Ritrovo alle ore 8,00 di domenica 9 agosto al parcheggio antistante la scuola elementare di Limana.<\/p>\n<p>&nbsp;<\/p>\n<p>&nbsp;<\/p>\n<p>&nbsp;<\/p>\n<hr \/>\n<p>&nbsp;<\/p>\n<blockquote>\n<h3>MOSTRA DI SAVINO CONEDERA AL CAFFE&#8217; MINIERE DI AGORDO<\/h3>\n<\/blockquote>\n<p><strong><a class=\"dt-pswp-item\" href=\"https:\/\/www.radiopiu.net\/wordpress\/wp-content\/uploads\/2020\/08\/12f1d505-5668-42b8-8ad2-5336c07a910e.jpg\" data-dt-img-description=\"\" data-large_image_width=\"1352\" data-large_image_height=\"1040\"><img loading=\"lazy\" decoding=\"async\" class=\" wp-image-153010 alignleft\" src=\"https:\/\/www.radiopiu.net\/wordpress\/wp-content\/uploads\/2020\/08\/12f1d505-5668-42b8-8ad2-5336c07a910e-300x231.jpg\" alt=\"\" width=\"144\" height=\"111\" srcset=\"https:\/\/www.radiopiu.net\/wordpress\/wp-content\/uploads\/2020\/08\/12f1d505-5668-42b8-8ad2-5336c07a910e-300x231.jpg 300w, https:\/\/www.radiopiu.net\/wordpress\/wp-content\/uploads\/2020\/08\/12f1d505-5668-42b8-8ad2-5336c07a910e-1024x788.jpg 1024w, https:\/\/www.radiopiu.net\/wordpress\/wp-content\/uploads\/2020\/08\/12f1d505-5668-42b8-8ad2-5336c07a910e-768x591.jpg 768w, https:\/\/www.radiopiu.net\/wordpress\/wp-content\/uploads\/2020\/08\/12f1d505-5668-42b8-8ad2-5336c07a910e.jpg 1352w\" sizes=\"auto, (max-width: 144px) 100vw, 144px\" \/><\/a>AGORDO<\/strong> Sono esposti presso il Caff\u00e8 Miniere di Agordo i lavori di Savino Conedera. Una mostra che non ha una data precisa di fine e che sar\u00e0 visitabile durante l&#8217;apertura del locale.<\/p>\n<p>&nbsp;<\/p>\n<p>&nbsp;<\/p>\n<p>&nbsp;<\/p>\n<hr \/>\n<p>&nbsp;<\/p>\n<blockquote>\n<h3>DUE GIORNI CON IL CAI SEZIONE AGORDINA<\/h3>\n<\/blockquote>\n<p><strong>AGORDO<\/strong> Sabato 29 e domenica 30 agosto escursione nel gruppo del Canin sulla ferrata Julia che segna il confine tra Italia (Provincia di Udine) e Slovenia; gi\u00e0 visibile dalla pianura friulana fu anch&#8217;esso protagonista degli scontri tra gli eserciti italiani e austriaci durante la Grande Guerra.\u00a0 Si tratta di un grandissimo altipiano calcareo interessato dal fenomeno del carsismo che culmina con una lunga cresta che separa i due stati. Ambiente sicuramente straordinario con scorci inusuali, difficile da dimenticare,\u00a0 L&#8217;escursione prevede la salita alla vetta in territorio italiano lungo la storica &#8220;Ferrata Julia&#8221; ed il rientro per il versante sloveno.\u00a0 Escursione creata EEA \/ PD .\u00a0 Obbligatorio set da ferrata completo e omologato.<\/p>\n<p>&nbsp;<\/p>\n<hr \/>\n<p>&nbsp;<\/p>\n<blockquote>\n<h3>FEDERICO AICARDI IN CONCERTO A &#8220;CASA EMILIA&#8221;<\/h3>\n<\/blockquote>\n<p><a class=\"dt-pswp-item\" href=\"https:\/\/www.radiopiu.net\/wordpress\/wp-content\/uploads\/2020\/08\/aicardi-locandina-1.jpg\" data-dt-img-description=\"\" data-large_image_width=\"960\" data-large_image_height=\"960\"><img loading=\"lazy\" decoding=\"async\" class=\" wp-image-153056 alignleft\" src=\"https:\/\/www.radiopiu.net\/wordpress\/wp-content\/uploads\/2020\/08\/aicardi-locandina-1-300x300.jpg\" alt=\"\" width=\"184\" height=\"184\" srcset=\"https:\/\/www.radiopiu.net\/wordpress\/wp-content\/uploads\/2020\/08\/aicardi-locandina-1-300x300.jpg 300w, https:\/\/www.radiopiu.net\/wordpress\/wp-content\/uploads\/2020\/08\/aicardi-locandina-1-150x150.jpg 150w, https:\/\/www.radiopiu.net\/wordpress\/wp-content\/uploads\/2020\/08\/aicardi-locandina-1-768x768.jpg 768w, https:\/\/www.radiopiu.net\/wordpress\/wp-content\/uploads\/2020\/08\/aicardi-locandina-1.jpg 960w\" sizes=\"auto, (max-width: 184px) 100vw, 184px\" \/><\/a><strong> SELVA DI CADORE<\/strong> Concerto d&#8217;autore domani alle 15.40 sulla terrazza panoramica dell&#8217;Osteria Casa Emilia. \u00a0Federico Aicardi proporr\u00e0 uno show esclusivo, con le migliori canzoni di amati cantautori italici e non solo. Sar\u00e0 \u00a0accompagnato dalle chitarre del maestro Ettore Cimpincio e da altri super famosi ospiti. Lice\u00a0 con le migliori\u00a0 di\u00a0 Guccini,\u00a0 De Gregori, De Andr\u00e9, Dalla,\u00a0 Conte, Brunori\u00a0 e le immancabili\u00a0 nuove canzoni del cantautore. Nel corso del concerto verranno proposti gustosi piatti della tradizione emiliano-romagnola. INFO e PRENOTAZIONI: Martina Testori 338 4727059. In caso di MALTEMPO, l&#8217;evento si svolger\u00e0 all&#8217;interno del locale, nel rispetto della normativa di distanziamento attualmente vigente.<\/p>\n<p>&nbsp;<\/p>\n<p>&nbsp;<\/p>\n<p>&nbsp;<\/p>\n<hr \/>\n<p>&nbsp;<\/p>\n<blockquote>\n<h3>SAY CHEESE! VOLTI E VOCI DI MALGA<\/h3>\n<\/blockquote>\n<p><strong><a class=\"dt-pswp-item\" href=\"https:\/\/www.radiopiu.net\/wordpress\/wp-content\/uploads\/2020\/08\/IlariaSperandio.jpeg\" data-dt-img-description=\"\" data-large_image_width=\"1280\" data-large_image_height=\"854\"><img loading=\"lazy\" decoding=\"async\" class=\"size-medium wp-image-153828 alignleft\" src=\"https:\/\/www.radiopiu.net\/wordpress\/wp-content\/uploads\/2020\/08\/IlariaSperandio-300x200.jpeg\" alt=\"\" width=\"300\" height=\"200\" srcset=\"https:\/\/www.radiopiu.net\/wordpress\/wp-content\/uploads\/2020\/08\/IlariaSperandio-300x200.jpeg 300w, https:\/\/www.radiopiu.net\/wordpress\/wp-content\/uploads\/2020\/08\/IlariaSperandio-1024x683.jpeg 1024w, https:\/\/www.radiopiu.net\/wordpress\/wp-content\/uploads\/2020\/08\/IlariaSperandio-768x512.jpeg 768w, https:\/\/www.radiopiu.net\/wordpress\/wp-content\/uploads\/2020\/08\/IlariaSperandio.jpeg 1280w\" sizes=\"auto, (max-width: 300px) 100vw, 300px\" \/><\/a>BELLUNO\u00a0<\/strong>Da oggi il Museo di Seravella, a Cesiomaggiore, dedica la propria sala delle esposizioni alla mostra fotografica <i>SAY CHEESE! Volti e voci di malga<\/i>, realizzata nell&#8217;ambito del progetto scientifico <i>Formaggi alpini \u2013 Le molecole del gusto<\/i>.\u00a0La mostra racconta, attraverso le immagini e le parole dei suoi protagonisti, la vita dei malgari di oggi; mentre l&#8217;allestimento richiama, attraverso gli oggetti antichi del Museo, la vita di chi di pastorizia e lavorazione del formaggio viveva un tempo.\u00a0C&#8217;\u00e8 il racconto di chi ogni giorno si alza prestissimo per mungere le vacche; chi trascorre ore e ore a rimestare latte, produrre ricotte e pressare formaggelle; chi tenta di coniugare l&#8217;attivit\u00e0 casearia con quella agrituristica; chi non fa altro che formaggio per non snaturare il lavoro del malgaro. E poi: i casari stranieri e le loro storie diversissime per arrivare in una malga ai piedi di qualche croda dolomitica; le generazioni di malgari, l&#8217;amore denso per le proprie bestie, la panna vera con i frutti di bosco, il latte caldo e le stanze per l&#8217;affumicatura, i pastori silenziosi e remoti, gli incontri con il lupo, i malgari giovanissimi, resistenti della montagna, la nascita dei vitelli, la cura dei pascoli e il bisogno di turismo&#8230;\u00a0La mostra, a ingresso gratuito, sar\u00e0 visitabile dall&#8217;8 agosto negli orari di apertura estiva del museo: da marted\u00ec a gioved\u00ec dalle 9 alle 13; venerd\u00ec dalle 9 alle 13 e dalle 15 alle 18; sabato e domenica dalle 15 alle 18.20.\u00a0\u00a0Per evitare code e assembramenti e consentire lo svolgimento delle pratiche anti-Covid \u00e8 consigliata la prenotazione allo 0439 438355 (o via mail all&#8217;indirizzo <a href=\"mailto:museoseravella@provincia.belluno.it\">museoseravella@provincia.belluno.it<\/a>).<\/p>\n<p>&nbsp;<\/p>\n<p>&nbsp;<\/p>\n<hr \/>\n<p>&nbsp;<\/p>\n<blockquote>\n<h3>CINEMA SOTTO LE STELLE A SEDICO, MA NON SOLO CINEMA.<\/h3>\n<\/blockquote>\n<p class=\"photoswipe-wrapper\"><strong>SEDICO<\/strong> Con la Proloco di Sedico, i mercoled\u00ec sera a Villa Patt di Sedico.\u00a0 Per chi lo desidera c\u2019\u00e8 la possibilit\u00e0 di prenotare i biglietti online, al proposito riportiamo i link della varie serate, ingresso 5 euro adulti, 2 euro bambini con chiosco, pop corn e patatine.\u00a0\u00a0<strong>12\/08\/2020 BIANCO COME IL NERO \u2013 L\u2019AURORA<\/strong>\u00a0doppio appuntamento nel primo lo scenario della Grande Guerra durante il 1917 (l\u2019an de la fam) la gente di montagna cerca di resistere alla tragedia con l\u2019aiuto dei frati della certosa. In l\u2019Aurora una donna bella fuori ma malinconica dentro che si chiude in un mondo di immersioni in apnea e creazioni sartoriali nel laboratorio dove lavora:<a href=\"https:\/\/docs.google.com\/forms\/d\/e\/1FAIpQLSdXMb0Hr099eyzGSoVYTl8WpsZW3TKfCQXQAcF__f3NRouX5Q\/viewform\">\u00a0CLICCA QUI<\/a>\u00a0<strong>19\/08\/2020 ROCKETMAN<\/strong>\u00a0Un timido pianista di provincia costruisce la propria carriera e il proprio personaggio fino a divenire una delle pi\u00f9 note stelle della musica internazionale. Lui \u00e8 Reginald Dwight ovvero Elton John\u00a0<a href=\"https:\/\/docs.google.com\/forms\/d\/e\/1FAIpQLSf32PztPJJRQslTRKR5qlhJRoHr-LQLsAXpTy6U6XSL_Ykf-A\/viewform\">CLICCA QUI<\/a><\/p>\n<p>&nbsp;<\/p>\n<p>&nbsp;<\/p>\n<hr \/>\n<p>&nbsp;<\/p>\n<h3>NAUFRAGI DI UN&#8217; ILLUSIONE, poesia, musica e fotografia<\/h3>\n<p><strong>CENCENIGHE<\/strong> Venerdi 12 agosto alle 20.30 nella sala consiliareculturale del Municipio (Nof Filo&#8217;) letture di Nicola Scodro e Althea Ronzani, ingresso libero con Comune e Biblioteca Civica in collaborazione con Medici con L&#8217;Africa e patrocinio Parco Dolomiti Bellunesi.<\/p>\n<p>&nbsp;<\/p>\n<hr \/>\n<blockquote>\n<h3><\/h3>\n<\/blockquote>\n<blockquote>\n<h3>EL CANAL DE AGORDO<\/h3>\n<\/blockquote>\n<p><strong>AGORDO<\/strong>\u00a0Scavare nel passato, storia ed archeologia da San Gottardo a Pont del Cristo. La mostra \u00e8 allestita al Museo mineralogico e paleontologico di via 5 maggio con ingresso libero. Fino al 6 settembre il venerdi, sabato e domenica dalle 10 alle 12.30 e dalle 16 alle 19. Info: archeoagordo.arca@gmail.com<\/p>\n<p>&nbsp;<\/p>\n<hr \/>\n<p>&nbsp;<\/p>\n<blockquote>\n<h2 class=\"tw-data-text tw-text-large XcVN5d tw-ta\" dir=\"ltr\" data-placeholder=\"Traduzione\"><span lang=\"en\">appointments recommended by radio pi\u00f9<\/span><\/h2>\n<\/blockquote>\n\n\t\t\t<style type='text\/css'>\n\t\t\t\t#gallery-3 {\n\t\t\t\t\tmargin: auto;\n\t\t\t\t}\n\t\t\t\t#gallery-3 .gallery-item {\n\t\t\t\t\tfloat: left;\n\t\t\t\t\tmargin-top: 10px;\n\t\t\t\t\ttext-align: center;\n\t\t\t\t\twidth: 14%;\n\t\t\t\t}\n\t\t\t\t#gallery-3 img {\n\t\t\t\t\tborder: 2px solid #cfcfcf;\n\t\t\t\t}\n\t\t\t\t#gallery-3 .gallery-caption {\n\t\t\t\t\tmargin-left: 0;\n\t\t\t\t}\n\t\t\t\t\/* see gallery_shortcode() in wp-includes\/media.php *\/\n\t\t\t<\/style>\n\t\t<div id='gallery-3' class='dt-gallery-container gallery galleryid-153777 gallery-columns-7 gallery-size-thumbnail'><dl class='gallery-item'>\n\t\t\t\t<dt class='gallery-icon portrait'>\n\t\t\t\t\t<a class=\"rollover rollover-zoom dt-pswp-item\" title=\"cce2de5d-0e50-4461-9ff7-ebbd7509ab70\" data-dt-img-description=\"\" data-large_image_width=\"1240\" data-large_image_height=\"1550\"href='https:\/\/www.radiopiu.net\/wordpress\/wp-content\/uploads\/2020\/08\/cce2de5d-0e50-4461-9ff7-ebbd7509ab70.jpg'><img loading=\"lazy\" decoding=\"async\" width=\"150\" height=\"150\" src=\"https:\/\/www.radiopiu.net\/wordpress\/wp-content\/uploads\/2020\/08\/cce2de5d-0e50-4461-9ff7-ebbd7509ab70-150x150.jpg\" class=\"attachment-thumbnail size-thumbnail\" alt=\"\" \/><\/a>\n\t\t\t\t<\/dt><\/dl><dl class='gallery-item'>\n\t\t\t\t<dt class='gallery-icon portrait'>\n\t\t\t\t\t<a class=\"rollover rollover-zoom dt-pswp-item\" title=\"2748ffeb-1a97-4edd-87da-2b5db1eb6670\" data-dt-img-description=\"\" data-large_image_width=\"1131\" data-large_image_height=\"1600\"href='https:\/\/www.radiopiu.net\/wordpress\/wp-content\/uploads\/2020\/08\/2748ffeb-1a97-4edd-87da-2b5db1eb6670-1.jpg'><img loading=\"lazy\" decoding=\"async\" width=\"150\" height=\"150\" src=\"https:\/\/www.radiopiu.net\/wordpress\/wp-content\/uploads\/2020\/08\/2748ffeb-1a97-4edd-87da-2b5db1eb6670-1-150x150.jpg\" class=\"attachment-thumbnail size-thumbnail\" alt=\"\" \/><\/a>\n\t\t\t\t<\/dt><\/dl><dl class='gallery-item'>\n\t\t\t\t<dt class='gallery-icon landscape'>\n\t\t\t\t\t<a class=\"rollover rollover-zoom dt-pswp-item\" title=\"aicardi locandina\" data-dt-img-description=\"\" data-large_image_width=\"960\" data-large_image_height=\"960\"href='https:\/\/www.radiopiu.net\/wordpress\/wp-content\/uploads\/2020\/08\/aicardi-locandina.jpg'><img loading=\"lazy\" decoding=\"async\" width=\"150\" height=\"150\" src=\"https:\/\/www.radiopiu.net\/wordpress\/wp-content\/uploads\/2020\/08\/aicardi-locandina-150x150.jpg\" class=\"attachment-thumbnail size-thumbnail\" alt=\"\" srcset=\"https:\/\/www.radiopiu.net\/wordpress\/wp-content\/uploads\/2020\/08\/aicardi-locandina-150x150.jpg 150w, https:\/\/www.radiopiu.net\/wordpress\/wp-content\/uploads\/2020\/08\/aicardi-locandina-300x300.jpg 300w, https:\/\/www.radiopiu.net\/wordpress\/wp-content\/uploads\/2020\/08\/aicardi-locandina-768x768.jpg 768w, https:\/\/www.radiopiu.net\/wordpress\/wp-content\/uploads\/2020\/08\/aicardi-locandina.jpg 960w\" sizes=\"auto, (max-width: 150px) 100vw, 150px\" \/><\/a>\n\t\t\t\t<\/dt><\/dl><dl class='gallery-item'>\n\t\t\t\t<dt class='gallery-icon portrait'>\n\t\t\t\t\t<a class=\"rollover rollover-zoom dt-pswp-item\" title=\"yogaandraz\" data-dt-img-description=\"\" data-large_image_width=\"905\" data-large_image_height=\"1280\"href='https:\/\/www.radiopiu.net\/wordpress\/wp-content\/uploads\/2020\/07\/yogaandraz.jpg'><img loading=\"lazy\" decoding=\"async\" width=\"150\" height=\"150\" src=\"https:\/\/www.radiopiu.net\/wordpress\/wp-content\/uploads\/2020\/07\/yogaandraz-150x150.jpg\" class=\"attachment-thumbnail size-thumbnail\" alt=\"\" \/><\/a>\n\t\t\t\t<\/dt><\/dl><dl class='gallery-item'>\n\t\t\t\t<dt class='gallery-icon portrait'>\n\t\t\t\t\t<a class=\"rollover rollover-zoom dt-pswp-item\" title=\"RITROVARSI IN SINISTRA PIAVE locandina definitiva\" data-dt-img-description=\"\" data-large_image_width=\"1293\" data-large_image_height=\"2560\"href='https:\/\/www.radiopiu.net\/wordpress\/wp-content\/uploads\/2020\/07\/RITROVARSI-IN-SINISTRA-PIAVE-locandina-definitiva-scaled.jpg'><img loading=\"lazy\" decoding=\"async\" width=\"150\" height=\"150\" src=\"https:\/\/www.radiopiu.net\/wordpress\/wp-content\/uploads\/2020\/07\/RITROVARSI-IN-SINISTRA-PIAVE-locandina-definitiva-150x150.jpg\" class=\"attachment-thumbnail size-thumbnail\" alt=\"\" \/><\/a>\n\t\t\t\t<\/dt><\/dl><dl class='gallery-item'>\n\t\t\t\t<dt class='gallery-icon portrait'>\n\t\t\t\t\t<a class=\"rollover rollover-zoom dt-pswp-item\" title=\"82799889_285851282792527_7947034300049837793_n\" data-dt-img-description=\"\" data-large_image_width=\"678\" data-large_image_height=\"960\"href='https:\/\/www.radiopiu.net\/wordpress\/wp-content\/uploads\/2020\/07\/82799889_285851282792527_7947034300049837793_n.jpg'><img loading=\"lazy\" decoding=\"async\" width=\"150\" height=\"150\" src=\"https:\/\/www.radiopiu.net\/wordpress\/wp-content\/uploads\/2020\/07\/82799889_285851282792527_7947034300049837793_n-150x150.jpg\" class=\"attachment-thumbnail size-thumbnail\" alt=\"\" \/><\/a>\n\t\t\t\t<\/dt><\/dl><dl class='gallery-item'>\n\t\t\t\t<dt class='gallery-icon portrait'>\n\t\t\t\t\t<a class=\"rollover rollover-zoom dt-pswp-item\" title=\"fb0f2285-210f-4bba-8573-b8ff07a91fa8\" data-dt-img-description=\"\" data-large_image_width=\"726\" data-large_image_height=\"1024\"href='https:\/\/www.radiopiu.net\/wordpress\/wp-content\/uploads\/2020\/07\/fb0f2285-210f-4bba-8573-b8ff07a91fa8.jpg'><img loading=\"lazy\" decoding=\"async\" width=\"150\" height=\"150\" src=\"https:\/\/www.radiopiu.net\/wordpress\/wp-content\/uploads\/2020\/07\/fb0f2285-210f-4bba-8573-b8ff07a91fa8-150x150.jpg\" class=\"attachment-thumbnail size-thumbnail\" alt=\"\" \/><\/a>\n\t\t\t\t<\/dt><\/dl><br style=\"clear: both\" \/><dl class='gallery-item'>\n\t\t\t\t<dt class='gallery-icon portrait'>\n\t\t\t\t\t<a class=\"rollover rollover-zoom dt-pswp-item\" title=\"446199a0-ccb6-4daa-88f9-ee34f5a4944a\" data-dt-img-description=\"\" data-large_image_width=\"1080\" data-large_image_height=\"1350\"href='https:\/\/www.radiopiu.net\/wordpress\/wp-content\/uploads\/2020\/07\/446199a0-ccb6-4daa-88f9-ee34f5a4944a.jpg'><img loading=\"lazy\" decoding=\"async\" width=\"150\" height=\"150\" src=\"https:\/\/www.radiopiu.net\/wordpress\/wp-content\/uploads\/2020\/07\/446199a0-ccb6-4daa-88f9-ee34f5a4944a-150x150.jpg\" class=\"attachment-thumbnail size-thumbnail\" alt=\"\" \/><\/a>\n\t\t\t\t<\/dt><\/dl><dl class='gallery-item'>\n\t\t\t\t<dt class='gallery-icon portrait'>\n\t\t\t\t\t<a class=\"rollover rollover-zoom dt-pswp-item\" title=\"LOCANDINA MOSTRA ARCA 2019 Patrocinio\" data-dt-img-description=\"\" data-large_image_width=\"1810\" data-large_image_height=\"2560\"href='https:\/\/www.radiopiu.net\/wordpress\/wp-content\/uploads\/2020\/07\/LOCANDINA-MOSTRA-ARCA-2020-scaled.jpg'><img loading=\"lazy\" decoding=\"async\" width=\"150\" height=\"150\" src=\"https:\/\/www.radiopiu.net\/wordpress\/wp-content\/uploads\/2020\/07\/LOCANDINA-MOSTRA-ARCA-2020-150x150.jpg\" class=\"attachment-thumbnail size-thumbnail\" alt=\"\" \/><\/a>\n\t\t\t\t<\/dt><\/dl><dl class='gallery-item'>\n\t\t\t\t<dt class='gallery-icon portrait'>\n\t\t\t\t\t<a class=\"rollover rollover-zoom dt-pswp-item\" title=\"0995c87e-41e6-46f0-81e9-380485c41502\" data-dt-img-description=\"\" data-large_image_width=\"1447\" data-large_image_height=\"2048\"href='https:\/\/www.radiopiu.net\/wordpress\/wp-content\/uploads\/2020\/07\/0995c87e-41e6-46f0-81e9-380485c41502.jpg'><img loading=\"lazy\" decoding=\"async\" width=\"150\" height=\"150\" src=\"https:\/\/www.radiopiu.net\/wordpress\/wp-content\/uploads\/2020\/07\/0995c87e-41e6-46f0-81e9-380485c41502-150x150.jpg\" class=\"attachment-thumbnail size-thumbnail\" alt=\"\" \/><\/a>\n\t\t\t\t<\/dt><\/dl><dl class='gallery-item'>\n\t\t\t\t<dt class='gallery-icon portrait'>\n\t\t\t\t\t<a class=\"rollover rollover-zoom dt-pswp-item\" title=\"4dd872a2-f52d-4a12-9746-816401dfe394\" data-dt-img-description=\"\" data-large_image_width=\"1131\" data-large_image_height=\"1600\"href='https:\/\/www.radiopiu.net\/wordpress\/wp-content\/uploads\/2020\/07\/4dd872a2-f52d-4a12-9746-816401dfe394.jpg'><img loading=\"lazy\" decoding=\"async\" width=\"150\" height=\"150\" src=\"https:\/\/www.radiopiu.net\/wordpress\/wp-content\/uploads\/2020\/07\/4dd872a2-f52d-4a12-9746-816401dfe394-150x150.jpg\" class=\"attachment-thumbnail size-thumbnail\" alt=\"\" \/><\/a>\n\t\t\t\t<\/dt><\/dl><dl class='gallery-item'>\n\t\t\t\t<dt class='gallery-icon portrait'>\n\t\t\t\t\t<a class=\"rollover rollover-zoom dt-pswp-item\" title=\"concerto Tessari\" data-dt-img-description=\"\" data-large_image_width=\"1239\" data-large_image_height=\"1754\"href='https:\/\/www.radiopiu.net\/wordpress\/wp-content\/uploads\/2020\/07\/concerto-Tessari.jpg'><img loading=\"lazy\" decoding=\"async\" width=\"150\" height=\"150\" src=\"https:\/\/www.radiopiu.net\/wordpress\/wp-content\/uploads\/2020\/07\/concerto-Tessari-150x150.jpg\" class=\"attachment-thumbnail size-thumbnail\" alt=\"\" \/><\/a>\n\t\t\t\t<\/dt><\/dl><dl class='gallery-item'>\n\t\t\t\t<dt class='gallery-icon portrait'>\n\t\t\t\t\t<a class=\"rollover rollover-zoom dt-pswp-item\" title=\"ALLA SCOPERTA DI CANALE\" data-dt-img-description=\"\" data-large_image_width=\"620\" data-large_image_height=\"873\"href='https:\/\/www.radiopiu.net\/wordpress\/wp-content\/uploads\/2020\/07\/ALLA-SCOPERTA-DI-CANALE-.jpg'><img loading=\"lazy\" decoding=\"async\" width=\"150\" height=\"150\" src=\"https:\/\/www.radiopiu.net\/wordpress\/wp-content\/uploads\/2020\/07\/ALLA-SCOPERTA-DI-CANALE--150x150.jpg\" class=\"attachment-thumbnail size-thumbnail\" alt=\"\" \/><\/a>\n\t\t\t\t<\/dt><\/dl><dl class='gallery-item'>\n\t\t\t\t<dt class='gallery-icon portrait'>\n\t\t\t\t\t<a class=\"rollover rollover-zoom dt-pswp-item\" title=\"newsletter Week 4 Kids Summer\" data-dt-img-description=\"\" data-large_image_width=\"1280\" data-large_image_height=\"2560\"href='https:\/\/www.radiopiu.net\/wordpress\/wp-content\/uploads\/2020\/07\/newsletter-Week-4-Kids-Summer-scaled.jpg'><img loading=\"lazy\" decoding=\"async\" width=\"150\" height=\"150\" src=\"https:\/\/www.radiopiu.net\/wordpress\/wp-content\/uploads\/2020\/07\/newsletter-Week-4-Kids-Summer-150x150.jpg\" class=\"attachment-thumbnail size-thumbnail\" alt=\"\" \/><\/a>\n\t\t\t\t<\/dt><\/dl><br style=\"clear: both\" \/><dl class='gallery-item'>\n\t\t\t\t<dt class='gallery-icon landscape'>\n\t\t\t\t\t<a class=\"rollover rollover-zoom dt-pswp-item\" title=\"12f1d505-5668-42b8-8ad2-5336c07a910e\" data-dt-img-description=\"\" data-large_image_width=\"1352\" data-large_image_height=\"1040\"href='https:\/\/www.radiopiu.net\/wordpress\/wp-content\/uploads\/2020\/08\/12f1d505-5668-42b8-8ad2-5336c07a910e.jpg'><img loading=\"lazy\" decoding=\"async\" width=\"150\" height=\"150\" src=\"https:\/\/www.radiopiu.net\/wordpress\/wp-content\/uploads\/2020\/08\/12f1d505-5668-42b8-8ad2-5336c07a910e-150x150.jpg\" class=\"attachment-thumbnail size-thumbnail\" alt=\"\" \/><\/a>\n\t\t\t\t<\/dt><\/dl><dl class='gallery-item'>\n\t\t\t\t<dt class='gallery-icon portrait'>\n\t\t\t\t\t<a class=\"rollover rollover-zoom dt-pswp-item\" title=\"mercoledi 12 agosto_0001\" data-dt-img-description=\"\" data-large_image_width=\"1810\" data-large_image_height=\"2560\"href='https:\/\/www.radiopiu.net\/wordpress\/wp-content\/uploads\/2020\/08\/mercoledi-12-agosto_0001-scaled.jpg'><img loading=\"lazy\" decoding=\"async\" width=\"150\" height=\"150\" src=\"https:\/\/www.radiopiu.net\/wordpress\/wp-content\/uploads\/2020\/08\/mercoledi-12-agosto_0001-150x150.jpg\" class=\"attachment-thumbnail size-thumbnail\" alt=\"\" \/><\/a>\n\t\t\t\t<\/dt><\/dl><dl class='gallery-item'>\n\t\t\t\t<dt class='gallery-icon landscape'>\n\t\t\t\t\t<a class=\"rollover rollover-zoom dt-pswp-item\" title=\"volantino parco dolomiti bellunesi 13agosto\" data-dt-img-description=\"\" data-large_image_width=\"2560\" data-large_image_height=\"1920\"href='https:\/\/www.radiopiu.net\/wordpress\/wp-content\/uploads\/2020\/08\/volantino-parco-dolomiti-bellunesi-13agosto-scaled.jpg'><img loading=\"lazy\" decoding=\"async\" width=\"150\" height=\"150\" src=\"https:\/\/www.radiopiu.net\/wordpress\/wp-content\/uploads\/2020\/08\/volantino-parco-dolomiti-bellunesi-13agosto-150x150.jpg\" class=\"attachment-thumbnail size-thumbnail\" alt=\"\" \/><\/a>\n\t\t\t\t<\/dt><\/dl><dl class='gallery-item'>\n\t\t\t\t<dt class='gallery-icon portrait'>\n\t\t\t\t\t<a class=\"rollover rollover-zoom dt-pswp-item\" title=\"lettura BASSA\" data-dt-img-description=\"\" data-large_image_width=\"1240\" data-large_image_height=\"1754\"href='https:\/\/www.radiopiu.net\/wordpress\/wp-content\/uploads\/2020\/08\/lettura-BASSA.jpg'><img loading=\"lazy\" decoding=\"async\" width=\"150\" height=\"150\" src=\"https:\/\/www.radiopiu.net\/wordpress\/wp-content\/uploads\/2020\/08\/lettura-BASSA-150x150.jpg\" class=\"attachment-thumbnail size-thumbnail\" alt=\"\" \/><\/a>\n\t\t\t\t<\/dt><\/dl><dl class='gallery-item'>\n\t\t\t\t<dt class='gallery-icon portrait'>\n\t\t\t\t\t<a class=\"rollover rollover-zoom dt-pswp-item\" title=\"LOCANDINA_MOSTRA andraz\" data-dt-img-description=\"\" data-large_image_width=\"1753\" data-large_image_height=\"2480\"href='https:\/\/www.radiopiu.net\/wordpress\/wp-content\/uploads\/2020\/08\/LOCANDINA_MOSTRA-andraz.jpg'><img loading=\"lazy\" decoding=\"async\" width=\"150\" height=\"150\" src=\"https:\/\/www.radiopiu.net\/wordpress\/wp-content\/uploads\/2020\/08\/LOCANDINA_MOSTRA-andraz-150x150.jpg\" class=\"attachment-thumbnail size-thumbnail\" alt=\"\" \/><\/a>\n\t\t\t\t<\/dt><\/dl><dl class='gallery-item'>\n\t\t\t\t<dt class='gallery-icon portrait'>\n\t\t\t\t\t<a class=\"rollover rollover-zoom dt-pswp-item\" title=\"c3d25266-6703-4625-98e4-50e84d1667b8\" data-dt-img-description=\"\" data-large_image_width=\"638\" data-large_image_height=\"904\"href='https:\/\/www.radiopiu.net\/wordpress\/wp-content\/uploads\/2020\/08\/c3d25266-6703-4625-98e4-50e84d1667b8.jpg'><img loading=\"lazy\" decoding=\"async\" width=\"150\" height=\"150\" src=\"https:\/\/www.radiopiu.net\/wordpress\/wp-content\/uploads\/2020\/08\/c3d25266-6703-4625-98e4-50e84d1667b8-150x150.jpg\" class=\"attachment-thumbnail size-thumbnail\" alt=\"\" \/><\/a>\n\t\t\t\t<\/dt><\/dl>\n\t\t\t\t<br style='clear: both' \/>\n\t\t\t<\/div>\n\n<p>&nbsp;<\/p>\n<p>&nbsp;<\/p>\n<p>&nbsp;<\/p>\n<hr \/>\n<p>&nbsp;<\/p>\n<h2><a class=\"dt-pswp-item\" href=\"https:\/\/www.radiopiu.net\/wordpress\/wp-content\/uploads\/2017\/06\/Cabinovia-Col-dei-Baldi-\u00a9Alberto-Gnech-Archivio-Alleghe-Funive.jpg\" data-dt-img-description=\"\" data-large_image_width=\"1500\" data-large_image_height=\"2247\"><img loading=\"lazy\" decoding=\"async\" class=\"size-medium wp-image-33714 alignleft\" src=\"https:\/\/www.radiopiu.net\/wordpress\/wp-content\/uploads\/2017\/06\/Cabinovia-Col-dei-Baldi-\u00a9Alberto-Gnech-Archivio-Alleghe-Funive-200x300.jpg\" alt=\"\" width=\"200\" height=\"300\" \/><\/a><span style=\"color: #ff6600;\"><strong>ALLEGHE FUNIVIE, STAGIONE ESTIVA A PIENO RITMO PROGRAMMANDO L&#8217;INVERNO<\/strong><\/span><\/h2>\n<p><strong>CON SERGIO PRA PRESIDENTE ALLEGHE FUNIVIE ED ANDREA DAL FARRA DIRETTORE MARKETING<\/strong><\/p>\n<audio class=\"wp-audio-shortcode\" id=\"audio-153777-23\" preload=\"none\" style=\"width: 100%;\" controls=\"controls\"><source type=\"audio\/mpeg\" src=\"https:\/\/www.radiopiu.net\/wordpress\/wp-content\/uploads\/2020\/08\/ALLEGHE-FUNIVIE-1.mp3?_=23\" \/><a href=\"https:\/\/www.radiopiu.net\/wordpress\/wp-content\/uploads\/2020\/08\/ALLEGHE-FUNIVIE-1.mp3\">https:\/\/www.radiopiu.net\/wordpress\/wp-content\/uploads\/2020\/08\/ALLEGHE-FUNIVIE-1.mp3<\/a><\/audio>\n<p>&nbsp;<\/p>\n<hr \/>\n<p>&nbsp;<\/p>\n<h2><a class=\"dt-pswp-item\" href=\"https:\/\/www.radiopiu.net\/wordpress\/wp-content\/uploads\/2018\/02\/CHIESA-AGORDO.jpg\" data-dt-img-description=\"\" data-large_image_width=\"250\" data-large_image_height=\"324\"><img loading=\"lazy\" decoding=\"async\" class=\"size-medium wp-image-43008 alignleft\" src=\"https:\/\/www.radiopiu.net\/wordpress\/wp-content\/uploads\/2018\/02\/CHIESA-AGORDO-231x300.jpg\" alt=\"\" width=\"231\" height=\"300\" srcset=\"https:\/\/www.radiopiu.net\/wordpress\/wp-content\/uploads\/2018\/02\/CHIESA-AGORDO-231x300.jpg 231w, https:\/\/www.radiopiu.net\/wordpress\/wp-content\/uploads\/2018\/02\/CHIESA-AGORDO.jpg 250w\" sizes=\"auto, (max-width: 231px) 100vw, 231px\" \/><\/a><span style=\"color: #808080;\">DOMENICA CONCERTO NELL&#8217;ARCIDIACONALE DI AGORDO CON ODA ZOE HOCHSCHEID E GIOVANNI FELTRIN<\/span><\/h2>\n<p><strong>CON ANDREA BERNARDI<\/strong><\/p>\n<audio class=\"wp-audio-shortcode\" id=\"audio-153777-24\" preload=\"none\" style=\"width: 100%;\" controls=\"controls\"><source type=\"audio\/mpeg\" src=\"https:\/\/www.radiopiu.net\/wordpress\/wp-content\/uploads\/2020\/08\/Intervista-completa-oda-giovanni-con-musica.mp3?_=24\" \/><a href=\"https:\/\/www.radiopiu.net\/wordpress\/wp-content\/uploads\/2020\/08\/Intervista-completa-oda-giovanni-con-musica.mp3\">https:\/\/www.radiopiu.net\/wordpress\/wp-content\/uploads\/2020\/08\/Intervista-completa-oda-giovanni-con-musica.mp3<\/a><\/audio>\n<p>&nbsp;<\/p>\n<hr \/>\n<p>&nbsp;<\/p>\n<h2>IERI ALLA RADIO<\/h2>\n<h2><a class=\"dt-pswp-item\" href=\"https:\/\/www.radiopiu.net\/wordpress\/wp-content\/uploads\/2020\/04\/ALTA-BADIA.png\" data-dt-img-description=\"\" data-large_image_width=\"1692\" data-large_image_height=\"968\"><img loading=\"lazy\" decoding=\"async\" class=\"size-medium wp-image-132405 alignleft\" src=\"https:\/\/www.radiopiu.net\/wordpress\/wp-content\/uploads\/2020\/04\/ALTA-BADIA-300x172.png\" alt=\"\" width=\"300\" height=\"172\" srcset=\"https:\/\/www.radiopiu.net\/wordpress\/wp-content\/uploads\/2020\/04\/ALTA-BADIA-300x172.png 300w, https:\/\/www.radiopiu.net\/wordpress\/wp-content\/uploads\/2020\/04\/ALTA-BADIA-1024x586.png 1024w, https:\/\/www.radiopiu.net\/wordpress\/wp-content\/uploads\/2020\/04\/ALTA-BADIA-768x439.png 768w, https:\/\/www.radiopiu.net\/wordpress\/wp-content\/uploads\/2020\/04\/ALTA-BADIA-1536x879.png 1536w, https:\/\/www.radiopiu.net\/wordpress\/wp-content\/uploads\/2020\/04\/ALTA-BADIA.png 1692w\" sizes=\"auto, (max-width: 300px) 100vw, 300px\" \/><\/a><span style=\"color: #33cccc;\">ALTA BADIA CON SILVIA CREPAZ E ALESSANDRO HUBER<\/span><\/h2>\n<p>di Claudio Fontanive<\/p>\n<audio class=\"wp-audio-shortcode\" id=\"audio-153777-25\" preload=\"none\" style=\"width: 100%;\" controls=\"controls\"><source type=\"audio\/mpeg\" src=\"https:\/\/www.radiopiu.net\/wordpress\/wp-content\/uploads\/2020\/08\/crepaz-huBer-alta-badia-7-agosto.mp3?_=25\" \/><a href=\"https:\/\/www.radiopiu.net\/wordpress\/wp-content\/uploads\/2020\/08\/crepaz-huBer-alta-badia-7-agosto.mp3\">https:\/\/www.radiopiu.net\/wordpress\/wp-content\/uploads\/2020\/08\/crepaz-huBer-alta-badia-7-agosto.mp3<\/a><\/audio>\n<p>&nbsp;<\/p>\n<hr \/>\n<p>&nbsp;<\/p>\n<h2><span style=\"color: #ff0000;\">DUE MINUTI UN LIBRO<\/span><\/h2>\n<blockquote class=\"wp-embedded-content\" data-secret=\"ioFopdEDBC\"><p><a href=\"https:\/\/www.radiopiu.net\/wordpress\/organizzati-e-felici\/\">ORGANIZZATI E FELICI<\/a><\/p><\/blockquote>\n<p><iframe loading=\"lazy\" class=\"wp-embedded-content\" sandbox=\"allow-scripts\" security=\"restricted\" style=\"position: absolute; clip: rect(1px, 1px, 1px, 1px);\" title=\"&#8220;ORGANIZZATI E FELICI&#8221; &#8212; Radio Pi\u00f9\" src=\"https:\/\/www.radiopiu.net\/wordpress\/organizzati-e-felici\/embed\/#?secret=ioFopdEDBC\" data-secret=\"ioFopdEDBC\" width=\"600\" height=\"338\" frameborder=\"0\" marginwidth=\"0\" marginheight=\"0\" scrolling=\"no\"><\/iframe><\/p>\n<div>\n<p><strong>LE ALTRE PUNTATE<\/strong><\/p>\n<blockquote class=\"wp-embedded-content\" data-secret=\"RO0e6eRcJL\"><p><a href=\"https:\/\/www.radiopiu.net\/wordpress\/due-minuti-un-libro\/\">Due minuti un libro<\/a><\/p><\/blockquote>\n<p><iframe loading=\"lazy\" class=\"wp-embedded-content\" sandbox=\"allow-scripts\" security=\"restricted\" style=\"position: absolute; clip: rect(1px, 1px, 1px, 1px);\" title=\"&#8220;Due minuti un libro&#8221; &#8212; Radio Pi\u00f9\" src=\"https:\/\/www.radiopiu.net\/wordpress\/due-minuti-un-libro\/embed\/#?secret=RO0e6eRcJL\" data-secret=\"RO0e6eRcJL\" width=\"600\" height=\"338\" frameborder=\"0\" marginwidth=\"0\" marginheight=\"0\" scrolling=\"no\"><\/iframe><\/p>\n<p>&nbsp;<\/p>\n<p>&nbsp;<\/p>\n<p>&nbsp;<\/p>\n<hr \/>\n<p>&nbsp;<\/p>\n<h2><a class=\"dt-pswp-item\" href=\"https:\/\/www.radiopiu.net\/wordpress\/wp-content\/uploads\/2020\/06\/4f376fe2-d9cd-4dc8-b8ec-9bd773546a4e.jpg\" data-dt-img-description=\"\" data-large_image_width=\"960\" data-large_image_height=\"720\"><img loading=\"lazy\" decoding=\"async\" class=\"wp-image-146572 alignleft\" src=\"https:\/\/www.radiopiu.net\/wordpress\/wp-content\/uploads\/2020\/06\/4f376fe2-d9cd-4dc8-b8ec-9bd773546a4e-300x225.jpg\" alt=\"\" width=\"132\" height=\"99\" srcset=\"https:\/\/www.radiopiu.net\/wordpress\/wp-content\/uploads\/2020\/06\/4f376fe2-d9cd-4dc8-b8ec-9bd773546a4e-300x225.jpg 300w, https:\/\/www.radiopiu.net\/wordpress\/wp-content\/uploads\/2020\/06\/4f376fe2-d9cd-4dc8-b8ec-9bd773546a4e-768x576.jpg 768w, https:\/\/www.radiopiu.net\/wordpress\/wp-content\/uploads\/2020\/06\/4f376fe2-d9cd-4dc8-b8ec-9bd773546a4e.jpg 960w\" sizes=\"auto, (max-width: 132px) 100vw, 132px\" \/><\/a><\/h2>\n<h2><\/h2>\n<h2><span style=\"color: #800080;\">DON CESARE, IL PENSIERO DEL GIORNO. ALLA RADIO ALLE 7 DEL MATTINO E ALLE 19.30 DELLA SERA.<\/span><\/h2>\n<p>&nbsp;<\/p>\n<audio class=\"wp-audio-shortcode\" id=\"audio-153777-26\" preload=\"none\" style=\"width: 100%;\" controls=\"controls\"><source type=\"audio\/mpeg\" src=\"https:\/\/www.radiopiu.net\/wordpress\/wp-content\/uploads\/2020\/08\/CESARE-5.mp3?_=26\" \/><a href=\"https:\/\/www.radiopiu.net\/wordpress\/wp-content\/uploads\/2020\/08\/CESARE-5.mp3\">https:\/\/www.radiopiu.net\/wordpress\/wp-content\/uploads\/2020\/08\/CESARE-5.mp3<\/a><\/audio>\n<p>&nbsp;<\/p>\n<p>&nbsp;<\/p>\n<hr \/>\n<p>&nbsp;<\/p>\n<h2><span style=\"color: #339966;\">AGORDINOMERON&#8230;LA RACCOLTA<\/span><\/h2>\n<blockquote class=\"wp-embedded-content\" data-secret=\"TnOosCAjsC\"><p><a href=\"https:\/\/www.radiopiu.net\/wordpress\/agordinomeron\/\">AGORDINOMERON, IL TERRITORIO SI RACCONTA Da un&#8217;idea di Gianni Santomaso<\/a><\/p><\/blockquote>\n<p><iframe loading=\"lazy\" class=\"wp-embedded-content\" sandbox=\"allow-scripts\" security=\"restricted\" style=\"position: absolute; clip: rect(1px, 1px, 1px, 1px);\" title=\"&#8220;AGORDINOMERON, IL TERRITORIO SI RACCONTA Da un&#8217;idea di Gianni Santomaso&#8221; &#8212; Radio Pi\u00f9\" src=\"https:\/\/www.radiopiu.net\/wordpress\/agordinomeron\/embed\/#?secret=TnOosCAjsC\" data-secret=\"TnOosCAjsC\" width=\"600\" height=\"338\" frameborder=\"0\" marginwidth=\"0\" marginheight=\"0\" scrolling=\"no\"><\/iframe><\/p>\n<p>&nbsp;<\/p>\n<p>&nbsp;<\/p>\n<hr \/>\n<p>&nbsp;<\/p>\n<h2><span style=\"color: #ff00ff;\">ZAINO DA VIAGGIO AL FEMMINILE DI PAOLA LANCIATO<\/span><\/h2>\n<h2>L&#8217;INTERA RACCOLTA<\/h2>\n<blockquote class=\"wp-embedded-content\" data-secret=\"VwJv59r7Nz\"><p><a href=\"https:\/\/www.radiopiu.net\/wordpress\/zaino-femminile-lanciato\/\">Zaino da viaggio al femminile<\/a><\/p><\/blockquote>\n<p><iframe loading=\"lazy\" class=\"wp-embedded-content\" sandbox=\"allow-scripts\" security=\"restricted\" style=\"position: absolute; clip: rect(1px, 1px, 1px, 1px);\" title=\"&#8220;Zaino da viaggio al femminile&#8221; &#8212; Radio Pi\u00f9\" src=\"https:\/\/www.radiopiu.net\/wordpress\/zaino-femminile-lanciato\/embed\/#?secret=VwJv59r7Nz\" data-secret=\"VwJv59r7Nz\" width=\"600\" height=\"338\" frameborder=\"0\" marginwidth=\"0\" marginheight=\"0\" scrolling=\"no\"><\/iframe><\/p>\n<hr \/>\n<p>&nbsp;<\/p>\n<h2><span style=\"color: #0000ff;\">I RACCONTI DI PAOLO SOPPELSA\u00a0LA RACCOLTA COMPLETA<\/span><\/h2>\n<blockquote class=\"wp-embedded-content\" data-secret=\"fU3QVawRJ6\"><p><a href=\"https:\/\/www.radiopiu.net\/wordpress\/i-racconti-di-paolo-soppelsa\/\">I racconti di Paolo Soppelsa<\/a><\/p><\/blockquote>\n<p><iframe loading=\"lazy\" class=\"wp-embedded-content\" sandbox=\"allow-scripts\" security=\"restricted\" style=\"position: absolute; clip: rect(1px, 1px, 1px, 1px);\" title=\"&#8220;I racconti di Paolo Soppelsa&#8221; &#8212; Radio Pi\u00f9\" src=\"https:\/\/www.radiopiu.net\/wordpress\/i-racconti-di-paolo-soppelsa\/embed\/#?secret=fU3QVawRJ6\" data-secret=\"fU3QVawRJ6\" width=\"600\" height=\"338\" frameborder=\"0\" marginwidth=\"0\" marginheight=\"0\" scrolling=\"no\"><\/iframe><\/p>\n<p>&nbsp;<\/p>\n<hr \/>\n<p>&nbsp;<\/p>\n<p>&nbsp;<\/p>\n<h2><span style=\"color: #808000;\">SUL SITO DI RADIO PIU&#8217; LA VIDEO GALLERY<\/span><\/h2>\n<blockquote class=\"wp-embedded-content\" data-secret=\"EqF04fSPc6\"><p><a href=\"https:\/\/www.radiopiu.net\/wordpress\/ep-center-video-gallery\/\">EP CENTER video gallery<\/a><\/p><\/blockquote>\n<p><iframe loading=\"lazy\" class=\"wp-embedded-content\" sandbox=\"allow-scripts\" security=\"restricted\" style=\"position: absolute; clip: rect(1px, 1px, 1px, 1px);\" title=\"&#8220;EP CENTER video gallery&#8221; &#8212; Radio Pi\u00f9\" src=\"https:\/\/www.radiopiu.net\/wordpress\/ep-center-video-gallery\/embed\/#?secret=EqF04fSPc6\" data-secret=\"EqF04fSPc6\" width=\"600\" height=\"338\" frameborder=\"0\" marginwidth=\"0\" marginheight=\"0\" scrolling=\"no\"><\/iframe><\/p>\n<p>&nbsp;<\/p>\n<hr \/>\n<p>&nbsp;<\/p>\n<p class=\"photoswipe-wrapper\"><a class=\"dt-pswp-item pspw-wrap-ready\" href=\"https:\/\/i0.wp.com\/www.radiopiu.net\/wordpress\/wp-content\/uploads\/2018\/09\/WhatsApp-Image-2018-09-20-at-16.04.06.jpeg?ssl=1\" data-dt-img-description=\"\" data-large_image_width=\"800\" data-large_image_height=\"100\"><img loading=\"lazy\" decoding=\"async\" class=\"aligncenter wp-image-61378 size-full jetpack-lazy-image jetpack-lazy-image--handled\" src=\"https:\/\/i0.wp.com\/www.radiopiu.net\/wordpress\/wp-content\/uploads\/2018\/09\/WhatsApp-Image-2018-09-20-at-16.04.06.jpeg?resize=800%2C100&amp;ssl=1\" sizes=\"auto, (max-width: 800px) 100vw, 800px\" srcset=\"https:\/\/i0.wp.com\/www.radiopiu.net\/wordpress\/wp-content\/uploads\/2018\/09\/WhatsApp-Image-2018-09-20-at-16.04.06.jpeg?w=800&amp;ssl=1 800w, https:\/\/i0.wp.com\/www.radiopiu.net\/wordpress\/wp-content\/uploads\/2018\/09\/WhatsApp-Image-2018-09-20-at-16.04.06.jpeg?resize=300%2C38&amp;ssl=1 300w, https:\/\/i0.wp.com\/www.radiopiu.net\/wordpress\/wp-content\/uploads\/2018\/09\/WhatsApp-Image-2018-09-20-at-16.04.06.jpeg?resize=768%2C96&amp;ssl=1 768w\" alt=\"\" width=\"800\" height=\"100\" data-lazy-loaded=\"1\" \/><\/a><\/p>\n<p>&nbsp;<\/p>\n<div><\/div>\n<\/div>\n<p><center><b>Sabato 8<\/b><\/center><b>Tempo atteso:\u00a0<\/b>Tempo ben soleggiato con cielo terso, aria limpida ed ottima visibilit\u00e0 fino al primo pomeriggio. In seguito il tempo rimarr\u00e0 perlopi\u00f9 soleggiato con modesta presenza di cumuli di bel tempo. Clima un po&#8217; pi\u00f9 caldo di venerd\u00ec per presenza d&#8217;aria pi\u00f9 secca, specie in quota.<br \/>\n<b>Precipitazioni:\u00a0<\/b>Assenti (0%).<br \/>\n<b>Temperature:\u00a0<\/b>In ulteriore lieve aumento, eccetto stazionariet\u00e0 delle minime nei fondovalle. Clima pi\u00f9 caldo rispetto a venerd\u00ec. Sono previste punte di 30\/32\u00b0C nei fondovalle prealpini e di 26\/29\u00b0C a 1000\/1200 m. Su Prealpi a 1500 m min 17\u00b0C max 22\u00b0C, a 2000 m min 14\u00b0C max 19\u00b0C. Su Dolomiti a 2000 m min 13\u00b0C max 20\u00b0C, a 3000 m min 8\u00b0C max 10\u00b0C.<br \/>\n<b>Venti:\u00a0<\/b>Nelle valli generalmente deboli per brezze, localmente e a tratti moderati nei consueti settori; in quota perlopi\u00f9 deboli\/moderati dai quadranti settentrionali, a 5-10 km\/h a 2000 e 10\/20 km\/h a 3000 m.<\/p>\n<hr \/>\n<p><center><b>Domenica 9<\/b><\/center><b>Tempo atteso:\u00a0<\/b>Tempo ben soleggiato con cielo sereno al mattino. Poi leggera o localmente parziale riduzione del soleggiamento per modesta attivit\u00e0 cumuliforme, in alcuni casi moderata nel tardo pomeriggio\/sera sulle Dolomiti, ma sembra che il rischio di fenomeni convettivi sia remoto e sulla maggiore parte del settore montano l&#8217;instabilit\u00e0 sar\u00e0 assente. Clima estivo a tutte le quote.<br \/>\n<b>Precipitazioni:\u00a0<\/b>Assenti (0%), ad eccezione di non escludere del tutto qualche singolo temporale nel tardo pomeriggio\/sera sulle Dolomiti confinanti con il Trentino e l&#8217;Alto Adige (10%).<br \/>\n<b>Temperature:\u00a0<\/b>Minime stazionarie in quota ed in aumento nelle valli; massime in lieve flessione in alta quota \u00e8 pressoch\u00e9 stazionarie nelle valli con clima sempre estivo. Sono previste punte di 30\/32\u00b0C nei fondovalle prealpini e di 26\/28\u00b0C a 1000\/1200 m. Su Prealpi a 1500 m min 15\u00b0C max 21\u00b0C, a 2000 m min 13\u00b0C max 18\u00b0C. Su Dolomiti a 2000 m min 12\u00b0C max 19\u00b0C, a 3000 m min 7\u00b0C max 9\u00b0C.<br \/>\n<b>Venti:\u00a0<\/b>Nelle valli generalmente deboli per brezze, localmente e a tratti moderati nei consueti settori; in quota perlopi\u00f9 deboli da nord nord-ovest, a 5-10 km\/h a 2000 e 10\/15 km\/h a 3000 m.<\/p>\n<hr \/>\n<p><center><b>Lunedi 10<\/b><\/center>Tempo ben soleggiato con cielo sereno al mattino. Poi parziale riduzione del soleggiamento per attivit\u00e0 cumuliforme, spesso modesta, localmente pi\u00f9 intensa e non si potr\u00e0 escludere qualche locale temporale di calore da met\u00e0 pomeriggio in poi. Fenomeni che saranno assai limitati nel tempo e nello spazio, cosicch\u00e9 il tempo rimarr\u00e0 spesso buono\/discreto sulla maggiore parte del settore montano. Temperature senza notevoli variazioni rispetto a domenica, con clima ancora estivo. Venti a regime di brezza nelle valli e perlopi\u00f9 deboli da nord in quota.<\/p>\n<hr \/>\n<p><center><b>Martedi 11<\/b><\/center>Tempo ben soleggiato con cielo sereno al mattino. Poi parziale riduzione del soleggiamento per attivit\u00e0 cumuliforme, pi\u00f9 presente e di maggiore sviluppo rispetto ai giorni precedenti. Pertanto il rischio di qualche temporale nel pomeriggio ed alla sera tender\u00e0 ad aumentare. Temperature senza notevoli variazioni rispetto a luned\u00ec, salvo locali diminuzioni diurne legate alla verificarsi di fenomeni convettivi. Venti a regime di brezza nelle valli e perlopi\u00f9 deboli da nord nord-ovest in quota, a tratti moderati sulle vette pi\u00f9 alte al pomeriggio. Previsore: R.L.Th.<\/p>\n<p>&nbsp;<\/p>\n<hr \/>\n<p>&nbsp;<\/p>\n<p><iframe loading=\"lazy\" title=\"Spot Buttalibene TV\" width=\"1200\" height=\"675\" src=\"https:\/\/www.youtube.com\/embed\/fjHWpfyAevE?feature=oembed\" frameborder=\"0\" allow=\"accelerometer; autoplay; clipboard-write; encrypted-media; gyroscope; picture-in-picture\" allowfullscreen><\/iframe><\/p>\n<hr \/>\n<p>&nbsp;<\/p>\n<p class=\"photoswipe-wrapper\"><a class=\"dt-pswp-item pspw-wrap-ready\" href=\"https:\/\/i1.wp.com\/www.radiopiu.net\/wordpress\/wp-content\/uploads\/2018\/09\/sport.jpg?ssl=1\" data-dt-img-description=\"\" data-large_image_width=\"800\" data-large_image_height=\"100\"><img loading=\"lazy\" decoding=\"async\" class=\"wp-image-60761 size-full aligncenter\" src=\"https:\/\/i1.wp.com\/www.radiopiu.net\/wordpress\/wp-content\/uploads\/2018\/09\/sport.jpg?resize=800%2C100&amp;ssl=1\" sizes=\"auto, (max-width: 800px) 100vw, 800px\" srcset=\"https:\/\/i1.wp.com\/www.radiopiu.net\/wordpress\/wp-content\/uploads\/2018\/09\/sport.jpg?w=800&amp;ssl=1 800w, https:\/\/i1.wp.com\/www.radiopiu.net\/wordpress\/wp-content\/uploads\/2018\/09\/sport.jpg?resize=300%2C38&amp;ssl=1 300w, https:\/\/i1.wp.com\/www.radiopiu.net\/wordpress\/wp-content\/uploads\/2018\/09\/sport.jpg?resize=768%2C96&amp;ssl=1 768w\" alt=\"\" width=\"800\" height=\"100\" data-recalc-dims=\"1\" \/><\/a><\/p>\n<blockquote>\n<h3><\/h3>\n<h2>REYER: RITIRO BLINDATO AL GRAN COMPLETO. LA GRATITUDINE DEL PRESIDENTE CASARIN<\/h2>\n<\/blockquote>\n<p><strong>ALLEGHE<\/strong> Pur senza pubblico in piazza per la presentazione o sugli spalti durante gli allenamenti, quello della Reyer \u00e8 stato un altro ritiro che ha affascinato Alleghe ormai da tanti anni legata alla formazione del presidente Casarin. Un&#8217;abbinata che prosegue da tempo e che a quanto pare porta fortuna alla formazione cestistica che ha scelto di nuovo la localit\u00e0 rivierasca per la preparazione pre stagionale<\/p>\n<blockquote>\n<h2><strong style=\"font-size: 14px;\">AI MICROFONI DI RADIO PIU&#8217; IL PRESIDENTE FEDERICO CASARIN<\/strong><\/h2>\n<\/blockquote>\n<audio class=\"wp-audio-shortcode\" id=\"audio-153777-27\" preload=\"none\" style=\"width: 100%;\" controls=\"controls\"><source type=\"audio\/mpeg\" src=\"https:\/\/www.radiopiu.net\/wordpress\/wp-content\/uploads\/2020\/08\/CASARIN.mp3?_=27\" \/><a href=\"https:\/\/www.radiopiu.net\/wordpress\/wp-content\/uploads\/2020\/08\/CASARIN.mp3\">https:\/\/www.radiopiu.net\/wordpress\/wp-content\/uploads\/2020\/08\/CASARIN.mp3<\/a><\/audio>\n<p><strong>IL PRESIDENTE DEL CONSORZIO OPERATORI TURISTICI ALLEGHE-CAPRILE MICHELE DE TONI<\/strong><\/p>\n<audio class=\"wp-audio-shortcode\" id=\"audio-153777-28\" preload=\"none\" style=\"width: 100%;\" controls=\"controls\"><source type=\"audio\/mpeg\" src=\"https:\/\/www.radiopiu.net\/wordpress\/wp-content\/uploads\/2020\/08\/MICHELE.mp3?_=28\" \/><a href=\"https:\/\/www.radiopiu.net\/wordpress\/wp-content\/uploads\/2020\/08\/MICHELE.mp3\">https:\/\/www.radiopiu.net\/wordpress\/wp-content\/uploads\/2020\/08\/MICHELE.mp3<\/a><\/audio>\n<p>&nbsp;<\/p>\n<p>&nbsp;<\/p>\n<p>https:\/\/www.facebook.com\/ReyerVenezia\/videos\/3649877005040188\/<\/p>\n<p>&nbsp;<\/p>\n<p>&nbsp;<\/p>\n<hr \/>\n<blockquote>\n<h3><\/h3>\n<h3><strong>IN 190 DOMENICA\u00a0 A LIMANA PER IL CAMPIONATO REGIONALE VENETO DI CORSA IN MONTAGNA<\/strong><\/h3>\n<\/blockquote>\n<p><strong><a class=\"dt-pswp-item\" href=\"https:\/\/www.radiopiu.net\/wordpress\/wp-content\/uploads\/2020\/08\/limana-valpiana-campionati-italiani-giovanili-corsa-in-montagna-2019.jpg\" data-dt-img-description=\"\" data-large_image_width=\"1900\" data-large_image_height=\"1267\"><img loading=\"lazy\" decoding=\"async\" class=\" wp-image-153919 alignleft\" src=\"https:\/\/www.radiopiu.net\/wordpress\/wp-content\/uploads\/2020\/08\/limana-valpiana-campionati-italiani-giovanili-corsa-in-montagna-2019-300x200.jpg\" alt=\"\" width=\"263\" height=\"175\" srcset=\"https:\/\/www.radiopiu.net\/wordpress\/wp-content\/uploads\/2020\/08\/limana-valpiana-campionati-italiani-giovanili-corsa-in-montagna-2019-300x200.jpg 300w, https:\/\/www.radiopiu.net\/wordpress\/wp-content\/uploads\/2020\/08\/limana-valpiana-campionati-italiani-giovanili-corsa-in-montagna-2019-1024x683.jpg 1024w, https:\/\/www.radiopiu.net\/wordpress\/wp-content\/uploads\/2020\/08\/limana-valpiana-campionati-italiani-giovanili-corsa-in-montagna-2019-768x512.jpg 768w, https:\/\/www.radiopiu.net\/wordpress\/wp-content\/uploads\/2020\/08\/limana-valpiana-campionati-italiani-giovanili-corsa-in-montagna-2019-1536x1024.jpg 1536w, https:\/\/www.radiopiu.net\/wordpress\/wp-content\/uploads\/2020\/08\/limana-valpiana-campionati-italiani-giovanili-corsa-in-montagna-2019.jpg 1900w\" sizes=\"auto, (max-width: 263px) 100vw, 263px\" \/><\/a>LIMANA\u00a0<\/strong> \u00a0Saranno 190 i concorrenti che domenica 9 agosto daranno vita al Campionato regionale veneto di corsa in montagna, primo evento in regione dedicato alla specialit\u00e0 in questo 2020. L\u2019appuntamento \u00e8 fissato a Valpiana di Limana (Belluno), localit\u00e0 che lo scorso anno aveva ospitato i Campionati italiani giovanili. L\u2019organizzazione \u00e8 a cura di Bellunoatletica M.G.B.. Per garantire il distanziamento fisico, nel rispetto delle normative sanitarie di contrasto al Covid-19, la manifestazione si svolger\u00e0 a cronometro: i concorrenti partiranno dunque singolarmente, con intervalli di trenta secondi. II primo atleta partir\u00e0 alle 9.30. L&#8217;elenco degli iscritti e l&#8217;ordine di partenza al seguente link:\u00a0<a href=\"https:\/\/www.atleticadolomiti.com\/wp-content\/uploads\/2020\/08\/Ordine-di-Partenza.pdf\"><strong>https:\/\/www.atleticadolomiti.com\/wp-content\/uploads\/2020\/08\/Ordine-di-Partenza.pdf<\/strong><\/a> Il circuito di gara sar\u00e0 interamente chiuso al pubblico, mediante transenne e nastro di segnalazione. L\u2019accesso all\u2019area di partenza e arrivo, debitamente delimitate secondo quanto previsto dai disciplinari federali, \u00e8 riservato esclusivamente ad atleti, giudici, staff organizzativo e addetti ai servizi legati alla competizione.\u00a0 La manifestazione sar\u00e0 anche prova di selezione per la rappresentativa veneta Cadetti e Cadette che il 22 agosto parteciper\u00e0 al Campionato italiano per regioni a Susa (Torino).<\/p>\n<p>&nbsp;<\/p>\n<p>&nbsp;<\/p>\n","protected":false},"excerpt":{"rendered":"<p>PER RICEVERE QUESTO NOTIZIARIO DIRETTAMENTE SUL TUO CELLULARE ISCRIVITI AL CANALE TELEGRAM\u00a0\u201cRADIO PIU\u00a0 INFORMAZIONE ATTENZIONE: LA NUOVA APP PER IOS-IPHONE https:\/\/apps.apple.com\/it\/app\/radio-pi%C3%B9-emittente-agordina\/id1515939845 ATTENZIONE: LA NUOVA APP RADIO\u00a0 PER ANDROID https:\/\/play.google.com\/store\/apps\/details?id=net.radiopiu.iniko \u00a0\u00a0 &nbsp; &nbsp; IL GIORNO DELL&#8217;ESODO DI PREANNUNCIANO DISAGI E LUNGHE CODE VERSO LE DOLOMITI, NON SOLO SULLA A ALEMAGNA. Prepariamoci ad un altro fine settimana&hellip;<\/p>\n","protected":false},"author":4,"featured_media":153993,"comment_status":"closed","ping_status":"closed","sticky":false,"template":"","format":"standard","meta":{"_monsterinsights_skip_tracking":false,"_monsterinsights_sitenote_active":false,"_monsterinsights_sitenote_note":"","_monsterinsights_sitenote_category":0,"footnotes":""},"categories":[1,86,49],"tags":[],"class_list":["post-153777","post","type-post","status-publish","format-standard","has-post-thumbnail","hentry","category-senza-categoria","category-gr","category-news-18","category-1","category-86","category-49","description-off"],"img_url":"https:\/\/www.radiopiu.net\/wordpress\/wp-content\/uploads\/2020\/08\/images.jpg","_links":{"self":[{"href":"https:\/\/www.radiopiu.net\/wordpress\/wp-json\/wp\/v2\/posts\/153777","targetHints":{"allow":["GET"]}}],"collection":[{"href":"https:\/\/www.radiopiu.net\/wordpress\/wp-json\/wp\/v2\/posts"}],"about":[{"href":"https:\/\/www.radiopiu.net\/wordpress\/wp-json\/wp\/v2\/types\/post"}],"author":[{"embeddable":true,"href":"https:\/\/www.radiopiu.net\/wordpress\/wp-json\/wp\/v2\/users\/4"}],"replies":[{"embeddable":true,"href":"https:\/\/www.radiopiu.net\/wordpress\/wp-json\/wp\/v2\/comments?post=153777"}],"version-history":[{"count":0,"href":"https:\/\/www.radiopiu.net\/wordpress\/wp-json\/wp\/v2\/posts\/153777\/revisions"}],"wp:featuredmedia":[{"embeddable":true,"href":"https:\/\/www.radiopiu.net\/wordpress\/wp-json\/wp\/v2\/media\/153993"}],"wp:attachment":[{"href":"https:\/\/www.radiopiu.net\/wordpress\/wp-json\/wp\/v2\/media?parent=153777"}],"wp:term":[{"taxonomy":"category","embeddable":true,"href":"https:\/\/www.radiopiu.net\/wordpress\/wp-json\/wp\/v2\/categories?post=153777"},{"taxonomy":"post_tag","embeddable":true,"href":"https:\/\/www.radiopiu.net\/wordpress\/wp-json\/wp\/v2\/tags?post=153777"}],"curies":[{"name":"wp","href":"https:\/\/api.w.org\/{rel}","templated":true}]}}