{"id":153808,"date":"2020-08-07T15:15:25","date_gmt":"2020-08-07T13:15:25","guid":{"rendered":"https:\/\/www.radiopiu.net\/wordpress\/?p=153808"},"modified":"2020-08-08T06:08:20","modified_gmt":"2020-08-08T04:08:20","slug":"lassessore-gianpaolo-bottacin-ribatte-alle-accuse-del-presidente-della-croce-verde-val-biois-stefano-murer","status":"publish","type":"post","link":"https:\/\/www.radiopiu.net\/wordpress\/lassessore-gianpaolo-bottacin-ribatte-alle-accuse-del-presidente-della-croce-verde-val-biois-stefano-murer\/","title":{"rendered":"L&#8217;ASSESSORE GIANPAOLO BOTTACIN RIBATTE ALLE ACCUSE DEL PRESIDENTE DELLA CROCE VERDE VAL BIOIS STEFANO MURER"},"content":{"rendered":"<p><strong><a class=\"dt-pswp-item\" href=\"https:\/\/www.radiopiu.net\/wordpress\/wp-content\/uploads\/2020\/04\/bottacin-1.jpg\" data-dt-img-description=\"\" data-large_image_width=\"640\" data-large_image_height=\"426\"><img loading=\"lazy\" decoding=\"async\" class=\"size-medium wp-image-132784 alignleft\" src=\"https:\/\/www.radiopiu.net\/wordpress\/wp-content\/uploads\/2020\/04\/bottacin-1-300x200.jpg\" alt=\"\" width=\"300\" height=\"200\" srcset=\"https:\/\/www.radiopiu.net\/wordpress\/wp-content\/uploads\/2020\/04\/bottacin-1-300x200.jpg 300w, https:\/\/www.radiopiu.net\/wordpress\/wp-content\/uploads\/2020\/04\/bottacin-1.jpg 640w\" sizes=\"auto, (max-width: 300px) 100vw, 300px\" \/><\/a>L&#8217;ASSESSORE REGIONALE GIANPAOLO BOTTACIN<\/strong><\/p>\n<audio class=\"wp-audio-shortcode\" id=\"audio-153808-1\" preload=\"none\" style=\"width: 100%;\" controls=\"controls\"><source type=\"audio\/mpeg\" src=\"https:\/\/www.radiopiu.net\/wordpress\/wp-content\/uploads\/2020\/08\/BOTTACIN-CROCE-VERDE.mp3?_=1\" \/><a href=\"https:\/\/www.radiopiu.net\/wordpress\/wp-content\/uploads\/2020\/08\/BOTTACIN-CROCE-VERDE.mp3\">https:\/\/www.radiopiu.net\/wordpress\/wp-content\/uploads\/2020\/08\/BOTTACIN-CROCE-VERDE.mp3<\/a><\/audio>\n<p>&nbsp;<\/p>\n<h3>L&#8217;ARTICOLO DI GIANNI SANTOMASO PUBBLICATO OGGI SUL CORRIERE DELLE ALPI<\/h3>\n<audio class=\"wp-audio-shortcode\" id=\"audio-153808-2\" preload=\"none\" style=\"width: 100%;\" controls=\"controls\"><source type=\"audio\/mpeg\" src=\"https:\/\/www.radiopiu.net\/wordpress\/wp-content\/uploads\/2020\/08\/croce-verde-gianni.mp3?_=2\" \/><a href=\"https:\/\/www.radiopiu.net\/wordpress\/wp-content\/uploads\/2020\/08\/croce-verde-gianni.mp3\">https:\/\/www.radiopiu.net\/wordpress\/wp-content\/uploads\/2020\/08\/croce-verde-gianni.mp3<\/a><\/audio>\n<p>&nbsp;<\/p>\n<h3>OGGI DAL NOSTRO SITO<\/h3>\n<div class=\"page-title-head hgroup\">\n<h3 class=\"entry-title\">CROCE VERDE VAL BIOIS UNA SICUREZZA PER LA VALLE<\/h3>\n<\/div>\n<div class=\"page-title-breadcrumbs\"><\/div>\n<p><strong><img decoding=\"async\" class=\"alignleft\" src=\"https:\/\/i2.wp.com\/www.radiopiu.net\/wordpress\/wp-content\/uploads\/2020\/06\/download-36.jpg?w=1200&amp;ssl=1\" data-recalc-dims=\"1\" \/>FALCADE\u00a0<\/strong>Oltre 28mila chilometri,\u00a0 pi\u00f9 di 7000 rispetto al 2019, 569 viaggi rispetto ai 417 dell\u2019anno prima, 21mila chilometri per conto della Ulss (15.742 l\u2019anno precedente). Sono gli eloquenti numeri della Croce Verde Val Biois nell\u2019ultimo anno di attivit\u00e0 presentati nell\u2019assemblea che ha approvato\u00a0 il bilancio previsionale 2020 e\u00a0 accettato la proposta del Comune di Falcade di trasferire la sede operativa del sodalizio da via Focobon 11 a via degli artigiani n. 5. L\u2019immobile \u00e8 in trattativa di acquisto dal Comune di Falcade e diventer\u00e0 la nuova sede della Croce Verde e del Soccorso Alpino Val Biois. La Croce Verde con presidente Stefano Murer \u00e8 associata al Coordinamento Ambulanze Agordino e Zoldano, al Centro Servizi al Volontariato, Dolomiti Emergency e Anpas. Un servizio indispensabile per la Valle del Biois, guai se non ci fosse, garantisce la copertura delle 24 ore giornaliere di Primo Soccorso tramite una convenzione con la ULSS n. 1 di Belluno che scaduta a fine luglio 2018 e prorogata fino a dicembre 2020. Nella sede principale vi sono allocate due ambulanze una di sei anni\u00a0 con 57.537 chilometri, l\u2019altra vecchia di 13 anni con 126.411 km. Nel garage di Pisoliva vi \u00e8 rimessa l\u2019ambulanza 24 con 19.685 chilometri e 3 anni di vita.\u00a0<b>RESPONSABILI MEZZI: Moreno Cadorin e Elia De Pellegrini.\u00a0<\/b>I mezzi sono regolarmente manutentati, revisionati e assicurati.\u00a0<b>RESPONSABILI ABBIGLIAMENTO: Sabrina Tomasi Malatesa e Maria Grazia Scardanzan.\u00a0<\/b>Il personale in attivit\u00e0 dell\u2019associazione \u00e8 tutto volontario, non \u00e8 presente alcun tipo di personale stipendiato, la copertura del servizio di primo soccorso \u00e8 svolta \u201ch24\u201d\u00a0<b>RESPONSABILI FORMAZIONE Maria Grazia Scardanzan e Stefano Murer.\u00a0<\/b>Nel corso del 2019, dovuto alla completa applicazione della legge Regionale 22\/2002 e in particolare della direttiva regionale 1515 del 2015 si sono adeguate le linee formative dei volontari e per poter assolvere ai suoi dettami.\u00a0<b>RESPOSABILI PARAFARMACI:\u00a0 Martina Della Pietra e Sara Parissenti.\u00a0<\/b><b>RESPONSABILE DI TESORERIA: Chiara Secchi.\u00a0<\/b><b>RESPONSABILI TURNI: Sabrina Tomasi Malatesta e Stefano Murer.\u00a0<\/b>L\u2019associazione \u00e8 composta di 84 volontari di cui alcuni inattivi per varie problematiche, alcuni di questi non utilizzabili per mancato aggiornamento, o per non aver completato le ore formative interne.\u00a0<b>RESPONSABILI TESSERAMENTI: Celeste De Pra e Giovanni Ferrini.\u00a0<\/b>In riferimento alla raccolta fondi, tramite sostegno all\u2019associazione da parte dei residenti e non residente dei Comuni di Canale d\u2019Agordo, Falcade e Vallada Agordina, va sottolineata una leggera controtendenza di fidelizzazione al sodalizio a cui si devono trovare mantenere le cure.\u00a0<strong>Il presidente Stefano Murer<\/strong>:\u00a0 \u201cDesidero ringraziare i Volontari che si sono sempre resi disponibili alla gestione delle attivit\u00e0 svolte nell\u2019anno, non solo il servizio h24 convenzionato con la ULSS ma anche le varie iniziative di manifestazioni, assistenze, trasporti secondari e rappresentanza. \u00c8 stato un anno irto di problemi, tra la mancanza di equipaggi per lo svolgimento dei servizi che per fortuna abbiamo quasi sempre coperto, totalmente coperto il servizio in convenzione con la AULSS 1 DOLOMITI, non sono state svolte, per mancanza di equipaggi, assistenze manifestazioni e viaggi secondari.\u00a0Un ricordo va a Bruno Pellegrinelli scomparso nel 2019, \u00e8 stato volontario agli albori dell\u2019associazione con notevole impegno suo e dei suoi figli.\u00a0Ringrazio quanti con il rinnovo, o con la prima iscrizione, sostengono la Croce Verde, quanti hanno donato un contributo, quanti a vario titolo hanno contribuito economicamente al funzionamento della nostra associazione sia con la cessione del 5 per mille che con contributi diretti.\u00a0Ringrazio il Comune di Falcade, oltre a garantire l\u2019alloggio dei volontari e il ricovero dei veicoli, risponde attivamente ogni qualvolta l\u2019associazione chiede aiuto. Pure il Comune di Vallada contribuisce alla nostra attivit\u00e0\u201d.\u00a0IL NUOVO Cda: Stefano Murer 41, Maria Grazia Scardanzan 33, Eddy Gaspari 27, Elia De Pellegrini 27, Giovanni Ferrini 18, Moreno Cadorin 17, Martina Della Pietra 16, Daniele Scola 14, Roberta Strim e Celeste De Pra 12. Revisori dei conti: Nicola Serafini, Annarita Comina e Paolo Nardi.<\/p>\n","protected":false},"excerpt":{"rendered":"<p>L&#8217;ASSESSORE REGIONALE GIANPAOLO BOTTACIN &nbsp; L&#8217;ARTICOLO DI GIANNI SANTOMASO PUBBLICATO OGGI SUL CORRIERE DELLE ALPI &nbsp; OGGI DAL NOSTRO SITO CROCE VERDE VAL BIOIS UNA SICUREZZA PER LA VALLE FALCADE\u00a0Oltre 28mila chilometri,\u00a0 pi\u00f9 di 7000 rispetto al 2019, 569 viaggi rispetto ai 417 dell\u2019anno prima, 21mila chilometri per conto della Ulss (15.742 l\u2019anno precedente). Sono&hellip;<\/p>\n","protected":false},"author":4,"featured_media":153811,"comment_status":"closed","ping_status":"closed","sticky":false,"template":"","format":"standard","meta":{"_monsterinsights_skip_tracking":false,"_monsterinsights_sitenote_active":false,"_monsterinsights_sitenote_note":"","_monsterinsights_sitenote_category":0,"footnotes":""},"categories":[1],"tags":[],"class_list":["post-153808","post","type-post","status-publish","format-standard","has-post-thumbnail","hentry","category-senza-categoria","category-1","description-off"],"img_url":"https:\/\/www.radiopiu.net\/wordpress\/wp-content\/uploads\/2020\/08\/CROCE-VERDE-VAL-BIOIS.jpg","_links":{"self":[{"href":"https:\/\/www.radiopiu.net\/wordpress\/wp-json\/wp\/v2\/posts\/153808","targetHints":{"allow":["GET"]}}],"collection":[{"href":"https:\/\/www.radiopiu.net\/wordpress\/wp-json\/wp\/v2\/posts"}],"about":[{"href":"https:\/\/www.radiopiu.net\/wordpress\/wp-json\/wp\/v2\/types\/post"}],"author":[{"embeddable":true,"href":"https:\/\/www.radiopiu.net\/wordpress\/wp-json\/wp\/v2\/users\/4"}],"replies":[{"embeddable":true,"href":"https:\/\/www.radiopiu.net\/wordpress\/wp-json\/wp\/v2\/comments?post=153808"}],"version-history":[{"count":0,"href":"https:\/\/www.radiopiu.net\/wordpress\/wp-json\/wp\/v2\/posts\/153808\/revisions"}],"wp:featuredmedia":[{"embeddable":true,"href":"https:\/\/www.radiopiu.net\/wordpress\/wp-json\/wp\/v2\/media\/153811"}],"wp:attachment":[{"href":"https:\/\/www.radiopiu.net\/wordpress\/wp-json\/wp\/v2\/media?parent=153808"}],"wp:term":[{"taxonomy":"category","embeddable":true,"href":"https:\/\/www.radiopiu.net\/wordpress\/wp-json\/wp\/v2\/categories?post=153808"},{"taxonomy":"post_tag","embeddable":true,"href":"https:\/\/www.radiopiu.net\/wordpress\/wp-json\/wp\/v2\/tags?post=153808"}],"curies":[{"name":"wp","href":"https:\/\/api.w.org\/{rel}","templated":true}]}}