{"id":153845,"date":"2020-08-08T05:58:56","date_gmt":"2020-08-08T03:58:56","guid":{"rendered":"https:\/\/www.radiopiu.net\/wordpress\/?p=153845"},"modified":"2020-08-08T06:05:39","modified_gmt":"2020-08-08T04:05:39","slug":"soccorso-nella-notte-escursionista-portoghese","status":"publish","type":"post","link":"https:\/\/www.radiopiu.net\/wordpress\/soccorso-nella-notte-escursionista-portoghese\/","title":{"rendered":"SOCCORSO NELLA NOTTE ESCURSIONISTA PORTOGHESE"},"content":{"rendered":"<p><strong><a class=\"dt-pswp-item\" href=\"https:\/\/www.radiopiu.net\/wordpress\/wp-content\/uploads\/2020\/07\/salt_20200723_200143_953_resized.jpg\" data-dt-img-description=\"\" data-large_image_width=\"1182\" data-large_image_height=\"886\"><img loading=\"lazy\" decoding=\"async\" class=\"size-medium wp-image-151081 alignleft\" src=\"https:\/\/www.radiopiu.net\/wordpress\/wp-content\/uploads\/2020\/07\/salt_20200723_200143_953_resized-300x225.jpg\" alt=\"\" width=\"300\" height=\"225\" srcset=\"https:\/\/www.radiopiu.net\/wordpress\/wp-content\/uploads\/2020\/07\/salt_20200723_200143_953_resized-300x225.jpg 300w, https:\/\/www.radiopiu.net\/wordpress\/wp-content\/uploads\/2020\/07\/salt_20200723_200143_953_resized-1024x768.jpg 1024w, https:\/\/www.radiopiu.net\/wordpress\/wp-content\/uploads\/2020\/07\/salt_20200723_200143_953_resized-768x576.jpg 768w, https:\/\/www.radiopiu.net\/wordpress\/wp-content\/uploads\/2020\/07\/salt_20200723_200143_953_resized.jpg 1182w\" sizes=\"auto, (max-width: 300px) 100vw, 300px\" \/><\/a>LONGARONE<\/strong> Ieri sera attorno a mezzanotte il Soccorso alpino di Longarone \u00e8 stato allertato per un escursionista portoghese in difficolt\u00e0 nel tratto dell&#8217;Alta Via numero 1 che va dal Rifugio Pramperet, dove aveva pernottato, al Pian de Fontana, dove era atteso. L&#8217;allarme lanciato dai familiari in Portogallo avvisati tramite una email, in cui il trentunenne li avvertiva di aver sbagliato sentiero e di essere bloccato da qualche parte in Val del Cristo. Due squadre del Soccorso alpino di Longarone hanno risalito la Val del Grisol, una del Soccorso alpino della Val di Zoldo ha percorso l&#8217;itinerario dal Pramperet al Pian de Fontana, una del Soccorso alpino di Belluno e Agordo ha avviato la perlustrazione dalla Muda verso la Val Clusa. I soccorritori di quest&#8217;ultima, alzatasi di 500 metri, hanno iniziato a chiamare a gran voce, finch\u00e9 verso le 3.15 \u00e8 arrivato un urlo in risposta e l&#8217;uomo \u00e8 stato individuato e raggiunto. Dopo aver sbagliato traccia, aveva iniziato a scendere dalla Val Clusa, di cui la Val del Cristo \u00e8 una laterale, aveva trovato degli schianti, era scivolato facendosi male a una caviglia e, arrivato su una scivolosa cengia\u00a0con un cordino, oramai prossimo il buio si era fermato. I soccorritori lo hanno tranquillizzato e imbragato, per assicurarlo e fargli superare il punto attrezzato. Poi, una volta che l&#8217;escursionista si \u00e8 ripreso iniziando a camminare tranquillamente, con due soccorritori al suo fianco \u00e8 stato accompagnato alla Muda e da l\u00ec all&#8217;ospedale di Belluno per i controlli del caso. L&#8217;intervento si \u00e8 concluso alle 7.<\/p>\n","protected":false},"excerpt":{"rendered":"<p>LONGARONE Ieri sera attorno a mezzanotte il Soccorso alpino di Longarone \u00e8 stato allertato per un escursionista portoghese in difficolt\u00e0 nel tratto dell&#8217;Alta Via numero 1 che va dal Rifugio Pramperet, dove aveva pernottato, al Pian de Fontana, dove era atteso. L&#8217;allarme lanciato dai familiari in Portogallo avvisati tramite una email, in cui il trentunenne&hellip;<\/p>\n","protected":false},"author":4,"featured_media":151081,"comment_status":"closed","ping_status":"closed","sticky":false,"template":"","format":"standard","meta":{"_monsterinsights_skip_tracking":false,"_monsterinsights_sitenote_active":false,"_monsterinsights_sitenote_note":"","_monsterinsights_sitenote_category":0,"footnotes":""},"categories":[49],"tags":[],"class_list":["post-153845","post","type-post","status-publish","format-standard","has-post-thumbnail","hentry","category-news-18","category-49","description-off"],"img_url":"https:\/\/www.radiopiu.net\/wordpress\/wp-content\/uploads\/2020\/07\/salt_20200723_200143_953_resized.jpg","_links":{"self":[{"href":"https:\/\/www.radiopiu.net\/wordpress\/wp-json\/wp\/v2\/posts\/153845","targetHints":{"allow":["GET"]}}],"collection":[{"href":"https:\/\/www.radiopiu.net\/wordpress\/wp-json\/wp\/v2\/posts"}],"about":[{"href":"https:\/\/www.radiopiu.net\/wordpress\/wp-json\/wp\/v2\/types\/post"}],"author":[{"embeddable":true,"href":"https:\/\/www.radiopiu.net\/wordpress\/wp-json\/wp\/v2\/users\/4"}],"replies":[{"embeddable":true,"href":"https:\/\/www.radiopiu.net\/wordpress\/wp-json\/wp\/v2\/comments?post=153845"}],"version-history":[{"count":0,"href":"https:\/\/www.radiopiu.net\/wordpress\/wp-json\/wp\/v2\/posts\/153845\/revisions"}],"wp:featuredmedia":[{"embeddable":true,"href":"https:\/\/www.radiopiu.net\/wordpress\/wp-json\/wp\/v2\/media\/151081"}],"wp:attachment":[{"href":"https:\/\/www.radiopiu.net\/wordpress\/wp-json\/wp\/v2\/media?parent=153845"}],"wp:term":[{"taxonomy":"category","embeddable":true,"href":"https:\/\/www.radiopiu.net\/wordpress\/wp-json\/wp\/v2\/categories?post=153845"},{"taxonomy":"post_tag","embeddable":true,"href":"https:\/\/www.radiopiu.net\/wordpress\/wp-json\/wp\/v2\/tags?post=153845"}],"curies":[{"name":"wp","href":"https:\/\/api.w.org\/{rel}","templated":true}]}}