{"id":153915,"date":"2020-08-07T17:00:13","date_gmt":"2020-08-07T15:00:13","guid":{"rendered":"https:\/\/www.radiopiu.net\/wordpress\/?p=153915"},"modified":"2020-08-07T18:50:55","modified_gmt":"2020-08-07T16:50:55","slug":"dillo-a-radio-piu-strada-per-carfon-promesse-al-vento","status":"publish","type":"post","link":"https:\/\/www.radiopiu.net\/wordpress\/dillo-a-radio-piu-strada-per-carfon-promesse-al-vento\/","title":{"rendered":"DILLO A RADIO PIU&#8217;&#8230; STRADA PER CARFON PROMESSE AL VENTO"},"content":{"rendered":"<div class=\"page-title-breadcrumbs\">\n<h3 dir=\"auto\" style=\"text-align: center;\"><\/h3>\n<\/div>\n<div dir=\"auto\"><strong>CANALE D&#8217;AGORDO\u00a0<\/strong> Riceviamo e volentieri pubblichiamo il contributo da Carfon di Canale d&#8217;Agordo di Nadia Zulian<\/div>\n<div dir=\"auto\"><\/div>\n<div class=\"page-title-breadcrumbs\">\n<div dir=\"auto\"><a class=\"dt-pswp-item\" href=\"https:\/\/www.radiopiu.net\/wordpress\/wp-content\/uploads\/2020\/08\/download-8.jpg\" data-dt-img-description=\"\" data-large_image_width=\"259\" data-large_image_height=\"194\"><img loading=\"lazy\" decoding=\"async\" class=\"wp-image-153914 alignleft\" src=\"https:\/\/www.radiopiu.net\/wordpress\/wp-content\/uploads\/2020\/08\/download-8.jpg\" alt=\"\" width=\"130\" height=\"97\" \/><\/a>Volevo porre all&#8217;attenzione di RADIO PIU&#8217; (visto che a suo tempo si era occupata del paesino di Carfon) che a distanza di nove mesi la strada principale che sale da La Mora,\u00a0 dopo tante promesse al vento e che a luglio doveva essere aperta ai soli frontisti,\u00a0 in realt\u00e0 \u00e9 chiusa e si passa a proprio rischio e pericolo. I corrieri vedono il divieto e tornano sui loro passi,\u00a0 i servizi di pulizia non vengono svolti sempre per lo stesso motivo. Allora mi chiedo: se \u00e9 cos\u00ec pericolosa perch\u00e8 non chiudono la regionale 346 sottostante o la regionale 203 agordina? A me risulta che i sassi rotolano e se c&#8217;\u00e9 pericolo per noi abitanti dovrebbe essere pericoloso per la regionale stessa. I mezzi di soccorso (per esempio i pompieri) non possono salire da Gaer da Vallada dove RADIO PIU ha ripreso la strada tempo fa. Se ci lamentiamo ci sentiamo criticati da chi ha tutte le comodit\u00e0 a portata di mano.\u00a0 Mi chiedo:\u00a0 i soldi investiti dalla Provincia per la messa in sicurezza della frana a che cosa sono serviti? <strong>Nadia Zulian<\/strong><\/div>\n<\/div>\n<div dir=\"auto\"><\/div>\n<div dir=\"auto\"><strong>DALLA PROVINCIA<\/strong>: <em>Per quanto riguarda le competenze provinciali, \u00e8 stato fatto il lavoro di messa in sicurezza, in somma urgenza, del tratto di strada interessato da smottamento del novembre 2019. Un lavoro eseguito di concerto con Veneto Strade, utile anche per la sicurezza da eventuale caduta massi o valanghe della regionale sottostante. Per la parte sovrastante, che \u00e8 molto probabilmente la causa della mancata riapertura, la competenza non \u00e8 provinciale, in quanto trattasi di sito valanghivo.<\/em><\/div>\n<div dir=\"auto\"><\/div>\n<div dir=\"auto\"><strong>DAL COMUNE DI CANALE D&#8217;AGORDO, FLAVIO COLCERGNAN,<\/strong> traccia la storia della strada fino ad oggi con i lavori della Provincia. I nuovi progetti per la strada da Vallada a Gaer che diventer\u00e0 la strada principale per Carfon. Infine ecco perch\u00e9 non \u00e8 ancora aperta la strada, il Comune attende a giorni una lettera per poterla riaprire.<\/div>\n<div dir=\"auto\"><\/div>\n<div dir=\"auto\">\n<audio class=\"wp-audio-shortcode\" id=\"audio-153915-1\" preload=\"none\" style=\"width: 100%;\" controls=\"controls\"><source type=\"audio\/mpeg\" src=\"https:\/\/www.radiopiu.net\/wordpress\/wp-content\/uploads\/2020\/08\/flavio.mp3?_=1\" \/><a href=\"https:\/\/www.radiopiu.net\/wordpress\/wp-content\/uploads\/2020\/08\/flavio.mp3\">https:\/\/www.radiopiu.net\/wordpress\/wp-content\/uploads\/2020\/08\/flavio.mp3<\/a><\/audio>\n<\/div>\n<div dir=\"auto\"><\/div>\n<div dir=\"auto\"><\/div>\n<div dir=\"auto\"><\/div>\n<div dir=\"auto\"><\/div>\n<div class=\"page-title-breadcrumbs\">\n<div dir=\"auto\"><\/div>\n<div dir=\"auto\"><\/div>\n<\/div>\n","protected":false},"excerpt":{"rendered":"<p>CANALE D&#8217;AGORDO\u00a0 Riceviamo e volentieri pubblichiamo il contributo da Carfon di Canale d&#8217;Agordo di Nadia Zulian Volevo porre all&#8217;attenzione di RADIO PIU&#8217; (visto che a suo tempo si era occupata del paesino di Carfon) che a distanza di nove mesi la strada principale che sale da La Mora,\u00a0 dopo tante promesse al vento e che&hellip;<\/p>\n","protected":false},"author":1,"featured_media":153914,"comment_status":"closed","ping_status":"closed","sticky":false,"template":"","format":"standard","meta":{"_monsterinsights_skip_tracking":false,"_monsterinsights_sitenote_active":false,"_monsterinsights_sitenote_note":"","_monsterinsights_sitenote_category":0,"footnotes":""},"categories":[49],"tags":[],"class_list":["post-153915","post","type-post","status-publish","format-standard","has-post-thumbnail","hentry","category-news-18","category-49","description-off"],"img_url":"https:\/\/www.radiopiu.net\/wordpress\/wp-content\/uploads\/2020\/08\/download-8.jpg","_links":{"self":[{"href":"https:\/\/www.radiopiu.net\/wordpress\/wp-json\/wp\/v2\/posts\/153915","targetHints":{"allow":["GET"]}}],"collection":[{"href":"https:\/\/www.radiopiu.net\/wordpress\/wp-json\/wp\/v2\/posts"}],"about":[{"href":"https:\/\/www.radiopiu.net\/wordpress\/wp-json\/wp\/v2\/types\/post"}],"author":[{"embeddable":true,"href":"https:\/\/www.radiopiu.net\/wordpress\/wp-json\/wp\/v2\/users\/1"}],"replies":[{"embeddable":true,"href":"https:\/\/www.radiopiu.net\/wordpress\/wp-json\/wp\/v2\/comments?post=153915"}],"version-history":[{"count":0,"href":"https:\/\/www.radiopiu.net\/wordpress\/wp-json\/wp\/v2\/posts\/153915\/revisions"}],"wp:featuredmedia":[{"embeddable":true,"href":"https:\/\/www.radiopiu.net\/wordpress\/wp-json\/wp\/v2\/media\/153914"}],"wp:attachment":[{"href":"https:\/\/www.radiopiu.net\/wordpress\/wp-json\/wp\/v2\/media?parent=153915"}],"wp:term":[{"taxonomy":"category","embeddable":true,"href":"https:\/\/www.radiopiu.net\/wordpress\/wp-json\/wp\/v2\/categories?post=153915"},{"taxonomy":"post_tag","embeddable":true,"href":"https:\/\/www.radiopiu.net\/wordpress\/wp-json\/wp\/v2\/tags?post=153915"}],"curies":[{"name":"wp","href":"https:\/\/api.w.org\/{rel}","templated":true}]}}