{"id":153958,"date":"2020-08-08T05:59:49","date_gmt":"2020-08-08T03:59:49","guid":{"rendered":"https:\/\/www.radiopiu.net\/wordpress\/?p=153958"},"modified":"2020-08-08T06:03:36","modified_gmt":"2020-08-08T04:03:36","slug":"escursionista-in-difficolta-per-gli-schianti-3-interventi-a-cortina","status":"publish","type":"post","link":"https:\/\/www.radiopiu.net\/wordpress\/escursionista-in-difficolta-per-gli-schianti-3-interventi-a-cortina\/","title":{"rendered":"ESCURSIONISTA IN DIFFICOLT\u00c0 PER GLI SCHIANTI, 3 INTERVENTI A CORTINA"},"content":{"rendered":"<p><strong>OSPITALE DI CADORE<\/strong>\u00a0 Attorno alle 18.30 il Soccorso alpino di Longarone \u00e8 stato allertato per un escursionista in difficolt\u00e0. Scendendo da Forcella Citta verso Davestra per prendere il sentiero numero 392, un trentunenne di Padova si era trovato ad attraversare una zona di schianti dovuti a Vaia. In contatto telefonico con lui i soccorritori hanno provato a dargli delle indicazioni, poi un squadra \u00e8 partita per andargli incontro e verificare che riuscisse a rientrare a valle.<\/p>\n<p><strong>BORCA DI CADORE\u00a0<\/strong> Questa mattina alle 8.20, una squadra del Soccorso alpino di San Vito di Cadore \u00e8 stata attivata per un escursionista, che si era fatto male gi\u00e0 ieri e si trovava al Rifugio Venezia, a Borca di Cadore. L&#8217;uomo, R.C., 57 anni, di Padova, che aveva un probabile trauma alla caviglia, \u00e8 stato raggiunto da una squadra in jeep, per essere poi trasportato al Codivilla.<\/p>\n<p><strong>CORTINA\u00a0<\/strong> Tre gli interventi. Alle 14.50 circa una squadra del Soccorso alpino si \u00e8 portata al Rifugio Biella in fuoristrada e ha caricato a bordo una turista tedesca di 53 anni che, affaticata, non era pi\u00f9 in grado di proseguire. Accompagnata fino a Passo Cimabanche dove \u00e8 stata raggiunta dai parenti, con i quali si \u00e8 allontanata autonomamente. Passate le 15 l&#8217;elicottero del Suem di Pieve di Cadore \u00e8 volato sulla Ferrata Strobel alla Punta Fiames, poich\u00e9, giunto sopra la scala di ferro verso la cima, un escursionista vicentino, M.T., 52 anni, di Marostica, si era sentito poco bene. Recuperato con un verricello, l&#8217;uomo \u00e8 stato portato all&#8217;ospedale di Belluno per gli accertamenti del caso. Attorno alle 17 una squadra del Soccorso alpino di Cortina si \u00e8 diretta sul sentiero numero 434 sopra il Cason de Formin, che dal Rifugio Croda da Lago scende a Rocurto, per una donna infortunatasi alla caviglia.<\/p>\n","protected":false},"excerpt":{"rendered":"<p>OSPITALE DI CADORE\u00a0 Attorno alle 18.30 il Soccorso alpino di Longarone \u00e8 stato allertato per un escursionista in difficolt\u00e0. Scendendo da Forcella Citta verso Davestra per prendere il sentiero numero 392, un trentunenne di Padova si era trovato ad attraversare una zona di schianti dovuti a Vaia. In contatto telefonico con lui i soccorritori hanno&hellip;<\/p>\n","protected":false},"author":1,"featured_media":150736,"comment_status":"closed","ping_status":"closed","sticky":false,"template":"","format":"standard","meta":{"_monsterinsights_skip_tracking":false,"_monsterinsights_sitenote_active":false,"_monsterinsights_sitenote_note":"","_monsterinsights_sitenote_category":0,"footnotes":""},"categories":[49],"tags":[],"class_list":["post-153958","post","type-post","status-publish","format-standard","has-post-thumbnail","hentry","category-news-18","category-49","description-off"],"img_url":"https:\/\/www.radiopiu.net\/wordpress\/wp-content\/uploads\/2020\/07\/011ac6a7-faf3-4e44-8366-1299316cf277.jpg","_links":{"self":[{"href":"https:\/\/www.radiopiu.net\/wordpress\/wp-json\/wp\/v2\/posts\/153958","targetHints":{"allow":["GET"]}}],"collection":[{"href":"https:\/\/www.radiopiu.net\/wordpress\/wp-json\/wp\/v2\/posts"}],"about":[{"href":"https:\/\/www.radiopiu.net\/wordpress\/wp-json\/wp\/v2\/types\/post"}],"author":[{"embeddable":true,"href":"https:\/\/www.radiopiu.net\/wordpress\/wp-json\/wp\/v2\/users\/1"}],"replies":[{"embeddable":true,"href":"https:\/\/www.radiopiu.net\/wordpress\/wp-json\/wp\/v2\/comments?post=153958"}],"version-history":[{"count":0,"href":"https:\/\/www.radiopiu.net\/wordpress\/wp-json\/wp\/v2\/posts\/153958\/revisions"}],"wp:featuredmedia":[{"embeddable":true,"href":"https:\/\/www.radiopiu.net\/wordpress\/wp-json\/wp\/v2\/media\/150736"}],"wp:attachment":[{"href":"https:\/\/www.radiopiu.net\/wordpress\/wp-json\/wp\/v2\/media?parent=153958"}],"wp:term":[{"taxonomy":"category","embeddable":true,"href":"https:\/\/www.radiopiu.net\/wordpress\/wp-json\/wp\/v2\/categories?post=153958"},{"taxonomy":"post_tag","embeddable":true,"href":"https:\/\/www.radiopiu.net\/wordpress\/wp-json\/wp\/v2\/tags?post=153958"}],"curies":[{"name":"wp","href":"https:\/\/api.w.org\/{rel}","templated":true}]}}