{"id":154187,"date":"2020-08-10T05:50:55","date_gmt":"2020-08-10T03:50:55","guid":{"rendered":"https:\/\/www.radiopiu.net\/wordpress\/?p=154187"},"modified":"2020-08-10T09:29:57","modified_gmt":"2020-08-10T07:29:57","slug":"giornale-radiopiu-10-agosto-2020-direttore-mirko-mezzacasa","status":"publish","type":"post","link":"https:\/\/www.radiopiu.net\/wordpress\/giornale-radiopiu-10-agosto-2020-direttore-mirko-mezzacasa\/","title":{"rendered":"GIORNALE RADIOPIU 10 AGOSTO 2020 DIRETTORE MIRKO MEZZACASA"},"content":{"rendered":"<h3><strong>PER RICEVERE QUESTO NOTIZIARIO DIRETTAMENTE SUL TUO CELLULARE ISCRIVITI AL CANALE TELEGRAM\u00a0<\/strong><strong>\u201cRADIO PIU\u00a0 INFORMAZIONE<\/strong><\/h3>\n<p><em>ATTENZIONE: LA NUOVA APP PER IOS-IPHONE<\/em><\/p>\n<div>\n<div><a href=\"https:\/\/apps.apple.com\/it\/app\/radio-pi%C3%B9-emittente-agordina\/id1515939845\">https:\/\/apps.apple.com\/it\/app\/radio-pi%C3%B9-emittente-agordina\/id1515939845<\/a><\/div>\n<\/div>\n<div><\/div>\n<div>\n<div dir=\"auto\"><em>ATTENZIONE: LA NUOVA APP RADIO\u00a0 PER ANDROID<\/em><\/div>\n<\/div>\n<p><a href=\"https:\/\/play.google.com\/store\/apps\/details?id=net.radiopiu.iniko\" target=\"_blank\" rel=\"noopener noreferrer\">https:\/\/play.google.com\/store\/apps\/details?id=net.radiopiu.iniko \u00a0\u00a0<\/a><\/p>\n<p>&nbsp;<\/p>\n<hr \/>\n<p>&nbsp;<\/p>\n<p style=\"text-align: left;\"><em><strong>LA FOTO DEL GIORNO&#8230;DI JOHN FRANCIS DELLA PIETRA <\/strong><\/em>Cima Vezzana 3192 la pi\u00f9 alta delle Pale di San Martino in Veneto comune di Canale<\/p>\n<p><a class=\"dt-pswp-item\" href=\"https:\/\/www.radiopiu.net\/wordpress\/wp-content\/uploads\/2020\/08\/847a0d38-9dbe-4442-bbb6-92b88e1f55fc.jpg\" data-dt-img-description=\"\" data-large_image_width=\"1599\" data-large_image_height=\"1200\"><img loading=\"lazy\" decoding=\"async\" class=\"wp-image-154279 alignleft\" src=\"https:\/\/www.radiopiu.net\/wordpress\/wp-content\/uploads\/2020\/08\/847a0d38-9dbe-4442-bbb6-92b88e1f55fc-1024x768.jpg\" alt=\"\" width=\"312\" height=\"234\" srcset=\"https:\/\/www.radiopiu.net\/wordpress\/wp-content\/uploads\/2020\/08\/847a0d38-9dbe-4442-bbb6-92b88e1f55fc-1024x768.jpg 1024w, https:\/\/www.radiopiu.net\/wordpress\/wp-content\/uploads\/2020\/08\/847a0d38-9dbe-4442-bbb6-92b88e1f55fc-300x225.jpg 300w, https:\/\/www.radiopiu.net\/wordpress\/wp-content\/uploads\/2020\/08\/847a0d38-9dbe-4442-bbb6-92b88e1f55fc-768x576.jpg 768w, https:\/\/www.radiopiu.net\/wordpress\/wp-content\/uploads\/2020\/08\/847a0d38-9dbe-4442-bbb6-92b88e1f55fc-1536x1153.jpg 1536w, https:\/\/www.radiopiu.net\/wordpress\/wp-content\/uploads\/2020\/08\/847a0d38-9dbe-4442-bbb6-92b88e1f55fc.jpg 1599w\" sizes=\"auto, (max-width: 312px) 100vw, 312px\" \/><\/a><\/p>\n<p>&nbsp;<\/p>\n<p>&nbsp;<\/p>\n<p>&nbsp;<\/p>\n<p>&nbsp;<\/p>\n<p>&nbsp;<\/p>\n<p>&nbsp;<\/p>\n<p>&nbsp;<\/p>\n<p>&nbsp;<\/p>\n<p>&nbsp;<\/p>\n<blockquote>\n<h3>IERI SERA AD ALLEGHE, PRIMA DEL TEMPORALE<br \/>\n<a class=\"dt-pswp-item\" href=\"https:\/\/www.radiopiu.net\/wordpress\/wp-content\/uploads\/2020\/08\/1856d5bd-242e-4f79-bead-1231b6623278.jpg\" data-dt-img-description=\"\" data-large_image_width=\"2016\" data-large_image_height=\"980\"><img loading=\"lazy\" decoding=\"async\" class=\"alignnone size-medium wp-image-154312\" src=\"https:\/\/www.radiopiu.net\/wordpress\/wp-content\/uploads\/2020\/08\/1856d5bd-242e-4f79-bead-1231b6623278-300x146.jpg\" alt=\"\" width=\"300\" height=\"146\" srcset=\"https:\/\/www.radiopiu.net\/wordpress\/wp-content\/uploads\/2020\/08\/1856d5bd-242e-4f79-bead-1231b6623278-300x146.jpg 300w, https:\/\/www.radiopiu.net\/wordpress\/wp-content\/uploads\/2020\/08\/1856d5bd-242e-4f79-bead-1231b6623278-1024x498.jpg 1024w, https:\/\/www.radiopiu.net\/wordpress\/wp-content\/uploads\/2020\/08\/1856d5bd-242e-4f79-bead-1231b6623278-768x373.jpg 768w, https:\/\/www.radiopiu.net\/wordpress\/wp-content\/uploads\/2020\/08\/1856d5bd-242e-4f79-bead-1231b6623278-1536x747.jpg 1536w, https:\/\/www.radiopiu.net\/wordpress\/wp-content\/uploads\/2020\/08\/1856d5bd-242e-4f79-bead-1231b6623278.jpg 2016w\" sizes=\"auto, (max-width: 300px) 100vw, 300px\" \/><\/a><\/h3>\n<\/blockquote>\n<p>&nbsp;<\/p>\n<hr \/>\n<p>&nbsp;<\/p>\n<p>&nbsp;<\/p>\n<div class=\"im_history_message_wrap\">\n<div class=\"im_message_outer_wrap hasselect\" data-msg-id=\"13491\">\n<div class=\"im_message_wrap clearfix\">\n<div class=\"im_content_message_wrap im_message_in\">\n<div class=\"im_message_body\">\n<blockquote>\n<h3 class=\"photoswipe-wrapper\"><a class=\"dt-pswp-item pspw-wrap-ready\" href=\"https:\/\/i2.wp.com\/www.radiopiu.net\/wordpress\/wp-content\/uploads\/2020\/08\/5e846dd5-0ffe-4c6a-bbe4-0c28c3efb728.jpg?ssl=1\" data-dt-img-description=\"\" data-large_image_width=\"1131\" data-large_image_height=\"1600\"><img loading=\"lazy\" decoding=\"async\" class=\"wp-image-153279 alignleft\" src=\"https:\/\/i2.wp.com\/www.radiopiu.net\/wordpress\/wp-content\/uploads\/2020\/08\/5e846dd5-0ffe-4c6a-bbe4-0c28c3efb728.jpg?resize=99%2C141&amp;ssl=1\" sizes=\"auto, (max-width: 99px) 100vw, 99px\" srcset=\"https:\/\/i2.wp.com\/www.radiopiu.net\/wordpress\/wp-content\/uploads\/2020\/08\/5e846dd5-0ffe-4c6a-bbe4-0c28c3efb728.jpg?resize=212%2C300&amp;ssl=1 212w, https:\/\/i2.wp.com\/www.radiopiu.net\/wordpress\/wp-content\/uploads\/2020\/08\/5e846dd5-0ffe-4c6a-bbe4-0c28c3efb728.jpg?resize=724%2C1024&amp;ssl=1 724w, https:\/\/i2.wp.com\/www.radiopiu.net\/wordpress\/wp-content\/uploads\/2020\/08\/5e846dd5-0ffe-4c6a-bbe4-0c28c3efb728.jpg?resize=768%2C1086&amp;ssl=1 768w, https:\/\/i2.wp.com\/www.radiopiu.net\/wordpress\/wp-content\/uploads\/2020\/08\/5e846dd5-0ffe-4c6a-bbe4-0c28c3efb728.jpg?resize=1086%2C1536&amp;ssl=1 1086w, https:\/\/i2.wp.com\/www.radiopiu.net\/wordpress\/wp-content\/uploads\/2020\/08\/5e846dd5-0ffe-4c6a-bbe4-0c28c3efb728.jpg?w=1131&amp;ssl=1 1131w\" alt=\"\" width=\"99\" height=\"141\" data-recalc-dims=\"1\" \/><\/a>SOSTEGNO ALLA CROCE ROSSA ITALIANA<\/h3>\n<\/blockquote>\n<p>\u201cNuova iniziativa della CroceRossa di Belluno: la raccolta di materiale scolastico per i bambini delle famiglie bellunesi in difficolt\u00e0. Appuntamento oggi, domani e mercoledi agosto presso Due Ufficio a Sedico! Il ricavato dell\u2019iniziativa verr\u00e0 ridistribuito ai nuclei famigliari indigenti.<\/p>\n<p>&nbsp;<\/p>\n<p>&nbsp;<\/p>\n<p>&nbsp;<\/p>\n<hr \/>\n<p>&nbsp;<\/p>\n<p><strong class=\"photoswipe-wrapper\"><a class=\"dt-pswp-item pspw-wrap-ready\" href=\"https:\/\/i2.wp.com\/www.radiopiu.net\/wordpress\/wp-content\/uploads\/2018\/08\/ACQUA.jpeg?ssl=1\" data-dt-img-description=\"\" data-large_image_width=\"1280\" data-large_image_height=\"768\"><img loading=\"lazy\" decoding=\"async\" class=\"wp-image-57052 alignleft\" src=\"https:\/\/i2.wp.com\/www.radiopiu.net\/wordpress\/wp-content\/uploads\/2018\/08\/ACQUA.jpeg?resize=198%2C119&amp;ssl=1\" sizes=\"auto, (max-width: 198px) 100vw, 198px\" srcset=\"https:\/\/i2.wp.com\/www.radiopiu.net\/wordpress\/wp-content\/uploads\/2018\/08\/ACQUA.jpeg?resize=300%2C180&amp;ssl=1 300w, https:\/\/i2.wp.com\/www.radiopiu.net\/wordpress\/wp-content\/uploads\/2018\/08\/ACQUA.jpeg?resize=768%2C461&amp;ssl=1 768w, https:\/\/i2.wp.com\/www.radiopiu.net\/wordpress\/wp-content\/uploads\/2018\/08\/ACQUA.jpeg?resize=1024%2C614&amp;ssl=1 1024w, https:\/\/i2.wp.com\/www.radiopiu.net\/wordpress\/wp-content\/uploads\/2018\/08\/ACQUA.jpeg?w=1280&amp;ssl=1 1280w\" alt=\"\" width=\"198\" height=\"119\" data-recalc-dims=\"1\" \/><\/a><\/strong><strong class=\"photoswipe-wrapper\">RIVAMONTE<\/strong>\u00a0 nelle localit\u00e0 VILLAGRANDE, ROSSON, TOS,\u00a0 Via ROMA MIOTTE, ZENICH, MOTTES, ZEP-SCHENA, SARET, ROSTE, PALUCH, GONA DI CONEDERA, PONTE ALTO, LONIE e SANTEL, l\u2019acqua erogata dall\u2019acquedotto non \u00e8 potabile e pu\u00f2 essere usata per scopi alimentari SOLO PREVIA bollitura. GSP ha, comunque, gi\u00e0 adottato le necessarie misure per la disinfezione dell\u2019acqua presente nei serbatoi e nella rete idrica con l\u2019aggiunta di cloro.\u00a0<strong>SAN TOMASO AGORDINO<\/strong>\u00a0nelle LOCALITA\u2019 ROI E PIANEZZE l\u2019acqua erogata dall\u2019acquedotto non \u00e8 potabile e non pu\u00f2 essere usata per scopi alimentari. Verr\u00e0 effettuato servizio sostitutivo con autobotte. Nella frazione Costa l&#8217;acqua \u00e8 di nuovo potabile<\/p>\n<p>&nbsp;<\/p>\n<h2><span style=\"color: #ff0000;\">CANALE D&#8217;AGORDO NON MERITA DI ESSERE SCREDITATO<\/span><\/h2>\n<blockquote>\n<blockquote>\n<h3>LO CERCANO PER TUTTO IL GIORNO MA ERA IN CENTRO AL PAESE. DOPO L&#8217;ALLARME DATO DALLA MOGLIE,\u00a0 RIENTRA AL CAMPEGGIO DEL SINDACO FA I BAGAGLI E TORNA A CASA SENZA SALDARE IL CONTO.<\/h3>\n<\/blockquote>\n<p><strong>CANALE D&#8217;AGORDO\u00a0<\/strong> La vicenda ha fatto discutere non solo il paese di Canale d&#8217;Agordo ma l&#8217;intera vallata e anche oltre grazie ai social. La vicenda \u00e8 nota, la moglie del turista ha dato l&#8217;allarme della scomparsa del marito in vacanza al campeggio Lastei del sindaco Flavio Colcergnan che ha fatto partire la macchina dei soccorsi. Tra moglie e marito quindi si \u00e8 inserita la ricerca a tappeto, fino al lieto fine. <em>&#8220;Non potevo fare diversamente &#8211; dice Flavio Colcergnan gestore del campeggio &#8211;\u00a0 ho applicato il regolamento del campeggio avvertendo la signora che avrebbe potuto anche sostenere delle spese&#8221;<\/em>. La coppia trevigiana ha poi lasciato Canale d&#8217;Agordo insultando l&#8217;addetto alla reception e senza pagare il soggiorno. Inevitabile il ricorso al tribunale.<\/p>\n<p>&nbsp;<\/p>\n<div class=\"page-title-head hgroup\">\n<blockquote>\n<h3 class=\"entry-title\">POMPIERI VOLONTARI DI CANALE D\u2019AGORDO IMPEGNATI SABATO SERA IN VALLE DI GARES<\/h3>\n<\/blockquote>\n<\/div>\n<p class=\"page-title-breadcrumbs\"><strong class=\"photoswipe-wrapper\"><img loading=\"lazy\" decoding=\"async\" class=\"wp-image-154203 alignleft jetpack-lazy-image jetpack-lazy-image--handled\" src=\"https:\/\/i2.wp.com\/www.radiopiu.net\/wordpress\/wp-content\/uploads\/2020\/08\/117531378_183966066448064_2757515587961989902_o.jpg?resize=171%2C178&amp;ssl=1\" sizes=\"auto, (max-width: 171px) 100vw, 171px\" srcset=\"https:\/\/i2.wp.com\/www.radiopiu.net\/wordpress\/wp-content\/uploads\/2020\/08\/117531378_183966066448064_2757515587961989902_o.jpg?resize=288%2C300&amp;ssl=1 288w, https:\/\/i2.wp.com\/www.radiopiu.net\/wordpress\/wp-content\/uploads\/2020\/08\/117531378_183966066448064_2757515587961989902_o.jpg?resize=768%2C800&amp;ssl=1 768w, https:\/\/i2.wp.com\/www.radiopiu.net\/wordpress\/wp-content\/uploads\/2020\/08\/117531378_183966066448064_2757515587961989902_o.jpg?w=922&amp;ssl=1 922w\" alt=\"\" width=\"96\" height=\"100\" data-recalc-dims=\"1\" data-lazy-loaded=\"1\" \/>CANALE D\u2019AGORDO<\/strong> Sabato sera alle 18.15 pompieri\u00a0 allertati dalla sala operativa per una ricerca persona in val di Gares. <em>\u201cCi siamo divisi in due squadre e iniziato la ricerca \u2013 raccontano i pompieri della Valle del Biois .- , fortunatamente da l\u00ec a poco ci hanno avvisato del ritrovamento senza conseguenze\u201d.<\/em><\/p>\n<p>&nbsp;<\/p>\n<p>&nbsp;<\/p>\n<hr \/>\n<h2><span style=\"color: #ff0000;\">IL ROVESCIO DELLA MEDAGLIA<\/span><\/h2>\n<blockquote>\n<h3>IL MESSAGGIO SUI SOCIAL DI MASSIMLIANO DELL&#8217;OLIVO<\/h3>\n<\/blockquote>\n<blockquote><p><em><img loading=\"lazy\" decoding=\"async\" class=\"alignleft\" src=\"https:\/\/www.radiopiu.net\/wordpress\/wp-content\/uploads\/2020\/06\/CANALE-DAGORDO-8.jpg\" width=\"207\" height=\"155\" \/>Grazie Canale d&#8217;Agordo, che mi hai accolto sette anni orsono, non pi\u00f9 giovane ma comunque novello sposo, da subito ben accetto, immediatamente mi hai fatto sentire a casa. Paese fatto di buone persone, dove la parola comunit\u00e0 sembra amplificarsi del proprio significato. Felice per la nostra nuova casa, qualche chilometro pi\u00f9 a valle, con un pizzico di nostalgia lascio quel &#8220;nido&#8221; di via Tancon che Dante e Franca (padroni di casa dal cuore grande e dalla disponibilit\u00e0 infinit<span class=\"text_exposed_show\">a) ci avevano affidato. Il mio non \u00e8 un addio, ma un arrivederci, convinto che quando passer\u00f2 per la tua piazza, sar\u00f2 in visita dai parenti, berr\u00f2 un caff\u00e8 nei tuoi bar, manger\u00f2 una pizza dai Bolp o un piatto alle Codole, mi farai sempre sentire canalino e non &#8220;foresto&#8221;.<br \/>\nGrazie!\u00a0<\/span><\/em><\/p>\n<p>&nbsp;<\/p>\n<hr \/>\n<\/blockquote>\n<h3>CHOC ANAFILATTICO PER UN&#8217;ANZIANA, PERDE CONOSCENZA E ANCHE IL RESPIRO<\/h3>\n<\/blockquote>\n<p><strong>COMELICO<\/strong> Punta alla mano da una vespa cade a terra in preda a uno choc anafilattico.\u00a0 E&#8217; successo ad un&#8217; anziana di 71 anni di Costalissoio: la puntura di adrenalina praticata dai sanitari del Suem arrivati con un elicottero le ha salvato la vita. Dopo la puntura della vespa \u00e8 caduta a terra, i famigliari hanno avvertito i soccorsi.\u00a0 Quando sono arrivati i vigili del fuoco di Santo Stefano di Cadore la donna era in stato di incoscienza e faceva fatica a respirare fino a rischiare il soffocamento. I medici hanno praticato gli antiallergici e trasferito la anziana al San Martino, a bordo dell&#8217;elicottero e la signora ha ricominciato a respirare.<\/p>\n<p>&nbsp;<\/p>\n<hr \/>\n<blockquote>\n<h3>BIMBO PUNTO DA UN INSETTO COSTRETTO ALLE CURE OSPEDALIERE, MALORI E DISTORSIONI DI CAVIGLIE A CORTINA, ALLEGHE E AURONZO<\/h3>\n<\/blockquote>\n<p><strong><a class=\"dt-pswp-item\" href=\"https:\/\/www.radiopiu.net\/wordpress\/wp-content\/uploads\/2020\/07\/011ac6a7-faf3-4e44-8366-1299316cf277.jpg\" data-dt-img-description=\"\" data-large_image_width=\"297\" data-large_image_height=\"256\"><img loading=\"lazy\" decoding=\"async\" class=\"size-full wp-image-150736 alignleft\" src=\"https:\/\/www.radiopiu.net\/wordpress\/wp-content\/uploads\/2020\/07\/011ac6a7-faf3-4e44-8366-1299316cf277.jpg\" alt=\"\" width=\"297\" height=\"256\" \/><\/a>LENTIAI\u00a0<\/strong> A Malga Garda, nel comune di Lentiai\u00a0 un bimbo di 9 anni trevigiano di Castelcucco\u00a0 aveva manifestato una probabile reazione allergica, \u00e8 stato trasportato all&#8217;ospedale di Belluno per le verifiche del caso.<\/p>\n<p><strong>FALCADE<\/strong>\u00a0 Al Rifugio Laresei un escursionista \u00e8 caduto poco distante e ha sbattuto la testa. Una squadra del Soccorso Alpino Val Biois\u00a0 \u00e8 arrivata in jeep sul posto e ha medicato R.V., 74 anni, di Laterina Pergine Valdarno (AR), che ha riportato un taglio. Caricato a bordo, l&#8217;uomo \u00e8 stato accompagnato al rendez vous con l&#8217;ambulanza della Croce Verde Val Biois che lo ha trasportato all&#8217;ospedale di Agordo.<\/p>\n<p><strong>CORTINA<\/strong>\u00a0 Distorsione alla caviglia capitata nei pressi del Rifugio Duca d&#8217;Aosta. Una squadra del Sagf ha raggiunto la donna, P.B., 74 anni, di Bologna per poi portarla all&#8217;ambulanza, partita per il Codivilla.\u00a0 Un escursionista si \u00e8 imbattuto in alcune persone che chiedevano aiuto per un malore, sotto la seggiovia delle Cinque Torri, ma una volta sul posto, l&#8217;eliambulanza e un soccorritore di Cortina giunto in supporto non hanno pi\u00f9 trovato nessuno.\u00a0 Al Rifugio Averau\u00a0 una turista di 60 anni di Forl\u00ec (FC), ha\u00a0 riportato un trauma alla caviglia, poi trasportata a Cortina.\u00a0 Al Vandelli, recuperata una ragazza di 21 anni di Valdobbiadene (TV), con problemi a un piede. Sempre in zona Vandelli l&#8217;elicottero ha preso in carico un escursionista di 22 anni, che si era ferito alla testa colpito da un sasso e lo ha accompagnato all&#8217;ospedale di Cortina.<\/p>\n<p><strong>ALLEGHE<\/strong>\u00a0 Sul sentiero che scende\u00a0 dal Lago del Coldai ai Piani di Pezz\u00e8, all&#8217;imbocco di Ru della Porta infortunio\u00a0 alla caviglia di una donna di 52 anni di Legnano (MI), affidata all&#8217;ambulanza e portata ad Agordo.<\/p>\n<p><strong>MISURINA<\/strong> Una squadra del Sagf si \u00e8 avvicinata in jeep, per poi proseguire venti minuti a piedi, sul sentiero numero 120 che dal Lago di Misurina sale al Col de Varda, per il\u00a0 trauma alla caviglia di una turista romana di 46 anni.<\/p>\n<p><strong>AURONZO<\/strong> AL rientro dalla via Dibona in discesa dalla normale alla Grande delle Tre Cime di Lavaredo, \u00e8 intervenuto l&#8217;elicottero di Pieve di Cadore. Un alpinista polacco di 50 anni \u00e8 stato recuperato e trasportato al Rifugio Lavaredo.<\/p>\n<p>&nbsp;<\/p>\n<p>&nbsp;<\/p>\n<hr \/>\n<p>&nbsp;<\/p>\n<blockquote>\n<h3>RECUPERATI ALL&#8217;ALBA DUE ESCURSIONISTI SULLE PALE DI SAN LUCANO<\/h3>\n<\/blockquote>\n<p><strong><a class=\"dt-pswp-item\" href=\"https:\/\/www.radiopiu.net\/wordpress\/wp-content\/uploads\/2020\/08\/salt_20200809_102446_176_resized.jpg\" data-dt-img-description=\"\" data-large_image_width=\"1182\" data-large_image_height=\"886\"><img loading=\"lazy\" decoding=\"async\" class=\"size-medium wp-image-154185 alignleft\" src=\"https:\/\/www.radiopiu.net\/wordpress\/wp-content\/uploads\/2020\/08\/salt_20200809_102446_176_resized-300x225.jpg\" alt=\"\" width=\"300\" height=\"225\" srcset=\"https:\/\/www.radiopiu.net\/wordpress\/wp-content\/uploads\/2020\/08\/salt_20200809_102446_176_resized-300x225.jpg 300w, https:\/\/www.radiopiu.net\/wordpress\/wp-content\/uploads\/2020\/08\/salt_20200809_102446_176_resized-1024x768.jpg 1024w, https:\/\/www.radiopiu.net\/wordpress\/wp-content\/uploads\/2020\/08\/salt_20200809_102446_176_resized-768x576.jpg 768w, https:\/\/www.radiopiu.net\/wordpress\/wp-content\/uploads\/2020\/08\/salt_20200809_102446_176_resized.jpg 1182w\" sizes=\"auto, (max-width: 300px) 100vw, 300px\" \/><\/a>TAIBON <\/strong>Sono stati recuperati ieri all&#8217;alba i due escursionisti rimasti incrodati sabato in fondo alla Valle di San Lucano. I due uomini, 67 e 76 anni, di Alleghe (BL) erano partiti per la traversata degli Altipiani del Rosetta, con l&#8217;intenzione di rientrare da Col di Pra, a Taibon Agordino. Lungo il sentiero hanno per\u00f2 abbandonato la traccia prendendo il canale della Valle di Angheraz, di fronte allo Spigolo dell&#8217;Agner, e finendo bloccati sopra un salto di roccia di una cinquantina di metri. Attorno alle 20.30 l&#8217;allerta alla Centrale operativa del 118, con la comunicazione che saltava e l&#8217;impossibilit\u00e0 di risalire alle loro coordinate per assenza di traffico dati, fino alla perdita totale del contatto. Pur con le informazioni frammentarie, una squadra del Soccorso alpino di Agordo \u00e8 arrivata in fondo alla Valle per tentare di vedere se i due fossero individuabili attraverso la luce di pile o frontali, senza per\u00f2 riuscire a localizzati. Alle 5.30 l&#8217;elicottero di Trento emergenza ha imbarcato due soccorritori per perlustrare l&#8217;area e dopo una lunga ricognizione l&#8217;equipaggio li ha individuati a circa 1.400 metri di quota e li ha recuperati utilizzando un verricello. Stavano bene, anche dopo una notte all&#8217;addiaccio, e sono stati trasportati in piazzola ad Agordo.<\/p>\n<p>&nbsp;<\/p>\n<hr \/>\n<p>&nbsp;<\/p>\n<div class=\"page-title-head hgroup\">\n<blockquote>\n<h3 class=\"entry-title\">SCOSSA DI TERREMOTO CON EPICENTRO A SOVRAMONTE MAGNITUDO 2.3<\/h3>\n<\/blockquote>\n<\/div>\n<div class=\"page-title-breadcrumbs\">\n<p><a class=\"dt-pswp-item\" href=\"https:\/\/www.radiopiu.net\/wordpress\/wp-content\/uploads\/2020\/08\/55ae5791-119f-4f84-ad20-bb18ff43e2ca.jpg\" data-dt-img-description=\"\" data-large_image_width=\"578\" data-large_image_height=\"1024\"><img loading=\"lazy\" decoding=\"async\" class=\" wp-image-154225 alignleft\" src=\"https:\/\/www.radiopiu.net\/wordpress\/wp-content\/uploads\/2020\/08\/55ae5791-119f-4f84-ad20-bb18ff43e2ca-169x300.jpg\" alt=\"\" width=\"137\" height=\"243\" srcset=\"https:\/\/www.radiopiu.net\/wordpress\/wp-content\/uploads\/2020\/08\/55ae5791-119f-4f84-ad20-bb18ff43e2ca-169x300.jpg 169w, https:\/\/www.radiopiu.net\/wordpress\/wp-content\/uploads\/2020\/08\/55ae5791-119f-4f84-ad20-bb18ff43e2ca.jpg 578w\" sizes=\"auto, (max-width: 137px) 100vw, 137px\" \/><\/a><strong>Scossa di terremoto alle 17 con epicentro vicino a Sovramonte. Scossa avvertita dalla popolazione.\u00a0<\/strong><\/p>\n<p><strong>FELTRE &#8211;<\/strong>\u00a0 Il terremoto\u00a0 \u00e8 stato particolarmente intenso tra i Comuni di Lamon e Sovramonte, ad una profondit\u00e0 di 10 km. Il terremoto \u00e8 stato localizzato da: Sala Sismica INGV-Roma.<\/p>\n<p>L&#8217;epicentro due chilometri a nord dell&#8217;abitato di Lamon \u00e8 stato avvertito chiaramente anche a Feltre e in diversi comuni del Feltrino ed \u00e8 stato accompagnato da un forte rumore.<\/p>\n<\/div>\n<p>La zona del Monte Avena aveva gi\u00e0 tremato a primavera\u00a0 per alcuni giorni. Il 3 marzo la prima scossa, poi lo sciame e nel giro di pochi giorni oltre 20 segnalazioni, due pi\u00f9 forti di 2,8 gradi della scala Richter. A maggio altre 4 scosse in cinque ore, la prima di 2,2 gradi. A fine luglio altra scossa a Cismon del Grappa.<\/p>\n<p>&nbsp;<\/p>\n<hr \/>\n<p>&nbsp;<\/p>\n<div class=\"page-title-head hgroup\">\n<blockquote>\n<h3 class=\"entry-title\">LABRADOR FERITO AI POLPASTRELLI, INTERVIENE L&#8217;ELICOTTERO DRAGO<\/h3>\n<\/blockquote>\n<\/div>\n<p class=\"page-title-breadcrumbs\"><strong class=\"photoswipe-wrapper\"><img loading=\"lazy\" decoding=\"async\" class=\" wp-image-154194 alignleft jetpack-lazy-image jetpack-lazy-image--handled\" src=\"https:\/\/i1.wp.com\/www.radiopiu.net\/wordpress\/wp-content\/uploads\/2020\/08\/783e185e-b2c8-4bce-b873-5f52f255936f.jpg?resize=225%2C300&amp;ssl=1\" sizes=\"auto, (max-width: 225px) 100vw, 225px\" srcset=\"https:\/\/i1.wp.com\/www.radiopiu.net\/wordpress\/wp-content\/uploads\/2020\/08\/783e185e-b2c8-4bce-b873-5f52f255936f.jpg?resize=225%2C300&amp;ssl=1 225w, https:\/\/i1.wp.com\/www.radiopiu.net\/wordpress\/wp-content\/uploads\/2020\/08\/783e185e-b2c8-4bce-b873-5f52f255936f.jpg?resize=768%2C1024&amp;ssl=1 768w, https:\/\/i1.wp.com\/www.radiopiu.net\/wordpress\/wp-content\/uploads\/2020\/08\/783e185e-b2c8-4bce-b873-5f52f255936f.jpg?w=960&amp;ssl=1 960w\" alt=\"\" width=\"125\" height=\"167\" data-recalc-dims=\"1\" data-lazy-loaded=\"1\" \/>PASSO ROLLE<\/strong> \u00c8 servito un Drago per portare in salvo un labrador ferito ai polpastrelli delle zampe e impossibilitato a proseguire verso il sentiero del ritorno che dal rifugio Mulaz sulle dolomiti bellunesi porta verso passo Rolle.\u00a0\u00a0Il proprietario dell\u2019animale constatato l\u2019impossibilit\u00e0 di proseguire e di trasportare a braccia l\u2019animale ha dato l\u2019allarme ai vigili del fuoco, che ha fatto intervenire l\u2019elicottero Drago 62 del reparto volo di Venezia. L\u2019animale e il padrone sono stai imbarcati in quota e portati a valle a Passo Rolle, da dove sono partiti per raggiungere un posto medico veterinario per assistere l\u2019animale.<\/p>\n<p>&nbsp;<\/p>\n<p>&nbsp;<\/p>\n<p>&nbsp;<\/p>\n<blockquote>\n<h3>DUE CANI DA CACCIA SBRANANO IL GATTINO<\/h3>\n<\/blockquote>\n<p><strong>FELTRE<\/strong> Dal racconto sui social di Piera Ferigo due cani da caccia hanno\u00a0 sbranato un gatto a Celarda, due cani scappati dall&#8217;area di addestramento dei cacciatori sarebbero entrati nella propriet\u00e0\u00a0 privata accanendosi contro il gatto fino a ucciderlo. La donna promette di denunciare il fatto ai carabinieri e afferma di essersi gi\u00e0 rivolta al proprio avvocato incaricandolo di seguire la vicenda.<\/p>\n<div><\/div>\n<div>\n<hr \/>\n<p>&nbsp;<\/p>\n<\/div>\n<div>\n<div class=\"page-title-head hgroup\">\n<blockquote>\n<h3 class=\"entry-title\">SEMPRE PRONTI ANCHE DI DOMENICA NELLE GRANDI E PICCOLE EMERGENZE<\/h3>\n<\/blockquote>\n<\/div>\n<p class=\"page-title-breadcrumbs\"><img loading=\"lazy\" decoding=\"async\" class=\" wp-image-154199 alignleft jetpack-lazy-image jetpack-lazy-image--handled\" src=\"https:\/\/i2.wp.com\/www.radiopiu.net\/wordpress\/wp-content\/uploads\/2020\/08\/117255559_968501523577929_6280218200444423297_n.jpg?resize=300%2C225&amp;ssl=1\" sizes=\"auto, (max-width: 300px) 100vw, 300px\" srcset=\"https:\/\/i2.wp.com\/www.radiopiu.net\/wordpress\/wp-content\/uploads\/2020\/08\/117255559_968501523577929_6280218200444423297_n.jpg?resize=300%2C225&amp;ssl=1 300w, https:\/\/i2.wp.com\/www.radiopiu.net\/wordpress\/wp-content\/uploads\/2020\/08\/117255559_968501523577929_6280218200444423297_n.jpg?resize=768%2C576&amp;ssl=1 768w, https:\/\/i2.wp.com\/www.radiopiu.net\/wordpress\/wp-content\/uploads\/2020\/08\/117255559_968501523577929_6280218200444423297_n.jpg?w=960&amp;ssl=1 960w\" alt=\"\" width=\"193\" height=\"145\" data-recalc-dims=\"1\" data-lazy-loaded=\"1\" \/><strong>ROCCA PIETORE<\/strong> I pompieri volontari di Caprile non possono concedersi giorni di festa e alla domenica sono sempre sul chi va l\u00e0 perch\u00e9 il traffico \u00e8 tanto e la gente in movimento pure. Poi ci sono anche le piccole emergenze come la sfortunata residente bloccata fuori dalla propria abitazione all\u2019ora di pranzo. I vigili volontari sono saliti a Sopracordevole con l\u2019 A.P.S. Della serie: <em>\u201cSia nelle grandi che piccole emergenze, noi ci siamo\u2026.SEMPRE\u201d<\/em><\/p>\n<p>&nbsp;<\/p>\n<p>&nbsp;<\/p>\n<hr \/>\n<p>&nbsp;<\/p>\n<blockquote>\n<h3>INCIDENTE TRA DUE AUTO SENZA FERITI<\/h3>\n<\/blockquote>\n<p><strong>ALANO DI PIAVE<\/strong>\u00a0 Sabato sera collisione tra due auto, una Citroen C3 e una Fiat Multipla\u00a0 nei pressi della stazione ferroviaria. Notevoli i danni ai veicoli, ma nessun ferito, sul posto \u00e8 giunta una pattuglia della polizia stradale per i rilievi. Presenti i pompieri di Feltre e i volontari del Basso Feltrino.<\/p>\n<p>&nbsp;<\/p>\n<hr \/>\n<p>&nbsp;<\/p>\n<blockquote>\n<h3>LO SPECIALE DI GIANNI SANTOMASO, OGGI SUL CORRIERE DELLE ALPI<\/h3>\n<\/blockquote>\n<p><a class=\"dt-pswp-item\" href=\"https:\/\/www.radiopiu.net\/wordpress\/wp-content\/uploads\/2020\/08\/Legname-fermo-a-Forcella-Aurine-4-scaled.jpg\" data-dt-img-description=\"\" data-large_image_width=\"2560\" data-large_image_height=\"1445\"><img loading=\"lazy\" decoding=\"async\" class=\"size-medium wp-image-154277 alignleft\" src=\"https:\/\/www.radiopiu.net\/wordpress\/wp-content\/uploads\/2020\/08\/Legname-fermo-a-Forcella-Aurine-4-300x169.jpg\" alt=\"\" width=\"300\" height=\"169\" srcset=\"https:\/\/www.radiopiu.net\/wordpress\/wp-content\/uploads\/2020\/08\/Legname-fermo-a-Forcella-Aurine-4-300x169.jpg 300w, https:\/\/www.radiopiu.net\/wordpress\/wp-content\/uploads\/2020\/08\/Legname-fermo-a-Forcella-Aurine-4-1024x578.jpg 1024w, https:\/\/www.radiopiu.net\/wordpress\/wp-content\/uploads\/2020\/08\/Legname-fermo-a-Forcella-Aurine-4-768x434.jpg 768w, https:\/\/www.radiopiu.net\/wordpress\/wp-content\/uploads\/2020\/08\/Legname-fermo-a-Forcella-Aurine-4-1536x867.jpg 1536w, https:\/\/www.radiopiu.net\/wordpress\/wp-content\/uploads\/2020\/08\/Legname-fermo-a-Forcella-Aurine-4-2048x1156.jpg 2048w\" sizes=\"auto, (max-width: 300px) 100vw, 300px\" \/><\/a><strong>GOSALDO<\/strong> Il Corriere delle Alpi di oggi dedica due intere pagine alla periferia della periferia. Dopo essere andato in Valle di San Lucano per un sopralluogo sui cantieri post-Vaia, Gianni Santomaso \u00e8 approdato a Gosaldo. O meglio nelle periferie del vasto comune al confine con la provincia di Trento. Un territorio che, come altri, \u00e8 stato duramente colpito da Vaia, l&#8217;uragano che oltre ad aver abbattuto tantissimi alberi, ha complicato ulteriormente un quadro idrogeologico gi\u00e0 precario. Una calamit\u00e0 che ha colpito una realt\u00e0 che doveva ancora riprendersi dall&#8217;alluvione del 1966 che ha incentivato l&#8217;emigrazione e l&#8217;abbandono di luoghi bellissimi, ma sempre pi\u00f9 lontani dal centro. Chi \u00e8 rimasto nelle piccole frazioni sparse qua e l\u00e0 lo ha fatto per amore, ma oggi dice:<em> &#8220;Servizi non ce ne sono pi\u00f9, qui non c&#8217;\u00e8 futuro, qui \u00e8 una catastrofe&#8221;.<\/em>\u00a0La Regione non ha avuto fretta di assegnare un contributo per garantire una strada ai due residenti di Selle. Il Comune, oltre a cercare di mantenere le infrastrutture esistenti, ha scelto di puntare sul turismo in quota, realizzando il rifugio Cavallera che aprir\u00e0 l&#8217;estate prossima. Servir\u00e0 a invertire una rotta che pare segnata?<\/p>\n<p>&nbsp;<\/p>\n<p>&nbsp;<\/p>\n<hr \/>\n<p>&nbsp;<\/p>\n<h2><span style=\"color: #ff0000;\">I VIAGGI ALL&#8217;ESTERO, IN CROAZIA SOPRATTUTTO, SPINGONO I CONTAGI<\/span><\/h2>\n<div class=\"page-title title-left solid-bg breadcrumbs-mobile-off page-title-responsive-enabled\">\n<div class=\"wf-wrap\">\n<div class=\"page-title-head hgroup\">\n<blockquote>\n<h3 class=\"entry-title\">NELLE ULTIME 24 ORE 34 POSITIVI IN PI\u00d9. 10 NEGATIVIZZATI E NESSUN DECESSO. 9 LE PERSONE IN TERAPIA INTENSIVA DI CUI 6 POSITIVE. A BELLUNO NESSUNA VARIAZIONE<\/h3>\n<\/blockquote>\n<\/div>\n<div class=\"page-title-breadcrumbs\">\n<p><strong>di Mirko Mezzacasa<\/strong><\/p>\n<p>In un giorno 10 contagi, in pochi giorni una ventina\u00a0 di ragazzi\u00a0 rientrati positivi da Malta, un 35enne da Ibiza e\u00a0 uno dalla Croazia. Contagi causati dai viaggi per le ferie in altri paesi europei. \u00c8 accaduto nel Lazio.\u00a0 In Veneto 8 padovani e altri 2 giovani trevigiani rientrati infetti dalla Croazia nei giorni scorsi. Non hanno ascoltato i consigli, sono stati in discoteca in pieno assembramento tra consumo di alcolici, mancanza di mascherine e nel totale disprezzo del droplet, Dalla Croazia, soprattutto dove nella movida si beve la miscela alcoolica nel mastellone con tante cannucce, \u00e8 stato importato di nuovo il virus, ovunque. Nelle ultime 24 ore in Veneto 34 positivi, quasi 1300 attualmente positivi, 111 i ricoverati di cui 83 positivi. Nessun nuovo contagio in Provincia dopo il caso di sabato, 13 gli attualmente positivi.<\/p>\n<p><strong>I NUMERI\u00a0 IN VENETO:<\/strong>\u00a0TOTALE POSITIVI\u00a0 206668 \u00a0(+34)\u00a0 ATTUALMENTE POSITIVI 1249 \u00a0(+24)\u00a0 DECESSI\u00a0 2083\u00a0 (0) NEGATIVIZZATI\u00a0 17336 (+10) RICOVERATI\u00a0 111 (+1 \u201328 POSITIVI 83 \u00a0NEGATIVIZZATI), NEGLI OSPEDALI DI COMUNITA\u2019 RICOVERATI 16 (0 \u2013 5 POSITIVI,\u00a0 11 NEGATIVIZZATI), IN TERAPIA INTENSIVA 9 (+2 \u2013 6 POSITIVI, \u00a03 NEGATIVIZZATI). DIMESSI 3767 (0) NEGLI OSPEDALI AREA NON CRITICA 330 (0) \u00a0<strong>I NUMERI IN PROVINCIA:<\/strong>\u00a0TOTALE CONTAGI 1213 (0) , ATTUALMENTE POSITIVI 13 (-1) , DECEDUTI 113 (0), NEGATIVIZZATI 1088 \u00a0(+1) RICOVERATI IN OSPEDALE AL SAN MARTINO 0<\/p>\n<\/div>\n<\/div>\n<\/div>\n<p>&nbsp;<\/p>\n<p>&nbsp;<\/p>\n<p>&nbsp;<\/p>\n<hr \/>\n<blockquote class=\"wp-embedded-content\" data-secret=\"A9YHV4MnCo\"><p><a href=\"https:\/\/www.radiopiu.net\/wordpress\/coronavirus-aggiornamento-nazionale-09-agosto\/\">CORONAVIRUS: AGGIORNAMENTO NAZIONALE 09 AGOSTO<\/a><\/p><\/blockquote>\n<p><iframe loading=\"lazy\" class=\"wp-embedded-content\" sandbox=\"allow-scripts\" security=\"restricted\" style=\"position: absolute; clip: rect(1px, 1px, 1px, 1px);\" title=\"&#8220;CORONAVIRUS: AGGIORNAMENTO NAZIONALE 09 AGOSTO&#8221; &#8212; Radio Pi\u00f9\" src=\"https:\/\/www.radiopiu.net\/wordpress\/coronavirus-aggiornamento-nazionale-09-agosto\/embed\/#?secret=A9YHV4MnCo\" data-secret=\"A9YHV4MnCo\" width=\"600\" height=\"338\" frameborder=\"0\" marginwidth=\"0\" marginheight=\"0\" scrolling=\"no\"><\/iframe><\/p>\n<p>&nbsp;<\/p>\n<hr \/>\n<p>&nbsp;<\/p>\n<blockquote class=\"wp-embedded-content\" data-secret=\"zDM5SThDMh\"><p><a href=\"https:\/\/www.radiopiu.net\/wordpress\/nelle-ultime-24-ore-34-positivi-in-piu-10-negativizzati-e-nessun-decesso-9-le-persone-in-terapia-intensiva-di-cui-6-positive-a-belluno-nessuna-variazione\/\">NELLE ULTIME 24 ORE 34 POSITIVI IN PI\u00d9. 10 NEGATIVIZZATI E NESSUN DECESSO. 9 LE PERSONE IN TERAPIA INTENSIVA DI CUI 6 POSITIVE. A BELLUNO NESSUNA VARIAZIONE<\/a><\/p><\/blockquote>\n<p><iframe loading=\"lazy\" class=\"wp-embedded-content\" sandbox=\"allow-scripts\" security=\"restricted\" style=\"position: absolute; clip: rect(1px, 1px, 1px, 1px);\" title=\"&#8220;NELLE ULTIME 24 ORE 34 POSITIVI IN PI\u00d9. 10 NEGATIVIZZATI E NESSUN DECESSO. 9 LE PERSONE IN TERAPIA INTENSIVA DI CUI 6 POSITIVE. A BELLUNO NESSUNA VARIAZIONE&#8221; &#8212; Radio Pi\u00f9\" src=\"https:\/\/www.radiopiu.net\/wordpress\/nelle-ultime-24-ore-34-positivi-in-piu-10-negativizzati-e-nessun-decesso-9-le-persone-in-terapia-intensiva-di-cui-6-positive-a-belluno-nessuna-variazione\/embed\/#?secret=zDM5SThDMh\" data-secret=\"zDM5SThDMh\" width=\"600\" height=\"338\" frameborder=\"0\" marginwidth=\"0\" marginheight=\"0\" scrolling=\"no\"><\/iframe><\/p>\n<p>&nbsp;<\/p>\n<hr \/>\n<p>&nbsp;<\/p>\n<h2><span style=\"color: #ff0000;\">IN DUE GIORNI 54MILA AUTO PER PIAN DI VEDOIA, I RESIDENTI CARCERATI IN CASA LORO<\/span><\/h2>\n<blockquote>\n<h3 class=\"entry-title\">ESODO ESTIVO 2020,\u00a0ANAS:\u00a0IL\u00a0TRAFFICO\u00a0CRESCE DEL +4%\u00a0RISPETTO ALLO SCORSO FINE SETTIMANA<\/h3>\n<\/blockquote>\n<p><strong><img loading=\"lazy\" decoding=\"async\" class=\"alignleft jetpack-lazy-image jetpack-lazy-image--handled\" src=\"https:\/\/i1.wp.com\/www.radiopiu.net\/wordpress\/wp-content\/uploads\/2017\/03\/anas.jpg?resize=69%2C108&amp;ssl=1\" width=\"69\" height=\"108\" data-recalc-dims=\"1\" data-lazy-loaded=\"1\" \/>ROMA<\/strong>\u00a0 Il terzo fine settimana dell\u2019esodo estivo \u00e8 stato caratterizzato da traffico intenso, per l\u2019intera giornata di sabato e nella mattinata di ieri, lungo i circa 30 mila km di rete stradale e autostradale gestiti da Anas (Gruppo FS Italiane).\u00a0 Come previsto dalle proiezioni, le giornate di venerd\u00ec 7 e sabato 8 agosto hanno visto aumentare i volumi di traffico complessivamente di circa il 4% rispetto allo scorso fine settimana. Nel prossimo fine settimana, contrassegnato da bollino rosso nella giornata di venerd\u00ec 14 agosto, i volumi di traffico riguarderanno soprattutto gli spostamenti dovuti alla festivit\u00e0 di ferragosto. Incremento del\u00a04%\u00a0rispetto\u00a0al venerd\u00ec e al sabato dello scorso fine settimana,\u00a0sulla\u00a0<b>SS16 \u201cAdriatica\u201d<\/b>\u00a0(direttrice della costa Adriatica che parte da Padova in\u00a0<b>Veneto <\/b>. Traffico intenso anche sulle strade statali: \u00a0<b>51 \u201cDi Alemagna\u201d\u00a0<\/b>(con oltre 54mila passaggi a Longarone in uscita dalla A27 nei pressi di Cortina d\u2019Ampezzo)<\/p>\n<p>&nbsp;<\/p>\n<p>&nbsp;<\/p>\n<hr \/>\n<p>&nbsp;<\/p>\n<\/div>\n<blockquote>\n<h3>VIVAIO DOLOMITI:\u00a0 LE CODE IN ALEMAGNA<\/h3>\n<\/blockquote>\n<p><a class=\"dt-pswp-item\" href=\"https:\/\/www.radiopiu.net\/wordpress\/wp-content\/uploads\/2020\/07\/Traffico_bassa.jpg\" data-dt-img-description=\"traffic jam or collapse with rows of cars and lorry at motorway autostrada road during rush hour\" data-large_image_width=\"630\" data-large_image_height=\"420\"><img loading=\"lazy\" decoding=\"async\" class=\"wp-image-148717 size-medium alignleft\" src=\"https:\/\/www.radiopiu.net\/wordpress\/wp-content\/uploads\/2020\/07\/Traffico_bassa-300x200.jpg\" alt=\"\" width=\"300\" height=\"200\" srcset=\"https:\/\/www.radiopiu.net\/wordpress\/wp-content\/uploads\/2020\/07\/Traffico_bassa-300x200.jpg 300w, https:\/\/www.radiopiu.net\/wordpress\/wp-content\/uploads\/2020\/07\/Traffico_bassa.jpg 630w\" sizes=\"auto, (max-width: 300px) 100vw, 300px\" \/><\/a><strong>BELLUNO\u00a0<\/strong>Sono anni che in estate e in inverno la statale 51 va in blocco nei fine settimana. Ma non c&#8217;\u00e8 solo il problema turistico: anche durante la settimana chi si muove per lavoro trova una strada sotto dimensionata al traffico attuale e tutto questo porta a sorpassi azzardati che mettono a rischio l&#8217;incolumit\u00e0 dei viandanti. Allora ci arrabbiamo per i camion stranieri, inneggiando a improbabili trenini che, pur simpatici, non risolverebbero il problema. Guai a parlare della soluzione pi\u00f9 ovvia: una strada a scorrimento veloce fino al confine, che porterebbe opere compensative sulla viabilit\u00e0 intervalliva. La vecchia 51 rimarrebbe per i residenti e i turisti che potrebbero utilizzarla come si fa con le strade costiere nel resto del paese, quando non si ha fretta di raggiungere una destinazione. Le giustificazioni usate da una minoranza esigua di contrari ormai non stanno pi\u00f9 in piedi. Vivere e lavorare sopra Ponte nelle Alpi \u00e8 diventato un grosso problema di mobilit\u00e0, oltre a tutte le altre difficolt\u00e0 che comporta abitare in montagna. Lanciamo un appello ai nostri illuminati politici, che come gli struzzi nascondono la testa sotto la sabbia. Basta carcerati in casa nostra. Al Veneto manca una strada Longarone-confine Austriaco e non \u00e8 pi\u00f9 tempo per chiacchierare: bisogna agire.<\/p>\n<p>&nbsp;<\/p>\n<p>&nbsp;<\/p>\n<hr \/>\n<p>&nbsp;<\/p>\n<blockquote>\n<h3>BANCHI IN LEGNO REALIZZATI DA FALEGNAMI ITALIANI, BUSSONE (UNCEM): &#8220;RENZO PIANO HA RAGIONE MA AGISCA CON I TERRITORI E LE ISTITUZIONI PER GENERARE FILIERE FORESTE-LEGNO SOSTENIBILI E INTELLIGENTI. LAVORIAMO INSIEME, ARCHITETTO&#8221;<\/h3>\n<\/blockquote>\n<p><strong><a class=\"dt-pswp-item\" href=\"https:\/\/www.radiopiu.net\/wordpress\/wp-content\/uploads\/2020\/04\/UNCEM.jpg\" data-dt-img-description=\"\" data-large_image_width=\"500\" data-large_image_height=\"500\"><img loading=\"lazy\" decoding=\"async\" class=\"size-medium wp-image-133399 alignleft\" src=\"https:\/\/www.radiopiu.net\/wordpress\/wp-content\/uploads\/2020\/04\/UNCEM-300x300.jpg\" alt=\"\" width=\"300\" height=\"300\" srcset=\"https:\/\/www.radiopiu.net\/wordpress\/wp-content\/uploads\/2020\/04\/UNCEM-300x300.jpg 300w, https:\/\/www.radiopiu.net\/wordpress\/wp-content\/uploads\/2020\/04\/UNCEM-150x150.jpg 150w, https:\/\/www.radiopiu.net\/wordpress\/wp-content\/uploads\/2020\/04\/UNCEM.jpg 500w\" sizes=\"auto, (max-width: 300px) 100vw, 300px\" \/><\/a>ROMA<\/strong> &#8220;<em>La\u00a0proposta di Renzo Piano di realizzare banchi in legno per le scuole italiane, con le falegnamerie del Paese impegnate insieme nell&#8217;impresa, ci piace. Come dire di no. \u00c8 per\u00f2 importante che con Renzo Piano si possano fare una serie di azioni che permettano a monte di concretizzare, almeno in parte, le realizzazioni da lui proposte.\u00a0L&#8217;Architetto sa che in Italia non ci sono pi\u00f9 segherie, che il materiale lavorato dai falegnami \u00e8 al 95% importato dall&#8217;estero, che 11 milioni di ettari di foreste non sono oggi gestiti\u00a0e continuano ad aumentare. E allora, come avevamo gi\u00e0 fatto con Stefano Boeri,\u00a0Uncem lancia una proposta al Senatore Architetto genovese. E cio\u00e9 di lavorare insieme per la piena attuazione della Strategia forestale nazionale, per dare piene funzioni ai boschi italiani, per evitare che, per realizzare un banco come per realizzare una scuola, si debba ricorrere a lamellare e x-lam che arriva dall&#8217;estero. Perch\u00e9, se non ripartiamo dalle filiere territoriali, dalle segherie di valle, da una nuova cultura di territorio, neanche un banco riusciremo a fare. Tantomeno delle scuole, interi edifici. Per questo con Piano, grande ambasciatore del made in Italy nel mondo, possiamo\u00a0lavorare affinch\u00e9 dai banchi si passi alle scuole. Abbiamo bisogno, lo sanno bene le Ministre Azzolina e Bellanova, di\u00a0edifici scolastici sicuri e antisismici, intelligenti e sostenibili. Il legno lo permette pi\u00f9 di ogni altro materiale. Edifici scolastici e strutture pubbliche che nascano da filiere bosco-legno intelligenti e sostenibili. Edifici belli. E Renzo Piano sa cosa sia la bellezza di un&#8217;opera. A oggi,\u00a0per realizzare una casa in legno, in un mercato che cresce, tutto il materiale arriva dall&#8217;estero. Non \u00e8 quel che vogliamo. Con milioni di ettari di bosco non gestito, serve un cambio di passo. E Renzo Piano lo sa bene. Lavoriamoci insieme. Da un banco a una scuola, da una casa a un quartiere, da un borgo a un grande progetto di territorio, per la Montagna italiana. Di fatto, Renzo Piano lo sa, gi\u00e0 lo facciamo da vent&#8217;anni, con tanti bravi Architetti, Ingegneri, Geometri, con tante Universit\u00e0 italiane, con gli Ordini professionali e in particolare con l&#8217;Istituto di Architettura montana. Design, innovazione, percorsi di futuro.\u00a0Legno s\u00ec, ma locale, italiano. Non importato. Su questo vogliamo, anche con Renzo Piano, puntare. Pronti a collaborare verso la riapertura delle scuole<\/em>&#8220;.\u00a0Lo afferma Marco Bussone, Presidente nazionale Uncem, Unione dei Comuni, delle Comunit\u00e0 e degli Enti montani italiani.<\/p>\n<p>&nbsp;<\/p>\n<p>&nbsp;<\/p>\n<hr \/>\n<p>&nbsp;<\/p>\n<div class=\"page-title-head hgroup\">\n<blockquote>\n<h3 class=\"entry-title\">LE BUSE, BASSO, GRIMINELLI E MORRICONE AL TG, QUANDO LA MUSICA SUONA SOLENNE<\/h3>\n<\/blockquote>\n<\/div>\n<div class=\"page-title-breadcrumbs\"><\/div>\n<p>https:\/\/www.facebook.com\/100008060957079\/videos\/2697304357214903\/<\/p>\n<p>&nbsp;<\/p>\n<hr \/>\n<p>&nbsp;<\/p>\n<blockquote>\n<h3>38 ORE FERMI IN CODA OGNI ANNO. 131 MILIARDI PER AMMODERNARE LE INFRASTRUTTURE<\/h3>\n<\/blockquote>\n\n\t\t\t<style type='text\/css'>\n\t\t\t\t#gallery-1 {\n\t\t\t\t\tmargin: auto;\n\t\t\t\t}\n\t\t\t\t#gallery-1 .gallery-item {\n\t\t\t\t\tfloat: left;\n\t\t\t\t\tmargin-top: 10px;\n\t\t\t\t\ttext-align: center;\n\t\t\t\t\twidth: 33%;\n\t\t\t\t}\n\t\t\t\t#gallery-1 img {\n\t\t\t\t\tborder: 2px solid #cfcfcf;\n\t\t\t\t}\n\t\t\t\t#gallery-1 .gallery-caption {\n\t\t\t\t\tmargin-left: 0;\n\t\t\t\t}\n\t\t\t\t\/* see gallery_shortcode() in wp-includes\/media.php *\/\n\t\t\t<\/style>\n\t\t<div id='gallery-1' class='dt-gallery-container gallery galleryid-154187 gallery-columns-3 gallery-size-medium'><dl class='gallery-item'>\n\t\t\t\t<dt class='gallery-icon portrait'>\n\t\t\t\t\t<a class=\"rollover\" href='https:\/\/www.radiopiu.net\/wordpress\/38-ore-fermi-in-coda-ogni-anno-131-miliardi-per-ammodernare-le-infrastrutture\/schermata-2020-08-08-alle-09-53-23\/'><img loading=\"lazy\" decoding=\"async\" width=\"145\" height=\"300\" src=\"https:\/\/www.radiopiu.net\/wordpress\/wp-content\/uploads\/2020\/08\/Schermata-2020-08-08-alle-09.53.23-145x300.png\" class=\"attachment-medium size-medium\" alt=\"\" srcset=\"https:\/\/www.radiopiu.net\/wordpress\/wp-content\/uploads\/2020\/08\/Schermata-2020-08-08-alle-09.53.23-145x300.png 145w, https:\/\/www.radiopiu.net\/wordpress\/wp-content\/uploads\/2020\/08\/Schermata-2020-08-08-alle-09.53.23-493x1024.png 493w, https:\/\/www.radiopiu.net\/wordpress\/wp-content\/uploads\/2020\/08\/Schermata-2020-08-08-alle-09.53.23-768x1594.png 768w, https:\/\/www.radiopiu.net\/wordpress\/wp-content\/uploads\/2020\/08\/Schermata-2020-08-08-alle-09.53.23-740x1536.png 740w, https:\/\/www.radiopiu.net\/wordpress\/wp-content\/uploads\/2020\/08\/Schermata-2020-08-08-alle-09.53.23.png 792w\" sizes=\"auto, (max-width: 145px) 100vw, 145px\" \/><\/a>\n\t\t\t\t<\/dt><\/dl><dl class='gallery-item'>\n\t\t\t\t<dt class='gallery-icon portrait'>\n\t\t\t\t\t<a class=\"rollover\" href='https:\/\/www.radiopiu.net\/wordpress\/38-ore-fermi-in-coda-ogni-anno-131-miliardi-per-ammodernare-le-infrastrutture\/schermata-2020-08-08-alle-09-53-51\/'><img loading=\"lazy\" decoding=\"async\" width=\"216\" height=\"300\" src=\"https:\/\/www.radiopiu.net\/wordpress\/wp-content\/uploads\/2020\/08\/Schermata-2020-08-08-alle-09.53.51-216x300.png\" class=\"attachment-medium size-medium\" alt=\"\" srcset=\"https:\/\/www.radiopiu.net\/wordpress\/wp-content\/uploads\/2020\/08\/Schermata-2020-08-08-alle-09.53.51-216x300.png 216w, https:\/\/www.radiopiu.net\/wordpress\/wp-content\/uploads\/2020\/08\/Schermata-2020-08-08-alle-09.53.51-736x1024.png 736w, https:\/\/www.radiopiu.net\/wordpress\/wp-content\/uploads\/2020\/08\/Schermata-2020-08-08-alle-09.53.51-768x1069.png 768w, https:\/\/www.radiopiu.net\/wordpress\/wp-content\/uploads\/2020\/08\/Schermata-2020-08-08-alle-09.53.51.png 944w\" sizes=\"auto, (max-width: 216px) 100vw, 216px\" \/><\/a>\n\t\t\t\t<\/dt><\/dl><dl class='gallery-item'>\n\t\t\t\t<dt class='gallery-icon landscape'>\n\t\t\t\t\t<a class=\"rollover\" href='https:\/\/www.radiopiu.net\/wordpress\/38-ore-fermi-in-coda-ogni-anno-131-miliardi-per-ammodernare-le-infrastrutture\/schermata-2020-08-08-alle-09-54-06\/'><img loading=\"lazy\" decoding=\"async\" width=\"300\" height=\"232\" src=\"https:\/\/www.radiopiu.net\/wordpress\/wp-content\/uploads\/2020\/08\/Schermata-2020-08-08-alle-09.54.06-300x232.png\" class=\"attachment-medium size-medium\" alt=\"\" srcset=\"https:\/\/www.radiopiu.net\/wordpress\/wp-content\/uploads\/2020\/08\/Schermata-2020-08-08-alle-09.54.06-300x232.png 300w, https:\/\/www.radiopiu.net\/wordpress\/wp-content\/uploads\/2020\/08\/Schermata-2020-08-08-alle-09.54.06-768x594.png 768w, https:\/\/www.radiopiu.net\/wordpress\/wp-content\/uploads\/2020\/08\/Schermata-2020-08-08-alle-09.54.06.png 944w\" sizes=\"auto, (max-width: 300px) 100vw, 300px\" \/><\/a>\n\t\t\t\t<\/dt><\/dl><br style=\"clear: both\" \/><dl class='gallery-item'>\n\t\t\t\t<dt class='gallery-icon landscape'>\n\t\t\t\t\t<a class=\"rollover\" href='https:\/\/www.radiopiu.net\/wordpress\/38-ore-fermi-in-coda-ogni-anno-131-miliardi-per-ammodernare-le-infrastrutture\/schermata-2020-08-08-alle-09-54-23\/'><img loading=\"lazy\" decoding=\"async\" width=\"300\" height=\"232\" src=\"https:\/\/www.radiopiu.net\/wordpress\/wp-content\/uploads\/2020\/08\/Schermata-2020-08-08-alle-09.54.23-300x232.png\" class=\"attachment-medium size-medium\" alt=\"\" srcset=\"https:\/\/www.radiopiu.net\/wordpress\/wp-content\/uploads\/2020\/08\/Schermata-2020-08-08-alle-09.54.23-300x232.png 300w, https:\/\/www.radiopiu.net\/wordpress\/wp-content\/uploads\/2020\/08\/Schermata-2020-08-08-alle-09.54.23-768x594.png 768w, https:\/\/www.radiopiu.net\/wordpress\/wp-content\/uploads\/2020\/08\/Schermata-2020-08-08-alle-09.54.23.png 944w\" sizes=\"auto, (max-width: 300px) 100vw, 300px\" \/><\/a>\n\t\t\t\t<\/dt><\/dl><dl class='gallery-item'>\n\t\t\t\t<dt class='gallery-icon landscape'>\n\t\t\t\t\t<a class=\"rollover\" href='https:\/\/www.radiopiu.net\/wordpress\/38-ore-fermi-in-coda-ogni-anno-131-miliardi-per-ammodernare-le-infrastrutture\/schermata-2020-08-08-alle-09-54-39\/'><img loading=\"lazy\" decoding=\"async\" width=\"300\" height=\"219\" src=\"https:\/\/www.radiopiu.net\/wordpress\/wp-content\/uploads\/2020\/08\/Schermata-2020-08-08-alle-09.54.39-300x219.png\" class=\"attachment-medium size-medium\" alt=\"\" srcset=\"https:\/\/www.radiopiu.net\/wordpress\/wp-content\/uploads\/2020\/08\/Schermata-2020-08-08-alle-09.54.39-300x219.png 300w, https:\/\/www.radiopiu.net\/wordpress\/wp-content\/uploads\/2020\/08\/Schermata-2020-08-08-alle-09.54.39-768x560.png 768w, https:\/\/www.radiopiu.net\/wordpress\/wp-content\/uploads\/2020\/08\/Schermata-2020-08-08-alle-09.54.39.png 944w\" sizes=\"auto, (max-width: 300px) 100vw, 300px\" \/><\/a>\n\t\t\t\t<\/dt><\/dl><dl class='gallery-item'>\n\t\t\t\t<dt class='gallery-icon landscape'>\n\t\t\t\t\t<a class=\"rollover\" href='https:\/\/www.radiopiu.net\/wordpress\/38-ore-fermi-in-coda-ogni-anno-131-miliardi-per-ammodernare-le-infrastrutture\/schermata-2020-08-08-alle-09-54-59\/'><img loading=\"lazy\" decoding=\"async\" width=\"300\" height=\"180\" src=\"https:\/\/www.radiopiu.net\/wordpress\/wp-content\/uploads\/2020\/08\/Schermata-2020-08-08-alle-09.54.59-300x180.png\" class=\"attachment-medium size-medium\" alt=\"\" srcset=\"https:\/\/www.radiopiu.net\/wordpress\/wp-content\/uploads\/2020\/08\/Schermata-2020-08-08-alle-09.54.59-300x180.png 300w, https:\/\/www.radiopiu.net\/wordpress\/wp-content\/uploads\/2020\/08\/Schermata-2020-08-08-alle-09.54.59-1024x613.png 1024w, https:\/\/www.radiopiu.net\/wordpress\/wp-content\/uploads\/2020\/08\/Schermata-2020-08-08-alle-09.54.59-768x460.png 768w, https:\/\/www.radiopiu.net\/wordpress\/wp-content\/uploads\/2020\/08\/Schermata-2020-08-08-alle-09.54.59.png 1096w\" sizes=\"auto, (max-width: 300px) 100vw, 300px\" \/><\/a>\n\t\t\t\t<\/dt><\/dl><br style=\"clear: both\" \/>\n\t\t\t<\/div>\n\n<p>Questo fine settimana, come gli esperti avevano previsto, sono state giornate da \u201cbollino nero\u201d sulle strade italiane. Ma anche nel resto dell\u2019anno le cose non vanno altrettanto bene, in particolar modo nelle ore di punta delle giornate feriali. Stando ai dati della Commissione europea, infatti, gli automobilisti italiani rimangono incolonnati nel traffico per quasi 38 ore all\u2019anno, praticamente perdiamo una settimana di lavoro bloccati in coda; nell\u2019Europa a 27 solo Malta e Belgio registrano una situazione pi\u00f9 critica della nostra. A dirlo \u00e8 l\u2019Ufficio studi della CGIA. A pagare un conto salatissimo sono sicuramente i pendolari, che utilizzano l\u2019auto per spostarsi da casa verso l\u2019ufficio\/fabbrica e viceversa, e coloro che per lavoro devono guidare per buona parte della giornata un mezzo di trasporto. E\u2019 il caso dei camionisti, dei padroncini, dei taxisti, degli autonoleggiatori, degli agenti di commercio e di tantissimi artigiani che per compiere gli interventi richiesti devono muoversi col proprio furgoncino per raggiungere le sedi\/abitazioni dei clienti. Rispetto ai principali Paesi europei il gap del nostro Paese \u00e8 importante: se in Olanda si rimane congestionati per 32 ore all\u2019anno, in Francia e Germania si scende attorno a 30 e in Spagna a poco pi\u00f9 di 26. La media UE si attesta a 30,4 ore (vedi Tab. 1). Le lunghe code che, purtroppo, condizionano negativamente la vita di moltissime persone sono ascrivibili, in particolar modo, a un paio di cause. La prima \u00e8 dovuta all\u2019insufficienza del numero di mezzi pubblici presenti nelle nostre aree urbane (bus, tram, metro, treni, etc.) che costringe tantissimi pendolari ad usare i mezzi privati. L\u2019Istat, infatti, segnala che in Italia si reca al lavoro con i mezzi pubblici solo il 12,2 per cento degli occupati, mentre il 69,2 per cento lo fa guidando un\u2019auto. La seconda \u00e8 imputabile al grave deficit infrastrutturale che caratterizza il nostro Paese. I risultati che emergono dai confronti tra l\u2019Italia e i principali Paesi europei sono impietosi e ci invitano ai intervenire in tempi brevissimi. Nel 2017, ad esempio, l&#8217;Italia disponeva di 27,8 km di rete ferroviaria per 100 mila abitanti, al di sotto della media Ue (42,5 km) mentre, per la sola rete a binario doppio elettrificato, il valore di 12,6 km per 100 mila abitanti era leggermente inferiore alla media europea (14,7 km). Sempre nel 2017, l&#8217;Italia presentava una bassa intensit\u00e0 autostradale in rapporto alle autovetture circolanti (1,8 km per 10 mila autovetture), un dato molto inferiore ai valori registrati in Spagna, Francia e Germania (tra 2,8 e 6,8 Km per 10 mila autovetture nel 2016). \u201cSecondo i dati diffusi dal Ministero dei Trasporti \u2013 dichiara il coordinatore dell\u2019Ufficio studi Paolo Zabeo &#8211; il deficit di competitivit\u00e0 del nostro sistema logistico-infrastrutturale costa ai cittadini e alle imprese del nostro Paese 40 miliardi di euro all\u2019anno . Anche per questa ragione \u00e8 necessario che il Governo, a seguito della grave recessione economica in atto, avvii quanto prima il piano delle infrastrutture e dei trasporti che permetta di ammodernare il Paese, di renderlo pi\u00f9 competitivo e, soprattutto, di imprimere una forte scossa positiva alla domanda interna\u201d. \u201cSebbene i risultati che emergono dal confronto con le altre nazioni europee non siano soddisfacenti \u2013 aggiunge il segretario Renato Mason &#8211; anche l\u2019Italia pu\u00f2 comunque contare, nel campo logistico, su molte punte di eccellenza, soprattutto nel settore portuale e aeroportuale. Tuttavia, il risultato medio nazionale \u00e8 insufficiente e continuiamo ad essere un Paese che ha bisogno di realizzare sia le grandi opere sia quelle di dimensione inferiore. Se saremo in grado di iniziare queste opere in tempi ragionevolmente brevi, attiveremo una leva molto importante per aggredire la recessione economica e per creare nuovi posti di lavoro\u201d. L\u2019Ufficio studi della CGIA segnala che l\u2019allegato infrastrutture al Programma Nazionale di Riforma presentato il 6 luglio scorso, prevede un piano di investimenti prioritari per la mobilit\u00e0 di 196,7 miliardi di euro di cui 131,3 (pari al 66,7 per cento del totale) gi\u00e0 disponibili (vedi Tab. 2). Il documento, chiamato \u201cItalia veloce\u201d, individua 130 opere strategiche individuate dal Ministero dei Trasporti a cui si devono aggiungere le infrastrutture necessarie per la realizzazione delle Olimpiadi Milano-Cortina del 2026, quelle per la sanit\u00e0, scuole, caserme, carceri, etc., di competenza di altri dicasteri. Le opere stradali prioritarie da commissariare entro la fine dell\u2019anno sono comunque 9, tra cui la Grosseto-Fano, la Roma-Latina, il terzo megalotto della SS106 Ionica e la Tarquinia-San Pietro in Palazzi. Altre opere incluse nell&#8217;elenco sono la A24-A25, la Ragusana, la Monte Romano est-Civitavecchia, la SS4 Salaria, il Ponte ad Albiano Magra, la e78 Grosseto-Fano, la Pedemontana Veneta e la Pedemontana Lombardia. Previsto, anche, il potenziamento o l\u2019ampliamento di diverse altre tratte autostradali o di collegamento dell\u2019A22 del Brennero e dell\u2019A4 (tratto Milano-Brescia e Venezia-Trieste). Anche il \u201cgiudizio\u201d dei grandi manager internazionali conferma lo stato di arretratezza nel campo infrastrutturale del nostro Paese. Dall\u2019elaborazione dell\u2019Ufficio studi della CGIA su dati del World Economic Forum (WEF) , tra i 10 Paesi europei pi\u00f9 importanti presi in esame, l\u2019Italia si colloca sempre in fondo alla graduatoria per qualit\u00e0\/efficienza del sistema logistico\/infrastrutturale. In particolare per qualit\u00e0 delle strade (vedi Tab. 3); efficienza dei servizi ferroviari (vedi Tab. 4); efficienza dei servizi portuali (vedi Tab. 5); copertura della linea internet ultra veloce. In questo caso la fonte \u00e8 la Commissione Europea (vedi Tab. 6). La CGIA, infine, sottolinea che oltre alla realizzazione delle grandi infrastrutture materiali e immateriali abbiamo altrettanto bisogno di portare a termine moltissimi interventi \u201cminori\u201d che sono per\u00f2 indispensabili per la messa in sicurezza di tanti cittadini, di moltissime citt\u00e0 e piccoli paesi. Interventi che potrebbero dare una impennata alla della domanda interna. Si ricorda, infatti, che: l\u201988 per cento dei circa 8 mila Comuni italiani ha almeno un\u2019area classificata a elevato rischio idrogeologico ; il 40 per cento circa dell\u2019edilizia residenziale pubblica \u00e8 ubicato in zone ad alto rischio sismico ; su circa 6.000 opere censite (gallerie, ponti, viadotti, etc.) quasi 2.000 necessitano di interventi urgenti ; i risultati del Censimento dell\u2019acqua per uso civile evidenziano che nel 2018 il 47,6 per cento dell\u2019acqua potabile non ha raggiunto gli utenti finali a causa delle dispersioni presenti nelle reti di adduzione e di distribuzione .<\/p>\n<p>&nbsp;<\/p>\n<p>&nbsp;<\/p>\n<hr \/>\n<p>&nbsp;<\/p>\n<\/div>\n<div class=\"im_message_body\">\n<p><a class=\"dt-pswp-item\" href=\"https:\/\/www.radiopiu.net\/wordpress\/wp-content\/uploads\/2018\/09\/appuntamenti.jpeg\" data-dt-img-description=\"\" data-large_image_width=\"800\" data-large_image_height=\"100\"><img loading=\"lazy\" decoding=\"async\" class=\"aligncenter wp-image-61958 size-full\" src=\"https:\/\/www.radiopiu.net\/wordpress\/wp-content\/uploads\/2018\/09\/appuntamenti.jpeg\" alt=\"\" width=\"800\" height=\"100\" srcset=\"https:\/\/www.radiopiu.net\/wordpress\/wp-content\/uploads\/2018\/09\/appuntamenti.jpeg 800w, https:\/\/www.radiopiu.net\/wordpress\/wp-content\/uploads\/2018\/09\/appuntamenti-300x38.jpeg 300w, https:\/\/www.radiopiu.net\/wordpress\/wp-content\/uploads\/2018\/09\/appuntamenti-768x96.jpeg 768w\" sizes=\"auto, (max-width: 800px) 100vw, 800px\" \/><\/a><\/p>\n<p>&nbsp;<\/p>\n<blockquote>\n<h2>ORGANDUO AI &amp; ALEX QUESTA SERA A FALCADE, DOMANI POPPI A CANALE D&#8217;AGORDO<\/h2>\n<\/blockquote>\n<p><strong><a class=\"dt-pswp-item\" href=\"https:\/\/www.radiopiu.net\/wordpress\/wp-content\/uploads\/2020\/07\/A3_Muse-e-le-Dolomiti_2020.jpg\" data-dt-img-description=\"\" data-large_image_width=\"1754\" data-large_image_height=\"2481\"><img loading=\"lazy\" decoding=\"async\" class=\" wp-image-148395 alignleft\" src=\"https:\/\/www.radiopiu.net\/wordpress\/wp-content\/uploads\/2020\/07\/A3_Muse-e-le-Dolomiti_2020-212x300.jpg\" alt=\"\" width=\"99\" height=\"140\" srcset=\"https:\/\/www.radiopiu.net\/wordpress\/wp-content\/uploads\/2020\/07\/A3_Muse-e-le-Dolomiti_2020-212x300.jpg 212w, https:\/\/www.radiopiu.net\/wordpress\/wp-content\/uploads\/2020\/07\/A3_Muse-e-le-Dolomiti_2020-724x1024.jpg 724w, https:\/\/www.radiopiu.net\/wordpress\/wp-content\/uploads\/2020\/07\/A3_Muse-e-le-Dolomiti_2020-768x1086.jpg 768w, https:\/\/www.radiopiu.net\/wordpress\/wp-content\/uploads\/2020\/07\/A3_Muse-e-le-Dolomiti_2020-1086x1536.jpg 1086w, https:\/\/www.radiopiu.net\/wordpress\/wp-content\/uploads\/2020\/07\/A3_Muse-e-le-Dolomiti_2020-1448x2048.jpg 1448w, https:\/\/www.radiopiu.net\/wordpress\/wp-content\/uploads\/2020\/07\/A3_Muse-e-le-Dolomiti_2020.jpg 1754w\" sizes=\"auto, (max-width: 99px) 100vw, 99px\" \/><\/a>VALLE DEL BIOIS<\/strong> Due appuntamenti da non perdere oggi e domani in Valle del Biois. Si parte da Falcade dove questa sera alle 21 ci sar\u00e0 il concerto &#8220;ORGANDUO AI &amp; ALEX&#8221; presso la chiesa parrocchiale. Concerto per organo solo e per organo &#8220;a quattro mani e piedi&#8221; in collaborazione con Agordo Musica.<\/p>\n<p>&nbsp;<\/p>\n<p>&nbsp;<\/p>\n<p><strong>L&#8217;INTERVISTA AD AI YOSHIDA<\/strong><\/p>\n<audio class=\"wp-audio-shortcode\" id=\"audio-154187-1\" preload=\"none\" style=\"width: 100%;\" controls=\"controls\"><source type=\"audio\/mpeg\" src=\"https:\/\/www.radiopiu.net\/wordpress\/wp-content\/uploads\/2020\/08\/YOSHIDA-GAI-FALCADE.mp3?_=1\" \/><a href=\"https:\/\/www.radiopiu.net\/wordpress\/wp-content\/uploads\/2020\/08\/YOSHIDA-GAI-FALCADE.mp3\">https:\/\/www.radiopiu.net\/wordpress\/wp-content\/uploads\/2020\/08\/YOSHIDA-GAI-FALCADE.mp3<\/a><\/audio>\n<p>A Canale D&#8217;Agordo domani ci sar\u00e0 il maestro Luca Poppi all\u2019organo Callido della chiesa arcipretale alle 21 sempre in collaborazione con Agordo Musica.<\/p>\n<p><strong>L&#8217;INTERVISTA AL MAESTRO GIOVANNI FELTRIN COORDINATORE DI MUSICA IN AGORDINO<\/strong><\/p>\n<audio class=\"wp-audio-shortcode\" id=\"audio-154187-2\" preload=\"none\" style=\"width: 100%;\" controls=\"controls\"><source type=\"audio\/mpeg\" src=\"https:\/\/www.radiopiu.net\/wordpress\/wp-content\/uploads\/2020\/08\/FELTRIN-CANALE-DAGORDO.mp3?_=2\" \/><a href=\"https:\/\/www.radiopiu.net\/wordpress\/wp-content\/uploads\/2020\/08\/FELTRIN-CANALE-DAGORDO.mp3\">https:\/\/www.radiopiu.net\/wordpress\/wp-content\/uploads\/2020\/08\/FELTRIN-CANALE-DAGORDO.mp3<\/a><\/audio>\n<p>&nbsp;<\/p>\n<hr \/>\n<p>&nbsp;<\/p>\n<blockquote>\n<h3>CASTELLO DI ANDRAZ: FINO AL 13 SETTEMBRE &#8220;FUGACI PRESENZE NELLE DOLOMITI&#8221;, FOTOGRAFIE DI GIACOMO DE DONA&#8217;<\/h3>\n<p>&nbsp;<\/p><\/blockquote>\n<hr \/>\n<p>&nbsp;<\/p>\n<p><strong>CANALED&#8217;AGORDO\u00a0 Il gruppo amatoriale BalliAmo in collaborazione con la Proloco organizza una serata di balli popolari con musica: giovedi 13 agosto alle 21 in piazza Papa Luciani, in caso di maltempo rinvio al 14 agosto.<\/strong><\/p>\n<p>&nbsp;<\/p>\n<hr \/>\n<h2><\/h2>\n<p><strong>MOSTRA MERCATO NELLE DOLOMITI AGORDINE PROSSIMI APPUNTAMENTI: domani a Rocca Pietore, sabato a Caprile di Alleghe, domenica a Canale d&#8217;Agordo, mercoledi 19 a Cencenighe.<\/strong><\/p>\n<p>&nbsp;<\/p>\n<hr \/>\n<p>&nbsp;<\/p>\n<blockquote>\n<h2><\/h2>\n<h2>MUSICA NELL&#8217;AGORDINO, I PROSSIMI APPUNTAMENTI<\/h2>\n<\/blockquote>\n<p>&nbsp;<\/p>\n<p><strong>FALCADE Il 12 agosto alle 21 alla casa della giovent\u00f9 di Caviola \u201cInno alla gioia\u201d, concerto della pianista Silvia Tessari. Prenotazione obbligatoria via telefono (anche messaggio) al 347 8870898. In caso di raggiungimento del numero massimo consentito sar\u00e0 previsto un secondo concerto per lo stesso giorno alle 18.<\/strong><\/p>\n<p>&nbsp;<\/p>\n<p>&nbsp;<\/p>\n<hr \/>\n<blockquote>\n<h3><strong style=\"font-size: 14px;\">AGORDO<\/strong><span style=\"font-size: 14px; font-weight: normal;\"> Sono esposti presso il Caff\u00e8 Miniere di Agordo i lavori di Savino Conedera. Una mostra che non ha una data precisa di fine e che sar\u00e0 visitabile durante l&#8217;apertura del locale.<\/span><\/h3>\n<\/blockquote>\n<p>&nbsp;<\/p>\n<hr \/>\n<blockquote>\n<h3>OGGI LA PRESENTAZIONE DEL LIBRO SU DINO BUZZATTI<\/h3>\n<\/blockquote>\n<p><strong>VAL DI ZOLDO<\/strong>\u00a0Sala Almerindo Rizzardini di Fusine,oggi alle 21. Su iniziativa della biblioteca Pellegrini e del comune di Val di Zoldo.<\/p>\n<p>&nbsp;<\/p>\n<hr \/>\n<p>&nbsp;<\/p>\n<blockquote>\n<h3>DUE GIORNI CON IL CAI SEZIONE AGORDINA<\/h3>\n<\/blockquote>\n<p><strong>AGORDO<\/strong> Sabato 29 e domenica 30 agosto escursione nel gruppo del Canin sulla ferrata Julia che segna il confine tra Italia (Provincia di Udine) e Slovenia; gi\u00e0 visibile dalla pianura friulana fu anch&#8217;esso protagonista degli scontri tra gli eserciti italiani e austriaci durante la Grande Guerra.\u00a0 Si tratta di un grandissimo altipiano calcareo interessato dal fenomeno del carsismo che culmina con una lunga cresta che separa i due stati. Ambiente sicuramente straordinario con scorci inusuali, difficile da dimenticare,\u00a0 L&#8217;escursione prevede la salita alla vetta in territorio italiano lungo la storica &#8220;Ferrata Julia&#8221; ed il rientro per il versante sloveno.\u00a0 Escursione creata EEA \/ PD .\u00a0 Obbligatorio set da ferrata completo e omologato.<\/p>\n<p>&nbsp;<\/p>\n<p>&nbsp;<\/p>\n<hr \/>\n<p>&nbsp;<\/p>\n<blockquote>\n<h3>SAY CHEESE! VOLTI E VOCI DI MALGA<\/h3>\n<\/blockquote>\n<p><strong><a class=\"dt-pswp-item\" href=\"https:\/\/www.radiopiu.net\/wordpress\/wp-content\/uploads\/2020\/08\/IlariaSperandio.jpeg\" data-dt-img-description=\"\" data-large_image_width=\"1280\" data-large_image_height=\"854\"><img loading=\"lazy\" decoding=\"async\" class=\"size-medium wp-image-153828 alignleft\" src=\"https:\/\/www.radiopiu.net\/wordpress\/wp-content\/uploads\/2020\/08\/IlariaSperandio-300x200.jpeg\" alt=\"\" width=\"300\" height=\"200\" srcset=\"https:\/\/www.radiopiu.net\/wordpress\/wp-content\/uploads\/2020\/08\/IlariaSperandio-300x200.jpeg 300w, https:\/\/www.radiopiu.net\/wordpress\/wp-content\/uploads\/2020\/08\/IlariaSperandio-1024x683.jpeg 1024w, https:\/\/www.radiopiu.net\/wordpress\/wp-content\/uploads\/2020\/08\/IlariaSperandio-768x512.jpeg 768w, https:\/\/www.radiopiu.net\/wordpress\/wp-content\/uploads\/2020\/08\/IlariaSperandio.jpeg 1280w\" sizes=\"auto, (max-width: 300px) 100vw, 300px\" \/><\/a>BELLUNO\u00a0<\/strong>Il Museo di Seravella, a Cesiomaggiore, dedica la propria sala delle esposizioni alla mostra fotografica <i>SAY CHEESE! Volti e voci di malga<\/i>, realizzata nell&#8217;ambito del progetto scientifico <i>Formaggi alpini \u2013 Le molecole del gusto<\/i>.\u00a0La mostra racconta, attraverso le immagini e le parole dei suoi protagonisti, la vita dei malgari di oggi; mentre l&#8217;allestimento richiama, attraverso gli oggetti antichi del Museo, la vita di chi di pastorizia e lavorazione del formaggio viveva un tempo.\u00a0C&#8217;\u00e8 il racconto di chi ogni giorno si alza prestissimo per mungere le vacche; chi trascorre ore e ore a rimestare latte, produrre ricotte e pressare formaggelle; chi tenta di coniugare l&#8217;attivit\u00e0 casearia con quella agrituristica; chi non fa altro che formaggio per non snaturare il lavoro del malgaro. E poi: i casari stranieri e le loro storie diversissime per arrivare in una malga ai piedi di qualche croda dolomitica; le generazioni di malgari, l&#8217;amore denso per le proprie bestie, la panna vera con i frutti di bosco, il latte caldo e le stanze per l&#8217;affumicatura, i pastori silenziosi e remoti, gli incontri con il lupo, i malgari giovanissimi, resistenti della montagna, la nascita dei vitelli, la cura dei pascoli e il bisogno di turismo&#8230;\u00a0La mostra, a ingresso gratuito, sar\u00e0 visitabile dall&#8217;8 agosto negli orari di apertura estiva del museo: da marted\u00ec a gioved\u00ec dalle 9 alle 13; venerd\u00ec dalle 9 alle 13 e dalle 15 alle 18; sabato e domenica dalle 15 alle 18.20.\u00a0\u00a0Per evitare code e assembramenti e consentire lo svolgimento delle pratiche anti-Covid \u00e8 consigliata la prenotazione allo 0439 438355 (o via mail all&#8217;indirizzo <a>museoseravella@provincia.belluno.it<\/a>).<\/p>\n<p>&nbsp;<\/p>\n<p>&nbsp;<\/p>\n<hr \/>\n<p>&nbsp;<\/p>\n<blockquote>\n<h3>CINEMA SOTTO LE STELLE A SEDICO, MA NON SOLO CINEMA.<\/h3>\n<\/blockquote>\n<p class=\"photoswipe-wrapper\"><strong>SEDICO<\/strong> Con la Proloco di Sedico, i mercoled\u00ec sera a Villa Patt di Sedico.\u00a0 Per chi lo desidera c\u2019\u00e8 la possibilit\u00e0 di prenotare i biglietti online, al proposito riportiamo i link della varie serate, ingresso 5 euro adulti, 2 euro bambini con chiosco, pop corn e patatine.\u00a0\u00a0<strong>12\/08\/2020 BIANCO COME IL NERO \u2013 L\u2019AURORA<\/strong>\u00a0doppio appuntamento nel primo lo scenario della Grande Guerra durante il 1917 (l\u2019an de la fam) la gente di montagna cerca di resistere alla tragedia con l\u2019aiuto dei frati della certosa. In l\u2019Aurora una donna bella fuori ma malinconica dentro che si chiude in un mondo di immersioni in apnea e creazioni sartoriali nel laboratorio dove lavora:<a href=\"https:\/\/docs.google.com\/forms\/d\/e\/1FAIpQLSdXMb0Hr099eyzGSoVYTl8WpsZW3TKfCQXQAcF__f3NRouX5Q\/viewform\">\u00a0CLICCA QUI<\/a>\u00a0<strong>19\/08\/2020 ROCKETMAN<\/strong>\u00a0Un timido pianista di provincia costruisce la propria carriera e il proprio personaggio fino a divenire una delle pi\u00f9 note stelle della musica internazionale. Lui \u00e8 Reginald Dwight ovvero Elton John\u00a0<a href=\"https:\/\/docs.google.com\/forms\/d\/e\/1FAIpQLSf32PztPJJRQslTRKR5qlhJRoHr-LQLsAXpTy6U6XSL_Ykf-A\/viewform\">CLICCA QUI<\/a><\/p>\n<p>&nbsp;<\/p>\n<p>&nbsp;<\/p>\n<hr \/>\n<p>&nbsp;<\/p>\n<blockquote>\n<h3>NAUFRAGI DI UN&#8217; ILLUSIONE, poesia, musica e fotografia<\/h3>\n<\/blockquote>\n<p><strong>CENCENIGHE<\/strong> Venerdi 12 agosto alle 20.30 nella sala consiliareculturale del Municipio (Nof Filo&#8217;) letture di Nicola Scodro e Althea Ronzani, ingresso libero con Comune e Biblioteca Civica in collaborazione con Medici con L&#8217;Africa e patrocinio Parco Dolomiti Bellunesi.<\/p>\n<p>&nbsp;<\/p>\n<hr \/>\n<blockquote>\n<h3><\/h3>\n<\/blockquote>\n<blockquote>\n<h3>EL CANAL DE AGORDO<\/h3>\n<\/blockquote>\n<p><strong>AGORDO<\/strong>\u00a0Scavare nel passato, storia ed archeologia da San Gottardo a Pont del Cristo. La mostra \u00e8 allestita al Museo mineralogico e paleontologico di via 5 maggio con ingresso libero. Fino al 6 settembre il venerdi, sabato e domenica dalle 10 alle 12.30 e dalle 16 alle 19. Info: archeoagordo.arca@gmail.com<\/p>\n<p>&nbsp;<\/p>\n<hr \/>\n<p>&nbsp;<\/p>\n<blockquote>\n<h2 class=\"tw-data-text tw-text-large XcVN5d tw-ta\" dir=\"ltr\" data-placeholder=\"Traduzione\"><span lang=\"en\">appointments recommended by radio pi\u00f9<\/span><\/h2>\n<\/blockquote>\n\n\t\t\t<style type='text\/css'>\n\t\t\t\t#gallery-2 {\n\t\t\t\t\tmargin: auto;\n\t\t\t\t}\n\t\t\t\t#gallery-2 .gallery-item {\n\t\t\t\t\tfloat: left;\n\t\t\t\t\tmargin-top: 10px;\n\t\t\t\t\ttext-align: center;\n\t\t\t\t\twidth: 14%;\n\t\t\t\t}\n\t\t\t\t#gallery-2 img {\n\t\t\t\t\tborder: 2px solid #cfcfcf;\n\t\t\t\t}\n\t\t\t\t#gallery-2 .gallery-caption {\n\t\t\t\t\tmargin-left: 0;\n\t\t\t\t}\n\t\t\t\t\/* see gallery_shortcode() in wp-includes\/media.php *\/\n\t\t\t<\/style>\n\t\t<div id='gallery-2' class='dt-gallery-container gallery galleryid-154187 gallery-columns-7 gallery-size-thumbnail'><dl class='gallery-item'>\n\t\t\t\t<dt class='gallery-icon portrait'>\n\t\t\t\t\t<a class=\"rollover rollover-zoom dt-pswp-item\" title=\"cce2de5d-0e50-4461-9ff7-ebbd7509ab70\" data-dt-img-description=\"\" data-large_image_width=\"1240\" data-large_image_height=\"1550\"href='https:\/\/www.radiopiu.net\/wordpress\/wp-content\/uploads\/2020\/08\/cce2de5d-0e50-4461-9ff7-ebbd7509ab70.jpg'><img loading=\"lazy\" decoding=\"async\" width=\"150\" height=\"150\" src=\"https:\/\/www.radiopiu.net\/wordpress\/wp-content\/uploads\/2020\/08\/cce2de5d-0e50-4461-9ff7-ebbd7509ab70-150x150.jpg\" class=\"attachment-thumbnail size-thumbnail\" alt=\"\" \/><\/a>\n\t\t\t\t<\/dt><\/dl><dl class='gallery-item'>\n\t\t\t\t<dt class='gallery-icon portrait'>\n\t\t\t\t\t<a class=\"rollover rollover-zoom dt-pswp-item\" title=\"2748ffeb-1a97-4edd-87da-2b5db1eb6670\" data-dt-img-description=\"\" data-large_image_width=\"1131\" data-large_image_height=\"1600\"href='https:\/\/www.radiopiu.net\/wordpress\/wp-content\/uploads\/2020\/08\/2748ffeb-1a97-4edd-87da-2b5db1eb6670-1.jpg'><img loading=\"lazy\" decoding=\"async\" width=\"150\" height=\"150\" src=\"https:\/\/www.radiopiu.net\/wordpress\/wp-content\/uploads\/2020\/08\/2748ffeb-1a97-4edd-87da-2b5db1eb6670-1-150x150.jpg\" class=\"attachment-thumbnail size-thumbnail\" alt=\"\" \/><\/a>\n\t\t\t\t<\/dt><\/dl><dl class='gallery-item'>\n\t\t\t\t<dt class='gallery-icon portrait'>\n\t\t\t\t\t<a class=\"rollover rollover-zoom dt-pswp-item\" title=\"yogaandraz\" data-dt-img-description=\"\" data-large_image_width=\"905\" data-large_image_height=\"1280\"href='https:\/\/www.radiopiu.net\/wordpress\/wp-content\/uploads\/2020\/07\/yogaandraz.jpg'><img loading=\"lazy\" decoding=\"async\" width=\"150\" height=\"150\" src=\"https:\/\/www.radiopiu.net\/wordpress\/wp-content\/uploads\/2020\/07\/yogaandraz-150x150.jpg\" class=\"attachment-thumbnail size-thumbnail\" alt=\"\" \/><\/a>\n\t\t\t\t<\/dt><\/dl><dl class='gallery-item'>\n\t\t\t\t<dt class='gallery-icon portrait'>\n\t\t\t\t\t<a class=\"rollover rollover-zoom dt-pswp-item\" title=\"RITROVARSI IN SINISTRA PIAVE locandina definitiva\" data-dt-img-description=\"\" data-large_image_width=\"1293\" data-large_image_height=\"2560\"href='https:\/\/www.radiopiu.net\/wordpress\/wp-content\/uploads\/2020\/07\/RITROVARSI-IN-SINISTRA-PIAVE-locandina-definitiva-scaled.jpg'><img loading=\"lazy\" decoding=\"async\" width=\"150\" height=\"150\" src=\"https:\/\/www.radiopiu.net\/wordpress\/wp-content\/uploads\/2020\/07\/RITROVARSI-IN-SINISTRA-PIAVE-locandina-definitiva-150x150.jpg\" class=\"attachment-thumbnail size-thumbnail\" alt=\"\" \/><\/a>\n\t\t\t\t<\/dt><\/dl><dl class='gallery-item'>\n\t\t\t\t<dt class='gallery-icon portrait'>\n\t\t\t\t\t<a class=\"rollover rollover-zoom dt-pswp-item\" title=\"82799889_285851282792527_7947034300049837793_n\" data-dt-img-description=\"\" data-large_image_width=\"678\" data-large_image_height=\"960\"href='https:\/\/www.radiopiu.net\/wordpress\/wp-content\/uploads\/2020\/07\/82799889_285851282792527_7947034300049837793_n.jpg'><img loading=\"lazy\" decoding=\"async\" width=\"150\" height=\"150\" src=\"https:\/\/www.radiopiu.net\/wordpress\/wp-content\/uploads\/2020\/07\/82799889_285851282792527_7947034300049837793_n-150x150.jpg\" class=\"attachment-thumbnail size-thumbnail\" alt=\"\" \/><\/a>\n\t\t\t\t<\/dt><\/dl><dl class='gallery-item'>\n\t\t\t\t<dt class='gallery-icon portrait'>\n\t\t\t\t\t<a class=\"rollover rollover-zoom dt-pswp-item\" title=\"fb0f2285-210f-4bba-8573-b8ff07a91fa8\" data-dt-img-description=\"\" data-large_image_width=\"726\" data-large_image_height=\"1024\"href='https:\/\/www.radiopiu.net\/wordpress\/wp-content\/uploads\/2020\/07\/fb0f2285-210f-4bba-8573-b8ff07a91fa8.jpg'><img loading=\"lazy\" decoding=\"async\" width=\"150\" height=\"150\" src=\"https:\/\/www.radiopiu.net\/wordpress\/wp-content\/uploads\/2020\/07\/fb0f2285-210f-4bba-8573-b8ff07a91fa8-150x150.jpg\" class=\"attachment-thumbnail size-thumbnail\" alt=\"\" \/><\/a>\n\t\t\t\t<\/dt><\/dl><dl class='gallery-item'>\n\t\t\t\t<dt class='gallery-icon portrait'>\n\t\t\t\t\t<a class=\"rollover rollover-zoom dt-pswp-item\" title=\"446199a0-ccb6-4daa-88f9-ee34f5a4944a\" data-dt-img-description=\"\" data-large_image_width=\"1080\" data-large_image_height=\"1350\"href='https:\/\/www.radiopiu.net\/wordpress\/wp-content\/uploads\/2020\/07\/446199a0-ccb6-4daa-88f9-ee34f5a4944a.jpg'><img loading=\"lazy\" decoding=\"async\" width=\"150\" height=\"150\" src=\"https:\/\/www.radiopiu.net\/wordpress\/wp-content\/uploads\/2020\/07\/446199a0-ccb6-4daa-88f9-ee34f5a4944a-150x150.jpg\" class=\"attachment-thumbnail size-thumbnail\" alt=\"\" \/><\/a>\n\t\t\t\t<\/dt><\/dl><br style=\"clear: both\" \/><dl class='gallery-item'>\n\t\t\t\t<dt class='gallery-icon portrait'>\n\t\t\t\t\t<a class=\"rollover rollover-zoom dt-pswp-item\" title=\"LOCANDINA MOSTRA ARCA 2019 Patrocinio\" data-dt-img-description=\"\" data-large_image_width=\"1810\" data-large_image_height=\"2560\"href='https:\/\/www.radiopiu.net\/wordpress\/wp-content\/uploads\/2020\/07\/LOCANDINA-MOSTRA-ARCA-2020-scaled.jpg'><img loading=\"lazy\" decoding=\"async\" width=\"150\" height=\"150\" src=\"https:\/\/www.radiopiu.net\/wordpress\/wp-content\/uploads\/2020\/07\/LOCANDINA-MOSTRA-ARCA-2020-150x150.jpg\" class=\"attachment-thumbnail size-thumbnail\" alt=\"\" \/><\/a>\n\t\t\t\t<\/dt><\/dl><dl class='gallery-item'>\n\t\t\t\t<dt class='gallery-icon portrait'>\n\t\t\t\t\t<a class=\"rollover rollover-zoom dt-pswp-item\" title=\"0995c87e-41e6-46f0-81e9-380485c41502\" data-dt-img-description=\"\" data-large_image_width=\"1447\" data-large_image_height=\"2048\"href='https:\/\/www.radiopiu.net\/wordpress\/wp-content\/uploads\/2020\/07\/0995c87e-41e6-46f0-81e9-380485c41502.jpg'><img loading=\"lazy\" decoding=\"async\" width=\"150\" height=\"150\" src=\"https:\/\/www.radiopiu.net\/wordpress\/wp-content\/uploads\/2020\/07\/0995c87e-41e6-46f0-81e9-380485c41502-150x150.jpg\" class=\"attachment-thumbnail size-thumbnail\" alt=\"\" \/><\/a>\n\t\t\t\t<\/dt><\/dl><dl class='gallery-item'>\n\t\t\t\t<dt class='gallery-icon portrait'>\n\t\t\t\t\t<a class=\"rollover rollover-zoom dt-pswp-item\" title=\"4dd872a2-f52d-4a12-9746-816401dfe394\" data-dt-img-description=\"\" data-large_image_width=\"1131\" data-large_image_height=\"1600\"href='https:\/\/www.radiopiu.net\/wordpress\/wp-content\/uploads\/2020\/07\/4dd872a2-f52d-4a12-9746-816401dfe394.jpg'><img loading=\"lazy\" decoding=\"async\" width=\"150\" height=\"150\" src=\"https:\/\/www.radiopiu.net\/wordpress\/wp-content\/uploads\/2020\/07\/4dd872a2-f52d-4a12-9746-816401dfe394-150x150.jpg\" class=\"attachment-thumbnail size-thumbnail\" alt=\"\" \/><\/a>\n\t\t\t\t<\/dt><\/dl><dl class='gallery-item'>\n\t\t\t\t<dt class='gallery-icon portrait'>\n\t\t\t\t\t<a class=\"rollover rollover-zoom dt-pswp-item\" title=\"concerto Tessari\" data-dt-img-description=\"\" data-large_image_width=\"1239\" data-large_image_height=\"1754\"href='https:\/\/www.radiopiu.net\/wordpress\/wp-content\/uploads\/2020\/07\/concerto-Tessari.jpg'><img loading=\"lazy\" decoding=\"async\" width=\"150\" height=\"150\" src=\"https:\/\/www.radiopiu.net\/wordpress\/wp-content\/uploads\/2020\/07\/concerto-Tessari-150x150.jpg\" class=\"attachment-thumbnail size-thumbnail\" alt=\"\" \/><\/a>\n\t\t\t\t<\/dt><\/dl><dl class='gallery-item'>\n\t\t\t\t<dt class='gallery-icon portrait'>\n\t\t\t\t\t<a class=\"rollover rollover-zoom dt-pswp-item\" title=\"ALLA SCOPERTA DI CANALE\" data-dt-img-description=\"\" data-large_image_width=\"620\" data-large_image_height=\"873\"href='https:\/\/www.radiopiu.net\/wordpress\/wp-content\/uploads\/2020\/07\/ALLA-SCOPERTA-DI-CANALE-.jpg'><img loading=\"lazy\" decoding=\"async\" width=\"150\" height=\"150\" src=\"https:\/\/www.radiopiu.net\/wordpress\/wp-content\/uploads\/2020\/07\/ALLA-SCOPERTA-DI-CANALE--150x150.jpg\" class=\"attachment-thumbnail size-thumbnail\" alt=\"\" \/><\/a>\n\t\t\t\t<\/dt><\/dl><dl class='gallery-item'>\n\t\t\t\t<dt class='gallery-icon portrait'>\n\t\t\t\t\t<a class=\"rollover rollover-zoom dt-pswp-item\" title=\"newsletter Week 4 Kids Summer\" data-dt-img-description=\"\" data-large_image_width=\"1280\" data-large_image_height=\"2560\"href='https:\/\/www.radiopiu.net\/wordpress\/wp-content\/uploads\/2020\/07\/newsletter-Week-4-Kids-Summer-scaled.jpg'><img loading=\"lazy\" decoding=\"async\" width=\"150\" height=\"150\" src=\"https:\/\/www.radiopiu.net\/wordpress\/wp-content\/uploads\/2020\/07\/newsletter-Week-4-Kids-Summer-150x150.jpg\" class=\"attachment-thumbnail size-thumbnail\" alt=\"\" \/><\/a>\n\t\t\t\t<\/dt><\/dl><dl class='gallery-item'>\n\t\t\t\t<dt class='gallery-icon landscape'>\n\t\t\t\t\t<a class=\"rollover rollover-zoom dt-pswp-item\" title=\"12f1d505-5668-42b8-8ad2-5336c07a910e\" data-dt-img-description=\"\" data-large_image_width=\"1352\" data-large_image_height=\"1040\"href='https:\/\/www.radiopiu.net\/wordpress\/wp-content\/uploads\/2020\/08\/12f1d505-5668-42b8-8ad2-5336c07a910e.jpg'><img loading=\"lazy\" decoding=\"async\" width=\"150\" height=\"150\" src=\"https:\/\/www.radiopiu.net\/wordpress\/wp-content\/uploads\/2020\/08\/12f1d505-5668-42b8-8ad2-5336c07a910e-150x150.jpg\" class=\"attachment-thumbnail size-thumbnail\" alt=\"\" \/><\/a>\n\t\t\t\t<\/dt><\/dl><br style=\"clear: both\" \/><dl class='gallery-item'>\n\t\t\t\t<dt class='gallery-icon portrait'>\n\t\t\t\t\t<a class=\"rollover rollover-zoom dt-pswp-item\" title=\"mercoledi 12 agosto_0001\" data-dt-img-description=\"\" data-large_image_width=\"1810\" data-large_image_height=\"2560\"href='https:\/\/www.radiopiu.net\/wordpress\/wp-content\/uploads\/2020\/08\/mercoledi-12-agosto_0001-scaled.jpg'><img loading=\"lazy\" decoding=\"async\" width=\"150\" height=\"150\" src=\"https:\/\/www.radiopiu.net\/wordpress\/wp-content\/uploads\/2020\/08\/mercoledi-12-agosto_0001-150x150.jpg\" class=\"attachment-thumbnail size-thumbnail\" alt=\"\" \/><\/a>\n\t\t\t\t<\/dt><\/dl><dl class='gallery-item'>\n\t\t\t\t<dt class='gallery-icon landscape'>\n\t\t\t\t\t<a class=\"rollover rollover-zoom dt-pswp-item\" title=\"volantino parco dolomiti bellunesi 13agosto\" data-dt-img-description=\"\" data-large_image_width=\"2560\" data-large_image_height=\"1920\"href='https:\/\/www.radiopiu.net\/wordpress\/wp-content\/uploads\/2020\/08\/volantino-parco-dolomiti-bellunesi-13agosto-scaled.jpg'><img loading=\"lazy\" decoding=\"async\" width=\"150\" height=\"150\" src=\"https:\/\/www.radiopiu.net\/wordpress\/wp-content\/uploads\/2020\/08\/volantino-parco-dolomiti-bellunesi-13agosto-150x150.jpg\" class=\"attachment-thumbnail size-thumbnail\" alt=\"\" \/><\/a>\n\t\t\t\t<\/dt><\/dl><dl class='gallery-item'>\n\t\t\t\t<dt class='gallery-icon portrait'>\n\t\t\t\t\t<a class=\"rollover rollover-zoom dt-pswp-item\" title=\"lettura BASSA\" data-dt-img-description=\"\" data-large_image_width=\"1240\" data-large_image_height=\"1754\"href='https:\/\/www.radiopiu.net\/wordpress\/wp-content\/uploads\/2020\/08\/lettura-BASSA.jpg'><img loading=\"lazy\" decoding=\"async\" width=\"150\" height=\"150\" src=\"https:\/\/www.radiopiu.net\/wordpress\/wp-content\/uploads\/2020\/08\/lettura-BASSA-150x150.jpg\" class=\"attachment-thumbnail size-thumbnail\" alt=\"\" \/><\/a>\n\t\t\t\t<\/dt><\/dl><dl class='gallery-item'>\n\t\t\t\t<dt class='gallery-icon portrait'>\n\t\t\t\t\t<a class=\"rollover rollover-zoom dt-pswp-item\" title=\"LOCANDINA_MOSTRA andraz\" data-dt-img-description=\"\" data-large_image_width=\"1753\" data-large_image_height=\"2480\"href='https:\/\/www.radiopiu.net\/wordpress\/wp-content\/uploads\/2020\/08\/LOCANDINA_MOSTRA-andraz.jpg'><img loading=\"lazy\" decoding=\"async\" width=\"150\" height=\"150\" src=\"https:\/\/www.radiopiu.net\/wordpress\/wp-content\/uploads\/2020\/08\/LOCANDINA_MOSTRA-andraz-150x150.jpg\" class=\"attachment-thumbnail size-thumbnail\" alt=\"\" \/><\/a>\n\t\t\t\t<\/dt><\/dl><dl class='gallery-item'>\n\t\t\t\t<dt class='gallery-icon portrait'>\n\t\t\t\t\t<a class=\"rollover rollover-zoom dt-pswp-item\" title=\"c3d25266-6703-4625-98e4-50e84d1667b8\" data-dt-img-description=\"\" data-large_image_width=\"638\" data-large_image_height=\"904\"href='https:\/\/www.radiopiu.net\/wordpress\/wp-content\/uploads\/2020\/08\/c3d25266-6703-4625-98e4-50e84d1667b8.jpg'><img loading=\"lazy\" decoding=\"async\" width=\"150\" height=\"150\" src=\"https:\/\/www.radiopiu.net\/wordpress\/wp-content\/uploads\/2020\/08\/c3d25266-6703-4625-98e4-50e84d1667b8-150x150.jpg\" class=\"attachment-thumbnail size-thumbnail\" alt=\"\" \/><\/a>\n\t\t\t\t<\/dt><\/dl>\n\t\t\t\t<br style='clear: both' \/>\n\t\t\t<\/div>\n\n<p>&nbsp;<\/p>\n<hr \/>\n<p>&nbsp;<\/p>\n<blockquote>\n<h3>ERNESTO PIETRIBONI: FU GIORNALISTA EMINENTE PENALISTA E PARLAMENTARE di RENATO BONA<\/h3>\n<\/blockquote>\n<p>Il Comune di Belluno gli ha intitolato la via che va dall\u2019incrocio con la A. di Foro e la Cavarzano, fino alla villa Pietriboni; e nella pubblicazione \u201cToponomastica di Belluno\u201d edita nel 1990, ricorda il personaggio cos\u00ec: \u201c(1874-1950) Giurista e penalista eminente. Deputato dal 1912 al 1919 fu nominato sottosegretario alle terre redente. Antifascista, nel 1942 venne deferito al confino. Fu membro della Consulta nazionale\u201d. Parliamo di Ernesto Pietriboni che la libera enciclopedia Wikipedia nel proprio sito cita cos\u00ec: \u201c(Venezia, 10 luglio 1874 Venezia 15 dicembre 1950). E\u2019 stato avvocato, giornalista e politico. Deputato durante la 24. e la 25. legislatura del Regno d\u2019Italia, ricopr\u00ec la carica di Alto commissario aggiunto ai profughi, insieme a Salvatore Segr\u00e8 Sartorio durante il governo Orlando. Fu successivamente l\u2019ultimo segretario del Partito radicale italiano prima dello scioglimento imposto dal regime fascista. Massone, fu membro della Serenissima Gran Loggia del Rito simbolico italiano, della quale fu il rappresentante presso la giunta del Grande Oriente d\u2019Italia dal 1921 al 1925\u201d. Molto pi\u00f9 dettagliato il sito ateneoveneto.org che ricorda subito che Pietriboni fu il 31. presidente dell\u2019Ateneo, dal 1947 al 1950, il primo dopo la fine della seconda guerra mondiale, e cita Giovanni Zironda il quale, cos\u00ec si pronuncio commemorandone la figura nel primo anniversario della morte: \u201cNon appena l\u2019Italia fu riordinata nuovamente a libero regime e la volont\u00e0 collettiva pot\u00e9 riaffermarsi in libere elezioni, vollero per primo presidente Ernesto Pietriboni la cui figura di cittadino di stampo antico, di studioso appassionato, di maestro nell\u2019arringa professionale, nobile figura cui nei tempi della passata dittatura si ispiravano i nostalgici ricordi e le speranze per l\u2019avvenire, balz\u00f2 immediatamente al suo giusto posto\u201d. Ed ecco in sintesi, dopo un colloquio con il nipote Ernesto, figlio dello scomparso avvocato Mario (del quale chi scrive queste note, da giovane cronista di giudiziaria per il Resto del Carlino prima e per Il Gazzettino poi, era estimatore e ne apprezzava molto le doti di umanit\u00e0 e professionalit\u00e0 \u2013 ndr.) il curriculum di questo bellunese di adozione e discendenza: Ernesto si laure\u00f2 in giurisprudenza a Padova ma il giornalismo fu il suo primo campo d\u2019azione; fond\u00f2 e diresse negli anni universitari, nel 1892-93, il giornaletto satirico \u201cLo Studente di Padova\u201d. Dopo la laurea collabor\u00f2 prima a Venezia ne \u201cIl Gazzettino\u2019 fondato dal cadorino Giampietro Talamini; poi a Belluno, che fu la sua seconda casa, come redattore e direttore dal giugno 1896 del quotidiano di sinistra \u201cIl Corriere Bellunese\u201d, \u201caffermandosi come acuto giovane dalle idee democratiche, giornalista dallo spirito battagliero e polemista, distinguendosi allo stesso tempo anche come oratore politico\u201d. Abbandonato il \u201cCorriere Bellunese\u201d per dissensi politici nel 1897 torn\u00f2 a Venezia a Il Gazzettino avviando contestualmente l\u2019attivit\u00e0 forense prima di lasciare il giornalismo fino alla sua elezione in Parlamento; fondatore e direttore del settimanale veneziano \u201cIl Radicale\u201d e direttore de \u201cL\u2019Adriatico\u201d il quotidiano della Democrazia liberale. Come avvocato, carriera iniziata nel 1898 \u201ce condotta con ardore e passione per molti anni, ottenne notevole fama e successo affermandosi come penalista capace e abile nei pi\u00f9 importanti processi in Venezia e nel Veneto (come quello dell\u2019assassinio della contessa Onigo nel 1903)\u201d e per la sua preparazione e le doti di brillante oratore, \u201cdialettico lucido, argomentatore sagace, appassionato, convincente (parole di Achille Bosisio \u2013 ndr.) fu anche studioso e autore di numerosi scritti e articoli riguardanti questioni giuridiche e sociali, diritto penale e processuale, apparsi sulle principali riviste forensi. Presidente del consiglio dell\u2019ordine degli avvocati nel 1945, nel secondo dopoguerra fece parte della commissione nazionale per la riforma del codice penale. Abbraccio quindi la carriera politica quale esponente della parte democratica liberale. Sal\u00ec alla ribalta nell\u2019ottobre 1913 quando si candid\u00f2 per il collegio di Belluno e fu eletto alla Camera. Finita la guerra si impegno assiduamente per la ricostruzione nel Veneto; fu anche sottosegretario al ministero delle Poste e telegrafi nel governo Nitti (1919-20). Con la marcia su Roma del 1922 si impose il fascismo e per l\u2019intero ventennio Pietriboni abbandon\u00f2 la politica per dedicarsi agli studi giuridici. Visse per lo pi\u00f9 ritirato nella sua villa bellunese di Col Fiorito (oggi propriet\u00e0 del nipote Ernesto Pietriboni, 48 anni, che l\u2019ha ereditata dal padre Mario, mancato nel 1989) e per sfuggire alle persecuzioni e alle rappresaglia nazifasciste (gi\u00e0 nel 1926 il suo studio veneziano era stato devastato e nel 1942, per alcune sua parole sospette era stato arrestato e incarcerato per una quindicina di giorni). Finita la guerra, fu vice presidente della Consulta nazionale e si candid\u00f2 al senato senza successo nelle elezioni del 1948 anche se \u201cnegli anni in cui fu parlamentare aveva saputo dare prova di efficiente, onesta e proba condotta politica, umanit\u00e0 generosa, dedicandosi instancabilmente al bene pubblico e impegnandosi in favore della provincia montana di Belluno a favore della popolazione e per i problemi economici e sociali, in particolare quelli dell\u2019agricoltura e della montagna\u201d. Ancora: fu presidente del Consorzio Agricolo Provinciale e dell\u2019Associazione Provinciale Agricoltori di Belluno, e del settore montagna della Consulta per l\u2019agricoltura e le foreste delle Venezie. Gli ultimi anni della sua vita furono caratterizzati dalla presidenza all\u2019interno dell\u2019Ateneo Veneto. Pietriboni venne eletto socio il 7 giugno 1931 e presidente il 10 luglio 1947ed \u201cebbe il merito di guidare l\u2019Ateneo negli anni della sua riorganizzazione e della sua ripresa, nel delicato momento della ricostruzione dell\u2019intero paese, e di recuperare le energie e le forze, per far di nuovo muovere la macchina culturale dell\u2019istituto\u201d. Non riusc\u00ec tuttavia a portare a termine il mandato di presidente: gi\u00e0 malato, la morte lo colse a Venezia il 15 dicembre 1950. Secondo la sua volont\u00e0, il corpo fu sepolto a Belluno e riposa nella tomba di famiglia nel cimitero di Cusighe.<\/p>\n\n\t\t\t<style type='text\/css'>\n\t\t\t\t#gallery-3 {\n\t\t\t\t\tmargin: auto;\n\t\t\t\t}\n\t\t\t\t#gallery-3 .gallery-item {\n\t\t\t\t\tfloat: left;\n\t\t\t\t\tmargin-top: 10px;\n\t\t\t\t\ttext-align: center;\n\t\t\t\t\twidth: 25%;\n\t\t\t\t}\n\t\t\t\t#gallery-3 img {\n\t\t\t\t\tborder: 2px solid #cfcfcf;\n\t\t\t\t}\n\t\t\t\t#gallery-3 .gallery-caption {\n\t\t\t\t\tmargin-left: 0;\n\t\t\t\t}\n\t\t\t\t\/* see gallery_shortcode() in wp-includes\/media.php *\/\n\t\t\t<\/style>\n\t\t<div id='gallery-3' class='dt-gallery-container gallery galleryid-154187 gallery-columns-4 gallery-size-thumbnail'><dl class='gallery-item'>\n\t\t\t\t<dt class='gallery-icon portrait'>\n\t\t\t\t\t<a class=\"rollover rollover-zoom dt-pswp-item\" title=\"117330373_327334385114025_6206522016291843910_n\" data-dt-img-description=\"\" data-large_image_width=\"170\" data-large_image_height=\"274\"href='https:\/\/www.radiopiu.net\/wordpress\/wp-content\/uploads\/2020\/08\/117330373_327334385114025_6206522016291843910_n.jpg'><img loading=\"lazy\" decoding=\"async\" width=\"150\" height=\"150\" src=\"https:\/\/www.radiopiu.net\/wordpress\/wp-content\/uploads\/2020\/08\/117330373_327334385114025_6206522016291843910_n-150x150.jpg\" class=\"attachment-thumbnail size-thumbnail\" alt=\"\" \/><\/a>\n\t\t\t\t<\/dt><\/dl><dl class='gallery-item'>\n\t\t\t\t<dt class='gallery-icon landscape'>\n\t\t\t\t\t<a class=\"rollover rollover-zoom dt-pswp-item\" title=\"117441932_592443997987615_7571263713108513693_n\" data-dt-img-description=\"\" data-large_image_width=\"2048\" data-large_image_height=\"1536\"href='https:\/\/www.radiopiu.net\/wordpress\/wp-content\/uploads\/2020\/08\/117441932_592443997987615_7571263713108513693_n.jpg'><img loading=\"lazy\" decoding=\"async\" width=\"150\" height=\"150\" src=\"https:\/\/www.radiopiu.net\/wordpress\/wp-content\/uploads\/2020\/08\/117441932_592443997987615_7571263713108513693_n-150x150.jpg\" class=\"attachment-thumbnail size-thumbnail\" alt=\"\" \/><\/a>\n\t\t\t\t<\/dt><\/dl><dl class='gallery-item'>\n\t\t\t\t<dt class='gallery-icon portrait'>\n\t\t\t\t\t<a class=\"rollover rollover-zoom dt-pswp-item\" title=\"117312188_3306997502725450_4392183649542345521_n\" data-dt-img-description=\"\" data-large_image_width=\"1536\" data-large_image_height=\"2048\"href='https:\/\/www.radiopiu.net\/wordpress\/wp-content\/uploads\/2020\/08\/117312188_3306997502725450_4392183649542345521_n.jpg'><img loading=\"lazy\" decoding=\"async\" width=\"150\" height=\"150\" src=\"https:\/\/www.radiopiu.net\/wordpress\/wp-content\/uploads\/2020\/08\/117312188_3306997502725450_4392183649542345521_n-150x150.jpg\" class=\"attachment-thumbnail size-thumbnail\" alt=\"\" \/><\/a>\n\t\t\t\t<\/dt><\/dl><dl class='gallery-item'>\n\t\t\t\t<dt class='gallery-icon portrait'>\n\t\t\t\t\t<a class=\"rollover rollover-zoom dt-pswp-item\" title=\"117391989_3332822223423340_8805328300207720421_n\" data-dt-img-description=\"\" data-large_image_width=\"686\" data-large_image_height=\"923\"href='https:\/\/www.radiopiu.net\/wordpress\/wp-content\/uploads\/2020\/08\/117391989_3332822223423340_8805328300207720421_n.jpg'><img loading=\"lazy\" decoding=\"async\" width=\"150\" height=\"150\" src=\"https:\/\/www.radiopiu.net\/wordpress\/wp-content\/uploads\/2020\/08\/117391989_3332822223423340_8805328300207720421_n-150x150.jpg\" class=\"attachment-thumbnail size-thumbnail\" alt=\"\" \/><\/a>\n\t\t\t\t<\/dt><\/dl><br style=\"clear: both\" \/><dl class='gallery-item'>\n\t\t\t\t<dt class='gallery-icon portrait'>\n\t\t\t\t\t<a class=\"rollover rollover-zoom dt-pswp-item\" title=\"117315704_2416872498610124_6901491572862688457_n\" data-dt-img-description=\"\" data-large_image_width=\"168\" data-large_image_height=\"218\"href='https:\/\/www.radiopiu.net\/wordpress\/wp-content\/uploads\/2020\/08\/117315704_2416872498610124_6901491572862688457_n.jpg'><img loading=\"lazy\" decoding=\"async\" width=\"150\" height=\"150\" src=\"https:\/\/www.radiopiu.net\/wordpress\/wp-content\/uploads\/2020\/08\/117315704_2416872498610124_6901491572862688457_n-150x150.jpg\" class=\"attachment-thumbnail size-thumbnail\" alt=\"\" \/><\/a>\n\t\t\t\t<\/dt><\/dl><dl class='gallery-item'>\n\t\t\t\t<dt class='gallery-icon portrait'>\n\t\t\t\t\t<a class=\"rollover rollover-zoom dt-pswp-item\" title=\"117302198_592971208275677_5919413765739283699_n\" data-dt-img-description=\"\" data-large_image_width=\"1129\" data-large_image_height=\"1600\"href='https:\/\/www.radiopiu.net\/wordpress\/wp-content\/uploads\/2020\/08\/117302198_592971208275677_5919413765739283699_n.jpg'><img loading=\"lazy\" decoding=\"async\" width=\"150\" height=\"150\" src=\"https:\/\/www.radiopiu.net\/wordpress\/wp-content\/uploads\/2020\/08\/117302198_592971208275677_5919413765739283699_n-150x150.jpg\" class=\"attachment-thumbnail size-thumbnail\" alt=\"\" \/><\/a>\n\t\t\t\t<\/dt><\/dl><dl class='gallery-item'>\n\t\t\t\t<dt class='gallery-icon portrait'>\n\t\t\t\t\t<a class=\"rollover rollover-zoom dt-pswp-item\" title=\"117445278_953948721683221_280893937730667227_n\" data-dt-img-description=\"\" data-large_image_width=\"526\" data-large_image_height=\"768\"href='https:\/\/www.radiopiu.net\/wordpress\/wp-content\/uploads\/2020\/08\/117445278_953948721683221_280893937730667227_n.jpg'><img loading=\"lazy\" decoding=\"async\" width=\"150\" height=\"150\" src=\"https:\/\/www.radiopiu.net\/wordpress\/wp-content\/uploads\/2020\/08\/117445278_953948721683221_280893937730667227_n-150x150.jpg\" class=\"attachment-thumbnail size-thumbnail\" alt=\"\" \/><\/a>\n\t\t\t\t<\/dt><\/dl><dl class='gallery-item'>\n\t\t\t\t<dt class='gallery-icon portrait'>\n\t\t\t\t\t<a class=\"rollover rollover-zoom dt-pswp-item\" title=\"117589870_4148711661865684_5811894106079769686_n\" data-dt-img-description=\"\" data-large_image_width=\"1232\" data-large_image_height=\"2048\"href='https:\/\/www.radiopiu.net\/wordpress\/wp-content\/uploads\/2020\/08\/117589870_4148711661865684_5811894106079769686_n.jpg'><img loading=\"lazy\" decoding=\"async\" width=\"150\" height=\"150\" src=\"https:\/\/www.radiopiu.net\/wordpress\/wp-content\/uploads\/2020\/08\/117589870_4148711661865684_5811894106079769686_n-150x150.jpg\" class=\"attachment-thumbnail size-thumbnail\" alt=\"\" \/><\/a>\n\t\t\t\t<\/dt><\/dl><br style=\"clear: both\" \/><dl class='gallery-item'>\n\t\t\t\t<dt class='gallery-icon landscape'>\n\t\t\t\t\t<a class=\"rollover rollover-zoom dt-pswp-item\" title=\"117388397_345206526482472_6366190012108087320_n\" data-dt-img-description=\"\" data-large_image_width=\"897\" data-large_image_height=\"634\"href='https:\/\/www.radiopiu.net\/wordpress\/wp-content\/uploads\/2020\/08\/117388397_345206526482472_6366190012108087320_n.jpg'><img loading=\"lazy\" decoding=\"async\" width=\"150\" height=\"150\" src=\"https:\/\/www.radiopiu.net\/wordpress\/wp-content\/uploads\/2020\/08\/117388397_345206526482472_6366190012108087320_n-150x150.jpg\" class=\"attachment-thumbnail size-thumbnail\" alt=\"\" \/><\/a>\n\t\t\t\t<\/dt><\/dl><dl class='gallery-item'>\n\t\t\t\t<dt class='gallery-icon landscape'>\n\t\t\t\t\t<a class=\"rollover rollover-zoom dt-pswp-item\" title=\"117716060_515597089454294_1004418240796982942_n\" data-dt-img-description=\"\" data-large_image_width=\"2048\" data-large_image_height=\"1536\"href='https:\/\/www.radiopiu.net\/wordpress\/wp-content\/uploads\/2020\/08\/117716060_515597089454294_1004418240796982942_n.jpg'><img loading=\"lazy\" decoding=\"async\" width=\"150\" height=\"150\" src=\"https:\/\/www.radiopiu.net\/wordpress\/wp-content\/uploads\/2020\/08\/117716060_515597089454294_1004418240796982942_n-150x150.jpg\" class=\"attachment-thumbnail size-thumbnail\" alt=\"\" \/><\/a>\n\t\t\t\t<\/dt><\/dl><dl class='gallery-item'>\n\t\t\t\t<dt class='gallery-icon portrait'>\n\t\t\t\t\t<a class=\"rollover rollover-zoom dt-pswp-item\" title=\"117335760_293804385177690_8993769739780380205_n\" data-dt-img-description=\"\" data-large_image_width=\"723\" data-large_image_height=\"997\"href='https:\/\/www.radiopiu.net\/wordpress\/wp-content\/uploads\/2020\/08\/117335760_293804385177690_8993769739780380205_n.jpg'><img loading=\"lazy\" decoding=\"async\" width=\"150\" height=\"150\" src=\"https:\/\/www.radiopiu.net\/wordpress\/wp-content\/uploads\/2020\/08\/117335760_293804385177690_8993769739780380205_n-150x150.jpg\" class=\"attachment-thumbnail size-thumbnail\" alt=\"\" \/><\/a>\n\t\t\t\t<\/dt><\/dl>\n\t\t\t\t<br style='clear: both' \/>\n\t\t\t<\/div>\n\n<p>&nbsp;<\/p>\n<p>NELLE FOTO (Google e Renato Bona): Ernesto Pietriboni in due versioni: la tabella con l\u2019indicazione della via e la strada a lui dedicata dal Comune di Belluno; la Sede dell\u2019Ateno Veneto di cui Pietriboni fu presidente; una delle pubblicazioni del nostro; copertina di quella pi\u00f9 famosa sulla criminologia (di cui il nipote, anch\u2019egli Ernesto, possiede l\u2019originale); la tomba di famiglia nel cimitero bellunese di Cusighe dove \u00e8 sepolto anche il figlio Mario che nella immagine successiva, degli anni Ottanta, \u00e8, sulla destra, nel vecchio tribunale in attesa di una sentenza, con il collega Antonio Feltrin ed il pubblico ministero Fabio Saracini, pure scomparsi, ed il cronista Renato Bona; la villa Pietriboni nella splendida localit\u00e0 Col Fiorito.<\/p>\n<p>&nbsp;<\/p>\n<hr \/>\n<p>&nbsp;<\/p>\n<h2>IERI ALLA RADIO<\/h2>\n<h2><a class=\"dt-pswp-item\" href=\"https:\/\/www.radiopiu.net\/wordpress\/wp-content\/uploads\/2020\/08\/58dc0e6f-780d-4a89-be99-c8b5de8bc55b.jpg\" data-dt-img-description=\"\" data-large_image_width=\"960\" data-large_image_height=\"540\"><img loading=\"lazy\" decoding=\"async\" class=\"size-medium wp-image-154042 alignleft\" src=\"https:\/\/www.radiopiu.net\/wordpress\/wp-content\/uploads\/2020\/08\/58dc0e6f-780d-4a89-be99-c8b5de8bc55b-300x169.jpg\" alt=\"\" width=\"300\" height=\"169\" srcset=\"https:\/\/www.radiopiu.net\/wordpress\/wp-content\/uploads\/2020\/08\/58dc0e6f-780d-4a89-be99-c8b5de8bc55b-300x169.jpg 300w, https:\/\/www.radiopiu.net\/wordpress\/wp-content\/uploads\/2020\/08\/58dc0e6f-780d-4a89-be99-c8b5de8bc55b-768x432.jpg 768w, https:\/\/www.radiopiu.net\/wordpress\/wp-content\/uploads\/2020\/08\/58dc0e6f-780d-4a89-be99-c8b5de8bc55b.jpg 960w\" sizes=\"auto, (max-width: 300px) 100vw, 300px\" \/><\/a><span style=\"color: #808000;\">LA RASSEGNA STAMPA DALL&#8217;AMICO DEL POPOLO<\/span><\/h2>\n<p>Di Gianni Santomaso<\/p>\n<audio class=\"wp-audio-shortcode\" id=\"audio-154187-3\" preload=\"none\" style=\"width: 100%;\" controls=\"controls\"><source type=\"audio\/mpeg\" src=\"https:\/\/www.radiopiu.net\/wordpress\/wp-content\/uploads\/2020\/08\/RASSEGNA-GIANNI-1.mp3?_=3\" \/><a href=\"https:\/\/www.radiopiu.net\/wordpress\/wp-content\/uploads\/2020\/08\/RASSEGNA-GIANNI-1.mp3\">https:\/\/www.radiopiu.net\/wordpress\/wp-content\/uploads\/2020\/08\/RASSEGNA-GIANNI-1.mp3<\/a><\/audio>\n<div>\n<p>&nbsp;<\/p>\n<hr \/>\n<p>&nbsp;<\/p>\n<h2><a class=\"dt-pswp-item\" href=\"https:\/\/www.radiopiu.net\/wordpress\/wp-content\/uploads\/2020\/06\/4f376fe2-d9cd-4dc8-b8ec-9bd773546a4e.jpg\" data-dt-img-description=\"\" data-large_image_width=\"960\" data-large_image_height=\"720\"><img loading=\"lazy\" decoding=\"async\" class=\"wp-image-146572 alignleft\" src=\"https:\/\/www.radiopiu.net\/wordpress\/wp-content\/uploads\/2020\/06\/4f376fe2-d9cd-4dc8-b8ec-9bd773546a4e-300x225.jpg\" alt=\"\" width=\"132\" height=\"99\" srcset=\"https:\/\/www.radiopiu.net\/wordpress\/wp-content\/uploads\/2020\/06\/4f376fe2-d9cd-4dc8-b8ec-9bd773546a4e-300x225.jpg 300w, https:\/\/www.radiopiu.net\/wordpress\/wp-content\/uploads\/2020\/06\/4f376fe2-d9cd-4dc8-b8ec-9bd773546a4e-768x576.jpg 768w, https:\/\/www.radiopiu.net\/wordpress\/wp-content\/uploads\/2020\/06\/4f376fe2-d9cd-4dc8-b8ec-9bd773546a4e.jpg 960w\" sizes=\"auto, (max-width: 132px) 100vw, 132px\" \/><\/a><\/h2>\n<h2><\/h2>\n<h2><span style=\"color: #00ccff;\">DON CESARE, IL PENSIERO DEL GIORNO. ALLA RADIO ALLE 7 DEL MATTINO E ALLE 19.30 DELLA SERA.<\/span><\/h2>\n<audio class=\"wp-audio-shortcode\" id=\"audio-154187-4\" preload=\"none\" style=\"width: 100%;\" controls=\"controls\"><source type=\"audio\/mpeg\" src=\"https:\/\/www.radiopiu.net\/wordpress\/wp-content\/uploads\/2020\/08\/cesare-1.mp3?_=4\" \/><a href=\"https:\/\/www.radiopiu.net\/wordpress\/wp-content\/uploads\/2020\/08\/cesare-1.mp3\">https:\/\/www.radiopiu.net\/wordpress\/wp-content\/uploads\/2020\/08\/cesare-1.mp3<\/a><\/audio>\n<p>&nbsp;<\/p>\n<hr \/>\n<p>&nbsp;<\/p>\n<h2><span style=\"color: #99cc00;\">AGORDINOMERON&#8230;LA RACCOLTA<\/span><\/h2>\n<blockquote class=\"wp-embedded-content\" data-secret=\"xwZZcAa1pu\"><p><a href=\"https:\/\/www.radiopiu.net\/wordpress\/agordinomeron\/\">AGORDINOMERON, IL TERRITORIO SI RACCONTA Da un&#8217;idea di Gianni Santomaso<\/a><\/p><\/blockquote>\n<p><iframe loading=\"lazy\" class=\"wp-embedded-content\" sandbox=\"allow-scripts\" security=\"restricted\" style=\"position: absolute; clip: rect(1px, 1px, 1px, 1px);\" title=\"&#8220;AGORDINOMERON, IL TERRITORIO SI RACCONTA Da un&#8217;idea di Gianni Santomaso&#8221; &#8212; Radio Pi\u00f9\" src=\"https:\/\/www.radiopiu.net\/wordpress\/agordinomeron\/embed\/#?secret=xwZZcAa1pu\" data-secret=\"xwZZcAa1pu\" width=\"600\" height=\"338\" frameborder=\"0\" marginwidth=\"0\" marginheight=\"0\" scrolling=\"no\"><\/iframe><\/p>\n<p>&nbsp;<\/p>\n<p>&nbsp;<\/p>\n<hr \/>\n<p>&nbsp;<\/p>\n<h2><span style=\"color: #ff00ff;\">ZAINO DA VIAGGIO AL FEMMINILE DI PAOLA LANCIATO<\/span><\/h2>\n<h2>L&#8217;INTERA RACCOLTA<\/h2>\n<blockquote class=\"wp-embedded-content\" data-secret=\"aAeY3F1xrT\"><p><a href=\"https:\/\/www.radiopiu.net\/wordpress\/zaino-femminile-lanciato\/\">Zaino da viaggio al femminile<\/a><\/p><\/blockquote>\n<p><iframe loading=\"lazy\" class=\"wp-embedded-content\" sandbox=\"allow-scripts\" security=\"restricted\" style=\"position: absolute; clip: rect(1px, 1px, 1px, 1px);\" title=\"&#8220;Zaino da viaggio al femminile&#8221; &#8212; Radio Pi\u00f9\" src=\"https:\/\/www.radiopiu.net\/wordpress\/zaino-femminile-lanciato\/embed\/#?secret=aAeY3F1xrT\" data-secret=\"aAeY3F1xrT\" width=\"600\" height=\"338\" frameborder=\"0\" marginwidth=\"0\" marginheight=\"0\" scrolling=\"no\"><\/iframe><\/p>\n<hr \/>\n<p>&nbsp;<\/p>\n<h2><span style=\"color: #0000ff;\">I RACCONTI DI PAOLO SOPPELSA\u00a0LA RACCOLTA COMPLETA<\/span><\/h2>\n<blockquote class=\"wp-embedded-content\" data-secret=\"McNWh8S9XM\"><p><a href=\"https:\/\/www.radiopiu.net\/wordpress\/i-racconti-di-paolo-soppelsa\/\">I racconti di Paolo Soppelsa<\/a><\/p><\/blockquote>\n<p><iframe loading=\"lazy\" class=\"wp-embedded-content\" sandbox=\"allow-scripts\" security=\"restricted\" style=\"position: absolute; clip: rect(1px, 1px, 1px, 1px);\" title=\"&#8220;I racconti di Paolo Soppelsa&#8221; &#8212; Radio Pi\u00f9\" src=\"https:\/\/www.radiopiu.net\/wordpress\/i-racconti-di-paolo-soppelsa\/embed\/#?secret=McNWh8S9XM\" data-secret=\"McNWh8S9XM\" width=\"600\" height=\"338\" frameborder=\"0\" marginwidth=\"0\" marginheight=\"0\" scrolling=\"no\"><\/iframe><\/p>\n<p>&nbsp;<\/p>\n<hr \/>\n<p>&nbsp;<\/p>\n<p>&nbsp;<\/p>\n<h2><span style=\"color: #008000;\">SUL SITO DI RADIO PIU&#8217; LA VIDEO GALLERY<\/span><\/h2>\n<blockquote class=\"wp-embedded-content\" data-secret=\"tOqh4L5OTF\"><p><a href=\"https:\/\/www.radiopiu.net\/wordpress\/ep-center-video-gallery\/\">EP CENTER video gallery<\/a><\/p><\/blockquote>\n<p><iframe loading=\"lazy\" class=\"wp-embedded-content\" sandbox=\"allow-scripts\" security=\"restricted\" style=\"position: absolute; clip: rect(1px, 1px, 1px, 1px);\" title=\"&#8220;EP CENTER video gallery&#8221; &#8212; Radio Pi\u00f9\" src=\"https:\/\/www.radiopiu.net\/wordpress\/ep-center-video-gallery\/embed\/#?secret=tOqh4L5OTF\" data-secret=\"tOqh4L5OTF\" width=\"600\" height=\"338\" frameborder=\"0\" marginwidth=\"0\" marginheight=\"0\" scrolling=\"no\"><\/iframe><\/p>\n<p>&nbsp;<\/p>\n<hr \/>\n<p>&nbsp;<\/p>\n<p class=\"photoswipe-wrapper\"><a class=\"dt-pswp-item pspw-wrap-ready\" href=\"https:\/\/i0.wp.com\/www.radiopiu.net\/wordpress\/wp-content\/uploads\/2018\/09\/WhatsApp-Image-2018-09-20-at-16.04.06.jpeg?ssl=1\" data-dt-img-description=\"\" data-large_image_width=\"800\" data-large_image_height=\"100\"><img loading=\"lazy\" decoding=\"async\" class=\"aligncenter wp-image-61378 size-full jetpack-lazy-image jetpack-lazy-image--handled\" src=\"https:\/\/i0.wp.com\/www.radiopiu.net\/wordpress\/wp-content\/uploads\/2018\/09\/WhatsApp-Image-2018-09-20-at-16.04.06.jpeg?resize=800%2C100&amp;ssl=1\" sizes=\"auto, (max-width: 800px) 100vw, 800px\" srcset=\"https:\/\/i0.wp.com\/www.radiopiu.net\/wordpress\/wp-content\/uploads\/2018\/09\/WhatsApp-Image-2018-09-20-at-16.04.06.jpeg?w=800&amp;ssl=1 800w, https:\/\/i0.wp.com\/www.radiopiu.net\/wordpress\/wp-content\/uploads\/2018\/09\/WhatsApp-Image-2018-09-20-at-16.04.06.jpeg?resize=300%2C38&amp;ssl=1 300w, https:\/\/i0.wp.com\/www.radiopiu.net\/wordpress\/wp-content\/uploads\/2018\/09\/WhatsApp-Image-2018-09-20-at-16.04.06.jpeg?resize=768%2C96&amp;ssl=1 768w\" alt=\"\" width=\"800\" height=\"100\" data-lazy-loaded=\"1\" \/><\/a><\/p>\n<p>&nbsp;<\/p>\n<div><center><b>Lunedi 10<\/b><\/center><b>Tempo atteso:\u00a0<\/b>Al mattino cielo in prevalenza poco nuvoloso, con maggior sviluppo di cumuli rispetto a domenica, soprattutto sulle Dolomiti. Nel pomeriggio nuvolosit\u00e0 cumuliforme irregolare e arrivo di nubi alte e sottili, con locali addensamenti sulle Dolomiti e maggior soleggiamento sulle Prealpi.<br \/>\n<b>Precipitazioni:\u00a0<\/b>Sulle Prealpi generalmente assenti (0-10%), sulle Dolomiti al mattino assenti (0%), nel pomeriggio non si escludono locali temporali di calore (20-30%). In serata ovunque assenti (0%)<br \/>\n<b>Temperature:\u00a0<\/b>Senza variazioni di rilievo, salvo una flessione delle massime in quota, ancora su valori superiori alla norma. Su Prealpi a 1500 m min 15\u00b0C max 19\u00b0C, a 2000 m min 12\u00b0C max 14\u00b0C. Su Dolomiti a 2000 m min 11\u00b0C max 17\u00b0C, a 3000 m min 5\u00b0C max 7\u00b0C.<br \/>\n<b>Venti:\u00a0<\/b>Nelle valli deboli o moderati per brezze; in quota generalmente deboli settentrionali, 5-10 km\/h a 2000 m, 10-15 km\/h a 3000 m.<\/p>\n<hr \/>\n<p><center><b>Martedi 11<\/b><\/center><b>Tempo atteso:\u00a0<\/b>Al mattino cielo poco nuvoloso, nel pomeriggio irregolarmente nuvoloso\/velato, con possibilit\u00e0 di qualche fenomeno d&#8217;instabilit\u00e0, specie sulle Dolomiti. In serata parziale rasserenamento.<br \/>\n<b>Precipitazioni:\u00a0<\/b>Al mattino assenti (0%). Nel pomeriggio possibilit\u00e0 di qualche rovescio o temporale, soprattutto sulle Dolomiti (30-50%). In serata assenti (0%).<br \/>\n<b>Temperature:\u00a0<\/b>Senza grosse variazioni. Su Prealpi a 1500 m min 15\u00b0C max 19\u00b0C, a 2000 m min 13\u00b0C max 15\u00b0C. Su Dolomiti a 2000 m min 12\u00b0C max 17\u00b0C, a 3000 m min 5\u00b0C max 6\u00b0C.<br \/>\n<b>Venti:\u00a0<\/b>Nelle valli deboli o moderati a regime di brezza; in quota deboli da nord nord-ovest, 5-10 km\/h sia a 2000 m che a 3000 m.<\/p>\n<hr \/>\n<p><center><b>Mercoledi 12<\/b><\/center>Tempo simile a quello di marted\u00ec, con prevalenza di sole al mattino ed annuvolamenti cumuliformi irregolari e parziale velatura nel pomeriggio, con possibilit\u00e0 di qualche rovescio o temporale, soprattutto sulle Dolomiti. Temperature in genere stazionarie. Venti in quota deboli, a tratti moderati, da nord nord-ovest.<\/p>\n<hr \/>\n<p><center><b>Giovedi 13<\/b><\/center>Ancora parzialmente soleggiato e caldo, con sole soprattutto al mattino e pi\u00f9 nuvolosit\u00e0 nel pomeriggio, quando saranno ancora possibili dei rovesci o temporali. Temperature ancora stazionarie. Venti in quota da ovest sud-ovest, in intensificazione. Previsore: B.R.<\/p>\n<\/div>\n<\/div>\n<p>&nbsp;<\/p>\n<hr \/>\n<p>&nbsp;<\/p>\n<p><iframe loading=\"lazy\" title=\"Spot Buttalibene TV\" width=\"1200\" height=\"675\" src=\"https:\/\/www.youtube.com\/embed\/fjHWpfyAevE?feature=oembed\" frameborder=\"0\" allow=\"accelerometer; autoplay; clipboard-write; encrypted-media; gyroscope; picture-in-picture\" allowfullscreen><\/iframe><\/p>\n<hr \/>\n<p>&nbsp;<\/p>\n<p class=\"photoswipe-wrapper\"><a class=\"dt-pswp-item pspw-wrap-ready\" href=\"https:\/\/i1.wp.com\/www.radiopiu.net\/wordpress\/wp-content\/uploads\/2018\/09\/sport.jpg?ssl=1\" data-dt-img-description=\"\" data-large_image_width=\"800\" data-large_image_height=\"100\"><img loading=\"lazy\" decoding=\"async\" class=\"wp-image-60761 size-full aligncenter\" src=\"https:\/\/i1.wp.com\/www.radiopiu.net\/wordpress\/wp-content\/uploads\/2018\/09\/sport.jpg?resize=800%2C100&amp;ssl=1\" sizes=\"auto, (max-width: 800px) 100vw, 800px\" srcset=\"https:\/\/i1.wp.com\/www.radiopiu.net\/wordpress\/wp-content\/uploads\/2018\/09\/sport.jpg?w=800&amp;ssl=1 800w, https:\/\/i1.wp.com\/www.radiopiu.net\/wordpress\/wp-content\/uploads\/2018\/09\/sport.jpg?resize=300%2C38&amp;ssl=1 300w, https:\/\/i1.wp.com\/www.radiopiu.net\/wordpress\/wp-content\/uploads\/2018\/09\/sport.jpg?resize=768%2C96&amp;ssl=1 768w\" alt=\"\" width=\"800\" height=\"100\" data-recalc-dims=\"1\" \/><\/a><\/p>\n<h3><\/h3>\n<blockquote>\n<h3>VITTORIA E RECORD PER CHRISTIAN MERLI ALLA 46^ ALPE DEL NEVEGAL<\/h3>\n<\/blockquote>\n<p><a class=\"dt-pswp-item\" href=\"https:\/\/www.radiopiu.net\/wordpress\/wp-content\/uploads\/2020\/08\/Merli-su-Osella.jpeg\" data-dt-img-description=\"Merli Christian ( Vimotorsport, Osella FA 30 Zytek LRM #1)\" data-large_image_width=\"1280\" data-large_image_height=\"853\"><img loading=\"lazy\" decoding=\"async\" class=\"wp-image-154282 size-medium alignleft\" src=\"https:\/\/www.radiopiu.net\/wordpress\/wp-content\/uploads\/2020\/08\/Merli-su-Osella-300x200.jpeg\" alt=\"\" width=\"300\" height=\"200\" srcset=\"https:\/\/www.radiopiu.net\/wordpress\/wp-content\/uploads\/2020\/08\/Merli-su-Osella-300x200.jpeg 300w, https:\/\/www.radiopiu.net\/wordpress\/wp-content\/uploads\/2020\/08\/Merli-su-Osella-1024x682.jpeg 1024w, https:\/\/www.radiopiu.net\/wordpress\/wp-content\/uploads\/2020\/08\/Merli-su-Osella-768x512.jpeg 768w, https:\/\/www.radiopiu.net\/wordpress\/wp-content\/uploads\/2020\/08\/Merli-su-Osella.jpeg 1280w\" sizes=\"auto, (max-width: 300px) 100vw, 300px\" \/><\/a><strong>BELLUNO<\/strong>\u00a0Il Campionato Italiano Velocit\u00e0 Montagna 2020 \u00e8 iniziato con la 46^ Alpe del Nevegal che ha regalato forti emozioni ai tanti appassionati che hanno seguito on line ed in diretta la competizione. Christian Merli, su Osella FA 30 EVO Zytek LRM di gruppo E2SS ha vinto il duello ravvicinato con Simone Faggioli su Norma M20 FC Zytek di gruppo E2SC. Il trentino di Vimotorsport, a cui apparteneva anche il precedente record, ed il fiorentino di Best Lap alla sua prima volta al Nevegal, hanno avuto un botta e risposta a suon di record. Ha iniziato Faggioli con il suo passaggio da primato in gara 1 a cui il driver del Blue City Team ha risposto con 2\u201923\u201d01 abbassando il tempo di 47 centesimi di secondo. In gara 2 con il tempo di 2\u201922\u201d66 Merli ha fatto registrare il nuovo record sui 5,5 Km.\u00a0Sul podio un\u2019altra Osella,la FA 30 Zytek del trentino Diego Degasperi, ormai molto in confidenza con la prototipo monoposto al suo terzo podio 2020.<\/p>\n<div class=\"page\" title=\"Page 2\">\n<div class=\"section\">\n<div class=\"layoutArea\">\n<div class=\"column\">\n<p><strong>Classifiche 46^ Alpe del Nevegal<\/strong><br \/>\nAssoluta: 1. Merli (Osella Fa30 Evo Zytek) in 4&#8217;45\u201d67 ; 2. Faggioli (Norma M20 Fc Zytek) a 2\u201d78 ; 3. Degasperi ( O sella Fa30 Zytek) a 16\u201d79 ; 4. Conticelli F. (Osella Fa30 Zytek) a 18\u201d03 ; 5. Caruso F . ( Nova Proto Np01 Zytek ) a 20\u201d98 ; 6. Caruso L. (Osella Pa2000 Honda ) a 21\u201d27 ; 7. Farris (Lola Zytek) a 24\u201d97 ; 8. Nappi (Osella Pa30 Zytek) a 29\u201d83; 9. Lombardi (Osella Pa21 JrB Bmw ) a 34\u201d14; 10. Conticelli V. (Osella Pa30 Evo Zytek) a 35\u201d89 .<\/p>\n<p>Gara 1: 1. Merli in 2&#8217;13\u201d01 ; 2. Faggioli a 0\u201d47 ; 3. Degasperi a 7\u201d58 ; 4. Conticelli F. a 8\u201d71 ; 5. Caruso F . a 9\u201d56 . Gara 2: 1. Merli in 2&#8217;22\u201d66 ; 2. Faggioli a 2\u201d31 ; 3. Degasperi a 9\u201d21 ; 4. Conticelli F. a 9\u201d32 ; 5. Caruso L. a 10\u201d38 .<\/p>\n<p>Gruppi. Rs: 1. Angelini (Peugeot 308 Gti) in 6&#8217;30\u201d84 ; 2. Marino (Mini Cooper) a 2\u201d81 ; 3. Scappa (Mini Cooper Sd) a 5\u201d51 . Rs+: 1. Tagliente (Peugeot 308) in 6&#8217;23\u201d95 ; 2. Grossi (Renault Clio) a 7\u201d74 . Gr.N: 1. Migliuolo in 6&#8217;05\u201d60 ; 2. Mercati a 8\u201d73 ( tutti su Mitsubishi Lancer Evo). Gr.A: 1. Bicciato (Mitsubishi Lancer Evo) in 6&#8217;02\u201d34 ; 2. Zarpellon (Bmw M3) a 9\u201d67 . E1: 1. Aragona (Mini Cooper) in 6&#8217;02\u201d82 ; 2. Palazzo (Peugeot 308) a 6\u201d86 . Gt: 1. Parrino (Lamborghini Huracan St) in 5&#8217;48\u201d77 ; 2. Pitorri (Ferrari 488 Ch.) a 1\u201d69 ; 3. Ragazzi (Ferrari 488 Ch.) a 2\u201d36 . E2Sh: 1. Soretti (Subaru Impreza) in 5&#8217;34\u201d79 ; 2. Ghirardo (Lotus Exige) a 27\u201d08 . Cn: 1. Iaquinta in 5&#8217;33\u201d30 ; 2. Crespi a 6\u201d86 (tutti su Osella Pa21). E2 Moto: 1. Lombardi in 5&#8217;19\u201d81 ; 2. Miglionico a 5\u201d27 (tutti su Osella Pa21 JrB). E2Sc: 1. Faggioli in 4&#8217;48\u201d45 ; 2. Caruso F . a 18\u201d20 ; 3. Caruso L . a 18\u201d49 . E2Ss: 1. Merli in 4&#8217;45\u201d67 .<\/p>\n<p><strong>IL SERVIZIO DI ROBERTO BONA E L&#8217;INTERVISTA A DENIS MEZZACASA<\/strong><\/p>\n<audio class=\"wp-audio-shortcode\" id=\"audio-154187-5\" preload=\"none\" style=\"width: 100%;\" controls=\"controls\"><source type=\"audio\/mpeg\" src=\"https:\/\/www.radiopiu.net\/wordpress\/wp-content\/uploads\/2020\/08\/ROBERTO-BONA-SERVIZIO-NEVEGAL-E-INTERVISTA-MEZZACASA.mp3?_=5\" \/><a href=\"https:\/\/www.radiopiu.net\/wordpress\/wp-content\/uploads\/2020\/08\/ROBERTO-BONA-SERVIZIO-NEVEGAL-E-INTERVISTA-MEZZACASA.mp3\">https:\/\/www.radiopiu.net\/wordpress\/wp-content\/uploads\/2020\/08\/ROBERTO-BONA-SERVIZIO-NEVEGAL-E-INTERVISTA-MEZZACASA.mp3<\/a><\/audio>\n<p>&nbsp;<\/p>\n<\/div>\n<\/div>\n<\/div>\n<\/div>\n<blockquote>\n<h3>AD ALEX OBERBACHER E DIMITRA THEOHARIS L&#8217;OTTAVA ALPAGO SKI SUPER 3<\/h3>\n<\/blockquote>\n<p><strong>CHIES D&#8217;ALPAGO\u00a0<\/strong> <span style=\"font-family: verdana, sans-serif;\"><span class=\"gmail-MsoHyperlink\">Sono stati 400 i concorrenti che domenica 9 agosto hanno dato vita all\u2019ottava edizione di Alpago Sky Super 3, <\/span><span class=\"gmail-MsoHyperlink\">la<\/span><span class=\"gmail-MsoHyperlink\"> sky race\u00a0 per onorare la memoria di Maudi De March, David Cecchin e Andrea Zanon, i tre ragazzi del Soccorso Alpino caduti sul Monte Cridola nell\u2019estate del 2012. <\/span>\u00a0A mettere d\u2019accordo tutti \u00e8 stato Alex Oberbacher, gardenese di Ortisei, azzurro dello sci alpinismo. Oberbacher \u00e8 stato autore di una salita condotta su altissimi ritmi che gli ha permesso di acquisire un notevole vantaggio sugli avversari, vantaggio che poi ha amministrato in discesa.\u00a0 Sul podio anche Simone Costa, trentino del Team La Sportiva, staccato di 2h17\u201932\u201d, e il veronese, classe 2000, Mattia Tanara, terzo a 5\u201912\u201d. <\/span><span style=\"font-family: verdana, sans-serif;\">Tra le donne successo per la friulana Maria Dimitra Theoharis, anche lei azzurra dello sci alpinismo: 2h41\u201946\u201d il tempo al traguardo. In seconda e terza posizione rispettivamente Martina Cumerlato (a 21\u201922\u201d) e Anna Dal Farra (a 39\u201958\u201d). Nella<\/span><span style=\"font-family: verdana, sans-serif;\"> Mini Ski Race a vincere sono stati il trevigiano Roberto Fregona, in 46\u201941\u201d, e la bellunese Deborah Entilli, in 1h06\u201921\u201d. <\/span><\/p>\n<p class=\"gmail-MsoQuote\"><span style=\"font-family: verdana, sans-serif;\"><b>Classifiche complete qui:\u00a0<a href=\"https:\/\/www.dtiming.it\/classifiche\/G-Live\/g-live.html?f=..\/super3\/super3.clax\">https:\/\/www.dtiming.it\/classifiche\/G-Live\/g-live.html?f=..\/super3\/super3.clax<\/a><\/b><\/span><\/p>\n\n\t\t\t<style type='text\/css'>\n\t\t\t\t#gallery-4 {\n\t\t\t\t\tmargin: auto;\n\t\t\t\t}\n\t\t\t\t#gallery-4 .gallery-item {\n\t\t\t\t\tfloat: left;\n\t\t\t\t\tmargin-top: 10px;\n\t\t\t\t\ttext-align: center;\n\t\t\t\t\twidth: 25%;\n\t\t\t\t}\n\t\t\t\t#gallery-4 img {\n\t\t\t\t\tborder: 2px solid #cfcfcf;\n\t\t\t\t}\n\t\t\t\t#gallery-4 .gallery-caption {\n\t\t\t\t\tmargin-left: 0;\n\t\t\t\t}\n\t\t\t\t\/* see gallery_shortcode() in wp-includes\/media.php *\/\n\t\t\t<\/style>\n\t\t<div id='gallery-4' class='dt-gallery-container gallery galleryid-154187 gallery-columns-4 gallery-size-thumbnail'><dl class='gallery-item'>\n\t\t\t\t<dt class='gallery-icon landscape'>\n\t\t\t\t\t<a class=\"rollover rollover-zoom dt-pswp-item\" title=\"alpago sky 2020 2\" data-dt-img-description=\"\" data-large_image_width=\"1500\" data-large_image_height=\"999\"href='https:\/\/www.radiopiu.net\/wordpress\/wp-content\/uploads\/2020\/08\/alpago-sky-2020-2.jpg'><img loading=\"lazy\" decoding=\"async\" width=\"150\" height=\"150\" src=\"https:\/\/www.radiopiu.net\/wordpress\/wp-content\/uploads\/2020\/08\/alpago-sky-2020-2-150x150.jpg\" class=\"attachment-thumbnail size-thumbnail\" alt=\"\" \/><\/a>\n\t\t\t\t<\/dt><\/dl><dl class='gallery-item'>\n\t\t\t\t<dt class='gallery-icon landscape'>\n\t\t\t\t\t<a class=\"rollover rollover-zoom dt-pswp-item\" title=\"MARIA DIMITRA THEOCHARIS vincitrice ALPAGO SKY SUPER 3 2020\" data-dt-img-description=\"\" data-large_image_width=\"1500\" data-large_image_height=\"1001\"href='https:\/\/www.radiopiu.net\/wordpress\/wp-content\/uploads\/2020\/08\/MARIA-DIMITRA-THEOCHARIS-vincitrice-ALPAGO-SKY-SUPER-3-2020.jpg'><img loading=\"lazy\" decoding=\"async\" width=\"150\" height=\"150\" src=\"https:\/\/www.radiopiu.net\/wordpress\/wp-content\/uploads\/2020\/08\/MARIA-DIMITRA-THEOCHARIS-vincitrice-ALPAGO-SKY-SUPER-3-2020-150x150.jpg\" class=\"attachment-thumbnail size-thumbnail\" alt=\"\" \/><\/a>\n\t\t\t\t<\/dt><\/dl><dl class='gallery-item'>\n\t\t\t\t<dt class='gallery-icon landscape'>\n\t\t\t\t\t<a class=\"rollover rollover-zoom dt-pswp-item\" title=\"ALEX OBERBACHR - VINCITORE ALPAGO SKY SUPER 3 2020\" data-dt-img-description=\"\" data-large_image_width=\"1001\" data-large_image_height=\"667\"href='https:\/\/www.radiopiu.net\/wordpress\/wp-content\/uploads\/2020\/08\/ALEX-OBERBACHR-VINCITORE-ALPAGO-SKY-SUPER-3-2020.jpg'><img loading=\"lazy\" decoding=\"async\" width=\"150\" height=\"150\" src=\"https:\/\/www.radiopiu.net\/wordpress\/wp-content\/uploads\/2020\/08\/ALEX-OBERBACHR-VINCITORE-ALPAGO-SKY-SUPER-3-2020-150x150.jpg\" class=\"attachment-thumbnail size-thumbnail\" alt=\"\" \/><\/a>\n\t\t\t\t<\/dt><\/dl><dl class='gallery-item'>\n\t\t\t\t<dt class='gallery-icon landscape'>\n\t\t\t\t\t<a class=\"rollover rollover-zoom dt-pswp-item\" title=\"alpago sky 2020 1\" data-dt-img-description=\"\" data-large_image_width=\"1500\" data-large_image_height=\"1000\"href='https:\/\/www.radiopiu.net\/wordpress\/wp-content\/uploads\/2020\/08\/alpago-sky-2020-1.jpg'><img loading=\"lazy\" decoding=\"async\" width=\"150\" height=\"150\" src=\"https:\/\/www.radiopiu.net\/wordpress\/wp-content\/uploads\/2020\/08\/alpago-sky-2020-1-150x150.jpg\" class=\"attachment-thumbnail size-thumbnail\" alt=\"\" \/><\/a>\n\t\t\t\t<\/dt><\/dl><br style=\"clear: both\" \/>\n\t\t\t<\/div>\n\n<p>&nbsp;<\/p>\n<hr \/>\n<p>&nbsp;<\/p>\n<blockquote>\n<h3>190 ATLETI E 50 SOCIET\u00c0: LA CORSA IN MONTAGNA VENETA \u00c8 RIPARTITA DA LIMANA<\/h3>\n<\/blockquote>\n<p><strong>LIMAN<\/strong>A Sono stati 190 i concorrenti che hanno dato vita al Campionato regionale veneto di corsa in montagna: La manifestazione, organizzata da Bellunoatletica M.G.B, sodalizio che nel 2019 aveva proposto i tricolori giovanili della specialit\u00e0, si \u00e8 svolta a Valpiana, in comune di Limana. Questi i nuovi campioni regionali.\u00a0<strong> MASCHILE<\/strong> \u2013 Seniores: Giacomo Esposito (Tornado); Promesse: Mihail Sirbu (Gs Quantin Alpenplus); Sm35: Filippo Barizza (Atletica Dolomiti Belluno); Sm40: Gabriele Toffoli (Atletica Agordina); Sm45: Fabrizio Paro (Atletica San Biagio); Sm50: Hamid Nfafta (Atletica Valdobbiadene); Sm55: Fabrizio Casagrande (Cimavilla running team); Sm60: Lorenzo Andreose (Virtus Este); Sm65: Oddone Tubia (Atletica Sernaglia); Sm70: Salvatore Puglisi (Voltan);\u00a0 Sm75: Antonio Valle (Voltan); Sm80: Mirko Roffar\u00e8 (Gs Quantin Alpenplus); Juniores: Matteo Muraro (Team Treviso); Allievi: Patrick Da Rold (Atletica Dolomiti Belluno); Cadetti: Demis Salin (Csi Atletica Vicenza); Ragazzi: Simone Vallortigara (Csi Atletica Vicenza). <strong>FEMMINILE<\/strong> \u2013 Seniores: Sonia Matten (Athletic club Belluno Firex); Promesse: Giulia Pol (Atletica Trichiana); Sf 35: Manuela Bulf (Atletica Agordina); Sf40: Chiara Lamberti (Atletica Vittorio Veneto); Sf45: Patrizia Zanette (Atletica Dolomiti Belluno); Sf50: Stefania Satini (Atletica Dolomiti Belluno); Sf55: Marina Grando (Atletica Valdobbiadene); Sf60: Maria Liliana Cossalter (Atletica Valdobbiadene); Sf65: Maria Cristina Dal Santo (Aaa Malo); Sf75: Maria Grazia De Colle (Gs Quantin Alpenplus); Juniores: Laura Mazzoleni Ferracini (Atletica Dolomiti Belluno); Cadette: Lucia Arnoldo (Bellunoatletica); Ragazze: Alessia Miniutti (Ga Aristide Coin)<\/p>\n<p><strong>Qui le classifiche complete:\u00a0<a href=\"https:\/\/bit.ly\/3gJxrD4\">https:\/\/bit.ly\/3gJxrD4<\/a>\u00a0<\/strong><\/p>\n\n\t\t\t<style type='text\/css'>\n\t\t\t\t#gallery-5 {\n\t\t\t\t\tmargin: auto;\n\t\t\t\t}\n\t\t\t\t#gallery-5 .gallery-item {\n\t\t\t\t\tfloat: left;\n\t\t\t\t\tmargin-top: 10px;\n\t\t\t\t\ttext-align: center;\n\t\t\t\t\twidth: 25%;\n\t\t\t\t}\n\t\t\t\t#gallery-5 img {\n\t\t\t\t\tborder: 2px solid #cfcfcf;\n\t\t\t\t}\n\t\t\t\t#gallery-5 .gallery-caption {\n\t\t\t\t\tmargin-left: 0;\n\t\t\t\t}\n\t\t\t\t\/* see gallery_shortcode() in wp-includes\/media.php *\/\n\t\t\t<\/style>\n\t\t<div id='gallery-5' class='dt-gallery-container gallery galleryid-154187 gallery-columns-4 gallery-size-thumbnail'><dl class='gallery-item'>\n\t\t\t\t<dt class='gallery-icon portrait'>\n\t\t\t\t\t<a class=\"rollover rollover-zoom dt-pswp-item\" title=\"lucia arnoldo 09.08.2020 camp reg valpiana\" data-dt-img-description=\"\" data-large_image_width=\"1707\" data-large_image_height=\"2560\"href='https:\/\/www.radiopiu.net\/wordpress\/wp-content\/uploads\/2020\/08\/lucia-arnoldo-09.08.2020-camp-reg-valpiana-scaled.jpg'><img loading=\"lazy\" decoding=\"async\" width=\"150\" height=\"150\" src=\"https:\/\/www.radiopiu.net\/wordpress\/wp-content\/uploads\/2020\/08\/lucia-arnoldo-09.08.2020-camp-reg-valpiana-150x150.jpg\" class=\"attachment-thumbnail size-thumbnail\" alt=\"\" \/><\/a>\n\t\t\t\t<\/dt><\/dl><dl class='gallery-item'>\n\t\t\t\t<dt class='gallery-icon landscape'>\n\t\t\t\t\t<a class=\"rollover rollover-zoom dt-pswp-item\" title=\"valpiana capitello santa rita 09.08.2020 camp reg valpiana\" data-dt-img-description=\"\" data-large_image_width=\"1600\" data-large_image_height=\"1066\"href='https:\/\/www.radiopiu.net\/wordpress\/wp-content\/uploads\/2020\/08\/valpiana-capitello-santa-rita-09.08.2020-camp-reg-valpiana.jpg'><img loading=\"lazy\" decoding=\"async\" width=\"150\" height=\"150\" src=\"https:\/\/www.radiopiu.net\/wordpress\/wp-content\/uploads\/2020\/08\/valpiana-capitello-santa-rita-09.08.2020-camp-reg-valpiana-150x150.jpg\" class=\"attachment-thumbnail size-thumbnail\" alt=\"\" \/><\/a>\n\t\t\t\t<\/dt><\/dl><dl class='gallery-item'>\n\t\t\t\t<dt class='gallery-icon landscape'>\n\t\t\t\t\t<a class=\"rollover rollover-zoom dt-pswp-item\" title=\"podio allievi 09.08.2020 camp reg valpiana\" data-dt-img-description=\"\" data-large_image_width=\"2560\" data-large_image_height=\"1707\"href='https:\/\/www.radiopiu.net\/wordpress\/wp-content\/uploads\/2020\/08\/podio-allievi-09.08.2020-camp-reg-valpiana-scaled.jpg'><img loading=\"lazy\" decoding=\"async\" width=\"150\" height=\"150\" src=\"https:\/\/www.radiopiu.net\/wordpress\/wp-content\/uploads\/2020\/08\/podio-allievi-09.08.2020-camp-reg-valpiana-150x150.jpg\" class=\"attachment-thumbnail size-thumbnail\" alt=\"\" \/><\/a>\n\t\t\t\t<\/dt><\/dl><dl class='gallery-item'>\n\t\t\t\t<dt class='gallery-icon landscape'>\n\t\t\t\t\t<a class=\"rollover rollover-zoom dt-pswp-item\" title=\"partenza 09.08.2020 camp reg valpiana\" data-dt-img-description=\"\" data-large_image_width=\"2560\" data-large_image_height=\"1707\"href='https:\/\/www.radiopiu.net\/wordpress\/wp-content\/uploads\/2020\/08\/partenza-09.08.2020-camp-reg-valpiana-scaled.jpg'><img loading=\"lazy\" decoding=\"async\" width=\"150\" height=\"150\" src=\"https:\/\/www.radiopiu.net\/wordpress\/wp-content\/uploads\/2020\/08\/partenza-09.08.2020-camp-reg-valpiana-150x150.jpg\" class=\"attachment-thumbnail size-thumbnail\" alt=\"\" \/><\/a>\n\t\t\t\t<\/dt><\/dl><br style=\"clear: both\" \/>\n\t\t\t<\/div>\n\n<p>&nbsp;<\/p>\n<hr \/>\n<p>&nbsp;<\/p>\n<div class=\"page\" title=\"Page 1\">\n<div class=\"section\">\n<div class=\"layoutArea\">\n<div class=\"column\">\n<div class=\"page\" title=\"Page 2\">\n<div class=\"section\">\n<div class=\"layoutArea\">\n<div class=\"column\">\n<p>&nbsp;<\/p>\n<\/div>\n<\/div>\n<\/div>\n<\/div>\n<\/div>\n<\/div>\n<\/div>\n<\/div>\n<\/div>\n<\/div>\n<\/div>\n<\/div>\n<\/div>\n","protected":false},"excerpt":{"rendered":"<p>PER RICEVERE QUESTO NOTIZIARIO DIRETTAMENTE SUL TUO CELLULARE ISCRIVITI AL CANALE TELEGRAM\u00a0\u201cRADIO PIU\u00a0 INFORMAZIONE ATTENZIONE: LA NUOVA APP PER IOS-IPHONE https:\/\/apps.apple.com\/it\/app\/radio-pi%C3%B9-emittente-agordina\/id1515939845 ATTENZIONE: LA NUOVA APP RADIO\u00a0 PER ANDROID https:\/\/play.google.com\/store\/apps\/details?id=net.radiopiu.iniko \u00a0\u00a0 &nbsp; &nbsp; LA FOTO DEL GIORNO&#8230;DI JOHN FRANCIS DELLA PIETRA Cima Vezzana 3192 la pi\u00f9 alta delle Pale di San Martino in Veneto comune di&hellip;<\/p>\n","protected":false},"author":4,"featured_media":154194,"comment_status":"closed","ping_status":"closed","sticky":false,"template":"","format":"standard","meta":{"_monsterinsights_skip_tracking":false,"_monsterinsights_sitenote_active":false,"_monsterinsights_sitenote_note":"","_monsterinsights_sitenote_category":0,"footnotes":""},"categories":[1,86,49],"tags":[],"class_list":["post-154187","post","type-post","status-publish","format-standard","has-post-thumbnail","hentry","category-senza-categoria","category-gr","category-news-18","category-1","category-86","category-49","description-off"],"img_url":"https:\/\/www.radiopiu.net\/wordpress\/wp-content\/uploads\/2020\/08\/783e185e-b2c8-4bce-b873-5f52f255936f.jpg","_links":{"self":[{"href":"https:\/\/www.radiopiu.net\/wordpress\/wp-json\/wp\/v2\/posts\/154187","targetHints":{"allow":["GET"]}}],"collection":[{"href":"https:\/\/www.radiopiu.net\/wordpress\/wp-json\/wp\/v2\/posts"}],"about":[{"href":"https:\/\/www.radiopiu.net\/wordpress\/wp-json\/wp\/v2\/types\/post"}],"author":[{"embeddable":true,"href":"https:\/\/www.radiopiu.net\/wordpress\/wp-json\/wp\/v2\/users\/4"}],"replies":[{"embeddable":true,"href":"https:\/\/www.radiopiu.net\/wordpress\/wp-json\/wp\/v2\/comments?post=154187"}],"version-history":[{"count":0,"href":"https:\/\/www.radiopiu.net\/wordpress\/wp-json\/wp\/v2\/posts\/154187\/revisions"}],"wp:featuredmedia":[{"embeddable":true,"href":"https:\/\/www.radiopiu.net\/wordpress\/wp-json\/wp\/v2\/media\/154194"}],"wp:attachment":[{"href":"https:\/\/www.radiopiu.net\/wordpress\/wp-json\/wp\/v2\/media?parent=154187"}],"wp:term":[{"taxonomy":"category","embeddable":true,"href":"https:\/\/www.radiopiu.net\/wordpress\/wp-json\/wp\/v2\/categories?post=154187"},{"taxonomy":"post_tag","embeddable":true,"href":"https:\/\/www.radiopiu.net\/wordpress\/wp-json\/wp\/v2\/tags?post=154187"}],"curies":[{"name":"wp","href":"https:\/\/api.w.org\/{rel}","templated":true}]}}