{"id":154287,"date":"2020-08-10T16:30:56","date_gmt":"2020-08-10T14:30:56","guid":{"rendered":"https:\/\/www.radiopiu.net\/wordpress\/?p=154287"},"modified":"2020-08-10T10:31:22","modified_gmt":"2020-08-10T08:31:22","slug":"lo-speciale-di-gianni-santomaso-sul-comune-di-gosaldo","status":"publish","type":"post","link":"https:\/\/www.radiopiu.net\/wordpress\/lo-speciale-di-gianni-santomaso-sul-comune-di-gosaldo\/","title":{"rendered":"LO SPECIALE DI GIANNI SANTOMASO SUL COMUNE DI GOSALDO, OGGI SUL CORRIERE DELLE ALPI"},"content":{"rendered":"<p><strong>GOSALDO<\/strong> Periferia della periferia. Dopo essere andato in Valle di San Lucano per un sopralluogo sui cantieri post-Vaia, Gianni Santomaso \u00e8 approdato a Gosaldo. O meglio nelle periferie del vasto comune al confine con la provincia di Trento. Un territorio che, come altri, \u00e8 stato duramente colpito da Vaia, l&#8217;uragano che oltre ad aver abbattuto tantissimi alberi, ha complicato ulteriormente un quadro idrogeologico gi\u00e0 precario. Una calamit\u00e0 che ha colpito una realt\u00e0 che doveva ancora riprendersi dall&#8217;alluvione del 1966 che ha incentivato l&#8217;emigrazione e l&#8217;abbandono di luoghi bellissimi, ma sempre pi\u00f9 lontani dal centro. Chi \u00e8 rimasto nelle piccole frazioni sparse qua e l\u00e0 lo ha fatto per amore, ma oggi dice: &#8220;Servizi non ce ne sono pi\u00f9, qui non c&#8217;\u00e8 futuro, qui \u00e8 una catastrofe&#8221;.<br \/>\nLa Regione non ha avuto fretta di assegnare un contributo per garantire una strada ai due residenti di Selle. Il Comune, oltre a cercare di mantenere le infrastrutture esistenti, ha scelto di puntare sul turismo in quota, realizzando il rifugio Cavallera che aprir\u00e0 l&#8217;estate prossima. Servir\u00e0 a invertire una rotta che pare segnata?<\/p>\n<p><strong>DI GIANNI SANTOMASO<\/strong><\/p>\n<audio class=\"wp-audio-shortcode\" id=\"audio-154287-1\" preload=\"none\" style=\"width: 100%;\" controls=\"controls\"><source type=\"audio\/mpeg\" src=\"https:\/\/www.radiopiu.net\/wordpress\/wp-content\/uploads\/2020\/08\/GIANNI-GOSALDO-MONTATO.mp3?_=1\" \/><a href=\"https:\/\/www.radiopiu.net\/wordpress\/wp-content\/uploads\/2020\/08\/GIANNI-GOSALDO-MONTATO.mp3\">https:\/\/www.radiopiu.net\/wordpress\/wp-content\/uploads\/2020\/08\/GIANNI-GOSALDO-MONTATO.mp3<\/a><\/audio>\n<p>&nbsp;<\/p>\n<p><strong>LA GIORNATA DI\u00a0<\/strong><b>GIANNI SANTOMASO ASSIEME AL SINDACO DI GOSALDO GIOCONDO DALLE FESTE<\/b><\/p>\n<p><iframe loading=\"lazy\" title=\"IL VIDEO RACCONTO DI GIANNI SANTOMASO NEL COMUNE DI GOSALDO\" width=\"1200\" height=\"675\" src=\"https:\/\/www.youtube.com\/embed\/vqcTmGFK2N4?feature=oembed\" frameborder=\"0\" allow=\"accelerometer; autoplay; clipboard-write; encrypted-media; gyroscope; picture-in-picture\" allowfullscreen><\/iframe><\/p>\n<p>&nbsp;<\/p>\n<p><strong>LE FOTO<\/strong><\/p>\n\n\t\t\t<style type='text\/css'>\n\t\t\t\t#gallery-1 {\n\t\t\t\t\tmargin: auto;\n\t\t\t\t}\n\t\t\t\t#gallery-1 .gallery-item {\n\t\t\t\t\tfloat: left;\n\t\t\t\t\tmargin-top: 10px;\n\t\t\t\t\ttext-align: center;\n\t\t\t\t\twidth: 20%;\n\t\t\t\t}\n\t\t\t\t#gallery-1 img {\n\t\t\t\t\tborder: 2px solid #cfcfcf;\n\t\t\t\t}\n\t\t\t\t#gallery-1 .gallery-caption {\n\t\t\t\t\tmargin-left: 0;\n\t\t\t\t}\n\t\t\t\t\/* see gallery_shortcode() in wp-includes\/media.php *\/\n\t\t\t<\/style>\n\t\t<div id='gallery-1' class='dt-gallery-container gallery galleryid-154287 gallery-columns-5 gallery-size-thumbnail'><dl class='gallery-item'>\n\t\t\t\t<dt class='gallery-icon landscape'>\n\t\t\t\t\t<a class=\"rollover rollover-zoom dt-pswp-item\" title=\"Asfaltature strada vecchio confine\" data-dt-img-description=\"\" data-large_image_width=\"1605\" data-large_image_height=\"890\"href='https:\/\/www.radiopiu.net\/wordpress\/wp-content\/uploads\/2020\/08\/Asfaltature-strada-vecchio-confine.png'><img loading=\"lazy\" decoding=\"async\" width=\"150\" height=\"150\" src=\"https:\/\/www.radiopiu.net\/wordpress\/wp-content\/uploads\/2020\/08\/Asfaltature-strada-vecchio-confine-150x150.png\" class=\"attachment-thumbnail size-thumbnail\" alt=\"\" \/><\/a>\n\t\t\t\t<\/dt><\/dl><dl class='gallery-item'>\n\t\t\t\t<dt class='gallery-icon landscape'>\n\t\t\t\t\t<a class=\"rollover rollover-zoom dt-pswp-item\" title=\"Bosco schiantato per andare a Cavallera (2)\" data-dt-img-description=\"\" data-large_image_width=\"1599\" data-large_image_height=\"892\"href='https:\/\/www.radiopiu.net\/wordpress\/wp-content\/uploads\/2020\/08\/Bosco-schiantato-per-andare-a-Cavallera-2.png'><img loading=\"lazy\" decoding=\"async\" width=\"150\" height=\"150\" src=\"https:\/\/www.radiopiu.net\/wordpress\/wp-content\/uploads\/2020\/08\/Bosco-schiantato-per-andare-a-Cavallera-2-150x150.png\" class=\"attachment-thumbnail size-thumbnail\" alt=\"\" \/><\/a>\n\t\t\t\t<\/dt><\/dl><dl class='gallery-item'>\n\t\t\t\t<dt class='gallery-icon landscape'>\n\t\t\t\t\t<a class=\"rollover rollover-zoom dt-pswp-item\" title=\"Briglia lungo strada vecchio confine\" data-dt-img-description=\"\" data-large_image_width=\"1602\" data-large_image_height=\"908\"href='https:\/\/www.radiopiu.net\/wordpress\/wp-content\/uploads\/2020\/08\/Briglia-lungo-strada-vecchio-confine.png'><img loading=\"lazy\" decoding=\"async\" width=\"150\" height=\"150\" src=\"https:\/\/www.radiopiu.net\/wordpress\/wp-content\/uploads\/2020\/08\/Briglia-lungo-strada-vecchio-confine-150x150.png\" class=\"attachment-thumbnail size-thumbnail\" alt=\"\" \/><\/a>\n\t\t\t\t<\/dt><\/dl><dl class='gallery-item'>\n\t\t\t\t<dt class='gallery-icon landscape'>\n\t\t\t\t\t<a class=\"rollover rollover-zoom dt-pswp-item\" title=\"dav\" data-dt-img-description=\"\" data-large_image_width=\"2560\" data-large_image_height=\"1445\"href='https:\/\/www.radiopiu.net\/wordpress\/wp-content\/uploads\/2020\/08\/Legname-fermo-a-Forcella-Aurine-3-scaled.jpg'><img loading=\"lazy\" decoding=\"async\" width=\"150\" height=\"150\" src=\"https:\/\/www.radiopiu.net\/wordpress\/wp-content\/uploads\/2020\/08\/Legname-fermo-a-Forcella-Aurine-3-150x150.jpg\" class=\"attachment-thumbnail size-thumbnail\" alt=\"\" \/><\/a>\n\t\t\t\t<\/dt><\/dl><dl class='gallery-item'>\n\t\t\t\t<dt class='gallery-icon landscape'>\n\t\t\t\t\t<a class=\"rollover rollover-zoom dt-pswp-item\" title=\"dav\" data-dt-img-description=\"\" data-large_image_width=\"2560\" data-large_image_height=\"1445\"href='https:\/\/www.radiopiu.net\/wordpress\/wp-content\/uploads\/2020\/08\/Legname-fermo-a-Forcella-Aurine-6-scaled.jpg'><img loading=\"lazy\" decoding=\"async\" width=\"150\" height=\"150\" src=\"https:\/\/www.radiopiu.net\/wordpress\/wp-content\/uploads\/2020\/08\/Legname-fermo-a-Forcella-Aurine-6-150x150.jpg\" class=\"attachment-thumbnail size-thumbnail\" alt=\"\" \/><\/a>\n\t\t\t\t<\/dt><\/dl><br style=\"clear: both\" \/><dl class='gallery-item'>\n\t\t\t\t<dt class='gallery-icon landscape'>\n\t\t\t\t\t<a class=\"rollover rollover-zoom dt-pswp-item\" title=\"sdr\" data-dt-img-description=\"\" data-large_image_width=\"2560\" data-large_image_height=\"1445\"href='https:\/\/www.radiopiu.net\/wordpress\/wp-content\/uploads\/2020\/08\/Malga-e-Rifugio-Cavallera-1-scaled.jpg'><img loading=\"lazy\" decoding=\"async\" width=\"150\" height=\"150\" src=\"https:\/\/www.radiopiu.net\/wordpress\/wp-content\/uploads\/2020\/08\/Malga-e-Rifugio-Cavallera-1-150x150.jpg\" class=\"attachment-thumbnail size-thumbnail\" alt=\"\" \/><\/a>\n\t\t\t\t<\/dt><\/dl><dl class='gallery-item'>\n\t\t\t\t<dt class='gallery-icon landscape'>\n\t\t\t\t\t<a class=\"rollover rollover-zoom dt-pswp-item\" title=\"dav\" data-dt-img-description=\"\" data-large_image_width=\"2560\" data-large_image_height=\"1445\"href='https:\/\/www.radiopiu.net\/wordpress\/wp-content\/uploads\/2020\/08\/Malga-e-Rifugio-Cavallera-3-scaled.jpg'><img loading=\"lazy\" decoding=\"async\" width=\"150\" height=\"150\" src=\"https:\/\/www.radiopiu.net\/wordpress\/wp-content\/uploads\/2020\/08\/Malga-e-Rifugio-Cavallera-3-150x150.jpg\" class=\"attachment-thumbnail size-thumbnail\" alt=\"\" \/><\/a>\n\t\t\t\t<\/dt><\/dl><dl class='gallery-item'>\n\t\t\t\t<dt class='gallery-icon landscape'>\n\t\t\t\t\t<a class=\"rollover rollover-zoom dt-pswp-item\" title=\"dav\" data-dt-img-description=\"\" data-large_image_width=\"2560\" data-large_image_height=\"1445\"href='https:\/\/www.radiopiu.net\/wordpress\/wp-content\/uploads\/2020\/08\/Malga-e-Rifugio-Cavallera-9-scaled.jpg'><img loading=\"lazy\" decoding=\"async\" width=\"150\" height=\"150\" src=\"https:\/\/www.radiopiu.net\/wordpress\/wp-content\/uploads\/2020\/08\/Malga-e-Rifugio-Cavallera-9-150x150.jpg\" class=\"attachment-thumbnail size-thumbnail\" alt=\"\" \/><\/a>\n\t\t\t\t<\/dt><\/dl><dl class='gallery-item'>\n\t\t\t\t<dt class='gallery-icon landscape'>\n\t\t\t\t\t<a class=\"rollover rollover-zoom dt-pswp-item\" title=\"dav\" data-dt-img-description=\"\" data-large_image_width=\"2560\" data-large_image_height=\"1445\"href='https:\/\/www.radiopiu.net\/wordpress\/wp-content\/uploads\/2020\/08\/Malga-e-Rifugio-Cavallera-11-scaled.jpg'><img loading=\"lazy\" decoding=\"async\" width=\"150\" height=\"150\" src=\"https:\/\/www.radiopiu.net\/wordpress\/wp-content\/uploads\/2020\/08\/Malga-e-Rifugio-Cavallera-11-150x150.jpg\" class=\"attachment-thumbnail size-thumbnail\" alt=\"\" \/><\/a>\n\t\t\t\t<\/dt><\/dl><dl class='gallery-item'>\n\t\t\t\t<dt class='gallery-icon landscape'>\n\t\t\t\t\t<a class=\"rollover rollover-zoom dt-pswp-item\" title=\"Nuova strada per Cavallera\" data-dt-img-description=\"\" data-large_image_width=\"1606\" data-large_image_height=\"897\"href='https:\/\/www.radiopiu.net\/wordpress\/wp-content\/uploads\/2020\/08\/Nuova-strada-per-Cavallera.png'><img loading=\"lazy\" decoding=\"async\" width=\"150\" height=\"150\" src=\"https:\/\/www.radiopiu.net\/wordpress\/wp-content\/uploads\/2020\/08\/Nuova-strada-per-Cavallera-150x150.png\" class=\"attachment-thumbnail size-thumbnail\" alt=\"\" \/><\/a>\n\t\t\t\t<\/dt><\/dl><br style=\"clear: both\" \/><dl class='gallery-item'>\n\t\t\t\t<dt class='gallery-icon landscape'>\n\t\t\t\t\t<a class=\"rollover rollover-zoom dt-pswp-item\" title=\"Panorama ai Coda\" data-dt-img-description=\"\" data-large_image_width=\"1602\" data-large_image_height=\"894\"href='https:\/\/www.radiopiu.net\/wordpress\/wp-content\/uploads\/2020\/08\/Panorama-ai-Coda.png'><img loading=\"lazy\" decoding=\"async\" width=\"150\" height=\"150\" src=\"https:\/\/www.radiopiu.net\/wordpress\/wp-content\/uploads\/2020\/08\/Panorama-ai-Coda-150x150.png\" class=\"attachment-thumbnail size-thumbnail\" alt=\"\" \/><\/a>\n\t\t\t\t<\/dt><\/dl><dl class='gallery-item'>\n\t\t\t\t<dt class='gallery-icon landscape'>\n\t\t\t\t\t<a class=\"rollover rollover-zoom dt-pswp-item\" title=\"dav\" data-dt-img-description=\"\" data-large_image_width=\"2560\" data-large_image_height=\"1445\"href='https:\/\/www.radiopiu.net\/wordpress\/wp-content\/uploads\/2020\/08\/Panorama-dal-rifugio-Cavallera-scaled.jpg'><img loading=\"lazy\" decoding=\"async\" width=\"150\" height=\"150\" src=\"https:\/\/www.radiopiu.net\/wordpress\/wp-content\/uploads\/2020\/08\/Panorama-dal-rifugio-Cavallera-150x150.jpg\" class=\"attachment-thumbnail size-thumbnail\" alt=\"\" \/><\/a>\n\t\t\t\t<\/dt><\/dl><dl class='gallery-item'>\n\t\t\t\t<dt class='gallery-icon landscape'>\n\t\t\t\t\t<a class=\"rollover rollover-zoom dt-pswp-item\" title=\"Rifugio Cavallera\" data-dt-img-description=\"\" data-large_image_width=\"1602\" data-large_image_height=\"892\"href='https:\/\/www.radiopiu.net\/wordpress\/wp-content\/uploads\/2020\/08\/Rifugio-Cavallera.png'><img loading=\"lazy\" decoding=\"async\" width=\"150\" height=\"150\" src=\"https:\/\/www.radiopiu.net\/wordpress\/wp-content\/uploads\/2020\/08\/Rifugio-Cavallera-150x150.png\" class=\"attachment-thumbnail size-thumbnail\" alt=\"\" \/><\/a>\n\t\t\t\t<\/dt><\/dl><dl class='gallery-item'>\n\t\t\t\t<dt class='gallery-icon landscape'>\n\t\t\t\t\t<a class=\"rollover rollover-zoom dt-pswp-item\" title=\"dav\" data-dt-img-description=\"\" data-large_image_width=\"2560\" data-large_image_height=\"1445\"href='https:\/\/www.radiopiu.net\/wordpress\/wp-content\/uploads\/2020\/08\/Roberto-Marcon-abitante-ai-Coda-3-scaled.jpg'><img loading=\"lazy\" decoding=\"async\" width=\"150\" height=\"150\" src=\"https:\/\/www.radiopiu.net\/wordpress\/wp-content\/uploads\/2020\/08\/Roberto-Marcon-abitante-ai-Coda-3-150x150.jpg\" class=\"attachment-thumbnail size-thumbnail\" alt=\"\" \/><\/a>\n\t\t\t\t<\/dt><\/dl><dl class='gallery-item'>\n\t\t\t\t<dt class='gallery-icon landscape'>\n\t\t\t\t\t<a class=\"rollover rollover-zoom dt-pswp-item\" title=\"dav\" data-dt-img-description=\"\" data-large_image_width=\"2560\" data-large_image_height=\"1445\"href='https:\/\/www.radiopiu.net\/wordpress\/wp-content\/uploads\/2020\/08\/Vecchia-caserma-delle-finanze-lungo-il-vecchio-confine-scaled.jpg'><img loading=\"lazy\" decoding=\"async\" width=\"150\" height=\"150\" src=\"https:\/\/www.radiopiu.net\/wordpress\/wp-content\/uploads\/2020\/08\/Vecchia-caserma-delle-finanze-lungo-il-vecchio-confine-150x150.jpg\" class=\"attachment-thumbnail size-thumbnail\" alt=\"\" \/><\/a>\n\t\t\t\t<\/dt><\/dl><br style=\"clear: both\" \/>\n\t\t\t<\/div>\n\n<p>&nbsp;<\/p>\n","protected":false},"excerpt":{"rendered":"<p>GOSALDO Periferia della periferia. Dopo essere andato in Valle di San Lucano per un sopralluogo sui cantieri post-Vaia, Gianni Santomaso \u00e8 approdato a Gosaldo. O meglio nelle periferie del vasto comune al confine con la provincia di Trento. Un territorio che, come altri, \u00e8 stato duramente colpito da Vaia, l&#8217;uragano che oltre ad aver abbattuto&hellip;<\/p>\n","protected":false},"author":4,"featured_media":154299,"comment_status":"closed","ping_status":"closed","sticky":false,"template":"","format":"standard","meta":{"_monsterinsights_skip_tracking":false,"_monsterinsights_sitenote_active":false,"_monsterinsights_sitenote_note":"","_monsterinsights_sitenote_category":0,"footnotes":""},"categories":[51,49],"tags":[],"class_list":["post-154287","post","type-post","status-publish","format-standard","has-post-thumbnail","hentry","category-evidenza-top","category-news-18","category-51","category-49","description-off"],"img_url":"https:\/\/www.radiopiu.net\/wordpress\/wp-content\/uploads\/2020\/08\/Panorama-ai-Coda.png","_links":{"self":[{"href":"https:\/\/www.radiopiu.net\/wordpress\/wp-json\/wp\/v2\/posts\/154287","targetHints":{"allow":["GET"]}}],"collection":[{"href":"https:\/\/www.radiopiu.net\/wordpress\/wp-json\/wp\/v2\/posts"}],"about":[{"href":"https:\/\/www.radiopiu.net\/wordpress\/wp-json\/wp\/v2\/types\/post"}],"author":[{"embeddable":true,"href":"https:\/\/www.radiopiu.net\/wordpress\/wp-json\/wp\/v2\/users\/4"}],"replies":[{"embeddable":true,"href":"https:\/\/www.radiopiu.net\/wordpress\/wp-json\/wp\/v2\/comments?post=154287"}],"version-history":[{"count":0,"href":"https:\/\/www.radiopiu.net\/wordpress\/wp-json\/wp\/v2\/posts\/154287\/revisions"}],"wp:featuredmedia":[{"embeddable":true,"href":"https:\/\/www.radiopiu.net\/wordpress\/wp-json\/wp\/v2\/media\/154299"}],"wp:attachment":[{"href":"https:\/\/www.radiopiu.net\/wordpress\/wp-json\/wp\/v2\/media?parent=154287"}],"wp:term":[{"taxonomy":"category","embeddable":true,"href":"https:\/\/www.radiopiu.net\/wordpress\/wp-json\/wp\/v2\/categories?post=154287"},{"taxonomy":"post_tag","embeddable":true,"href":"https:\/\/www.radiopiu.net\/wordpress\/wp-json\/wp\/v2\/tags?post=154287"}],"curies":[{"name":"wp","href":"https:\/\/api.w.org\/{rel}","templated":true}]}}