{"id":154328,"date":"2020-08-10T07:35:56","date_gmt":"2020-08-10T05:35:56","guid":{"rendered":"https:\/\/www.radiopiu.net\/wordpress\/?p=154328"},"modified":"2020-08-10T07:37:18","modified_gmt":"2020-08-10T05:37:18","slug":"https-wp-me-p63lo7-e9a","status":"publish","type":"post","link":"https:\/\/www.radiopiu.net\/wordpress\/https-wp-me-p63lo7-e9a\/","title":{"rendered":"CANALE D&#8217;AGORDO NON MERITA DI ESSERE SCREDITATO, TANTOMENO CHI SI PREOCCUPA PER GLI ALTRI"},"content":{"rendered":"<p>&nbsp;<\/p>\n<blockquote>\n<h3>LO CERCANO PER TUTTO IL GIORNO MA ERA IN CENTRO AL PAESE. DOPO L&#8217;ALLARME DATO DALLA MOGLIE RIENTRA AL CAMPEGGIO DEL SINDACO FA I BAGAGLI E TORNA A CASA SENZA SALDARE IL CONTO.<\/h3>\n<\/blockquote>\n<p><strong>CANALE D&#8217;AGORDO\u00a0<\/strong> La vicenda ha fatto discutere non solo il paese di Canale d&#8217;Agordo ma l&#8217;intera vallata e anche oltre grazie ai social. La vicenda \u00e8 nota, la moglie del turista ha dato l&#8217;allarme della scomparsa del marito in vacanza al campeggio Lastei del sindaco Flavio Colcergnan che ha fatto partire la macchina dei soccorsi. Tra moglie e marito quindi si \u00e8 inserita la ricerca a tappeto, fino al lieto fine. <em>&#8220;Non potevo fare diversamente &#8211; dice Flavio Colcergnan gestore del campeggio &#8211;\u00a0 ho applicato il regolamento del campeggio avvertendo la signora che avrebbe potuto anche sostenere delle spese&#8221;<\/em>. La coppia trevigiana ha poi lasciato Canale d&#8217;Agordo insultando l&#8217;addetto alla reception e senza pagare il soggiorno. Inevitabile il ricorso al tribunale.<\/p>\n<p>&nbsp;<\/p>\n<div class=\"page-title-head hgroup\">\n<blockquote>\n<h3 class=\"entry-title\">POMPIERI VOLONTARI DI CANALE D\u2019AGORDO IMPEGNATI SABATO SERA IN VALLE DI GARES<\/h3>\n<\/blockquote>\n<\/div>\n<p class=\"page-title-breadcrumbs\"><strong class=\"photoswipe-wrapper\"><img loading=\"lazy\" decoding=\"async\" class=\"wp-image-154203 alignleft jetpack-lazy-image jetpack-lazy-image--handled\" src=\"https:\/\/i2.wp.com\/www.radiopiu.net\/wordpress\/wp-content\/uploads\/2020\/08\/117531378_183966066448064_2757515587961989902_o.jpg?resize=171%2C178&amp;ssl=1\" sizes=\"auto, (max-width: 171px) 100vw, 171px\" srcset=\"https:\/\/i2.wp.com\/www.radiopiu.net\/wordpress\/wp-content\/uploads\/2020\/08\/117531378_183966066448064_2757515587961989902_o.jpg?resize=288%2C300&amp;ssl=1 288w, https:\/\/i2.wp.com\/www.radiopiu.net\/wordpress\/wp-content\/uploads\/2020\/08\/117531378_183966066448064_2757515587961989902_o.jpg?resize=768%2C800&amp;ssl=1 768w, https:\/\/i2.wp.com\/www.radiopiu.net\/wordpress\/wp-content\/uploads\/2020\/08\/117531378_183966066448064_2757515587961989902_o.jpg?w=922&amp;ssl=1 922w\" alt=\"\" width=\"96\" height=\"100\" data-recalc-dims=\"1\" data-lazy-loaded=\"1\" \/>CANALE D\u2019AGORDO<\/strong> Sabato sera alle 18.15 pompieri\u00a0 allertati dalla sala operativa per una ricerca persona in val di gares. <em>\u201cCi siamo divisi in due squadre e iniziato la ricerca \u2013 raccontano i pompieri della Valle del Biois .- , fortunatamente da l\u00ec a poco ci hanno avvisato del ritrovamento senza conseguenze\u201d.<\/em><\/p>\n<p>&nbsp;<\/p>\n<p>&nbsp;<\/p>\n<hr \/>\n<h2><span style=\"color: #ff0000;\">IL ROVESCIO DELLA MEDAGLIA<\/span><\/h2>\n<blockquote>\n<h3>IL MESSAGGIO SUI SOCIAL DI MASSIMLIANO DELL&#8217;OLIVO<\/h3>\n<\/blockquote>\n<p>&nbsp;<\/p>\n<blockquote><p><em><img loading=\"lazy\" decoding=\"async\" class=\"alignleft\" src=\"https:\/\/www.radiopiu.net\/wordpress\/wp-content\/uploads\/2020\/06\/CANALE-DAGORDO-8.jpg\" width=\"207\" height=\"155\" \/>Grazie Canale d&#8217;Agordo, che mi hai accolto sette anni orsono, non pi\u00f9 giovane ma comunque novello sposo, da subito ben accetto, immediatamente mi hai fatto sentire a casa. Paese fatto di buone persone, dove la parola comunit\u00e0 sembra amplificarsi del proprio significato. Felice per la nostra nuova casa, qualche chilometro pi\u00f9 a valle, con un pizzico di nostalgia lascio quel &#8220;nido&#8221; di via Tancon che Dante e Franca (padroni di casa dal cuore grande e dalla disponibilit\u00e0 infinit<span class=\"text_exposed_show\">a) ci avevano affidato. Il mio non \u00e8 un addio, ma un arrivederci, convinto che quando passer\u00f2 per la tua piazza, sar\u00f2 in visita dai parenti, berr\u00f2 un caff\u00e8 nei tuoi bar, manger\u00f2 una pizza dai Bolp o un piatto alle Codole, mi farai sempre sentire canalino e non &#8220;foresto&#8221;.<br \/>\nGrazie!<\/span><\/em><\/p><\/blockquote>\n","protected":false},"excerpt":{"rendered":"<p>&nbsp; LO CERCANO PER TUTTO IL GIORNO MA ERA IN CENTRO AL PAESE. DOPO L&#8217;ALLARME DATO DALLA MOGLIE RIENTRA AL CAMPEGGIO DEL SINDACO FA I BAGAGLI E TORNA A CASA SENZA SALDARE IL CONTO. CANALE D&#8217;AGORDO\u00a0 La vicenda ha fatto discutere non solo il paese di Canale d&#8217;Agordo ma l&#8217;intera vallata e anche oltre grazie&hellip;<\/p>\n","protected":false},"author":1,"featured_media":142137,"comment_status":"closed","ping_status":"closed","sticky":false,"template":"","format":"standard","meta":{"_monsterinsights_skip_tracking":false,"_monsterinsights_sitenote_active":false,"_monsterinsights_sitenote_note":"","_monsterinsights_sitenote_category":0,"footnotes":""},"categories":[51],"tags":[],"class_list":["post-154328","post","type-post","status-publish","format-standard","has-post-thumbnail","hentry","category-evidenza-top","category-51","description-off"],"img_url":"https:\/\/www.radiopiu.net\/wordpress\/wp-content\/uploads\/2020\/06\/CANALE-DAGORDO-8.jpg","_links":{"self":[{"href":"https:\/\/www.radiopiu.net\/wordpress\/wp-json\/wp\/v2\/posts\/154328","targetHints":{"allow":["GET"]}}],"collection":[{"href":"https:\/\/www.radiopiu.net\/wordpress\/wp-json\/wp\/v2\/posts"}],"about":[{"href":"https:\/\/www.radiopiu.net\/wordpress\/wp-json\/wp\/v2\/types\/post"}],"author":[{"embeddable":true,"href":"https:\/\/www.radiopiu.net\/wordpress\/wp-json\/wp\/v2\/users\/1"}],"replies":[{"embeddable":true,"href":"https:\/\/www.radiopiu.net\/wordpress\/wp-json\/wp\/v2\/comments?post=154328"}],"version-history":[{"count":0,"href":"https:\/\/www.radiopiu.net\/wordpress\/wp-json\/wp\/v2\/posts\/154328\/revisions"}],"wp:featuredmedia":[{"embeddable":true,"href":"https:\/\/www.radiopiu.net\/wordpress\/wp-json\/wp\/v2\/media\/142137"}],"wp:attachment":[{"href":"https:\/\/www.radiopiu.net\/wordpress\/wp-json\/wp\/v2\/media?parent=154328"}],"wp:term":[{"taxonomy":"category","embeddable":true,"href":"https:\/\/www.radiopiu.net\/wordpress\/wp-json\/wp\/v2\/categories?post=154328"},{"taxonomy":"post_tag","embeddable":true,"href":"https:\/\/www.radiopiu.net\/wordpress\/wp-json\/wp\/v2\/tags?post=154328"}],"curies":[{"name":"wp","href":"https:\/\/api.w.org\/{rel}","templated":true}]}}