{"id":154360,"date":"2020-08-10T23:59:30","date_gmt":"2020-08-10T21:59:30","guid":{"rendered":"https:\/\/www.radiopiu.net\/wordpress\/?p=154360"},"modified":"2020-08-10T11:26:21","modified_gmt":"2020-08-10T09:26:21","slug":"la-storia-della-fontana-di-piazzetta-vecchia-di-corrado-chicco-cattadori","status":"publish","type":"post","link":"https:\/\/www.radiopiu.net\/wordpress\/la-storia-della-fontana-di-piazzetta-vecchia-di-corrado-chicco-cattadori\/","title":{"rendered":"LA STORIA DELLA FONTANA DI PIAZZETTA VECCHIA DI CORRADO &#8220;CHICCO&#8221; CATTADORI"},"content":{"rendered":"<blockquote>\n<h3><em>Sulla pagina facebook personale ma anche su &#8220;Sei di Agordo se&#8221; Corrado &#8220;Chicco&#8221; Cattadori gi\u00e0 importante voce di &#8220;Agordinomeron&#8221; consegna una storia tutta di Agordo che con passione proponiamo anche ai nostri lettori certo che ne usciranno affascinati e con un po&#8217; di nostalgia<\/em><\/h3>\n<\/blockquote>\n<p><strong>di Corrado Cattadori<\/strong><\/p>\n<p><strong><a class=\"dt-pswp-item\" href=\"https:\/\/www.radiopiu.net\/wordpress\/wp-content\/uploads\/2020\/08\/117385352_4233081393431094_2077285460914835294_n.jpg\" data-dt-img-description=\"\" data-large_image_width=\"524\" data-large_image_height=\"465\"><img loading=\"lazy\" decoding=\"async\" class=\" wp-image-154361 alignleft\" src=\"https:\/\/www.radiopiu.net\/wordpress\/wp-content\/uploads\/2020\/08\/117385352_4233081393431094_2077285460914835294_n-300x266.jpg\" alt=\"\" width=\"221\" height=\"196\" srcset=\"https:\/\/www.radiopiu.net\/wordpress\/wp-content\/uploads\/2020\/08\/117385352_4233081393431094_2077285460914835294_n-300x266.jpg 300w, https:\/\/www.radiopiu.net\/wordpress\/wp-content\/uploads\/2020\/08\/117385352_4233081393431094_2077285460914835294_n.jpg 524w\" sizes=\"auto, (max-width: 221px) 100vw, 221px\" \/><\/a>AGORDO<\/strong>\u00a0 Ormai solo le persone pi\u00f9 anziane possono ricordare la fontana di piazza vecchia smantellata verso la fine degli anni \u201950 (1958?). Era una fontana storica e questa sua demolizione ritengo sia stata una vera offesa per Agordo, non solo per il suo passato, per l\u2019historia ad essa collegata, ma anche per il valore del manufatto strettamente legato ad una zona antica del Paese! Il piantone centrale era abbellito sulla sommit\u00e0 da una scultura a forma di fiamma. Mi sono sempre chiesto il significato di questo simbolo legato nella cultura nordica e soprattutto austriaca a San Floriano (Florian von Lorch) protettore contro gli incendi e le inondazioni. Agordo sub\u00ec due grossi incendi: nel 1430 quando venne distrutta quasi completamente e due secoli pi\u00f9 tardi il 28 Ottobre del 1635 quando, secondo fonti popolari, il forte vento port\u00f2 i tizzoni ardenti di un incendio sul monte Pelsa fin sopra le case di Agordo <a class=\"dt-pswp-item\" href=\"https:\/\/www.radiopiu.net\/wordpress\/wp-content\/uploads\/2020\/08\/117321024_4233082030097697_3406112226542238693_o.jpg\" data-dt-img-description=\"\" data-large_image_width=\"598\" data-large_image_height=\"960\"><img loading=\"lazy\" decoding=\"async\" class=\"size-medium wp-image-154362 alignright\" src=\"https:\/\/www.radiopiu.net\/wordpress\/wp-content\/uploads\/2020\/08\/117321024_4233082030097697_3406112226542238693_o-187x300.jpg\" alt=\"\" width=\"187\" height=\"300\" srcset=\"https:\/\/www.radiopiu.net\/wordpress\/wp-content\/uploads\/2020\/08\/117321024_4233082030097697_3406112226542238693_o-187x300.jpg 187w, https:\/\/www.radiopiu.net\/wordpress\/wp-content\/uploads\/2020\/08\/117321024_4233082030097697_3406112226542238693_o.jpg 598w\" sizes=\"auto, (max-width: 187px) 100vw, 187px\" \/><\/a>causandone la distruzione.\u00a0 Mentre Il dispaccio del podest\u00e0 di Belluno (Domenico Zen) inviato al Doge di Venezia e al Senato Veneziano (eravamo sotto il dominio veneziano) parla di uno spaventoso incendio originato da un camino che si propag\u00f2 velocemente in tutto il paese bruciando da cima a fondo ben cento abitazioni, 50 case e 70 strutture coperte che servivano da fienili e \u201ccaneve\u201d . Insomma una situazione spaventosa con ben 1700 sudditi che vagano disperati, privi di casa ma anche delle riserve alimentari perse nell\u2019incendio. Quindi il richiamo alla protezione del Paese collocato sulla sommit\u00e0 del piantone della fontana di piazzetta vecchia appare fattibile. Orbene questo \u201cpensiero\u201c trova una valida \u201csponda\u201d sulle pagine di un diario scolastico scritto da\u00a0 Bruna Conedera\u00a0 nel 1932, che ho potuto sfogliare in questi giorni, grazie alla cortesia dell\u2019amica Gianna Falchi, in cui vengono descritte alcune zone di Agordo e parlando della piazzetta vecchia, cos\u00ec recita: <em>\u201cLa si trova una fontana. Sopra alla fontana vi \u00e8 scolpita un fiamma. Quella fiamma ci ricorda centinaia centinaia anni in dietro che Agordo venne distrutto da un grande incendio. Quella fiamma ci insegna che bisogna stare attente col fuoco\u2026.\u201d.<\/em> Il diario \u00e8 un quadernetto a righe stampato dalla Cartoleria-Tipografia Lise di Agordo di Giuseppe Lise, attivit\u00e0 che precedette quella della ditta Castaldi.\u00a0 E\u2019 un bel documento di quasi novant\u2019anni or sono, che testimonia il legame fra i giovani e il loro Paese e allo stesso tempo l\u2019importanza della conoscenza della propria storia! Dove sar\u00e0 finita la fontana dopo la demolizione? Penso e spero sia custodita da qualche parte, magari in qualche casa privata o altro, comunque al sicuro. Non so chi sia o fosse la ragazza Bruna Conedera, ma potrebbe essere Bruna Conedera, vedova Rumor Giovanni (Nani Napoli), morta il 16 giugno di quest\u2019anno alla bella et\u00e0 di 97 anni, mamma di Roberto e Carlo Rumor. Era nata a Rivamonte (zona Conedera bassa) il 13.2.1923, quindi nel 1932 era alunna di nove anni.<\/p>\n<blockquote><p><em><a id=\"js_ln\" class=\"_6qw4\" href=\"https:\/\/www.facebook.com\/profile.php?id=100010998243490&amp;comment_id=Y29tbWVudDo0MjMzMDg0MDY2NzY0MTYwXzQyMzM4MTUwMDY2OTEwNjY%3D\" data-hovercard=\"\/ajax\/hovercard\/user.php?id=100010998243490&amp;extragetparams={&quot;directed_target_id&quot;: &quot; &quot;}\" aria-describedby=\"u_ad_1\" aria-owns=\"\">Luciana Carrera<\/a>\u00a0<span dir=\"ltr\"><span class=\"_3l3x\">Caro Chicco,io tempo fa chiesi a te, che sei sempre molto documentato,di questa stupenda fontana.Io avevo forse sei o sette anni,abitavo nei paraggi quindi la ricordo molto bene.Diamoci da fare la fontana deve saltare fuori; facciamo un&#8217; indagine,cominciamo, Chi era sindaco in quel periodo( Botter) forse,il comune deve sapere dove \u00e8 stata messa,ti pare?<\/span><\/span><\/em><\/p>\n<div class=\"_6cuy\">\n<div>\n<div class=\" _6qw3\" data-ft=\"{&quot;tn&quot;:&quot;K&quot;}\">\n<div class=\"_72vr\"><a class=\"_6qw4\" href=\"https:\/\/www.facebook.com\/giulio.duca.agnoli?comment_id=Y29tbWVudDo0MjMzMDg0MDY2NzY0MTYwXzQyMzQyNzUzMTMzMTE3MDI%3D\" data-hovercard=\"\/ajax\/hovercard\/user.php?id=100014651267238&amp;extragetparams={&quot;directed_target_id&quot;: &quot; &quot;}\">Giulio Agnoli<\/a>\u00a0<span dir=\"ltr\"><span class=\"_3l3x\">Io abitavo a 100 metri di distanza nel 1950 avevo 10 anni e andavo a prendere il pane da Troj, ma non ricordo di averla mai vista. Penso sia stata rimossa subito dopo la guerra se non prima<\/span><\/span><\/div>\n<\/div>\n<\/div>\n<\/div>\n<div class=\"_6cuq\"><\/div>\n<\/blockquote>\n","protected":false},"excerpt":{"rendered":"<p>Sulla pagina facebook personale ma anche su &#8220;Sei di Agordo se&#8221; Corrado &#8220;Chicco&#8221; Cattadori gi\u00e0 importante voce di &#8220;Agordinomeron&#8221; consegna una storia tutta di Agordo che con passione proponiamo anche ai nostri lettori certo che ne usciranno affascinati e con un po&#8217; di nostalgia di Corrado Cattadori AGORDO\u00a0 Ormai solo le persone pi\u00f9 anziane possono&hellip;<\/p>\n","protected":false},"author":1,"featured_media":154361,"comment_status":"closed","ping_status":"closed","sticky":false,"template":"","format":"standard","meta":{"_monsterinsights_skip_tracking":false,"_monsterinsights_sitenote_active":false,"_monsterinsights_sitenote_note":"","_monsterinsights_sitenote_category":0,"footnotes":""},"categories":[51,49],"tags":[],"class_list":["post-154360","post","type-post","status-publish","format-standard","has-post-thumbnail","hentry","category-evidenza-top","category-news-18","category-51","category-49","description-off"],"img_url":"https:\/\/www.radiopiu.net\/wordpress\/wp-content\/uploads\/2020\/08\/117385352_4233081393431094_2077285460914835294_n.jpg","_links":{"self":[{"href":"https:\/\/www.radiopiu.net\/wordpress\/wp-json\/wp\/v2\/posts\/154360","targetHints":{"allow":["GET"]}}],"collection":[{"href":"https:\/\/www.radiopiu.net\/wordpress\/wp-json\/wp\/v2\/posts"}],"about":[{"href":"https:\/\/www.radiopiu.net\/wordpress\/wp-json\/wp\/v2\/types\/post"}],"author":[{"embeddable":true,"href":"https:\/\/www.radiopiu.net\/wordpress\/wp-json\/wp\/v2\/users\/1"}],"replies":[{"embeddable":true,"href":"https:\/\/www.radiopiu.net\/wordpress\/wp-json\/wp\/v2\/comments?post=154360"}],"version-history":[{"count":0,"href":"https:\/\/www.radiopiu.net\/wordpress\/wp-json\/wp\/v2\/posts\/154360\/revisions"}],"wp:featuredmedia":[{"embeddable":true,"href":"https:\/\/www.radiopiu.net\/wordpress\/wp-json\/wp\/v2\/media\/154361"}],"wp:attachment":[{"href":"https:\/\/www.radiopiu.net\/wordpress\/wp-json\/wp\/v2\/media?parent=154360"}],"wp:term":[{"taxonomy":"category","embeddable":true,"href":"https:\/\/www.radiopiu.net\/wordpress\/wp-json\/wp\/v2\/categories?post=154360"},{"taxonomy":"post_tag","embeddable":true,"href":"https:\/\/www.radiopiu.net\/wordpress\/wp-json\/wp\/v2\/tags?post=154360"}],"curies":[{"name":"wp","href":"https:\/\/api.w.org\/{rel}","templated":true}]}}