{"id":154366,"date":"2020-08-10T11:45:22","date_gmt":"2020-08-10T09:45:22","guid":{"rendered":"https:\/\/www.radiopiu.net\/wordpress\/?p=154366"},"modified":"2020-08-10T11:53:31","modified_gmt":"2020-08-10T09:53:31","slug":"ci-sara-anche-pietro-vitalini-al-contest-di-mercoledi-a-falcade","status":"publish","type":"post","link":"https:\/\/www.radiopiu.net\/wordpress\/ci-sara-anche-pietro-vitalini-al-contest-di-mercoledi-a-falcade\/","title":{"rendered":"CI SARA&#8217; ANCHE PIETRO VITALINI AL CONTEST DI MERCOLEDI A FALCADE"},"content":{"rendered":"<p><strong><a class=\"dt-pswp-item\" href=\"https:\/\/www.radiopiu.net\/wordpress\/wp-content\/uploads\/2020\/08\/1d3bd77f-ec15-43db-b0d4-f20eb321cf8b.jpg\" data-dt-img-description=\"\" data-large_image_width=\"1200\" data-large_image_height=\"1600\"><img loading=\"lazy\" decoding=\"async\" class=\"size-medium wp-image-154364 alignleft\" src=\"https:\/\/www.radiopiu.net\/wordpress\/wp-content\/uploads\/2020\/08\/1d3bd77f-ec15-43db-b0d4-f20eb321cf8b-225x300.jpg\" alt=\"\" width=\"225\" height=\"300\" srcset=\"https:\/\/www.radiopiu.net\/wordpress\/wp-content\/uploads\/2020\/08\/1d3bd77f-ec15-43db-b0d4-f20eb321cf8b-225x300.jpg 225w, https:\/\/www.radiopiu.net\/wordpress\/wp-content\/uploads\/2020\/08\/1d3bd77f-ec15-43db-b0d4-f20eb321cf8b-768x1024.jpg 768w, https:\/\/www.radiopiu.net\/wordpress\/wp-content\/uploads\/2020\/08\/1d3bd77f-ec15-43db-b0d4-f20eb321cf8b-1152x1536.jpg 1152w, https:\/\/www.radiopiu.net\/wordpress\/wp-content\/uploads\/2020\/08\/1d3bd77f-ec15-43db-b0d4-f20eb321cf8b.jpg 1200w\" sizes=\"auto, (max-width: 225px) 100vw, 225px\" \/><\/a>FALCADE<\/strong> Boom di iscritti per la prima edizione del Vitalini Start Contest che sulla Falcade Start Section mercoeldi\u00a0 \u00e8 pronto ad accendere la sfida per i giovani sciatori. Continua anche d\u2019estate il format del campionissimo di Bormio Pietro Vitalini, che da 7 anni organizza il Vitalini Speed Contest: una gara cronometrata organizzata anche negli schuss finali delle gare di Coppa del mondo e riservata ai piccoli sciatori. Questa volta il palcoscenico del Vitalini Contest \u00e8 la nuova pista a Falcade in materiale sintetico Neveplast studiata per allenare le partenze dal cancelletto degli atleti anche d\u2019estate, senza la neve. Il format non cambia di molto rispetto allo Speed Contest; l\u2019unica differenza, lo dice la parola stessa \u201cStart Contest\u201d, \u00e8 che la gara premier\u00e0 il giovane sciatore pi\u00f9 veloce ad uscire dal cancelletto. La partenza sar\u00e0 il momento cruciale della gara.<\/p>\n<blockquote><p><em>\u201cQuesta edizione estiva su materiale sintetico Neveplast \u00e8 una novit\u00e0 assoluta per il mio format &#8211; racconta Vitalini-. Mi piacciono le nuove sfide e ho accettato con entusiasmo la proposta di Promo Falcade e di Neveplast di organizzare una tappa estiva a Falcade. Ero fiducioso in una grande adesione da parte degli sci club che da tanti anni apprezzano la nostra gara e sono felicissimo di sapere che tanti ragazzi da tutta Italia saranno presenti&#8221;<\/em><\/p><\/blockquote>\n<p>L\u2019obiettivo di Pietro Vitalini, fortissimo discesista della Nazionale italiana, fin da quando ha ideato lo Speed Contest \u00e8 di approcciare i bambini alla velocit\u00e0 in contesti elettrizzanti con un\u2019attenzione primaria alla sicurezza.<\/p>\n<blockquote><p><em><a class=\"dt-pswp-item\" href=\"https:\/\/www.radiopiu.net\/wordpress\/wp-content\/uploads\/2020\/08\/download-11.jpg\" data-dt-img-description=\"\" data-large_image_width=\"280\" data-large_image_height=\"180\"><img loading=\"lazy\" decoding=\"async\" class=\"wp-image-154367 alignleft\" src=\"https:\/\/www.radiopiu.net\/wordpress\/wp-content\/uploads\/2020\/08\/download-11.jpg\" alt=\"\" width=\"159\" height=\"102\" \/><\/a>\u201cLa sicurezza quando si parla di giovani sciatori viene prima di tutto &#8211; dice Vitalini, l&#8217;uomo jet -. Il messaggio che cerco sempre di trasmettere ai ragazzi \u00e8 che in gara o in allenamento con il casco e le protezioni adeguate si possono raggiungere velocit\u00e0 importanti in completa sicurezza; invece al di fuori dei percorsi agonistici, quando si condivide la pista con i turisti, bisogna limitare la velocit\u00e0. Nel Vitalini Start Contest del 12 agosto gli atleti non raggiungeranno <\/em><em>velocit\u00e0 cos\u00ec elevate come negli Speed Contest dove gli atleti\u00a0 toccano anche la velocit\u00e0 massima di 100 km\/h, ma sar\u00e0 comunque fondamentale uscire bene dal cancelletto, mettersi in posizione cercando l\u2019 aerodinamicit\u00e0 per ottenere un buon risultato\u201d.<\/em><\/p><\/blockquote>\n<p><a class=\"dt-pswp-item\" href=\"https:\/\/www.radiopiu.net\/wordpress\/wp-content\/uploads\/2020\/08\/Pietro-200x300-1.jpg\" data-dt-img-description=\"\" data-large_image_width=\"200\" data-large_image_height=\"300\"><img loading=\"lazy\" decoding=\"async\" class=\"size-full wp-image-154368 alignright\" src=\"https:\/\/www.radiopiu.net\/wordpress\/wp-content\/uploads\/2020\/08\/Pietro-200x300-1.jpg\" alt=\"\" width=\"200\" height=\"300\" \/><\/a>Lo sci \u00e8 questione di secondi, anzi di centesimi. I centesimi alle volte si perdono proprio nella primissima fase che coincide con l\u2019uscita dal cancelletto. Una brutta partenza, soprattutto in discesa, \u00e8 molto compromettente. Il centro multidisciplinare di Falcade ideato da Neveplast per allenare le partenze permette agli atleti di migliorare la tecnica dell\u2019uscita dal cancelletto attraverso una ripetizione del gesto tutto il tempo dell\u2019anno, anche in assenza di neve.<\/p>\n<blockquote><p><em>\u201cDa discesista &#8211; continua Pietro Vitalini &#8211; sono convinto che sia fondamentale concentrarsi nell\u2019allenamento della fase della partenza perch\u00e9 spesso \u00e8 l\u00ec che si perdono centesimi importanti per l\u2019esito della gara. Credo che il set up Neveplast Start Section abbia grandi potenzialit\u00e0 e sar\u00e0 sempre pi\u00f9 apprezzato dagli atleti dello sci alpino e del cross\u201d.<\/em><\/p><\/blockquote>\n<h2>PROGRAMMA DELL&#8217;EVENTO<\/h2>\n<p><a class=\"dt-pswp-item\" href=\"https:\/\/www.radiopiu.net\/wordpress\/wp-content\/uploads\/2020\/08\/image001.jpg\" data-dt-img-description=\"\" data-large_image_width=\"664\" data-large_image_height=\"82\"><img loading=\"lazy\" decoding=\"async\" class=\"size-medium wp-image-154365 alignleft\" src=\"https:\/\/www.radiopiu.net\/wordpress\/wp-content\/uploads\/2020\/08\/image001-300x37.jpg\" alt=\"\" width=\"300\" height=\"37\" srcset=\"https:\/\/www.radiopiu.net\/wordpress\/wp-content\/uploads\/2020\/08\/image001-300x37.jpg 300w, https:\/\/www.radiopiu.net\/wordpress\/wp-content\/uploads\/2020\/08\/image001.jpg 664w\" sizes=\"auto, (max-width: 300px) 100vw, 300px\" \/><\/a>La gara \u00e8 aperta ai ragazzi degli sci club categorie cuccioli, ragazzi e allievi. Il check-in e le registrazioni avranno luogo mercoledi dalle 10.45 alle 11.30 presso il campo di gara. Dalle 11 alle 13 tutti gli atleti potranno testare la pista. Dalle 13.30 inizier\u00e0 il contest. Il format prevede la possibilit\u00e0 per ciascun atleta di effettuare tre partenze; si considerer\u00e0 la migliore ai fini della classifica. Tra gli sci club iscritti oltre ai ragazzi dello Ski College Veneto e dello Sci Club Val Biois che faranno gli onori di casa, ci saranno, tra gli altri, i ragazzi dell\u2019agonistica Sportmarket, Ski Team Vallata Feltrina, Monti Pallidi, Ski Team Alta Badia, Ski Team Fassa, Sorapiss e Sci Club Orsello da Roma. La gara sar\u00e0 organizzata nel massimo rispetto del protocollo tecnico sportivo sanitario per il contenimento del contagio da virus Covid-19. Per il successo dell\u2019evento gli organizzatori si affidano anche al senso di responsabilit\u00e0 di tutto il pubblico presente. In concomitanza con il Vitalini Start Contest, in un\u2019area adiacente al campo da gara, alla partenza della cabinovia Molino le Buse, vi sar\u00e0 la possibilit\u00e0 di provare gratuitamente pattini in linea e i nuovi frame da sci SkiRoad.<\/p>\n","protected":false},"excerpt":{"rendered":"<p>FALCADE Boom di iscritti per la prima edizione del Vitalini Start Contest che sulla Falcade Start Section mercoeldi\u00a0 \u00e8 pronto ad accendere la sfida per i giovani sciatori. Continua anche d\u2019estate il format del campionissimo di Bormio Pietro Vitalini, che da 7 anni organizza il Vitalini Speed Contest: una gara cronometrata organizzata anche negli schuss&hellip;<\/p>\n","protected":false},"author":1,"featured_media":154364,"comment_status":"closed","ping_status":"closed","sticky":false,"template":"","format":"standard","meta":{"_monsterinsights_skip_tracking":false,"_monsterinsights_sitenote_active":false,"_monsterinsights_sitenote_note":"","_monsterinsights_sitenote_category":0,"footnotes":""},"categories":[49],"tags":[],"class_list":["post-154366","post","type-post","status-publish","format-standard","has-post-thumbnail","hentry","category-news-18","category-49","description-off"],"img_url":"https:\/\/www.radiopiu.net\/wordpress\/wp-content\/uploads\/2020\/08\/1d3bd77f-ec15-43db-b0d4-f20eb321cf8b.jpg","_links":{"self":[{"href":"https:\/\/www.radiopiu.net\/wordpress\/wp-json\/wp\/v2\/posts\/154366","targetHints":{"allow":["GET"]}}],"collection":[{"href":"https:\/\/www.radiopiu.net\/wordpress\/wp-json\/wp\/v2\/posts"}],"about":[{"href":"https:\/\/www.radiopiu.net\/wordpress\/wp-json\/wp\/v2\/types\/post"}],"author":[{"embeddable":true,"href":"https:\/\/www.radiopiu.net\/wordpress\/wp-json\/wp\/v2\/users\/1"}],"replies":[{"embeddable":true,"href":"https:\/\/www.radiopiu.net\/wordpress\/wp-json\/wp\/v2\/comments?post=154366"}],"version-history":[{"count":0,"href":"https:\/\/www.radiopiu.net\/wordpress\/wp-json\/wp\/v2\/posts\/154366\/revisions"}],"wp:featuredmedia":[{"embeddable":true,"href":"https:\/\/www.radiopiu.net\/wordpress\/wp-json\/wp\/v2\/media\/154364"}],"wp:attachment":[{"href":"https:\/\/www.radiopiu.net\/wordpress\/wp-json\/wp\/v2\/media?parent=154366"}],"wp:term":[{"taxonomy":"category","embeddable":true,"href":"https:\/\/www.radiopiu.net\/wordpress\/wp-json\/wp\/v2\/categories?post=154366"},{"taxonomy":"post_tag","embeddable":true,"href":"https:\/\/www.radiopiu.net\/wordpress\/wp-json\/wp\/v2\/tags?post=154366"}],"curies":[{"name":"wp","href":"https:\/\/api.w.org\/{rel}","templated":true}]}}