{"id":154384,"date":"2020-08-10T12:38:47","date_gmt":"2020-08-10T10:38:47","guid":{"rendered":"https:\/\/www.radiopiu.net\/wordpress\/?p=154384"},"modified":"2020-08-10T13:14:39","modified_gmt":"2020-08-10T11:14:39","slug":"in-diretta-per-tutti-gli-aggiornamenti-sulla-situazione-coronavirus-in-veneto","status":"publish","type":"post","link":"https:\/\/www.radiopiu.net\/wordpress\/in-diretta-per-tutti-gli-aggiornamenti-sulla-situazione-coronavirus-in-veneto\/","title":{"rendered":"&#8220;IL VIRUS C&#8217;E&#8217; ANCORA E SI ABBASSA L&#8217;ETA&#8217; MEDIA&#8221; IN DIRETTA PER TUTTI GLI AGGIORNAMENTI SULLA SITUAZIONE CORONAVIRUS IN VENETO."},"content":{"rendered":"<blockquote>\n<h3><em>Sui test rapidi ho avuto conferma che oggi sul mercato ci sono gi\u00e0 11 ditte che producono test rapidi.\u00a0<\/em><\/h3>\n<\/blockquote>\n<h2><strong>LEGGI LA CONFERENZA STAMPA DI LUCA ZAIA<\/strong><\/h2>\n<p><strong>I NUMERI<\/strong> 1.317 402 tamponi, 1.200.000 i test rapidi, 20,676 positivi (+20), 5342 in isolamento (0), 112 ricoverati in area non critica (29 positivi al covid), terapie intensive 9 di cui 6 positivi, 3767 dimessi\u00a0 2083 decessi (0)<\/p>\n<p><strong>NON ABBASSARE LA GUARDIA<\/strong> Il bollettino di oggi dice che il virus c&#8217;\u00e8, ci sono 20 contagiati, ma soprattuto 5342 persone in isolamento anche se la stragrande maggioranza negative. Ci sono micro focolai e il sitema di sanit\u00e0 pubblica fuonziona con il controllo di tutti contatti che vengono isolati. Come il modello Vo&#8217;. Si abbassa in maniera notevole l&#8217;et\u00e0 media. Gli adulti e anziani usano le protezioni con maggiore attenzione, non cos\u00ec i giovani attratti dalle grandi aggregazione. Comunque circolano milioni di persone sulle spiagge del Veneto ma non si contano tanti contagi. Si entra nel fine settimana di ferragosto, non dico di non andare nei paesi a rischio ma di osservare l&#8217;uso della mascherina. Gli otto ragazzi arrivati dalla Croazia o quelli della Spagna o Grecia ci dicono tutti la stessa cosa &#8220;li&#8217; non si usa la mascherina&#8221;. Ci aspettiamo che con l&#8217;incidenza dei raggi ultravioletti le cose cambino, pare siano fondamentali per abbassare il rischio della diffusione del contagio.<\/p>\n<p><strong>TRASPORTI:<\/strong> Oggi vediamo rispetto al DPCM se ci sono misure interpretabili, se possibile uscir\u00e0 un&#8217;ordinanza regionale. Il DPCM lascia spazio al ruolo del Presidente della Regione. Ad oggi abbiamo vigente la nostra ordinanza diversa dal decreto Ministeriale. Coinvolgeremo il comitato tecnico scientifico del Veneto, abbiamo una ristretta non poco importante rispetto alle persone trasportabili. CONGIUNTI E LAVORATORI\u00a0 E&#8217; vero che il DPCM prevede deroghe nel caso dei conviventi o congiunti ma \u00e8 anche verso che il 13 aprile il Governo ha firmato con le parti sociali il protocollo per la sicurezza negli ambienti di lavoro dove pi\u00f9 lavoratori possono lavorare fianco a fianco se portano la mascherina. Se gli stessi vanno in autobus perch\u00e9 devono stare distanziati? RICAMBI D&#8217;ARIA L&#8217;aereo puo&#8217; avere pieno carico perche&#8217; ha pi\u00f9 ricambi d&#8217;aria, ma se la persona \u00e8 a 20 centimetri nessuno mi pu\u00f2 confermare che sia pi\u00f9 veloce il cambio d&#8217;aria dell&#8217;aereo che della mia respirazione. Il caos dei trasporti potrebbe avere ricadute traumatiche ma anche con conseguenze giuridiche nel momento in cui uno carica secondo le regole lasciando a terra studenti o minori.<\/p>\n<p><strong>BONUS A POLITICI E POLITICANTI<\/strong> Che tutti chiariscano la loro posizione ne va della credibilit\u00e0 di tutta la classe politica. Ci mettiamo poco a fare un &#8220;Mee to&#8221; al contrario, dove il politico dice &#8220;io non l&#8217;ho fatto&#8221;. I cittadini chiedono a gran voce\u00a0 &#8220;fuori i nomi&#8221;,\u00a0 devono\u00a0 essere ascoltati. Non ho contezza di numeri, ognuno risponder\u00e0 alla propria coscienza chi ha sbagliato non viene candidato. Si lasci perdere la privacy e ognuno chiarisca la propria posizione quindi anche tutto il consiglio regionale perch\u00e9 il cittadino ha diritto a risposte.<\/p>\n<p><strong>OSPEDALE DEL QATAR<\/strong> Stiamo sempre aspettando gli allestimenti che non sono mai arrivati. Se non arrivano prenderemo decisioni perch\u00e9 per ora il capannone serve solo per riparare e non per curare.\u00a0 Noi avremo l&#8217;emergenza in autunno anche perch\u00e9 arriver\u00e0 l&#8217;influenza e tutti chiederanno il tampone come lo chiederanno i medici e noi ci stiamo attrezzando per questo puntando molto sul test rapido. Per l&#8217;ospedale non abbiamo sbordato un euro, ho chiesto all&#8217;ambasciata anche al Governo notizie sull&#8217;allestimento ma non \u00e8 arrivata nessuna risposta. Comunque non \u00e8 il nostro problema principale.<\/p>\n<p>&nbsp;<\/p>\n<p>https:\/\/www.facebook.com\/zaiaufficiale\/videos\/1727269110758583\/<\/p>\n","protected":false},"excerpt":{"rendered":"<p>Sui test rapidi ho avuto conferma che oggi sul mercato ci sono gi\u00e0 11 ditte che producono test rapidi.\u00a0 LEGGI LA CONFERENZA STAMPA DI LUCA ZAIA I NUMERI 1.317 402 tamponi, 1.200.000 i test rapidi, 20,676 positivi (+20), 5342 in isolamento (0), 112 ricoverati in area non critica (29 positivi al covid), terapie intensive 9&hellip;<\/p>\n","protected":false},"author":1,"featured_media":142371,"comment_status":"closed","ping_status":"closed","sticky":false,"template":"","format":"standard","meta":{"_monsterinsights_skip_tracking":false,"_monsterinsights_sitenote_active":false,"_monsterinsights_sitenote_note":"","_monsterinsights_sitenote_category":0,"footnotes":""},"categories":[51,49],"tags":[],"class_list":["post-154384","post","type-post","status-publish","format-standard","has-post-thumbnail","hentry","category-evidenza-top","category-news-18","category-51","category-49","description-off"],"img_url":"https:\/\/www.radiopiu.net\/wordpress\/wp-content\/uploads\/2020\/06\/zaia.jpg","_links":{"self":[{"href":"https:\/\/www.radiopiu.net\/wordpress\/wp-json\/wp\/v2\/posts\/154384","targetHints":{"allow":["GET"]}}],"collection":[{"href":"https:\/\/www.radiopiu.net\/wordpress\/wp-json\/wp\/v2\/posts"}],"about":[{"href":"https:\/\/www.radiopiu.net\/wordpress\/wp-json\/wp\/v2\/types\/post"}],"author":[{"embeddable":true,"href":"https:\/\/www.radiopiu.net\/wordpress\/wp-json\/wp\/v2\/users\/1"}],"replies":[{"embeddable":true,"href":"https:\/\/www.radiopiu.net\/wordpress\/wp-json\/wp\/v2\/comments?post=154384"}],"version-history":[{"count":0,"href":"https:\/\/www.radiopiu.net\/wordpress\/wp-json\/wp\/v2\/posts\/154384\/revisions"}],"wp:featuredmedia":[{"embeddable":true,"href":"https:\/\/www.radiopiu.net\/wordpress\/wp-json\/wp\/v2\/media\/142371"}],"wp:attachment":[{"href":"https:\/\/www.radiopiu.net\/wordpress\/wp-json\/wp\/v2\/media?parent=154384"}],"wp:term":[{"taxonomy":"category","embeddable":true,"href":"https:\/\/www.radiopiu.net\/wordpress\/wp-json\/wp\/v2\/categories?post=154384"},{"taxonomy":"post_tag","embeddable":true,"href":"https:\/\/www.radiopiu.net\/wordpress\/wp-json\/wp\/v2\/tags?post=154384"}],"curies":[{"name":"wp","href":"https:\/\/api.w.org\/{rel}","templated":true}]}}