{"id":154415,"date":"2020-08-10T13:37:52","date_gmt":"2020-08-10T11:37:52","guid":{"rendered":"https:\/\/www.radiopiu.net\/wordpress\/?p=154415"},"modified":"2020-08-10T13:37:52","modified_gmt":"2020-08-10T11:37:52","slug":"fabbisogno-oss-in-crescita-ne-serviranno-350-nei-prossimi-due-anni","status":"publish","type":"post","link":"https:\/\/www.radiopiu.net\/wordpress\/fabbisogno-oss-in-crescita-ne-serviranno-350-nei-prossimi-due-anni\/","title":{"rendered":"FABBISOGNO OSS IN CRESCITA: NE SERVIRANNO 350 NEI PROSSIMI DUE ANNI"},"content":{"rendered":"<p><strong><a class=\"dt-pswp-item\" href=\"https:\/\/www.radiopiu.net\/wordpress\/wp-content\/uploads\/2020\/03\/MANI-ANZIANI.jpg\" data-dt-img-description=\"\" data-large_image_width=\"1920\" data-large_image_height=\"1280\"><img loading=\"lazy\" decoding=\"async\" class=\"size-medium wp-image-125005 alignleft\" src=\"https:\/\/www.radiopiu.net\/wordpress\/wp-content\/uploads\/2020\/03\/MANI-ANZIANI-300x200.jpg\" alt=\"\" width=\"300\" height=\"200\" srcset=\"https:\/\/www.radiopiu.net\/wordpress\/wp-content\/uploads\/2020\/03\/MANI-ANZIANI-300x200.jpg 300w, https:\/\/www.radiopiu.net\/wordpress\/wp-content\/uploads\/2020\/03\/MANI-ANZIANI-1024x683.jpg 1024w, https:\/\/www.radiopiu.net\/wordpress\/wp-content\/uploads\/2020\/03\/MANI-ANZIANI-768x512.jpg 768w, https:\/\/www.radiopiu.net\/wordpress\/wp-content\/uploads\/2020\/03\/MANI-ANZIANI-1536x1024.jpg 1536w, https:\/\/www.radiopiu.net\/wordpress\/wp-content\/uploads\/2020\/03\/MANI-ANZIANI.jpg 1920w\" sizes=\"auto, (max-width: 300px) 100vw, 300px\" \/><\/a>BELLUNO<\/strong> Il fabbisogno di operatori socio-sanitari nel Bellunese \u00e8 in crescita. Sono state stimate all\u2019incirca 350 figure professionali da qui ai prossimi due anni. Un numero enorme, che deve fare i conti con le difficolt\u00e0 di natura geografica del territorio montano, e che deriva dall\u2019aumento accelerato dell\u2019et\u00e0 media della popolazione. Sono i dati analizzati questa mattina a Palazzo Piloni, nel corso di una riunione finalizzata a promuovere l\u2019organizzazione nei prossimi mesi dei corsi di formazione per gli Oss. Presenti la consigliera provinciale delegata alla formazione, gli enti formatori del Bellunese (Ceis e Circolo cultura e stampa), Consorzio Bim, Veneto Lavoro e Ulss 1 Dolomiti.\u00a0\u00ab<em>Il fabbisogno di operatori socio-sanitari \u00e8 davvero importante e anche i 7 corsi autorizzati dalla Regione, il cui bando dovrebbe uscire domani, difficilmente riusciranno a coprire le necessit\u00e0 del nostro territorio &#8211; spiega la consigliera provinciale delegata a scuola e formazione -. Il nostro auspicio \u00e8 che molti possano partecipare ai corsi, giovani e non solo. Si tratta infatti di un\u2019opportunit\u00e0 di lavoro molto interessante, soprattutto in questo periodo di crisi economica. La figura professionale dell\u2019operatore socio-sanitario \u00e8 richiestissima in provincia di Belluno e d\u00e0 la possibilit\u00e0 di una professionale stabile e garantita nella struttura ospedaliera dell\u2019Ulss<\/em>\u00bb.\u00a0I nuovi requisiti per partecipare ai corsi di formazione sono pi\u00f9 selettivi e potrebbero restringere la platea. Fino a poco tempo fa, infatti, era sufficiente un A2 come livello linguistico dell\u2019italiano; adesso invece serve un B1. \u00ab<em>Certo, potrebbe essere un ostacolo per molti, penso soprattutto agli stranieri che vivono nel nostro territorio &#8211; continua la consigliera provinciale delegata -. Ma dobbiamo vederlo invece come un incentivo ad acquisire competenze linguistiche e come un\u2019opportunit\u00e0 di integrazione. A settembre attiveremo i primi incontri territoriali rivolti ai potenziali interessati. Da parte nostra l\u2019augurio che il numero sia adeguato a far partire il maggior numero di corsi possibile<\/em>\u00bb.\u00a0La Provincia sta anche studiando alcune modalit\u00e0 per agevolare a livello economico la partecipazione e l\u2019iscrizione ai percorsi formativi. I costi si aggirano sui 2mila euro, ma per i disoccupati la frequenza \u00e8 coperta tramite voucher fino a 1.500 euro. Per la cifra mancante \u00e8 al vaglio una collaborazione tra l\u2019amministrazione provinciale, il Consorzio Bim e altri enti privati.<\/p>\n","protected":false},"excerpt":{"rendered":"<p>BELLUNO Il fabbisogno di operatori socio-sanitari nel Bellunese \u00e8 in crescita. Sono state stimate all\u2019incirca 350 figure professionali da qui ai prossimi due anni. Un numero enorme, che deve fare i conti con le difficolt\u00e0 di natura geografica del territorio montano, e che deriva dall\u2019aumento accelerato dell\u2019et\u00e0 media della popolazione. Sono i dati analizzati questa&hellip;<\/p>\n","protected":false},"author":4,"featured_media":125005,"comment_status":"closed","ping_status":"closed","sticky":false,"template":"","format":"standard","meta":{"_monsterinsights_skip_tracking":false,"_monsterinsights_sitenote_active":false,"_monsterinsights_sitenote_note":"","_monsterinsights_sitenote_category":0,"footnotes":""},"categories":[49],"tags":[],"class_list":["post-154415","post","type-post","status-publish","format-standard","has-post-thumbnail","hentry","category-news-18","category-49","description-off"],"img_url":"https:\/\/www.radiopiu.net\/wordpress\/wp-content\/uploads\/2020\/03\/MANI-ANZIANI.jpg","_links":{"self":[{"href":"https:\/\/www.radiopiu.net\/wordpress\/wp-json\/wp\/v2\/posts\/154415","targetHints":{"allow":["GET"]}}],"collection":[{"href":"https:\/\/www.radiopiu.net\/wordpress\/wp-json\/wp\/v2\/posts"}],"about":[{"href":"https:\/\/www.radiopiu.net\/wordpress\/wp-json\/wp\/v2\/types\/post"}],"author":[{"embeddable":true,"href":"https:\/\/www.radiopiu.net\/wordpress\/wp-json\/wp\/v2\/users\/4"}],"replies":[{"embeddable":true,"href":"https:\/\/www.radiopiu.net\/wordpress\/wp-json\/wp\/v2\/comments?post=154415"}],"version-history":[{"count":0,"href":"https:\/\/www.radiopiu.net\/wordpress\/wp-json\/wp\/v2\/posts\/154415\/revisions"}],"wp:featuredmedia":[{"embeddable":true,"href":"https:\/\/www.radiopiu.net\/wordpress\/wp-json\/wp\/v2\/media\/125005"}],"wp:attachment":[{"href":"https:\/\/www.radiopiu.net\/wordpress\/wp-json\/wp\/v2\/media?parent=154415"}],"wp:term":[{"taxonomy":"category","embeddable":true,"href":"https:\/\/www.radiopiu.net\/wordpress\/wp-json\/wp\/v2\/categories?post=154415"},{"taxonomy":"post_tag","embeddable":true,"href":"https:\/\/www.radiopiu.net\/wordpress\/wp-json\/wp\/v2\/tags?post=154415"}],"curies":[{"name":"wp","href":"https:\/\/api.w.org\/{rel}","templated":true}]}}