{"id":154426,"date":"2020-08-10T23:59:32","date_gmt":"2020-08-10T21:59:32","guid":{"rendered":"https:\/\/www.radiopiu.net\/wordpress\/?p=154426"},"modified":"2020-08-10T15:52:48","modified_gmt":"2020-08-10T13:52:48","slug":"i-tanti-personaggi-di-longarone-nel-libretto-di-giuseppe-de-vecchi-di-renato-bona","status":"publish","type":"post","link":"https:\/\/www.radiopiu.net\/wordpress\/i-tanti-personaggi-di-longarone-nel-libretto-di-giuseppe-de-vecchi-di-renato-bona\/","title":{"rendered":"\u00a0I TANTI PERSONAGGI DI LONGARONE NEL LIBRETTO DI GIUSEPPE DE VECCHI di RENATO BONA"},"content":{"rendered":"<p><span class=\"_5yl5\"><strong>LONGARONE<\/strong> \u201cPersonaggi e famiglie illustri di Longarone\u201d \u00e8 il titolo di un libro &#8211; in copertina il Palazzo Mazzol\u00e0 (1747) sede dell\u2019Amministrazione civica, con disegno di Kurt Buchi e foto De Vecchi &#8211; realizzato dal direttore didattico Giuseppe De Vecchi (l\u2019ex sindaco che \u00e8 scomparso nel settembre 2009, fu insignito del \u201cPremio Longarone\u201d il 9 ottobre 2000 ricordandone il sincero attaccamento al paese e l\u2019intelligente e generoso impegno per la comunit\u00e0) con la Tarantola libraio editore di Belluno, per i tipi della tipografia Piave. L\u2019iniziativa venne realizzata in occasione del decimo anniversario della catastrofe del Vajont del 9 ottobre 1963, quando l\u2019amministrazione comunale decise l\u2019intitolazione di strade, fabbricati comunitari e piazza della nuova Longarone, ricordando i nomi dei personaggi e delle famiglie che hanno dato lustro al paese e di altri benemeriti che perirono il 9 ottobre 1963 e dopo questa infausta data. Nell\u2019occasione ci limitiamo al capitolo \u201cUomini illustri (fino al 1958)\u201d: NICOLO\u2019 CAVALLI, incisore, nato a Longarone il 12 aprile 1730 da Francesco e da Maddalena Casanova di Perarolo, e morto, ricchissimo, a Venezia il 18 aprile 1822. Molte sue stampe del Museo Correr e del Civico di Belluno sono andate disperse durante l\u2019invasione del 1917. A Feltre esistono stampe di rara efficacia e precisione. CATTERINO MAZZOLA\u2019 (1745-1806), terzogenito di Domenico e Francesca Pellizzaroli, frequenta a Venezia le scuole dei gesuiti poi dei padri somaschi a Treviso; riceve gli ordini ecclesiastici minori e il titolo di abate che conserva fino ai 35 anni quando prende in moglie la romana Teresa Tomasini. Si mette in luce come poeta di teatro . Nel 1780 da Venezia si trasferisce a Dresda dove \u00e8 nominato poeta teatrale alla corte del principe Federico Augusto III. PIETRO GONZAGA, scenografo, 1751-1831). Nato a Longarone il 25 marzo dopo l\u2019Accademia si dedica alla scenografia e Caterina di Russia lo chiama a decorare i teatri imperiali e lo nomina \u201cpeintre en chef\u201d. Muore alla Corte imperiale di Russia e per onorarne la memoria vengono sospesi per alcuni giorni tutti gli spettacoli nei Teatri imperiali. JACOPO TASSO: avvocato, patriota, nasce a Longarone il 23 ottobre 1808 da Torquato e da Francesca Arsi\u00e8. Partecipa ai moti rivoluzionati del Risorgimento; a Belluno viene tradito, arrestato e condannato alla forca ma in realt\u00e0 viene fucilato il 10 aprile 1849. I suoi resti sono nella chiesetta-ossario di Mussoi di Belluno. PIETRO MARCHI: pittore e tipografo, nato Longarone il 1. agosto 1810 da Gianbattista e da Margherita Manarin. Emigra in Spagna ancora giovane e a Barcellona diviene direttore di uno stabilimento litografico. Muore in data non precisata nel 1865. LUIGI PROTTI, sacerdote e patriota, nato a Longarone da Gio Batta e da Luigia Del Pra. Ordinato sacerdote nel 1847 \u201csente\u201d profondamente anche l\u2019impegno civico e dal pulpito e nelle piazze parla apertamente contro l\u2019Austria e in favore della libera Italia tanto da essere considerato dal presidente della imperial regia corte speciale di giustizia di Mantova, Visentin, \u201cperturbatore della pubblica tranquillit\u00e0\u201d. Nel 1851, a 28 anni, viene rinchiuso nel carcere di San Severo a Venezia e quindi tradotto nella fortezza di Josephstadt in Boemia dove viene incatenato ai piedi per 4 anni. Torna a Longarone come cappellano ma non cessa la sua opposizione all\u2019Austria. L\u2019autorit\u00e0 ecclesiastica lo interdice per la confessione e la predicazione dopo l\u2019infiammato discorso in occasione del trasporto a Belluno delle ossa del martire Jacopo Tasso. In doloroso isolamento, muore il 21 ottobre 1892. PIETRO ETTORE CELOTTA, luogotenente di Pier Fortunato Calvi, nasce a Longarone nel 1827 dall\u2019ingegnere Ernesto Michele e da Anna Maria Dal Molin. Frequenta legge a Padova e capeggia la rivolta degli studenti del 1848; arrestato dagli austriaci viene rimesso in libert\u00e0 sotto la pressione di quasi 3 mila universitari che tumultuano davanti alla prigione e viene inviato al domicilio coatto a Longarone. Partecipa anche ai moti rivoluzionari di Milano e caduta la citt\u00e0 si sposta a Venezia quindi caduta anche Venezia, ripara in Piemonte e si arruola nel corpo dei bersaglieri. Muore di malattia a Sassari nel 1851. ROSA CELOTTA, patriota. Nasce a Longarone il 3 novembre 1825, sorella di Pietro Ettore; animata come lui da spirito patriottico diventa cospiratrice e si dedica alla diffusione degli ideali di libert\u00e0 facendo proseliti. E\u2019 ammirata per il coraggio, il buon senso e la forza; gli insorti si servono di lei come staffetta portaordini durante ogni operazione bellica, specialmente sui monti del Cadore e dello Zoldano. Muore a Longarone il 31 gennaio 1889. GUSTAVO PROTTI, capitano d\u2019industria. Nato a Longarone da Osvaldo (Menegon) e da Adelaide Dal Molin, il 26 novembre 1852. Studia a Belluno e a Zug in Svizzera e poi compie a Schio, dal senatore Alessandro Rossi amico del padre, un periodo di apprendistato con mansioni di segretario per le relazioni con l\u2019estero; tornato a Longarone si dedica all\u2019allevamento del bestiame e all\u2019agricoltura. La sua fama \u00e8 legata all\u2019impianto del Cartonificio del Vajont \u201cche ridusse efficacemente la piaga dell\u2019emigrazione offrendo lavoro a 150 persone\u201d. La scuola materna di Codissago, sorta nel 1903, \u00e8 anche opera sua, dietro suggerimento della moglie Maria De Pretto. RODOLFO PROTTI, avvocato e scrittore; figlio di Giocondo, patriota e garibaldino, e di Isabella Dal Molin, nasce a Longarone il 3 settembre 1871; esercita l\u2019avvocatura a Belluno ma \u00e8 noto soprattutto per i suoi scritti di letteratura, storia ed arte. Direttore del Museo civico di Belluno \u00e8 commissario prefettizio di Cappella maggiore dopo Caporetto; il governo lo incarica dell\u2019inventario dei beni artistici della provincia di Belluno e diviene benemerito per il recupero degli oggetti d\u2019arte che il nemico aveva trafugato durante l\u2019invasione austro-ungarica. Per diversi anni presidente del Circolo artistico a Venezia dove muore nel 1939. ARDUINO POLLA, industriale, medaglia d\u2019oro al valor militare. Il padre Giovanni nasce a Castellavazzo il 28 agosto 1847; si trasferisce giovane a Venezia e sposa Giuditta Besson dando alla luce Arduino il 6 settembre 1884. Ufficiale dei Volontari alpini durante la Grande Guerra si fa notare per il suo eroismo cosciente meritandosi un argento per numerose azioni sulle montagne alla testa di alpini prima ed arditi poi; decorato di medaglia d\u2019oro per la superba resistenza opposta al nemico che aspira ad invadere la pianura veneta dopo la rotta di Caporetto. Rientrato a Longarone avvia un\u2019industria per la lavorazione del legno; durante la seconda guerra mondiale \u00e8 sul fronte greco col grado di tenente colonnello degli alpini e si merita una croce al valor militare. Cessata la guerra riprende la direzione dell\u2019azienda. Muore a Belluno il 27 ottobre 1955. CARLO PAIS TARSILLA, medico ortopedico, nato ad Auronzo di Cadore nel 1910 da Pietro e da Flora Zandegiacomo; nel 1932 si trasferisce definitivamente a Longarone con la famiglia; laurea a 24 anni a Padova; \u00e8 ufficiale medico e direttore di un ospedale da campo di prima linea nella zona di Tobruch nel 1941 e si segnala per la sua generosit\u00e0, spirito di sacrificio ed abilit\u00e0 professionale. Dopo la guerra \u00e8 direttore del reparto ortopedico della clinica Giannina Gaslini di Genova. Muore ancor giovane nel 1958 \u201ce la medicina italiana perde uno dei suoi pi\u00f9 grandi clinici\u201d. <\/span><\/p>\n\n\t\t\t<style type='text\/css'>\n\t\t\t\t#gallery-1 {\n\t\t\t\t\tmargin: auto;\n\t\t\t\t}\n\t\t\t\t#gallery-1 .gallery-item {\n\t\t\t\t\tfloat: left;\n\t\t\t\t\tmargin-top: 10px;\n\t\t\t\t\ttext-align: center;\n\t\t\t\t\twidth: 33%;\n\t\t\t\t}\n\t\t\t\t#gallery-1 img {\n\t\t\t\t\tborder: 2px solid #cfcfcf;\n\t\t\t\t}\n\t\t\t\t#gallery-1 .gallery-caption {\n\t\t\t\t\tmargin-left: 0;\n\t\t\t\t}\n\t\t\t\t\/* see gallery_shortcode() in wp-includes\/media.php *\/\n\t\t\t<\/style>\n\t\t<div id='gallery-1' class='dt-gallery-container gallery galleryid-154426 gallery-columns-3 gallery-size-thumbnail'><dl class='gallery-item'>\n\t\t\t\t<dt class='gallery-icon portrait'>\n\t\t\t\t\t<a class=\"rollover\" href='https:\/\/www.radiopiu.net\/wordpress\/i-tanti-personaggi-di-longarone-nel-libretto-di-giuseppe-de-vecchi-di-renato-bona\/117444478_415455499437083_6269766762062201904_n\/'><img loading=\"lazy\" decoding=\"async\" width=\"150\" height=\"150\" src=\"https:\/\/www.radiopiu.net\/wordpress\/wp-content\/uploads\/2020\/08\/117444478_415455499437083_6269766762062201904_n-150x150.jpg\" class=\"attachment-thumbnail size-thumbnail\" alt=\"\" \/><\/a>\n\t\t\t\t<\/dt><\/dl><dl class='gallery-item'>\n\t\t\t\t<dt class='gallery-icon landscape'>\n\t\t\t\t\t<a class=\"rollover\" href='https:\/\/www.radiopiu.net\/wordpress\/i-tanti-personaggi-di-longarone-nel-libretto-di-giuseppe-de-vecchi-di-renato-bona\/117643704_1127909777596186_507087955921828052_n\/'><img loading=\"lazy\" decoding=\"async\" width=\"150\" height=\"150\" src=\"https:\/\/www.radiopiu.net\/wordpress\/wp-content\/uploads\/2020\/08\/117643704_1127909777596186_507087955921828052_n-150x150.jpg\" class=\"attachment-thumbnail size-thumbnail\" alt=\"\" \/><\/a>\n\t\t\t\t<\/dt><\/dl><dl class='gallery-item'>\n\t\t\t\t<dt class='gallery-icon portrait'>\n\t\t\t\t\t<a class=\"rollover\" href='https:\/\/www.radiopiu.net\/wordpress\/i-tanti-personaggi-di-longarone-nel-libretto-di-giuseppe-de-vecchi-di-renato-bona\/117393723_295788638348614_8979488988057174010_n\/'><img loading=\"lazy\" decoding=\"async\" width=\"150\" height=\"150\" src=\"https:\/\/www.radiopiu.net\/wordpress\/wp-content\/uploads\/2020\/08\/117393723_295788638348614_8979488988057174010_n-150x150.jpg\" class=\"attachment-thumbnail size-thumbnail\" alt=\"\" \/><\/a>\n\t\t\t\t<\/dt><\/dl><br style=\"clear: both\" \/><dl class='gallery-item'>\n\t\t\t\t<dt class='gallery-icon portrait'>\n\t\t\t\t\t<a class=\"rollover\" href='https:\/\/www.radiopiu.net\/wordpress\/i-tanti-personaggi-di-longarone-nel-libretto-di-giuseppe-de-vecchi-di-renato-bona\/117533521_1013477662418025_6127754353151991022_n\/'><img loading=\"lazy\" decoding=\"async\" width=\"150\" height=\"150\" src=\"https:\/\/www.radiopiu.net\/wordpress\/wp-content\/uploads\/2020\/08\/117533521_1013477662418025_6127754353151991022_n-150x150.jpg\" class=\"attachment-thumbnail size-thumbnail\" alt=\"\" \/><\/a>\n\t\t\t\t<\/dt><\/dl><dl class='gallery-item'>\n\t\t\t\t<dt class='gallery-icon portrait'>\n\t\t\t\t\t<a class=\"rollover\" href='https:\/\/www.radiopiu.net\/wordpress\/i-tanti-personaggi-di-longarone-nel-libretto-di-giuseppe-de-vecchi-di-renato-bona\/117311161_927567807735930_2263325735768856465_n\/'><img loading=\"lazy\" decoding=\"async\" width=\"150\" height=\"150\" src=\"https:\/\/www.radiopiu.net\/wordpress\/wp-content\/uploads\/2020\/08\/117311161_927567807735930_2263325735768856465_n-150x150.jpg\" class=\"attachment-thumbnail size-thumbnail\" alt=\"\" \/><\/a>\n\t\t\t\t<\/dt><\/dl><dl class='gallery-item'>\n\t\t\t\t<dt class='gallery-icon portrait'>\n\t\t\t\t\t<a class=\"rollover\" href='https:\/\/www.radiopiu.net\/wordpress\/i-tanti-personaggi-di-longarone-nel-libretto-di-giuseppe-de-vecchi-di-renato-bona\/117644879_744983829671516_7042409643757913972_n\/'><img loading=\"lazy\" decoding=\"async\" width=\"150\" height=\"150\" src=\"https:\/\/www.radiopiu.net\/wordpress\/wp-content\/uploads\/2020\/08\/117644879_744983829671516_7042409643757913972_n-150x150.jpg\" class=\"attachment-thumbnail size-thumbnail\" alt=\"\" \/><\/a>\n\t\t\t\t<\/dt><\/dl><br style=\"clear: both\" \/><dl class='gallery-item'>\n\t\t\t\t<dt class='gallery-icon portrait'>\n\t\t\t\t\t<a class=\"rollover\" href='https:\/\/www.radiopiu.net\/wordpress\/i-tanti-personaggi-di-longarone-nel-libretto-di-giuseppe-de-vecchi-di-renato-bona\/117338392_301311527801894_5158799097091432880_n\/'><img loading=\"lazy\" decoding=\"async\" width=\"150\" height=\"150\" src=\"https:\/\/www.radiopiu.net\/wordpress\/wp-content\/uploads\/2020\/08\/117338392_301311527801894_5158799097091432880_n-150x150.jpg\" class=\"attachment-thumbnail size-thumbnail\" alt=\"\" \/><\/a>\n\t\t\t\t<\/dt><\/dl><dl class='gallery-item'>\n\t\t\t\t<dt class='gallery-icon portrait'>\n\t\t\t\t\t<a class=\"rollover\" href='https:\/\/www.radiopiu.net\/wordpress\/i-tanti-personaggi-di-longarone-nel-libretto-di-giuseppe-de-vecchi-di-renato-bona\/117396750_717624438795564_3058803243391362276_n\/'><img loading=\"lazy\" decoding=\"async\" width=\"150\" height=\"150\" src=\"https:\/\/www.radiopiu.net\/wordpress\/wp-content\/uploads\/2020\/08\/117396750_717624438795564_3058803243391362276_n-150x150.jpg\" class=\"attachment-thumbnail size-thumbnail\" alt=\"\" \/><\/a>\n\t\t\t\t<\/dt><\/dl><dl class='gallery-item'>\n\t\t\t\t<dt class='gallery-icon portrait'>\n\t\t\t\t\t<a class=\"rollover\" href='https:\/\/www.radiopiu.net\/wordpress\/i-tanti-personaggi-di-longarone-nel-libretto-di-giuseppe-de-vecchi-di-renato-bona\/117352210_338245670543057_3930932968551285511_n\/'><img loading=\"lazy\" decoding=\"async\" width=\"150\" height=\"150\" src=\"https:\/\/www.radiopiu.net\/wordpress\/wp-content\/uploads\/2020\/08\/117352210_338245670543057_3930932968551285511_n-150x150.jpg\" class=\"attachment-thumbnail size-thumbnail\" alt=\"\" \/><\/a>\n\t\t\t\t<\/dt><\/dl><br style=\"clear: both\" \/>\n\t\t\t<\/div>\n\n<p><span class=\"_5yl5\">NELLE FOTO (riproduzione dal libretto \u201cPersonaggi e famiglie illustri di Longarone\u201d, Libreria antiquaria Gonnelli; Infodolomiti, Google; Pro Loco Longarone): La copertina del libretto; l\u2019autore Giuseppe De Vecchi; l\u2019\u201cImprovvisante\u201d di Nicol\u00f2 Cavalli; Catterino Mazzol\u00e0; scenografia di Pietro Gonzaga; il monumento a Longarone di Jacopo Tasso; Arduino Polla; Gustavo Protti; via Roma di Longarone e sullo sfondo l\u2019ex istituto tecnico \u201cP. Gonzaga\u201d.<\/span><\/p>\n","protected":false},"excerpt":{"rendered":"<p>LONGARONE \u201cPersonaggi e famiglie illustri di Longarone\u201d \u00e8 il titolo di un libro &#8211; in copertina il Palazzo Mazzol\u00e0 (1747) sede dell\u2019Amministrazione civica, con disegno di Kurt Buchi e foto De Vecchi &#8211; realizzato dal direttore didattico Giuseppe De Vecchi (l\u2019ex sindaco che \u00e8 scomparso nel settembre 2009, fu insignito del \u201cPremio Longarone\u201d il 9&hellip;<\/p>\n","protected":false},"author":1,"featured_media":154428,"comment_status":"closed","ping_status":"closed","sticky":false,"template":"","format":"standard","meta":{"_monsterinsights_skip_tracking":false,"_monsterinsights_sitenote_active":false,"_monsterinsights_sitenote_note":"","_monsterinsights_sitenote_category":0,"footnotes":""},"categories":[49],"tags":[],"class_list":["post-154426","post","type-post","status-publish","format-standard","has-post-thumbnail","hentry","category-news-18","category-49","description-off"],"img_url":"https:\/\/www.radiopiu.net\/wordpress\/wp-content\/uploads\/2020\/08\/117311161_927567807735930_2263325735768856465_n.jpg","_links":{"self":[{"href":"https:\/\/www.radiopiu.net\/wordpress\/wp-json\/wp\/v2\/posts\/154426","targetHints":{"allow":["GET"]}}],"collection":[{"href":"https:\/\/www.radiopiu.net\/wordpress\/wp-json\/wp\/v2\/posts"}],"about":[{"href":"https:\/\/www.radiopiu.net\/wordpress\/wp-json\/wp\/v2\/types\/post"}],"author":[{"embeddable":true,"href":"https:\/\/www.radiopiu.net\/wordpress\/wp-json\/wp\/v2\/users\/1"}],"replies":[{"embeddable":true,"href":"https:\/\/www.radiopiu.net\/wordpress\/wp-json\/wp\/v2\/comments?post=154426"}],"version-history":[{"count":0,"href":"https:\/\/www.radiopiu.net\/wordpress\/wp-json\/wp\/v2\/posts\/154426\/revisions"}],"wp:featuredmedia":[{"embeddable":true,"href":"https:\/\/www.radiopiu.net\/wordpress\/wp-json\/wp\/v2\/media\/154428"}],"wp:attachment":[{"href":"https:\/\/www.radiopiu.net\/wordpress\/wp-json\/wp\/v2\/media?parent=154426"}],"wp:term":[{"taxonomy":"category","embeddable":true,"href":"https:\/\/www.radiopiu.net\/wordpress\/wp-json\/wp\/v2\/categories?post=154426"},{"taxonomy":"post_tag","embeddable":true,"href":"https:\/\/www.radiopiu.net\/wordpress\/wp-json\/wp\/v2\/tags?post=154426"}],"curies":[{"name":"wp","href":"https:\/\/api.w.org\/{rel}","templated":true}]}}