{"id":154440,"date":"2020-08-10T19:04:12","date_gmt":"2020-08-10T17:04:12","guid":{"rendered":"https:\/\/www.radiopiu.net\/wordpress\/?p=154440"},"modified":"2020-08-10T19:31:07","modified_gmt":"2020-08-10T17:31:07","slug":"no-allantipolitica-che-passa-sopra-a-tutto","status":"publish","type":"post","link":"https:\/\/www.radiopiu.net\/wordpress\/no-allantipolitica-che-passa-sopra-a-tutto\/","title":{"rendered":"NO ALL&#8217;ANTIPOLITICA CHE PASSA SOPRA A TUTTO"},"content":{"rendered":"<blockquote><p><em>BONUS 600 EURO\u00a0 &#8220;ASSURDO E GRAVE EQUIPARARE PARLAMENTARI E SINDACI DI PICCOLI COMUNI&#8221;.<\/em><\/p><\/blockquote>\n<p><strong><a class=\"dt-pswp-item\" href=\"https:\/\/www.radiopiu.net\/wordpress\/wp-content\/uploads\/2020\/04\/UNCEM.jpg\" data-dt-img-description=\"\" data-large_image_width=\"500\" data-large_image_height=\"500\"><img loading=\"lazy\" decoding=\"async\" class=\"size-medium wp-image-133399 alignleft\" src=\"https:\/\/www.radiopiu.net\/wordpress\/wp-content\/uploads\/2020\/04\/UNCEM-300x300.jpg\" alt=\"\" width=\"300\" height=\"300\" srcset=\"https:\/\/www.radiopiu.net\/wordpress\/wp-content\/uploads\/2020\/04\/UNCEM-300x300.jpg 300w, https:\/\/www.radiopiu.net\/wordpress\/wp-content\/uploads\/2020\/04\/UNCEM-150x150.jpg 150w, https:\/\/www.radiopiu.net\/wordpress\/wp-content\/uploads\/2020\/04\/UNCEM.jpg 500w\" sizes=\"auto, (max-width: 300px) 100vw, 300px\" \/><\/a>ROMA<\/strong>\u00a0 <em>&#8220;Nelle richieste del bonus Inps, equiparare Sindaci e Amministratori comunali ai Parlamentari \u00e8 del tutto assurdo e anche grave sul piano istituzionale. Sindaci e Deputati hanno status e condizioni diverse, ma sopratutto nei piccoli Comuni, ma anche in Enti fino a 15mila abitanti, i Sindaci sono poco pi\u00f9 che volontari&#8221;.<\/em> Lo afferma il Presidente dell&#8217;Uncem Marco Bussone rimarcando il lavoro dei sindaci, carichi di responsabilit\u00e0 e di impegni, con indennit\u00e0 che coprono a malapena le spese di viaggi e spostamenti sul territorio. <em>&#8220;Nessun pianto, nessun vittimismo, anzi. Nei Comuni piccoli e piccolissimi\u00a0 &#8211; scrive il sociologo Di Vico &#8211;\u00a0 gli Amministratori locali fanno politica senza molte possibilit\u00e0 di carriera e tantomeno di arricchimento, ma quasi sempre per una scelta di impegno pubblico pi\u00f9 genuina di quella che purtroppo riscontriamo nelle grandi citt\u00e0 o nelle assemblee regionali&#8217;. Metterli vicino, anche &#8216;solo&#8217; in un titolo di giornale, ai Parlamentari, non aiuta a distinguere realt\u00e0 e situazioni diverse in contesti diversi&#8221;.<\/em> Circa 5.000 sindaci di Comuni piccoli e piccolissimi <a class=\"dt-pswp-item\" href=\"https:\/\/www.radiopiu.net\/wordpress\/wp-content\/uploads\/2018\/12\/BUSSONE_FLAI_CGIL11122018.jpg\" data-dt-img-description=\"\" data-large_image_width=\"1280\" data-large_image_height=\"853\"><img loading=\"lazy\" decoding=\"async\" class=\"size-medium wp-image-69122 alignright\" src=\"https:\/\/www.radiopiu.net\/wordpress\/wp-content\/uploads\/2018\/12\/BUSSONE_FLAI_CGIL11122018-300x200.jpg\" alt=\"\" width=\"300\" height=\"200\" srcset=\"https:\/\/www.radiopiu.net\/wordpress\/wp-content\/uploads\/2018\/12\/BUSSONE_FLAI_CGIL11122018-300x200.jpg 300w, https:\/\/www.radiopiu.net\/wordpress\/wp-content\/uploads\/2018\/12\/BUSSONE_FLAI_CGIL11122018-768x512.jpg 768w, https:\/\/www.radiopiu.net\/wordpress\/wp-content\/uploads\/2018\/12\/BUSSONE_FLAI_CGIL11122018-1024x682.jpg 1024w, https:\/\/www.radiopiu.net\/wordpress\/wp-content\/uploads\/2018\/12\/BUSSONE_FLAI_CGIL11122018.jpg 1280w\" sizes=\"auto, (max-width: 300px) 100vw, 300px\" \/><\/a>prendono indennit\u00e0 pari ai percettori del reddito di cittadinanza. Delle indennit\u00e0 degli assessori e dei gettoni di presenza dei Consiglieri comunali\u00a0 meglio non parlare perch\u00e9 si arriva a cifre che dovrebbero far vergognare altri, non loro. Ma non basta. I Sindaci e gli Amministratori, nella fase di lockdown, hanno costituito la spina dorsale della Repubblica lavorando per settimane e settimane da soli, nelle loro comunit\u00e0, con responsabilit\u00e0 immani. <em>Evitiamo l&#8217;antipolitica e il fango nel ventilatore a tutti i costi &#8211; conclude Marco Bussone Presidente Uncem, Unione nazionale dei Comuni, delle Comunit\u00e0 e degli Enti montani (foto) &#8211; \u00a0passare con un un rullo sopra a ogni livello istituzionale e alle articolazioni territoriali dello Stato \u00e8 proprio quello che oggi non serve al Paese&#8221;.<\/em><\/p>\n","protected":false},"excerpt":{"rendered":"<p>BONUS 600 EURO\u00a0 &#8220;ASSURDO E GRAVE EQUIPARARE PARLAMENTARI E SINDACI DI PICCOLI COMUNI&#8221;. ROMA\u00a0 &#8220;Nelle richieste del bonus Inps, equiparare Sindaci e Amministratori comunali ai Parlamentari \u00e8 del tutto assurdo e anche grave sul piano istituzionale. Sindaci e Deputati hanno status e condizioni diverse, ma sopratutto nei piccoli Comuni, ma anche in Enti fino a&hellip;<\/p>\n","protected":false},"author":1,"featured_media":71005,"comment_status":"closed","ping_status":"closed","sticky":false,"template":"","format":"standard","meta":{"_monsterinsights_skip_tracking":false,"_monsterinsights_sitenote_active":false,"_monsterinsights_sitenote_note":"","_monsterinsights_sitenote_category":0,"footnotes":""},"categories":[104,49],"tags":[],"class_list":["post-154440","post","type-post","status-publish","format-standard","has-post-thumbnail","hentry","category-evidenza_3","category-news-18","category-104","category-49","description-off"],"img_url":"https:\/\/www.radiopiu.net\/wordpress\/wp-content\/uploads\/2018\/12\/argentera_ferrere-3.jpg","_links":{"self":[{"href":"https:\/\/www.radiopiu.net\/wordpress\/wp-json\/wp\/v2\/posts\/154440","targetHints":{"allow":["GET"]}}],"collection":[{"href":"https:\/\/www.radiopiu.net\/wordpress\/wp-json\/wp\/v2\/posts"}],"about":[{"href":"https:\/\/www.radiopiu.net\/wordpress\/wp-json\/wp\/v2\/types\/post"}],"author":[{"embeddable":true,"href":"https:\/\/www.radiopiu.net\/wordpress\/wp-json\/wp\/v2\/users\/1"}],"replies":[{"embeddable":true,"href":"https:\/\/www.radiopiu.net\/wordpress\/wp-json\/wp\/v2\/comments?post=154440"}],"version-history":[{"count":0,"href":"https:\/\/www.radiopiu.net\/wordpress\/wp-json\/wp\/v2\/posts\/154440\/revisions"}],"wp:featuredmedia":[{"embeddable":true,"href":"https:\/\/www.radiopiu.net\/wordpress\/wp-json\/wp\/v2\/media\/71005"}],"wp:attachment":[{"href":"https:\/\/www.radiopiu.net\/wordpress\/wp-json\/wp\/v2\/media?parent=154440"}],"wp:term":[{"taxonomy":"category","embeddable":true,"href":"https:\/\/www.radiopiu.net\/wordpress\/wp-json\/wp\/v2\/categories?post=154440"},{"taxonomy":"post_tag","embeddable":true,"href":"https:\/\/www.radiopiu.net\/wordpress\/wp-json\/wp\/v2\/tags?post=154440"}],"curies":[{"name":"wp","href":"https:\/\/api.w.org\/{rel}","templated":true}]}}