{"id":154500,"date":"2020-08-10T19:06:29","date_gmt":"2020-08-10T17:06:29","guid":{"rendered":"https:\/\/www.radiopiu.net\/wordpress\/?p=154500"},"modified":"2020-08-10T19:06:29","modified_gmt":"2020-08-10T17:06:29","slug":"e-morto-angelo-roni-premio-internazionale-bellunesi-nel-mondo-2016","status":"publish","type":"post","link":"https:\/\/www.radiopiu.net\/wordpress\/e-morto-angelo-roni-premio-internazionale-bellunesi-nel-mondo-2016\/","title":{"rendered":"E&#8217; MORTO ANGELO RONI, PREMIO INTERNAZIONALE BELLUNESI NEL MONDO 2016"},"content":{"rendered":"<h1 class=\"entry-title\"><\/h1>\n<p><strong><a class=\"dt-pswp-item\" href=\"https:\/\/www.radiopiu.net\/wordpress\/wp-content\/uploads\/2020\/08\/angelo_roni-600x887-1.jpg\" data-dt-img-description=\"\" data-large_image_width=\"600\" data-large_image_height=\"887\"><img loading=\"lazy\" decoding=\"async\" class=\"size-medium wp-image-154501 alignleft\" src=\"https:\/\/www.radiopiu.net\/wordpress\/wp-content\/uploads\/2020\/08\/angelo_roni-600x887-1-203x300.jpg\" alt=\"\" width=\"203\" height=\"300\" srcset=\"https:\/\/www.radiopiu.net\/wordpress\/wp-content\/uploads\/2020\/08\/angelo_roni-600x887-1-203x300.jpg 203w, https:\/\/www.radiopiu.net\/wordpress\/wp-content\/uploads\/2020\/08\/angelo_roni-600x887-1.jpg 600w\" sizes=\"auto, (max-width: 203px) 100vw, 203px\" \/><\/a>BELLUNO<\/strong> Sono momenti difficili per l\u2019associazionismo veneto in emigrazione di Buenos Aires. Dopo la scomparsa, poche settimane fa, della giovane Karin Orlandi \u2013 dirigente del Cava (Comitato Veneto Argentina) -, nella giornata di venerd\u00ec 7 agosto \u00e8 scomparso Angelo Roni, uno dei fondatori della Famiglia \u201cLa Bellunese\u201d della capitale argentina. Un doppio lutto per la famiglia Roni dato che Karin era la moglie di Esteban, figlio del compianto Angelo.<\/p>\n<blockquote><p><em>\u00abSiamo davvero vicini ad Esteban per questo momento di dolore \u2013 le parole del presidente Abm Oscar De Bona \u2013 questa \u00e8 una grave perdita per la grande famiglia dell\u2019Associazione Bellunesi nel Mondo. Grazie a lui e ai suoi collaboratori abbiamo organizzato, quando ero assessore regionale, un\u2019iniziativa di grande spessore al teatro Col\u00f2n, con la partecipazione del Coro Monti del sole e di tutta la comunit\u00e0 veneta di Buenos Aires\u00bb<\/em><\/p><\/blockquote>\n<p>Nato a Buenos Aires nel 1933, da padre bellunese, a 23 anni ottiene la cittadinanza italiana e, dopo gli studi in Ingegneria Civile, fonda un\u2019impresa edile e costruisce numerose opere a Buenos Aires. Partecipa attivamente alla costituzione del circolo bellunese locale dedicandosi a mantenere i legami fra tutti i discendenti e gli emigranti bellunesi. Delegato e Segretario della Confederazione delle Associazioni Italiane in Argentina \u00e8 stato presidente dell\u2019Associazione Familiare Culturale e Ricreativa Bellunese, che ha sostenuto creando un ambiente per gli incontri sociali. Nel 2013 \u00e8 stato insignito del titolo di Cavaliere della Repubblica Italiana e ha fatto parte delle dodici personalit\u00e0 italiane, pi\u00f9 rappresentative, scelte dal Consolato d\u2019Italia in Argentina. Non da ultimo nel 2016 ha ricevuto il premio internazionale \u201cBellunesi che onorano la provincia di Belluno in Italia e all\u2019estero\u201d.<\/p>\n","protected":false},"excerpt":{"rendered":"<p>BELLUNO Sono momenti difficili per l\u2019associazionismo veneto in emigrazione di Buenos Aires. Dopo la scomparsa, poche settimane fa, della giovane Karin Orlandi \u2013 dirigente del Cava (Comitato Veneto Argentina) -, nella giornata di venerd\u00ec 7 agosto \u00e8 scomparso Angelo Roni, uno dei fondatori della Famiglia \u201cLa Bellunese\u201d della capitale argentina. Un doppio lutto per la&hellip;<\/p>\n","protected":false},"author":1,"featured_media":154501,"comment_status":"closed","ping_status":"closed","sticky":false,"template":"","format":"standard","meta":{"_monsterinsights_skip_tracking":false,"_monsterinsights_sitenote_active":false,"_monsterinsights_sitenote_note":"","_monsterinsights_sitenote_category":0,"footnotes":""},"categories":[49],"tags":[],"class_list":["post-154500","post","type-post","status-publish","format-standard","has-post-thumbnail","hentry","category-news-18","category-49","description-off"],"img_url":"https:\/\/www.radiopiu.net\/wordpress\/wp-content\/uploads\/2020\/08\/angelo_roni-600x887-1.jpg","_links":{"self":[{"href":"https:\/\/www.radiopiu.net\/wordpress\/wp-json\/wp\/v2\/posts\/154500","targetHints":{"allow":["GET"]}}],"collection":[{"href":"https:\/\/www.radiopiu.net\/wordpress\/wp-json\/wp\/v2\/posts"}],"about":[{"href":"https:\/\/www.radiopiu.net\/wordpress\/wp-json\/wp\/v2\/types\/post"}],"author":[{"embeddable":true,"href":"https:\/\/www.radiopiu.net\/wordpress\/wp-json\/wp\/v2\/users\/1"}],"replies":[{"embeddable":true,"href":"https:\/\/www.radiopiu.net\/wordpress\/wp-json\/wp\/v2\/comments?post=154500"}],"version-history":[{"count":0,"href":"https:\/\/www.radiopiu.net\/wordpress\/wp-json\/wp\/v2\/posts\/154500\/revisions"}],"wp:featuredmedia":[{"embeddable":true,"href":"https:\/\/www.radiopiu.net\/wordpress\/wp-json\/wp\/v2\/media\/154501"}],"wp:attachment":[{"href":"https:\/\/www.radiopiu.net\/wordpress\/wp-json\/wp\/v2\/media?parent=154500"}],"wp:term":[{"taxonomy":"category","embeddable":true,"href":"https:\/\/www.radiopiu.net\/wordpress\/wp-json\/wp\/v2\/categories?post=154500"},{"taxonomy":"post_tag","embeddable":true,"href":"https:\/\/www.radiopiu.net\/wordpress\/wp-json\/wp\/v2\/tags?post=154500"}],"curies":[{"name":"wp","href":"https:\/\/api.w.org\/{rel}","templated":true}]}}