{"id":154559,"date":"2020-08-12T06:04:06","date_gmt":"2020-08-12T04:04:06","guid":{"rendered":"https:\/\/www.radiopiu.net\/wordpress\/?p=154559"},"modified":"2020-08-12T09:55:38","modified_gmt":"2020-08-12T07:55:38","slug":"giornale-radiopiu-12-agosto-2020-direttore-mirko-mezzacasa","status":"publish","type":"post","link":"https:\/\/www.radiopiu.net\/wordpress\/giornale-radiopiu-12-agosto-2020-direttore-mirko-mezzacasa\/","title":{"rendered":"GIORNALE RADIOPIU 12 AGOSTO 2020 DIRETTORE MIRKO MEZZACASA"},"content":{"rendered":"<h3><strong>PER RICEVERE QUESTO NOTIZIARIO DIRETTAMENTE SUL TUO CELLULARE ISCRIVITI AL CANALE TELEGRAM\u00a0<\/strong><strong>\u201cRADIO PIU\u00a0 INFORMAZIONE<\/strong><\/h3>\n<p><em>ATTENZIONE: LA NUOVA APP PER IOS-IPHONE<\/em><\/p>\n<div>\n<div><a href=\"https:\/\/apps.apple.com\/it\/app\/radio-pi%C3%B9-emittente-agordina\/id1515939845\">https:\/\/apps.apple.com\/it\/app\/radio-pi%C3%B9-emittente-agordina\/id1515939845<\/a><\/div>\n<\/div>\n<div><\/div>\n<div>\n<div dir=\"auto\"><em>ATTENZIONE: LA NUOVA APP RADIO\u00a0 PER ANDROID<\/em><\/div>\n<\/div>\n<p><a href=\"https:\/\/play.google.com\/store\/apps\/details?id=net.radiopiu.iniko\" target=\"_blank\" rel=\"noopener noreferrer\">https:\/\/play.google.com\/store\/apps\/details?id=net.radiopiu.iniko \u00a0\u00a0<\/a><\/p>\n<p>&nbsp;<\/p>\n<hr \/>\n<p>&nbsp;<\/p>\n<blockquote>\n<h3 class=\"photoswipe-wrapper\"><a class=\"dt-pswp-item pspw-wrap-ready\" href=\"https:\/\/i2.wp.com\/www.radiopiu.net\/wordpress\/wp-content\/uploads\/2020\/08\/5e846dd5-0ffe-4c6a-bbe4-0c28c3efb728.jpg?ssl=1\" data-dt-img-description=\"\" data-large_image_width=\"1131\" data-large_image_height=\"1600\"><img loading=\"lazy\" decoding=\"async\" class=\"wp-image-153279 alignleft\" src=\"https:\/\/i2.wp.com\/www.radiopiu.net\/wordpress\/wp-content\/uploads\/2020\/08\/5e846dd5-0ffe-4c6a-bbe4-0c28c3efb728.jpg?resize=99%2C141&amp;ssl=1\" sizes=\"auto, (max-width: 99px) 100vw, 99px\" srcset=\"https:\/\/i2.wp.com\/www.radiopiu.net\/wordpress\/wp-content\/uploads\/2020\/08\/5e846dd5-0ffe-4c6a-bbe4-0c28c3efb728.jpg?resize=212%2C300&amp;ssl=1 212w, https:\/\/i2.wp.com\/www.radiopiu.net\/wordpress\/wp-content\/uploads\/2020\/08\/5e846dd5-0ffe-4c6a-bbe4-0c28c3efb728.jpg?resize=724%2C1024&amp;ssl=1 724w, https:\/\/i2.wp.com\/www.radiopiu.net\/wordpress\/wp-content\/uploads\/2020\/08\/5e846dd5-0ffe-4c6a-bbe4-0c28c3efb728.jpg?resize=768%2C1086&amp;ssl=1 768w, https:\/\/i2.wp.com\/www.radiopiu.net\/wordpress\/wp-content\/uploads\/2020\/08\/5e846dd5-0ffe-4c6a-bbe4-0c28c3efb728.jpg?resize=1086%2C1536&amp;ssl=1 1086w, https:\/\/i2.wp.com\/www.radiopiu.net\/wordpress\/wp-content\/uploads\/2020\/08\/5e846dd5-0ffe-4c6a-bbe4-0c28c3efb728.jpg?w=1131&amp;ssl=1 1131w\" alt=\"\" width=\"99\" height=\"141\" data-recalc-dims=\"1\" \/><\/a>SOSTEGNO ALLA CROCE ROSSA ITALIANA<\/h3>\n<\/blockquote>\n<p>\u201cNuova iniziativa della CroceRossa di Belluno: la raccolta di materiale scolastico per i bambini delle famiglie bellunesi in difficolt\u00e0. Appuntamento oggi presso Due Ufficio a Sedico! Il ricavato dell\u2019iniziativa verr\u00e0 ridistribuito ai nuclei famigliari indigenti.<\/p>\n<p>&nbsp;<\/p>\n<p>&nbsp;<\/p>\n<p>&nbsp;<\/p>\n<hr \/>\n<p>&nbsp;<\/p>\n<p><strong class=\"photoswipe-wrapper\"><a class=\"dt-pswp-item pspw-wrap-ready\" href=\"https:\/\/i2.wp.com\/www.radiopiu.net\/wordpress\/wp-content\/uploads\/2018\/08\/ACQUA.jpeg?ssl=1\" data-dt-img-description=\"\" data-large_image_width=\"1280\" data-large_image_height=\"768\"><img loading=\"lazy\" decoding=\"async\" class=\"wp-image-57052 alignleft\" src=\"https:\/\/i2.wp.com\/www.radiopiu.net\/wordpress\/wp-content\/uploads\/2018\/08\/ACQUA.jpeg?resize=198%2C119&amp;ssl=1\" sizes=\"auto, (max-width: 198px) 100vw, 198px\" srcset=\"https:\/\/i2.wp.com\/www.radiopiu.net\/wordpress\/wp-content\/uploads\/2018\/08\/ACQUA.jpeg?resize=300%2C180&amp;ssl=1 300w, https:\/\/i2.wp.com\/www.radiopiu.net\/wordpress\/wp-content\/uploads\/2018\/08\/ACQUA.jpeg?resize=768%2C461&amp;ssl=1 768w, https:\/\/i2.wp.com\/www.radiopiu.net\/wordpress\/wp-content\/uploads\/2018\/08\/ACQUA.jpeg?resize=1024%2C614&amp;ssl=1 1024w, https:\/\/i2.wp.com\/www.radiopiu.net\/wordpress\/wp-content\/uploads\/2018\/08\/ACQUA.jpeg?w=1280&amp;ssl=1 1280w\" alt=\"\" width=\"198\" height=\"119\" data-recalc-dims=\"1\" \/><\/a><\/strong><strong class=\"photoswipe-wrapper\">RIVAMONTE<\/strong>\u00a0 nelle localit\u00e0 VILLAGRANDE, ROSSON, TOS,\u00a0 Via ROMA MIOTTE, ZENICH, MOTTES, ZEP-SCHENA, SARET, ROSTE, PALUCH, GONA DI CONEDERA, PONTE ALTO, LONIE e SANTEL, l\u2019acqua erogata dall\u2019acquedotto non \u00e8 potabile e pu\u00f2 essere usata per scopi alimentari SOLO PREVIA bollitura. GSP ha, comunque, gi\u00e0 adottato le necessarie misure per la disinfezione dell\u2019acqua presente nei serbatoi e nella rete idrica con l\u2019aggiunta di cloro.\u00a0<strong>SAN TOMASO AGORDINO<\/strong>\u00a0nelle LOCALITA\u2019 ROI E PIANEZZE l\u2019acqua erogata dall\u2019acquedotto non \u00e8 potabile e non pu\u00f2 essere usata per scopi alimentari. Verr\u00e0 effettuato servizio sostitutivo con autobotte. Nella frazione Costa l&#8217;acqua \u00e8 di nuovo potabile<\/p>\n<p>&nbsp;<\/p>\n<hr \/>\n<p>&nbsp;<\/p>\n<blockquote>\n<h3 style=\"text-align: left;\">DRAMMA SUL PIAVE, MUORE QUINDICENNE TRAVOLTO DALL&#8217;ARGINE<\/h3>\n<\/blockquote>\n<p><strong><img loading=\"lazy\" decoding=\"async\" class=\"alignleft\" src=\"https:\/\/www.radiopiu.net\/wordpress\/wp-content\/uploads\/2020\/08\/cca64204-ce64-4145-bad8-09bf3e99dbd7.jpg\" width=\"280\" height=\"210\" \/>SANTA GIUSTINA<\/strong> Crolla la scogliera di protezione sull&#8217;argine del fiume Piave e un ragazzo di 15 anni, Alessio Bortoluzzi residente\u00a0 a Santa Giustina perde la vita. Ferito gravemente nel tardo pomeriggio all&#8217;altezza della Cartiera di Formegan,\u00a0 il giovane \u00e8 stato subito soccorso, sul posto l&#8217;elicottero del Suem di Pieve di Cadore. Il ragazzo era in compagnia degli amici per una giornata tra sole e <a class=\"dt-pswp-item\" href=\"https:\/\/www.radiopiu.net\/wordpress\/wp-content\/uploads\/2020\/08\/99ae30f7-ac0c-4302-a3a3-5b6f7f601a42.jpg\" data-dt-img-description=\"\" data-large_image_width=\"720\" data-large_image_height=\"1440\"><img loading=\"lazy\" decoding=\"async\" class=\"size-medium wp-image-154792 alignright\" src=\"https:\/\/www.radiopiu.net\/wordpress\/wp-content\/uploads\/2020\/08\/99ae30f7-ac0c-4302-a3a3-5b6f7f601a42-150x300.jpg\" alt=\"\" width=\"150\" height=\"300\" srcset=\"https:\/\/www.radiopiu.net\/wordpress\/wp-content\/uploads\/2020\/08\/99ae30f7-ac0c-4302-a3a3-5b6f7f601a42-150x300.jpg 150w, https:\/\/www.radiopiu.net\/wordpress\/wp-content\/uploads\/2020\/08\/99ae30f7-ac0c-4302-a3a3-5b6f7f601a42-512x1024.jpg 512w, https:\/\/www.radiopiu.net\/wordpress\/wp-content\/uploads\/2020\/08\/99ae30f7-ac0c-4302-a3a3-5b6f7f601a42.jpg 720w\" sizes=\"auto, (max-width: 150px) 100vw, 150px\" \/><\/a>acqua. Sulle cause indagano i Carabinieri di Feltre che da subito hanno sentito i testimoni. Si presume che il ragazzo si stesse muovendo sopra i massi causandone un improvviso movimento e rimanendo bloccato da due sassi di grandi dimensioni all&#8217;altezza dell&#8217;addome. Con lui c&#8217;erano altri due amici della stessa et\u00e0. Il ragazzo \u00e8 morto in ospedale per schiacciamento, a nulla sono purtroppo valsi gli sforzi dei sanitari per rianimarlo dopo che i vigili del fuoco erano riusciti a liberarlo in un&#8217;operazione tutt&#8217;altro che facile con l&#8217;ausilio di cuscini pneumatici. In questo periodo la zona \u00e8 molto frequentata da giovani e famiglie in cerca di refrigerio. Sul posto nell&#8217;immediatezza del dramma \u00e8 accorsa anche la mamma poi salita sull&#8217;elicottero verso l&#8217;ospedale San Martino di Belluno. Un dramma per la famiglia, per tutta la comunit\u00e0 Alessio avrebbe compiuto il suo sedicesimo anno di et\u00e0 il prossimo 20 agosto. Alessio lascia due sorelle, il pap\u00e0 Adriano noto piastrellista e la mamma Michela che gestisce un negozio di prodotti erboristici in piazza degli angeli a Santa Giustina. Alessio frequentava l&#8217;Enaip di Longarone, uno sportivo amante del calcio e della mountain bike. Era tesserato con il Centro Sportivo Italiano Girelli Dalla Rosa e con la giovanile calcio Pizzocco. Alla famiglia Bortoluzzi giungano le condoglianze anche dalla redazione di Radio Pi\u00f9 vicina in questo momento di grave lutto per la perdita del figlio.<\/p>\n<p>&nbsp;<\/p>\n\n\t\t\t<style type='text\/css'>\n\t\t\t\t#gallery-1 {\n\t\t\t\t\tmargin: auto;\n\t\t\t\t}\n\t\t\t\t#gallery-1 .gallery-item {\n\t\t\t\t\tfloat: left;\n\t\t\t\t\tmargin-top: 10px;\n\t\t\t\t\ttext-align: center;\n\t\t\t\t\twidth: 50%;\n\t\t\t\t}\n\t\t\t\t#gallery-1 img {\n\t\t\t\t\tborder: 2px solid #cfcfcf;\n\t\t\t\t}\n\t\t\t\t#gallery-1 .gallery-caption {\n\t\t\t\t\tmargin-left: 0;\n\t\t\t\t}\n\t\t\t\t\/* see gallery_shortcode() in wp-includes\/media.php *\/\n\t\t\t<\/style>\n\t\t<div id='gallery-1' class='dt-gallery-container gallery galleryid-154559 gallery-columns-2 gallery-size-thumbnail'><dl class='gallery-item'>\n\t\t\t\t<dt class='gallery-icon portrait'>\n\t\t\t\t\t<a class=\"rollover rollover-zoom dt-pswp-item\" title=\"eb61102a-e505-4b91-ba7e-4250164c488e\" data-dt-img-description=\"\" data-large_image_width=\"1500\" data-large_image_height=\"2000\"href='https:\/\/www.radiopiu.net\/wordpress\/wp-content\/uploads\/2020\/08\/eb61102a-e505-4b91-ba7e-4250164c488e.jpg'><img loading=\"lazy\" decoding=\"async\" width=\"150\" height=\"150\" src=\"https:\/\/www.radiopiu.net\/wordpress\/wp-content\/uploads\/2020\/08\/eb61102a-e505-4b91-ba7e-4250164c488e-150x150.jpg\" class=\"attachment-thumbnail size-thumbnail\" alt=\"\" \/><\/a>\n\t\t\t\t<\/dt><\/dl><dl class='gallery-item'>\n\t\t\t\t<dt class='gallery-icon portrait'>\n\t\t\t\t\t<a class=\"rollover rollover-zoom dt-pswp-item\" title=\"f672aa3d-d6e4-4e43-8074-a405dbc732e1\" data-dt-img-description=\"\" data-large_image_width=\"1500\" data-large_image_height=\"2000\"href='https:\/\/www.radiopiu.net\/wordpress\/wp-content\/uploads\/2020\/08\/f672aa3d-d6e4-4e43-8074-a405dbc732e1.jpg'><img loading=\"lazy\" decoding=\"async\" width=\"150\" height=\"150\" src=\"https:\/\/www.radiopiu.net\/wordpress\/wp-content\/uploads\/2020\/08\/f672aa3d-d6e4-4e43-8074-a405dbc732e1-150x150.jpg\" class=\"attachment-thumbnail size-thumbnail\" alt=\"\" \/><\/a>\n\t\t\t\t<\/dt><\/dl><br style=\"clear: both\" \/>\n\t\t\t<\/div>\n\n\n\t\t\t<style type='text\/css'>\n\t\t\t\t#gallery-2 {\n\t\t\t\t\tmargin: auto;\n\t\t\t\t}\n\t\t\t\t#gallery-2 .gallery-item {\n\t\t\t\t\tfloat: left;\n\t\t\t\t\tmargin-top: 10px;\n\t\t\t\t\ttext-align: center;\n\t\t\t\t\twidth: 25%;\n\t\t\t\t}\n\t\t\t\t#gallery-2 img {\n\t\t\t\t\tborder: 2px solid #cfcfcf;\n\t\t\t\t}\n\t\t\t\t#gallery-2 .gallery-caption {\n\t\t\t\t\tmargin-left: 0;\n\t\t\t\t}\n\t\t\t\t\/* see gallery_shortcode() in wp-includes\/media.php *\/\n\t\t\t<\/style>\n\t\t<div id='gallery-2' class='dt-gallery-container gallery galleryid-154559 gallery-columns-4 gallery-size-thumbnail'><dl class='gallery-item'>\n\t\t\t\t<dt class='gallery-icon landscape'>\n\t\t\t\t\t<a class=\"rollover rollover-zoom dt-pswp-item\" title=\"fc0010fd-8be7-4236-a005-3a641b655716\" data-dt-img-description=\"\" data-large_image_width=\"633\" data-large_image_height=\"470\"href='https:\/\/www.radiopiu.net\/wordpress\/wp-content\/uploads\/2020\/08\/fc0010fd-8be7-4236-a005-3a641b655716.jpg'><img loading=\"lazy\" decoding=\"async\" width=\"150\" height=\"150\" src=\"https:\/\/www.radiopiu.net\/wordpress\/wp-content\/uploads\/2020\/08\/fc0010fd-8be7-4236-a005-3a641b655716-150x150.jpg\" class=\"attachment-thumbnail size-thumbnail\" alt=\"\" \/><\/a>\n\t\t\t\t<\/dt><\/dl><dl class='gallery-item'>\n\t\t\t\t<dt class='gallery-icon landscape'>\n\t\t\t\t\t<a class=\"rollover rollover-zoom dt-pswp-item\" title=\"ec7f78ca-d6c3-48e2-8b7d-be978a131111\" data-dt-img-description=\"\" data-large_image_width=\"821\" data-large_image_height=\"516\"href='https:\/\/www.radiopiu.net\/wordpress\/wp-content\/uploads\/2020\/08\/ec7f78ca-d6c3-48e2-8b7d-be978a131111.jpg'><img loading=\"lazy\" decoding=\"async\" width=\"150\" height=\"150\" src=\"https:\/\/www.radiopiu.net\/wordpress\/wp-content\/uploads\/2020\/08\/ec7f78ca-d6c3-48e2-8b7d-be978a131111-150x150.jpg\" class=\"attachment-thumbnail size-thumbnail\" alt=\"\" \/><\/a>\n\t\t\t\t<\/dt><\/dl><dl class='gallery-item'>\n\t\t\t\t<dt class='gallery-icon landscape'>\n\t\t\t\t\t<a class=\"rollover rollover-zoom dt-pswp-item\" title=\"79f100e2-2a79-4a50-a875-dbae136fa65a\" data-dt-img-description=\"\" data-large_image_width=\"1052\" data-large_image_height=\"633\"href='https:\/\/www.radiopiu.net\/wordpress\/wp-content\/uploads\/2020\/08\/79f100e2-2a79-4a50-a875-dbae136fa65a.jpg'><img loading=\"lazy\" decoding=\"async\" width=\"150\" height=\"150\" src=\"https:\/\/www.radiopiu.net\/wordpress\/wp-content\/uploads\/2020\/08\/79f100e2-2a79-4a50-a875-dbae136fa65a-150x150.jpg\" class=\"attachment-thumbnail size-thumbnail\" alt=\"\" \/><\/a>\n\t\t\t\t<\/dt><\/dl><dl class='gallery-item'>\n\t\t\t\t<dt class='gallery-icon landscape'>\n\t\t\t\t\t<a class=\"rollover rollover-zoom dt-pswp-item\" title=\"aa549388-1454-4cfe-b55a-19221db4d810\" data-dt-img-description=\"\" data-large_image_width=\"1118\" data-large_image_height=\"633\"href='https:\/\/www.radiopiu.net\/wordpress\/wp-content\/uploads\/2020\/08\/aa549388-1454-4cfe-b55a-19221db4d810.jpg'><img loading=\"lazy\" decoding=\"async\" width=\"150\" height=\"150\" src=\"https:\/\/www.radiopiu.net\/wordpress\/wp-content\/uploads\/2020\/08\/aa549388-1454-4cfe-b55a-19221db4d810-150x150.jpg\" class=\"attachment-thumbnail size-thumbnail\" alt=\"\" \/><\/a>\n\t\t\t\t<\/dt><\/dl><br style=\"clear: both\" \/>\n\t\t\t<\/div>\n\n<p>&nbsp;<\/p>\n<p>&nbsp;<\/p>\n<hr \/>\n<div class=\"page-title-head hgroup\">\n<blockquote>\n<h3 class=\"entry-title\">PROGNOSI SEMPRE RISERVATA MA CONDIZIONI GENERALI BUONE<\/h3>\n<\/blockquote>\n<\/div>\n<p class=\"page-title-breadcrumbs\"><strong><a class=\"dt-pswp-item\" href=\"https:\/\/www.radiopiu.net\/wordpress\/wp-content\/uploads\/2020\/08\/5040612e-d2b7-4cfe-be23-9854075bf709.jpg\" data-dt-img-description=\"\" data-large_image_width=\"1600\" data-large_image_height=\"777\"><img loading=\"lazy\" decoding=\"async\" class=\"size-medium wp-image-154540 alignleft\" src=\"https:\/\/www.radiopiu.net\/wordpress\/wp-content\/uploads\/2020\/08\/5040612e-d2b7-4cfe-be23-9854075bf709-300x146.jpg\" alt=\"\" width=\"300\" height=\"146\" srcset=\"https:\/\/www.radiopiu.net\/wordpress\/wp-content\/uploads\/2020\/08\/5040612e-d2b7-4cfe-be23-9854075bf709-300x146.jpg 300w, https:\/\/www.radiopiu.net\/wordpress\/wp-content\/uploads\/2020\/08\/5040612e-d2b7-4cfe-be23-9854075bf709-1024x497.jpg 1024w, https:\/\/www.radiopiu.net\/wordpress\/wp-content\/uploads\/2020\/08\/5040612e-d2b7-4cfe-be23-9854075bf709-768x373.jpg 768w, https:\/\/www.radiopiu.net\/wordpress\/wp-content\/uploads\/2020\/08\/5040612e-d2b7-4cfe-be23-9854075bf709-1536x746.jpg 1536w, https:\/\/www.radiopiu.net\/wordpress\/wp-content\/uploads\/2020\/08\/5040612e-d2b7-4cfe-be23-9854075bf709.jpg 1600w\" sizes=\"auto, (max-width: 300px) 100vw, 300px\" \/><\/a>FALCADE<\/strong> \u201cForza piccolino, torna presto tra i verdi prati della Valle del Biois\u201d s\u2019\u00e8 alzato un coro di voci tra Caviola, Falcade e tutto l\u2019Agordino dopo l\u2019incidente di ieri con il bimbo di Conegliano caduto dalla finestra del primo piano della casa vacanze di via Busin.\u00a0 Le notizie in arrivo dal C\u00e0 Foncello di Treviso sono confortanti<em> \u201cPrognosi precauzionalmente riservata, ma\u00a0 condizioni generali buone\u201d.\u00a0<\/em>Ed \u00e8 un primo sospiro di sollievo anche da parte del sindaco Michele Costa che gi\u00e0 da ieri segue con attenzione l\u2019evolversi della vicenda e il quadro clinico del piccolo ospite della vallata. I Carabinieri di Falcade sono stati incaricati dalla Procura di svolgere le indagini per ricostruire quanto accaduto in pochi attimi.<\/p>\n<p>&nbsp;<\/p>\n<hr \/>\n<blockquote>\n<h3><\/h3>\n<h3>AD ALLEGHE BEVE DALLA BOTTIGLIA E SVIENE<\/h3>\n<\/blockquote>\n<p><strong><a class=\"dt-pswp-item\" href=\"https:\/\/www.radiopiu.net\/wordpress\/wp-content\/uploads\/2020\/08\/6137d569-8e02-402b-9cd9-ca00459f3185.jpg\" data-dt-img-description=\"\" data-large_image_width=\"720\" data-large_image_height=\"1440\"><img loading=\"lazy\" decoding=\"async\" class=\"size-medium wp-image-154718 alignleft\" src=\"https:\/\/www.radiopiu.net\/wordpress\/wp-content\/uploads\/2020\/08\/6137d569-8e02-402b-9cd9-ca00459f3185-150x300.jpg\" alt=\"\" width=\"150\" height=\"300\" srcset=\"https:\/\/www.radiopiu.net\/wordpress\/wp-content\/uploads\/2020\/08\/6137d569-8e02-402b-9cd9-ca00459f3185-150x300.jpg 150w, https:\/\/www.radiopiu.net\/wordpress\/wp-content\/uploads\/2020\/08\/6137d569-8e02-402b-9cd9-ca00459f3185-512x1024.jpg 512w, https:\/\/www.radiopiu.net\/wordpress\/wp-content\/uploads\/2020\/08\/6137d569-8e02-402b-9cd9-ca00459f3185.jpg 720w\" sizes=\"auto, (max-width: 150px) 100vw, 150px\" \/><\/a>ALLEGHE<\/strong> L&#8217;elicottero del Suem e l&#8217;ambulanza della Croce Verde di Alleghe sono intervenuti nel pomeriggio chiamati da una coppia di turisti dell&#8217;Aquila, o meglio il comapagno ha chiamato i soccorsi in seguito ad un improvviso malore della donna di 47 anni.<\/p>\n<p>Da una prima ricostruzione la turista avrebbe estratto dallo zaino una bottiglia d&#8217;acqua, dopo aver bevuto la perdita dei sensi \u00e8 stata immediata.<\/p>\n<p>Gli accertamenti chiariranno le motivazioni del malore. La donna \u00e8 stata porta in ospedale dall&#8217;elicottero del Suem atterrato sul prato accanto alla regionale 203 agordina tra Santa Maria delle Grazie e Caprile in localit\u00e0 ai Tufi in prossimit\u00e0 del campo da calcio<\/p>\n<p>&nbsp;<\/p>\n<hr \/>\n<p>&nbsp;<\/p>\n<blockquote>\n<h3>INVESTIMENTO AL MAS<\/h3>\n<p><strong>SEDICO<\/strong> Ieri sera alle 19 investimento di un uomo a Ponte Mas, \u00e8 intervenuto il Suem, per fortuna si tratta di lievi ferite per la persona travolta dall&#8217;auto.<\/p><\/blockquote>\n<p>&nbsp;<\/p>\n<hr \/>\n<p>&nbsp;<\/p>\n<p>&nbsp;<\/p>\n<blockquote>\n<h3>DIBATTITO APERTO A RIVAMONTE PER IL TRALICCIO WIND TRE<\/h3>\n<\/blockquote>\n<p><strong>RIVAMONTE<\/strong>\u00a0 Il sindaco Giovanni Nino Deon, il delegato alla costruzione del traliccio e il rappresentante dell&#8217;Arpav hanno risposto alle domande della popolazione che chiede lo spostamento del traliccio, pi\u00f9 nascosto, che non danneggi ulteriormente l&#8217;ambiente, che non svaluti gli immobili vicini. Le carte sono sul tavolo, ma il sindaco potr\u00e0 chiedere un accordo ai gestori della compagnia telefonica per uno spostamento congeniale a coloro che hanno raccolto le firme per protesta<\/p>\n<p>https:\/\/www.facebook.com\/Mirkomezziano\/videos\/2745737745708994<\/p>\n<p>&nbsp;<\/p>\n<p><strong>IL SERVIZIO DI GIANNI SANTOMASO<\/strong><\/p>\n<audio class=\"wp-audio-shortcode\" id=\"audio-154559-1\" preload=\"none\" style=\"width: 100%;\" controls=\"controls\"><source type=\"audio\/mpeg\" src=\"https:\/\/www.radiopiu.net\/wordpress\/wp-content\/uploads\/2020\/08\/GIANNI-DIBATTITO-WIND-TRE.mp3?_=1\" \/><a href=\"https:\/\/www.radiopiu.net\/wordpress\/wp-content\/uploads\/2020\/08\/GIANNI-DIBATTITO-WIND-TRE.mp3\">https:\/\/www.radiopiu.net\/wordpress\/wp-content\/uploads\/2020\/08\/GIANNI-DIBATTITO-WIND-TRE.mp3<\/a><\/audio>\n<p>&nbsp;<\/p>\n\n\t\t\t<style type='text\/css'>\n\t\t\t\t#gallery-3 {\n\t\t\t\t\tmargin: auto;\n\t\t\t\t}\n\t\t\t\t#gallery-3 .gallery-item {\n\t\t\t\t\tfloat: left;\n\t\t\t\t\tmargin-top: 10px;\n\t\t\t\t\ttext-align: center;\n\t\t\t\t\twidth: 33%;\n\t\t\t\t}\n\t\t\t\t#gallery-3 img {\n\t\t\t\t\tborder: 2px solid #cfcfcf;\n\t\t\t\t}\n\t\t\t\t#gallery-3 .gallery-caption {\n\t\t\t\t\tmargin-left: 0;\n\t\t\t\t}\n\t\t\t\t\/* see gallery_shortcode() in wp-includes\/media.php *\/\n\t\t\t<\/style>\n\t\t<div id='gallery-3' class='dt-gallery-container gallery galleryid-154559 gallery-columns-3 gallery-size-thumbnail'><dl class='gallery-item'>\n\t\t\t\t<dt class='gallery-icon landscape'>\n\t\t\t\t\t<a class=\"rollover rollover-zoom dt-pswp-item\" title=\"0e60af51-c74b-4480-b1cd-371cd23f4573\" data-dt-img-description=\"\" data-large_image_width=\"1600\" data-large_image_height=\"903\"href='https:\/\/www.radiopiu.net\/wordpress\/wp-content\/uploads\/2020\/08\/0e60af51-c74b-4480-b1cd-371cd23f4573.jpg'><img loading=\"lazy\" decoding=\"async\" width=\"150\" height=\"150\" src=\"https:\/\/www.radiopiu.net\/wordpress\/wp-content\/uploads\/2020\/08\/0e60af51-c74b-4480-b1cd-371cd23f4573-150x150.jpg\" class=\"attachment-thumbnail size-thumbnail\" alt=\"\" \/><\/a>\n\t\t\t\t<\/dt><\/dl><dl class='gallery-item'>\n\t\t\t\t<dt class='gallery-icon landscape'>\n\t\t\t\t\t<a class=\"rollover rollover-zoom dt-pswp-item\" title=\"f7e45193-5e37-4561-89fb-cc3f6e52f379\" data-dt-img-description=\"\" data-large_image_width=\"1600\" data-large_image_height=\"903\"href='https:\/\/www.radiopiu.net\/wordpress\/wp-content\/uploads\/2020\/08\/f7e45193-5e37-4561-89fb-cc3f6e52f379.jpg'><img loading=\"lazy\" decoding=\"async\" width=\"150\" height=\"150\" src=\"https:\/\/www.radiopiu.net\/wordpress\/wp-content\/uploads\/2020\/08\/f7e45193-5e37-4561-89fb-cc3f6e52f379-150x150.jpg\" class=\"attachment-thumbnail size-thumbnail\" alt=\"\" \/><\/a>\n\t\t\t\t<\/dt><\/dl><dl class='gallery-item'>\n\t\t\t\t<dt class='gallery-icon landscape'>\n\t\t\t\t\t<a class=\"rollover rollover-zoom dt-pswp-item\" title=\"782e7896-7f35-45ca-bd6e-9a5904e71e0e\" data-dt-img-description=\"\" data-large_image_width=\"1600\" data-large_image_height=\"903\"href='https:\/\/www.radiopiu.net\/wordpress\/wp-content\/uploads\/2020\/08\/782e7896-7f35-45ca-bd6e-9a5904e71e0e.jpg'><img loading=\"lazy\" decoding=\"async\" width=\"150\" height=\"150\" src=\"https:\/\/www.radiopiu.net\/wordpress\/wp-content\/uploads\/2020\/08\/782e7896-7f35-45ca-bd6e-9a5904e71e0e-150x150.jpg\" class=\"attachment-thumbnail size-thumbnail\" alt=\"\" \/><\/a>\n\t\t\t\t<\/dt><\/dl><br style=\"clear: both\" \/><dl class='gallery-item'>\n\t\t\t\t<dt class='gallery-icon landscape'>\n\t\t\t\t\t<a class=\"rollover rollover-zoom dt-pswp-item\" title=\"a4075c39-fd10-43cf-add1-4d47badc7fa2\" data-dt-img-description=\"\" data-large_image_width=\"1600\" data-large_image_height=\"903\"href='https:\/\/www.radiopiu.net\/wordpress\/wp-content\/uploads\/2020\/08\/a4075c39-fd10-43cf-add1-4d47badc7fa2.jpg'><img loading=\"lazy\" decoding=\"async\" width=\"150\" height=\"150\" src=\"https:\/\/www.radiopiu.net\/wordpress\/wp-content\/uploads\/2020\/08\/a4075c39-fd10-43cf-add1-4d47badc7fa2-150x150.jpg\" class=\"attachment-thumbnail size-thumbnail\" alt=\"\" \/><\/a>\n\t\t\t\t<\/dt><\/dl><dl class='gallery-item'>\n\t\t\t\t<dt class='gallery-icon landscape'>\n\t\t\t\t\t<a class=\"rollover rollover-zoom dt-pswp-item\" title=\"9edc8b21-8076-4e76-8853-20f24034e748\" data-dt-img-description=\"\" data-large_image_width=\"1600\" data-large_image_height=\"903\"href='https:\/\/www.radiopiu.net\/wordpress\/wp-content\/uploads\/2020\/08\/9edc8b21-8076-4e76-8853-20f24034e748.jpg'><img loading=\"lazy\" decoding=\"async\" width=\"150\" height=\"150\" src=\"https:\/\/www.radiopiu.net\/wordpress\/wp-content\/uploads\/2020\/08\/9edc8b21-8076-4e76-8853-20f24034e748-150x150.jpg\" class=\"attachment-thumbnail size-thumbnail\" alt=\"\" \/><\/a>\n\t\t\t\t<\/dt><\/dl><dl class='gallery-item'>\n\t\t\t\t<dt class='gallery-icon landscape'>\n\t\t\t\t\t<a class=\"rollover rollover-zoom dt-pswp-item\" title=\"da1639b6-148d-4910-a7a8-986530843b56\" data-dt-img-description=\"\" data-large_image_width=\"1600\" data-large_image_height=\"903\"href='https:\/\/www.radiopiu.net\/wordpress\/wp-content\/uploads\/2020\/08\/da1639b6-148d-4910-a7a8-986530843b56.jpg'><img loading=\"lazy\" decoding=\"async\" width=\"150\" height=\"150\" src=\"https:\/\/www.radiopiu.net\/wordpress\/wp-content\/uploads\/2020\/08\/da1639b6-148d-4910-a7a8-986530843b56-150x150.jpg\" class=\"attachment-thumbnail size-thumbnail\" alt=\"\" \/><\/a>\n\t\t\t\t<\/dt><\/dl><br style=\"clear: both\" \/>\n\t\t\t<\/div>\n\n<p>&nbsp;<\/p>\n<hr \/>\n<p>&nbsp;<\/p>\n<blockquote>\n<h3>UNDICENNE MORSO DA UNA VIPERA, 29ENNE SOCCORSO PER LA SOLITA CAVIGLIA SLOGATA<\/h3>\n<\/blockquote>\n<p><strong>CORTINA<\/strong> Nei pressi del Rifugio Croda da Lago un bambino di 11 anni olandese \u00e8 stato\u00a0 morso da una vipera. Il bimbo \u00e8 stato trasportato all&#8217;ospedale di Belluno.<\/p>\n<p><strong>CORTINA<\/strong> Nel Gruppo del Sorapiss, lungo il sentiero inagibile sotto il Bivacco Comici, una ragazza di 29 anni di Mirano (VE), che si trovava con la sorella e un&#8217;altra persona, si era fatta male a una caviglia. Recuperata assieme agli amici, la ragazza \u00e8 stata portata a valle e si \u00e8 poi recata autonomamente in ospedale. Pronto a intervenire il Soccorso alpino di Auronzo.<\/p>\n<p>&nbsp;<\/p>\n<hr \/>\n<p>&nbsp;<\/p>\n<blockquote>\n<h3>SI SENTE MALE SUL SENTIERO. IL SOCCORSO ALPINO INTERVIENE E LO PORTA ALL&#8217;OSPEDALE DI BELLUNO<\/h3>\n<\/blockquote>\n<p><strong><a class=\"dt-pswp-item\" href=\"https:\/\/www.radiopiu.net\/wordpress\/wp-content\/uploads\/2020\/08\/salt_20200809_102446_176_resized.jpg\" data-dt-img-description=\"\" data-large_image_width=\"1182\" data-large_image_height=\"886\"><img loading=\"lazy\" decoding=\"async\" class=\" wp-image-154185 alignleft\" src=\"https:\/\/www.radiopiu.net\/wordpress\/wp-content\/uploads\/2020\/08\/salt_20200809_102446_176_resized-300x225.jpg\" alt=\"\" width=\"184\" height=\"138\" srcset=\"https:\/\/www.radiopiu.net\/wordpress\/wp-content\/uploads\/2020\/08\/salt_20200809_102446_176_resized-300x225.jpg 300w, https:\/\/www.radiopiu.net\/wordpress\/wp-content\/uploads\/2020\/08\/salt_20200809_102446_176_resized-1024x768.jpg 1024w, https:\/\/www.radiopiu.net\/wordpress\/wp-content\/uploads\/2020\/08\/salt_20200809_102446_176_resized-768x576.jpg 768w, https:\/\/www.radiopiu.net\/wordpress\/wp-content\/uploads\/2020\/08\/salt_20200809_102446_176_resized.jpg 1182w\" sizes=\"auto, (max-width: 184px) 100vw, 184px\" \/><\/a>VAL DI ZOLDO\u00a0<\/strong>Ieri mattina alle 9.40 l&#8217;elicottero del Suem di Pieve di Cadore \u00e8 intervenuto sul sentiero numero 578 che porta al Bivacco Grisetti, per un escursionista colto da malore. Sbarcati con un verricello di una decina di metri, equipe medica e tecnico di elisoccorso hanno valutato le condizioni dell&#8217;uomo, un quarantanovenne Vicentino. Una volta imbarellato, l&#8217;escursionista \u00e8 stato imbarcato e trasportato all&#8217;ospedale di Belluno per le cure del caso.<\/p>\n<p>&nbsp;<\/p>\n<p>&nbsp;<\/p>\n<p>&nbsp;<\/p>\n<hr \/>\n<p>&nbsp;<\/p>\n<blockquote>\n<h2>VIOLENTO NUBIFRAGIO A BELLUNO &#8211; VIDEO IERI SERA ALLE 20<\/h2>\n<\/blockquote>\n<p><strong><a class=\"dt-pswp-item\" href=\"https:\/\/www.radiopiu.net\/wordpress\/wp-content\/uploads\/2020\/08\/7d9c3e5a-1edf-4711-81da-2a4eba7165ff.jpg\" data-dt-img-description=\"\" data-large_image_width=\"1600\" data-large_image_height=\"1570\"><img loading=\"lazy\" decoding=\"async\" class=\"wp-image-154757 alignleft\" src=\"https:\/\/www.radiopiu.net\/wordpress\/wp-content\/uploads\/2020\/08\/7d9c3e5a-1edf-4711-81da-2a4eba7165ff-300x294.jpg\" alt=\"\" width=\"191\" height=\"187\" srcset=\"https:\/\/www.radiopiu.net\/wordpress\/wp-content\/uploads\/2020\/08\/7d9c3e5a-1edf-4711-81da-2a4eba7165ff-300x294.jpg 300w, https:\/\/www.radiopiu.net\/wordpress\/wp-content\/uploads\/2020\/08\/7d9c3e5a-1edf-4711-81da-2a4eba7165ff-1024x1005.jpg 1024w, https:\/\/www.radiopiu.net\/wordpress\/wp-content\/uploads\/2020\/08\/7d9c3e5a-1edf-4711-81da-2a4eba7165ff-768x754.jpg 768w, https:\/\/www.radiopiu.net\/wordpress\/wp-content\/uploads\/2020\/08\/7d9c3e5a-1edf-4711-81da-2a4eba7165ff-1536x1507.jpg 1536w, https:\/\/www.radiopiu.net\/wordpress\/wp-content\/uploads\/2020\/08\/7d9c3e5a-1edf-4711-81da-2a4eba7165ff.jpg 1600w\" sizes=\"auto, (max-width: 191px) 100vw, 191px\" \/><\/a>BELLUNO<\/strong> Allagamenti di scantinati e garage soprattutto a Mussoi e Levego, tanti fulmini che non hanno causato danni ma mancanza di corrente anche se per tempi brevi. Alle 19 temporale intenso con tanta pioggia e forti raffiche di vento, viabilit\u00e0 difficoltosa. Il maltempo ha interessato il longaronese, Belluno e poi anche il feltrino. Oltre 20 interventi a Belluno in via Sopracorda, Brigata Marche, Ponte Alpini, San Francesco (detriti franati), via Tilman, via Feltre, Agordo, sulla ss 50, sulla ss 204 verso i Casoni, via Agordo, Favero, Piero Gobbetti, Mares, via Maddonnetta a Feltre e Pedavena. Danni d&#8217;acqua in genere sulla strada con tanti detriti. A finire sott&#8217;acqua soprattutto garage e scantinati e tante strade allagate e\u00a0 bloccate\u00a0 anche per i rifiuti precipitati in carreggiata. Impegnati i vigili del fuoco permanenti e volontari di Belluno e Alpago.<\/p>\n<blockquote><p><strong>LA BELLA NOTIZIA:<\/strong> Sta per riaprire la strada per Schiucaz, il paese che ha rischiato di essere travolto dalla frana. La provinciale 5 di Lamosano \u00e8 chiusa da oltre un anno ed i lavori per la riapertura costeranno oltre 1 milione 300 mila euro reperiti con i fondi post Vaia per interessamento della Regione. Ricorderemo gli imponenti lavori, anche l&#8217;impegno del &#8220;bombarolo&#8221; Danilo Coppe (diplomato al Follador di Agordo) che ha fatto esplodere la frana.<\/p><\/blockquote>\n<p>&nbsp;<\/p>\n<div style=\"width: 848px;\" class=\"wp-video\"><video class=\"wp-video-shortcode\" id=\"video-154559-1\" width=\"848\" height=\"480\" preload=\"metadata\" controls=\"controls\"><source type=\"video\/mp4\" src=\"https:\/\/www.radiopiu.net\/wordpress\/wp-content\/uploads\/2020\/08\/WhatsApp-Video-2020-08-11-at-20.16.48.mp4?_=1\" \/><a href=\"https:\/\/www.radiopiu.net\/wordpress\/wp-content\/uploads\/2020\/08\/WhatsApp-Video-2020-08-11-at-20.16.48.mp4\">https:\/\/www.radiopiu.net\/wordpress\/wp-content\/uploads\/2020\/08\/WhatsApp-Video-2020-08-11-at-20.16.48.mp4<\/a><\/video><\/div>\n<p>&nbsp;<\/p>\n<hr \/>\n<p>&nbsp;<\/p>\n<blockquote>\n<h3><span style=\"color: #ff0000;\">IERI ALLA RADIO\u00a0<\/span><\/h3>\n<p>NELLA NOTTE CHIUSO E RIAPERTO PASSO GIAU, ANCHE IERI SERA NUOVE COLATE SENZA CONSEGUENZE GRAVI.<\/p><\/blockquote>\n<blockquote class=\"wp-embedded-content\" data-secret=\"ocQppGAHWU\"><p><a href=\"https:\/\/www.radiopiu.net\/wordpress\/https-wp-me-p63lo7-edd\/\">NELLA NOTTE: VENETO STRADE RIAPRE LA STRADA PER PASSO GIAU NELLA NOTTE<\/a><\/p><\/blockquote>\n<p><iframe loading=\"lazy\" class=\"wp-embedded-content\" sandbox=\"allow-scripts\" security=\"restricted\" style=\"position: absolute; clip: rect(1px, 1px, 1px, 1px);\" title=\"&#8220;NELLA NOTTE: VENETO STRADE RIAPRE LA STRADA PER PASSO GIAU NELLA NOTTE&#8221; &#8212; Radio Pi\u00f9\" src=\"https:\/\/www.radiopiu.net\/wordpress\/https-wp-me-p63lo7-edd\/embed\/#?secret=ocQppGAHWU\" data-secret=\"ocQppGAHWU\" width=\"600\" height=\"338\" frameborder=\"0\" marginwidth=\"0\" marginheight=\"0\" scrolling=\"no\"><\/iframe><\/p>\n<p>&nbsp;<\/p>\n<blockquote><p>&nbsp;<\/p><\/blockquote>\n<hr \/>\n<p>&nbsp;<\/p>\n<blockquote>\n<h3>ATTENTI AL LUPO, ALTRE 4 PECORE SOTTO AI SUOI DENTI<\/h3>\n<\/blockquote>\n<p><strong>ALPAGO<\/strong> Questa volta non sono finite in piazza o su qualche rotonda ma il problema esiste eccome. Altre 4 pecore predate all&#8217;azienda Fullin che ne ha gi\u00e0 sotterrato 104. E&#8217; successo nel fine settimana a Codenzano e non \u00e8 servito nemmeno il recinto elettrico perch\u00e9 l&#8217;animale ha scavato per poi entrare dentro il recinto. In Alpago chi alleva le pecore per hobby sta mollando.<\/p>\n<p>&nbsp;<\/p>\n<hr \/>\n<p>&nbsp;<\/p>\n<blockquote>\n<h3>FURTO CON LA LUCE DEL SOLE IN CENTRO <strong>\u00a0<\/strong><\/h3>\n<\/blockquote>\n<p><strong>BELLUNO<\/strong> Svaligiato l&#8217;appartamento di un anziano in via Feltre. Un 70enne si \u00e8 accorto di essere stato derubato, quando \u00e8 rientrato, nel tardo pomeriggio. Bottino un orologio d&#8217;oro, un paio di bracciali e alcuni anelli per un valore complessivo di diverse migliaia di euro. Il pensionato \u00e8 uscito dalla propria abitazione di buon mattina\u00a0 da via al Casinet. Il ladro ha portato via tutto quello che poteva, lasciando un grande disordini. Indagano i carabinieri nonrisulta che, in zona, ci siano stati degli altri furti<\/p>\n<p>&nbsp;<\/p>\n<p>&nbsp;<\/p>\n<hr \/>\n<p>&nbsp;<\/p>\n<blockquote>\n<h3>ALLA GUIDA UBRIACA CENTRA LA ROTONDA<\/h3>\n<\/blockquote>\n<p><strong>LONGARONE<\/strong>\u00a0 Incidente alla rotonda e la conducente aveva bevuto. Incidente\u00a0 luned\u00ec sera tra via Roma e la strada provinciale 251. La bellunese C.D.R. era alla guida della sua Renault Captur, quando uscita dalla rotatoria ha improvvisamente invaso la corsia opposta scontrandosi con la Volkswagen. Danni per entrambi i mezzi ma fortunatamente nessun ferito.\u00a0 All&#8217;etilometro le due prove sulla donna hanno dato valori intorno ai due grammi per litro di sangue. Guida in stato di ebbrezza con incidente e il rischio della sospensione o della revoca della patente.<\/p>\n<p>&nbsp;<\/p>\n<p>&nbsp;<\/p>\n<hr \/>\n<blockquote>\n<h3 class=\"entry-title\"><\/h3>\n<h3 class=\"entry-title\">\u201cSE IL COMUNE DI LIVINALLONGO HA L\u2019AUTO BLU? PIU\u2019 DI UNA DI DIVERSO COLORE, ESCAVATORE, GOMMATA, PICK UP, FRESA\u2026E POI UTILIZZO LA MIA MACCHINA\u201d<\/h3>\n<\/blockquote>\n<p><strong><img loading=\"lazy\" decoding=\"async\" class=\"alignleft jetpack-lazy-image jetpack-lazy-image--handled\" src=\"https:\/\/i0.wp.com\/www.radiopiu.net\/wordpress\/wp-content\/uploads\/2018\/11\/WhatsApp-Image-2018-11-07-at-18.34.16.jpeg?resize=264%2C198&amp;ssl=1\" width=\"264\" height=\"198\" data-recalc-dims=\"1\" data-lazy-loaded=\"1\" \/>LIVINALLONGO<\/strong>\u00a0Luned\u00ec abbiamo pubblicato un comunicato a sostegno dei nostri sindaci, spremuti da Vaia, chiamati a troppe responsabilit\u00e0 con l\u2019emergenza covid19 al punto che se avessero deciso di scendere a Belluno restituendo fascia tricolore e chiavi del Municipio all\u2019Organo di Governo avrebbero avuto due ali di folla a scortarli tra gli applausi. Uno stipendio da \u201cfame\u201d, ore su ore tra Municipio, strade franate, abitazioni da evacuare e gente da aiutare nei giorni di Vaia. Uno stipendio che sarebbe interessante analizzare per capire quanti euro l\u2019ora vale il <img loading=\"lazy\" decoding=\"async\" class=\"size-medium wp-image-65681 alignright jetpack-lazy-image jetpack-lazy-image--handled\" src=\"https:\/\/i1.wp.com\/www.radiopiu.net\/wordpress\/wp-content\/uploads\/2018\/11\/2.jpeg?resize=300%2C200&amp;ssl=1\" sizes=\"auto, (max-width: 300px) 100vw, 300px\" srcset=\"https:\/\/i1.wp.com\/www.radiopiu.net\/wordpress\/wp-content\/uploads\/2018\/11\/2.jpeg?resize=300%2C200&amp;ssl=1 300w, https:\/\/i1.wp.com\/www.radiopiu.net\/wordpress\/wp-content\/uploads\/2018\/11\/2.jpeg?resize=768%2C512&amp;ssl=1 768w, https:\/\/i1.wp.com\/www.radiopiu.net\/wordpress\/wp-content\/uploads\/2018\/11\/2.jpeg?resize=1024%2C682&amp;ssl=1 1024w, https:\/\/i1.wp.com\/www.radiopiu.net\/wordpress\/wp-content\/uploads\/2018\/11\/2.jpeg?w=1600&amp;ssl=1 1600w\" alt=\"\" width=\"300\" height=\"200\" data-recalc-dims=\"1\" data-lazy-loaded=\"1\" \/>lavoro di un primo cittadino chiamato a controllare \u201cisolati\u201d e positivi nei giorni del coronavirus. Nelle ultime settimane gli sono stati riservati titoloni perch\u00e9 in busta paga \u00e8 arrivato l\u2019aumento. Se nei giorni di Vaia il sindaco di Roma Virginia Raggi guadagnava attorno agli 8000 euro i primi cittadini dei Comuni arroccati sulle montagne hanno fatto i conti con poco pi\u00f9 di 1200 euro lordi perch\u00e9 sono ben pochi i Comuni che contano pi\u00f9 di 3000 abitanti se abbarbicati\u00a0 tra le crode. Molto spesso abbiamo avuto modo di vederli girare con le loro auto e con le giacche a vento recuperate dall\u2019armadio del <em>\u201cquando andavo a sciare\u201d<\/em>\u00a0 mica erano intabarrati nelle divise fosforescenti che i politici amano indossare nelle sfilate tra elicottero e strade fangose. Ecco perch\u00e9 quando si parla di bonus da 600 euro o comunque di aiuti di Stato il nostro sindaco non va confuso con il consigliere regionale che nei giorni del Lockdown era tappato in casa (eccetto coloro che tutti i giorni sono scesi a Marghera per tenere sotto controllo l\u2019epidemia) oppure con il Deputato impossibilitato a raggiungere Roma per il blocco dei voli aerei o dei treni, tanto c\u2019\u00e8 lo smart working.<\/p>\n<p>&nbsp;<\/p>\n<p><strong class=\"photoswipe-wrapper\"><img loading=\"lazy\" decoding=\"async\" class=\"wp-image-35242 alignleft jetpack-lazy-image jetpack-lazy-image--handled\" src=\"https:\/\/i1.wp.com\/www.radiopiu.net\/wordpress\/wp-content\/uploads\/2017\/08\/Leandro-Grones-e1550756704790-300x200.jpg?resize=137%2C91&amp;ssl=1\" sizes=\"auto, (max-width: 137px) 100vw, 137px\" srcset=\"https:\/\/i0.wp.com\/www.radiopiu.net\/wordpress\/wp-content\/uploads\/2017\/08\/Leandro-Grones-e1550756704790.jpg?resize=300%2C200&amp;ssl=1 300w, https:\/\/i0.wp.com\/www.radiopiu.net\/wordpress\/wp-content\/uploads\/2017\/08\/Leandro-Grones-e1550756704790.jpg?resize=768%2C512&amp;ssl=1 768w, https:\/\/i0.wp.com\/www.radiopiu.net\/wordpress\/wp-content\/uploads\/2017\/08\/Leandro-Grones-e1550756704790.jpg?resize=1024%2C682&amp;ssl=1 1024w, https:\/\/i0.wp.com\/www.radiopiu.net\/wordpress\/wp-content\/uploads\/2017\/08\/Leandro-Grones-e1550756704790.jpg?w=1280&amp;ssl=1 1280w\" alt=\"\" width=\"137\" height=\"91\" data-recalc-dims=\"1\" data-lazy-loaded=\"1\" \/>AI MICROFONI DI RADIO PIU IL SINDACO DI LIVINALLONGO LEANDRO GRONES<\/strong><\/p>\n<audio class=\"wp-audio-shortcode\" id=\"audio-154559-2\" preload=\"none\" style=\"width: 100%;\" controls=\"controls\"><source type=\"audio\/mpeg\" src=\"https:\/\/www.radiopiu.net\/wordpress\/wp-content\/uploads\/2020\/08\/LEANDRO-3.mp3?_=2\" \/><a href=\"https:\/\/www.radiopiu.net\/wordpress\/wp-content\/uploads\/2020\/08\/LEANDRO-3.mp3\">https:\/\/www.radiopiu.net\/wordpress\/wp-content\/uploads\/2020\/08\/LEANDRO-3.mp3<\/a><\/audio>\n<p>&nbsp;<\/p>\n<blockquote class=\"wp-embedded-content\" data-secret=\"hXjT6bwOKm\"><p><a href=\"https:\/\/www.radiopiu.net\/wordpress\/no-allantipolitica-che-passa-sopra-a-tutto\/\">NO ALL&#8217;ANTIPOLITICA CHE PASSA SOPRA A TUTTO<\/a><\/p><\/blockquote>\n<p><iframe loading=\"lazy\" class=\"wp-embedded-content\" sandbox=\"allow-scripts\" security=\"restricted\" style=\"position: absolute; clip: rect(1px, 1px, 1px, 1px);\" title=\"&#8220;NO ALL&#8217;ANTIPOLITICA CHE PASSA SOPRA A TUTTO&#8221; &#8212; Radio Pi\u00f9\" src=\"https:\/\/www.radiopiu.net\/wordpress\/no-allantipolitica-che-passa-sopra-a-tutto\/embed\/#?secret=hXjT6bwOKm\" data-secret=\"hXjT6bwOKm\" width=\"600\" height=\"338\" frameborder=\"0\" marginwidth=\"0\" marginheight=\"0\" scrolling=\"no\"><\/iframe><\/p>\n<p>&nbsp;<\/p>\n<hr \/>\n<p>&nbsp;<\/p>\n<blockquote>\n<h3>ANCH&#8217;IO HO RICEVUTO IL BONUS PER LA MIA ATTIVITA&#8217;. E ALLORA? QUALCUNO HA QUALCHE COSA DA RIDIRE?<\/h3>\n<\/blockquote>\n<p><strong>ROCCA PIETORE<\/strong> Abbiamo chiesto ad Andrea De Bernardin sindaco di Rocca Pietore un commento a quanto pubblicato nel pomeriggio a difesa dei sindaci &#8220;sfruttati&#8221; per pochi euro dal datore di lavoro che si chiama Governo. Ne \u00e8 uscito un potente sfogo.<\/p>\n<p>&nbsp;<\/p>\n<blockquote><p><em><img loading=\"lazy\" decoding=\"async\" class=\"alignleft\" src=\"https:\/\/www.radiopiu.net\/wordpress\/wp-content\/uploads\/2015\/10\/andrea-de-bernardin-tuttacronaca.jpg\" width=\"219\" height=\"129\" \/>Sono le 19.30. Sono appena rientrato da una giornata intensa in Comune. Per me martedi \u00e8 giorno di chiusura della mia attivit\u00e0 e durante la stagione estiva il martedi lo trascorro in Comune. Cerco di raggruppare il pi\u00f9 possibile il lavoro del municipio il martedi e questa diventa gioco forza una giornata piuttosto pesante. Nei 7 mesi in cui invece non ho l&#8217;attivit\u00e0 turistica aperta dedico davvero molte ore al municipio e questo lo possono constatare senza problemi gli abitanti delle case vicine al municipio, i quali mi vedono o perlomeno vedono la mia auto parcheggiata. Perch\u00e9 anche io mi muovo con la mia auto. Anche perch\u00e9 il Comune ha una auto sola di servizio ed \u00e8 a uso dei dipendenti degli uffici, degli operai e all&#8217;occorrenza dei vigili. Il bonus di 600 euro l&#8217;ho ricevuto anche io per la mia attivit\u00e0 e non \u00e8 un problema sbandierarlo. Ne ho fatto richiesta e me lo hanno dato. Anche io percepisco come il collega di Livinallongo 1070 euro al mese al netto delle tasse. E nemmeno questo ho bisogno di tenerlo nascosto. Se qualcuno \u00e8 invidioso della mia posizione da Sindaco non deve far altro che candidarsi alle prossime comunali e provare l&#8217;ebrezza di guidare l&#8217;amministrazione. Per non parlare dei miei colleghi, i quali percepiscono 100 (assessore) o 200 (vicesindaco) euro al mese se in giunta e circa 7 euro (sette) circa al mese come consiglieri comunali. Magari il bonus lo hanno richiesto anche loro. E allora? Qualcuno ha qualcosa da ridire?<\/em><\/p><\/blockquote>\n<p>&nbsp;<\/p>\n<blockquote><p>&nbsp;<\/p><\/blockquote>\n<hr \/>\n<p>&nbsp;<\/p>\n<div class=\"page-title-head hgroup\">\n<blockquote>\n<h3 class=\"entry-title\">CONSIGLI PER UNA MONTAGNA IN SICUREZZA<\/h3>\n<\/blockquote>\n<\/div>\n<div class=\"page-title-breadcrumbs\">\n<p><img decoding=\"async\" class=\"alignleft jetpack-lazy-image jetpack-lazy-image--handled\" src=\"https:\/\/i2.wp.com\/www.radiopiu.net\/wordpress\/wp-content\/uploads\/2018\/08\/soccorsoalpino.jpg?resize=300%2C300&amp;ssl=1\" data-recalc-dims=\"1\" data-lazy-loaded=\"1\" \/>Dato l\u2019aumento degli interventi dovuto anche alla maggiore frequentazione delle montagne, seguita ai mesi di emergenza Covid \u2013 19 ecco alcuni consigli per organizzare le proprie gite in modo sicuro. Scegliere escursioni e salite commisurate alla propria preparazione tecnica e alla propria condizione psico-fisica; non sopravvalutare mai le capacit\u00e0 individuali e considerare sempre i limiti di ciascuno.<br \/>\nPreparare l\u2019escursione, studiando il percorso con carte topografiche e guide aggiornate e assumendo informazioni dalle locali previsioni meteo aggiornate.<br \/>\nRicordiamo che per schianti e frane alcuni sentieri risultano impraticabili, \u00e8 quindi fondamentale rivolgersi alle Sezioni del Cai del posto, alle Guide alpine, ai gestori dei Rifugi. Sempre meglio essere in compagnia per contare sull\u2019aiuto reciproco in caso di difficolt\u00e0. Verificare costantemente le condizioni del percorso; in caso di imprevisti (difficolt\u00e0 elevate, pericoli ambientali, maltempo e altro) ricordare che una rinuncia non \u00e8 mai disonorevole. Controllare lo zaino, che contenga un ricambio completo asciutto, cibo e soprattutto delle bevande. Un piccolo kit di pronto soccorso e una pila frontale non devono mancare. Vestirsi in modo appropriato con particolare attenzione alle calzature; sempre utile, anche nella bella stagione e a bassa quota, una giacca anti pioggia\/vento e abbigliamento pesante. Attrezzarsi adeguatamente in relazione all\u2019attivit\u00e0 programmata, al percorso, alla quota e alla stagione. Lasciare detto ai familiari l\u2019itinerario e la meta, non variarla se non per necessit\u00e0 e avvisare al rientro.<\/p>\n<p>Se ci si trovasse in difficolt\u00e0, non bisogna farsi prendere dal panico, ma mettersi in posizione di sicurezza e attendere i soccorsi. Non affidarsi mai unicamente a strumenti tecnologici (smartphone, gps, ecc.), sicuramente utili, ma non in grado di proteggere in assoluto dai guai. E ricordarsi di osservare le norme vigenti in materia di Covid \u2013 19.<\/p>\n<h3>Come allertare i soccorsi<\/h3>\n<p>In caso di bisogno in ambiente impervio e ostile \u2013 che manifesta comunque sempre un potenziale di pericolo per il rischio evolutivo \u2013 il numero da contattare in Veneto per allertare il Servizio sanitario e il Soccorso alpino e speleologico \u00e8 tuttora il 118, non essendo ancora stato attivato nella nostra regione il 112 quale numero unico di emergenza. Al 112 \u2013 che resta nelle zone di assenza di copertura l\u2019unico attivabile \u2013 rispondono ancora i Carabinieri, che provvederanno subito a trasferire la chiamata al 118. Alla Centrale del 118 risponder\u00e0 un operatore che, in base alla situazione in corso, stabilir\u00e0 quale tipo di intervento, mezzi e personale siano necessari. Qualora si contatti il 118, bisogna cercare di non spostarsi dal luogo in cui ci si trova: si faciliter\u00e0 l\u2019individuazione da parte dei soccorritori; si potrebbe non essere pi\u00f9 raggiungibili telefonicamente a poca distanza dal punto in cui prima c\u2019era copertura; cambiando luogo si potrebbe addirittura peggiorare la propria situazione. Gli operatori del 118 chiederanno tutte le informazioni indispensabili, fornendo al contempo gli opportuni consigli in attesa dell\u2019arrivo dei soccorsi.<\/p>\n<p>&nbsp;<\/p>\n<p>&nbsp;<\/p>\n<hr \/>\n<p>&nbsp;<\/p>\n<div class=\"page-title title-left solid-bg breadcrumbs-mobile-off page-title-responsive-enabled\">\n<div class=\"wf-wrap\">\n<div class=\"page-title-head hgroup\">\n<h3 class=\"entry-title\">IN 24 ORE 9 DECESSI E 57 POSITIVI IN PI\u00d9. CALANO LE TERAPIE INTENSIVE MA AUMENTANO I RICOVERI.<\/h3>\n<\/div>\n<div class=\"page-title-breadcrumbs\">\n<p><strong>Mirko Mezzacasa\u00a0<\/strong><\/p>\n<p>Brusca impennata dei casi di postivit\u00e0 in Italia, 412 in pi\u00f9 in sole 24 ore, lunedi se ne erano contati 259, in aumento il numero delle vittime: lunedi 4 e ieri 6. Le persone ricoverate sono oltre 800, una cinquantina in terapia intensiva. In Veneto nelle ultime 24 ore 9 decessi, 5 in ospedale non accadeva da giorni. Sono 57 i nuovi casi di contagio, 1313 attualmente positivi, oltre 5300 le persone in quarantena, ieri se ne sono aggiunte altre 10. In provincia pur non riportati nella tabella di Azienda Zero altri due contagi, un secondo giovane tornato dalle vacanze in Grecia e un caso ri-positivo in casa di riposo nel feltrino. La Regione attua la stretta con le nuove regole per i tamponi: accertamento e ricostruzione dei contagi, test rapido per le badanti, sierologico per gli stagionali e pullman in arrivo dalla Romania.<\/p>\n<\/div>\n<\/div>\n<\/div>\n<div id=\"main\" class=\"sidebar-right sidebar-divider-vertical\">\n<div class=\"wf-wrap\">\n<div class=\"wf-container-main\">\n<div id=\"content\" class=\"content\" role=\"main\">\n<article id=\"post-154711\" class=\"post-154711 post type-post status-publish format-standard has-post-thumbnail category-news-18 category-49 description-off\">\n<div class=\"entry-content\">\n<h2>NELLE ULTIME 24 ORE<\/h2>\n<p><strong>I NUMERI\u00a0 IN VENETO:<\/strong>\u00a0TOTALE POSITIVI\u00a0 20772 (+57)\u00a0 ATTUALMENTE POSITIVI 1313 (+29)\u00a0 DECESSI\u00a0 2092 \u00a0(+9) NEGATIVIZZATI\u00a0 17367 (+19) RICOVERATI\u00a0 119 (+3 \u201334 POSITIVI 85 \u00a0NEGATIVIZZATI), NEGLI OSPEDALI DI COMUNITA\u2019 RICOVERATI 16 (0 \u2013 6 POSITIVI,\u00a0 10 NEGATIVIZZATI), IN TERAPIA INTENSIVA 8 (-2 \u2013 5 POSITIVI, \u00a03 NEGATIVIZZATI). DIMESSI 3774 (+7) NEGLI OSPEDALI AREA NON CRITICA 330 (0) \u00a0<strong>I NUMERI IN PROVINCIA:<\/strong>\u00a0TOTALE CONTAGI 1213 (0) , ATTUALMENTE POSITIVI 12 (+1) , DECEDUTI 113 (0), NEGATIVIZZATI 1088 \u00a0(-1) RICOVERATI IN OSPEDALE AL SAN MARTINO 0<\/p>\n<\/div>\n<\/article>\n<\/div>\n<\/div>\n<\/div>\n<\/div>\n<p>&nbsp;<\/p>\n<p>&nbsp;<\/p>\n<hr \/>\n<p>&nbsp;<\/p>\n<p>&nbsp;<\/p>\n<blockquote class=\"wp-embedded-content\" data-secret=\"bV746jJj4p\"><p><a href=\"https:\/\/www.radiopiu.net\/wordpress\/coronavirus-aggiornamento-nazionale-11-agosto\/\">CORONAVIRUS: AGGIORNAMENTO NAZIONALE 11 AGOSTO<\/a><\/p><\/blockquote>\n<p><iframe loading=\"lazy\" class=\"wp-embedded-content\" sandbox=\"allow-scripts\" security=\"restricted\" style=\"position: absolute; clip: rect(1px, 1px, 1px, 1px);\" title=\"&#8220;CORONAVIRUS: AGGIORNAMENTO NAZIONALE 11 AGOSTO&#8221; &#8212; Radio Pi\u00f9\" src=\"https:\/\/www.radiopiu.net\/wordpress\/coronavirus-aggiornamento-nazionale-11-agosto\/embed\/#?secret=bV746jJj4p\" data-secret=\"bV746jJj4p\" width=\"600\" height=\"338\" frameborder=\"0\" marginwidth=\"0\" marginheight=\"0\" scrolling=\"no\"><\/iframe><\/p>\n<p>&nbsp;<\/p>\n<hr \/>\n<p>&nbsp;<\/p>\n<blockquote class=\"wp-embedded-content\" data-secret=\"cW51XZF1Go\"><p><a href=\"https:\/\/www.radiopiu.net\/wordpress\/in-24-ore-9-decessi-e-57-positivi-in-piu-calano-le-terapie-intensive-ma-aumentano-i-ricoveri-a-belluno-un-paziente-ritorna-positivo\/\">IN 24 ORE 9 DECESSI E 57 POSITIVI IN PI\u00d9. CALANO LE TERAPIE INTENSIVE MA AUMENTANO I RICOVERI. A BELLUNO UN PAZIENTE RITORNA POSITIVO<\/a><\/p><\/blockquote>\n<p><iframe loading=\"lazy\" class=\"wp-embedded-content\" sandbox=\"allow-scripts\" security=\"restricted\" style=\"position: absolute; clip: rect(1px, 1px, 1px, 1px);\" title=\"&#8220;IN 24 ORE 9 DECESSI E 57 POSITIVI IN PI\u00d9. CALANO LE TERAPIE INTENSIVE MA AUMENTANO I RICOVERI. A BELLUNO UN PAZIENTE RITORNA POSITIVO&#8221; &#8212; Radio Pi\u00f9\" src=\"https:\/\/www.radiopiu.net\/wordpress\/in-24-ore-9-decessi-e-57-positivi-in-piu-calano-le-terapie-intensive-ma-aumentano-i-ricoveri-a-belluno-un-paziente-ritorna-positivo\/embed\/#?secret=cW51XZF1Go\" data-secret=\"cW51XZF1Go\" width=\"600\" height=\"338\" frameborder=\"0\" marginwidth=\"0\" marginheight=\"0\" scrolling=\"no\"><\/iframe><\/p>\n<p>&nbsp;<\/p>\n<p>&nbsp;<\/p>\n<hr \/>\n<p>&nbsp;<\/p>\n<p>&nbsp;<\/p>\n<div class=\"page-title-head hgroup\">\n<blockquote>\n<h3 class=\"entry-title\">SECONDO BELLUNESE POSITIVO DOPO LE VACANZE A MALTA. UN RI-POSITIVO IN CASA DI RIPOSO<\/h3>\n<\/blockquote>\n<\/div>\n<p class=\"page-title-breadcrumbs\"><strong class=\"photoswipe-wrapper\"><img loading=\"lazy\" decoding=\"async\" class=\"size-medium wp-image-121260 alignleft jetpack-lazy-image jetpack-lazy-image--handled\" src=\"https:\/\/i1.wp.com\/www.radiopiu.net\/wordpress\/wp-content\/uploads\/2020\/03\/covid-ulss.jpg?resize=300%2C225&amp;ssl=1\" sizes=\"auto, (max-width: 300px) 100vw, 300px\" srcset=\"https:\/\/i1.wp.com\/www.radiopiu.net\/wordpress\/wp-content\/uploads\/2020\/03\/covid-ulss.jpg?resize=300%2C225&amp;ssl=1 300w, https:\/\/i1.wp.com\/www.radiopiu.net\/wordpress\/wp-content\/uploads\/2020\/03\/covid-ulss.jpg?resize=768%2C576&amp;ssl=1 768w, https:\/\/i1.wp.com\/www.radiopiu.net\/wordpress\/wp-content\/uploads\/2020\/03\/covid-ulss.jpg?w=800&amp;ssl=1 800w\" alt=\"\" width=\"300\" height=\"225\" data-recalc-dims=\"1\" data-lazy-loaded=\"1\" \/>BELLUNO<\/strong> Il\u00a0 \u00a0Laboratorio della Ulss1 Dolomiti ha comunicato al Dipartimento di Prevenzione la positivit\u00e0 di un tampone relativo ad un compagno di viaggio (gi\u00e0 isolato) del giovane soggetto COVID positivo rientrato alcuni giorni fa da Malta. Si tratta quindi di un parallelo secondo caso di importazione che configura un piccolo focolaio. Tutti gli altri contatti stretti del primo soggetto positivo sono risultati negativi al tampone. Il contact tracing immediatamente allargato ha messo in evidenza che i contatti del secondo caso positivo sono quasi tutti coincidenti con quelli del primo caso e quindi sono gi\u00e0 stati controllati. Oltre a ci\u00f2 si segnala una inattesa ri-positivizzazione COVID (nell\u2019ambito dei controlli di routine) in un ospite di una casa di riposo del feltrino. Il soggetto era risultato positivo oltre tre mesi fa, durante la fase epidemica, per poi negativizzarsi e rimanere negativo a quattro successivi tamponi di screening. La positivit\u00e0 riscontrata oggi sar\u00e0 oggetto di verifica immediata, pur assicurando l\u2019assoluto isolamento del paziente e del compagno di stanza, isolamento di fatto gi\u00e0 operativo.<\/p>\n<p>&nbsp;<\/p>\n<p>&nbsp;<\/p>\n<hr \/>\n<p>&nbsp;<\/p>\n<\/div>\n<blockquote>\n<h3>IL GRUPPO DI MINORANZA DEL COMUNE DI FELTRE CHIEDE UNA CONVOCAZIONE URGENTE<\/h3>\n<\/blockquote>\n<p><strong><a class=\"dt-pswp-item\" href=\"https:\/\/www.radiopiu.net\/wordpress\/wp-content\/uploads\/2020\/06\/94e3b68b-d386-4f94-8aa8-30105c25932b.jpg\" data-dt-img-description=\"\" data-large_image_width=\"960\" data-large_image_height=\"720\"><img loading=\"lazy\" decoding=\"async\" class=\"size-medium wp-image-145789 alignleft\" src=\"https:\/\/www.radiopiu.net\/wordpress\/wp-content\/uploads\/2020\/06\/94e3b68b-d386-4f94-8aa8-30105c25932b-300x225.jpg\" alt=\"\" width=\"300\" height=\"225\" srcset=\"https:\/\/www.radiopiu.net\/wordpress\/wp-content\/uploads\/2020\/06\/94e3b68b-d386-4f94-8aa8-30105c25932b-300x225.jpg 300w, https:\/\/www.radiopiu.net\/wordpress\/wp-content\/uploads\/2020\/06\/94e3b68b-d386-4f94-8aa8-30105c25932b-768x576.jpg 768w, https:\/\/www.radiopiu.net\/wordpress\/wp-content\/uploads\/2020\/06\/94e3b68b-d386-4f94-8aa8-30105c25932b.jpg 960w\" sizes=\"auto, (max-width: 300px) 100vw, 300px\" \/><\/a>FELTRE<\/strong> Il gruppo di minoranza del comune di Feltre, &#8220;Cambiare per Feltre&#8221;, ha chiesto una convocazione urgente per fare chiarezza su alcuni aspetti.<\/p>\n<blockquote><p><b>l&#8217;intervento della minoranza<\/b><\/p>\n<p>Con grande fatica, in questo particolare periodo che stiamo vivendo, cerchiamo attraverso i canali<span class=\"Apple-converted-space\">\u00a0 <\/span>istituzionali del Comune di Feltre e gli articoli sulla stampa locale di seguire le varie iniziative che l\u2019Amministrazione feltrina intraprende.<span class=\"Apple-converted-space\">\u00a0\u00a0<\/span>Siamo costretti ad operare in questo modo e nello specifico per gli argomenti inerenti le opere pubbliche perch\u00e9 ormai vi \u00e8 la cattiva abitudine di non discutere pi\u00f9 nella commissione preposta gli argomenti.\u00a0Cos\u00ec assistiamo ad approvazioni di progetti che nostro avviso avrebbero bisogno di approfondimenti in particolare quando vengono impegnate risorse finanziarie, anche ingenti, che l\u2019Amministrazione spende in nome e per conto della collettivit\u00e0.\u00a0L\u2019Amministrazione feltrina da tempo si arroga il diritto di decidere su interventi importanti senza seguire gli usuali protocolli che vedono normalmente coinvolti nelle apposite Commissioni anche i Consiglieri di opposizione e non \u00e8 solo una questione di forma quella che vogliamo sottolineare<span class=\"Apple-converted-space\">\u00a0 <\/span>in questo caso, ma di sostanza e lo dimostra la totale collaborazione che abbiamo dimostrato durante le prime fasi di emergenza Covid-19 con il lavoro della conferenza dei Capigruppo rinunciando al protagonismo per il bene della citt\u00e0<span class=\"Apple-converted-space\">\u00a0 <\/span>e dei suoi abitanti.\u00a0C\u2019eravamo illusi che questo modo di governare la citt\u00e0 fosse un esempio virtuoso da lasciare come esempio per chi verr\u00e0 dopo di noi ed invece questo negli ultimi tempi non sta succedendo.\u00a0Ne sono lampante esempio alcune opere come il rifacimento delle coperture delle ex scuole di Farra ed ex scuola media Luzzo, due edifici dichiarati inagibili poco tempo fa per problemi statici globali (e che non \u00e8 dato sapere nemmeno come verranno utilizzati in futuro);\u00a0la progettazione della zona del Belvedere (ascensore) la cui unica discussione \u00e8 stata una conferenza stampa di presentazione;\u00a0l\u2019esito della gara per la gestione del Palaghiaccio cittadino e la sostituzione della caldaia nell\u2019ex colonia San Paolo (prevista in vendita nel 2022);\u00a0opere e investimenti<span class=\"Apple-converted-space\">\u00a0 <\/span>che da soli comportano un impegno di spesa di oltre un milione di euro.\u00a0Cifre oltremodo rilevanti che avrebbero preteso quantomeno una discussione approfondita in modo da permettere di comprendere la congruit\u00e0 economico-progettuale dei lavori appaltati.\u00a0Per questo motivo ieri abbiamo depositato al protocollo comunale la richiesta di convocazione della Seconda Commissione <i>(urbanistica, ambiente, viabilit\u00e0, trasporti, lavori pubblici, servizi tecnologici, edilizia residenziale pubblica) <\/i>per avere conto di quanto deliberato dall\u2019Amministrazione auspicando che la stessa in futuro sia pi\u00f9 rispettosa nei confronti del lavoro dei Consiglieri Comunali<\/p><\/blockquote>\n<p>&nbsp;<\/p>\n<p>&nbsp;<\/p>\n<hr \/>\n<p>&nbsp;<\/p>\n<blockquote>\n<h3>ELEZIONI REGIONALI: PRESENTATI I 5 CANDIDATI BELLUNESI PER FORZA ITALIA<\/h3>\n<\/blockquote>\n<p><a class=\"dt-pswp-item\" href=\"https:\/\/www.radiopiu.net\/wordpress\/wp-content\/uploads\/2020\/08\/08ad945a-7c7c-4537-9898-290df52f1ab4.jpg\" data-dt-img-description=\"\" data-large_image_width=\"1024\" data-large_image_height=\"768\"><img loading=\"lazy\" decoding=\"async\" class=\"size-medium wp-image-154575 alignleft\" src=\"https:\/\/www.radiopiu.net\/wordpress\/wp-content\/uploads\/2020\/08\/08ad945a-7c7c-4537-9898-290df52f1ab4-300x225.jpg\" alt=\"\" width=\"300\" height=\"225\" srcset=\"https:\/\/www.radiopiu.net\/wordpress\/wp-content\/uploads\/2020\/08\/08ad945a-7c7c-4537-9898-290df52f1ab4-300x225.jpg 300w, https:\/\/www.radiopiu.net\/wordpress\/wp-content\/uploads\/2020\/08\/08ad945a-7c7c-4537-9898-290df52f1ab4-768x576.jpg 768w, https:\/\/www.radiopiu.net\/wordpress\/wp-content\/uploads\/2020\/08\/08ad945a-7c7c-4537-9898-290df52f1ab4.jpg 1024w\" sizes=\"auto, (max-width: 300px) 100vw, 300px\" \/><\/a>di Moreno Gioli<\/p>\n<audio class=\"wp-audio-shortcode\" id=\"audio-154559-3\" preload=\"none\" style=\"width: 100%;\" controls=\"controls\"><source type=\"audio\/mpeg\" src=\"https:\/\/www.radiopiu.net\/wordpress\/wp-content\/uploads\/2020\/08\/GIOLI-FORZA-ITALIA.mp3?_=3\" \/><a href=\"https:\/\/www.radiopiu.net\/wordpress\/wp-content\/uploads\/2020\/08\/GIOLI-FORZA-ITALIA.mp3\">https:\/\/www.radiopiu.net\/wordpress\/wp-content\/uploads\/2020\/08\/GIOLI-FORZA-ITALIA.mp3<\/a><\/audio>\n<p>&nbsp;<\/p>\n<hr \/>\n<p>&nbsp;<\/p>\n<blockquote>\n<h3>DAL DOLOMITI SUPERSKI: &#8220;SI AI NUOVI IMPIANTI PER GARANTIRE MAGGIORE ATTRATTIVITA&#8217; AI COMPRENSORI&#8221;<\/h3>\n<\/blockquote>\n<p><strong><a class=\"dt-pswp-item\" href=\"https:\/\/www.radiopiu.net\/wordpress\/wp-content\/uploads\/2020\/08\/87452828_10156950804277304_7607148888155226112_o.jpg\" data-dt-img-description=\"\" data-large_image_width=\"960\" data-large_image_height=\"717\"><img loading=\"lazy\" decoding=\"async\" class=\"size-medium wp-image-154670 alignleft\" src=\"https:\/\/www.radiopiu.net\/wordpress\/wp-content\/uploads\/2020\/08\/87452828_10156950804277304_7607148888155226112_o-300x224.jpg\" alt=\"\" width=\"300\" height=\"224\" srcset=\"https:\/\/www.radiopiu.net\/wordpress\/wp-content\/uploads\/2020\/08\/87452828_10156950804277304_7607148888155226112_o-300x224.jpg 300w, https:\/\/www.radiopiu.net\/wordpress\/wp-content\/uploads\/2020\/08\/87452828_10156950804277304_7607148888155226112_o-768x574.jpg 768w, https:\/\/www.radiopiu.net\/wordpress\/wp-content\/uploads\/2020\/08\/87452828_10156950804277304_7607148888155226112_o.jpg 960w\" sizes=\"auto, (max-width: 300px) 100vw, 300px\" \/><\/a><\/strong><\/p>\n<p>&nbsp;<\/p>\n<p><strong>TAIBON<\/strong> Il Dolomiti Superski ritiene indubbia la valenza di nuovi impianti di risalita e stimoler\u00e0 le valli a raggiungere gli obiettivi di collegamento sci ai piedi.<\/p>\n<p>Ce lo ha ricordato ieri Andy Varallo Presidente del Consorio Dolomiti Superski ponendo anche un altro obiettivo: diminuire il traffico sulle strade e quindi anche l&#8217;inquinamento ambientale. A questo proposito con Varallo abbiamo affrontato anche il tema del riscaldamento globale e i timori di non riuscire a produrre la neve.<\/p>\n<p>&nbsp;<\/p>\n<p><strong>DALLA &#8220;FABBRICA DELLE EMOZIONE&#8221; ANDY VARALLO<\/strong><\/p>\n<p><strong>di Claudio Fontanive<\/strong><\/p>\n<audio class=\"wp-audio-shortcode\" id=\"audio-154559-4\" preload=\"none\" style=\"width: 100%;\" controls=\"controls\"><source type=\"audio\/mpeg\" src=\"https:\/\/www.radiopiu.net\/wordpress\/wp-content\/uploads\/2020\/08\/VARALLO.mp3?_=4\" \/><a href=\"https:\/\/www.radiopiu.net\/wordpress\/wp-content\/uploads\/2020\/08\/VARALLO.mp3\">https:\/\/www.radiopiu.net\/wordpress\/wp-content\/uploads\/2020\/08\/VARALLO.mp3<\/a><\/audio>\n<p>&nbsp;<\/p>\n<p>&nbsp;<\/p>\n<p>&nbsp;<\/p>\n<p>&nbsp;<\/p>\n<hr \/>\n<blockquote>\n<h3>GLI OPERATORI DEL NEVEGAL LANCIANO UN VIDEO PROMOZIONALE CON LE ATTIVIT\u00c0 DEL COLLE<\/h3>\n<\/blockquote>\n<p><a class=\"dt-pswp-item\" href=\"https:\/\/www.radiopiu.net\/wordpress\/wp-content\/uploads\/2020\/08\/0877e45a-b9af-4054-8984-10d571537dee.jpg\" data-dt-img-description=\"\" data-large_image_width=\"1600\" data-large_image_height=\"737\"><img loading=\"lazy\" decoding=\"async\" class=\"size-medium wp-image-154611 alignleft\" src=\"https:\/\/www.radiopiu.net\/wordpress\/wp-content\/uploads\/2020\/08\/0877e45a-b9af-4054-8984-10d571537dee-300x138.jpg\" alt=\"\" width=\"300\" height=\"138\" srcset=\"https:\/\/www.radiopiu.net\/wordpress\/wp-content\/uploads\/2020\/08\/0877e45a-b9af-4054-8984-10d571537dee-300x138.jpg 300w, https:\/\/www.radiopiu.net\/wordpress\/wp-content\/uploads\/2020\/08\/0877e45a-b9af-4054-8984-10d571537dee-1024x472.jpg 1024w, https:\/\/www.radiopiu.net\/wordpress\/wp-content\/uploads\/2020\/08\/0877e45a-b9af-4054-8984-10d571537dee-768x354.jpg 768w, https:\/\/www.radiopiu.net\/wordpress\/wp-content\/uploads\/2020\/08\/0877e45a-b9af-4054-8984-10d571537dee-1536x708.jpg 1536w, https:\/\/www.radiopiu.net\/wordpress\/wp-content\/uploads\/2020\/08\/0877e45a-b9af-4054-8984-10d571537dee.jpg 1600w\" sizes=\"auto, (max-width: 300px) 100vw, 300px\" \/><\/a>di Moreno Gioli<\/p>\n<audio class=\"wp-audio-shortcode\" id=\"audio-154559-5\" preload=\"none\" style=\"width: 100%;\" controls=\"controls\"><source type=\"audio\/mpeg\" src=\"https:\/\/www.radiopiu.net\/wordpress\/wp-content\/uploads\/2020\/08\/GIOLI-NEVEGAL.mp3?_=5\" \/><a href=\"https:\/\/www.radiopiu.net\/wordpress\/wp-content\/uploads\/2020\/08\/GIOLI-NEVEGAL.mp3\">https:\/\/www.radiopiu.net\/wordpress\/wp-content\/uploads\/2020\/08\/GIOLI-NEVEGAL.mp3<\/a><\/audio>\n<p>&nbsp;<\/p>\n<p><em><strong>(in foto gli operatori e creatori del video)<\/strong><\/em><\/p>\n<p>&nbsp;<\/p>\n<p>&nbsp;<\/p>\n<hr \/>\n<p>&nbsp;<\/p>\n<p>&nbsp;<\/p>\n<blockquote>\n<h3>ALLE SCUOLE DI RONCE LA SEDE DEL NUOVO CONSORZIO FORESTALE<\/h3>\n<\/blockquote>\n<p><strong>BELLUNO<\/strong>\u00a0\u201cIl territorio ha bisogno di cura e manutenzioni&#8221; \u00e8 l&#8217;appello dell&#8217;associazione Belluno Alpina che ha gi\u00e0 individuato nelle ex scuole di Ronce la possibile sede del nuovo consorzio forestale.<em> \u201cQuesto \u00e8 il progetto che porteremo al prossimo incontro del tavolo antispopolamento coordinato dal comune di Belluno e dall&#8217;assessore Giannone\u201d<\/em> spiega il presidente Gimmy Dal Farra.<em> \u201cL&#8217;edificio chiuso ormai da diversi anni non deve essere trasformato in abitazione, ma deve restare un presidio per la comunit\u00e0: si trova in posizione centrale rispetto all&#8217;intero comprensorio Quantin-Nevegal-Ronce-Valmorel&#8221;<\/em>. Dal Farra continua ricordando la visita dello scorso febbraio ai consorzi forestali della Lombardia e ne sottolinea l&#8217;indispensabilit\u00e0 per i territori di montagna. <em>&#8220;Se vogliamo puntare sul turismo e contrastare lo spopolamento, servono sentieri e prati puliti, anche per tenere lontani pericoli per la salute come le zecche. Il consorzio forestale, magari anche con il supporto di qualche privato, \u00e8 la soluzione migliore per le nostre zone. Per questo chiediamo ai sindaci dei tre comuni che formalizzino in fretta una decisione su questo tema, per il quale siamo pronti a coinvolgere anche la provincia e la regione per studiare ogni tipo di collaborazione possibile.<\/em><\/p>\n<p>&nbsp;<\/p>\n<p>&nbsp;<\/p>\n<hr \/>\n<p>&nbsp;<\/p>\n<p>&nbsp;<\/p>\n<blockquote>\n<h3>LA FESTA LADINA DI S\u00c1NTA MARIA MAIOU SI SPOSTA SULLA MONTAGNA DEL CHERZ<\/h3>\n<\/blockquote>\n<p><strong><a class=\"dt-pswp-item\" href=\"https:\/\/www.radiopiu.net\/wordpress\/wp-content\/uploads\/2020\/08\/FESTA-SANTA-MARIA-MAIOU.jpg\" data-dt-img-description=\"\" data-large_image_width=\"620\" data-large_image_height=\"415\"><img loading=\"lazy\" decoding=\"async\" class=\"size-medium wp-image-154566 alignleft\" src=\"https:\/\/www.radiopiu.net\/wordpress\/wp-content\/uploads\/2020\/08\/FESTA-SANTA-MARIA-MAIOU-300x201.jpg\" alt=\"\" width=\"300\" height=\"201\" srcset=\"https:\/\/www.radiopiu.net\/wordpress\/wp-content\/uploads\/2020\/08\/FESTA-SANTA-MARIA-MAIOU-300x201.jpg 300w, https:\/\/www.radiopiu.net\/wordpress\/wp-content\/uploads\/2020\/08\/FESTA-SANTA-MARIA-MAIOU.jpg 620w\" sizes=\"auto, (max-width: 300px) 100vw, 300px\" \/><\/a>LIVINALLONGO\u00a0<\/strong>La festa ladina di S\u00e1nta Maria Maiou si sposta sulla montagna del Cherz e festeggia la 40\u00b0 edizione. Il 15 agosto, giorno dell\u2019Assunta, la vallata fodoma non rinuncer\u00e0 alla sua festa ladina per antonomasia, quella dei fiori benedetti portati dalle donne con l\u2019abito tradizionale. Per ovviare alle norme imposte dall\u2019emergenza sanitaria, che avrebbero limitato la partecipazione alla S. Messa nella chiesa parrocchiale di Pieve ad una capienza di poco pi\u00f9 di 70 persone. l\u2019Union dei Ladins da Fodom, che insieme al Comune organizza l\u2019evento e con il consenso della Parrocchia, ha deciso di trasferire la celebrazione all\u2019aperto sugli ampi prati della montagna del Cherz, in localit\u00e0 La Viza. La festa, cos\u00ec come tutti la conoscono, quest\u2019anno assume un sapore ed un\u2019importanza particolare. Ovvero il traguardo delle 40 edizioni. Era il 1981 quando il compianto Benigno \u201cGobo\u201d, insieme all\u2019allora presidente dell\u2019Union dei Ladins da Fodom Bruna Grones, per rivitalizzare e tramandare l\u2019antica tradizione contadina della benedizione dei fiori in occasione della ricorrenza religiosa dell\u2019Assunta, lanciarono l\u2019appello a tutte le donne fodome di rispolverare l\u2019abito tradizionale e ritrovarsi a Pieve con mazzi e cesti di fiori. Dopo la S.Messa ci fu la sfilata fino in Piazza Nuova, accompagnata dai canti del Coro Fodom e dalle fisarmoniche. Fu subito un successo. Oltre 100 le donne che parteciparono che raddoppiarono solo alcuni anni dopo. Per l\u2019occasione nacque anche il Premio Santa Maria Maiou, che Union dei Ladins e Comune conferiscono ogni anno a persone o associazioni che si sono distinte nel campo del sociale o della cultura. Un rituale che si potr\u00e0 quindi ripetere, ad esclusione solamente della tradizionale sfilata con i carri delle Vicinie. Questo il programma. Alle 11:00 S. Messa in localit\u00e0 La Viza, accompagnata dal Coro Parrocchiale S.Giacomo, con la partecipazione delle donne e delle associazioni con i costumi tradizionali\u00a0 Sch\u00fctzen e Gruppo Folk e la benedizione dei fiori. Al termine la premiazione dei benemeriti di Fodom. Seguir\u00e0 l\u2019esibizione della Banda da Fodom. Si potranno assaggiare, come da tradizione, le specialit\u00e0 ladine: crafons e tircle. La latteria di Renaz sar\u00e0 presente con una dimostrazione degli antichi mestieri legati alla lavorazione del formaggio. E poi lo stand gastronomico con la Banda da Fodom. Per arrivare a La Viza, dal bivio sulla sr 48 delle Dolomiti, davanti alla latteria di Renaz, si svolta verso la frazione di Cherz e si prosegue in direzione dell\u2019omonima malga sulla strada silvo pastorale che per l\u2019occasione sar\u00e0 aperta al traffico. L\u2019organizzazione invita ad un uso responsabile dell\u2019auto e ad utilizzare, in alternativa, il servizio taxi gratuito, che partir\u00e0 dall\u2019area adiacente all\u2019ecocentro di Renaz dalle 10:00 in poi.<\/p>\n<p>&nbsp;<\/p>\n<p>&nbsp;<\/p>\n<hr \/>\n<p>&nbsp;<\/p>\n<blockquote>\n<h3 class=\"entry-title\">DOLOMITI 2020, DILETTANTI ALLO SBARAGLIO. DI CLAUDIO PRA<\/h3>\n<\/blockquote>\n<h3>L\u2019OPINIONE_RIFLESSIONE<\/h3>\n<p class=\"photoswipe-wrapper\"><img loading=\"lazy\" decoding=\"async\" class=\"size-medium wp-image-154589 alignleft jetpack-lazy-image jetpack-lazy-image--handled\" src=\"https:\/\/i2.wp.com\/www.radiopiu.net\/wordpress\/wp-content\/uploads\/2020\/08\/aef042ed-a78b-4d23-b038-cd56cb22fcab.jpg?resize=300%2C178&amp;ssl=1\" sizes=\"auto, (max-width: 300px) 100vw, 300px\" srcset=\"https:\/\/i2.wp.com\/www.radiopiu.net\/wordpress\/wp-content\/uploads\/2020\/08\/aef042ed-a78b-4d23-b038-cd56cb22fcab.jpg?resize=300%2C178&amp;ssl=1 300w, https:\/\/i2.wp.com\/www.radiopiu.net\/wordpress\/wp-content\/uploads\/2020\/08\/aef042ed-a78b-4d23-b038-cd56cb22fcab.jpg?resize=1024%2C609&amp;ssl=1 1024w, https:\/\/i2.wp.com\/www.radiopiu.net\/wordpress\/wp-content\/uploads\/2020\/08\/aef042ed-a78b-4d23-b038-cd56cb22fcab.jpg?resize=768%2C457&amp;ssl=1 768w, https:\/\/i2.wp.com\/www.radiopiu.net\/wordpress\/wp-content\/uploads\/2020\/08\/aef042ed-a78b-4d23-b038-cd56cb22fcab.jpg?resize=1536%2C913&amp;ssl=1 1536w, https:\/\/i2.wp.com\/www.radiopiu.net\/wordpress\/wp-content\/uploads\/2020\/08\/aef042ed-a78b-4d23-b038-cd56cb22fcab.jpg?w=1579&amp;ssl=1 1579w\" alt=\"\" width=\"300\" height=\"178\" data-recalc-dims=\"1\" data-lazy-loaded=\"1\" \/>L\u2019Estate 2020, causa la pandemia ma non solo, sar\u00e0 ricordata per l\u2019invasione delle Dolomiti, con tutto ci\u00f2 che ne consegue. Un tempo le montagne pi\u00f9 belle del mondo erano frequentate da chi aveva motivazioni e voglia di farlo. Oggi, anche spinti da un grande battage pubblicitario, si viene quass\u00f9 spesso senza consapevolezza, seguendo la moda ed inseguendo i selfie, privi della bench\u00e9 minima preparazione e cultura, partendo lancia in resta all\u2019avventura. Poi ci si fa male su sentieri elementari, perch\u00e9 camminare su un certo tipo di terreno non \u00e8 come farlo sul marciapiede. Ci si sfinisce perch\u00e9 privi di allenamento, si finisce in mezzo agli schianti perch\u00e9 non ci si \u00e8 informati o ci si inventa esploratori, si smarrisce la traccia perch\u00e9 privi della minima esperienza, si prende la pioggia o peggio il temporale perch\u00e9 non si sono consultate le previsioni e ci si trova in difficolt\u00e0 al primo passaggio mediamente impegnativo. Ma tanto c\u2019\u00e8 l\u2019elicottero del SUEM 118 a risolvere tutti i problemi. Lo si chiama come fosse un taxi, per traumi anche lievi, per farsi riportare a valle perch\u00e9 stanchi, insomma, spesso per motivi ridicoli. Ma da ridere non c\u2019\u00e8 niente, resta solo da riflettere sul degrado morale e ambientale che il turismo di massa porta con se. Farsi male in montagna pu\u00f2 succedere, magari domani tocca a me e tutti rideranno su chi prima bacchetta e poi ha bisogno dei soccorsi. Succede, dicevo, ma occorre consapevolezza su ci\u00f2 che si va a fare, sull\u2019ambiente che si va a frequentare, sulle proprie capacit\u00e0, sul proprio allenamento. Occorre, ecco la parola chiave, umilt\u00e0. Non ci si inventa alpinisti ed escursionisti esperti dall\u2019 oggi al domani. Tutto questo sembra invece mancare, soprattutto la gi\u00e0 citata cultura della montagna. Anzich\u00e9 leggere qualche bel libro che ne parla o frequentare qualche sede CAI, si consulta FB, cerando di emulare per vanit\u00e0 chi ha fatto quel tot percorso o ha scattato quella suggestiva foto. Auto eleggendosi grandi alpinisti si parte, dimenticando le basi dell\u2019andare in montagna, fattore che causa tanti incidenti. L\u2019approccio con questo ambiente fantastico sta cambiando, ma in peggio. Questo turismo non andr\u00e0 lontano e non porter\u00e0 vantaggi se non nell\u2019immediato. Capirlo \u00e8 fondamentale, ma \u00e8 una dura battaglia che si scontra con tanti interessi che hanno come obbiettivo i numeri, non certo l\u2019ambiente e la cultura. Sar\u00e0 la battaglia dei prossimi anni, che deve coinvolgere tutti i veri amanti della natura e delle nostre Dolomiti. In palio c\u2019\u00e8 il futuro di un patrimonio dell\u2019umanit\u00e0, che non appartiene a sfruttatori e speculatori, che con la scusa dell\u2019abbandono delle terre alte vorrebbero trasformarle in un grande parco giochi, con file chilometriche sulle strade pronte ad acquistare il biglietto per Disney World. Questo progetto piace a loro e a tanta gente che con la montagna non centra nulla.<\/p>\n<p>&nbsp;<\/p>\n<blockquote>\n<h3 class=\"entry-title\">QUI SI VIVE ANCHE DI TURISMO, LA RISPOSTA ALLA RIFLESSIONE DI PRA DAL CONSORZIO TURISTICO ROCCA PIETORE_MARMOLADA<\/h3>\n<\/blockquote>\n<p><strong><img loading=\"lazy\" decoding=\"async\" class=\"alignleft\" src=\"https:\/\/www.radiopiu.net\/wordpress\/wp-content\/uploads\/2020\/04\/ROCCA-PIETORE.png\" width=\"266\" height=\"153\" \/>ROCCA PIETORE\u00a0<\/strong> Rimango abbastanza sconcertata nel leggere le parole di Claudio Pra, passare dalla ragione al torto \u00e8 un attimo. Perch\u00e9 se si, purtroppo accadono parecchi incidenti in montagna, ricordo sommessamente che qui si vive anche di turismo. Ricordo che gli operatori turistici si sono visti svanire davanti quello che poteva essere un finale di stagione memorabile. Ricordo inoltre, che mentre Luxottica pagava la cassa integrazione, quelli che avevano un\u2019attivit\u00e0 si sono visti arrivare un totale di \u20ac1200 per quasi 4 mesi di chiusura. Sottolineo come, nessuno avesse certezza di come sarebbero andate le cose, e che soprattutto gli alberghi hanno aperto facendo uno sforzo enorme ed assumendosi un rischio non indifferente perch\u00e9 il punto di domanda davanti a noi operatori era di dimensioni cubitali. Parliamo di turismo sostenibile, mi piace ed \u00e8 un concetto importante, ma il turismo deve essere sostenibile anche per chi vive di quello, che subissato da tasse ecc ecc\u2026altrimenti pensiamo di chiudere tutto e cercarci un atto lavoro che metta in sicurezza le nostre risorse economiche. Le code ci sono sempre state, e di grazia che abbiamo ospiti che scelgono noi per le loro vacanze. \u00c8 inutile prospettare modelli proprio da Walt Disney su una materia della quale non si ha (apparentemente) conoscenza. Non posso citare il detto perch\u00e9 pure esprimendo bene il concetto risolerebbe fuori posto, ma pontificare con le tasche degli altri \u00e8 veramente facile. Ricordo che parliamo di famiglie, non top manager, persone che negli anni hanno dedicato la loro vita \u00e8 fatto sacrifici. Non \u00e8 questione di \u201cparco giochi\u201d \u00e8 questione che questo rappresenta anche il lavoro e la vita di molti. Siamo fortunati ad avere Luxottica in provincia, perch\u00e9 ci consente di avere ricchezza che ricade su tutte le attivit\u00e0 del territorio. Per il turismo \u00e8 uguale perch\u00e9 se cale ne risente una filiera che non ha proprio numeri esigui. Le giuste credenze personali, a mio avviso devono per\u00f2 rimanere nell\u2019ambito della concretezza e della realt\u00e0 che al momento si basa sui numeri .<\/p>\n<p><strong>Lucia Farenzena, presidente Consorzio Operatori Turistici Rocca Pietore, Marmolada.<\/strong><\/p>\n<p>&nbsp;<\/p>\n<hr \/>\n<p>&nbsp;<\/p>\n<blockquote>\n<h3>SU SUGGERIMENTO DELLA PLAVIS LO STADIO DI CALCIO SARA&#8217; INTITOLATO AD EUGENIO DAL CASTEL<\/h3>\n<\/blockquote>\n<p><strong><a class=\"dt-pswp-item\" href=\"https:\/\/www.radiopiu.net\/wordpress\/wp-content\/uploads\/2020\/08\/download-14.jpg\" data-dt-img-description=\"\" data-large_image_width=\"283\" data-large_image_height=\"178\"><img loading=\"lazy\" decoding=\"async\" class=\"size-full wp-image-154785 alignleft\" src=\"https:\/\/www.radiopiu.net\/wordpress\/wp-content\/uploads\/2020\/08\/download-14.jpg\" alt=\"\" width=\"283\" height=\"178\" \/><\/a>SANTA GIUSTINA\u00a0<\/strong><\/p>\n<p><strong>DI DAMIANO TORMEN\u00a0<\/strong><\/p>\n<audio class=\"wp-audio-shortcode\" id=\"audio-154559-6\" preload=\"none\" style=\"width: 100%;\" controls=\"controls\"><source type=\"audio\/mpeg\" src=\"https:\/\/www.radiopiu.net\/wordpress\/wp-content\/uploads\/2020\/08\/damiano-eugenio.mp3?_=6\" \/><a href=\"https:\/\/www.radiopiu.net\/wordpress\/wp-content\/uploads\/2020\/08\/damiano-eugenio.mp3\">https:\/\/www.radiopiu.net\/wordpress\/wp-content\/uploads\/2020\/08\/damiano-eugenio.mp3<\/a><\/audio>\n<p>&nbsp;<\/p>\n<p>&nbsp;<\/p>\n<hr \/>\n<blockquote>\n<h3>L&#8217;ASSESSORE IN ATTESA DELLA VENDITA DELL&#8217;AREA SI AFFIDA AL &#8220;SERVIZIO CIVILE ANZIANI&#8221; E ALLA ULSS1<\/h3>\n<\/blockquote>\n<p><strong><a class=\"dt-pswp-item\" href=\"https:\/\/www.radiopiu.net\/wordpress\/wp-content\/uploads\/2020\/08\/2f2b40ac-236d-4df0-aa47-06e9744fb7b7.jpg\" data-dt-img-description=\"\" data-large_image_width=\"1600\" data-large_image_height=\"1200\"><img loading=\"lazy\" decoding=\"async\" class=\" wp-image-154470 alignleft\" src=\"https:\/\/www.radiopiu.net\/wordpress\/wp-content\/uploads\/2020\/08\/2f2b40ac-236d-4df0-aa47-06e9744fb7b7-300x225.jpg\" alt=\"\" width=\"231\" height=\"173\" srcset=\"https:\/\/www.radiopiu.net\/wordpress\/wp-content\/uploads\/2020\/08\/2f2b40ac-236d-4df0-aa47-06e9744fb7b7-300x225.jpg 300w, https:\/\/www.radiopiu.net\/wordpress\/wp-content\/uploads\/2020\/08\/2f2b40ac-236d-4df0-aa47-06e9744fb7b7-1024x768.jpg 1024w, https:\/\/www.radiopiu.net\/wordpress\/wp-content\/uploads\/2020\/08\/2f2b40ac-236d-4df0-aa47-06e9744fb7b7-768x576.jpg 768w, https:\/\/www.radiopiu.net\/wordpress\/wp-content\/uploads\/2020\/08\/2f2b40ac-236d-4df0-aa47-06e9744fb7b7-1536x1152.jpg 1536w, https:\/\/www.radiopiu.net\/wordpress\/wp-content\/uploads\/2020\/08\/2f2b40ac-236d-4df0-aa47-06e9744fb7b7.jpg 1600w\" sizes=\"auto, (max-width: 231px) 100vw, 231px\" \/><\/a>BELLUNO<\/strong> L&#8217;assessore ai lavori pubblici con precise competenze in fatto di manutenzioni risponde al consigliere Fabio Rufus Bristot che ieri con una lettera inviata a Palazzo Rosso aveva messo in evidenza il degrado di via Lungardo e non solo. Per Giannone il problema non \u00e8 un problema per il Comune, problema lo diventa quando la legge impone le autorizzazioni di chi ha in gestione il fallimento.<em>\u00a0<\/em><\/p>\n<p><strong>L&#8217;ASSESSORE DEL COMUNE DI BELLUNO BIAGIO GIANNONE<\/strong><\/p>\n<audio class=\"wp-audio-shortcode\" id=\"audio-154559-7\" preload=\"none\" style=\"width: 100%;\" controls=\"controls\"><source type=\"audio\/mpeg\" src=\"https:\/\/www.radiopiu.net\/wordpress\/wp-content\/uploads\/2020\/08\/giannone-audio.mp3?_=7\" \/><a href=\"https:\/\/www.radiopiu.net\/wordpress\/wp-content\/uploads\/2020\/08\/giannone-audio.mp3\">https:\/\/www.radiopiu.net\/wordpress\/wp-content\/uploads\/2020\/08\/giannone-audio.mp3<\/a><\/audio>\n<p>&nbsp;<\/p>\n<p>Ai suggerimenti di Fabio Rufus Bristot l&#8217;assessore non allarga le braccia ma risponde con un grazie per la segnalazione. <em>&#8220;Chiederemo all&#8217;Ulss1 Dolomiti\u00a0 di fare un sopralluogo e al Curatore di poter accedere nuovamente all&#8217;area per provvedere ad un nuovo intervento di pulizia. Allo stesso tempo stiamo lavorando per trovare un compratore dell&#8217;area&#8221;.<\/em><\/p>\n<p>&nbsp;<\/p>\n<blockquote class=\"wp-embedded-content\" data-secret=\"Ey5Ykf1fTK\"><p><a href=\"https:\/\/www.radiopiu.net\/wordpress\/https-wp-me-p63lo7-eb9\/\">PANTEGANE SOTTO CASA E &#8220;CARBONAZ&#8221; SOTTO AI PIEDI<\/a><\/p><\/blockquote>\n<p><iframe loading=\"lazy\" class=\"wp-embedded-content\" sandbox=\"allow-scripts\" security=\"restricted\" style=\"position: absolute; clip: rect(1px, 1px, 1px, 1px);\" title=\"&#8220;PANTEGANE SOTTO CASA E &#8220;CARBONAZ&#8221; SOTTO AI PIEDI&#8221; &#8212; Radio Pi\u00f9\" src=\"https:\/\/www.radiopiu.net\/wordpress\/https-wp-me-p63lo7-eb9\/embed\/#?secret=Ey5Ykf1fTK\" data-secret=\"Ey5Ykf1fTK\" width=\"600\" height=\"338\" frameborder=\"0\" marginwidth=\"0\" marginheight=\"0\" scrolling=\"no\"><\/iframe><\/p>\n<p>&nbsp;<\/p>\n<hr \/>\n<p>&nbsp;<\/p>\n<blockquote>\n<h3>INCASSATO IL PRIMO RIMBORSO DELLA RIGENERAZIONE URBANA. ARRIVATI 2,6 MILIONI DI EURO<\/h3>\n<\/blockquote>\n<p><strong><a class=\"dt-pswp-item\" href=\"https:\/\/www.radiopiu.net\/wordpress\/wp-content\/uploads\/2020\/06\/WhatsApp-Image-2020-06-14-at-12.45.11.jpeg\" data-dt-img-description=\"\" data-large_image_width=\"960\" data-large_image_height=\"720\"><img loading=\"lazy\" decoding=\"async\" class=\"size-medium wp-image-144744 alignleft\" src=\"https:\/\/www.radiopiu.net\/wordpress\/wp-content\/uploads\/2020\/06\/WhatsApp-Image-2020-06-14-at-12.45.11-300x225.jpeg\" alt=\"\" width=\"300\" height=\"225\" srcset=\"https:\/\/www.radiopiu.net\/wordpress\/wp-content\/uploads\/2020\/06\/WhatsApp-Image-2020-06-14-at-12.45.11-300x225.jpeg 300w, https:\/\/www.radiopiu.net\/wordpress\/wp-content\/uploads\/2020\/06\/WhatsApp-Image-2020-06-14-at-12.45.11-768x576.jpeg 768w, https:\/\/www.radiopiu.net\/wordpress\/wp-content\/uploads\/2020\/06\/WhatsApp-Image-2020-06-14-at-12.45.11.jpeg 960w\" sizes=\"auto, (max-width: 300px) 100vw, 300px\" \/><\/a>BELLUNO\u00a0<\/strong>Sono arrivati i primi rimborsi da parte dello Stato di quanto anticipato dal Comune di Belluno per i lavori di rigenerazione urbana.\u00a0Nei conti di Palazzo Rosso dalla tesoreria centrale del Ministero dell&#8217;Economia e Finanze sono arrivati oltre 2,6 milioni di euro: in questi mesi, i lavori sono andati avanti grazie all&#8217;anticipazione di fondi da parte del Comune che, oltre alla propria parte, ha anticipato anche quanto di spettanza del Bando Periferie. Il trasferimento va cos\u00ec a rifondere al 100% quanto gi\u00e0 anticipato dal Comune.\u00a0Va anche ricordato come, con i 18 milioni complessivi ottenuti dallo Stato con la partecipazione al Bando Periferie, Belluno sia al secondo posto in Italia per rapporto tra contributo totale e numero di abitanti dietro a Nuoro.\u00a0Seguendo lo stato di avanzamento dei lavori, queste le principali cifre rimborsate per le spese sostenute fino ad oggi per i cantieri gi\u00e0 avviati:\u00a0Scuola Gabelli: 863mila euro (52% a carico del Bando Periferie);\u00a0Mediateca delle Dolomiti &#8211; Palazzo Crepadona: 689mila (100% a carico del Bando Periferie);\u00a0Spazio Ex: 250mila (100% a carico del Bando Periferie);\u00a0Parco della Piave: 218mila (83%a carico del Bando Periferie);\u00a0Salone dei Gesuiti:196mila (100% a carico del Bando Periferie);\u00a0Ponte sul Gresal: 69mila (20% a carico del Bando Periferie).<\/p>\n<p><strong>L&#8217;ASSESSORE DEL COMUNE DI BELLUNO FRANCO FRISON<\/strong><\/p>\n<audio class=\"wp-audio-shortcode\" id=\"audio-154559-8\" preload=\"none\" style=\"width: 100%;\" controls=\"controls\"><source type=\"audio\/mpeg\" src=\"https:\/\/www.radiopiu.net\/wordpress\/wp-content\/uploads\/2020\/08\/FRANCO-FRISON-RIMBORSI-BELLUNO.mp3?_=8\" \/><a href=\"https:\/\/www.radiopiu.net\/wordpress\/wp-content\/uploads\/2020\/08\/FRANCO-FRISON-RIMBORSI-BELLUNO.mp3\">https:\/\/www.radiopiu.net\/wordpress\/wp-content\/uploads\/2020\/08\/FRANCO-FRISON-RIMBORSI-BELLUNO.mp3<\/a><\/audio>\n<p>&nbsp;<\/p>\n<p>&nbsp;<\/p>\n<hr \/>\n<p>&nbsp;<\/p>\n<p>&nbsp;<\/p>\n<blockquote>\n<h3>VOIL\u00c0, LA VENTIDUESIMA EDIZIONE DEL FESTIVAL INTERNAZIONALE ARTISTI DI STRADA A FELTRE<\/h3>\n<\/blockquote>\n<p><strong><a class=\"dt-pswp-item\" href=\"https:\/\/www.radiopiu.net\/wordpress\/wp-content\/uploads\/2020\/08\/b947b30b-88dd-4141-9705-d794735a9167.jpg\" data-dt-img-description=\"\" data-large_image_width=\"2000\" data-large_image_height=\"1500\"><img loading=\"lazy\" decoding=\"async\" class=\" wp-image-154632 alignleft\" src=\"https:\/\/www.radiopiu.net\/wordpress\/wp-content\/uploads\/2020\/08\/b947b30b-88dd-4141-9705-d794735a9167-300x225.jpg\" alt=\"\" width=\"208\" height=\"156\" srcset=\"https:\/\/www.radiopiu.net\/wordpress\/wp-content\/uploads\/2020\/08\/b947b30b-88dd-4141-9705-d794735a9167-300x225.jpg 300w, https:\/\/www.radiopiu.net\/wordpress\/wp-content\/uploads\/2020\/08\/b947b30b-88dd-4141-9705-d794735a9167-1024x768.jpg 1024w, https:\/\/www.radiopiu.net\/wordpress\/wp-content\/uploads\/2020\/08\/b947b30b-88dd-4141-9705-d794735a9167-768x576.jpg 768w, https:\/\/www.radiopiu.net\/wordpress\/wp-content\/uploads\/2020\/08\/b947b30b-88dd-4141-9705-d794735a9167-1536x1152.jpg 1536w, https:\/\/www.radiopiu.net\/wordpress\/wp-content\/uploads\/2020\/08\/b947b30b-88dd-4141-9705-d794735a9167.jpg 2000w\" sizes=\"auto, (max-width: 208px) 100vw, 208px\" \/><\/a>FELTRE<\/strong> \u00c8\u00a0stata presentata la 22\u00b0 edizione di Voil\u00e0, Festival Internazionale degli artisti di strada a Feltre. Dal 18 al 23 agosto 25 eventi tutti dal vivo, tutti ad ingresso gratuito in rispetto delle norme anti Covid.<\/p>\n<p><strong>\u00a0<\/strong><\/p>\n<p><strong>\u00a0<\/strong><\/p>\n<p>&nbsp;<\/p>\n<p><strong>ALESSANDRO DEL BIANCO, ASSESSORE ALLA CULTURA DEL COMUNE DI FELTRE<\/strong><\/p>\n<audio class=\"wp-audio-shortcode\" id=\"audio-154559-9\" preload=\"none\" style=\"width: 100%;\" controls=\"controls\"><source type=\"audio\/mpeg\" src=\"https:\/\/www.radiopiu.net\/wordpress\/wp-content\/uploads\/2020\/08\/Audio-Del-Bianco-Voil\u00e0-2020.mp3?_=9\" \/><a href=\"https:\/\/www.radiopiu.net\/wordpress\/wp-content\/uploads\/2020\/08\/Audio-Del-Bianco-Voil\u00e0-2020.mp3\">https:\/\/www.radiopiu.net\/wordpress\/wp-content\/uploads\/2020\/08\/Audio-Del-Bianco-Voil\u00e0-2020.mp3<\/a><\/audio>\n<p>&nbsp;<\/p>\n<p><strong>LUCIA OSELLIERI DELL&#8217;ASSOCIAZIONE LA CASA DEGLI GNOMI, ORGANIZZATORE DELL&#8217;EVENTO<\/strong><\/p>\n<audio class=\"wp-audio-shortcode\" id=\"audio-154559-10\" preload=\"none\" style=\"width: 100%;\" controls=\"controls\"><source type=\"audio\/mpeg\" src=\"https:\/\/www.radiopiu.net\/wordpress\/wp-content\/uploads\/2020\/08\/Audio-Lucia-Osellieri.mp3?_=10\" \/><a href=\"https:\/\/www.radiopiu.net\/wordpress\/wp-content\/uploads\/2020\/08\/Audio-Lucia-Osellieri.mp3\">https:\/\/www.radiopiu.net\/wordpress\/wp-content\/uploads\/2020\/08\/Audio-Lucia-Osellieri.mp3<\/a><\/audio>\n<p>&nbsp;<\/p>\n<p><strong>LA BROCHURE DELL&#8217;EVENTO<\/strong><\/p>\n<a href=\"https:\/\/www.radiopiu.net\/wordpress\/wp-content\/uploads\/2020\/08\/Voil\u00e0-Estate_brochure-2020.pdf\" class=\"pdfemb-viewer\" style=\"\" data-width=\"max\" data-height=\"max\" data-toolbar=\"top\" data-toolbar-fixed=\"on\">Voil\u00e0 Estate_brochure 2020<\/a>\n<p>&nbsp;<\/p>\n<p>&nbsp;<\/p>\n<hr \/>\n<p>&nbsp;<\/p>\n<blockquote class=\"wp-embedded-content\" data-secret=\"LNcMosV7wF\"><p><a href=\"https:\/\/www.radiopiu.net\/wordpress\/turismo-il-rating-della-reputazione-di-demoskopika-per-il-2020\/\">TURISMO, IL RATING DELLA REPUTAZIONE DI DEMOSKOPIKA PER IL 2020<\/a><\/p><\/blockquote>\n<p><iframe loading=\"lazy\" class=\"wp-embedded-content\" sandbox=\"allow-scripts\" security=\"restricted\" style=\"position: absolute; clip: rect(1px, 1px, 1px, 1px);\" title=\"&#8220;TURISMO, IL RATING DELLA REPUTAZIONE DI DEMOSKOPIKA PER IL 2020&#8221; &#8212; Radio Pi\u00f9\" src=\"https:\/\/www.radiopiu.net\/wordpress\/turismo-il-rating-della-reputazione-di-demoskopika-per-il-2020\/embed\/#?secret=LNcMosV7wF\" data-secret=\"LNcMosV7wF\" width=\"600\" height=\"338\" frameborder=\"0\" marginwidth=\"0\" marginheight=\"0\" scrolling=\"no\"><\/iframe><\/p>\n<p>&nbsp;<\/p>\n<hr \/>\n<p>&nbsp;<\/p>\n<blockquote>\n<h3>SCUOLABUS DA ORGANIZZARE: COMUNI PICCOLI E MONTANI PREOCCUPATI. UNCEM: SE IL TRASPORTO PUBBLICO URBANO VIAGGIA PIENO, SIA COSI&#8217; ANCHE PER I PULLMAN GIALLI E TRA I PAESI. NECESSARI APPROFONDIMENTI<\/h3>\n<\/blockquote>\n<p><strong><a class=\"dt-pswp-item\" href=\"https:\/\/www.radiopiu.net\/wordpress\/wp-content\/uploads\/2020\/04\/UNCEM.jpg\" data-dt-img-description=\"\" data-large_image_width=\"500\" data-large_image_height=\"500\"><img loading=\"lazy\" decoding=\"async\" class=\"size-medium wp-image-133399 alignleft\" src=\"https:\/\/www.radiopiu.net\/wordpress\/wp-content\/uploads\/2020\/04\/UNCEM-300x300.jpg\" alt=\"\" width=\"300\" height=\"300\" srcset=\"https:\/\/www.radiopiu.net\/wordpress\/wp-content\/uploads\/2020\/04\/UNCEM-300x300.jpg 300w, https:\/\/www.radiopiu.net\/wordpress\/wp-content\/uploads\/2020\/04\/UNCEM-150x150.jpg 150w, https:\/\/www.radiopiu.net\/wordpress\/wp-content\/uploads\/2020\/04\/UNCEM.jpg 500w\" sizes=\"auto, (max-width: 300px) 100vw, 300px\" \/><\/a>ROMA\u00a0<\/strong>L&#8217;organizzazione del trasporto scolastico sta creando notevoli problematiche ai Sindaci e alle Amministrazioni, in particolare nei Comuni piccoli e montani. Come previsto dall&#8217;ultimo Decreto del Presidente del Consiglio, del 7 agosto, gli Enti stanno ripensando l&#8217;organizzazione, sia diretta, in economia, visto che tanti Comuni si occupano dei &#8220;pullman gialli&#8221; per bambini e ragazzi che devono andare a scuola, sia con le aziende che hanno in appalto i servizi, ma anche a livello sovracomunale ove sono Unioni montane e Comunit\u00e0 montane a organizzare i servizi.\u00a0Uncem sta raccogliendo notevoli preoccupazioni dei Sindaci, sui quali cade la responsabilit\u00e0 dell&#8217;organizzazione del trasporto per evitare che siano questi dei vettori non adeguati per contenere e azzerare il contagio da covid-19. Non basteranno solo risorse economiche in pi\u00f9, da trasferire dallo Stato e dalle Regioni ai Comuni e agli Enti territoriali ad esempio per igienizzazione e sanificazione dei mezzi una volta al giorno.\u00a0Uncem ha scritto ai Ministri dei Trasporti e dell&#8217;Istruzione di poter fare un approfondimento urgente: nelle linee guida statali per il trasporto scolastico ci sono alcune questioni troppo gravose per i Comuni. Come la durata del viaggio, fino a 15 minuti, che permetterebbe, secondo le attuali regole, di non rispettare il distanziamento. &#8220;Se il trasporto pubblico urbano viagger\u00e0 senza distanziamento, indipendentemente dal tempo, \u00e8 necessario che anche sugli scuolabus, su tutto il trasporto scolastico si viaggi a pieno carico&#8221;, evidenzia il Presidente nazionale Uncem. Dunque si seguano regole uguali per tutti. E il Ministero accolga la proposta Uncem di un tavolo specifico per i territori montani, per i piccoli Comuni, nei quali l&#8217;organizzazione del trasporto \u00e8 funzionale al contenimento dello spopolamento e dell&#8217;abbandono. Occorre riconoscere le peculiarit\u00e0 organizzative, stanziare risorse aggiuntive, supportare i Sindaci nell&#8217;organizzazione del trasporto, con flessibilit\u00e0 di regole che finora per\u00f2 non sono ste riscontrare nell&#8217;interlocuzione con gli Uffici scolastici regionali per definire classi e modalit\u00e0 di costruzione del sistema scolastico.<\/p>\n<p>&nbsp;<\/p>\n<p>&nbsp;<\/p>\n<hr \/>\n<p>&nbsp;<\/p>\n<blockquote>\n<h3>OTTAVIO ROSSI PROPHETA IN PATRIA<\/h3>\n<\/blockquote>\n<p><strong>SAN TOMASO<\/strong> Per una volta smentiamo il vecchio adagio <b>Nemo propheta in patria<\/b>\u00a0(nessuno \u00e8\u00a0<b>profeta in patria<\/b>), perch\u00e9 il bravo Ottavio esporr\u00e0 le sue opera nel suo Agordino, a San Tomaso, omaggio pi\u00f9 che meritato. &#8220;En giro per Zelat&#8221; proporr\u00e0 riproduzioni artistiche tra le architetture di montagna. Le tappe con partenza ed arrivo a Celat: C\u00e8sa dei Rait, C\u00e8sa dei Mon\u00e9k, El Vaticano, Tabi\u00e0 dei Mar\u00f2te, Tabi\u00e0 dei Mon\u00e9k, Tabi\u00e0 dei Pan\u00e8le, Tabi\u00e0 dei St\u00e8fen, Tabi\u00e0 de la Gila, Tabi\u00e0 dei P\u00f9ce e C\u00e8sa de Martin Mas\u00e8la. Per chi ama camminare un po&#8217; di pi\u00f9 \u00e8 l&#8217;occasione ideale per una visita a Dolomites rock Miniatures, ovvero le Dolomiti in miniatura scolpite nella roccia da artisti che hanno soggiornato sotto al Sasso Bianco tra uno spuntino al Bar presso la zona sportiva e una discesa con la Zip Line. Organizzazione della Proloco di San Tomaso con il contributo della Cassa Rurale Dolomiti di Fassa Primiero e Belluno. Di seguito la presentazione di\u00a0 Ottavio Rossi.<\/p>\n<p><a class=\"dt-pswp-item\" href=\"https:\/\/www.radiopiu.net\/wordpress\/wp-content\/uploads\/2020\/08\/e673dc5f-802e-438a-83e5-b1b81c1d9008.jpg\" data-dt-img-description=\"\" data-large_image_width=\"1599\" data-large_image_height=\"1132\"><img loading=\"lazy\" decoding=\"async\" class=\"alignnone wp-image-154658 size-full\" src=\"https:\/\/www.radiopiu.net\/wordpress\/wp-content\/uploads\/2020\/08\/e673dc5f-802e-438a-83e5-b1b81c1d9008.jpg\" alt=\"\" width=\"1599\" height=\"1132\" srcset=\"https:\/\/www.radiopiu.net\/wordpress\/wp-content\/uploads\/2020\/08\/e673dc5f-802e-438a-83e5-b1b81c1d9008.jpg 1599w, https:\/\/www.radiopiu.net\/wordpress\/wp-content\/uploads\/2020\/08\/e673dc5f-802e-438a-83e5-b1b81c1d9008-300x212.jpg 300w, https:\/\/www.radiopiu.net\/wordpress\/wp-content\/uploads\/2020\/08\/e673dc5f-802e-438a-83e5-b1b81c1d9008-1024x725.jpg 1024w, https:\/\/www.radiopiu.net\/wordpress\/wp-content\/uploads\/2020\/08\/e673dc5f-802e-438a-83e5-b1b81c1d9008-768x544.jpg 768w, https:\/\/www.radiopiu.net\/wordpress\/wp-content\/uploads\/2020\/08\/e673dc5f-802e-438a-83e5-b1b81c1d9008-1536x1087.jpg 1536w\" sizes=\"auto, (max-width: 1599px) 100vw, 1599px\" \/><\/a><\/p>\n<p>&nbsp;<\/p>\n<p>&nbsp;<\/p>\n<hr \/>\n<p>&nbsp;<\/p>\n<blockquote>\n<h2>PROMUOVERE I PRODOTTI DEL TERRITORIO CON IL MERCATINO<\/h2>\n<\/blockquote>\n<p><a class=\"dt-pswp-item\" href=\"https:\/\/www.radiopiu.net\/wordpress\/wp-content\/uploads\/2019\/11\/foto-sedico.jpg\" data-dt-img-description=\"\" data-large_image_width=\"1600\" data-large_image_height=\"1200\"><img loading=\"lazy\" decoding=\"async\" class=\"wp-image-105261 alignleft\" src=\"https:\/\/www.radiopiu.net\/wordpress\/wp-content\/uploads\/2019\/11\/foto-sedico-300x225.jpg\" alt=\"\" width=\"137\" height=\"103\" srcset=\"https:\/\/www.radiopiu.net\/wordpress\/wp-content\/uploads\/2019\/11\/foto-sedico-300x225.jpg 300w, https:\/\/www.radiopiu.net\/wordpress\/wp-content\/uploads\/2019\/11\/foto-sedico-768x576.jpg 768w, https:\/\/www.radiopiu.net\/wordpress\/wp-content\/uploads\/2019\/11\/foto-sedico-1024x768.jpg 1024w, https:\/\/www.radiopiu.net\/wordpress\/wp-content\/uploads\/2019\/11\/foto-sedico.jpg 1600w\" sizes=\"auto, (max-width: 137px) 100vw, 137px\" \/><\/a>\u00a0<strong>SEDICO<\/strong><\/p>\n<p><strong>di DAMIANO TORMEN\u00a0<\/strong><\/p>\n<audio class=\"wp-audio-shortcode\" id=\"audio-154559-11\" preload=\"none\" style=\"width: 100%;\" controls=\"controls\"><source type=\"audio\/mpeg\" src=\"https:\/\/www.radiopiu.net\/wordpress\/wp-content\/uploads\/2020\/08\/damiano-sedico.mp3?_=11\" \/><a href=\"https:\/\/www.radiopiu.net\/wordpress\/wp-content\/uploads\/2020\/08\/damiano-sedico.mp3\">https:\/\/www.radiopiu.net\/wordpress\/wp-content\/uploads\/2020\/08\/damiano-sedico.mp3<\/a><\/audio>\n<p>&nbsp;<\/p>\n<p>&nbsp;<\/p>\n<hr \/>\n<p>&nbsp;<\/p>\n<blockquote>\n<h3>GLI EVENTI PER RICORDARE LA FIGURA E L&#8217;OPERA DI PAPA LUCIANI, PER IL 42\u00b0 ANNO NEL PAESE NATALE CON LA FONDAZIONE<\/h3>\n<\/blockquote>\n<p><strong><a class=\"dt-pswp-item\" href=\"https:\/\/www.radiopiu.net\/wordpress\/wp-content\/uploads\/2018\/08\/papa_luciani.jpg\" data-dt-img-description=\"\" data-large_image_width=\"560\" data-large_image_height=\"315\"><img loading=\"lazy\" decoding=\"async\" class=\"wp-image-58519 alignleft\" src=\"https:\/\/www.radiopiu.net\/wordpress\/wp-content\/uploads\/2018\/08\/papa_luciani-300x169.jpg\" alt=\"\" width=\"178\" height=\"100\" srcset=\"https:\/\/www.radiopiu.net\/wordpress\/wp-content\/uploads\/2018\/08\/papa_luciani-300x169.jpg 300w, https:\/\/www.radiopiu.net\/wordpress\/wp-content\/uploads\/2018\/08\/papa_luciani.jpg 560w\" sizes=\"auto, (max-width: 178px) 100vw, 178px\" \/><\/a>CANALE D&#8217;AGORDO\u00a0<\/strong><br \/>\n<strong>AI MICROFONI DI RADIO PIU&#8217; LORIS SERAFINI<\/strong><\/p>\n<audio class=\"wp-audio-shortcode\" id=\"audio-154559-12\" preload=\"none\" style=\"width: 100%;\" controls=\"controls\"><source type=\"audio\/mpeg\" src=\"https:\/\/www.radiopiu.net\/wordpress\/wp-content\/uploads\/2020\/08\/loris-luciani.mp3?_=12\" \/><a href=\"https:\/\/www.radiopiu.net\/wordpress\/wp-content\/uploads\/2020\/08\/loris-luciani.mp3\">https:\/\/www.radiopiu.net\/wordpress\/wp-content\/uploads\/2020\/08\/loris-luciani.mp3<\/a><\/audio>\n<p>&nbsp;<\/p>\n<p>&nbsp;<\/p>\n<p>&nbsp;<\/p>\n<hr \/>\n<p>&nbsp;<\/p>\n<p>&nbsp;<\/p>\n<p>&nbsp;<\/p>\n<p><a class=\"dt-pswp-item\" href=\"https:\/\/www.radiopiu.net\/wordpress\/wp-content\/uploads\/2018\/09\/appuntamenti.jpeg\" data-dt-img-description=\"\" data-large_image_width=\"800\" data-large_image_height=\"100\"><img loading=\"lazy\" decoding=\"async\" class=\"aligncenter wp-image-61958 size-full\" src=\"https:\/\/www.radiopiu.net\/wordpress\/wp-content\/uploads\/2018\/09\/appuntamenti.jpeg\" alt=\"\" width=\"800\" height=\"100\" srcset=\"https:\/\/www.radiopiu.net\/wordpress\/wp-content\/uploads\/2018\/09\/appuntamenti.jpeg 800w, https:\/\/www.radiopiu.net\/wordpress\/wp-content\/uploads\/2018\/09\/appuntamenti-300x38.jpeg 300w, https:\/\/www.radiopiu.net\/wordpress\/wp-content\/uploads\/2018\/09\/appuntamenti-768x96.jpeg 768w\" sizes=\"auto, (max-width: 800px) 100vw, 800px\" \/><\/a><\/p>\n<p>&nbsp;<\/p>\n<blockquote>\n<h3>CASTELLO DI ANDRAZ: FINO AL 13 SETTEMBRE &#8220;FUGACI PRESENZE NELLE DOLOMITI&#8221;, FOTOGRAFIE DI GIACOMO DE DONA&#8217;<\/h3>\n<\/blockquote>\n<p>&nbsp;<\/p>\n<hr \/>\n<p>&nbsp;<\/p>\n<p><strong>CANALED&#8217;AGORDO\u00a0 Il gruppo amatoriale BalliAmo in collaborazione con la Proloco organizza una serata di balli popolari con musica: domani alle 21 in piazza Papa Luciani, in caso di maltempo rinvio al 14 agosto.<\/strong><\/p>\n<p>&nbsp;<\/p>\n<hr \/>\n<h2><\/h2>\n<p><strong>MOSTRA MERCATO NELLE DOLOMITI AGORDINE PROSSIMI APPUNTAMENTI: sabato a Caprile di Alleghe, domenica a Canale d&#8217;Agordo, mercoledi 19 a Cencenighe.<\/strong><\/p>\n<p>&nbsp;<\/p>\n<hr \/>\n<p>&nbsp;<\/p>\n<blockquote>\n<h2><\/h2>\n<h2>MUSICA NELL&#8217;AGORDINO, I PROSSIMI APPUNTAMENTI<\/h2>\n<\/blockquote>\n<p>&nbsp;<\/p>\n<p><strong>FALCADE Stasera alle 21 alla casa della giovent\u00f9 di Caviola \u201cInno alla gioia\u201d, concerto della pianista Silvia Tessari. Prenotazione obbligatoria via telefono (anche messaggio) al 347 8870898. In caso di raggiungimento del numero massimo consentito sar\u00e0 previsto un secondo concerto per lo stesso giorno alle 18.<\/strong><\/p>\n<p>&nbsp;<\/p>\n<p>&nbsp;<\/p>\n<hr \/>\n<h3><\/h3>\n<blockquote>\n<h3><strong>AGORDO<\/strong> Sono esposti presso il Caff\u00e8 Miniere di Agordo i lavori di Savino Conedera. Una mostra che non ha una data precisa di fine e che sar\u00e0 visitabile durante l&#8217;apertura del locale.<\/h3>\n<\/blockquote>\n<p>&nbsp;<\/p>\n<hr \/>\n<p>&nbsp;<\/p>\n<blockquote>\n<h3>DUE GIORNI CON IL CAI SEZIONE AGORDINA<\/h3>\n<\/blockquote>\n<p><strong>AGORDO<\/strong> Sabato 29 e domenica 30 agosto escursione nel gruppo del Canin sulla ferrata Julia che segna il confine tra Italia (Provincia di Udine) e Slovenia; gi\u00e0 visibile dalla pianura friulana fu anch&#8217;esso protagonista degli scontri tra gli eserciti italiani e austriaci durante la Grande Guerra.\u00a0 Si tratta di un grandissimo altipiano calcareo interessato dal fenomeno del carsismo che culmina con una lunga cresta che separa i due stati. Ambiente sicuramente straordinario con scorci inusuali, difficile da dimenticare,\u00a0 L&#8217;escursione prevede la salita alla vetta in territorio italiano lungo la storica &#8220;Ferrata Julia&#8221; ed il rientro per il versante sloveno.\u00a0 Escursione creata EEA \/ PD .\u00a0 Obbligatorio set da ferrata completo e omologato.<\/p>\n<p>&nbsp;<\/p>\n<p>&nbsp;<\/p>\n<hr \/>\n<p>&nbsp;<\/p>\n<blockquote>\n<h3>IL CIRCO PATUF PRONTO A CONQUISTARE FELTRE<\/h3>\n<\/blockquote>\n<p><strong>AGORDO<\/strong>\u00a0Un successo il circo Patuf sul Broi di Agordo, tanti pomeriggi e serata da tutto esaurito. Ora la carovana si sposta a Feltre dove proporr\u00e0 gli spettacoli nei giorni di ferragosto e fino al 23, quindi trasferimento a Cesiomaggiore. Gli spettacoli dal 14 agosto alle 21.15, la domenica anche alle 18.30<\/p>\n<p>&nbsp;<\/p>\n<p>&nbsp;<\/p>\n<hr \/>\n<p>&nbsp;<\/p>\n<blockquote>\n<h3>MOSTRA SAY CHEESE!<\/h3>\n<\/blockquote>\n<p><strong>BELLUNO\u00a0<\/strong>Il Museo di Seravella, a Cesiomaggiore, dedica la propria sala delle esposizioni alla mostra fotografica\u00a0<i>SAY CHEESE! Volti e voci di malga<\/i>, realizzata nell\u2019ambito del progetto scientifico\u00a0<i>Formaggi alpini \u2013 Le molecole del gusto<\/i>. La mostra racconta, attraverso le immagini e le parole dei suoi protagonisti, la vita dei malgari di oggi;\u00a0 La mostra, a ingresso gratuito, sar\u00e0 visitabile dall\u20198 agosto negli orari di apertura estiva del museo: da marted\u00ec a gioved\u00ec dalle 9 alle 13; venerd\u00ec dalle 9 alle 13 e dalle 15 alle 18; sabato e domenica dalle 15 alle 18.20.\u00a0\u00a0Per evitare code e assembramenti e consentire lo svolgimento delle pratiche anti-Covid \u00e8 consigliata la prenotazione allo 0439 438355 (o via mail all\u2019indirizzo\u00a0<a>museoseravella@provincia.belluno.it<\/a>).<\/p>\n<p>&nbsp;<\/p>\n<p>&nbsp;<\/p>\n<hr \/>\n<p>&nbsp;<\/p>\n<blockquote>\n<h3>CINEMA SOTTO LE STELLE A SEDICO, MA NON SOLO CINEMA.<\/h3>\n<\/blockquote>\n<p class=\"photoswipe-wrapper\"><strong>SEDICO<\/strong> Con la Proloco di Sedico, i mercoled\u00ec sera a Villa Patt di Sedico.\u00a0 Per chi lo desidera c\u2019\u00e8 la possibilit\u00e0 di prenotare i biglietti online, al proposito riportiamo i link della varie serate, ingresso 5 euro adulti, 2 euro bambini con chiosco, pop corn e patatine.\u00a0\u00a0<strong>OGGI BIANCO COME IL NERO \u2013 L\u2019AURORA<\/strong>\u00a0doppio appuntamento nel primo lo scenario della Grande Guerra durante il 1917 (l\u2019an de la fam) la gente di montagna cerca di resistere alla tragedia con l\u2019aiuto dei frati della certosa. In l\u2019Aurora una donna bella fuori ma malinconica dentro che si chiude in un mondo di immersioni in apnea e creazioni sartoriali nel laboratorio dove lavora:<a href=\"https:\/\/docs.google.com\/forms\/d\/e\/1FAIpQLSdXMb0Hr099eyzGSoVYTl8WpsZW3TKfCQXQAcF__f3NRouX5Q\/viewform\">\u00a0CLICCA QUI<\/a>\u00a0<strong>19\/08\/2020 ROCKETMAN<\/strong>\u00a0Un timido pianista di provincia costruisce la propria carriera e il proprio personaggio fino a divenire una delle pi\u00f9 note stelle della musica internazionale. Lui \u00e8 Reginald Dwight ovvero Elton John\u00a0<a href=\"https:\/\/docs.google.com\/forms\/d\/e\/1FAIpQLSf32PztPJJRQslTRKR5qlhJRoHr-LQLsAXpTy6U6XSL_Ykf-A\/viewform\">CLICCA QUI<\/a><\/p>\n<p>&nbsp;<\/p>\n<p>&nbsp;<\/p>\n<hr \/>\n<p>&nbsp;<\/p>\n<blockquote>\n<h3>NAUFRAGI DI UN&#8217; ILLUSIONE, poesia, musica e fotografia<\/h3>\n<\/blockquote>\n<p><strong>CENCENIGHE<\/strong> Stasera alle 20.30 nella sala consiliareculturale del Municipio (Nof Filo&#8217;) letture di Nicola Scodro e Althea Ronzani, ingresso libero con Comune e Biblioteca Civica in collaborazione con Medici con L&#8217;Africa e patrocinio Parco Dolomiti Bellunesi.<\/p>\n<p>&nbsp;<\/p>\n<hr \/>\n<blockquote>\n<h3><\/h3>\n<\/blockquote>\n<blockquote>\n<h3>EL CANAL DE AGORDO<\/h3>\n<\/blockquote>\n<p><strong>AGORDO<\/strong>\u00a0Scavare nel passato, storia ed archeologia da San Gottardo a Pont del Cristo. La mostra \u00e8 allestita al Museo mineralogico e paleontologico di via 5 maggio con ingresso libero. Fino al 6 settembre il venerdi, sabato e domenica dalle 10 alle 12.30 e dalle 16 alle 19. Info: archeoagordo.arca@gmail.com<\/p>\n<p>&nbsp;<\/p>\n<hr \/>\n<p>&nbsp;<\/p>\n<blockquote>\n<h2 class=\"tw-data-text tw-text-large XcVN5d tw-ta\" dir=\"ltr\" data-placeholder=\"Traduzione\"><span lang=\"en\">appointments recommended by radio pi\u00f9<\/span><\/h2>\n<\/blockquote>\n\n\t\t\t<style type='text\/css'>\n\t\t\t\t#gallery-4 {\n\t\t\t\t\tmargin: auto;\n\t\t\t\t}\n\t\t\t\t#gallery-4 .gallery-item {\n\t\t\t\t\tfloat: left;\n\t\t\t\t\tmargin-top: 10px;\n\t\t\t\t\ttext-align: center;\n\t\t\t\t\twidth: 16%;\n\t\t\t\t}\n\t\t\t\t#gallery-4 img {\n\t\t\t\t\tborder: 2px solid #cfcfcf;\n\t\t\t\t}\n\t\t\t\t#gallery-4 .gallery-caption {\n\t\t\t\t\tmargin-left: 0;\n\t\t\t\t}\n\t\t\t\t\/* see gallery_shortcode() in wp-includes\/media.php *\/\n\t\t\t<\/style>\n\t\t<div id='gallery-4' class='dt-gallery-container gallery galleryid-154559 gallery-columns-6 gallery-size-thumbnail'><dl class='gallery-item'>\n\t\t\t\t<dt class='gallery-icon portrait'>\n\t\t\t\t\t<a class=\"rollover rollover-zoom dt-pswp-item\" title=\"cce2de5d-0e50-4461-9ff7-ebbd7509ab70\" data-dt-img-description=\"\" data-large_image_width=\"1240\" data-large_image_height=\"1550\"href='https:\/\/www.radiopiu.net\/wordpress\/wp-content\/uploads\/2020\/08\/cce2de5d-0e50-4461-9ff7-ebbd7509ab70.jpg'><img loading=\"lazy\" decoding=\"async\" width=\"150\" height=\"150\" src=\"https:\/\/www.radiopiu.net\/wordpress\/wp-content\/uploads\/2020\/08\/cce2de5d-0e50-4461-9ff7-ebbd7509ab70-150x150.jpg\" class=\"attachment-thumbnail size-thumbnail\" alt=\"\" \/><\/a>\n\t\t\t\t<\/dt><\/dl><dl class='gallery-item'>\n\t\t\t\t<dt class='gallery-icon portrait'>\n\t\t\t\t\t<a class=\"rollover rollover-zoom dt-pswp-item\" title=\"2748ffeb-1a97-4edd-87da-2b5db1eb6670\" data-dt-img-description=\"\" data-large_image_width=\"1131\" data-large_image_height=\"1600\"href='https:\/\/www.radiopiu.net\/wordpress\/wp-content\/uploads\/2020\/08\/2748ffeb-1a97-4edd-87da-2b5db1eb6670-1.jpg'><img loading=\"lazy\" decoding=\"async\" width=\"150\" height=\"150\" src=\"https:\/\/www.radiopiu.net\/wordpress\/wp-content\/uploads\/2020\/08\/2748ffeb-1a97-4edd-87da-2b5db1eb6670-1-150x150.jpg\" class=\"attachment-thumbnail size-thumbnail\" alt=\"\" \/><\/a>\n\t\t\t\t<\/dt><\/dl><dl class='gallery-item'>\n\t\t\t\t<dt class='gallery-icon portrait'>\n\t\t\t\t\t<a class=\"rollover rollover-zoom dt-pswp-item\" title=\"yogaandraz\" data-dt-img-description=\"\" data-large_image_width=\"905\" data-large_image_height=\"1280\"href='https:\/\/www.radiopiu.net\/wordpress\/wp-content\/uploads\/2020\/07\/yogaandraz.jpg'><img loading=\"lazy\" decoding=\"async\" width=\"150\" height=\"150\" src=\"https:\/\/www.radiopiu.net\/wordpress\/wp-content\/uploads\/2020\/07\/yogaandraz-150x150.jpg\" class=\"attachment-thumbnail size-thumbnail\" alt=\"\" \/><\/a>\n\t\t\t\t<\/dt><\/dl><dl class='gallery-item'>\n\t\t\t\t<dt class='gallery-icon portrait'>\n\t\t\t\t\t<a class=\"rollover rollover-zoom dt-pswp-item\" title=\"RITROVARSI IN SINISTRA PIAVE locandina definitiva\" data-dt-img-description=\"\" data-large_image_width=\"1293\" data-large_image_height=\"2560\"href='https:\/\/www.radiopiu.net\/wordpress\/wp-content\/uploads\/2020\/07\/RITROVARSI-IN-SINISTRA-PIAVE-locandina-definitiva-scaled.jpg'><img loading=\"lazy\" decoding=\"async\" width=\"150\" height=\"150\" src=\"https:\/\/www.radiopiu.net\/wordpress\/wp-content\/uploads\/2020\/07\/RITROVARSI-IN-SINISTRA-PIAVE-locandina-definitiva-150x150.jpg\" class=\"attachment-thumbnail size-thumbnail\" alt=\"\" \/><\/a>\n\t\t\t\t<\/dt><\/dl><dl class='gallery-item'>\n\t\t\t\t<dt class='gallery-icon portrait'>\n\t\t\t\t\t<a class=\"rollover rollover-zoom dt-pswp-item\" title=\"82799889_285851282792527_7947034300049837793_n\" data-dt-img-description=\"\" data-large_image_width=\"678\" data-large_image_height=\"960\"href='https:\/\/www.radiopiu.net\/wordpress\/wp-content\/uploads\/2020\/07\/82799889_285851282792527_7947034300049837793_n.jpg'><img loading=\"lazy\" decoding=\"async\" width=\"150\" height=\"150\" src=\"https:\/\/www.radiopiu.net\/wordpress\/wp-content\/uploads\/2020\/07\/82799889_285851282792527_7947034300049837793_n-150x150.jpg\" class=\"attachment-thumbnail size-thumbnail\" alt=\"\" \/><\/a>\n\t\t\t\t<\/dt><\/dl><dl class='gallery-item'>\n\t\t\t\t<dt class='gallery-icon portrait'>\n\t\t\t\t\t<a class=\"rollover rollover-zoom dt-pswp-item\" title=\"fb0f2285-210f-4bba-8573-b8ff07a91fa8\" data-dt-img-description=\"\" data-large_image_width=\"726\" data-large_image_height=\"1024\"href='https:\/\/www.radiopiu.net\/wordpress\/wp-content\/uploads\/2020\/07\/fb0f2285-210f-4bba-8573-b8ff07a91fa8.jpg'><img loading=\"lazy\" decoding=\"async\" width=\"150\" height=\"150\" src=\"https:\/\/www.radiopiu.net\/wordpress\/wp-content\/uploads\/2020\/07\/fb0f2285-210f-4bba-8573-b8ff07a91fa8-150x150.jpg\" class=\"attachment-thumbnail size-thumbnail\" alt=\"\" \/><\/a>\n\t\t\t\t<\/dt><\/dl><br style=\"clear: both\" \/><dl class='gallery-item'>\n\t\t\t\t<dt class='gallery-icon portrait'>\n\t\t\t\t\t<a class=\"rollover rollover-zoom dt-pswp-item\" title=\"446199a0-ccb6-4daa-88f9-ee34f5a4944a\" data-dt-img-description=\"\" data-large_image_width=\"1080\" data-large_image_height=\"1350\"href='https:\/\/www.radiopiu.net\/wordpress\/wp-content\/uploads\/2020\/07\/446199a0-ccb6-4daa-88f9-ee34f5a4944a.jpg'><img loading=\"lazy\" decoding=\"async\" width=\"150\" height=\"150\" src=\"https:\/\/www.radiopiu.net\/wordpress\/wp-content\/uploads\/2020\/07\/446199a0-ccb6-4daa-88f9-ee34f5a4944a-150x150.jpg\" class=\"attachment-thumbnail size-thumbnail\" alt=\"\" \/><\/a>\n\t\t\t\t<\/dt><\/dl><dl class='gallery-item'>\n\t\t\t\t<dt class='gallery-icon portrait'>\n\t\t\t\t\t<a class=\"rollover rollover-zoom dt-pswp-item\" title=\"LOCANDINA MOSTRA ARCA 2019 Patrocinio\" data-dt-img-description=\"\" data-large_image_width=\"1810\" data-large_image_height=\"2560\"href='https:\/\/www.radiopiu.net\/wordpress\/wp-content\/uploads\/2020\/07\/LOCANDINA-MOSTRA-ARCA-2020-scaled.jpg'><img loading=\"lazy\" decoding=\"async\" width=\"150\" height=\"150\" src=\"https:\/\/www.radiopiu.net\/wordpress\/wp-content\/uploads\/2020\/07\/LOCANDINA-MOSTRA-ARCA-2020-150x150.jpg\" class=\"attachment-thumbnail size-thumbnail\" alt=\"\" \/><\/a>\n\t\t\t\t<\/dt><\/dl><dl class='gallery-item'>\n\t\t\t\t<dt class='gallery-icon portrait'>\n\t\t\t\t\t<a class=\"rollover rollover-zoom dt-pswp-item\" title=\"0995c87e-41e6-46f0-81e9-380485c41502\" data-dt-img-description=\"\" data-large_image_width=\"1447\" data-large_image_height=\"2048\"href='https:\/\/www.radiopiu.net\/wordpress\/wp-content\/uploads\/2020\/07\/0995c87e-41e6-46f0-81e9-380485c41502.jpg'><img loading=\"lazy\" decoding=\"async\" width=\"150\" height=\"150\" src=\"https:\/\/www.radiopiu.net\/wordpress\/wp-content\/uploads\/2020\/07\/0995c87e-41e6-46f0-81e9-380485c41502-150x150.jpg\" class=\"attachment-thumbnail size-thumbnail\" alt=\"\" \/><\/a>\n\t\t\t\t<\/dt><\/dl><dl class='gallery-item'>\n\t\t\t\t<dt class='gallery-icon portrait'>\n\t\t\t\t\t<a class=\"rollover rollover-zoom dt-pswp-item\" title=\"4dd872a2-f52d-4a12-9746-816401dfe394\" data-dt-img-description=\"\" data-large_image_width=\"1131\" data-large_image_height=\"1600\"href='https:\/\/www.radiopiu.net\/wordpress\/wp-content\/uploads\/2020\/07\/4dd872a2-f52d-4a12-9746-816401dfe394.jpg'><img loading=\"lazy\" decoding=\"async\" width=\"150\" height=\"150\" src=\"https:\/\/www.radiopiu.net\/wordpress\/wp-content\/uploads\/2020\/07\/4dd872a2-f52d-4a12-9746-816401dfe394-150x150.jpg\" class=\"attachment-thumbnail size-thumbnail\" alt=\"\" \/><\/a>\n\t\t\t\t<\/dt><\/dl><dl class='gallery-item'>\n\t\t\t\t<dt class='gallery-icon portrait'>\n\t\t\t\t\t<a class=\"rollover rollover-zoom dt-pswp-item\" title=\"concerto Tessari\" data-dt-img-description=\"\" data-large_image_width=\"1239\" data-large_image_height=\"1754\"href='https:\/\/www.radiopiu.net\/wordpress\/wp-content\/uploads\/2020\/07\/concerto-Tessari.jpg'><img loading=\"lazy\" decoding=\"async\" width=\"150\" height=\"150\" src=\"https:\/\/www.radiopiu.net\/wordpress\/wp-content\/uploads\/2020\/07\/concerto-Tessari-150x150.jpg\" class=\"attachment-thumbnail size-thumbnail\" alt=\"\" \/><\/a>\n\t\t\t\t<\/dt><\/dl><dl class='gallery-item'>\n\t\t\t\t<dt class='gallery-icon portrait'>\n\t\t\t\t\t<a class=\"rollover rollover-zoom dt-pswp-item\" title=\"ALLA SCOPERTA DI CANALE\" data-dt-img-description=\"\" data-large_image_width=\"620\" data-large_image_height=\"873\"href='https:\/\/www.radiopiu.net\/wordpress\/wp-content\/uploads\/2020\/07\/ALLA-SCOPERTA-DI-CANALE-.jpg'><img loading=\"lazy\" decoding=\"async\" width=\"150\" height=\"150\" src=\"https:\/\/www.radiopiu.net\/wordpress\/wp-content\/uploads\/2020\/07\/ALLA-SCOPERTA-DI-CANALE--150x150.jpg\" class=\"attachment-thumbnail size-thumbnail\" alt=\"\" \/><\/a>\n\t\t\t\t<\/dt><\/dl><br style=\"clear: both\" \/><dl class='gallery-item'>\n\t\t\t\t<dt class='gallery-icon portrait'>\n\t\t\t\t\t<a class=\"rollover rollover-zoom dt-pswp-item\" title=\"newsletter Week 4 Kids Summer\" data-dt-img-description=\"\" data-large_image_width=\"1280\" data-large_image_height=\"2560\"href='https:\/\/www.radiopiu.net\/wordpress\/wp-content\/uploads\/2020\/07\/newsletter-Week-4-Kids-Summer-scaled.jpg'><img loading=\"lazy\" decoding=\"async\" width=\"150\" height=\"150\" src=\"https:\/\/www.radiopiu.net\/wordpress\/wp-content\/uploads\/2020\/07\/newsletter-Week-4-Kids-Summer-150x150.jpg\" class=\"attachment-thumbnail size-thumbnail\" alt=\"\" \/><\/a>\n\t\t\t\t<\/dt><\/dl><dl class='gallery-item'>\n\t\t\t\t<dt class='gallery-icon landscape'>\n\t\t\t\t\t<a class=\"rollover rollover-zoom dt-pswp-item\" title=\"12f1d505-5668-42b8-8ad2-5336c07a910e\" data-dt-img-description=\"\" data-large_image_width=\"1352\" data-large_image_height=\"1040\"href='https:\/\/www.radiopiu.net\/wordpress\/wp-content\/uploads\/2020\/08\/12f1d505-5668-42b8-8ad2-5336c07a910e.jpg'><img loading=\"lazy\" decoding=\"async\" width=\"150\" height=\"150\" src=\"https:\/\/www.radiopiu.net\/wordpress\/wp-content\/uploads\/2020\/08\/12f1d505-5668-42b8-8ad2-5336c07a910e-150x150.jpg\" class=\"attachment-thumbnail size-thumbnail\" alt=\"\" \/><\/a>\n\t\t\t\t<\/dt><\/dl><dl class='gallery-item'>\n\t\t\t\t<dt class='gallery-icon portrait'>\n\t\t\t\t\t<a class=\"rollover rollover-zoom dt-pswp-item\" title=\"mercoledi 12 agosto_0001\" data-dt-img-description=\"\" data-large_image_width=\"1810\" data-large_image_height=\"2560\"href='https:\/\/www.radiopiu.net\/wordpress\/wp-content\/uploads\/2020\/08\/mercoledi-12-agosto_0001-scaled.jpg'><img loading=\"lazy\" decoding=\"async\" width=\"150\" height=\"150\" src=\"https:\/\/www.radiopiu.net\/wordpress\/wp-content\/uploads\/2020\/08\/mercoledi-12-agosto_0001-150x150.jpg\" class=\"attachment-thumbnail size-thumbnail\" alt=\"\" \/><\/a>\n\t\t\t\t<\/dt><\/dl><dl class='gallery-item'>\n\t\t\t\t<dt class='gallery-icon landscape'>\n\t\t\t\t\t<a class=\"rollover rollover-zoom dt-pswp-item\" title=\"volantino parco dolomiti bellunesi 13agosto\" data-dt-img-description=\"\" data-large_image_width=\"2560\" data-large_image_height=\"1920\"href='https:\/\/www.radiopiu.net\/wordpress\/wp-content\/uploads\/2020\/08\/volantino-parco-dolomiti-bellunesi-13agosto-scaled.jpg'><img loading=\"lazy\" decoding=\"async\" width=\"150\" height=\"150\" src=\"https:\/\/www.radiopiu.net\/wordpress\/wp-content\/uploads\/2020\/08\/volantino-parco-dolomiti-bellunesi-13agosto-150x150.jpg\" class=\"attachment-thumbnail size-thumbnail\" alt=\"\" \/><\/a>\n\t\t\t\t<\/dt><\/dl><dl class='gallery-item'>\n\t\t\t\t<dt class='gallery-icon portrait'>\n\t\t\t\t\t<a class=\"rollover rollover-zoom dt-pswp-item\" title=\"lettura BASSA\" data-dt-img-description=\"\" data-large_image_width=\"1240\" data-large_image_height=\"1754\"href='https:\/\/www.radiopiu.net\/wordpress\/wp-content\/uploads\/2020\/08\/lettura-BASSA.jpg'><img loading=\"lazy\" decoding=\"async\" width=\"150\" height=\"150\" src=\"https:\/\/www.radiopiu.net\/wordpress\/wp-content\/uploads\/2020\/08\/lettura-BASSA-150x150.jpg\" class=\"attachment-thumbnail size-thumbnail\" alt=\"\" \/><\/a>\n\t\t\t\t<\/dt><\/dl><dl class='gallery-item'>\n\t\t\t\t<dt class='gallery-icon portrait'>\n\t\t\t\t\t<a class=\"rollover rollover-zoom dt-pswp-item\" title=\"LOCANDINA_MOSTRA andraz\" data-dt-img-description=\"\" data-large_image_width=\"1753\" data-large_image_height=\"2480\"href='https:\/\/www.radiopiu.net\/wordpress\/wp-content\/uploads\/2020\/08\/LOCANDINA_MOSTRA-andraz.jpg'><img loading=\"lazy\" decoding=\"async\" width=\"150\" height=\"150\" src=\"https:\/\/www.radiopiu.net\/wordpress\/wp-content\/uploads\/2020\/08\/LOCANDINA_MOSTRA-andraz-150x150.jpg\" class=\"attachment-thumbnail size-thumbnail\" alt=\"\" \/><\/a>\n\t\t\t\t<\/dt><\/dl><br style=\"clear: both\" \/><dl class='gallery-item'>\n\t\t\t\t<dt class='gallery-icon portrait'>\n\t\t\t\t\t<a class=\"rollover rollover-zoom dt-pswp-item\" title=\"b91edf01-0080-4c00-97cc-7b476428c004\" data-dt-img-description=\"\" data-large_image_width=\"800\" data-large_image_height=\"1600\"href='https:\/\/www.radiopiu.net\/wordpress\/wp-content\/uploads\/2020\/08\/b91edf01-0080-4c00-97cc-7b476428c004.jpg'><img loading=\"lazy\" decoding=\"async\" width=\"150\" height=\"150\" src=\"https:\/\/www.radiopiu.net\/wordpress\/wp-content\/uploads\/2020\/08\/b91edf01-0080-4c00-97cc-7b476428c004-150x150.jpg\" class=\"attachment-thumbnail size-thumbnail\" alt=\"\" \/><\/a>\n\t\t\t\t<\/dt><\/dl><dl class='gallery-item'>\n\t\t\t\t<dt class='gallery-icon portrait'>\n\t\t\t\t\t<a class=\"rollover rollover-zoom dt-pswp-item\" title=\"68b2ed14-3f50-4dcc-8dba-e221fa2bf6b8\" data-dt-img-description=\"\" data-large_image_width=\"1131\" data-large_image_height=\"1599\"href='https:\/\/www.radiopiu.net\/wordpress\/wp-content\/uploads\/2020\/08\/68b2ed14-3f50-4dcc-8dba-e221fa2bf6b8.jpg'><img loading=\"lazy\" decoding=\"async\" width=\"150\" height=\"150\" src=\"https:\/\/www.radiopiu.net\/wordpress\/wp-content\/uploads\/2020\/08\/68b2ed14-3f50-4dcc-8dba-e221fa2bf6b8-150x150.jpg\" class=\"attachment-thumbnail size-thumbnail\" alt=\"\" \/><\/a>\n\t\t\t\t<\/dt><\/dl><dl class='gallery-item'>\n\t\t\t\t<dt class='gallery-icon portrait'>\n\t\t\t\t\t<a class=\"rollover rollover-zoom dt-pswp-item\" title=\"Locandina presentazione libro longarone 14 agosto\" data-dt-img-description=\"\" data-large_image_width=\"1604\" data-large_image_height=\"2560\"href='https:\/\/www.radiopiu.net\/wordpress\/wp-content\/uploads\/2020\/08\/Locandina-presentazione-libro-longarone-14-agosto-scaled.jpg'><img loading=\"lazy\" decoding=\"async\" width=\"150\" height=\"150\" src=\"https:\/\/www.radiopiu.net\/wordpress\/wp-content\/uploads\/2020\/08\/Locandina-presentazione-libro-longarone-14-agosto-150x150.jpg\" class=\"attachment-thumbnail size-thumbnail\" alt=\"\" \/><\/a>\n\t\t\t\t<\/dt><\/dl><dl class='gallery-item'>\n\t\t\t\t<dt class='gallery-icon portrait'>\n\t\t\t\t\t<a class=\"rollover rollover-zoom dt-pswp-item\" title=\"4e4fdd52-fede-4957-a5dc-061367a3dbac\" data-dt-img-description=\"\" data-large_image_width=\"1151\" data-large_image_height=\"1600\"href='https:\/\/www.radiopiu.net\/wordpress\/wp-content\/uploads\/2020\/08\/4e4fdd52-fede-4957-a5dc-061367a3dbac.jpg'><img loading=\"lazy\" decoding=\"async\" width=\"150\" height=\"150\" src=\"https:\/\/www.radiopiu.net\/wordpress\/wp-content\/uploads\/2020\/08\/4e4fdd52-fede-4957-a5dc-061367a3dbac-150x150.jpg\" class=\"attachment-thumbnail size-thumbnail\" alt=\"\" \/><\/a>\n\t\t\t\t<\/dt><\/dl><dl class='gallery-item'>\n\t\t\t\t<dt class='gallery-icon portrait'>\n\t\t\t\t\t<a class=\"rollover rollover-zoom dt-pswp-item\" title=\"OTTAVIO ROSSI MOSTRA\" data-dt-img-description=\"\" data-large_image_width=\"1131\" data-large_image_height=\"1600\"href='https:\/\/www.radiopiu.net\/wordpress\/wp-content\/uploads\/2020\/08\/OTTAVIO-ROSSI-MOSTRA.jpg'><img loading=\"lazy\" decoding=\"async\" width=\"150\" height=\"150\" src=\"https:\/\/www.radiopiu.net\/wordpress\/wp-content\/uploads\/2020\/08\/OTTAVIO-ROSSI-MOSTRA-150x150.jpg\" class=\"attachment-thumbnail size-thumbnail\" alt=\"\" \/><\/a>\n\t\t\t\t<\/dt><\/dl>\n\t\t\t\t<br style='clear: both' \/>\n\t\t\t<\/div>\n\n<p>&nbsp;<\/p>\n<hr \/>\n<p>&nbsp;<\/p>\n<blockquote>\n<h3>UNA LETTERA DEL RETTORE, GIORGIO LISE: SEMINARIO SENZA RAGAZZI MA NON VUOTO di Renato Bona<\/h3>\n<\/blockquote>\n<p><strong><a class=\"dt-pswp-item\" href=\"https:\/\/www.radiopiu.net\/wordpress\/wp-content\/uploads\/2019\/08\/553085_385905871470280_1626001170_n.jpg\" data-dt-img-description=\"\" data-large_image_width=\"855\" data-large_image_height=\"569\"><img loading=\"lazy\" decoding=\"async\" class=\" wp-image-94070 alignleft\" src=\"https:\/\/www.radiopiu.net\/wordpress\/wp-content\/uploads\/2019\/08\/553085_385905871470280_1626001170_n-300x200.jpg\" alt=\"\" width=\"159\" height=\"106\" \/><\/a>di\u00a0Renato\u00a0<\/strong><b>Bona\u00a0<\/b><\/p>\n<p>Sotto il titolo \u201cSeminario senza ragazzi, ma non vuoto\u201d monsignor Giorgio Lise (rettore dello stesso seminario gregoriano, vicario giudiziale e cappellano provinciale della polizia di Stato, fino a qualche mese fa arcidiacono di Agordo) ha scritto una lettera ai \u201ccari confratelli e amici del Seminario\u201d, che \u00e8 stata postata sul sito diocesano chiesabellunofeltre. Lo fa in coincidenza della \u201cGiornata del seminario\u201d che \u00e8 in calendario per il giorno di ferragosto, inserita nella Solennit\u00e0 dell\u2019Assunta. Partendo da una citazione di mons. Ottorino Pierobon, che fu a sua volta rettore del seminario, il quale, alla fine del volume \u201cQuattrocento anni di vita del Seminario di Belluno (1568-1970)\u201d scriveva: \u201c\u2026Pur riconoscendo il valore delle proiezioni statistiche, sappiamo che nel gioco delle vocazioni al sacerdozio entra un elemento che sfugge ad ogni indagini scientifica e che spesso agisce nelle forme pi\u00f9 impensate: lo spirito Santo. E\u2019 per questo che non cediamo al pessimismo, ma apriamo il cuore alla speranza di una ripresa vocazionale che, naturalmente, non potr\u00e0 essere miracolistica, cio\u00e8 senza in forte impegno della diocesi, delle comunit\u00e0 parrocchiali e dei singoli cristiani\u201d Giorgio Lise sostiene che \u201c\u2026 possiamo sottoscrivere tutti questa riflessione di don Ottorino, sia per quanto riguarda la situazione delle vocazioni sia, soprattutto, per quanto riguarda l\u2019impegno che viene chiesto a tutti e a ciascuno per le vocazioni sacerdotali, soprattutto attraverso la preghiera, nella certezza che il Signore non lascer\u00e0 mancare pastori nella sua Chiesa\u2026\u201d. E si sofferma quindi sulla situazione attuale \u201cche \u00e8 sotto gli occhi di tutti\u2026 non sfugge a nessuno quanto i sacerdoti siano diminuiti e quanto, questo, richieda inevitabilmente il coraggio di cambiare la fisionomia della Chiesa che \u00e8 sempre chiamata ad annunciare Cristo, ma che dovr\u00e0 probabilmente cambiare modalit\u00e0 di presenza e di annuncio, senza dimenticare che il ruolo di protagonista non \u00e8 quello del terreno (noi. La Chiesa), ma \u00e8 sempre quello del Seminatore: Ges\u00f9 stesso. A noi tutti il compito di accogliere la Parola e permettere alla sua fecondit\u00e0 che \u00e8 fuori discussione di giungere a maturazione e portare frutto\u201d. Ricorda quindi, il Rettore, che da qualche anno il Seminario non accoglie pi\u00f9 ragazzi e giovani in preparazione al sacerdozio, che sono in comunit\u00e0 con altri giovani a Trento. Tuttavia \u2013 sottolinea \u2013 questa istituzione non cessa di essere punto di riferimento nella vita della Diocesi, ed espone alcune realt\u00e0 che ne dimostrano la vitalit\u00e0 formativa: il liceo \u201cLollino\u201d (attraverso le discipline scolastiche forma gli studenti a una visione cristiana della vita); l\u2019Istituto superiore di scienze religiose (d\u00e0 ai laici una preparazione teologica non solo avviandoli all\u2019insegnamento ma fortificandoli personalmente nella fede); la Scuola di formazione teologica (possibilit\u00e0 di un cammino spirituale alla portata di tutti coloro che sentono di non potersi fermare a nozioni apprese al catechismo, ma desiderano approfondire aspetti teologici, biblici e morali della propria fede); persone singoli o gruppi di giovani adulti che si incontrano regolarmente nel Seminario, desiderosi di trovare chi li affianchi nel loro cammino cristiano; quindi i tesori culturali e d\u2019arte esistenti, la Biblioteca gregoriana con decine di migliaia di volumi, la Lolliniana con il centinaio di codici manoscritti, 84 incunaboli e 1910 opere di stampa, non da ultimo la chiesa di san Pietro, i due chiostri (molto frequentati da gruppi in visita a Belluno). Monsignor Lise, detto che \u201cIl Seminario in futuro potr\u00e0 anche diventare luogo di ospitalit\u00e0 per sacerdoti che, lasciato il servizio diretto in pastorale, volessero continuare ad essere utili in altri ambiti della vita pastorale, risiedendo al tempo stesso in un luogo dove poter vivere in Comunit\u00e0, godere di servizi comuni e sentirsi ancora utili alla Chiesa, tornando, per cos\u00ec dire, nel grembo di quella istituzione che li ha formati al ministero presbiterale\u201d conclude cos\u00ec la sua lettera aperta: \u201cUn grazie a tutto tondo, allora, ai parroci, alle comunit\u00e0 parrocchiali e a quanti vorranno dare in questa occasione il loro aiuto al Seminario affinch\u00e9 continui ad essere come si diceva un tempo e come possiamo ripetere oggi in tutta verit\u00e0, \u2018il cuore della Diocesi\u2019, un cuore pulsante per il bene della Chiesa e del nostro territorio\u201d.<\/p>\n\n\t\t\t<style type='text\/css'>\n\t\t\t\t#gallery-5 {\n\t\t\t\t\tmargin: auto;\n\t\t\t\t}\n\t\t\t\t#gallery-5 .gallery-item {\n\t\t\t\t\tfloat: left;\n\t\t\t\t\tmargin-top: 10px;\n\t\t\t\t\ttext-align: center;\n\t\t\t\t\twidth: 20%;\n\t\t\t\t}\n\t\t\t\t#gallery-5 img {\n\t\t\t\t\tborder: 2px solid #cfcfcf;\n\t\t\t\t}\n\t\t\t\t#gallery-5 .gallery-caption {\n\t\t\t\t\tmargin-left: 0;\n\t\t\t\t}\n\t\t\t\t\/* see gallery_shortcode() in wp-includes\/media.php *\/\n\t\t\t<\/style>\n\t\t<div id='gallery-5' class='dt-gallery-container gallery galleryid-154559 gallery-columns-5 gallery-size-thumbnail'><dl class='gallery-item'>\n\t\t\t\t<dt class='gallery-icon landscape'>\n\t\t\t\t\t<a class=\"rollover rollover-zoom dt-pswp-item\" title=\"117556329_289760952094923_761314687433663633_n\" data-dt-img-description=\"\" data-large_image_width=\"300\" data-large_image_height=\"168\"href='https:\/\/www.radiopiu.net\/wordpress\/wp-content\/uploads\/2020\/08\/117556329_289760952094923_761314687433663633_n.jpg'><img loading=\"lazy\" decoding=\"async\" width=\"150\" height=\"150\" src=\"https:\/\/www.radiopiu.net\/wordpress\/wp-content\/uploads\/2020\/08\/117556329_289760952094923_761314687433663633_n-150x150.jpg\" class=\"attachment-thumbnail size-thumbnail\" alt=\"\" \/><\/a>\n\t\t\t\t<\/dt><\/dl><dl class='gallery-item'>\n\t\t\t\t<dt class='gallery-icon portrait'>\n\t\t\t\t\t<a class=\"rollover rollover-zoom dt-pswp-item\" title=\"117444957_306338043811054_4448283732585396328_n\" data-dt-img-description=\"\" data-large_image_width=\"1446\" data-large_image_height=\"2045\"href='https:\/\/www.radiopiu.net\/wordpress\/wp-content\/uploads\/2020\/08\/117444957_306338043811054_4448283732585396328_n.jpg'><img loading=\"lazy\" decoding=\"async\" width=\"150\" height=\"150\" src=\"https:\/\/www.radiopiu.net\/wordpress\/wp-content\/uploads\/2020\/08\/117444957_306338043811054_4448283732585396328_n-150x150.jpg\" class=\"attachment-thumbnail size-thumbnail\" alt=\"\" \/><\/a>\n\t\t\t\t<\/dt><\/dl><dl class='gallery-item'>\n\t\t\t\t<dt class='gallery-icon landscape'>\n\t\t\t\t\t<a class=\"rollover rollover-zoom dt-pswp-item\" title=\"117444268_716185788939068_6176382842793866737_n\" data-dt-img-description=\"\" data-large_image_width=\"564\" data-large_image_height=\"499\"href='https:\/\/www.radiopiu.net\/wordpress\/wp-content\/uploads\/2020\/08\/117444268_716185788939068_6176382842793866737_n.jpg'><img loading=\"lazy\" decoding=\"async\" width=\"150\" height=\"150\" src=\"https:\/\/www.radiopiu.net\/wordpress\/wp-content\/uploads\/2020\/08\/117444268_716185788939068_6176382842793866737_n-150x150.jpg\" class=\"attachment-thumbnail size-thumbnail\" alt=\"\" \/><\/a>\n\t\t\t\t<\/dt><\/dl><dl class='gallery-item'>\n\t\t\t\t<dt class='gallery-icon landscape'>\n\t\t\t\t\t<a class=\"rollover rollover-zoom dt-pswp-item\" title=\"117590485_652238639053873_6743343375894841632_n\" data-dt-img-description=\"\" data-large_image_width=\"800\" data-large_image_height=\"450\"href='https:\/\/www.radiopiu.net\/wordpress\/wp-content\/uploads\/2020\/08\/117590485_652238639053873_6743343375894841632_n.jpg'><img loading=\"lazy\" decoding=\"async\" width=\"150\" height=\"150\" src=\"https:\/\/www.radiopiu.net\/wordpress\/wp-content\/uploads\/2020\/08\/117590485_652238639053873_6743343375894841632_n-150x150.jpg\" class=\"attachment-thumbnail size-thumbnail\" alt=\"\" \/><\/a>\n\t\t\t\t<\/dt><\/dl><dl class='gallery-item'>\n\t\t\t\t<dt class='gallery-icon landscape'>\n\t\t\t\t\t<a class=\"rollover rollover-zoom dt-pswp-item\" title=\"117669617_3345336828868900_6310166917793158323_n\" data-dt-img-description=\"\" data-large_image_width=\"2560\" data-large_image_height=\"959\"href='https:\/\/www.radiopiu.net\/wordpress\/wp-content\/uploads\/2020\/08\/117669617_3345336828868900_6310166917793158323_n-scaled.jpg'><img loading=\"lazy\" decoding=\"async\" width=\"150\" height=\"150\" src=\"https:\/\/www.radiopiu.net\/wordpress\/wp-content\/uploads\/2020\/08\/117669617_3345336828868900_6310166917793158323_n-150x150.jpg\" class=\"attachment-thumbnail size-thumbnail\" alt=\"\" \/><\/a>\n\t\t\t\t<\/dt><\/dl><br style=\"clear: both\" \/><dl class='gallery-item'>\n\t\t\t\t<dt class='gallery-icon landscape'>\n\t\t\t\t\t<a class=\"rollover rollover-zoom dt-pswp-item\" title=\"117391987_2889239234696147_7880514229309438617_n\" data-dt-img-description=\"\" data-large_image_width=\"2560\" data-large_image_height=\"1314\"href='https:\/\/www.radiopiu.net\/wordpress\/wp-content\/uploads\/2020\/08\/117391987_2889239234696147_7880514229309438617_n-scaled.jpg'><img loading=\"lazy\" decoding=\"async\" width=\"150\" height=\"150\" src=\"https:\/\/www.radiopiu.net\/wordpress\/wp-content\/uploads\/2020\/08\/117391987_2889239234696147_7880514229309438617_n-150x150.jpg\" class=\"attachment-thumbnail size-thumbnail\" alt=\"\" \/><\/a>\n\t\t\t\t<\/dt><\/dl><dl class='gallery-item'>\n\t\t\t\t<dt class='gallery-icon landscape'>\n\t\t\t\t\t<a class=\"rollover rollover-zoom dt-pswp-item\" title=\"117618984_332853821078080_2086565880575695497_n\" data-dt-img-description=\"\" data-large_image_width=\"2560\" data-large_image_height=\"1948\"href='https:\/\/www.radiopiu.net\/wordpress\/wp-content\/uploads\/2020\/08\/117618984_332853821078080_2086565880575695497_n-scaled.jpg'><img loading=\"lazy\" decoding=\"async\" width=\"150\" height=\"150\" src=\"https:\/\/www.radiopiu.net\/wordpress\/wp-content\/uploads\/2020\/08\/117618984_332853821078080_2086565880575695497_n-150x150.jpg\" class=\"attachment-thumbnail size-thumbnail\" alt=\"\" \/><\/a>\n\t\t\t\t<\/dt><\/dl><dl class='gallery-item'>\n\t\t\t\t<dt class='gallery-icon landscape'>\n\t\t\t\t\t<a class=\"rollover rollover-zoom dt-pswp-item\" title=\"117380351_312497706624772_8707457113113178317_n\" data-dt-img-description=\"\" data-large_image_width=\"275\" data-large_image_height=\"183\"href='https:\/\/www.radiopiu.net\/wordpress\/wp-content\/uploads\/2020\/08\/117380351_312497706624772_8707457113113178317_n.jpg'><img loading=\"lazy\" decoding=\"async\" width=\"150\" height=\"150\" src=\"https:\/\/www.radiopiu.net\/wordpress\/wp-content\/uploads\/2020\/08\/117380351_312497706624772_8707457113113178317_n-150x150.jpg\" class=\"attachment-thumbnail size-thumbnail\" alt=\"\" \/><\/a>\n\t\t\t\t<\/dt><\/dl><dl class='gallery-item'>\n\t\t\t\t<dt class='gallery-icon landscape'>\n\t\t\t\t\t<a class=\"rollover rollover-zoom dt-pswp-item\" title=\"117414251_2841875106080330_2598121647641910182_n\" data-dt-img-description=\"\" data-large_image_width=\"300\" data-large_image_height=\"168\"href='https:\/\/www.radiopiu.net\/wordpress\/wp-content\/uploads\/2020\/08\/117414251_2841875106080330_2598121647641910182_n.jpg'><img loading=\"lazy\" decoding=\"async\" width=\"150\" height=\"150\" src=\"https:\/\/www.radiopiu.net\/wordpress\/wp-content\/uploads\/2020\/08\/117414251_2841875106080330_2598121647641910182_n-150x150.jpg\" class=\"attachment-thumbnail size-thumbnail\" alt=\"\" \/><\/a>\n\t\t\t\t<\/dt><\/dl><dl class='gallery-item'>\n\t\t\t\t<dt class='gallery-icon portrait'>\n\t\t\t\t\t<a class=\"rollover rollover-zoom dt-pswp-item\" title=\"117408323_651174575754526_7468817039459078853_n\" data-dt-img-description=\"\" data-large_image_width=\"205\" data-large_image_height=\"246\"href='https:\/\/www.radiopiu.net\/wordpress\/wp-content\/uploads\/2020\/08\/117408323_651174575754526_7468817039459078853_n.jpg'><img loading=\"lazy\" decoding=\"async\" width=\"150\" height=\"150\" src=\"https:\/\/www.radiopiu.net\/wordpress\/wp-content\/uploads\/2020\/08\/117408323_651174575754526_7468817039459078853_n-150x150.jpg\" class=\"attachment-thumbnail size-thumbnail\" alt=\"\" \/><\/a>\n\t\t\t\t<\/dt><\/dl><br style=\"clear: both\" \/>\n\t\t\t<\/div>\n\n<p>&nbsp;<\/p>\n<p>NELLE FOTO (sito chiesabellunofeltre): monsignor Giorgio Lise; il rettore del seminario in una foto con il vescovo Ducoli, suo mentore, del quale \u00e8 stato a lungo segretario, e con quello che sarebbe divenuto San Giovanni Paolo II (a cent\u2019anni dalla nascita di Wojtyla don Giorgio ha celebrato il 12 luglio scorso una messa sul \u201cSentiero del Papa\u201d a Varlonge di Costalta, in Comelico); il manifesto per la \u201cGiornata del Seminario\u201d inserita nelle celebrazioni per l\u2019Assunta; attivit\u00e0 del liceo Lollino; la Biblioteca Gregoriana; interni del Seminario bellunese.<\/p>\n<p>&nbsp;<\/p>\n<p>&nbsp;<\/p>\n<hr \/>\n<p>&nbsp;<\/p>\n<h2>IERI ALLA RADIO<\/h2>\n<h2><a class=\"dt-pswp-item\" href=\"https:\/\/www.radiopiu.net\/wordpress\/wp-content\/uploads\/2020\/08\/ANDY-VARALLO-DOLOMITI-SUPERSKY.jpg\" data-dt-img-description=\"\" data-large_image_width=\"1600\" data-large_image_height=\"1600\"><img loading=\"lazy\" decoding=\"async\" class=\"size-medium wp-image-154563 alignleft\" src=\"https:\/\/www.radiopiu.net\/wordpress\/wp-content\/uploads\/2020\/08\/ANDY-VARALLO-DOLOMITI-SUPERSKY-300x300.jpg\" alt=\"\" width=\"300\" height=\"300\" srcset=\"https:\/\/www.radiopiu.net\/wordpress\/wp-content\/uploads\/2020\/08\/ANDY-VARALLO-DOLOMITI-SUPERSKY-300x300.jpg 300w, https:\/\/www.radiopiu.net\/wordpress\/wp-content\/uploads\/2020\/08\/ANDY-VARALLO-DOLOMITI-SUPERSKY-1024x1024.jpg 1024w, https:\/\/www.radiopiu.net\/wordpress\/wp-content\/uploads\/2020\/08\/ANDY-VARALLO-DOLOMITI-SUPERSKY-150x150.jpg 150w, https:\/\/www.radiopiu.net\/wordpress\/wp-content\/uploads\/2020\/08\/ANDY-VARALLO-DOLOMITI-SUPERSKY-768x768.jpg 768w, https:\/\/www.radiopiu.net\/wordpress\/wp-content\/uploads\/2020\/08\/ANDY-VARALLO-DOLOMITI-SUPERSKY-1536x1536.jpg 1536w, https:\/\/www.radiopiu.net\/wordpress\/wp-content\/uploads\/2020\/08\/ANDY-VARALLO-DOLOMITI-SUPERSKY.jpg 1600w\" sizes=\"auto, (max-width: 300px) 100vw, 300px\" \/><\/a><span style=\"color: #ff6600;\">ANDY VARALLO, PRESIDENTE DI DOLOMITI SUPERSKI<\/span><\/h2>\n<p>di Claudio Fontanive<\/p>\n<h3><span style=\"color: #ff0000;\">In collaborazione con Dersut Giornale&amp;Caff\u00e8 a Taibon Agordino<\/span><\/h3>\n<audio class=\"wp-audio-shortcode\" id=\"audio-154559-13\" preload=\"none\" style=\"width: 100%;\" controls=\"controls\"><source type=\"audio\/mpeg\" src=\"https:\/\/www.radiopiu.net\/wordpress\/wp-content\/uploads\/2020\/08\/andy-varallo-11-agosto.mp3?_=13\" \/><a href=\"https:\/\/www.radiopiu.net\/wordpress\/wp-content\/uploads\/2020\/08\/andy-varallo-11-agosto.mp3\">https:\/\/www.radiopiu.net\/wordpress\/wp-content\/uploads\/2020\/08\/andy-varallo-11-agosto.mp3<\/a><\/audio>\n<p>&nbsp;<\/p>\n<hr \/>\n<p>&nbsp;<\/p>\n<h2><span style=\"color: #ff0000;\">DUE MINUTI UN LIBRO<\/span><\/h2>\n<blockquote class=\"wp-embedded-content\" data-secret=\"c3cJeRkrsb\"><p><a href=\"https:\/\/www.radiopiu.net\/wordpress\/la-moglie-dello-straniero-2\/\">LA MOGLIE DELLO STRANIERO<\/a><\/p><\/blockquote>\n<p><iframe loading=\"lazy\" class=\"wp-embedded-content\" sandbox=\"allow-scripts\" security=\"restricted\" style=\"position: absolute; clip: rect(1px, 1px, 1px, 1px);\" title=\"&#8220;LA MOGLIE DELLO STRANIERO&#8221; &#8212; Radio Pi\u00f9\" src=\"https:\/\/www.radiopiu.net\/wordpress\/la-moglie-dello-straniero-2\/embed\/#?secret=c3cJeRkrsb\" data-secret=\"c3cJeRkrsb\" width=\"600\" height=\"338\" frameborder=\"0\" marginwidth=\"0\" marginheight=\"0\" scrolling=\"no\"><\/iframe><\/p>\n<p><strong>LE ALTRE PUNTATE<\/strong><\/p>\n<blockquote class=\"wp-embedded-content\" data-secret=\"Ta4Jqb809l\"><p><a href=\"https:\/\/www.radiopiu.net\/wordpress\/due-minuti-un-libro\/\">Due minuti un libro<\/a><\/p><\/blockquote>\n<p><iframe loading=\"lazy\" class=\"wp-embedded-content\" sandbox=\"allow-scripts\" security=\"restricted\" style=\"position: absolute; clip: rect(1px, 1px, 1px, 1px);\" title=\"&#8220;Due minuti un libro&#8221; &#8212; Radio Pi\u00f9\" src=\"https:\/\/www.radiopiu.net\/wordpress\/due-minuti-un-libro\/embed\/#?secret=Ta4Jqb809l\" data-secret=\"Ta4Jqb809l\" width=\"600\" height=\"338\" frameborder=\"0\" marginwidth=\"0\" marginheight=\"0\" scrolling=\"no\"><\/iframe><\/p>\n<p>&nbsp;<\/p>\n<hr \/>\n<p>&nbsp;<\/p>\n<div>\n<h2><a class=\"dt-pswp-item\" href=\"https:\/\/www.radiopiu.net\/wordpress\/wp-content\/uploads\/2020\/06\/4f376fe2-d9cd-4dc8-b8ec-9bd773546a4e.jpg\" data-dt-img-description=\"\" data-large_image_width=\"960\" data-large_image_height=\"720\"><img loading=\"lazy\" decoding=\"async\" class=\"wp-image-146572 alignleft\" src=\"https:\/\/www.radiopiu.net\/wordpress\/wp-content\/uploads\/2020\/06\/4f376fe2-d9cd-4dc8-b8ec-9bd773546a4e-300x225.jpg\" alt=\"\" width=\"132\" height=\"99\" srcset=\"https:\/\/www.radiopiu.net\/wordpress\/wp-content\/uploads\/2020\/06\/4f376fe2-d9cd-4dc8-b8ec-9bd773546a4e-300x225.jpg 300w, https:\/\/www.radiopiu.net\/wordpress\/wp-content\/uploads\/2020\/06\/4f376fe2-d9cd-4dc8-b8ec-9bd773546a4e-768x576.jpg 768w, https:\/\/www.radiopiu.net\/wordpress\/wp-content\/uploads\/2020\/06\/4f376fe2-d9cd-4dc8-b8ec-9bd773546a4e.jpg 960w\" sizes=\"auto, (max-width: 132px) 100vw, 132px\" \/><\/a><\/h2>\n<h2><\/h2>\n<h2><span style=\"color: #800080;\">DON CESARE, IL PENSIERO DEL GIORNO. ALLA RADIO ALLE 7 DEL MATTINO E ALLE 19.30 DELLA SERA.<\/span><\/h2>\n<audio class=\"wp-audio-shortcode\" id=\"audio-154559-14\" preload=\"none\" style=\"width: 100%;\" controls=\"controls\"><source type=\"audio\/mpeg\" src=\"https:\/\/www.radiopiu.net\/wordpress\/wp-content\/uploads\/2020\/08\/cesare-3.mp3?_=14\" \/><a href=\"https:\/\/www.radiopiu.net\/wordpress\/wp-content\/uploads\/2020\/08\/cesare-3.mp3\">https:\/\/www.radiopiu.net\/wordpress\/wp-content\/uploads\/2020\/08\/cesare-3.mp3<\/a><\/audio>\n<p>&nbsp;<\/p>\n<hr \/>\n<p>&nbsp;<\/p>\n<h2><span style=\"color: #008000;\">AGORDINOMERON&#8230;LA RACCOLTA<\/span><\/h2>\n<blockquote class=\"wp-embedded-content\" data-secret=\"oHWu92ZsgT\"><p><a href=\"https:\/\/www.radiopiu.net\/wordpress\/agordinomeron\/\">AGORDINOMERON, IL TERRITORIO SI RACCONTA Da un&#8217;idea di Gianni Santomaso<\/a><\/p><\/blockquote>\n<p><iframe loading=\"lazy\" class=\"wp-embedded-content\" sandbox=\"allow-scripts\" security=\"restricted\" style=\"position: absolute; clip: rect(1px, 1px, 1px, 1px);\" title=\"&#8220;AGORDINOMERON, IL TERRITORIO SI RACCONTA Da un&#8217;idea di Gianni Santomaso&#8221; &#8212; Radio Pi\u00f9\" src=\"https:\/\/www.radiopiu.net\/wordpress\/agordinomeron\/embed\/#?secret=oHWu92ZsgT\" data-secret=\"oHWu92ZsgT\" width=\"600\" height=\"338\" frameborder=\"0\" marginwidth=\"0\" marginheight=\"0\" scrolling=\"no\"><\/iframe><\/p>\n<p>&nbsp;<\/p>\n<p>&nbsp;<\/p>\n<hr \/>\n<p>&nbsp;<\/p>\n<h2><span style=\"color: #ff00ff;\">ZAINO DA VIAGGIO AL FEMMINILE DI PAOLA LANCIATO<\/span><\/h2>\n<h3>IL PARCO DELLA MAIELLA<\/h3>\n<audio class=\"wp-audio-shortcode\" id=\"audio-154559-15\" preload=\"none\" style=\"width: 100%;\" controls=\"controls\"><source type=\"audio\/mpeg\" src=\"https:\/\/www.radiopiu.net\/wordpress\/wp-content\/uploads\/2020\/08\/10-Il-Parco-della-Majella-M-1.mp3?_=15\" \/><a href=\"https:\/\/www.radiopiu.net\/wordpress\/wp-content\/uploads\/2020\/08\/10-Il-Parco-della-Majella-M-1.mp3\">https:\/\/www.radiopiu.net\/wordpress\/wp-content\/uploads\/2020\/08\/10-Il-Parco-della-Majella-M-1.mp3<\/a><\/audio>\n<p>&nbsp;<\/p>\n\n\t\t\t<style type='text\/css'>\n\t\t\t\t#gallery-6 {\n\t\t\t\t\tmargin: auto;\n\t\t\t\t}\n\t\t\t\t#gallery-6 .gallery-item {\n\t\t\t\t\tfloat: left;\n\t\t\t\t\tmargin-top: 10px;\n\t\t\t\t\ttext-align: center;\n\t\t\t\t\twidth: 20%;\n\t\t\t\t}\n\t\t\t\t#gallery-6 img {\n\t\t\t\t\tborder: 2px solid #cfcfcf;\n\t\t\t\t}\n\t\t\t\t#gallery-6 .gallery-caption {\n\t\t\t\t\tmargin-left: 0;\n\t\t\t\t}\n\t\t\t\t\/* see gallery_shortcode() in wp-includes\/media.php *\/\n\t\t\t<\/style>\n\t\t<div id='gallery-6' class='dt-gallery-container gallery galleryid-154559 gallery-columns-5 gallery-size-thumbnail'><dl class='gallery-item'>\n\t\t\t\t<dt class='gallery-icon landscape'>\n\t\t\t\t\t<a class=\"rollover rollover-zoom dt-pswp-item\" title=\"1\" data-dt-img-description=\"\" data-large_image_width=\"500\" data-large_image_height=\"316\"href='https:\/\/www.radiopiu.net\/wordpress\/wp-content\/uploads\/2020\/08\/1-1.jpg'><img loading=\"lazy\" decoding=\"async\" width=\"150\" height=\"150\" src=\"https:\/\/www.radiopiu.net\/wordpress\/wp-content\/uploads\/2020\/08\/1-1-150x150.jpg\" class=\"attachment-thumbnail size-thumbnail\" alt=\"\" \/><\/a>\n\t\t\t\t<\/dt><\/dl><dl class='gallery-item'>\n\t\t\t\t<dt class='gallery-icon landscape'>\n\t\t\t\t\t<a class=\"rollover rollover-zoom dt-pswp-item\" title=\"5\" data-dt-img-description=\"\" data-large_image_width=\"1031\" data-large_image_height=\"580\"href='https:\/\/www.radiopiu.net\/wordpress\/wp-content\/uploads\/2020\/08\/5-1.jpg'><img loading=\"lazy\" decoding=\"async\" width=\"150\" height=\"150\" src=\"https:\/\/www.radiopiu.net\/wordpress\/wp-content\/uploads\/2020\/08\/5-1-150x150.jpg\" class=\"attachment-thumbnail size-thumbnail\" alt=\"\" \/><\/a>\n\t\t\t\t<\/dt><\/dl><dl class='gallery-item'>\n\t\t\t\t<dt class='gallery-icon landscape'>\n\t\t\t\t\t<a class=\"rollover rollover-zoom dt-pswp-item\" title=\"4\" data-dt-img-description=\"\" data-large_image_width=\"512\" data-large_image_height=\"341\"href='https:\/\/www.radiopiu.net\/wordpress\/wp-content\/uploads\/2020\/08\/4-1.jpg'><img loading=\"lazy\" decoding=\"async\" width=\"150\" height=\"150\" src=\"https:\/\/www.radiopiu.net\/wordpress\/wp-content\/uploads\/2020\/08\/4-1-150x150.jpg\" class=\"attachment-thumbnail size-thumbnail\" alt=\"\" \/><\/a>\n\t\t\t\t<\/dt><\/dl><dl class='gallery-item'>\n\t\t\t\t<dt class='gallery-icon landscape'>\n\t\t\t\t\t<a class=\"rollover rollover-zoom dt-pswp-item\" title=\"3\" data-dt-img-description=\"\" data-large_image_width=\"960\" data-large_image_height=\"588\"href='https:\/\/www.radiopiu.net\/wordpress\/wp-content\/uploads\/2020\/08\/3-1.jpg'><img loading=\"lazy\" decoding=\"async\" width=\"150\" height=\"150\" src=\"https:\/\/www.radiopiu.net\/wordpress\/wp-content\/uploads\/2020\/08\/3-1-150x150.jpg\" class=\"attachment-thumbnail size-thumbnail\" alt=\"\" \/><\/a>\n\t\t\t\t<\/dt><\/dl><dl class='gallery-item'>\n\t\t\t\t<dt class='gallery-icon landscape'>\n\t\t\t\t\t<a class=\"rollover rollover-zoom dt-pswp-item\" title=\"2\" data-dt-img-description=\"\" data-large_image_width=\"670\" data-large_image_height=\"400\"href='https:\/\/www.radiopiu.net\/wordpress\/wp-content\/uploads\/2020\/08\/2-1.jpg'><img loading=\"lazy\" decoding=\"async\" width=\"150\" height=\"150\" src=\"https:\/\/www.radiopiu.net\/wordpress\/wp-content\/uploads\/2020\/08\/2-1-150x150.jpg\" class=\"attachment-thumbnail size-thumbnail\" alt=\"\" \/><\/a>\n\t\t\t\t<\/dt><\/dl><br style=\"clear: both\" \/>\n\t\t\t<\/div>\n\n<p>&nbsp;<\/p>\n<h2>L&#8217;INTERA RACCOLTA<\/h2>\n<blockquote class=\"wp-embedded-content\" data-secret=\"s8eEfv9tza\"><p><a href=\"https:\/\/www.radiopiu.net\/wordpress\/zaino-femminile-lanciato\/\">Zaino da viaggio al femminile<\/a><\/p><\/blockquote>\n<p><iframe loading=\"lazy\" class=\"wp-embedded-content\" sandbox=\"allow-scripts\" security=\"restricted\" style=\"position: absolute; clip: rect(1px, 1px, 1px, 1px);\" title=\"&#8220;Zaino da viaggio al femminile&#8221; &#8212; Radio Pi\u00f9\" src=\"https:\/\/www.radiopiu.net\/wordpress\/zaino-femminile-lanciato\/embed\/#?secret=s8eEfv9tza\" data-secret=\"s8eEfv9tza\" width=\"600\" height=\"338\" frameborder=\"0\" marginwidth=\"0\" marginheight=\"0\" scrolling=\"no\"><\/iframe><\/p>\n<hr \/>\n<p>&nbsp;<\/p>\n<h2><span style=\"color: #3366ff;\">I RACCONTI DI PAOLO SOPPELSA\u00a0LA RACCOLTA COMPLETA<\/span><\/h2>\n<blockquote class=\"wp-embedded-content\" data-secret=\"O10E8OevlY\"><p><a href=\"https:\/\/www.radiopiu.net\/wordpress\/i-racconti-di-paolo-soppelsa\/\">I racconti di Paolo Soppelsa<\/a><\/p><\/blockquote>\n<p><iframe loading=\"lazy\" class=\"wp-embedded-content\" sandbox=\"allow-scripts\" security=\"restricted\" style=\"position: absolute; clip: rect(1px, 1px, 1px, 1px);\" title=\"&#8220;I racconti di Paolo Soppelsa&#8221; &#8212; Radio Pi\u00f9\" src=\"https:\/\/www.radiopiu.net\/wordpress\/i-racconti-di-paolo-soppelsa\/embed\/#?secret=O10E8OevlY\" data-secret=\"O10E8OevlY\" width=\"600\" height=\"338\" frameborder=\"0\" marginwidth=\"0\" marginheight=\"0\" scrolling=\"no\"><\/iframe><\/p>\n<p>&nbsp;<\/p>\n<hr \/>\n<p>&nbsp;<\/p>\n<p>&nbsp;<\/p>\n<h2><span style=\"color: #99cc00;\">SUL SITO DI RADIO PIU&#8217; LA VIDEO GALLERY<\/span><\/h2>\n<blockquote class=\"wp-embedded-content\" data-secret=\"cNgScs6utW\"><p><a href=\"https:\/\/www.radiopiu.net\/wordpress\/ep-center-video-gallery\/\">EP CENTER video gallery<\/a><\/p><\/blockquote>\n<p><iframe loading=\"lazy\" class=\"wp-embedded-content\" sandbox=\"allow-scripts\" security=\"restricted\" style=\"position: absolute; clip: rect(1px, 1px, 1px, 1px);\" title=\"&#8220;EP CENTER video gallery&#8221; &#8212; Radio Pi\u00f9\" src=\"https:\/\/www.radiopiu.net\/wordpress\/ep-center-video-gallery\/embed\/#?secret=cNgScs6utW\" data-secret=\"cNgScs6utW\" width=\"600\" height=\"338\" frameborder=\"0\" marginwidth=\"0\" marginheight=\"0\" scrolling=\"no\"><\/iframe><\/p>\n<p>&nbsp;<\/p>\n<hr \/>\n<p>&nbsp;<\/p>\n<p class=\"photoswipe-wrapper\"><a class=\"dt-pswp-item pspw-wrap-ready\" href=\"https:\/\/i0.wp.com\/www.radiopiu.net\/wordpress\/wp-content\/uploads\/2018\/09\/WhatsApp-Image-2018-09-20-at-16.04.06.jpeg?ssl=1\" data-dt-img-description=\"\" data-large_image_width=\"800\" data-large_image_height=\"100\"><img loading=\"lazy\" decoding=\"async\" class=\"aligncenter wp-image-61378 size-full jetpack-lazy-image jetpack-lazy-image--handled\" src=\"https:\/\/i0.wp.com\/www.radiopiu.net\/wordpress\/wp-content\/uploads\/2018\/09\/WhatsApp-Image-2018-09-20-at-16.04.06.jpeg?resize=800%2C100&amp;ssl=1\" sizes=\"auto, (max-width: 800px) 100vw, 800px\" srcset=\"https:\/\/i0.wp.com\/www.radiopiu.net\/wordpress\/wp-content\/uploads\/2018\/09\/WhatsApp-Image-2018-09-20-at-16.04.06.jpeg?w=800&amp;ssl=1 800w, https:\/\/i0.wp.com\/www.radiopiu.net\/wordpress\/wp-content\/uploads\/2018\/09\/WhatsApp-Image-2018-09-20-at-16.04.06.jpeg?resize=300%2C38&amp;ssl=1 300w, https:\/\/i0.wp.com\/www.radiopiu.net\/wordpress\/wp-content\/uploads\/2018\/09\/WhatsApp-Image-2018-09-20-at-16.04.06.jpeg?resize=768%2C96&amp;ssl=1 768w\" alt=\"\" width=\"800\" height=\"100\" data-lazy-loaded=\"1\" \/><\/a><\/p>\n<p>&nbsp;<\/p>\n<div><center><b>Mercoledi 12<\/b><\/center><b>Tempo atteso:\u00a0<\/b>Al mattino tempo simile a quello di marted\u00ec con prevalenza di sole e primi modesti annuvolamenti a ridosso delle cime. Al pomeriggio parziale riduzione del soleggiamento per annuvolamenti cumuliformi irregolari e lieve insidia convettiva, la quale potr\u00e0 dar luogo a qualche isolato rovescio o temporale, soprattutto verso sera. Clima di stampo estivo, specie nelle valli.<br \/>\n<b>Precipitazioni:\u00a0<\/b>Fino a met\u00e0 pomeriggio assenti (0%), in seguito non esclusi locali rovesci o temporali di calore, ma la probabilit\u00e0 rimarr\u00e0 assai contenuta e limitata nello spazio (20\/30%), cosicch\u00e9 su molti settori non piover\u00e0 affatto entro la sera. A fine giornata il rischio aumenter\u00e0 leggermente (40%), specie sulle Dolomiti. Il rischio di fenomeni intensi sar\u00e0 minore rispetto a marted\u00ec, ma non escluso. Gli apporti saranno molto variabili per il carattere temporalesco dei fenomeni: 2\/10 mm, localmente anche pari o superiori a 30\/40 mm in caso di forte temporale.<br \/>\n<b>Temperature:\u00a0<\/b>Pressoch\u00e9 stazionarie per il persistere della stessa massa d&#8217;aria, salvo locali variazioni legate al verificarsi o meno di fenomeni convettivi nel corso del pomeriggio\/sera. Sono previste punte di 31\/33\u00b0C nei fondovalle prealpini e di 26\/28\u00b0C a 1000\/1200 m. Su Prealpi a 1500 m min 15\u00b0C max 20\u00b0C, a 2000 m min 13\u00b0C max 17\u00b0C. Su Dolomiti a 2000 m min 12\u00b0C max 18\u00b0C, a 3000 m min 7\u00b0C max 9\u00b0C.<br \/>\n<b>Venti:\u00a0<\/b>Nelle valli deboli o a tratti moderati a regime di brezza; in quota deboli da nord nord-ovest, a 5-10 km\/h a 2000 m e 5-15 km\/h a 3000 m.<\/p>\n<hr \/>\n<p><center><b>Giovedi 13<\/b><\/center><b>Tempo atteso:\u00a0<\/b>Mattinata ancora perlopi\u00f9 soleggiata con primi addensamenti cumuliformi. Dalle ore centrali in poi riduzione del soleggiamento per attivit\u00e0 cumuliforme generalmente pi\u00f9 presente ed intensa rispetto ai giorni precedenti, di conseguenza l&#8217;instabilit\u00e0 convettiva sar\u00e0 pi\u00f9 elevata, perfino anticipata. Il clima rimarr\u00e0 estivo e ancora caldo nelle valli.<br \/>\n<b>Precipitazioni:\u00a0<\/b>Fino al primo pomeriggio assenti (0%), dal primo pomeriggio non esclusi locali rovesci o temporali di calore (20\/40%), p\u00e8oi l&#8217;instabilit\u00e0 aumenter\u00e0 ulteriormente (60\/70%) nel tardo pomeriggio\/sera, quando i fenomeni potranno risultare localmente intensi. Come per i giorni precedenti, gli apporti pluviometrici saranno molto variabili per il carattere temporalesco dei fenomeni.<br \/>\n<b>Temperature:\u00a0<\/b>Senza notevoli variazioni, salvo lieve flessione delle massime in quota ed anche nelle valli in caso dell&#8217;anticipazione dei fenomeni convettivi rispetto a mercoled\u00ec. Su Prealpi a 1500 m min 15\u00b0C max 19\u00b0C, a 2000 m min 13\u00b0C max 16\u00b0C. Su Dolomiti a 2000 m min 12\u00b0C max 17\u00b0C, a 3000 m min 7\u00b0C max 8\u00b0C.<br \/>\n<b>Venti:\u00a0<\/b>Nelle valli deboli o a tratti moderati per brezze; in quota deboli\/moderati da sud-ovest, in intensificazione fino a tesi sulle vette pi\u00f9 alte al pomeriggio, a 5-15 km\/h a 2000 m e 15-35 km\/h a 3000 m.<\/p>\n<hr \/>\n<p><center><b>Venerdi 14<\/b><\/center>Giornata inizialmente variabile con schiarite ed annuvolamenti irregolari. Nelle ore centrali sempre pi\u00f9 instabile, con nuvolosit\u00e0 pi\u00f9 intensa e probabili rovesci e temporali, in trasferimento dalle Dolomiti alle Prealpi. Da met\u00e0 pomeriggio in poi il tempo tender\u00e0 a migliorare con primi rasserenamenti sulle Dolomiti, mentre l&#8217;instabilit\u00e0 perdurer\u00e0 un po&#8217; pi\u00f9 a lungo sulle Prealpi, prima che migliori alla sera. Temperature in diminuzione, specie le massime. Venti moderati da ovest sud-ovest al mattino e da nord al pomeriggio.<\/p>\n<hr \/>\n<p><center><b>Sabato 15<\/b><\/center>Tempo in miglioramentio con nuvolosit\u00e0 stratiforme, in graduale diradamento, e primi rasserenamenti, via via pi\u00f9 ampi nella seconda parte del giorno, assieme al formarsi di modesti cumuli a ridosso dei rilievi durante le ore pi\u00f9 calde. Temperature minime in calo e massime in rialzo. Venti a regime di brezza nelle valli e deboli\/moderati da nord in quota. Previsore: R.L.Th.<\/p>\n<\/div>\n<\/div>\n<p>&nbsp;<\/p>\n<hr \/>\n<p>&nbsp;<\/p>\n<p><iframe loading=\"lazy\" title=\"Spot Buttalibene TV\" width=\"1200\" height=\"675\" src=\"https:\/\/www.youtube.com\/embed\/fjHWpfyAevE?feature=oembed\" frameborder=\"0\" allow=\"accelerometer; autoplay; clipboard-write; encrypted-media; gyroscope; picture-in-picture\" allowfullscreen><\/iframe><\/p>\n<hr \/>\n<p>&nbsp;<\/p>\n<p class=\"photoswipe-wrapper\"><a class=\"dt-pswp-item pspw-wrap-ready\" href=\"https:\/\/i1.wp.com\/www.radiopiu.net\/wordpress\/wp-content\/uploads\/2018\/09\/sport.jpg?ssl=1\" data-dt-img-description=\"\" data-large_image_width=\"800\" data-large_image_height=\"100\"><img loading=\"lazy\" decoding=\"async\" class=\"wp-image-60761 size-full aligncenter\" src=\"https:\/\/i1.wp.com\/www.radiopiu.net\/wordpress\/wp-content\/uploads\/2018\/09\/sport.jpg?resize=800%2C100&amp;ssl=1\" sizes=\"auto, (max-width: 800px) 100vw, 800px\" srcset=\"https:\/\/i1.wp.com\/www.radiopiu.net\/wordpress\/wp-content\/uploads\/2018\/09\/sport.jpg?w=800&amp;ssl=1 800w, https:\/\/i1.wp.com\/www.radiopiu.net\/wordpress\/wp-content\/uploads\/2018\/09\/sport.jpg?resize=300%2C38&amp;ssl=1 300w, https:\/\/i1.wp.com\/www.radiopiu.net\/wordpress\/wp-content\/uploads\/2018\/09\/sport.jpg?resize=768%2C96&amp;ssl=1 768w\" alt=\"\" width=\"800\" height=\"100\" data-recalc-dims=\"1\" \/><\/a><\/p>\n<h3><\/h3>\n<blockquote>\n<h3>FONTANA VELOCE A SPA MA UNA PENALITA&#8217; FA SVANIRE IL RISULTATO<\/h3>\n<\/blockquote>\n<p><strong><a class=\"dt-pswp-item\" href=\"https:\/\/www.radiopiu.net\/wordpress\/wp-content\/uploads\/2020\/08\/9e655c05-fd8a-4230-b56c-93620276f633-scaled.jpg\" data-dt-img-description=\"\" data-large_image_width=\"2560\" data-large_image_height=\"1707\"><img loading=\"lazy\" decoding=\"async\" class=\"size-medium wp-image-154689 alignleft\" src=\"https:\/\/www.radiopiu.net\/wordpress\/wp-content\/uploads\/2020\/08\/9e655c05-fd8a-4230-b56c-93620276f633-300x200.jpg\" alt=\"\" width=\"300\" height=\"200\" srcset=\"https:\/\/www.radiopiu.net\/wordpress\/wp-content\/uploads\/2020\/08\/9e655c05-fd8a-4230-b56c-93620276f633-300x200.jpg 300w, https:\/\/www.radiopiu.net\/wordpress\/wp-content\/uploads\/2020\/08\/9e655c05-fd8a-4230-b56c-93620276f633-1024x683.jpg 1024w, https:\/\/www.radiopiu.net\/wordpress\/wp-content\/uploads\/2020\/08\/9e655c05-fd8a-4230-b56c-93620276f633-768x512.jpg 768w, https:\/\/www.radiopiu.net\/wordpress\/wp-content\/uploads\/2020\/08\/9e655c05-fd8a-4230-b56c-93620276f633-1536x1024.jpg 1536w, https:\/\/www.radiopiu.net\/wordpress\/wp-content\/uploads\/2020\/08\/9e655c05-fd8a-4230-b56c-93620276f633-2048x1365.jpg 2048w\" sizes=\"auto, (max-width: 300px) 100vw, 300px\" \/><\/a>Spa Francrochamps\u00a0\u00a0(BEL)\u00a0<\/strong>\u00a0Nono posto,\u00a0come al debutto, anche nella seconda prova del campionato per il pilota pontalpino e il suo team. Si correva\u00a0sul famoso circuito di\u00a0Spa \u2013 Francorchamps,\u00a0soprannominato \u201cuniversit\u00e0\u201d del motorsport e dove tra l\u2019altro tra poche settimane si disputer\u00e0 il Gran Premio di Formula 1. Fontana\u00a0\u00abPotevamo\u00a0puntare al podio, peccato\u00bb\u00a0Un palcoscenico ambizioso, che rappresentava la\u00a0seconda tappa del campionato European Le Mans Series, trampolino di lancio per la 24 Ore pi\u00f9 famosa del mondo automobilistico. Nella prima tappa al Paul Richard il team di Fontana aveva collezionato proprio un nono posto, frutto di tanta sfortuna con una foratura ma\u00a0che aveva comunque regalato i primi punti in una competizione difficile e di assoluto livello.\u00a0Il pilota bellunese, al volante della Ligier Lmp3 del team Bhk, in grado di erogare quasi\u00a0500 cavalli per 900 chili,\u00a0ha corso l\u2019ultima parte di gara portando la vettura al traguardo in nona posizione su di un percorso che lui stesso ha inserito tra i suoi preferiti. <a class=\"dt-pswp-item\" href=\"https:\/\/www.radiopiu.net\/wordpress\/wp-content\/uploads\/2020\/08\/6fac716c-0816-4033-a7f3-42ec8e486f43-scaled.jpg\" data-dt-img-description=\"\" data-large_image_width=\"2560\" data-large_image_height=\"1707\"><img loading=\"lazy\" decoding=\"async\" class=\"size-medium wp-image-154692 alignright\" src=\"https:\/\/www.radiopiu.net\/wordpress\/wp-content\/uploads\/2020\/08\/6fac716c-0816-4033-a7f3-42ec8e486f43-300x200.jpg\" alt=\"\" width=\"300\" height=\"200\" srcset=\"https:\/\/www.radiopiu.net\/wordpress\/wp-content\/uploads\/2020\/08\/6fac716c-0816-4033-a7f3-42ec8e486f43-300x200.jpg 300w, https:\/\/www.radiopiu.net\/wordpress\/wp-content\/uploads\/2020\/08\/6fac716c-0816-4033-a7f3-42ec8e486f43-1024x683.jpg 1024w, https:\/\/www.radiopiu.net\/wordpress\/wp-content\/uploads\/2020\/08\/6fac716c-0816-4033-a7f3-42ec8e486f43-768x512.jpg 768w, https:\/\/www.radiopiu.net\/wordpress\/wp-content\/uploads\/2020\/08\/6fac716c-0816-4033-a7f3-42ec8e486f43-1536x1024.jpg 1536w, https:\/\/www.radiopiu.net\/wordpress\/wp-content\/uploads\/2020\/08\/6fac716c-0816-4033-a7f3-42ec8e486f43-2048x1365.jpg 2048w\" sizes=\"auto, (max-width: 300px) 100vw, 300px\" \/><\/a>Alla vigilia la squadra aveva ottenuto una decima posizione nelle qualifiche, ma le sensazioni erano buone e le aspettative erano alte, con la\u00a0top five nel mirino.\u00a0La corsa, partita alle 11 e dalla durata complessiva di quattro ore, ha visto al volante per la prima frazione Jacopo Barrato, che con un buon ritmo ha raggiunto la quinta piazza. Poi un\u00a0errore di strategia\u00a0da parte del team che ha chiamato ai box la vettura durante la safety car\u00a0e la\u00a0conseguente penalit\u00e0\u00a0hanno pregiudicato la prova, facendo perdere diverse posizioni alla squadra.\u00a0Veglia e poi Fontana hanno completato le quattro ore di gara chiudendo\u00a0in\u00a0nona posizione\u00a0nonostante lo stop&amp;go di 105 secondi.\u00a0Il campionato, archiviate le prime due gare, subisce una\u00a0variazione al calendario\u00a0a causa delle problematiche Covid,\u00a0vedendo sostituire la gara programmata a Barcellona con un\u00a0ritorno in Francia il 29 agosto\u00a0al Paul Ricard,\u00a0circuito che aveva visto l&#8217;apertura del campionato. Si proseguir\u00e0 poi l\u201911 ottobre a Monza e il 1\u00b0 novembre a Portimao in Portogallo.\u00a0\u00c9 possibile rivedere la gara\u00a0sulla\u00a0<a href=\"https:\/\/www.youtube.com\/channel\/UCU8C8RqGhqH4nhk4mlN1Vwg\" target=\"_blank\" rel=\"noopener noreferrer\">pagina YouTube<\/a>\u00a0del campionato.<\/p>\n<p><em><a class=\"dt-pswp-item\" href=\"https:\/\/www.radiopiu.net\/wordpress\/wp-content\/uploads\/2020\/08\/ffe45ab4-869a-43e4-bd0e-663a22835383.png\" data-dt-img-description=\"\" data-large_image_width=\"400\" data-large_image_height=\"550\"><img loading=\"lazy\" decoding=\"async\" class=\" wp-image-154690 alignleft\" src=\"https:\/\/www.radiopiu.net\/wordpress\/wp-content\/uploads\/2020\/08\/ffe45ab4-869a-43e4-bd0e-663a22835383-218x300.png\" alt=\"\" width=\"144\" height=\"198\" srcset=\"https:\/\/www.radiopiu.net\/wordpress\/wp-content\/uploads\/2020\/08\/ffe45ab4-869a-43e4-bd0e-663a22835383-218x300.png 218w, https:\/\/www.radiopiu.net\/wordpress\/wp-content\/uploads\/2020\/08\/ffe45ab4-869a-43e4-bd0e-663a22835383.png 400w\" sizes=\"auto, (max-width: 144px) 100vw, 144px\" \/><\/a>Andrea Fontana &#8211; <\/em><strong><em>\u00a0&#8220;<\/em><\/strong><em>C\u2019\u00e8 grande rammarico, la performance \u00e8 stata buona ed avevamo un passo gara molto competitivo.Purtroppo un errore di valutazione da parte del team ci ha fatto incorrere in una penalit\u00e0 molto severa che ci ha messo fuori dai giochi, peccato perch\u00e9\u00a0potevamo puntare al podio senza quella penalit\u00e0. Questo \u00e8 un campionato difficile, il livello \u00e8 altissimo\u00a0ed ogni errore si paga caro, questo\u00a0ci servir\u00e0 come esperienza per la prossima volta. Torniamo al Paul Ricard con la consapevolezza di poterci giocare le posizioni che contano con la voglia di riscattarci&#8221;<\/em><\/p>\n<p>&nbsp;<\/p>\n<p>&nbsp;<\/p>\n<p>&nbsp;<\/p>\n<p>&nbsp;<\/p>\n<hr \/>\n<p>&nbsp;<\/p>\n<blockquote>\n<h3>LA VERTICAL NON S&#8217;ANNULLA, SI CORRE!<\/h3>\n<\/blockquote>\n<p><strong><a class=\"dt-pswp-item\" href=\"https:\/\/www.radiopiu.net\/wordpress\/wp-content\/uploads\/2020\/08\/4e4fdd52-fede-4957-a5dc-061367a3dbac.jpg\" data-dt-img-description=\"\" data-large_image_width=\"1151\" data-large_image_height=\"1600\"><img loading=\"lazy\" decoding=\"async\" class=\" wp-image-154630 alignleft\" src=\"https:\/\/www.radiopiu.net\/wordpress\/wp-content\/uploads\/2020\/08\/4e4fdd52-fede-4957-a5dc-061367a3dbac-216x300.jpg\" alt=\"\" width=\"162\" height=\"225\" srcset=\"https:\/\/www.radiopiu.net\/wordpress\/wp-content\/uploads\/2020\/08\/4e4fdd52-fede-4957-a5dc-061367a3dbac-216x300.jpg 216w, https:\/\/www.radiopiu.net\/wordpress\/wp-content\/uploads\/2020\/08\/4e4fdd52-fede-4957-a5dc-061367a3dbac-737x1024.jpg 737w, https:\/\/www.radiopiu.net\/wordpress\/wp-content\/uploads\/2020\/08\/4e4fdd52-fede-4957-a5dc-061367a3dbac-768x1068.jpg 768w, https:\/\/www.radiopiu.net\/wordpress\/wp-content\/uploads\/2020\/08\/4e4fdd52-fede-4957-a5dc-061367a3dbac-1105x1536.jpg 1105w, https:\/\/www.radiopiu.net\/wordpress\/wp-content\/uploads\/2020\/08\/4e4fdd52-fede-4957-a5dc-061367a3dbac.jpg 1151w\" sizes=\"auto, (max-width: 162px) 100vw, 162px\" \/><\/a>FALCADE<\/strong> Lungo 107 scalini con partenza ogni 30 secondi il distanziamento \u00e8 cosa certa, per questo la Vertical 107 sar\u00e0 organizzata come da sempre nel comprensorio della Valle del Biois. Il 29 agosto da Molino di Falcade fin su a Le Buse, 650 metri pi\u00f9 in alto per una lunghezza di 1900 metri. Le iscrizioni sono gi\u00e0 aperte sul sito www.dolomitiming.it, info anche su facebook oppure al 3398765453.<\/p>\n<p><strong>VERTICAL 107:<\/strong> percorso impegnativo sia da un punto di vista altimetrico che tecnico, il percorso \u00e8 caratterizzato da una scala di metallo composta da 107 scalini. Per partecipare necessita: ottimo allenamento, massima prudenza, massimo rispetto per l&#8217;ambiente. Massimo 120 concorrenti e al termine della gara pasta party dislocato nei tre diversi ristoranti della zona di arrivo: Malga Le Buse, Chalet Le Buse e Gigio Picol e anche questo \u00e8 sinonimo di distanziamento nel rispetto delle normative anti covid 19.<\/p>\n<p>&nbsp;<\/p>\n<p>&nbsp;<\/p>\n<hr \/>\n<p>&nbsp;<\/p>\n<blockquote>\n<h3>DOMANI AGOSTO IL GIRO PODISTICO DI FALCADE, COLLEGAMENTI IN DIRETTA DALLE 8:30<\/h3>\n<\/blockquote>\n<p><strong class=\"photoswipe-wrapper\"><a class=\"dt-pswp-item pspw-wrap-ready\" href=\"https:\/\/i2.wp.com\/www.radiopiu.net\/wordpress\/wp-content\/uploads\/2020\/08\/\u00a9Ti-comunicazione-GIRO-PODISTICO-2018-1.jpg?ssl=1\" data-dt-img-description=\"\" data-large_image_width=\"1800\" data-large_image_height=\"1200\"><img loading=\"lazy\" decoding=\"async\" class=\" wp-image-154696 alignleft\" src=\"https:\/\/i2.wp.com\/www.radiopiu.net\/wordpress\/wp-content\/uploads\/2020\/08\/\u00a9Ti-comunicazione-GIRO-PODISTICO-2018-1.jpg?resize=222%2C148&amp;ssl=1\" sizes=\"auto, (max-width: 222px) 100vw, 222px\" srcset=\"https:\/\/i2.wp.com\/www.radiopiu.net\/wordpress\/wp-content\/uploads\/2020\/08\/\u00a9Ti-comunicazione-GIRO-PODISTICO-2018-1.jpg?resize=300%2C200&amp;ssl=1 300w, https:\/\/i2.wp.com\/www.radiopiu.net\/wordpress\/wp-content\/uploads\/2020\/08\/\u00a9Ti-comunicazione-GIRO-PODISTICO-2018-1.jpg?resize=1024%2C683&amp;ssl=1 1024w, https:\/\/i2.wp.com\/www.radiopiu.net\/wordpress\/wp-content\/uploads\/2020\/08\/\u00a9Ti-comunicazione-GIRO-PODISTICO-2018-1.jpg?resize=768%2C512&amp;ssl=1 768w, https:\/\/i2.wp.com\/www.radiopiu.net\/wordpress\/wp-content\/uploads\/2020\/08\/\u00a9Ti-comunicazione-GIRO-PODISTICO-2018-1.jpg?resize=1536%2C1024&amp;ssl=1 1536w, https:\/\/i2.wp.com\/www.radiopiu.net\/wordpress\/wp-content\/uploads\/2020\/08\/\u00a9Ti-comunicazione-GIRO-PODISTICO-2018-1.jpg?w=1800&amp;ssl=1 1800w\" alt=\"\" width=\"222\" height=\"148\" \/><\/a>FALCADE<\/strong>\u00a0 Domani \u00a0si svolger\u00e0 la 26.a edizione del Giro podistico di Falcade, manifestazione organizzata dallo Sci club Val Biois, il Giro verr\u00e0 svolto in forma ridotta rispetto al passato, le iscrizioni saranno limitate a 50 concorrenti per ogni categoria. La\u00a0 manifestazione si svolger\u00e0 al mattino dalle 9.30. Il\u00a0 percorso si snoder\u00e0 tra la piana di Falcade e la destra orografica del torrente Biois rispecchiando il percorso della pista di fondo, per una distanza di circa 3 km. La quota d\u2019iscrizione \u00e8 fissata a 10 euro. Le iscrizioni devono essere effettuate presso l\u2019ufficio turistico di Falcade entro le 18 di mercoled\u00ec 12 agosto e comunque fino al raggiungimento del numero massimo consentito. Non verr\u00e0 effettuato il cronometraggio dei tempi, le classifiche verranno stilate in base all\u2019ordine di arrivo cronologico.<\/p>\n<blockquote><p><em>Non verranno effettuate cerimonie di premiazione.Non verr\u00e0 effettuata, a cura dell\u2019organizzazione, nessuna somministrazione di cibi o bevande.<\/em><\/p><\/blockquote>\n","protected":false},"excerpt":{"rendered":"<p>PER RICEVERE QUESTO NOTIZIARIO DIRETTAMENTE SUL TUO CELLULARE ISCRIVITI AL CANALE TELEGRAM\u00a0\u201cRADIO PIU\u00a0 INFORMAZIONE ATTENZIONE: LA NUOVA APP PER IOS-IPHONE https:\/\/apps.apple.com\/it\/app\/radio-pi%C3%B9-emittente-agordina\/id1515939845 ATTENZIONE: LA NUOVA APP RADIO\u00a0 PER ANDROID https:\/\/play.google.com\/store\/apps\/details?id=net.radiopiu.iniko \u00a0\u00a0 &nbsp; &nbsp; SOSTEGNO ALLA CROCE ROSSA ITALIANA \u201cNuova iniziativa della CroceRossa di Belluno: la raccolta di materiale scolastico per i bambini delle famiglie bellunesi in&hellip;<\/p>\n","protected":false},"author":4,"featured_media":154718,"comment_status":"closed","ping_status":"closed","sticky":false,"template":"","format":"standard","meta":{"_monsterinsights_skip_tracking":false,"_monsterinsights_sitenote_active":false,"_monsterinsights_sitenote_note":"","_monsterinsights_sitenote_category":0,"footnotes":""},"categories":[1,86,49],"tags":[],"class_list":["post-154559","post","type-post","status-publish","format-standard","has-post-thumbnail","hentry","category-senza-categoria","category-gr","category-news-18","category-1","category-86","category-49","description-off"],"img_url":"https:\/\/www.radiopiu.net\/wordpress\/wp-content\/uploads\/2020\/08\/6137d569-8e02-402b-9cd9-ca00459f3185.jpg","_links":{"self":[{"href":"https:\/\/www.radiopiu.net\/wordpress\/wp-json\/wp\/v2\/posts\/154559","targetHints":{"allow":["GET"]}}],"collection":[{"href":"https:\/\/www.radiopiu.net\/wordpress\/wp-json\/wp\/v2\/posts"}],"about":[{"href":"https:\/\/www.radiopiu.net\/wordpress\/wp-json\/wp\/v2\/types\/post"}],"author":[{"embeddable":true,"href":"https:\/\/www.radiopiu.net\/wordpress\/wp-json\/wp\/v2\/users\/4"}],"replies":[{"embeddable":true,"href":"https:\/\/www.radiopiu.net\/wordpress\/wp-json\/wp\/v2\/comments?post=154559"}],"version-history":[{"count":0,"href":"https:\/\/www.radiopiu.net\/wordpress\/wp-json\/wp\/v2\/posts\/154559\/revisions"}],"wp:featuredmedia":[{"embeddable":true,"href":"https:\/\/www.radiopiu.net\/wordpress\/wp-json\/wp\/v2\/media\/154718"}],"wp:attachment":[{"href":"https:\/\/www.radiopiu.net\/wordpress\/wp-json\/wp\/v2\/media?parent=154559"}],"wp:term":[{"taxonomy":"category","embeddable":true,"href":"https:\/\/www.radiopiu.net\/wordpress\/wp-json\/wp\/v2\/categories?post=154559"},{"taxonomy":"post_tag","embeddable":true,"href":"https:\/\/www.radiopiu.net\/wordpress\/wp-json\/wp\/v2\/tags?post=154559"}],"curies":[{"name":"wp","href":"https:\/\/api.w.org\/{rel}","templated":true}]}}