{"id":154588,"date":"2020-08-11T11:52:57","date_gmt":"2020-08-11T09:52:57","guid":{"rendered":"https:\/\/www.radiopiu.net\/wordpress\/?p=154588"},"modified":"2020-08-11T12:12:30","modified_gmt":"2020-08-11T10:12:30","slug":"dolomiti-2020-dilettanti-allo-sbaraglio-di-claudio-pra","status":"publish","type":"post","link":"https:\/\/www.radiopiu.net\/wordpress\/dolomiti-2020-dilettanti-allo-sbaraglio-di-claudio-pra\/","title":{"rendered":"DOLOMITI 2020, DILETTANTI ALLO SBARAGLIO. di CLAUDIO PRA"},"content":{"rendered":"<h2><span style=\"color: #ff0000;\">L&#8217;OPINIONE_RIFLESSIONE<\/span><\/h2>\n<p><a class=\"dt-pswp-item\" href=\"https:\/\/www.radiopiu.net\/wordpress\/wp-content\/uploads\/2020\/08\/aef042ed-a78b-4d23-b038-cd56cb22fcab.jpg\" data-dt-img-description=\"\" data-large_image_width=\"1579\" data-large_image_height=\"939\"><img loading=\"lazy\" decoding=\"async\" class=\"size-medium wp-image-154589 alignleft\" src=\"https:\/\/www.radiopiu.net\/wordpress\/wp-content\/uploads\/2020\/08\/aef042ed-a78b-4d23-b038-cd56cb22fcab-300x178.jpg\" alt=\"\" width=\"300\" height=\"178\" srcset=\"https:\/\/www.radiopiu.net\/wordpress\/wp-content\/uploads\/2020\/08\/aef042ed-a78b-4d23-b038-cd56cb22fcab-300x178.jpg 300w, https:\/\/www.radiopiu.net\/wordpress\/wp-content\/uploads\/2020\/08\/aef042ed-a78b-4d23-b038-cd56cb22fcab-1024x609.jpg 1024w, https:\/\/www.radiopiu.net\/wordpress\/wp-content\/uploads\/2020\/08\/aef042ed-a78b-4d23-b038-cd56cb22fcab-768x457.jpg 768w, https:\/\/www.radiopiu.net\/wordpress\/wp-content\/uploads\/2020\/08\/aef042ed-a78b-4d23-b038-cd56cb22fcab-1536x913.jpg 1536w, https:\/\/www.radiopiu.net\/wordpress\/wp-content\/uploads\/2020\/08\/aef042ed-a78b-4d23-b038-cd56cb22fcab.jpg 1579w\" sizes=\"auto, (max-width: 300px) 100vw, 300px\" \/><\/a>L\u2019Estate 2020, causa la pandemia ma non solo, sar\u00e0 ricordata per l\u2019invasione delle Dolomiti, con tutto ci\u00f2 che ne consegue. Un tempo le montagne pi\u00f9 belle del mondo erano frequentate da chi aveva motivazioni e voglia di farlo. Oggi, anche spinti da un grande battage pubblicitario, si viene quass\u00f9 spesso senza consapevolezza, seguendo la moda ed inseguendo i selfie, privi della bench\u00e9 minima preparazione e cultura, partendo lancia in resta all\u2019avventura. Poi ci si fa male su sentieri elementari, perch\u00e9 camminare su un certo tipo di terreno non \u00e8 come farlo sul marciapiede. Ci si sfinisce perch\u00e9 privi di allenamento, si finisce in mezzo agli schianti perch\u00e9 non ci si \u00e8 informati o ci si inventa esploratori, si smarrisce la traccia perch\u00e9 privi della minima esperienza, si prende la pioggia o peggio il temporale perch\u00e9 non si sono consultate le previsioni e ci si trova in difficolt\u00e0 al primo passaggio mediamente impegnativo. Ma tanto c\u2019\u00e8 l\u2019elicottero del SUEM 118 a risolvere tutti i problemi. Lo si chiama come fosse un taxi, per traumi anche lievi, per farsi riportare a valle perch\u00e9 stanchi, insomma, spesso per motivi ridicoli. Ma da ridere non c\u2019\u00e8 niente, resta solo da riflettere sul degrado morale e ambientale che il turismo di massa porta con se. Farsi male in montagna pu\u00f2 succedere, magari domani tocca a me e tutti rideranno su chi prima bacchetta e poi ha bisogno dei soccorsi. Succede, dicevo, ma occorre consapevolezza su ci\u00f2 che si va a fare, sull\u2019ambiente che si va a frequentare, sulle proprie capacit\u00e0, sul proprio allenamento. Occorre, ecco la parola chiave, umilt\u00e0. Non ci si inventa alpinisti ed escursionisti esperti dall\u2019 oggi al domani. Tutto questo sembra invece mancare, soprattutto la gi\u00e0 citata cultura della montagna. Anzich\u00e9 leggere qualche bel libro che ne parla o frequentare qualche sede CAI, si consulta FB, cerando di emulare per vanit\u00e0 chi ha fatto quel tot percorso o ha scattato quella suggestiva foto. Auto eleggendosi grandi alpinisti si parte, dimenticando le basi dell\u2019andare in montagna, fattore che causa tanti incidenti. L\u2019approccio con questo ambiente fantastico sta cambiando, ma in peggio. Questo turismo non andr\u00e0 lontano e non porter\u00e0 vantaggi se non nell\u2019immediato. Capirlo \u00e8 fondamentale, ma \u00e8 una dura battaglia che si scontra con tanti interessi che hanno come obbiettivo i numeri, non certo l\u2019ambiente e la cultura. Sar\u00e0 la battaglia dei prossimi anni, che deve coinvolgere tutti i veri amanti della natura e delle nostre Dolomiti. In palio c\u2019\u00e8 il futuro di un patrimonio dell\u2019umanit\u00e0, che non appartiene a sfruttatori e speculatori, che con la scusa dell\u2019abbandono delle terre alte vorrebbero trasformarle in un grande parco giochi, con file chilometriche sulle strade pronte ad acquistare il biglietto per Disney World. Questo progetto piace a loro e a tanta gente che con la montagna non centra nulla.<\/p>\n<p>&nbsp;<\/p>\n<blockquote class=\"wp-embedded-content\" data-secret=\"tTuQSqcYPn\"><p><a href=\"https:\/\/www.radiopiu.net\/wordpress\/qui-si-vive-anche-di-turismo-la-risposta-alla-riflessione-di-pra-dal-consorzio-turistico-rocca-pietore_marmolada\/\">QUI SI VIVE ANCHE DI TURISMO, LA RISPOSTA ALLA RIFLESSIONE DI PRA DAL CONSORZIO TURISTICO ROCCA PIETORE_MARMOLADA<\/a><\/p><\/blockquote>\n<p><iframe loading=\"lazy\" class=\"wp-embedded-content\" sandbox=\"allow-scripts\" security=\"restricted\" style=\"position: absolute; clip: rect(1px, 1px, 1px, 1px);\" title=\"&#8220;QUI SI VIVE ANCHE DI TURISMO, LA RISPOSTA ALLA RIFLESSIONE DI PRA DAL CONSORZIO TURISTICO ROCCA PIETORE_MARMOLADA&#8221; &#8212; Radio Pi\u00f9\" src=\"https:\/\/www.radiopiu.net\/wordpress\/qui-si-vive-anche-di-turismo-la-risposta-alla-riflessione-di-pra-dal-consorzio-turistico-rocca-pietore_marmolada\/embed\/#?secret=tTuQSqcYPn\" data-secret=\"tTuQSqcYPn\" width=\"600\" height=\"338\" frameborder=\"0\" marginwidth=\"0\" marginheight=\"0\" scrolling=\"no\"><\/iframe><\/p>\n","protected":false},"excerpt":{"rendered":"<p>L&#8217;OPINIONE_RIFLESSIONE L\u2019Estate 2020, causa la pandemia ma non solo, sar\u00e0 ricordata per l\u2019invasione delle Dolomiti, con tutto ci\u00f2 che ne consegue. Un tempo le montagne pi\u00f9 belle del mondo erano frequentate da chi aveva motivazioni e voglia di farlo. Oggi, anche spinti da un grande battage pubblicitario, si viene quass\u00f9 spesso senza consapevolezza, seguendo la&hellip;<\/p>\n","protected":false},"author":1,"featured_media":154589,"comment_status":"closed","ping_status":"closed","sticky":false,"template":"","format":"standard","meta":{"_monsterinsights_skip_tracking":false,"_monsterinsights_sitenote_active":false,"_monsterinsights_sitenote_note":"","_monsterinsights_sitenote_category":0,"footnotes":""},"categories":[51,49],"tags":[],"class_list":["post-154588","post","type-post","status-publish","format-standard","has-post-thumbnail","hentry","category-evidenza-top","category-news-18","category-51","category-49","description-off"],"img_url":"https:\/\/www.radiopiu.net\/wordpress\/wp-content\/uploads\/2020\/08\/aef042ed-a78b-4d23-b038-cd56cb22fcab.jpg","_links":{"self":[{"href":"https:\/\/www.radiopiu.net\/wordpress\/wp-json\/wp\/v2\/posts\/154588","targetHints":{"allow":["GET"]}}],"collection":[{"href":"https:\/\/www.radiopiu.net\/wordpress\/wp-json\/wp\/v2\/posts"}],"about":[{"href":"https:\/\/www.radiopiu.net\/wordpress\/wp-json\/wp\/v2\/types\/post"}],"author":[{"embeddable":true,"href":"https:\/\/www.radiopiu.net\/wordpress\/wp-json\/wp\/v2\/users\/1"}],"replies":[{"embeddable":true,"href":"https:\/\/www.radiopiu.net\/wordpress\/wp-json\/wp\/v2\/comments?post=154588"}],"version-history":[{"count":0,"href":"https:\/\/www.radiopiu.net\/wordpress\/wp-json\/wp\/v2\/posts\/154588\/revisions"}],"wp:featuredmedia":[{"embeddable":true,"href":"https:\/\/www.radiopiu.net\/wordpress\/wp-json\/wp\/v2\/media\/154589"}],"wp:attachment":[{"href":"https:\/\/www.radiopiu.net\/wordpress\/wp-json\/wp\/v2\/media?parent=154588"}],"wp:term":[{"taxonomy":"category","embeddable":true,"href":"https:\/\/www.radiopiu.net\/wordpress\/wp-json\/wp\/v2\/categories?post=154588"},{"taxonomy":"post_tag","embeddable":true,"href":"https:\/\/www.radiopiu.net\/wordpress\/wp-json\/wp\/v2\/tags?post=154588"}],"curies":[{"name":"wp","href":"https:\/\/api.w.org\/{rel}","templated":true}]}}