{"id":154593,"date":"2020-08-11T11:51:58","date_gmt":"2020-08-11T09:51:58","guid":{"rendered":"https:\/\/www.radiopiu.net\/wordpress\/?p=154593"},"modified":"2020-08-11T11:54:54","modified_gmt":"2020-08-11T09:54:54","slug":"qui-si-vive-anche-di-turismo-la-risposta-alla-riflessione-di-pra-dal-consorzio-turistico-rocca-pietore_marmolada","status":"publish","type":"post","link":"https:\/\/www.radiopiu.net\/wordpress\/qui-si-vive-anche-di-turismo-la-risposta-alla-riflessione-di-pra-dal-consorzio-turistico-rocca-pietore_marmolada\/","title":{"rendered":"QUI SI VIVE ANCHE DI TURISMO, LA RISPOSTA ALLA RIFLESSIONE DI PRA DAL CONSORZIO TURISTICO ROCCA PIETORE_MARMOLADA"},"content":{"rendered":"<p><strong>ROCCA PIETORE\u00a0<\/strong> Rimango abbastanza sconcertata nel leggere le parole di Claudio Pra, passare dalla ragione al torto \u00e8 un attimo. Perch\u00e9 se si, purtroppo accadono parecchi incidenti in montagna, ricordo sommessamente che qui si vive anche di turismo. Ricordo che gli operatori turistici si sono visti svanire davanti quello che poteva essere un finale di stagione memorabile. Ricordo inoltre, che mentre Luxottica pagava la cassa integrazione, quelli che avevano un\u2019attivit\u00e0 si sono visti arrivare un totale di \u20ac1200 per quasi 4 mesi di chiusura. Sottolineo come, nessuno avesse certezza di come sarebbero andate le cose, e che soprattutto gli alberghi hanno aperto facendo uno sforzo enorme ed assumendosi un rischio non indifferente perch\u00e9 il punto di domanda davanti a noi operatori era di dimensioni cubitali. Parliamo di turismo sostenibile, mi piace ed \u00e8 un concetto importante, ma il turismo deve essere sostenibile anche per chi vive di quello, che subissato da tasse ecc ecc&#8230;altrimenti pensiamo di chiudere tutto e cercarci un atto lavoro che metta in sicurezza le nostre risorse economiche. Le code ci sono sempre state, e di grazia che abbiamo ospiti che scelgono noi per le loro vacanze. \u00c8 inutile prospettare modelli proprio da Walt Disney su una materia della quale non si ha (apparentemente) conoscenza. Non posso citare il detto perch\u00e9 pure esprimendo bene il concetto risolerebbe fuori posto, ma pontificare con le tasche degli altri \u00e8 veramente facile. Ricordo che parliamo di famiglie, non top manager, persone che negli anni hanno dedicato la loro vita \u00e8 fatto sacrifici. Non \u00e8 questione di \u201cparco giochi\u201d \u00e8 questione che questo rappresenta anche il lavoro e la vita di molti. Siamo fortunati ad avere Luxottica in provincia, perch\u00e9 ci consente di avere ricchezza che ricade su tutte le attivit\u00e0 del territorio. Per il turismo \u00e8 uguale perch\u00e9 se cale ne risente una filiera che non ha proprio numeri esigui. Le giuste credenze personali, a mio avviso devono per\u00f2 rimanere nell\u2019ambito della concretezza e della realt\u00e0 che al momento si basa sui numeri .<\/p>\n<p><strong>Lucia Farenzena, presidente Consorzio Operatori Turistici Rocca Pietore, Marmolada.<\/strong><\/p>\n<p><strong>LA RIFLESSIONE DI CLAUDIO PRA\u00a0<\/strong><\/p>\n<blockquote class=\"wp-embedded-content\" data-secret=\"zahhDCorCH\"><p><a href=\"https:\/\/www.radiopiu.net\/wordpress\/dolomiti-2020-dilettanti-allo-sbaraglio-di-claudio-pra\/\">DOLOMITI 2020, DILETTANTI ALLO SBARAGLIO. di CLAUDIO PRA<\/a><\/p><\/blockquote>\n<p><iframe loading=\"lazy\" class=\"wp-embedded-content\" sandbox=\"allow-scripts\" security=\"restricted\" style=\"position: absolute; clip: rect(1px, 1px, 1px, 1px);\" title=\"&#8220;DOLOMITI 2020, DILETTANTI ALLO SBARAGLIO. di CLAUDIO PRA&#8221; &#8212; Radio Pi\u00f9\" src=\"https:\/\/www.radiopiu.net\/wordpress\/dolomiti-2020-dilettanti-allo-sbaraglio-di-claudio-pra\/embed\/#?secret=zahhDCorCH\" data-secret=\"zahhDCorCH\" width=\"600\" height=\"338\" frameborder=\"0\" marginwidth=\"0\" marginheight=\"0\" scrolling=\"no\"><\/iframe><\/p>\n","protected":false},"excerpt":{"rendered":"<p>ROCCA PIETORE\u00a0 Rimango abbastanza sconcertata nel leggere le parole di Claudio Pra, passare dalla ragione al torto \u00e8 un attimo. Perch\u00e9 se si, purtroppo accadono parecchi incidenti in montagna, ricordo sommessamente che qui si vive anche di turismo. Ricordo che gli operatori turistici si sono visti svanire davanti quello che poteva essere un finale di&hellip;<\/p>\n","protected":false},"author":1,"featured_media":127376,"comment_status":"closed","ping_status":"closed","sticky":false,"template":"","format":"standard","meta":{"_monsterinsights_skip_tracking":false,"_monsterinsights_sitenote_active":false,"_monsterinsights_sitenote_note":"","_monsterinsights_sitenote_category":0,"footnotes":""},"categories":[51,49],"tags":[],"class_list":["post-154593","post","type-post","status-publish","format-standard","has-post-thumbnail","hentry","category-evidenza-top","category-news-18","category-51","category-49","description-off"],"img_url":"https:\/\/www.radiopiu.net\/wordpress\/wp-content\/uploads\/2020\/04\/ROCCA-PIETORE.png","_links":{"self":[{"href":"https:\/\/www.radiopiu.net\/wordpress\/wp-json\/wp\/v2\/posts\/154593","targetHints":{"allow":["GET"]}}],"collection":[{"href":"https:\/\/www.radiopiu.net\/wordpress\/wp-json\/wp\/v2\/posts"}],"about":[{"href":"https:\/\/www.radiopiu.net\/wordpress\/wp-json\/wp\/v2\/types\/post"}],"author":[{"embeddable":true,"href":"https:\/\/www.radiopiu.net\/wordpress\/wp-json\/wp\/v2\/users\/1"}],"replies":[{"embeddable":true,"href":"https:\/\/www.radiopiu.net\/wordpress\/wp-json\/wp\/v2\/comments?post=154593"}],"version-history":[{"count":0,"href":"https:\/\/www.radiopiu.net\/wordpress\/wp-json\/wp\/v2\/posts\/154593\/revisions"}],"wp:featuredmedia":[{"embeddable":true,"href":"https:\/\/www.radiopiu.net\/wordpress\/wp-json\/wp\/v2\/media\/127376"}],"wp:attachment":[{"href":"https:\/\/www.radiopiu.net\/wordpress\/wp-json\/wp\/v2\/media?parent=154593"}],"wp:term":[{"taxonomy":"category","embeddable":true,"href":"https:\/\/www.radiopiu.net\/wordpress\/wp-json\/wp\/v2\/categories?post=154593"},{"taxonomy":"post_tag","embeddable":true,"href":"https:\/\/www.radiopiu.net\/wordpress\/wp-json\/wp\/v2\/tags?post=154593"}],"curies":[{"name":"wp","href":"https:\/\/api.w.org\/{rel}","templated":true}]}}