{"id":154640,"date":"2020-08-11T23:59:36","date_gmt":"2020-08-11T21:59:36","guid":{"rendered":"https:\/\/www.radiopiu.net\/wordpress\/?p=154640"},"modified":"2020-08-11T15:18:36","modified_gmt":"2020-08-11T13:18:36","slug":"una-lettera-del-rettore-giorgio-lise-seminario-senza-ragazzi-ma-non-vuoto-di-renato-bona","status":"publish","type":"post","link":"https:\/\/www.radiopiu.net\/wordpress\/una-lettera-del-rettore-giorgio-lise-seminario-senza-ragazzi-ma-non-vuoto-di-renato-bona\/","title":{"rendered":"UNA LETTERA DEL RETTORE, GIORGIO LISE:  SEMINARIO SENZA RAGAZZI MA NON VUOTO di Renato Bona"},"content":{"rendered":"<p><strong><a class=\"dt-pswp-item\" href=\"https:\/\/www.radiopiu.net\/wordpress\/wp-content\/uploads\/2019\/08\/553085_385905871470280_1626001170_n.jpg\" data-dt-img-description=\"\" data-large_image_width=\"855\" data-large_image_height=\"569\"><img loading=\"lazy\" decoding=\"async\" class=\" wp-image-94070 alignleft\" src=\"https:\/\/www.radiopiu.net\/wordpress\/wp-content\/uploads\/2019\/08\/553085_385905871470280_1626001170_n-300x200.jpg\" alt=\"\" width=\"159\" height=\"106\" \/><\/a>di\u00a0Renato\u00a0<\/strong><b>Bona\u00a0<\/b><\/p>\n<p>Sotto il titolo \u201cSeminario senza ragazzi, ma non vuoto\u201d monsignor Giorgio Lise (rettore dello stesso seminario gregoriano, vicario giudiziale e cappellano provinciale della polizia di Stato, fino a qualche mese fa arcidiacono di Agordo) ha scritto una lettera ai \u201ccari confratelli e amici del Seminario\u201d, che \u00e8 stata postata sul sito diocesano chiesabellunofeltre. Lo fa in coincidenza della \u201cGiornata del seminario\u201d che \u00e8 in calendario per il giorno di ferragosto, inserita nella Solennit\u00e0 dell\u2019Assunta. Partendo da una citazione di mons. Ottorino Pierobon, che fu a sua volta rettore del seminario, il quale, alla fine del volume \u201cQuattrocento anni di vita del Seminario di Belluno (1568-1970)\u201d scriveva: \u201c\u2026Pur riconoscendo il valore delle proiezioni statistiche, sappiamo che nel gioco delle vocazioni al sacerdozio entra un elemento che sfugge ad ogni indagini scientifica e che spesso agisce nelle forme pi\u00f9 impensate: lo spirito Santo. E\u2019 per questo che non cediamo al pessimismo, ma apriamo il cuore alla speranza di una ripresa vocazionale che, naturalmente, non potr\u00e0 essere miracolistica, cio\u00e8 senza in forte impegno della diocesi, delle comunit\u00e0 parrocchiali e dei singoli cristiani\u201d Giorgio Lise sostiene che \u201c\u2026 possiamo sottoscrivere tutti questa riflessione di don Ottorino, sia per quanto riguarda la situazione delle vocazioni sia, soprattutto, per quanto riguarda l\u2019impegno che viene chiesto a tutti e a ciascuno per le vocazioni sacerdotali, soprattutto attraverso la preghiera, nella certezza che il Signore non lascer\u00e0 mancare pastori nella sua Chiesa\u2026\u201d. E si sofferma quindi sulla situazione attuale \u201cche \u00e8 sotto gli occhi di tutti\u2026 non sfugge a nessuno quanto i sacerdoti siano diminuiti e quanto, questo, richieda inevitabilmente il coraggio di cambiare la fisionomia della Chiesa che \u00e8 sempre chiamata ad annunciare Cristo, ma che dovr\u00e0 probabilmente cambiare modalit\u00e0 di presenza e di annuncio, senza dimenticare che il ruolo di protagonista non \u00e8 quello del terreno (noi. La Chiesa), ma \u00e8 sempre quello del Seminatore: Ges\u00f9 stesso. A noi tutti il compito di accogliere la Parola e permettere alla sua fecondit\u00e0 che \u00e8 fuori discussione di giungere a maturazione e portare frutto\u201d. Ricorda quindi, il Rettore, che da qualche anno il Seminario non accoglie pi\u00f9 ragazzi e giovani in preparazione al sacerdozio, che sono in comunit\u00e0 con altri giovani a Trento. Tuttavia \u2013 sottolinea \u2013 questa istituzione non cessa di essere punto di riferimento nella vita della Diocesi, ed espone alcune realt\u00e0 che ne dimostrano la vitalit\u00e0 formativa: il liceo \u201cLollino\u201d (attraverso le discipline scolastiche forma gli studenti a una visione cristiana della vita); l\u2019Istituto superiore di scienze religiose (d\u00e0 ai laici una preparazione teologica non solo avviandoli all\u2019insegnamento ma fortificandoli personalmente nella fede); la Scuola di formazione teologica (possibilit\u00e0 di un cammino spirituale alla portata di tutti coloro che sentono di non potersi fermare a nozioni apprese al catechismo, ma desiderano approfondire aspetti teologici, biblici e morali della propria fede); persone singoli o gruppi di giovani adulti che si incontrano regolarmente nel Seminario, desiderosi di trovare chi li affianchi nel loro cammino cristiano; quindi i tesori culturali e d\u2019arte esistenti, la Biblioteca gregoriana con decine di migliaia di volumi, la Lolliniana con il centinaio di codici manoscritti, 84 incunaboli e 1910 opere di stampa, non da ultimo la chiesa di san Pietro, i due chiostri (molto frequentati da gruppi in visita a Belluno). Monsignor Lise, detto che \u201cIl Seminario in futuro potr\u00e0 anche diventare luogo di ospitalit\u00e0 per sacerdoti che, lasciato il servizio diretto in pastorale, volessero continuare ad essere utili in altri ambiti della vita pastorale, risiedendo al tempo stesso in un luogo dove poter vivere in Comunit\u00e0, godere di servizi comuni e sentirsi ancora utili alla Chiesa, tornando, per cos\u00ec dire, nel grembo di quella istituzione che li ha formati al ministero presbiterale\u201d conclude cos\u00ec la sua lettera aperta: \u201cUn grazie a tutto tondo, allora, ai parroci, alle comunit\u00e0 parrocchiali e a quanti vorranno dare in questa occasione il loro aiuto al Seminario affinch\u00e9 continui ad essere come si diceva un tempo e come possiamo ripetere oggi in tutta verit\u00e0, \u2018il cuore della Diocesi\u2019, un cuore pulsante per il bene della Chiesa e del nostro territorio\u201d.<\/p>\n\n\t\t\t<style type='text\/css'>\n\t\t\t\t#gallery-1 {\n\t\t\t\t\tmargin: auto;\n\t\t\t\t}\n\t\t\t\t#gallery-1 .gallery-item {\n\t\t\t\t\tfloat: left;\n\t\t\t\t\tmargin-top: 10px;\n\t\t\t\t\ttext-align: center;\n\t\t\t\t\twidth: 20%;\n\t\t\t\t}\n\t\t\t\t#gallery-1 img {\n\t\t\t\t\tborder: 2px solid #cfcfcf;\n\t\t\t\t}\n\t\t\t\t#gallery-1 .gallery-caption {\n\t\t\t\t\tmargin-left: 0;\n\t\t\t\t}\n\t\t\t\t\/* see gallery_shortcode() in wp-includes\/media.php *\/\n\t\t\t<\/style>\n\t\t<div id='gallery-1' class='dt-gallery-container gallery galleryid-154640 gallery-columns-5 gallery-size-thumbnail'><dl class='gallery-item'>\n\t\t\t\t<dt class='gallery-icon landscape'>\n\t\t\t\t\t<a class=\"rollover rollover-zoom dt-pswp-item\" title=\"117556329_289760952094923_761314687433663633_n\" data-dt-img-description=\"\" data-large_image_width=\"300\" data-large_image_height=\"168\"href='https:\/\/www.radiopiu.net\/wordpress\/wp-content\/uploads\/2020\/08\/117556329_289760952094923_761314687433663633_n.jpg'><img loading=\"lazy\" decoding=\"async\" width=\"150\" height=\"150\" src=\"https:\/\/www.radiopiu.net\/wordpress\/wp-content\/uploads\/2020\/08\/117556329_289760952094923_761314687433663633_n-150x150.jpg\" class=\"attachment-thumbnail size-thumbnail\" alt=\"\" \/><\/a>\n\t\t\t\t<\/dt><\/dl><dl class='gallery-item'>\n\t\t\t\t<dt class='gallery-icon portrait'>\n\t\t\t\t\t<a class=\"rollover rollover-zoom dt-pswp-item\" title=\"117444957_306338043811054_4448283732585396328_n\" data-dt-img-description=\"\" data-large_image_width=\"1446\" data-large_image_height=\"2045\"href='https:\/\/www.radiopiu.net\/wordpress\/wp-content\/uploads\/2020\/08\/117444957_306338043811054_4448283732585396328_n.jpg'><img loading=\"lazy\" decoding=\"async\" width=\"150\" height=\"150\" src=\"https:\/\/www.radiopiu.net\/wordpress\/wp-content\/uploads\/2020\/08\/117444957_306338043811054_4448283732585396328_n-150x150.jpg\" class=\"attachment-thumbnail size-thumbnail\" alt=\"\" \/><\/a>\n\t\t\t\t<\/dt><\/dl><dl class='gallery-item'>\n\t\t\t\t<dt class='gallery-icon landscape'>\n\t\t\t\t\t<a class=\"rollover rollover-zoom dt-pswp-item\" title=\"117444268_716185788939068_6176382842793866737_n\" data-dt-img-description=\"\" data-large_image_width=\"564\" data-large_image_height=\"499\"href='https:\/\/www.radiopiu.net\/wordpress\/wp-content\/uploads\/2020\/08\/117444268_716185788939068_6176382842793866737_n.jpg'><img loading=\"lazy\" decoding=\"async\" width=\"150\" height=\"150\" src=\"https:\/\/www.radiopiu.net\/wordpress\/wp-content\/uploads\/2020\/08\/117444268_716185788939068_6176382842793866737_n-150x150.jpg\" class=\"attachment-thumbnail size-thumbnail\" alt=\"\" \/><\/a>\n\t\t\t\t<\/dt><\/dl><dl class='gallery-item'>\n\t\t\t\t<dt class='gallery-icon landscape'>\n\t\t\t\t\t<a class=\"rollover rollover-zoom dt-pswp-item\" title=\"117590485_652238639053873_6743343375894841632_n\" data-dt-img-description=\"\" data-large_image_width=\"800\" data-large_image_height=\"450\"href='https:\/\/www.radiopiu.net\/wordpress\/wp-content\/uploads\/2020\/08\/117590485_652238639053873_6743343375894841632_n.jpg'><img loading=\"lazy\" decoding=\"async\" width=\"150\" height=\"150\" src=\"https:\/\/www.radiopiu.net\/wordpress\/wp-content\/uploads\/2020\/08\/117590485_652238639053873_6743343375894841632_n-150x150.jpg\" class=\"attachment-thumbnail size-thumbnail\" alt=\"\" \/><\/a>\n\t\t\t\t<\/dt><\/dl><dl class='gallery-item'>\n\t\t\t\t<dt class='gallery-icon landscape'>\n\t\t\t\t\t<a class=\"rollover rollover-zoom dt-pswp-item\" title=\"117669617_3345336828868900_6310166917793158323_n\" data-dt-img-description=\"\" data-large_image_width=\"2560\" data-large_image_height=\"959\"href='https:\/\/www.radiopiu.net\/wordpress\/wp-content\/uploads\/2020\/08\/117669617_3345336828868900_6310166917793158323_n-scaled.jpg'><img loading=\"lazy\" decoding=\"async\" width=\"150\" height=\"150\" src=\"https:\/\/www.radiopiu.net\/wordpress\/wp-content\/uploads\/2020\/08\/117669617_3345336828868900_6310166917793158323_n-150x150.jpg\" class=\"attachment-thumbnail size-thumbnail\" alt=\"\" \/><\/a>\n\t\t\t\t<\/dt><\/dl><br style=\"clear: both\" \/><dl class='gallery-item'>\n\t\t\t\t<dt class='gallery-icon landscape'>\n\t\t\t\t\t<a class=\"rollover rollover-zoom dt-pswp-item\" title=\"117391987_2889239234696147_7880514229309438617_n\" data-dt-img-description=\"\" data-large_image_width=\"2560\" data-large_image_height=\"1314\"href='https:\/\/www.radiopiu.net\/wordpress\/wp-content\/uploads\/2020\/08\/117391987_2889239234696147_7880514229309438617_n-scaled.jpg'><img loading=\"lazy\" decoding=\"async\" width=\"150\" height=\"150\" src=\"https:\/\/www.radiopiu.net\/wordpress\/wp-content\/uploads\/2020\/08\/117391987_2889239234696147_7880514229309438617_n-150x150.jpg\" class=\"attachment-thumbnail size-thumbnail\" alt=\"\" \/><\/a>\n\t\t\t\t<\/dt><\/dl><dl class='gallery-item'>\n\t\t\t\t<dt class='gallery-icon landscape'>\n\t\t\t\t\t<a class=\"rollover rollover-zoom dt-pswp-item\" title=\"117618984_332853821078080_2086565880575695497_n\" data-dt-img-description=\"\" data-large_image_width=\"2560\" data-large_image_height=\"1948\"href='https:\/\/www.radiopiu.net\/wordpress\/wp-content\/uploads\/2020\/08\/117618984_332853821078080_2086565880575695497_n-scaled.jpg'><img loading=\"lazy\" decoding=\"async\" width=\"150\" height=\"150\" src=\"https:\/\/www.radiopiu.net\/wordpress\/wp-content\/uploads\/2020\/08\/117618984_332853821078080_2086565880575695497_n-150x150.jpg\" class=\"attachment-thumbnail size-thumbnail\" alt=\"\" \/><\/a>\n\t\t\t\t<\/dt><\/dl><dl class='gallery-item'>\n\t\t\t\t<dt class='gallery-icon landscape'>\n\t\t\t\t\t<a class=\"rollover rollover-zoom dt-pswp-item\" title=\"117380351_312497706624772_8707457113113178317_n\" data-dt-img-description=\"\" data-large_image_width=\"275\" data-large_image_height=\"183\"href='https:\/\/www.radiopiu.net\/wordpress\/wp-content\/uploads\/2020\/08\/117380351_312497706624772_8707457113113178317_n.jpg'><img loading=\"lazy\" decoding=\"async\" width=\"150\" height=\"150\" src=\"https:\/\/www.radiopiu.net\/wordpress\/wp-content\/uploads\/2020\/08\/117380351_312497706624772_8707457113113178317_n-150x150.jpg\" class=\"attachment-thumbnail size-thumbnail\" alt=\"\" \/><\/a>\n\t\t\t\t<\/dt><\/dl><dl class='gallery-item'>\n\t\t\t\t<dt class='gallery-icon landscape'>\n\t\t\t\t\t<a class=\"rollover rollover-zoom dt-pswp-item\" title=\"117414251_2841875106080330_2598121647641910182_n\" data-dt-img-description=\"\" data-large_image_width=\"300\" data-large_image_height=\"168\"href='https:\/\/www.radiopiu.net\/wordpress\/wp-content\/uploads\/2020\/08\/117414251_2841875106080330_2598121647641910182_n.jpg'><img loading=\"lazy\" decoding=\"async\" width=\"150\" height=\"150\" src=\"https:\/\/www.radiopiu.net\/wordpress\/wp-content\/uploads\/2020\/08\/117414251_2841875106080330_2598121647641910182_n-150x150.jpg\" class=\"attachment-thumbnail size-thumbnail\" alt=\"\" \/><\/a>\n\t\t\t\t<\/dt><\/dl><dl class='gallery-item'>\n\t\t\t\t<dt class='gallery-icon portrait'>\n\t\t\t\t\t<a class=\"rollover rollover-zoom dt-pswp-item\" title=\"117408323_651174575754526_7468817039459078853_n\" data-dt-img-description=\"\" data-large_image_width=\"205\" data-large_image_height=\"246\"href='https:\/\/www.radiopiu.net\/wordpress\/wp-content\/uploads\/2020\/08\/117408323_651174575754526_7468817039459078853_n.jpg'><img loading=\"lazy\" decoding=\"async\" width=\"150\" height=\"150\" src=\"https:\/\/www.radiopiu.net\/wordpress\/wp-content\/uploads\/2020\/08\/117408323_651174575754526_7468817039459078853_n-150x150.jpg\" class=\"attachment-thumbnail size-thumbnail\" alt=\"\" \/><\/a>\n\t\t\t\t<\/dt><\/dl><br style=\"clear: both\" \/>\n\t\t\t<\/div>\n\n<p>&nbsp;<\/p>\n<p>NELLE FOTO (sito chiesabellunofeltre): monsignor Giorgio Lise; il rettore del seminario in una foto con il vescovo Ducoli, suo mentore, del quale \u00e8 stato a lungo segretario, e con quello che sarebbe divenuto San Giovanni Paolo II (a cent\u2019anni dalla nascita di Wojtyla don Giorgio ha celebrato il 12 luglio scorso una messa sul \u201cSentiero del Papa\u201d a Varlonge di Costalta, in Comelico); il manifesto per la \u201cGiornata del Seminario\u201d inserita nelle celebrazioni per l\u2019Assunta; attivit\u00e0 del liceo Lollino; la Biblioteca Gregoriana; interni del Seminario bellunese.<\/p>\n","protected":false},"excerpt":{"rendered":"<p>di\u00a0Renato\u00a0Bona\u00a0 Sotto il titolo \u201cSeminario senza ragazzi, ma non vuoto\u201d monsignor Giorgio Lise (rettore dello stesso seminario gregoriano, vicario giudiziale e cappellano provinciale della polizia di Stato, fino a qualche mese fa arcidiacono di Agordo) ha scritto una lettera ai \u201ccari confratelli e amici del Seminario\u201d, che \u00e8 stata postata sul sito diocesano chiesabellunofeltre. Lo&hellip;<\/p>\n","protected":false},"author":4,"featured_media":154650,"comment_status":"closed","ping_status":"closed","sticky":false,"template":"","format":"standard","meta":{"_monsterinsights_skip_tracking":false,"_monsterinsights_sitenote_active":false,"_monsterinsights_sitenote_note":"","_monsterinsights_sitenote_category":0,"footnotes":""},"categories":[49],"tags":[],"class_list":["post-154640","post","type-post","status-publish","format-standard","has-post-thumbnail","hentry","category-news-18","category-49","description-off"],"img_url":"https:\/\/www.radiopiu.net\/wordpress\/wp-content\/uploads\/2020\/08\/117444957_306338043811054_4448283732585396328_n.jpg","_links":{"self":[{"href":"https:\/\/www.radiopiu.net\/wordpress\/wp-json\/wp\/v2\/posts\/154640","targetHints":{"allow":["GET"]}}],"collection":[{"href":"https:\/\/www.radiopiu.net\/wordpress\/wp-json\/wp\/v2\/posts"}],"about":[{"href":"https:\/\/www.radiopiu.net\/wordpress\/wp-json\/wp\/v2\/types\/post"}],"author":[{"embeddable":true,"href":"https:\/\/www.radiopiu.net\/wordpress\/wp-json\/wp\/v2\/users\/4"}],"replies":[{"embeddable":true,"href":"https:\/\/www.radiopiu.net\/wordpress\/wp-json\/wp\/v2\/comments?post=154640"}],"version-history":[{"count":0,"href":"https:\/\/www.radiopiu.net\/wordpress\/wp-json\/wp\/v2\/posts\/154640\/revisions"}],"wp:featuredmedia":[{"embeddable":true,"href":"https:\/\/www.radiopiu.net\/wordpress\/wp-json\/wp\/v2\/media\/154650"}],"wp:attachment":[{"href":"https:\/\/www.radiopiu.net\/wordpress\/wp-json\/wp\/v2\/media?parent=154640"}],"wp:term":[{"taxonomy":"category","embeddable":true,"href":"https:\/\/www.radiopiu.net\/wordpress\/wp-json\/wp\/v2\/categories?post=154640"},{"taxonomy":"post_tag","embeddable":true,"href":"https:\/\/www.radiopiu.net\/wordpress\/wp-json\/wp\/v2\/tags?post=154640"}],"curies":[{"name":"wp","href":"https:\/\/api.w.org\/{rel}","templated":true}]}}