{"id":154654,"date":"2020-08-11T23:59:54","date_gmt":"2020-08-11T21:59:54","guid":{"rendered":"https:\/\/www.radiopiu.net\/wordpress\/?p=154654"},"modified":"2020-08-11T15:30:04","modified_gmt":"2020-08-11T13:30:04","slug":"ottavio-rossi-propheta-in-patria","status":"publish","type":"post","link":"https:\/\/www.radiopiu.net\/wordpress\/ottavio-rossi-propheta-in-patria\/","title":{"rendered":"OTTAVIO ROSSI PROPHETA IN PATRIA"},"content":{"rendered":"<p><strong>SAN TOMASO<\/strong> Per una volta smentiamo il vecchio adagio <b>Nemo propheta in patria<\/b>\u00a0(nessuno \u00e8\u00a0<b>profeta in patria<\/b>), perch\u00e9 il bravo Ottavio esporr\u00e0 le sue opera nel suo Agordino, a San Tomaso, omaggio pi\u00f9 che meritato. &#8220;En giro per Zelat&#8221; proporr\u00e0 riproduzioni artistiche tra le architetture di montagna. Le tappe con partenza ed arrivo a Celat: C\u00e8sa dei Rait, C\u00e8sa dei Mon\u00e9k, El Vaticano, Tabi\u00e0 dei Mar\u00f2te, Tabi\u00e0 dei Mon\u00e9k, Tabi\u00e0 dei Pan\u00e8le, Tabi\u00e0 dei St\u00e8fen, Tabi\u00e0 de la Gila, Tabi\u00e0 dei P\u00f9ce e C\u00e8sa de Martin Mas\u00e8la. Per chi ama camminare un po&#8217; di pi\u00f9 \u00e8 l&#8217;occasione ideale per una visita a Dolomites rock Miniatures, ovvero le Dolomiti in miniatura scolpite nella roccia da artisti che hanno soggiornato sotto al Sasso Bianco tra uno spuntino al Bar presso la zona sportiva e una discesa con la Zip Line. Organizzazione della Proloco di San Tomaso con il contributo della Cassa Rurale Dolomiti di Fassa Primiero e Belluno. Di seguito la presentazione di\u00a0 Ottavio Rossi.<\/p>\n<p><a class=\"dt-pswp-item\" href=\"https:\/\/www.radiopiu.net\/wordpress\/wp-content\/uploads\/2020\/08\/e673dc5f-802e-438a-83e5-b1b81c1d9008.jpg\" data-dt-img-description=\"\" data-large_image_width=\"1599\" data-large_image_height=\"1132\"><img loading=\"lazy\" decoding=\"async\" class=\"alignnone wp-image-154658 size-full\" src=\"https:\/\/www.radiopiu.net\/wordpress\/wp-content\/uploads\/2020\/08\/e673dc5f-802e-438a-83e5-b1b81c1d9008.jpg\" alt=\"\" width=\"1599\" height=\"1132\" srcset=\"https:\/\/www.radiopiu.net\/wordpress\/wp-content\/uploads\/2020\/08\/e673dc5f-802e-438a-83e5-b1b81c1d9008.jpg 1599w, https:\/\/www.radiopiu.net\/wordpress\/wp-content\/uploads\/2020\/08\/e673dc5f-802e-438a-83e5-b1b81c1d9008-300x212.jpg 300w, https:\/\/www.radiopiu.net\/wordpress\/wp-content\/uploads\/2020\/08\/e673dc5f-802e-438a-83e5-b1b81c1d9008-1024x725.jpg 1024w, https:\/\/www.radiopiu.net\/wordpress\/wp-content\/uploads\/2020\/08\/e673dc5f-802e-438a-83e5-b1b81c1d9008-768x544.jpg 768w, https:\/\/www.radiopiu.net\/wordpress\/wp-content\/uploads\/2020\/08\/e673dc5f-802e-438a-83e5-b1b81c1d9008-1536x1087.jpg 1536w\" sizes=\"auto, (max-width: 1599px) 100vw, 1599px\" \/><\/a><\/p>\n","protected":false},"excerpt":{"rendered":"<p>SAN TOMASO Per una volta smentiamo il vecchio adagio Nemo propheta in patria\u00a0(nessuno \u00e8\u00a0profeta in patria), perch\u00e9 il bravo Ottavio esporr\u00e0 le sue opera nel suo Agordino, a San Tomaso, omaggio pi\u00f9 che meritato. &#8220;En giro per Zelat&#8221; proporr\u00e0 riproduzioni artistiche tra le architetture di montagna. Le tappe con partenza ed arrivo a Celat: C\u00e8sa&hellip;<\/p>\n","protected":false},"author":1,"featured_media":154659,"comment_status":"closed","ping_status":"closed","sticky":false,"template":"","format":"standard","meta":{"_monsterinsights_skip_tracking":false,"_monsterinsights_sitenote_active":false,"_monsterinsights_sitenote_note":"","_monsterinsights_sitenote_category":0,"footnotes":""},"categories":[104,49],"tags":[],"class_list":["post-154654","post","type-post","status-publish","format-standard","has-post-thumbnail","hentry","category-evidenza_3","category-news-18","category-104","category-49","description-off"],"img_url":"https:\/\/www.radiopiu.net\/wordpress\/wp-content\/uploads\/2020\/08\/8e401dc4-59e4-4305-9179-da694b40cbad.jpg","_links":{"self":[{"href":"https:\/\/www.radiopiu.net\/wordpress\/wp-json\/wp\/v2\/posts\/154654","targetHints":{"allow":["GET"]}}],"collection":[{"href":"https:\/\/www.radiopiu.net\/wordpress\/wp-json\/wp\/v2\/posts"}],"about":[{"href":"https:\/\/www.radiopiu.net\/wordpress\/wp-json\/wp\/v2\/types\/post"}],"author":[{"embeddable":true,"href":"https:\/\/www.radiopiu.net\/wordpress\/wp-json\/wp\/v2\/users\/1"}],"replies":[{"embeddable":true,"href":"https:\/\/www.radiopiu.net\/wordpress\/wp-json\/wp\/v2\/comments?post=154654"}],"version-history":[{"count":0,"href":"https:\/\/www.radiopiu.net\/wordpress\/wp-json\/wp\/v2\/posts\/154654\/revisions"}],"wp:featuredmedia":[{"embeddable":true,"href":"https:\/\/www.radiopiu.net\/wordpress\/wp-json\/wp\/v2\/media\/154659"}],"wp:attachment":[{"href":"https:\/\/www.radiopiu.net\/wordpress\/wp-json\/wp\/v2\/media?parent=154654"}],"wp:term":[{"taxonomy":"category","embeddable":true,"href":"https:\/\/www.radiopiu.net\/wordpress\/wp-json\/wp\/v2\/categories?post=154654"},{"taxonomy":"post_tag","embeddable":true,"href":"https:\/\/www.radiopiu.net\/wordpress\/wp-json\/wp\/v2\/tags?post=154654"}],"curies":[{"name":"wp","href":"https:\/\/api.w.org\/{rel}","templated":true}]}}