{"id":154703,"date":"2020-08-11T17:05:52","date_gmt":"2020-08-11T15:05:52","guid":{"rendered":"https:\/\/www.radiopiu.net\/wordpress\/?p=154703"},"modified":"2020-08-11T17:05:52","modified_gmt":"2020-08-11T15:05:52","slug":"fontana-veloce-a-spa-ma-una-penalita-fa-svanire-il-risultato","status":"publish","type":"post","link":"https:\/\/www.radiopiu.net\/wordpress\/fontana-veloce-a-spa-ma-una-penalita-fa-svanire-il-risultato\/","title":{"rendered":"FONTANA VELOCE A SPA MA UNA PENALITA&#8217; FA SVANIRE IL RISULTATO"},"content":{"rendered":"<p><strong><a class=\"dt-pswp-item\" href=\"https:\/\/www.radiopiu.net\/wordpress\/wp-content\/uploads\/2020\/08\/9e655c05-fd8a-4230-b56c-93620276f633-scaled.jpg\" data-dt-img-description=\"\" data-large_image_width=\"2560\" data-large_image_height=\"1707\"><img loading=\"lazy\" decoding=\"async\" class=\"size-medium wp-image-154689 alignleft\" src=\"https:\/\/www.radiopiu.net\/wordpress\/wp-content\/uploads\/2020\/08\/9e655c05-fd8a-4230-b56c-93620276f633-300x200.jpg\" alt=\"\" width=\"300\" height=\"200\" srcset=\"https:\/\/www.radiopiu.net\/wordpress\/wp-content\/uploads\/2020\/08\/9e655c05-fd8a-4230-b56c-93620276f633-300x200.jpg 300w, https:\/\/www.radiopiu.net\/wordpress\/wp-content\/uploads\/2020\/08\/9e655c05-fd8a-4230-b56c-93620276f633-1024x683.jpg 1024w, https:\/\/www.radiopiu.net\/wordpress\/wp-content\/uploads\/2020\/08\/9e655c05-fd8a-4230-b56c-93620276f633-768x512.jpg 768w, https:\/\/www.radiopiu.net\/wordpress\/wp-content\/uploads\/2020\/08\/9e655c05-fd8a-4230-b56c-93620276f633-1536x1024.jpg 1536w, https:\/\/www.radiopiu.net\/wordpress\/wp-content\/uploads\/2020\/08\/9e655c05-fd8a-4230-b56c-93620276f633-2048x1365.jpg 2048w\" sizes=\"auto, (max-width: 300px) 100vw, 300px\" \/><\/a>Spa Francrochamps\u00a0\u00a0(BEL)\u00a0<\/strong>\u00a0Nono posto,\u00a0come al debutto, anche nella seconda prova del campionato per il pilota pontalpino e il suo team. Si correva\u00a0sul famoso circuito di\u00a0Spa \u2013 Francorchamps,\u00a0soprannominato \u201cuniversit\u00e0\u201d del motorsport e dove tra l\u2019altro tra poche settimane si disputer\u00e0 il Gran Premio di Formula 1. Fontana\u00a0\u00abPotevamo\u00a0puntare al podio, peccato\u00bb\u00a0Un palcoscenico ambizioso, che rappresentava la\u00a0seconda tappa del campionato European Le Mans Series, trampolino di lancio per la 24 Ore pi\u00f9 famosa del mondo automobilistico. Nella prima tappa al Paul Richard il team di Fontana aveva collezionato proprio un nono posto, frutto di tanta sfortuna con una foratura ma\u00a0che aveva comunque regalato i primi punti in una competizione difficile e di assoluto livello.\u00a0Il pilota bellunese, al volante della Ligier Lmp3 del team Bhk, in grado di erogare quasi\u00a0500 cavalli per 900 chili,\u00a0ha corso l\u2019ultima parte di gara portando la vettura al traguardo in nona posizione su di un percorso che lui stesso ha inserito tra i suoi preferiti. <a class=\"dt-pswp-item\" href=\"https:\/\/www.radiopiu.net\/wordpress\/wp-content\/uploads\/2020\/08\/6fac716c-0816-4033-a7f3-42ec8e486f43-scaled.jpg\" data-dt-img-description=\"\" data-large_image_width=\"2560\" data-large_image_height=\"1707\"><img loading=\"lazy\" decoding=\"async\" class=\"size-medium wp-image-154692 alignright\" src=\"https:\/\/www.radiopiu.net\/wordpress\/wp-content\/uploads\/2020\/08\/6fac716c-0816-4033-a7f3-42ec8e486f43-300x200.jpg\" alt=\"\" width=\"300\" height=\"200\" srcset=\"https:\/\/www.radiopiu.net\/wordpress\/wp-content\/uploads\/2020\/08\/6fac716c-0816-4033-a7f3-42ec8e486f43-300x200.jpg 300w, https:\/\/www.radiopiu.net\/wordpress\/wp-content\/uploads\/2020\/08\/6fac716c-0816-4033-a7f3-42ec8e486f43-1024x683.jpg 1024w, https:\/\/www.radiopiu.net\/wordpress\/wp-content\/uploads\/2020\/08\/6fac716c-0816-4033-a7f3-42ec8e486f43-768x512.jpg 768w, https:\/\/www.radiopiu.net\/wordpress\/wp-content\/uploads\/2020\/08\/6fac716c-0816-4033-a7f3-42ec8e486f43-1536x1024.jpg 1536w, https:\/\/www.radiopiu.net\/wordpress\/wp-content\/uploads\/2020\/08\/6fac716c-0816-4033-a7f3-42ec8e486f43-2048x1365.jpg 2048w\" sizes=\"auto, (max-width: 300px) 100vw, 300px\" \/><\/a>Alla vigilia la squadra aveva ottenuto una decima posizione nelle qualifiche, ma le sensazioni erano buone e le aspettative erano alte, con la\u00a0top five nel mirino.\u00a0La corsa, partita alle 11 e dalla durata complessiva di quattro ore, ha visto al volante per la prima frazione Jacopo Barrato, che con un buon ritmo ha raggiunto la quinta piazza. Poi un\u00a0errore di strategia\u00a0da parte del team che ha chiamato ai box la vettura durante la safety car\u00a0e la\u00a0conseguente penalit\u00e0\u00a0hanno pregiudicato la prova, facendo perdere diverse posizioni alla squadra.\u00a0Veglia e poi Fontana hanno completato le quattro ore di gara chiudendo\u00a0in\u00a0nona posizione\u00a0nonostante lo stop&amp;go di 105 secondi.\u00a0Il campionato, archiviate le prime due gare, subisce una\u00a0variazione al calendario\u00a0a causa delle problematiche Covid,\u00a0vedendo sostituire la gara programmata a Barcellona con un\u00a0ritorno in Francia il 29 agosto\u00a0al Paul Ricard,\u00a0circuito che aveva visto l&#8217;apertura del campionato. Si proseguir\u00e0 poi l\u201911 ottobre a Monza e il 1\u00b0 novembre a Portimao in Portogallo.\u00a0\u00c9 possibile rivedere la gara\u00a0sulla\u00a0<a href=\"https:\/\/www.youtube.com\/channel\/UCU8C8RqGhqH4nhk4mlN1Vwg\" target=\"_blank\" rel=\"noopener noreferrer\">pagina YouTube<\/a>\u00a0del campionato.<\/p>\n<p><em><a class=\"dt-pswp-item\" href=\"https:\/\/www.radiopiu.net\/wordpress\/wp-content\/uploads\/2020\/08\/ffe45ab4-869a-43e4-bd0e-663a22835383.png\" data-dt-img-description=\"\" data-large_image_width=\"400\" data-large_image_height=\"550\"><img loading=\"lazy\" decoding=\"async\" class=\" wp-image-154690 alignleft\" src=\"https:\/\/www.radiopiu.net\/wordpress\/wp-content\/uploads\/2020\/08\/ffe45ab4-869a-43e4-bd0e-663a22835383-218x300.png\" alt=\"\" width=\"144\" height=\"198\" srcset=\"https:\/\/www.radiopiu.net\/wordpress\/wp-content\/uploads\/2020\/08\/ffe45ab4-869a-43e4-bd0e-663a22835383-218x300.png 218w, https:\/\/www.radiopiu.net\/wordpress\/wp-content\/uploads\/2020\/08\/ffe45ab4-869a-43e4-bd0e-663a22835383.png 400w\" sizes=\"auto, (max-width: 144px) 100vw, 144px\" \/><\/a>Andrea Fontana &#8211; <\/em><strong><em>\u00a0&#8220;<\/em><\/strong><em>C\u2019\u00e8 grande rammarico, la performance \u00e8 stata buona ed avevamo un passo gara molto competitivo.Purtroppo un errore di valutazione da parte del team ci ha fatto incorrere in una penalit\u00e0 molto severa che ci ha messo fuori dai giochi, peccato perch\u00e9\u00a0potevamo puntare al podio senza quella penalit\u00e0. Questo \u00e8 un campionato difficile, il livello \u00e8 altissimo\u00a0ed ogni errore si paga caro, questo\u00a0ci servir\u00e0 come esperienza per la prossima volta. Torniamo al Paul Ricard con la consapevolezza di poterci giocare le posizioni che contano con la voglia di riscattarci&#8221;<\/em><\/p>\n","protected":false},"excerpt":{"rendered":"<p>Spa Francrochamps\u00a0\u00a0(BEL)\u00a0\u00a0Nono posto,\u00a0come al debutto, anche nella seconda prova del campionato per il pilota pontalpino e il suo team. Si correva\u00a0sul famoso circuito di\u00a0Spa \u2013 Francorchamps,\u00a0soprannominato \u201cuniversit\u00e0\u201d del motorsport e dove tra l\u2019altro tra poche settimane si disputer\u00e0 il Gran Premio di Formula 1. Fontana\u00a0\u00abPotevamo\u00a0puntare al podio, peccato\u00bb\u00a0Un palcoscenico ambizioso, che rappresentava la\u00a0seconda tappa del&hellip;<\/p>\n","protected":false},"author":4,"featured_media":154689,"comment_status":"closed","ping_status":"closed","sticky":false,"template":"","format":"standard","meta":{"_monsterinsights_skip_tracking":false,"_monsterinsights_sitenote_active":false,"_monsterinsights_sitenote_note":"","_monsterinsights_sitenote_category":0,"footnotes":""},"categories":[49,72],"tags":[],"class_list":["post-154703","post","type-post","status-publish","format-standard","has-post-thumbnail","hentry","category-news-18","category-sport","category-49","category-72","description-off"],"img_url":"https:\/\/www.radiopiu.net\/wordpress\/wp-content\/uploads\/2020\/08\/9e655c05-fd8a-4230-b56c-93620276f633-scaled.jpg","_links":{"self":[{"href":"https:\/\/www.radiopiu.net\/wordpress\/wp-json\/wp\/v2\/posts\/154703","targetHints":{"allow":["GET"]}}],"collection":[{"href":"https:\/\/www.radiopiu.net\/wordpress\/wp-json\/wp\/v2\/posts"}],"about":[{"href":"https:\/\/www.radiopiu.net\/wordpress\/wp-json\/wp\/v2\/types\/post"}],"author":[{"embeddable":true,"href":"https:\/\/www.radiopiu.net\/wordpress\/wp-json\/wp\/v2\/users\/4"}],"replies":[{"embeddable":true,"href":"https:\/\/www.radiopiu.net\/wordpress\/wp-json\/wp\/v2\/comments?post=154703"}],"version-history":[{"count":0,"href":"https:\/\/www.radiopiu.net\/wordpress\/wp-json\/wp\/v2\/posts\/154703\/revisions"}],"wp:featuredmedia":[{"embeddable":true,"href":"https:\/\/www.radiopiu.net\/wordpress\/wp-json\/wp\/v2\/media\/154689"}],"wp:attachment":[{"href":"https:\/\/www.radiopiu.net\/wordpress\/wp-json\/wp\/v2\/media?parent=154703"}],"wp:term":[{"taxonomy":"category","embeddable":true,"href":"https:\/\/www.radiopiu.net\/wordpress\/wp-json\/wp\/v2\/categories?post=154703"},{"taxonomy":"post_tag","embeddable":true,"href":"https:\/\/www.radiopiu.net\/wordpress\/wp-json\/wp\/v2\/tags?post=154703"}],"curies":[{"name":"wp","href":"https:\/\/api.w.org\/{rel}","templated":true}]}}