{"id":154753,"date":"2020-08-12T06:23:38","date_gmt":"2020-08-12T04:23:38","guid":{"rendered":"https:\/\/www.radiopiu.net\/wordpress\/?p=154753"},"modified":"2020-08-12T06:27:19","modified_gmt":"2020-08-12T04:27:19","slug":"anchio-ho-ricevuto-il-bonus-per-la-mia-attivita-e-allora-qualcuno-ha-qualche-cosa-da-ridire","status":"publish","type":"post","link":"https:\/\/www.radiopiu.net\/wordpress\/anchio-ho-ricevuto-il-bonus-per-la-mia-attivita-e-allora-qualcuno-ha-qualche-cosa-da-ridire\/","title":{"rendered":"ANCH&#8217;IO HO RICEVUTO IL BONUS PER LA MIA ATTIVITA&#8217;. E ALLORA?  QUALCUNO HA QUALCHE COSA DA RIDIRE?"},"content":{"rendered":"<p><strong>ROCCA PIETORE<\/strong> Abbiamo chiesto ad Andrea De Bernardin sindaco di Rocca Pietore un commento a quanto pubblicato nel pomeriggio a difesa dei sindaci &#8220;sfruttati&#8221; per pochi euro dal datore di lavoro che si chiama Governo. Ne \u00e8 uscito un potente sfogo.<\/p>\n<p>&nbsp;<\/p>\n<blockquote><p><em><img loading=\"lazy\" decoding=\"async\" class=\"alignleft\" src=\"https:\/\/www.radiopiu.net\/wordpress\/wp-content\/uploads\/2015\/10\/andrea-de-bernardin-tuttacronaca.jpg\" width=\"219\" height=\"129\" \/>Sono le 19.30. Sono appena rientrato da una giornata intensa in Comune. Per me martedi \u00e8 giorno di chiusura della mia attivit\u00e0 e durante la stagione estiva il martedi lo trascorro in Comune. Cerco di raggruppare il pi\u00f9 possibile il lavoro del municipio il martedi e questa diventa gioco forza una giornata piuttosto pesante. Nei 7 mesi in cui invece non ho l&#8217;attivit\u00e0 turistica aperta dedico davvero molte ore al municipio e questo lo possono constatare senza problemi gli abitanti delle case vicine al municipio, i quali mi vedono o perlomeno vedono la mia auto parcheggiata. Perch\u00e9 anche io mi muovo con la mia auto. Anche perch\u00e9 il Comune ha una auto sola di servizio ed \u00e8 a uso dei dipendenti degli uffici, degli operai e all&#8217;occorrenza dei vigili. Il bonus di 600 euro l&#8217;ho ricevuto anche io per la mia attivit\u00e0 e non \u00e8 un problema sbandierarlo. Ne ho fatto richiesta e me lo hanno dato. Punto. Anche io percepisco come il collega di Livinallongo 1070 euro al mese al netto delle tasse. E nemmeno questo ho bisogno di tenerlo nascosto. Se qualcuno \u00e8 invidioso della mia posizione da Sindaco non deve far altro che candidarsi alle prossime comunali e provare l&#8217;ebrezza di guidare l&#8217;amministrazione. Punto. Per non parlare dei miei colleghi, i quali percepiscono 100 (assessore) o 200 (vicesindaco) euro al mese se in giunta e circa 7 euro(sette) circa al mese come consiglieri comunali. Magari il bonus lo hanno richiesto anche loro. E allora? Qualcuno ha qualcosa da ridire?<\/em><\/p><\/blockquote>\n","protected":false},"excerpt":{"rendered":"<p>ROCCA PIETORE Abbiamo chiesto ad Andrea De Bernardin sindaco di Rocca Pietore un commento a quanto pubblicato nel pomeriggio a difesa dei sindaci &#8220;sfruttati&#8221; per pochi euro dal datore di lavoro che si chiama Governo. Ne \u00e8 uscito un potente sfogo. &nbsp; Sono le 19.30. Sono appena rientrato da una giornata intensa in Comune. Per&hellip;<\/p>\n","protected":false},"author":1,"featured_media":0,"comment_status":"closed","ping_status":"closed","sticky":false,"template":"","format":"standard","meta":{"_monsterinsights_skip_tracking":false,"_monsterinsights_sitenote_active":false,"_monsterinsights_sitenote_note":"","_monsterinsights_sitenote_category":0,"footnotes":""},"categories":[49],"tags":[],"class_list":["post-154753","post","type-post","status-publish","format-standard","hentry","category-news-18","category-49","description-off"],"img_url":false,"_links":{"self":[{"href":"https:\/\/www.radiopiu.net\/wordpress\/wp-json\/wp\/v2\/posts\/154753","targetHints":{"allow":["GET"]}}],"collection":[{"href":"https:\/\/www.radiopiu.net\/wordpress\/wp-json\/wp\/v2\/posts"}],"about":[{"href":"https:\/\/www.radiopiu.net\/wordpress\/wp-json\/wp\/v2\/types\/post"}],"author":[{"embeddable":true,"href":"https:\/\/www.radiopiu.net\/wordpress\/wp-json\/wp\/v2\/users\/1"}],"replies":[{"embeddable":true,"href":"https:\/\/www.radiopiu.net\/wordpress\/wp-json\/wp\/v2\/comments?post=154753"}],"version-history":[{"count":0,"href":"https:\/\/www.radiopiu.net\/wordpress\/wp-json\/wp\/v2\/posts\/154753\/revisions"}],"wp:attachment":[{"href":"https:\/\/www.radiopiu.net\/wordpress\/wp-json\/wp\/v2\/media?parent=154753"}],"wp:term":[{"taxonomy":"category","embeddable":true,"href":"https:\/\/www.radiopiu.net\/wordpress\/wp-json\/wp\/v2\/categories?post=154753"},{"taxonomy":"post_tag","embeddable":true,"href":"https:\/\/www.radiopiu.net\/wordpress\/wp-json\/wp\/v2\/tags?post=154753"}],"curies":[{"name":"wp","href":"https:\/\/api.w.org\/{rel}","templated":true}]}}