{"id":154850,"date":"2020-08-12T14:22:29","date_gmt":"2020-08-12T12:22:29","guid":{"rendered":"https:\/\/www.radiopiu.net\/wordpress\/?p=154850"},"modified":"2020-08-12T16:58:16","modified_gmt":"2020-08-12T14:58:16","slug":"bomba-dacqua-problemi-in-via-san-francesco-in-via-garibaldi-e-a-visome","status":"publish","type":"post","link":"https:\/\/www.radiopiu.net\/wordpress\/bomba-dacqua-problemi-in-via-san-francesco-in-via-garibaldi-e-a-visome\/","title":{"rendered":"BOMBA D\u2019ACQUA: PROBLEMI IN VIA SAN FRANCESCO, IN VIA GARIBALDI E A VISOME"},"content":{"rendered":"<p><strong><a class=\"dt-pswp-item\" href=\"https:\/\/www.radiopiu.net\/wordpress\/wp-content\/uploads\/2020\/08\/Maltempo-Via-San-Francesco.jpeg\" data-dt-img-description=\"\" data-large_image_width=\"780\" data-large_image_height=\"585\"><img loading=\"lazy\" decoding=\"async\" class=\"size-medium wp-image-154858 alignleft\" src=\"https:\/\/www.radiopiu.net\/wordpress\/wp-content\/uploads\/2020\/08\/Maltempo-Via-San-Francesco-300x225.jpeg\" alt=\"\" width=\"300\" height=\"225\" srcset=\"https:\/\/www.radiopiu.net\/wordpress\/wp-content\/uploads\/2020\/08\/Maltempo-Via-San-Francesco-300x225.jpeg 300w, https:\/\/www.radiopiu.net\/wordpress\/wp-content\/uploads\/2020\/08\/Maltempo-Via-San-Francesco-768x576.jpeg 768w, https:\/\/www.radiopiu.net\/wordpress\/wp-content\/uploads\/2020\/08\/Maltempo-Via-San-Francesco.jpeg 780w\" sizes=\"auto, (max-width: 300px) 100vw, 300px\" \/><\/a>BELLUNO\u00a0<\/strong>La bomba d\u2019acqua che si \u00e8 abbattuta ieri sera sul capoluogo ha provocato alcuni disagi in varie zone della citt\u00e0. In Via San Francesco si sono registrati alcuni allagamenti e si \u00e8 verificato uno smottamento di fango e detriti dal versante. Un problema, quello di questa zona, che torna ad ogni violento temporale e sul quale Comune e Provincia stanno lavorando: l\u2019assessore comunale ai lavori pubblici sottolinea infatti come, con l\u2019ultima variazione al bilancio provinciale, Palazzo Piloni abbia destinato 130 mila euro alla progettazione degli interventi in Via San Francesco e a Borgo Pra, progettazione che \u00e8 passata dalla Provincia al Comune. Disagi anche in Via Garibaldi, dove i canali di scolo delle acque piovane non sono riusciti a smaltire la grande quantit\u00e0 di pioggia caduta. L\u2019assessore sottolinea come solo lo scorso anno si fosse gi\u00e0 intervenuto per liberare i canali di scolo, ma evidentemente la rete attuale non \u00e8 sufficiente per affrontare le bombe d\u2019acqua sempre pi\u00f9 frequenti. Per questo, l\u2019assessore sottolinea la necessit\u00e0 di progettare una nuova rete in grado di raccogliere maggiori quantit\u00e0 d\u2019acqua e annuncia che gi\u00e0 dalle prossime settimane si metter\u00e0 al lavoro per questo intervento. A Visome, infine, allagamenti e detriti alla Fattoria del Piave di Rivamaor. Anche in questo caso, il problema \u00e8 relativo allo smaltimento delle acque piovane; l\u2019assessore sottolinea come la strada sia classificata come vicinale e che quindi bisogner\u00e0 lavorare con tutti i privati per trovare una soluzione a questo problema. Sopralluoghi da parte dei tecnici comunali sono stati effettuati anche in Via Agordo per allagamenti scantinati, lungo la strada di San Liberale per caduta piante, e alla Veneggia (lungo la strada della Paletta, che da fronte Arpav porta al Piave) e a Sopracroda per danni vari da temporale. Numerose sono poi state le segnalazioni allo Sportello dei Cittadini per disagi in diverse zone della citt\u00e0.<\/p>\n","protected":false},"excerpt":{"rendered":"<p>BELLUNO\u00a0La bomba d\u2019acqua che si \u00e8 abbattuta ieri sera sul capoluogo ha provocato alcuni disagi in varie zone della citt\u00e0. In Via San Francesco si sono registrati alcuni allagamenti e si \u00e8 verificato uno smottamento di fango e detriti dal versante. Un problema, quello di questa zona, che torna ad ogni violento temporale e sul&hellip;<\/p>\n","protected":false},"author":4,"featured_media":154858,"comment_status":"closed","ping_status":"closed","sticky":false,"template":"","format":"standard","meta":{"_monsterinsights_skip_tracking":false,"_monsterinsights_sitenote_active":false,"_monsterinsights_sitenote_note":"","_monsterinsights_sitenote_category":0,"footnotes":""},"categories":[49],"tags":[],"class_list":["post-154850","post","type-post","status-publish","format-standard","has-post-thumbnail","hentry","category-news-18","category-49","description-off"],"img_url":"https:\/\/www.radiopiu.net\/wordpress\/wp-content\/uploads\/2020\/08\/Maltempo-Via-San-Francesco.jpeg","_links":{"self":[{"href":"https:\/\/www.radiopiu.net\/wordpress\/wp-json\/wp\/v2\/posts\/154850","targetHints":{"allow":["GET"]}}],"collection":[{"href":"https:\/\/www.radiopiu.net\/wordpress\/wp-json\/wp\/v2\/posts"}],"about":[{"href":"https:\/\/www.radiopiu.net\/wordpress\/wp-json\/wp\/v2\/types\/post"}],"author":[{"embeddable":true,"href":"https:\/\/www.radiopiu.net\/wordpress\/wp-json\/wp\/v2\/users\/4"}],"replies":[{"embeddable":true,"href":"https:\/\/www.radiopiu.net\/wordpress\/wp-json\/wp\/v2\/comments?post=154850"}],"version-history":[{"count":0,"href":"https:\/\/www.radiopiu.net\/wordpress\/wp-json\/wp\/v2\/posts\/154850\/revisions"}],"wp:featuredmedia":[{"embeddable":true,"href":"https:\/\/www.radiopiu.net\/wordpress\/wp-json\/wp\/v2\/media\/154858"}],"wp:attachment":[{"href":"https:\/\/www.radiopiu.net\/wordpress\/wp-json\/wp\/v2\/media?parent=154850"}],"wp:term":[{"taxonomy":"category","embeddable":true,"href":"https:\/\/www.radiopiu.net\/wordpress\/wp-json\/wp\/v2\/categories?post=154850"},{"taxonomy":"post_tag","embeddable":true,"href":"https:\/\/www.radiopiu.net\/wordpress\/wp-json\/wp\/v2\/tags?post=154850"}],"curies":[{"name":"wp","href":"https:\/\/api.w.org\/{rel}","templated":true}]}}