{"id":154897,"date":"2020-08-12T15:58:26","date_gmt":"2020-08-12T13:58:26","guid":{"rendered":"https:\/\/www.radiopiu.net\/wordpress\/?p=154897"},"modified":"2020-08-12T15:58:26","modified_gmt":"2020-08-12T13:58:26","slug":"il-comune-di-longarone-investe-per-lambiente","status":"publish","type":"post","link":"https:\/\/www.radiopiu.net\/wordpress\/il-comune-di-longarone-investe-per-lambiente\/","title":{"rendered":"IL COMUNE DI LONGARONE INVESTE PER L\u2019AMBIENTE"},"content":{"rendered":"<blockquote>\n<h3><\/h3>\n<\/blockquote>\n<p><strong><a class=\"dt-pswp-item\" href=\"https:\/\/www.radiopiu.net\/wordpress\/wp-content\/uploads\/2020\/08\/IMG_8050-06-08-20-04-43.jpg\" data-dt-img-description=\"\" data-large_image_width=\"1599\" data-large_image_height=\"1200\"><img loading=\"lazy\" decoding=\"async\" class=\"size-medium wp-image-154833 alignleft\" src=\"https:\/\/www.radiopiu.net\/wordpress\/wp-content\/uploads\/2020\/08\/IMG_8050-06-08-20-04-43-300x225.jpg\" alt=\"\" width=\"300\" height=\"225\" srcset=\"https:\/\/www.radiopiu.net\/wordpress\/wp-content\/uploads\/2020\/08\/IMG_8050-06-08-20-04-43-300x225.jpg 300w, https:\/\/www.radiopiu.net\/wordpress\/wp-content\/uploads\/2020\/08\/IMG_8050-06-08-20-04-43-1024x768.jpg 1024w, https:\/\/www.radiopiu.net\/wordpress\/wp-content\/uploads\/2020\/08\/IMG_8050-06-08-20-04-43-768x576.jpg 768w, https:\/\/www.radiopiu.net\/wordpress\/wp-content\/uploads\/2020\/08\/IMG_8050-06-08-20-04-43-1536x1153.jpg 1536w, https:\/\/www.radiopiu.net\/wordpress\/wp-content\/uploads\/2020\/08\/IMG_8050-06-08-20-04-43.jpg 1599w\" sizes=\"auto, (max-width: 300px) 100vw, 300px\" \/><\/a>LONGARONE\u00a0<\/strong>Grande attenzione da parte dell\u2019Amministrazione comunale di Longarone al settore dell\u2019ambiente. Partir\u00e0, infatti, nei prossimi giorni l&#8217;attivit\u00e0 di diserbo sul territorio comunale, grazie all\u2019acquisto di un macchinario di nuova concezione e generazione, che assicura una procedura completamente ecologica nel rispetto dell\u2019 ambiente.\u00a0La macchina utilizza il vapore ad oltre 100 gradi, in aggiunta ad un prodotto ricavato dalla miscela acida di sostanze naturali che permette la sospensione della sintesi clorofilliana e la conseguente riduzione del verde infestante.\u00a0Nei giorni scorsi \u00e8 arrivata anche la nuova spazzatrice, acquistata con un investimento di oltre 200 mila euro, che sar\u00e0 utilizzata per la pulizia delle strade comunali , lo svuotamento dei pozzetti; \u00e8 dotata di pompa ad alta pressione per il lavaggio, in particolare, di pavimentazioni e scale.<span class=\"Apple-converted-space\"> <a class=\"dt-pswp-item\" href=\"https:\/\/www.radiopiu.net\/wordpress\/wp-content\/uploads\/2020\/08\/IMG_8339-06-08-20-04-43.jpg\" data-dt-img-description=\"\" data-large_image_width=\"1200\" data-large_image_height=\"1599\"><img loading=\"lazy\" decoding=\"async\" class=\"size-medium wp-image-154834 alignright\" src=\"https:\/\/www.radiopiu.net\/wordpress\/wp-content\/uploads\/2020\/08\/IMG_8339-06-08-20-04-43-225x300.jpg\" alt=\"\" width=\"225\" height=\"300\" srcset=\"https:\/\/www.radiopiu.net\/wordpress\/wp-content\/uploads\/2020\/08\/IMG_8339-06-08-20-04-43-225x300.jpg 225w, https:\/\/www.radiopiu.net\/wordpress\/wp-content\/uploads\/2020\/08\/IMG_8339-06-08-20-04-43-768x1023.jpg 768w, https:\/\/www.radiopiu.net\/wordpress\/wp-content\/uploads\/2020\/08\/IMG_8339-06-08-20-04-43-1153x1536.jpg 1153w, https:\/\/www.radiopiu.net\/wordpress\/wp-content\/uploads\/2020\/08\/IMG_8339-06-08-20-04-43.jpg 1200w\" sizes=\"auto, (max-width: 225px) 100vw, 225px\" \/><\/a><\/span>\u201c<em>Si tratta di investimenti importanti, che hanno l\u2019obiettivo di migliorare l\u2019attivit\u00e0 della nostra squadra operai in un contesto sempre molto articolato e difficile \u2013 commentano il Sindaco Roberto Padrin e l\u2019Assessore ai lavori pubblici e manutenzioni Mirko Salvador -. Questa \u00e8 anche l\u2019occasione per invitare i nostri cittadini ad aiutarci attraverso uno spirito di collaborazione e di senso civico che potr\u00e0 sicuramente giovare al mantenimento del decoro dei nostri paesi. Cerchiamo tutti di fare la nostra parte per il bene comune<\/em>\u201d.\u00a0Nel frattempo proseguir\u00e0 nel mese di settembre l\u2019installazione da parte di Ecomont dei nuovi bidoni nelle aree ecologiche, gi\u00e0 iniziato a Soffranco, Igne e Muda Ma\u00e8. L\u2019intervento seguito dall\u2019Assessore Elena De Bona ha come obiettivo di permettere ai cittadini un miglior smaltimento dei rifiuti e la riduzione delle aree ecologiche. \u201c<em>Anche in questo caso si tratta di importanti investimenti che abbiamo fortemente voluto anche se continuiamo a registrare diversi episodi di abbandono dei rifiuti e una percentuale di raccolta differenziata che potrebbe essere decisamente migliore<\/em>\u201d.<\/p>\n<p>&nbsp;<\/p>\n","protected":false},"excerpt":{"rendered":"<p>LONGARONE\u00a0Grande attenzione da parte dell\u2019Amministrazione comunale di Longarone al settore dell\u2019ambiente. Partir\u00e0, infatti, nei prossimi giorni l&#8217;attivit\u00e0 di diserbo sul territorio comunale, grazie all\u2019acquisto di un macchinario di nuova concezione e generazione, che assicura una procedura completamente ecologica nel rispetto dell\u2019 ambiente.\u00a0La macchina utilizza il vapore ad oltre 100 gradi, in aggiunta ad un prodotto&hellip;<\/p>\n","protected":false},"author":1,"featured_media":154833,"comment_status":"closed","ping_status":"closed","sticky":false,"template":"","format":"standard","meta":{"_monsterinsights_skip_tracking":false,"_monsterinsights_sitenote_active":false,"_monsterinsights_sitenote_note":"","_monsterinsights_sitenote_category":0,"footnotes":""},"categories":[49],"tags":[],"class_list":["post-154897","post","type-post","status-publish","format-standard","has-post-thumbnail","hentry","category-news-18","category-49","description-off"],"img_url":"https:\/\/www.radiopiu.net\/wordpress\/wp-content\/uploads\/2020\/08\/IMG_8050-06-08-20-04-43.jpg","_links":{"self":[{"href":"https:\/\/www.radiopiu.net\/wordpress\/wp-json\/wp\/v2\/posts\/154897","targetHints":{"allow":["GET"]}}],"collection":[{"href":"https:\/\/www.radiopiu.net\/wordpress\/wp-json\/wp\/v2\/posts"}],"about":[{"href":"https:\/\/www.radiopiu.net\/wordpress\/wp-json\/wp\/v2\/types\/post"}],"author":[{"embeddable":true,"href":"https:\/\/www.radiopiu.net\/wordpress\/wp-json\/wp\/v2\/users\/1"}],"replies":[{"embeddable":true,"href":"https:\/\/www.radiopiu.net\/wordpress\/wp-json\/wp\/v2\/comments?post=154897"}],"version-history":[{"count":0,"href":"https:\/\/www.radiopiu.net\/wordpress\/wp-json\/wp\/v2\/posts\/154897\/revisions"}],"wp:featuredmedia":[{"embeddable":true,"href":"https:\/\/www.radiopiu.net\/wordpress\/wp-json\/wp\/v2\/media\/154833"}],"wp:attachment":[{"href":"https:\/\/www.radiopiu.net\/wordpress\/wp-json\/wp\/v2\/media?parent=154897"}],"wp:term":[{"taxonomy":"category","embeddable":true,"href":"https:\/\/www.radiopiu.net\/wordpress\/wp-json\/wp\/v2\/categories?post=154897"},{"taxonomy":"post_tag","embeddable":true,"href":"https:\/\/www.radiopiu.net\/wordpress\/wp-json\/wp\/v2\/tags?post=154897"}],"curies":[{"name":"wp","href":"https:\/\/api.w.org\/{rel}","templated":true}]}}