{"id":154906,"date":"2020-08-13T06:20:12","date_gmt":"2020-08-13T04:20:12","guid":{"rendered":"https:\/\/www.radiopiu.net\/wordpress\/?p=154906"},"modified":"2020-08-13T06:25:33","modified_gmt":"2020-08-13T04:25:33","slug":"e-di-nuovo-allarme-meteo","status":"publish","type":"post","link":"https:\/\/www.radiopiu.net\/wordpress\/e-di-nuovo-allarme-meteo\/","title":{"rendered":"E&#8217; DI NUOVO ALLARME METEO"},"content":{"rendered":"<p><strong>VENEZIA<\/strong> Il Centro funzionale decentrato della Regione ha emesso un avviso di criticit\u00e0 idrogeologica, riferita allo scenario per temporali forti, decretando lo stato di \u201cattenzione\u201d\u00a0 da oggi fino a domani, sulle zone montane e pedemontane del Veneto.<em>\u00abLa regione \u00e8 ancora interessata da una circolazione anticiclonica associata a un promontorio sul Mediterraneo centrale, che si estende dal Nord Africa al Mare del Nord; tuttavia le temperature elevate e l\u2019alta umidit\u00e0 potranno favorire lo sviluppo di rovesci e temporali di calore specie sulle zone montane e pedemontane nelle ore pomeridiane e serali, con possibile estensione alle prime ore di gioved\u00ec. Sia mercoled\u00ec che gioved\u00ec non si escludono locali fenomeni intensi, specie sulle zone montane e pedemontane.<\/em><\/p>\n<div class=\"amico-banner amico-banner--single\">\n<div class=\"g g-13\">\n<div class=\"g-single a-7\"><\/div>\n<\/div>\n<\/div>\n","protected":false},"excerpt":{"rendered":"<p>VENEZIA Il Centro funzionale decentrato della Regione ha emesso un avviso di criticit\u00e0 idrogeologica, riferita allo scenario per temporali forti, decretando lo stato di \u201cattenzione\u201d\u00a0 da oggi fino a domani, sulle zone montane e pedemontane del Veneto.\u00abLa regione \u00e8 ancora interessata da una circolazione anticiclonica associata a un promontorio sul Mediterraneo centrale, che si estende&hellip;<\/p>\n","protected":false},"author":1,"featured_media":57488,"comment_status":"closed","ping_status":"closed","sticky":false,"template":"","format":"standard","meta":{"_monsterinsights_skip_tracking":false,"_monsterinsights_sitenote_active":false,"_monsterinsights_sitenote_note":"","_monsterinsights_sitenote_category":0,"footnotes":""},"categories":[49],"tags":[],"class_list":["post-154906","post","type-post","status-publish","format-standard","has-post-thumbnail","hentry","category-news-18","category-49","description-off"],"img_url":"https:\/\/www.radiopiu.net\/wordpress\/wp-content\/uploads\/2018\/08\/instabilita.jpg","_links":{"self":[{"href":"https:\/\/www.radiopiu.net\/wordpress\/wp-json\/wp\/v2\/posts\/154906","targetHints":{"allow":["GET"]}}],"collection":[{"href":"https:\/\/www.radiopiu.net\/wordpress\/wp-json\/wp\/v2\/posts"}],"about":[{"href":"https:\/\/www.radiopiu.net\/wordpress\/wp-json\/wp\/v2\/types\/post"}],"author":[{"embeddable":true,"href":"https:\/\/www.radiopiu.net\/wordpress\/wp-json\/wp\/v2\/users\/1"}],"replies":[{"embeddable":true,"href":"https:\/\/www.radiopiu.net\/wordpress\/wp-json\/wp\/v2\/comments?post=154906"}],"version-history":[{"count":0,"href":"https:\/\/www.radiopiu.net\/wordpress\/wp-json\/wp\/v2\/posts\/154906\/revisions"}],"wp:featuredmedia":[{"embeddable":true,"href":"https:\/\/www.radiopiu.net\/wordpress\/wp-json\/wp\/v2\/media\/57488"}],"wp:attachment":[{"href":"https:\/\/www.radiopiu.net\/wordpress\/wp-json\/wp\/v2\/media?parent=154906"}],"wp:term":[{"taxonomy":"category","embeddable":true,"href":"https:\/\/www.radiopiu.net\/wordpress\/wp-json\/wp\/v2\/categories?post=154906"},{"taxonomy":"post_tag","embeddable":true,"href":"https:\/\/www.radiopiu.net\/wordpress\/wp-json\/wp\/v2\/tags?post=154906"}],"curies":[{"name":"wp","href":"https:\/\/api.w.org\/{rel}","templated":true}]}}