{"id":154934,"date":"2020-08-13T15:28:22","date_gmt":"2020-08-13T13:28:22","guid":{"rendered":"https:\/\/www.radiopiu.net\/wordpress\/?p=154934"},"modified":"2020-08-14T06:47:06","modified_gmt":"2020-08-14T04:47:06","slug":"terribile-schianto-in-valsugana-perde-la-vita-roberto-garbuio","status":"publish","type":"post","link":"https:\/\/www.radiopiu.net\/wordpress\/terribile-schianto-in-valsugana-perde-la-vita-roberto-garbuio\/","title":{"rendered":"TERRIBILE SCHIANTO IN VALSUGANA, PERDE LA VITA ROBERTO GARBUIO"},"content":{"rendered":"<p>&nbsp;<\/p>\n<div class=\"page-title-head hgroup\">\n<blockquote>\n<h3 class=\"entry-title\">TERRIBILE SCHIANTO IN VALSUGANA, PERDE LA VITA ROBERTO GARBUIO<\/h3>\n<\/blockquote>\n<\/div>\n<p><a class=\"dt-pswp-item pspw-wrap-ready\" href=\"https:\/\/i0.wp.com\/www.radiopiu.net\/wordpress\/wp-content\/uploads\/2020\/08\/ca8fa715-5070-44e7-887c-b433838a17de.jpg?ssl=1\" data-dt-img-description=\"\" data-large_image_width=\"1200\" data-large_image_height=\"1600\"><img loading=\"lazy\" decoding=\"async\" class=\" wp-image-154935 alignleft jetpack-lazy-image jetpack-lazy-image--handled\" src=\"https:\/\/i0.wp.com\/www.radiopiu.net\/wordpress\/wp-content\/uploads\/2020\/08\/ca8fa715-5070-44e7-887c-b433838a17de.jpg?resize=225%2C300&amp;ssl=1\" sizes=\"auto, (max-width: 225px) 100vw, 225px\" srcset=\"https:\/\/i0.wp.com\/www.radiopiu.net\/wordpress\/wp-content\/uploads\/2020\/08\/ca8fa715-5070-44e7-887c-b433838a17de.jpg?resize=225%2C300&amp;ssl=1 225w, https:\/\/i0.wp.com\/www.radiopiu.net\/wordpress\/wp-content\/uploads\/2020\/08\/ca8fa715-5070-44e7-887c-b433838a17de.jpg?resize=768%2C1024&amp;ssl=1 768w, https:\/\/i0.wp.com\/www.radiopiu.net\/wordpress\/wp-content\/uploads\/2020\/08\/ca8fa715-5070-44e7-887c-b433838a17de.jpg?resize=1152%2C1536&amp;ssl=1 1152w, https:\/\/i0.wp.com\/www.radiopiu.net\/wordpress\/wp-content\/uploads\/2020\/08\/ca8fa715-5070-44e7-887c-b433838a17de.jpg?w=1200&amp;ssl=1 1200w\" alt=\"\" width=\"216\" height=\"288\" data-recalc-dims=\"1\" data-lazy-loaded=\"1\" \/><\/a><strong>F<\/strong><strong>ELTRE<\/strong> Incidente mortale nel pomeriggio di ieri lungo la statale della Valsugana. Ha perso la vita il noto pasticcere feltrino Roberto Garbuio per anni titolare con il fratello della omonima pasticceria nel centro di Feltre. In citt\u00e0 la notizia \u00e8 arrivata nel pomeriggio, lasciando nello sconforto la comunit\u00e0. Roberto Garbuio aveva\u00a0 62 anni. L\u2019incidente si \u00e8 verificato\u00a0 <a class=\"dt-pswp-item\" href=\"https:\/\/www.radiopiu.net\/wordpress\/wp-content\/uploads\/2020\/08\/8c450806-e97e-4a8d-ae6e-72a6340f5ce3.jpg\" data-dt-img-description=\"\" data-large_image_width=\"1440\" data-large_image_height=\"720\"><img loading=\"lazy\" decoding=\"async\" class=\"size-medium wp-image-154976 alignright\" src=\"https:\/\/www.radiopiu.net\/wordpress\/wp-content\/uploads\/2020\/08\/8c450806-e97e-4a8d-ae6e-72a6340f5ce3-300x150.jpg\" alt=\"\" width=\"300\" height=\"150\" srcset=\"https:\/\/www.radiopiu.net\/wordpress\/wp-content\/uploads\/2020\/08\/8c450806-e97e-4a8d-ae6e-72a6340f5ce3-300x150.jpg 300w, https:\/\/www.radiopiu.net\/wordpress\/wp-content\/uploads\/2020\/08\/8c450806-e97e-4a8d-ae6e-72a6340f5ce3-1024x512.jpg 1024w, https:\/\/www.radiopiu.net\/wordpress\/wp-content\/uploads\/2020\/08\/8c450806-e97e-4a8d-ae6e-72a6340f5ce3-768x384.jpg 768w, https:\/\/www.radiopiu.net\/wordpress\/wp-content\/uploads\/2020\/08\/8c450806-e97e-4a8d-ae6e-72a6340f5ce3.jpg 1440w\" sizes=\"auto, (max-width: 300px) 100vw, 300px\" \/><\/a>all\u2019altezza di Barco di Levico in prossimit\u00e0 del cantiere per la costruzione del nuovo svincolo. Nello schianto \u00e8 rimasta ferita una giovane ragazza che viaggiava su un&#8217;altra auto tamponata da un mezzo pesante che ha frenato per evitare di finire contro l&#8217;auto di Garbuio, la ragazza \u00e8 stata trasferita in ospedale per gli accertamenti medici<\/p>\n<p><strong>IL SINDACO DI FELTRE PAOLO PERENZIN<\/strong><em> \u201cLa notizia\u00a0 ci coglie di sorpresa e ci addolora. Tutti lo ricordano come imprenditore appassionato e cultore di una tradizione, quella della pasticceria di qualit\u00e0. La pasticceria Garbuio, che ha condotto per molto anni con il fratello nella storica sede di via Tezze, ha rappresentato e rappresenta uno dei locali simbolo dell\u2019artigianato e del commercio feltrino. Esprimo ai familiari a nome mio e di tutta la comunit\u00e0 cittadina profondo cordoglio e dispiacere per la prematura scomparsa di Roberto\u00bb<\/em><\/p>\n<p>&nbsp;<\/p>\n<hr \/>\n<p>&nbsp;<\/p>\n<blockquote>\n<h3>MORTO IL PASTICCIERE ROBERTO GARBUIO, IL CORDOGLIO DELLA PRESIDENTE SCARZANELLA: \u00abSE NE VA UN\u2019ISTITUZIONE DELLA PASTICCERIA FELTRINA E BELLUNESE\u00bb<\/h3>\n<\/blockquote>\n<p><strong>FELTRE\u00a0<\/strong>\u00ab<em>La notizia della morte di Roberto Garbuio ci ha lasciati attoniti. Alla sua famiglia e ai suoi cari un forte abbraccio in questo momento di dolore<\/em>\u00bb. Cos\u00ec in una nota di cordoglio la presidente di Confartigianato Belluno, Claudia Scarzanella.\u00a0\u00ab<em>Roberto Garbuio \u00e8 stato un\u2019istituzione della pasticceria feltrina e bellunese. La sua, in centro a Feltre, \u00e8 tra le pasticcerie per antonomasia, simbolo di quella forza artigianale che ha saputo andare avanti e creare qualit\u00e0 in ogni fase storica. \u00c8 sempre stato attivo nella nostra associazione, tanto da aver rivestito la carica di presidente di mestiere nella categoria alimentazione, fra gli Alimentari vari, fino alla cessione dell\u2019attivit\u00e0. La sua scomparsa improvvisa e tragica lascia un vuoto che difficilmente riusciremo a riempire<\/em>\u00bb.<\/p>\n<p>&nbsp;<\/p>\n<hr \/>\n<p>&nbsp;<\/p>\n<blockquote>\n<h3><a class=\"dt-pswp-item\" href=\"https:\/\/www.radiopiu.net\/wordpress\/wp-content\/uploads\/2020\/08\/117771445_10223790218048060_544645190863162586_o.jpg\" data-dt-img-description=\"\" data-large_image_width=\"637\" data-large_image_height=\"960\"><img loading=\"lazy\" decoding=\"async\" class=\"size-medium wp-image-154978 alignleft\" src=\"https:\/\/www.radiopiu.net\/wordpress\/wp-content\/uploads\/2020\/08\/117771445_10223790218048060_544645190863162586_o-199x300.jpg\" alt=\"\" width=\"199\" height=\"300\" srcset=\"https:\/\/www.radiopiu.net\/wordpress\/wp-content\/uploads\/2020\/08\/117771445_10223790218048060_544645190863162586_o-199x300.jpg 199w, https:\/\/www.radiopiu.net\/wordpress\/wp-content\/uploads\/2020\/08\/117771445_10223790218048060_544645190863162586_o.jpg 637w\" sizes=\"auto, (max-width: 199px) 100vw, 199px\" \/><\/a><\/h3>\n<h3><\/h3>\n<h3>IL RICORDO DEL &#8220;DOLOMITICO&#8221; DARIO GANZ<\/h3>\n<\/blockquote>\n<p>l 31\/07\/2004 fu una giornata che io e Moira ricordiamo sempre con grande emozione. Ci sposammo a Castellavazzo e andammo tutti a Valle Imperina a festeggiare. Non era facile organizzare un catering a Valle Imperina nel 2004 ma Roberto Garbuio ci riusc\u00ec benissimo. Roberto \u00e8 tra coloro che ringraziamo per la grande disponibilit\u00e0 e professionalit\u00e0 dimostrata sollevandoci di tante preoccupazioni e risolvendo da solo tanti problemi. Anche dopo molti anni, passando a salutarlo a Feltre in pasticceria ricordava sempre anche lui &#8220;quell&#8217;avventura&#8221;.<\/p>\n<p>&nbsp;<\/p>\n<p>&nbsp;<\/p>\n","protected":false},"excerpt":{"rendered":"<p>&nbsp; TERRIBILE SCHIANTO IN VALSUGANA, PERDE LA VITA ROBERTO GARBUIO FELTRE Incidente mortale nel pomeriggio di ieri lungo la statale della Valsugana. Ha perso la vita il noto pasticcere feltrino Roberto Garbuio per anni titolare con il fratello della omonima pasticceria nel centro di Feltre. In citt\u00e0 la notizia \u00e8 arrivata nel pomeriggio, lasciando nello&hellip;<\/p>\n","protected":false},"author":1,"featured_media":154935,"comment_status":"closed","ping_status":"closed","sticky":false,"template":"","format":"standard","meta":{"_monsterinsights_skip_tracking":false,"_monsterinsights_sitenote_active":false,"_monsterinsights_sitenote_note":"","_monsterinsights_sitenote_category":0,"footnotes":""},"categories":[49],"tags":[],"class_list":["post-154934","post","type-post","status-publish","format-standard","has-post-thumbnail","hentry","category-news-18","category-49","description-off"],"img_url":"https:\/\/www.radiopiu.net\/wordpress\/wp-content\/uploads\/2020\/08\/ca8fa715-5070-44e7-887c-b433838a17de.jpg","_links":{"self":[{"href":"https:\/\/www.radiopiu.net\/wordpress\/wp-json\/wp\/v2\/posts\/154934","targetHints":{"allow":["GET"]}}],"collection":[{"href":"https:\/\/www.radiopiu.net\/wordpress\/wp-json\/wp\/v2\/posts"}],"about":[{"href":"https:\/\/www.radiopiu.net\/wordpress\/wp-json\/wp\/v2\/types\/post"}],"author":[{"embeddable":true,"href":"https:\/\/www.radiopiu.net\/wordpress\/wp-json\/wp\/v2\/users\/1"}],"replies":[{"embeddable":true,"href":"https:\/\/www.radiopiu.net\/wordpress\/wp-json\/wp\/v2\/comments?post=154934"}],"version-history":[{"count":0,"href":"https:\/\/www.radiopiu.net\/wordpress\/wp-json\/wp\/v2\/posts\/154934\/revisions"}],"wp:featuredmedia":[{"embeddable":true,"href":"https:\/\/www.radiopiu.net\/wordpress\/wp-json\/wp\/v2\/media\/154935"}],"wp:attachment":[{"href":"https:\/\/www.radiopiu.net\/wordpress\/wp-json\/wp\/v2\/media?parent=154934"}],"wp:term":[{"taxonomy":"category","embeddable":true,"href":"https:\/\/www.radiopiu.net\/wordpress\/wp-json\/wp\/v2\/categories?post=154934"},{"taxonomy":"post_tag","embeddable":true,"href":"https:\/\/www.radiopiu.net\/wordpress\/wp-json\/wp\/v2\/tags?post=154934"}],"curies":[{"name":"wp","href":"https:\/\/api.w.org\/{rel}","templated":true}]}}