{"id":154947,"date":"2020-08-14T06:03:42","date_gmt":"2020-08-14T04:03:42","guid":{"rendered":"https:\/\/www.radiopiu.net\/wordpress\/?p=154947"},"modified":"2020-08-14T10:39:50","modified_gmt":"2020-08-14T08:39:50","slug":"giornale-radiopiu-14-agosto-2020-direttore-mirko-mezzacasa","status":"publish","type":"post","link":"https:\/\/www.radiopiu.net\/wordpress\/giornale-radiopiu-14-agosto-2020-direttore-mirko-mezzacasa\/","title":{"rendered":"GIORNALE RADIOPIU 14 AGOSTO 2020 DIRETTORE MIRKO MEZZACASA"},"content":{"rendered":"<h3><strong>PER RICEVERE QUESTO NOTIZIARIO DIRETTAMENTE SUL TUO CELLULARE ISCRIVITI AL CANALE TELEGRAM\u00a0<\/strong><strong>\u201cRADIO PIU\u00a0 INFORMAZIONE<\/strong><\/h3>\n<p><em>ATTENZIONE: LA NUOVA APP PER IOS-IPHONE<\/em><\/p>\n<div>\n<div><a href=\"https:\/\/apps.apple.com\/it\/app\/radio-pi%C3%B9-emittente-agordina\/id1515939845\">https:\/\/apps.apple.com\/it\/app\/radio-pi%C3%B9-emittente-agordina\/id1515939845<\/a><\/div>\n<\/div>\n<div><\/div>\n<div>\n<div dir=\"auto\"><em>ATTENZIONE: LA NUOVA APP RADIO\u00a0 PER ANDROID<\/em><\/div>\n<\/div>\n<p><a href=\"https:\/\/play.google.com\/store\/apps\/details?id=net.radiopiu.iniko\" target=\"_blank\" rel=\"noopener noreferrer\">https:\/\/play.google.com\/store\/apps\/details?id=net.radiopiu.iniko \u00a0\u00a0<\/a><\/p>\n<p>&nbsp;<\/p>\n<hr \/>\n<p>&nbsp;<\/p>\n<blockquote>\n<h3 style=\"text-align: center;\"><em>BOMBERINE BENVENUTE A FALCADE, BENVENUTE NELL&#8217;AGORDINO<\/em><\/h3>\n<\/blockquote>\n<div style=\"width: 1200px;\" class=\"wp-video\"><video class=\"wp-video-shortcode\" id=\"video-154947-1\" width=\"1200\" height=\"658\" preload=\"metadata\" controls=\"controls\"><source type=\"video\/mp4\" src=\"https:\/\/www.radiopiu.net\/wordpress\/wp-content\/uploads\/2020\/08\/BOMBERINE-FALCADE-OK.mp4?_=1\" \/><a href=\"https:\/\/www.radiopiu.net\/wordpress\/wp-content\/uploads\/2020\/08\/BOMBERINE-FALCADE-OK.mp4\">https:\/\/www.radiopiu.net\/wordpress\/wp-content\/uploads\/2020\/08\/BOMBERINE-FALCADE-OK.mp4<\/a><\/video><\/div>\n<p>&nbsp;<\/p>\n<hr \/>\n<p>&nbsp;<\/p>\n<p><strong class=\"photoswipe-wrapper\"><a class=\"dt-pswp-item pspw-wrap-ready\" href=\"https:\/\/i2.wp.com\/www.radiopiu.net\/wordpress\/wp-content\/uploads\/2018\/08\/ACQUA.jpeg?ssl=1\" data-dt-img-description=\"\" data-large_image_width=\"1280\" data-large_image_height=\"768\"><img loading=\"lazy\" decoding=\"async\" class=\"wp-image-57052 alignleft\" src=\"https:\/\/i2.wp.com\/www.radiopiu.net\/wordpress\/wp-content\/uploads\/2018\/08\/ACQUA.jpeg?resize=198%2C119&amp;ssl=1\" sizes=\"auto, (max-width: 198px) 100vw, 198px\" srcset=\"https:\/\/i2.wp.com\/www.radiopiu.net\/wordpress\/wp-content\/uploads\/2018\/08\/ACQUA.jpeg?resize=300%2C180&amp;ssl=1 300w, https:\/\/i2.wp.com\/www.radiopiu.net\/wordpress\/wp-content\/uploads\/2018\/08\/ACQUA.jpeg?resize=768%2C461&amp;ssl=1 768w, https:\/\/i2.wp.com\/www.radiopiu.net\/wordpress\/wp-content\/uploads\/2018\/08\/ACQUA.jpeg?resize=1024%2C614&amp;ssl=1 1024w, https:\/\/i2.wp.com\/www.radiopiu.net\/wordpress\/wp-content\/uploads\/2018\/08\/ACQUA.jpeg?w=1280&amp;ssl=1 1280w\" alt=\"\" width=\"198\" height=\"119\" data-recalc-dims=\"1\" \/><\/a><\/strong><strong class=\"photoswipe-wrapper\">RIVAMONTE<\/strong>\u00a0 Gestione Servizi Pubblici informa che a RIVAMONTE AGORDINO nelle localit\u00e0 MIOTTE, ZENICH, MOTTES, ZEP-SCHENA, SARET, ROSTE, PALUCH, GONA DI CONEDERA, PONTE ALTO, LONIE e SANTEL, VILLAGRANDE, ROSSON, TOS e Via ROMA l\u2019acqua erogata dall\u2019acquedotto \u00e8 di nuovo potabile e pu\u00f2 essere usata, quindi, per scopi alimentari. <strong>SAN TOMASO AGORDINO<\/strong> nelle LOCALITA\u2019 ROI E PIANEZZE l\u2019acqua erogata dall\u2019acquedotto non \u00e8 potabile e non pu\u00f2 essere usata per scopi alimentari. Verr\u00e0 effettuato servizio sostitutivo con autobotte. Nella frazione Costa l&#8217;acqua \u00e8 di nuovo potabile<\/p>\n<p>&nbsp;<\/p>\n<p><strong>SELVA DI CADORE<\/strong>: <em>&#8220;Acqua torbida da L&#8217;Andria, il sindaco Silvia Cestaro:\u00a0 &#8220;Ieri Gsp ha verificato i livelli di residuo. Ha inviato tutto alla Ulss1. Comunicano che tutte le vasche sono dotate di potabilizzatore automatico quindi il problema \u00e9 nel residuo. Si sono detti sereni e attendono la decantazione delle acque dopo le intense pioggie. La richiesta che GSP fa agli utenti \u00e8 di chiamare direttamente il numero verde per segnalare problemi come questo in modo da individuare con pi\u00f9 facilit\u00e0 le zone interessate e avere indicazioni precise su come comportarsi rispetto all&#8217;utilizzo dell&#8217; acqua. Ad oggi \u00e9 arrivata solo la segnalazione del Sindaco.\u00a0 Speravo di avere notizie da Cora,\u00a0 ma di dicono di essere tranquilli. In ogni caso visto il colore dell&#8217;acqua mi sento di consigliare di\u00a0 evitare di berla&#8221;<\/em><\/p>\n<p><strong>FALCADE<\/strong> Il sindaco con precisa ordinanza invita a non sprecare l&#8217;acqua, no al lavaggio di piazzali e automobili. Le vasche sono al limite, di qui l&#8217;invito ad un uso parsimonioso del bene acqua. La grande presenza turistica nella case, seconde case ed alberghi ha complicato la situazione.<\/p>\n<hr \/>\n<p>&nbsp;<\/p>\n<blockquote>\n<h3>ECCO I LUPI A VOLTAGO, VICINO ALLE CASE. VIDEO<\/h3>\n<\/blockquote>\n<p><strong>VOLTAGO<\/strong> <em>&#8220;R<span class=\"_5yl5\">ipresi da mio pap\u00e1 con la foto trappola ieri mattina attorno alle 6\u00a0 a Digoman di Voltago vicini al bosco e a 100 metri da casa&#8221;. <\/span><\/em><span class=\"_5yl5\">Questa la segnalazione di Ilaria Bogo, che ringraziamo, inviata alla redazione con relativo video dei lupi in passeggiata&#8230; o forse a caccia.<\/span><\/p>\n<p>&nbsp;<\/p>\n<div style=\"width: 576px;\" class=\"wp-video\"><video class=\"wp-video-shortcode\" id=\"video-154947-2\" width=\"576\" height=\"320\" preload=\"metadata\" controls=\"controls\"><source type=\"video\/mp4\" src=\"https:\/\/www.radiopiu.net\/wordpress\/wp-content\/uploads\/2020\/08\/video-1597342812.mp4?_=2\" \/><a href=\"https:\/\/www.radiopiu.net\/wordpress\/wp-content\/uploads\/2020\/08\/video-1597342812.mp4\">https:\/\/www.radiopiu.net\/wordpress\/wp-content\/uploads\/2020\/08\/video-1597342812.mp4<\/a><\/video><\/div>\n<p>&nbsp;<\/p>\n<p>&nbsp;<\/p>\n<p>&nbsp;<\/p>\n<p>&nbsp;<\/p>\n<hr \/>\n<p>&nbsp;<\/p>\n<blockquote>\n<h3>METEO. SITUAZIONE DI INSTABILITA\u2019 E POSSIBILI TEMPORALI. STATO DI ATTENZIONE NEI BACINI IDROGRAFICI DEL VENETO<\/h3>\n<\/blockquote>\n<p><a class=\"dt-pswp-item\" href=\"https:\/\/www.radiopiu.net\/wordpress\/wp-content\/uploads\/2018\/06\/temporale.jpg\" data-dt-img-description=\"\" data-large_image_width=\"1920\" data-large_image_height=\"1272\"><img loading=\"lazy\" decoding=\"async\" class=\"size-medium wp-image-50334 alignleft\" src=\"https:\/\/www.radiopiu.net\/wordpress\/wp-content\/uploads\/2018\/06\/temporale-300x199.jpg\" alt=\"\" width=\"300\" height=\"199\" srcset=\"https:\/\/www.radiopiu.net\/wordpress\/wp-content\/uploads\/2018\/06\/temporale-300x199.jpg 300w, https:\/\/www.radiopiu.net\/wordpress\/wp-content\/uploads\/2018\/06\/temporale-768x509.jpg 768w, https:\/\/www.radiopiu.net\/wordpress\/wp-content\/uploads\/2018\/06\/temporale-1024x678.jpg 1024w, https:\/\/www.radiopiu.net\/wordpress\/wp-content\/uploads\/2018\/06\/temporale.jpg 1920w\" sizes=\"auto, (max-width: 300px) 100vw, 300px\" \/><\/a>In riferimento alla situazione meteorologica attesa sul territorio con previsione di instabilit\u00e0 con rovesci e possibili temporali anche forti, il Centro Funzionale Decentrato della Regione ha emesso un avviso di criticit\u00e0 idrogeologica decretando lo stato di \u201cattenzione\u201d in tutti i bacini idrografici del Veneto, sino alle 6.00 di sabato 15 agosto.<\/p>\n<p>Queste le previsioni meteo:<\/p>\n<p><em>Il promontorio anticiclonico sul Mediterraneo centrale che ha interessato la regione fino a mercoled\u00ec \u00e8 in fase di indebolimento gioved\u00ec 13 e lascer\u00e0 spazio venerd\u00ec 14 al passaggio di una veloce ondulazione ciclonica, con aria pi\u00f9 fredda in alta quota. Tra gioved\u00ec 13 e venerd\u00ec 14 avremo pertanto dei tratti di instabilit\u00e0, con dei rovesci e temporali specie nelle ore pomeridiane e serali. Venerd\u00ec l&#8217;instabilit\u00e0 sar\u00e0 pi\u00f9 diffusa. Saranno possibili locali temporali intensi (forti rovesci, forti raffiche di vento, grandinate) venerd\u00ec su tutta la regione.\u00a0<\/em><\/p>\n<p>&nbsp;<\/p>\n<hr \/>\n<p>&nbsp;<\/p>\n<blockquote>\n<h1><a class=\"dt-pswp-item\" href=\"https:\/\/www.radiopiu.net\/wordpress\/wp-content\/uploads\/2020\/08\/e6feff97-c36f-4584-9233-2b59dd41d9a5.jpg\" data-dt-img-description=\"\" data-large_image_width=\"720\" data-large_image_height=\"1440\"><img loading=\"lazy\" decoding=\"async\" class=\"size-medium wp-image-155165 alignleft\" src=\"https:\/\/www.radiopiu.net\/wordpress\/wp-content\/uploads\/2020\/08\/e6feff97-c36f-4584-9233-2b59dd41d9a5-150x300.jpg\" alt=\"\" width=\"150\" height=\"300\" srcset=\"https:\/\/www.radiopiu.net\/wordpress\/wp-content\/uploads\/2020\/08\/e6feff97-c36f-4584-9233-2b59dd41d9a5-150x300.jpg 150w, https:\/\/www.radiopiu.net\/wordpress\/wp-content\/uploads\/2020\/08\/e6feff97-c36f-4584-9233-2b59dd41d9a5-512x1024.jpg 512w, https:\/\/www.radiopiu.net\/wordpress\/wp-content\/uploads\/2020\/08\/e6feff97-c36f-4584-9233-2b59dd41d9a5.jpg 720w\" sizes=\"auto, (max-width: 150px) 100vw, 150px\" \/><\/a>L&#8217;ULTIMO SALUTO AD ALESSIO, L&#8217;ABBRACCIO SOLIDALE ALLA FAMIGLIA BORTOLUZZI<\/h1>\n<\/blockquote>\n<p><strong>SANTA GIUSTINA<\/strong> Un&#8217;intera comunit\u00e0 \u00e8 pronta a salutare il giovane Alessio ed abbracciare la mamma Michela con Michele, il pap\u00e0 Adriano con Alba, le sorelle Eva e Federica, i nonni Laura e Paolo, la nonna Emma, gli zii i cugini. I funerali saranno celebrati domenica alle 10 al centro sportivo dell&#8217;Oratorio di Santa Giustina. La famiglia ha rivolto un ringraziamento a tutto il personale del 118, ai vigili del fuoco, a tutti coloro che in qualsiasi modo si sono prodigati nel tentativo di salvare la vita ad Alessio. Eventuali offerte saranno devolute ad opere di bene.<\/p>\n<p>&nbsp;<\/p>\n<p>&nbsp;<\/p>\n<p>&nbsp;<\/p>\n<p>&nbsp;<\/p>\n<hr \/>\n<p>&nbsp;<\/p>\n<blockquote>\n<h3>IERI SERA, ORE 22 INTERVENTO IN CORSO IN MOIAZZA<\/h3>\n<\/blockquote>\n<p><img decoding=\"async\" class=\"alignleft\" src=\"https:\/\/www.radiopiu.net\/wordpress\/wp-content\/uploads\/2015\/07\/Moiazzadasud.jpg\" \/><strong>AGORDO<\/strong> Una squadra del Soccorso alpino di Agordo \u00e8 impegnata in un intervento sulla Moiazza. Attorno alle 17 due escursionisti stranieri hanno contattato il 118 poich\u00e9, partiti alle 3 per affrontare la Ferrata Costantini, arrivati a circa 2.550 metri di quota erano sfiniti dalla stanchezza e, soprattutto uno di loro, non erano pi\u00f9 in grado di avanzare. Dal momento che le nuvole ne hanno impedito l&#8217;avvicinamento, l&#8217;elicottero del Suem di Pieve di Cadore ha imbarcato cinque soccorritori e li ha lasciati sulla Cresta delle Masenade. Da l\u00ec la squadra ha raggiunto i due escursionisti e, dopo averli assicurati, ha iniziato a calarli. Al momento si trovano a circa 2.400 metri sulla Pala del Belia e abbandoneranno il percorso attrezzato per scendere dal sentiero pi\u00f9 dietro. Un soccorritore al Rifugio Carestiato \u00e8 in contatto con l&#8217;eliambulanza di Trento emergenza, abilitata per il volo notturno, che, se la nebbia si diradasse, potrebbe provvedere al loro recupero. In caso contrario saranno necessarie ancora alcune ore per il rientro.<\/p>\n<p>&nbsp;<\/p>\n<hr \/>\n<p>&nbsp;<\/p>\n<div class=\"page-title-head hgroup\">\n<blockquote>\n<h3 class=\"entry-title\">METTE MALE IL PIEDE E SI FRATTURA LA GAMBA, L\u2019INFORTUNATA SOCCORSA DAGLI UOMINI DELLA VALLE DEL BIOIS<\/h3>\n<\/blockquote>\n<\/div>\n<div class=\"page-title-breadcrumbs\">\n<p><strong>FALCADE\u00a0<\/strong> Ieri mattina una squadra del Soccorso alpino della Val Biois \u00e8 stata chiamata nella zona del Rifugio Laresei. Salendo verso la sterrata dal sentiero sottostante, un\u2019escursionista di Voltago Agordino, S.B., 46 anni, ha\u00a0 messo male il piede, riportando una probabile frattura. Raggiunta dai soccorritori, avvicinatisi in <img loading=\"lazy\" decoding=\"async\" class=\"size-medium wp-image-155090 alignleft jetpack-lazy-image jetpack-lazy-image--handled\" src=\"https:\/\/i1.wp.com\/www.radiopiu.net\/wordpress\/wp-content\/uploads\/2020\/08\/salt_20200813_153030_947_resized.jpg?resize=300%2C225&amp;ssl=1\" sizes=\"auto, (max-width: 300px) 100vw, 300px\" srcset=\"https:\/\/i1.wp.com\/www.radiopiu.net\/wordpress\/wp-content\/uploads\/2020\/08\/salt_20200813_153030_947_resized.jpg?resize=300%2C225&amp;ssl=1 300w, https:\/\/i1.wp.com\/www.radiopiu.net\/wordpress\/wp-content\/uploads\/2020\/08\/salt_20200813_153030_947_resized.jpg?resize=1024%2C768&amp;ssl=1 1024w, https:\/\/i1.wp.com\/www.radiopiu.net\/wordpress\/wp-content\/uploads\/2020\/08\/salt_20200813_153030_947_resized.jpg?resize=768%2C576&amp;ssl=1 768w, https:\/\/i1.wp.com\/www.radiopiu.net\/wordpress\/wp-content\/uploads\/2020\/08\/salt_20200813_153030_947_resized.jpg?w=1182&amp;ssl=1 1182w\" alt=\"\" width=\"300\" height=\"225\" data-recalc-dims=\"1\" data-lazy-loaded=\"1\" \/>fuoristrada, le \u00e8 stata subito stabilizzata la gamba. Una volta i barella, l\u2019infortunata \u00e8 stata trasportata all\u2019ambulanza della Croce Verde che la ha accompagnata all\u2019ospedale di Agordo.<\/p>\n<p><strong>BORGOVALBELLUNA<\/strong> Una squadra del Soccorso alpino di Belluno e Feltre \u00e8 intervenuta all\u2019altezza della Grotta azzurra a Mel, poich\u00e9 una donna, che si trovava con altre persone, \u00e8 scivolata tra i massi del greto procurandosi un sospetto trauma alla caviglia. I soccorritori le hanno prima immobilizzato il piede, per poi imbarellarla e, superati i tratti pi\u00f9 impegnativi con manovre di corda, portarla all\u2019appuntamento con l\u2019ambulanza. L\u2019escursionista, 47 anni, di Montecchio Maggiore (VI), \u00e8 stata condotta all\u2019ospedale di Feltre.<\/p>\n<p>&nbsp;<\/p>\n<hr \/>\n<p>&nbsp;<\/p>\n<blockquote>\n<h3>FERITA ALLA TESTA E PROBABILE TRAUMA CRANICO IN VALLE DI GARES<\/h3>\n<\/blockquote>\n<p><strong><a class=\"dt-pswp-item\" href=\"https:\/\/www.radiopiu.net\/wordpress\/wp-content\/uploads\/2018\/08\/soccorsoalpino.jpg\" data-dt-img-description=\"\" data-large_image_width=\"1200\" data-large_image_height=\"1200\"><img loading=\"lazy\" decoding=\"async\" class=\"wp-image-59164 alignleft\" src=\"https:\/\/www.radiopiu.net\/wordpress\/wp-content\/uploads\/2018\/08\/soccorsoalpino-300x300.jpg\" alt=\"\" width=\"154\" height=\"154\" srcset=\"https:\/\/www.radiopiu.net\/wordpress\/wp-content\/uploads\/2018\/08\/soccorsoalpino-300x300.jpg 300w, https:\/\/www.radiopiu.net\/wordpress\/wp-content\/uploads\/2018\/08\/soccorsoalpino-150x150.jpg 150w, https:\/\/www.radiopiu.net\/wordpress\/wp-content\/uploads\/2018\/08\/soccorsoalpino-768x768.jpg 768w, https:\/\/www.radiopiu.net\/wordpress\/wp-content\/uploads\/2018\/08\/soccorsoalpino-1024x1024.jpg 1024w, https:\/\/www.radiopiu.net\/wordpress\/wp-content\/uploads\/2018\/08\/soccorsoalpino.jpg 1200w\" sizes=\"auto, (max-width: 154px) 100vw, 154px\" \/><\/a>CANALE D&#8217;AGORDO\u00a0<\/strong>Ieri alle 17.20 circa una squadra del Soccorso alpino della Val Biois \u00e8 intervenuta sul sentiero tra le cascate di Gares e Capanna Cima Comelle, dove un escursionista aveva riportato una profonda ferita alla testa e un probabile trauma cranico. Dopo averlo raggiunto, i soccorritori, tra i quali un&#8217;infermiera, hanno prestato le prime cure urgenti a T.T., 72 anni, di Foss\u00f2 (VE), lo hanno imbarellato e trasportato fino all&#8217;inizio del sentiero per poi trasferirlo sull&#8217;ambulanza. L&#8217;uomo \u00e8 stato accompagnato all&#8217;ospedale di Belluno.<\/p>\n<p>&nbsp;<\/p>\n<p>&nbsp;<\/p>\n<hr \/>\n<p>&nbsp;<\/p>\n<\/div>\n<blockquote>\n<h3>RECUPERATI DUE ESCURSIONISTI A CORTINA<\/h3>\n<\/blockquote>\n<p><strong><a class=\"dt-pswp-item\" href=\"https:\/\/www.radiopiu.net\/wordpress\/wp-content\/uploads\/2020\/04\/salt_20190824_170014_036.jpg\" data-dt-img-description=\"\" data-large_image_width=\"1240\" data-large_image_height=\"930\"><img loading=\"lazy\" decoding=\"async\" class=\"size-medium wp-image-129118 alignleft\" src=\"https:\/\/www.radiopiu.net\/wordpress\/wp-content\/uploads\/2020\/04\/salt_20190824_170014_036-300x225.jpg\" alt=\"\" width=\"300\" height=\"225\" srcset=\"https:\/\/www.radiopiu.net\/wordpress\/wp-content\/uploads\/2020\/04\/salt_20190824_170014_036-300x225.jpg 300w, https:\/\/www.radiopiu.net\/wordpress\/wp-content\/uploads\/2020\/04\/salt_20190824_170014_036-1024x768.jpg 1024w, https:\/\/www.radiopiu.net\/wordpress\/wp-content\/uploads\/2020\/04\/salt_20190824_170014_036-768x576.jpg 768w, https:\/\/www.radiopiu.net\/wordpress\/wp-content\/uploads\/2020\/04\/salt_20190824_170014_036.jpg 1240w\" sizes=\"auto, (max-width: 300px) 100vw, 300px\" \/><\/a>CORTINA <\/strong>Mercoled\u00ec sera attorno alle 20, la Centrale del 118 ha allertato il Soccorso alpino di Cortina per due escursionisti in difficolt\u00e0. I due trentaduenni di Ferrara, uno di Fiscaglia, l&#8217;altro di Portomaggiore, stavano rientrando dal Rifugio Vandelli dal Sentiero del Laudo, ma, al momento di scendere nel canale da Forcella Marcuoira, erano andati dritti anzich\u00e9 prendere la traccia a sinistra e si erano ritrovati sopra alcuni salti di roccia nella zona di Tardeiba. Una squadra li ha raggiunti dal percorso sottostante e, dopo averli assicurati, li ha aiutati a riprendere il sentiero per tornare alla macchina.<\/p>\n<p>&nbsp;<\/p>\n<p>&nbsp;<\/p>\n<hr \/>\n<p>&nbsp;<\/p>\n<div class=\"page-title-head hgroup\">\n<blockquote>\n<h3 class=\"entry-title\">ULTERIORI CHIARIMENTI SULLA SPIAGGETTA DEL LAGO DI ALLEGHE<\/h3>\n<\/blockquote>\n<\/div>\n<div class=\"page-title-breadcrumbs\">\n<p><strong>ALLEGHE<\/strong> Emanuele Brancati che si definisce turista innamorato di Alleghe ci ha chiesto se la notizia della \u201cchiusura\u201d della spiaggetta del lago di Alleghe sia o meno una bufala. In una lettera aperta chiamando in causa l\u2019amministrazione comunale e il sindaco il turista ricorda\u00a0 che ha usufruito ed usufruisce della spiaggetta naturale da tempo <em>\u201cIniziativa\u00a0 \u2013 dice-\u00a0 molto pratica che da modo di dare qualcosa in pi\u00f9 ai turisti, ho lodato\u00a0 chi ha avuto l\u2019idea di crearla e di porla gratuitamente a disposizione di tutti. Ora si afferma che la piccola spiaggia \u00e8 chiusa perch\u00e9 pericolosa per probabili \u201cbombe d\u2019acqua\u201d che potrebbero colpire improvvisamente. Non so se questa notizia sia vera oppure \u201cla solita bufala\u201d di cui quotidianamente siamo vittime. Mi voglio augurare che invece non ci sia nulla di vero e che una delle poche distrazioni che ci sono in questo splendido comune sia mantenuta\u201d.<\/em> Evidentemente il turista che ha scelto Alleghe per le sue vacanze non ha seguito quanto accaduto in questi mesi, anche pochi giorni fa dove abbiamo avuto modo di proporre un\u2019intervista al sindaco Danilo De Toni che qui riproponiamo per dovere d\u2019informazione.<\/p>\n<blockquote>\n<h3>SPIAGGETTA BANDITA PER IL PERICOLO \u201cZUNAIA\u201d, LE RISPOSTE ALLE DOMANDE<\/h3>\n<\/blockquote>\n<p class=\"photoswipe-wrapper\"><strong class=\"photoswipe-wrapper\"><a class=\"dt-pswp-item pspw-wrap-ready\" href=\"https:\/\/i2.wp.com\/www.radiopiu.net\/wordpress\/wp-content\/uploads\/2018\/11\/alleghe.jpg?ssl=1\" data-dt-img-description=\"\" data-large_image_width=\"960\" data-large_image_height=\"720\"><img loading=\"lazy\" decoding=\"async\" class=\" wp-image-67191 alignleft\" src=\"https:\/\/i2.wp.com\/www.radiopiu.net\/wordpress\/wp-content\/uploads\/2018\/11\/alleghe.jpg?resize=200%2C150&amp;ssl=1\" sizes=\"auto, (max-width: 200px) 100vw, 200px\" srcset=\"https:\/\/i2.wp.com\/www.radiopiu.net\/wordpress\/wp-content\/uploads\/2018\/11\/alleghe.jpg?resize=300%2C225&amp;ssl=1 300w, https:\/\/i2.wp.com\/www.radiopiu.net\/wordpress\/wp-content\/uploads\/2018\/11\/alleghe.jpg?resize=768%2C576&amp;ssl=1 768w, https:\/\/i2.wp.com\/www.radiopiu.net\/wordpress\/wp-content\/uploads\/2018\/11\/alleghe.jpg?w=960&amp;ssl=1 960w\" alt=\"\" width=\"200\" height=\"150\" \/><\/a>ALLEGHE<\/strong> Che la spiaggetta in riva al lago fosse un biglietto da visita importante per il paese lo sa anche l\u2019amministrazione comunale, in primis il sindaco Danilo De Toni, ma il primo cittadino conosce anche le conseguenze di eventuali incidenti <a class=\"dt-pswp-item pspw-wrap-ready\" href=\"https:\/\/i0.wp.com\/www.radiopiu.net\/wordpress\/wp-content\/uploads\/2020\/08\/download-12.jpg?ssl=1\" data-dt-img-description=\"\" data-large_image_width=\"311\" data-large_image_height=\"162\"><img loading=\"lazy\" decoding=\"async\" class=\"size-medium wp-image-154422 alignright\" src=\"https:\/\/i0.wp.com\/www.radiopiu.net\/wordpress\/wp-content\/uploads\/2020\/08\/download-12.jpg?resize=300%2C156&amp;ssl=1\" sizes=\"auto, (max-width: 300px) 100vw, 300px\" srcset=\"https:\/\/i0.wp.com\/www.radiopiu.net\/wordpress\/wp-content\/uploads\/2020\/08\/download-12.jpg?resize=300%2C156&amp;ssl=1 300w, https:\/\/i0.wp.com\/www.radiopiu.net\/wordpress\/wp-content\/uploads\/2020\/08\/download-12.jpg?w=311&amp;ssl=1 311w\" alt=\"\" width=\"300\" height=\"156\" \/><\/a>meterologici estivi soprattutto in tempi in cui\u00a0 sono sempre pi\u00f9 frequenti le \u201cbombe d\u2019acqua\u201d, termine che non piace agli esperti-studiati ma che rende l\u2019idea senza tanti giri di parole. Al sindaco nell\u2019intervista pomeridiana di ieri alla fabbrica delle emozioni abbiamo posto la domanda che ricorre spesso tra i turisti della localit\u00e0, chi vive ad Alleghe conosce la potenza del torrente Zunaia che scende dal Civetta e cosa riesce a fare in pochi minuti quando il nubifragio colpisce con violenza. (foto archivio radiopiu, prima e dopo vaia)<\/p>\n<p><strong>AI MICROFONI DI RADIO PIU&#8217; IL SINDACO DANILO DE TONI<\/strong><\/p>\n<audio class=\"wp-audio-shortcode\" id=\"audio-154947-1\" preload=\"none\" style=\"width: 100%;\" controls=\"controls\"><source type=\"audio\/mpeg\" src=\"https:\/\/www.radiopiu.net\/wordpress\/wp-content\/uploads\/2020\/08\/danilo-spiaggia.mp3?_=1\" \/><a href=\"https:\/\/www.radiopiu.net\/wordpress\/wp-content\/uploads\/2020\/08\/danilo-spiaggia.mp3\">https:\/\/www.radiopiu.net\/wordpress\/wp-content\/uploads\/2020\/08\/danilo-spiaggia.mp3<\/a><\/audio>\n<p>Anche a seguito della lettera il primo cittadino alleghese aggiunge<em> &#8220;Nei futuri lavori del lago verranno realizzate due aree in\u00a0 spazi idonei che sostituiranno l&#8217;attuale. Anche a me dispiace aver tolto la possibilit\u00e0 di prendere il sole in spiaggetta,\u00a0 ma l&#8217;incolumit\u00e0 delle persone va al di sopra di tutto. In presenza di avvertimenti di pericolo dagli Enti competenti non \u00e8 possibile fare a finta di nulla e\u00a0 ignorarli anche se la decisione che \u00e8 stata presa \u00e8 impopolare&#8221;<\/em><\/p>\n<p>&nbsp;<\/p>\n<hr \/>\n<p>&nbsp;<\/p>\n<blockquote>\n<h3>DILLO A RADIO PIU&#8230; A QUANDO L&#8217;ASFALTATURA DELLE STRADE?<\/h3>\n<\/blockquote>\n<p><strong><a class=\"dt-pswp-item\" href=\"https:\/\/www.radiopiu.net\/wordpress\/wp-content\/uploads\/2020\/08\/fe78c9fb-34f9-499d-af4a-920e8995326e.jpg\" data-dt-img-description=\"\" data-large_image_width=\"2048\" data-large_image_height=\"1024\"><img loading=\"lazy\" decoding=\"async\" class=\"size-medium wp-image-155019 alignleft\" src=\"https:\/\/www.radiopiu.net\/wordpress\/wp-content\/uploads\/2020\/08\/fe78c9fb-34f9-499d-af4a-920e8995326e-300x150.jpg\" alt=\"\" width=\"300\" height=\"150\" srcset=\"https:\/\/www.radiopiu.net\/wordpress\/wp-content\/uploads\/2020\/08\/fe78c9fb-34f9-499d-af4a-920e8995326e-300x150.jpg 300w, https:\/\/www.radiopiu.net\/wordpress\/wp-content\/uploads\/2020\/08\/fe78c9fb-34f9-499d-af4a-920e8995326e-1024x512.jpg 1024w, https:\/\/www.radiopiu.net\/wordpress\/wp-content\/uploads\/2020\/08\/fe78c9fb-34f9-499d-af4a-920e8995326e-768x384.jpg 768w, https:\/\/www.radiopiu.net\/wordpress\/wp-content\/uploads\/2020\/08\/fe78c9fb-34f9-499d-af4a-920e8995326e-1536x768.jpg 1536w, https:\/\/www.radiopiu.net\/wordpress\/wp-content\/uploads\/2020\/08\/fe78c9fb-34f9-499d-af4a-920e8995326e.jpg 2048w\" sizes=\"auto, (max-width: 300px) 100vw, 300px\" \/><\/a>TAIBON<\/strong> Con la sua segnalazione Michele mette in rilievo una problematica non di poco conto, lo sanno bene soprattutto i ciclisti e motociclisti. Parliamo delle strade soggette a lavori dove una volta terminati sono stati tappati i buchi alla meno peggio, senza un adeguato tappeto di asfalto. Volentieri riceviamo e pubblichiamo la lettera pervenuta a RADIO PIU&#8217;.<\/p>\n<blockquote><p><em>Voglio portare all&#8217;attenzione dei lettori-ascoltatori la questione della riasfaltatura delle strade a seguito della posa della fibra ottica. Non so a chi spetta l&#8217;onere della riasfaltatura, se ai Comuni o ai gestori dei servizi telefonici, per\u00f2 in certe zone (come il Comune di Taibon) ormai \u00e8 quasi un anno che la fibra \u00e8 stata posata ma le buche sono ancora l\u00e0 e anzi sono sempre peggio. Queste buche sono particolamente fastidiose per i ciclisti (come me) perch\u00e9 di solito si trovano per lunghi tratti a bordo strada proprio nella zona in cui noi ciclisti pedaliamo e ci costringono a spostarci pi\u00f9 verso il centro della strada (spesso non \u00e8 possibile pedalarci a destra per la presenza di ghiaia o erbacce a lato strada) aumentando esponenzialmente i gi\u00e0 innumerevoli pericoli che comporta la circolazione delle bici sulle strade, sopratutto in questo periodo in cui il traffico \u00e8 molto intenso sia di auto che di ciclisti. Il tratto che credo sia il pi\u00f9 pericoloso \u00e8 quello di fronte la sede di Radio Pi\u00f9 che dall&#8217;incrocio del mobilificio Ben va verso l&#8217;imbocco della tangenziale poich\u00e9 il traffico l\u00ec \u00e8 sempre elevato e queste fastidiose buche hanno un paio di punti in cui sono molto spostate verso il centro strada. Trovo giusto sottolineare il fatto che molti ciclisti percorrano pericolosamente le gallerie senza fanalini come fatto alcuni giorni fa, ma credo sia altrettanto giusto dare importanza a questa questione che ai pi\u00f9 pu\u00f2 sfuggire (anzi sicuramente dir\u00e0 &#8220;maledetti ciclisti sempre in mezzo alla strada!&#8221;) ma chi circola in bici sicuramente n\u00e9 \u00e8 a conoscenza e ogni volta che si trova a pedalare a fianco di queste buche prega di non venire travolta da un&#8217;auto che viene da dietro.<\/em><br \/>\nMichele.<\/p><\/blockquote>\n\n\t\t\t<style type='text\/css'>\n\t\t\t\t#gallery-1 {\n\t\t\t\t\tmargin: auto;\n\t\t\t\t}\n\t\t\t\t#gallery-1 .gallery-item {\n\t\t\t\t\tfloat: left;\n\t\t\t\t\tmargin-top: 10px;\n\t\t\t\t\ttext-align: center;\n\t\t\t\t\twidth: 25%;\n\t\t\t\t}\n\t\t\t\t#gallery-1 img {\n\t\t\t\t\tborder: 2px solid #cfcfcf;\n\t\t\t\t}\n\t\t\t\t#gallery-1 .gallery-caption {\n\t\t\t\t\tmargin-left: 0;\n\t\t\t\t}\n\t\t\t\t\/* see gallery_shortcode() in wp-includes\/media.php *\/\n\t\t\t<\/style>\n\t\t<div id='gallery-1' class='dt-gallery-container gallery galleryid-154947 gallery-columns-4 gallery-size-thumbnail'><dl class='gallery-item'>\n\t\t\t\t<dt class='gallery-icon landscape'>\n\t\t\t\t\t<a class=\"rollover rollover-zoom dt-pswp-item\" title=\"dac16a56-bb67-41bd-bb86-31b043a24620\" data-dt-img-description=\"\" data-large_image_width=\"2048\" data-large_image_height=\"1024\"href='https:\/\/www.radiopiu.net\/wordpress\/wp-content\/uploads\/2020\/08\/dac16a56-bb67-41bd-bb86-31b043a24620.jpg'><img loading=\"lazy\" decoding=\"async\" width=\"150\" height=\"150\" src=\"https:\/\/www.radiopiu.net\/wordpress\/wp-content\/uploads\/2020\/08\/dac16a56-bb67-41bd-bb86-31b043a24620-150x150.jpg\" class=\"attachment-thumbnail size-thumbnail\" alt=\"\" \/><\/a>\n\t\t\t\t<\/dt><\/dl><dl class='gallery-item'>\n\t\t\t\t<dt class='gallery-icon landscape'>\n\t\t\t\t\t<a class=\"rollover rollover-zoom dt-pswp-item\" title=\"785b8aa8-1943-4545-a626-d2c07b863097\" data-dt-img-description=\"\" data-large_image_width=\"2048\" data-large_image_height=\"1024\"href='https:\/\/www.radiopiu.net\/wordpress\/wp-content\/uploads\/2020\/08\/785b8aa8-1943-4545-a626-d2c07b863097.jpg'><img loading=\"lazy\" decoding=\"async\" width=\"150\" height=\"150\" src=\"https:\/\/www.radiopiu.net\/wordpress\/wp-content\/uploads\/2020\/08\/785b8aa8-1943-4545-a626-d2c07b863097-150x150.jpg\" class=\"attachment-thumbnail size-thumbnail\" alt=\"\" \/><\/a>\n\t\t\t\t<\/dt><\/dl><dl class='gallery-item'>\n\t\t\t\t<dt class='gallery-icon landscape'>\n\t\t\t\t\t<a class=\"rollover rollover-zoom dt-pswp-item\" title=\"ddb41825-bf40-4c38-94cf-3407181a8f8f\" data-dt-img-description=\"\" data-large_image_width=\"2048\" data-large_image_height=\"1024\"href='https:\/\/www.radiopiu.net\/wordpress\/wp-content\/uploads\/2020\/08\/ddb41825-bf40-4c38-94cf-3407181a8f8f.jpg'><img loading=\"lazy\" decoding=\"async\" width=\"150\" height=\"150\" src=\"https:\/\/www.radiopiu.net\/wordpress\/wp-content\/uploads\/2020\/08\/ddb41825-bf40-4c38-94cf-3407181a8f8f-150x150.jpg\" class=\"attachment-thumbnail size-thumbnail\" alt=\"\" \/><\/a>\n\t\t\t\t<\/dt><\/dl><dl class='gallery-item'>\n\t\t\t\t<dt class='gallery-icon landscape'>\n\t\t\t\t\t<a class=\"rollover rollover-zoom dt-pswp-item\" title=\"fe78c9fb-34f9-499d-af4a-920e8995326e\" data-dt-img-description=\"\" data-large_image_width=\"2048\" data-large_image_height=\"1024\"href='https:\/\/www.radiopiu.net\/wordpress\/wp-content\/uploads\/2020\/08\/fe78c9fb-34f9-499d-af4a-920e8995326e.jpg'><img loading=\"lazy\" decoding=\"async\" width=\"150\" height=\"150\" src=\"https:\/\/www.radiopiu.net\/wordpress\/wp-content\/uploads\/2020\/08\/fe78c9fb-34f9-499d-af4a-920e8995326e-150x150.jpg\" class=\"attachment-thumbnail size-thumbnail\" alt=\"\" \/><\/a>\n\t\t\t\t<\/dt><\/dl><br style=\"clear: both\" \/>\n\t\t\t<\/div>\n\n<h3>DALLE PROMESSE SIAMO FIDUCIOSI, DOPO VALLADA FORSE TAIBON<\/h3>\n<p><strong>FERNANDO SOCCOL, VICESINDACO DI TAIBON<\/strong><\/p>\n<audio class=\"wp-audio-shortcode\" id=\"audio-154947-2\" preload=\"none\" style=\"width: 100%;\" controls=\"controls\"><source type=\"audio\/mpeg\" src=\"https:\/\/www.radiopiu.net\/wordpress\/wp-content\/uploads\/2020\/08\/FERNANDO-SOCCOL-FIBRA.mp3?_=2\" \/><a href=\"https:\/\/www.radiopiu.net\/wordpress\/wp-content\/uploads\/2020\/08\/FERNANDO-SOCCOL-FIBRA.mp3\">https:\/\/www.radiopiu.net\/wordpress\/wp-content\/uploads\/2020\/08\/FERNANDO-SOCCOL-FIBRA.mp3<\/a><\/audio>\n<p>&nbsp;<\/p>\n<hr \/>\n<p>&nbsp;<\/p>\n<blockquote>\n<h2>RIAPERTA LA STRADA PROVINCIALE PER SCHIUCAZ, SOLLIEVO TRA I RESIDENTI<\/h2>\n<\/blockquote>\n<p><strong>GIANPAOLO BOTTACIN<\/strong> &#8220;<em>Un momento molto atteso per arrivare al quale abbiamo lavorato con le Nostre strutture regionali e Veneto Strade riuscendo a completare un intervento estremamente complesso ma che possiamo davvero dire riuscito nel migliore dei modi&#8221;.<\/em><\/p>\n<p><a class=\"dt-pswp-item\" href=\"https:\/\/www.radiopiu.net\/wordpress\/wp-content\/uploads\/2020\/08\/117592980_10157556087777544_8123868667799035577_n.jpg\" data-dt-img-description=\"\" data-large_image_width=\"960\" data-large_image_height=\"720\"><img loading=\"lazy\" decoding=\"async\" class=\"alignnone size-medium wp-image-155166\" src=\"https:\/\/www.radiopiu.net\/wordpress\/wp-content\/uploads\/2020\/08\/117592980_10157556087777544_8123868667799035577_n-300x225.jpg\" alt=\"\" width=\"300\" height=\"225\" srcset=\"https:\/\/www.radiopiu.net\/wordpress\/wp-content\/uploads\/2020\/08\/117592980_10157556087777544_8123868667799035577_n-300x225.jpg 300w, https:\/\/www.radiopiu.net\/wordpress\/wp-content\/uploads\/2020\/08\/117592980_10157556087777544_8123868667799035577_n-768x576.jpg 768w, https:\/\/www.radiopiu.net\/wordpress\/wp-content\/uploads\/2020\/08\/117592980_10157556087777544_8123868667799035577_n.jpg 960w\" sizes=\"auto, (max-width: 300px) 100vw, 300px\" \/><\/a><a class=\"dt-pswp-item\" href=\"https:\/\/www.radiopiu.net\/wordpress\/wp-content\/uploads\/2020\/08\/117445236_10157556088022544_2858129688340624998_n.jpg\" data-dt-img-description=\"\" data-large_image_width=\"960\" data-large_image_height=\"720\"><img loading=\"lazy\" decoding=\"async\" class=\"alignnone size-medium wp-image-155167\" src=\"https:\/\/www.radiopiu.net\/wordpress\/wp-content\/uploads\/2020\/08\/117445236_10157556088022544_2858129688340624998_n-300x225.jpg\" alt=\"\" width=\"300\" height=\"225\" srcset=\"https:\/\/www.radiopiu.net\/wordpress\/wp-content\/uploads\/2020\/08\/117445236_10157556088022544_2858129688340624998_n-300x225.jpg 300w, https:\/\/www.radiopiu.net\/wordpress\/wp-content\/uploads\/2020\/08\/117445236_10157556088022544_2858129688340624998_n-768x576.jpg 768w, https:\/\/www.radiopiu.net\/wordpress\/wp-content\/uploads\/2020\/08\/117445236_10157556088022544_2858129688340624998_n.jpg 960w\" sizes=\"auto, (max-width: 300px) 100vw, 300px\" \/><\/a><\/p>\n<p>&nbsp;<\/p>\n<hr \/>\n<blockquote>\n<h3 class=\"entry-title\"><\/h3>\n<h3 class=\"entry-title\">BRAVI E BASTA, GLI OPERAI DI VENETO STRADE IN MEZZO AL TEMPORALE PER GARANTIRE UN FERRAGOSTO SENZA PROBLEMI AL GIAU<\/h3>\n<\/blockquote>\n<p><strong>COLLE SANTA LUCIA<\/strong> Ci hanno dato dentro, hanno sfidato la pioggia, il temporale, ieri l\u2019afa post nubifragio, ma avevano un obiettivo e lo hanno raggiunto. Dopo i danni delle notti scorse la 638 del Giau \u00e8 stata sistemata e perfettamente asfaltata, sar\u00e0 un ferragosto senza problemi.<\/p>\n<p class=\"photoswipe-wrapper\"><a class=\"dt-pswp-item pspw-wrap-ready\" href=\"https:\/\/i1.wp.com\/www.radiopiu.net\/wordpress\/wp-content\/uploads\/2020\/08\/117767514_3239651839436887_6982765217137830576_o.jpg?ssl=1\" data-dt-img-description=\"\" data-large_image_width=\"960\" data-large_image_height=\"720\"><img loading=\"lazy\" decoding=\"async\" class=\"alignnone size-medium wp-image-155110 jetpack-lazy-image jetpack-lazy-image--handled\" src=\"https:\/\/i1.wp.com\/www.radiopiu.net\/wordpress\/wp-content\/uploads\/2020\/08\/117767514_3239651839436887_6982765217137830576_o.jpg?resize=300%2C225&amp;ssl=1\" sizes=\"auto, (max-width: 300px) 100vw, 300px\" srcset=\"https:\/\/i1.wp.com\/www.radiopiu.net\/wordpress\/wp-content\/uploads\/2020\/08\/117767514_3239651839436887_6982765217137830576_o.jpg?resize=300%2C225&amp;ssl=1 300w, https:\/\/i1.wp.com\/www.radiopiu.net\/wordpress\/wp-content\/uploads\/2020\/08\/117767514_3239651839436887_6982765217137830576_o.jpg?resize=768%2C576&amp;ssl=1 768w, https:\/\/i1.wp.com\/www.radiopiu.net\/wordpress\/wp-content\/uploads\/2020\/08\/117767514_3239651839436887_6982765217137830576_o.jpg?w=960&amp;ssl=1 960w\" alt=\"\" width=\"300\" height=\"225\" data-recalc-dims=\"1\" data-lazy-loaded=\"1\" \/><\/a><a class=\"dt-pswp-item pspw-wrap-ready\" href=\"https:\/\/i1.wp.com\/www.radiopiu.net\/wordpress\/wp-content\/uploads\/2020\/08\/117585062_3239651439436927_3186760616774490492_o.jpg?ssl=1\" data-dt-img-description=\"\" data-large_image_width=\"960\" data-large_image_height=\"720\"><img loading=\"lazy\" decoding=\"async\" class=\"alignnone size-medium wp-image-155111 jetpack-lazy-image jetpack-lazy-image--handled\" src=\"https:\/\/i1.wp.com\/www.radiopiu.net\/wordpress\/wp-content\/uploads\/2020\/08\/117585062_3239651439436927_3186760616774490492_o.jpg?resize=300%2C225&amp;ssl=1\" sizes=\"auto, (max-width: 300px) 100vw, 300px\" srcset=\"https:\/\/i1.wp.com\/www.radiopiu.net\/wordpress\/wp-content\/uploads\/2020\/08\/117585062_3239651439436927_3186760616774490492_o.jpg?resize=300%2C225&amp;ssl=1 300w, https:\/\/i1.wp.com\/www.radiopiu.net\/wordpress\/wp-content\/uploads\/2020\/08\/117585062_3239651439436927_3186760616774490492_o.jpg?resize=768%2C576&amp;ssl=1 768w, https:\/\/i1.wp.com\/www.radiopiu.net\/wordpress\/wp-content\/uploads\/2020\/08\/117585062_3239651439436927_3186760616774490492_o.jpg?w=960&amp;ssl=1 960w\" alt=\"\" width=\"300\" height=\"225\" data-recalc-dims=\"1\" data-lazy-loaded=\"1\" \/><\/a><\/p>\n<p>&nbsp;<\/p>\n<p>&nbsp;<\/p>\n<hr \/>\n<blockquote>\n<h3><\/h3>\n<h3>A FORCELLA AURINE SOCIETA&#8217; DI GESTIONE AMAREGGIATA &#8220;NOI INVESTIAMO QUI MA DATECI UNA MANO&#8221;<\/h3>\n<\/blockquote>\n<p><a class=\"dt-pswp-item\" href=\"https:\/\/www.radiopiu.net\/wordpress\/wp-content\/uploads\/2020\/06\/forcella-aurine.jpg\" data-dt-img-description=\"\" data-large_image_width=\"960\" data-large_image_height=\"282\"><img loading=\"lazy\" decoding=\"async\" class=\"size-medium wp-image-144809 alignleft\" src=\"https:\/\/www.radiopiu.net\/wordpress\/wp-content\/uploads\/2020\/06\/forcella-aurine-300x88.jpg\" alt=\"\" width=\"300\" height=\"88\" srcset=\"https:\/\/www.radiopiu.net\/wordpress\/wp-content\/uploads\/2020\/06\/forcella-aurine-300x88.jpg 300w, https:\/\/www.radiopiu.net\/wordpress\/wp-content\/uploads\/2020\/06\/forcella-aurine-768x226.jpg 768w, https:\/\/www.radiopiu.net\/wordpress\/wp-content\/uploads\/2020\/06\/forcella-aurine.jpg 960w\" sizes=\"auto, (max-width: 300px) 100vw, 300px\" \/><\/a><\/p>\n<p>&nbsp;<\/p>\n<p><strong>GOSALDO<\/strong><\/p>\n<p>di Gianni Santomaso<\/p>\n<audio class=\"wp-audio-shortcode\" id=\"audio-154947-3\" preload=\"none\" style=\"width: 100%;\" controls=\"controls\"><source type=\"audio\/mpeg\" src=\"https:\/\/www.radiopiu.net\/wordpress\/wp-content\/uploads\/2020\/08\/GIANNI-FORCELLA-AURINE.mp3?_=3\" \/><a href=\"https:\/\/www.radiopiu.net\/wordpress\/wp-content\/uploads\/2020\/08\/GIANNI-FORCELLA-AURINE.mp3\">https:\/\/www.radiopiu.net\/wordpress\/wp-content\/uploads\/2020\/08\/GIANNI-FORCELLA-AURINE.mp3<\/a><\/audio>\n<p>&nbsp;<\/p>\n<hr \/>\n<p>&nbsp;<\/p>\n<blockquote>\n<h3>ISOLE ECOLOGICHE PER VILLEGGIANTI, IL NUOVO SERVIZIO VALPE_UNIONE MONTANA<\/h3>\n<\/blockquote>\n<p><strong>AGORDO<\/strong> Attivato nei comuni dell&#8217;Unione montana agordina il servizio sperimentale &#8220;Isola ecologica&#8221; per la raccolta dei rifiuti, possono accedere i proprietari di seconda casa e i turisti in affitto, l&#8217;isola ecologica consente a chi soggiorna per una vacanza di smaltire correttamente i rifiuti differenziati prima di tornare a casa. La sperimentazione\u00a0 sar\u00e0 in vigore\u00a0 fino al 31 ottobre e, se questo nuovo servizio si dimostrer\u00e0 efficace, verr\u00e0 proposto anche in altri periodi dell&#8217;anno. Info sul sito di Valpe Ambiente .<\/p>\n<p>&nbsp;<\/p>\n<hr \/>\n<blockquote>\n<h3>IN UNA SETTIMANA 488 NUOVI CASI DI POSITIVITA&#8217;, IN VENETO SOLO IERI + 105. UN DECESSO E 35 SOGGETTI NEGATIVIZZATI. A BELLUNO 2 POSITIVI IN PI\u00d9 E 3 NEGATIVIZZATI<\/h3>\n<\/blockquote>\n<p>di Mirko Mezzacasa<\/p>\n<p>Il Veneto \u00e8 la Regione in Italia dove si conta il maggior numero di nuovi contagi, il doppio rispetto alla Lombardia e alla Sicilia. L&#8217;indice Rt sale e per ora di ferma a 1,2, superiore al limite di 1, quello da non oltrepassare. Ieri 105 nuovi contagi, 28 in pi\u00f9 a Venezia, 23 a Treviso,\u00a0 22 a Verona. Un nuovo decesso nel vicentino che porta il totale a 2095. Aumentano le persone in isolamento, ieri 5900 nelle 24 ore 101 in pi\u00f9 e 124 presentano sintomi. Sono 33 i pazienti in ospedale, 7 in terapia intensiva tra cui una donna di 30 anni. Nel bellunese altri tre contagi, uno arrivato da Madrid, due dal Kosovo, negativizzata l&#8217;anziana ospite di casa Kolbe. Dal 21 febbraio sono stati effettuati 68mila tamponi. La Regione ieri ha emesso la nuova ordinanza per il controllo dei rientri dall&#8217;estero, chi ritorna da Spagna, Croazia, Malta, Grecia dovr\u00e0 sottoporsi entro le 48 ore ad un tampone obbligatorio e in caso di positivit\u00e0 scatta la quarantena, previste sanzioni di 1000 euro per chi si &#8220;dimentica&#8221; di informare del rientro il medico di base o l&#8217;Ulss entro le 24 ore, il test va fatto entro 48 ore dalla comunicazione e fino all&#8217;esito la persona non puo&#8217; uscire dall&#8217;isolamento. Sar\u00e0 sanzionato con 1000 euro anche il datore di lavoro che ammetta il soggetto senza averne prima accertato che si sia sottoposto al test con esito negativo. Per ora il Veneto non chiude le discoteche come in Calabria, ma invita alla prudenza. Nello sport e negli spettacoli vale sempre la regola del droplet, in Arena spettacoli con posti a scacchiera. I tifosi del calcio potranno seguire le squadre nei ritiri di preparazione ad esempio\u00a0 la Lazio ad Auronzo. Per il campionato vale la direttiva del Ministro Speranza: 1000 persone allo stadio.<\/p>\n<p><strong>I NUMERI\u00a0 IN VENETO:<\/strong>\u00a0TOTALE POSITIVI\u00a0 20939 (+105)\u00a0 ATTUALMENTE POSITIVI 1422 (+69)\u00a0 DECESSI\u00a0 2095 \u00a0(+1) NEGATIVIZZATI\u00a0 17422 (+35) RICOVERATI\u00a0 116 (-2 \u201333 POSITIVI 83 \u00a0NEGATIVIZZATI), NEGLI OSPEDALI DI COMUNITA\u2019 RICOVERATI 16 (0 \u2013 6 POSITIVI,\u00a0 10 NEGATIVIZZATI), IN TERAPIA INTENSIVA 7 (+1 \u2013 6 POSITIVI, \u00a01 NEGATIVIZZATI). DIMESSI 3786 (+8) NEGLI OSPEDALI AREA NON CRITICA 330 (0) \u00a0<strong>I NUMERI IN PROVINCIA:<\/strong>\u00a0TOTALE CONTAGI 1217 (+2) , ATTUALMENTE POSITIVI 13 (-1) , DECEDUTI 113 (0), NEGATIVIZZATI 1091 \u00a0(+3) RICOVERATI IN OSPEDALE AL SAN MARTINO 0<\/p>\n<p>&nbsp;<\/p>\n<p>&nbsp;<\/p>\n<hr \/>\n<blockquote class=\"wp-embedded-content\" data-secret=\"1uyYMwDGtn\"><p><a href=\"https:\/\/www.radiopiu.net\/wordpress\/coronavirus-aggiornamento-nazionale-13-agosto\/\">CORONAVIRUS: AGGIORNAMENTO NAZIONALE 13 AGOSTO<\/a><\/p><\/blockquote>\n<p><iframe loading=\"lazy\" class=\"wp-embedded-content\" sandbox=\"allow-scripts\" security=\"restricted\" style=\"position: absolute; clip: rect(1px, 1px, 1px, 1px);\" title=\"&#8220;CORONAVIRUS: AGGIORNAMENTO NAZIONALE 13 AGOSTO&#8221; &#8212; Radio Pi\u00f9\" src=\"https:\/\/www.radiopiu.net\/wordpress\/coronavirus-aggiornamento-nazionale-13-agosto\/embed\/#?secret=1uyYMwDGtn\" data-secret=\"1uyYMwDGtn\" width=\"600\" height=\"338\" frameborder=\"0\" marginwidth=\"0\" marginheight=\"0\" scrolling=\"no\"><\/iframe><\/p>\n<p>&nbsp;<\/p>\n<hr \/>\n<p>&nbsp;<\/p>\n<p>&nbsp;<\/p>\n<blockquote class=\"wp-embedded-content\" data-secret=\"jBRaA0KDQ7\"><p><a href=\"https:\/\/www.radiopiu.net\/wordpress\/in-24-105-positivi-in-piu-nel-veneto-un-decesso-e-35-soggetti-negativizzati-a-belluno-2-positivi\/\">IN 24 ORE 105 POSITIVI IN PI\u00d9 NEL VENETO. UN DECESSO E 35 SOGGETTI NEGATIVIZZATI. A BELLUNO 2 POSITIVI IN PI\u00d9 E 3 NEGATIVIZZATI<\/a><\/p><\/blockquote>\n<p><iframe loading=\"lazy\" class=\"wp-embedded-content\" sandbox=\"allow-scripts\" security=\"restricted\" style=\"position: absolute; clip: rect(1px, 1px, 1px, 1px);\" title=\"&#8220;IN 24 ORE 105 POSITIVI IN PI\u00d9 NEL VENETO. UN DECESSO E 35 SOGGETTI NEGATIVIZZATI. A BELLUNO 2 POSITIVI IN PI\u00d9 E 3 NEGATIVIZZATI&#8221; &#8212; Radio Pi\u00f9\" src=\"https:\/\/www.radiopiu.net\/wordpress\/in-24-105-positivi-in-piu-nel-veneto-un-decesso-e-35-soggetti-negativizzati-a-belluno-2-positivi\/embed\/#?secret=jBRaA0KDQ7\" data-secret=\"jBRaA0KDQ7\" width=\"600\" height=\"338\" frameborder=\"0\" marginwidth=\"0\" marginheight=\"0\" scrolling=\"no\"><\/iframe><\/p>\n\n\t\t\t<style type='text\/css'>\n\t\t\t\t#gallery-2 {\n\t\t\t\t\tmargin: auto;\n\t\t\t\t}\n\t\t\t\t#gallery-2 .gallery-item {\n\t\t\t\t\tfloat: left;\n\t\t\t\t\tmargin-top: 10px;\n\t\t\t\t\ttext-align: center;\n\t\t\t\t\twidth: 50%;\n\t\t\t\t}\n\t\t\t\t#gallery-2 img {\n\t\t\t\t\tborder: 2px solid #cfcfcf;\n\t\t\t\t}\n\t\t\t\t#gallery-2 .gallery-caption {\n\t\t\t\t\tmargin-left: 0;\n\t\t\t\t}\n\t\t\t\t\/* see gallery_shortcode() in wp-includes\/media.php *\/\n\t\t\t<\/style>\n\t\t<div id='gallery-2' class='dt-gallery-container gallery galleryid-154947 gallery-columns-2 gallery-size-thumbnail'><dl class='gallery-item'>\n\t\t\t\t<dt class='gallery-icon landscape'>\n\t\t\t\t\t<a class=\"rollover rollover-zoom dt-pswp-item\" title=\"958df71b-e95c-4131-b032-bd47326577b5\" data-dt-img-description=\"\" data-large_image_width=\"480\" data-large_image_height=\"333\"href='https:\/\/www.radiopiu.net\/wordpress\/wp-content\/uploads\/2020\/08\/958df71b-e95c-4131-b032-bd47326577b5.jpg'><img loading=\"lazy\" decoding=\"async\" width=\"150\" height=\"150\" src=\"https:\/\/www.radiopiu.net\/wordpress\/wp-content\/uploads\/2020\/08\/958df71b-e95c-4131-b032-bd47326577b5-150x150.jpg\" class=\"attachment-thumbnail size-thumbnail\" alt=\"\" \/><\/a>\n\t\t\t\t<\/dt><\/dl><dl class='gallery-item'>\n\t\t\t\t<dt class='gallery-icon portrait'>\n\t\t\t\t\t<a class=\"rollover rollover-zoom dt-pswp-item\" title=\"f6920ed6-16c2-4b33-8e66-a809f64b1d45\" data-dt-img-description=\"\" data-large_image_width=\"556\" data-large_image_height=\"671\"href='https:\/\/www.radiopiu.net\/wordpress\/wp-content\/uploads\/2020\/08\/f6920ed6-16c2-4b33-8e66-a809f64b1d45.jpg'><img loading=\"lazy\" decoding=\"async\" width=\"150\" height=\"150\" src=\"https:\/\/www.radiopiu.net\/wordpress\/wp-content\/uploads\/2020\/08\/f6920ed6-16c2-4b33-8e66-a809f64b1d45-150x150.jpg\" class=\"attachment-thumbnail size-thumbnail\" alt=\"\" \/><\/a>\n\t\t\t\t<\/dt><\/dl><br style=\"clear: both\" \/>\n\t\t\t<\/div>\n\n<p>&nbsp;<\/p>\n<p>&nbsp;<\/p>\n<hr \/>\n<p>&nbsp;<\/p>\n<\/div>\n<blockquote>\n<h2>LEGGI LA CONFERENZA STAMPA DI LUCA ZAIA<\/h2>\n<\/blockquote>\n<p><em>I cittadini devono dare comunicazione di avvenuto ingresso in Veneto all&#8217;Ulss territoriale per essere sottoposti al test.Obbligo di test per chi rientra da Spagna, Grecia, Croazia, Malta (e quelli che arrivano da Paesi con obbligo di quarantena). Attendiamo il test della saliva che taglia la testa al toro permettendo l&#8217;auto diagnosi, se ne parla da mesi e ora arrivano i test da testare su questo ci sono gi\u00e0 esperienza positive in Corea. Il dottor Rigoli a Treviso sta testando la saliva e i primi risultati sono buoni.\u00a0<\/em><\/p>\n<p><strong>ORDINANZA DI OGGI FINO AL 6 SETTEMBRE<\/strong> \u00e8 riferita al periodo vacanziero, inquadra le categorie a rischio gi\u00e0 identificate.Controllo obbligatorio per le persone che arrivano dall&#8217;estero nei 14 giorni precedenti, sono soggette al tampone gratuiti, dovranno contattare la Ulss. CATEGORIE:\u00a0 1 Operatori a diretto contatto con ospiti strutture residenziale RSA che hanno transitato, soggiornato o si sono recati all&#8217;estero nei 14 giorni precedenti. 2 L&#8217;Oss che va all&#8217;estero quando rientra deve fare il tampone perch\u00e9 \u00e8 categoria a rischio particolare. 3 Operatori sanitari nelle strutture ospedaliere regionali ed extraospedaliere. Badanti che prestano assistenza domiciliare.\u00a0 4 Lavoratori stagionali settore agricolo. 5 Lavoratori all&#8217;estero per durate di oltre 120 ore. 6 persone che nei 14 giorni precedenti sono stati in Romani e Bulgaria. 7 gruppi target\u00a0 di comunit\u00e0\u00a0 particolari che rientrano dall&#8217;estero. 8 Soggetti sottoposti a quarantena dai paesi dove previsto. 9 Centri accoglienza straordinaria.\u00a0 <span style=\"color: #ff0000;\">SOGGETTI CON OBBLIGO DI TEST:<\/span> dai paesi europei dove non \u00e8 prevista la quarantena (Spagna. Croazia, Malta, Grecia) obbligo dei tamponi da richiedere nelle 24 ore dall&#8217;arrivo dando comunicazione alla Ulss di riferimento territoriale. SANZIONI 1000 EURO.<\/p>\n<p><strong>SCUOLA<\/strong> \u00a0bambini fino a 6 anni senza mascherina, operatori\u00a0 tutti con la mascherina,\u00a0 dai primi di settembre. Obbligo di misurazione della temperatura,, mappatura delle presenze per ricostruire i contatti in caso di contagio. Le condizioni di riapertura delle scuole saranno le stesse di un anno fa.<\/p>\n<p><strong>FERRAGOSTO<\/strong>\u00a0 Nessun provvedimento per spettacoli e discoteche. Ieri video conferenza\u00a0 si \u00e8 discusso dei luoghi di intrattenimento. C&#8217;\u00e8 attenzione e c&#8217;\u00e8 un DPCM da rispettare. Dietro l&#8217;angolo il tema dell&#8217;assembramento e invito i ragazzi a fare attenzione portando la mascherina. Un ferragosto mal gestito ci dar\u00e0 le conseguenze tra 15 giorni.<\/p>\n<p>&nbsp;<\/p>\n<p>https:\/\/www.facebook.com\/zaiaufficiale\/videos\/1292115267786651<\/p>\n<p>&nbsp;<\/p>\n<hr \/>\n<p>&nbsp;<\/p>\n<blockquote>\n<h3>CORONAVIRUS. I RIFERIMENTI ATTIVATI DALLE ULSS DEL VENETO PER I CITTADINI CHE RIENTRANO DALL\u2019ESTERO<\/h3>\n<\/blockquote>\n<p><strong>VENEZIA\u00a0<\/strong>In riferimento ai rientri ed agli ingressi da Spagna, Croazia, Repubblica di Malta e Grecia, l\u2019Assessorato regionale alla Sanit\u00e0 comunica:\u00a0Non ci sono restrizioni per coloro che dichiarano di essere stati sottoposti a tampone con esito negativo nelle 72 ore precedenti all\u2019ingresso.\u00a0Chi non si trova nella situazione precedente ha il dovere di segnalare il suo ingresso all\u2019Azienda Ulss di riferimento che provveder\u00e0 all\u2019esecuzione del tampone in 48 ore. Nel periodo di attesa dell\u2019esito dell\u2019esame \u00e8 tenuto a rimanere al proprio domicilio e mantenere comportamenti corretti e attenti.<\/p>\n<p>Di seguito \u00e8 riportato l\u2019elenco degli indirizzi email e dei numeri dedicati, per informazioni sul coronavirus al rientro dall\u2019estero, attivati dalle aziende sanitarie della Regione del Veneto.<\/p>\n<p><a class=\"dt-pswp-item\" href=\"https:\/\/www.radiopiu.net\/wordpress\/wp-content\/uploads\/2020\/08\/Schermata-2020-08-13-alle-16.22.32.png\" data-dt-img-description=\"\" data-large_image_width=\"1134\" data-large_image_height=\"602\"><img loading=\"lazy\" decoding=\"async\" class=\"alignnone wp-image-155117 size-large\" src=\"https:\/\/www.radiopiu.net\/wordpress\/wp-content\/uploads\/2020\/08\/Schermata-2020-08-13-alle-16.22.32-1024x544.png\" alt=\"\" width=\"1024\" height=\"544\" srcset=\"https:\/\/www.radiopiu.net\/wordpress\/wp-content\/uploads\/2020\/08\/Schermata-2020-08-13-alle-16.22.32-1024x544.png 1024w, https:\/\/www.radiopiu.net\/wordpress\/wp-content\/uploads\/2020\/08\/Schermata-2020-08-13-alle-16.22.32-300x159.png 300w, https:\/\/www.radiopiu.net\/wordpress\/wp-content\/uploads\/2020\/08\/Schermata-2020-08-13-alle-16.22.32-768x408.png 768w, https:\/\/www.radiopiu.net\/wordpress\/wp-content\/uploads\/2020\/08\/Schermata-2020-08-13-alle-16.22.32.png 1134w\" sizes=\"auto, (max-width: 1024px) 100vw, 1024px\" \/><\/a><\/p>\n<p>&nbsp;<\/p>\n<p>&nbsp;<\/p>\n<hr \/>\n<p>&nbsp;<\/p>\n<h3><span style=\"color: #ff0000;\">PROSEGUE LA VACCINAZIONE CONTRO LA TBE, FINORA SOMMINISTRATE 8500 DOSI IN MODALITA&#8217; DRIVE IN, A SETTEMBRE LA MACCHINA DELLA ULSS1 ARRIVA ANCHE NELL&#8217;AGORDINO. PER GLI AGORDINI A FINE ESTATE SARA&#8217; POSSIBILE VACCINARSI GRATUITAMENTE<\/span><\/h3>\n<blockquote>\n<h3>PUNTO STAMPA DEL DIRETTORE GENERALE ULSS 1 DOLOMITI ADRIANO RASI CALDOGNO<\/h3>\n<\/blockquote>\n<p><strong>BELLUNO\u00a0<\/strong><strong>LA SITUAZIONE : <\/strong>11 Positivi 225 in sorveglianza attiva in parte in isolamento- dal 21 febbraio effettuati 68mila tamponi, nelle scorse settimane notevole attenzione ai piccoli focolai che si sono verificati sul territorio. Situazioni prontamente gestite in maniera esauriente da parte del dipartimento di Prevenzione. Ad oggi ci sono ancora 2 positivi legati alla situazione relativa ad una badante rientrata da un paese extracomunitario 2 positivi residenti fuori provincia ma domiciliati nella parte alta del bellunese 2 turisti rientrati da Malta positivi inoltre 1 ospite di una casa di riposo che aveva gi\u00e0 avuto diversi tamponi tutti negativi, si \u00e8 positivizzata, ma \u00e8 una situazione ben gestita con l&#8217;isolamento e i protocolli. Gli altri piccoli focolai sono da considerare spenti<strong>.<\/strong><\/p>\n<p><strong>ORDINE DEL GIORNO: <\/strong>il tema dei rientri dall&#8217;estero. Queste sono le settimane clou per le vacanze, sono molti i bellunesi che hanno effettuato le vacanze all&#8217;estero e ritorneranno. Di ieri pomeriggio l&#8217;ordinanza del Ministro della Salute Speranza che prevede l&#8217;obbligo dei cittadini che rientrano da Spagna, Grecia, Croazia e Malta di sottoporsi alle misure di profilassi per governare eventuali casi di positivit\u00e0. Tutte le persone che rientrano dovranno eseguire il tampone o nel paese stesso (entro 72 ore) ed esibire il certificato oppure comunicare immediatamente al Dipartimento l&#8217;arrivo ed eseguire entro 48 ore il tampone presso l&#8217;azienda sanitaria territoriale. In base all&#8217;esito scatter\u00e0 la quartantena. I paesi: quelli Schengen non viene richiesta alcuna precauzione se non l&#8217;obbligo del tampone per gli altri Paesi (che impone la comunicaione alla Ulss) \u00e8 previsto un periodo di 2 settimane di quaratenza con sorveglianza attiva. Poi ci sono i paesi dai quali non \u00e8 possibile rientrare, alla lista si \u00e8 aggiunta la Colombia. Gli italiani possono rientrare con particolari misure di salvaguardia: comunicazione e quarantena. Tutti i particolari\u00a0 al dipartimento di prevenzione, telefono\u00a0 0437 514343 tutti i giorni.<\/p>\n<p><strong>RECUPERO PRESTAZIONI SOSPESE PER IL LOCKDOWN ancora 1700 prestanzione nei due distretti rispetto alle 12.000 di marzo.\u00a0<\/strong><\/p>\n<blockquote>\n<h2><span style=\"color: #000000;\">Nell&#8217;intervento di Caldogno: vaccini, nuove nomine di medici e primari. <\/span><\/h2>\n<\/blockquote>\n<p><span style=\"color: #ff0000;\"><strong><span style=\"color: #000000;\">VACCINI<\/span><\/strong>:vaccinazione TBE a seguito di morsi di zecche. Da marze oltre 8500 dosi di vaccinazione con l&#8217;innovativo strumento del Drive in presso le sedi di Belluno con giornate dedicate anche a Feltre e Tai di Cadore. A Breve inizio settembre analogo servizio anche nell&#8217;Agordino. Confidiamo &#8211; dice Caldogno &#8211; di esaudire la richiesta entro settembre.\u00a0 Vaccinazione gratuita per tutti i residenti della Ulss Dolomiti a condizioni agevolate per i residenti altrove.\u00a0 <strong><span style=\"color: #000000;\">NUOVE ASSUNZIONI<\/span><\/strong><span style=\"color: #000000;\">\u00a0<\/span><span style=\"color: #000000;\">avviato il potenziamento dell&#8217;organico anche nell&#8217;eventualit\u00e0 di un ritorno del virus nella stagione autunnale. Il 16 agosto e 1 settembre entrano in servizio di nuovi primari a Feltre e Belluno. <\/span><\/span><span style=\"color: #ff0000;\">Oggi inviati alla Gazzetta ufficiale i bandi per la selezione di numerosi altri Primari per gli ospedali di Belluno, Pieve di Cadore e Agordo.<\/span><\/p>\n<p><span style=\"color: #ff0000;\"><br \/>\n<span style=\"color: #000000;\">Conclusioni con le consuete raccomandazioni finali.<\/span><\/span><\/p>\n<p>https:\/\/www.facebook.com\/RasiCaldognoUlssDolomiti\/videos\/2749711598641957<\/p>\n<p>&nbsp;<\/p>\n<p>&nbsp;<\/p>\n<hr \/>\n<p>&nbsp;<\/p>\n<blockquote>\n<h3>RIENTRI DA CROAZIA, GRECIA, MALTA O SPAGNA: COSA FARE<\/h3>\n<\/blockquote>\n<p><strong>BELLUNO\u00a0<\/strong>L\u2019Ordinanza del Ministero della Salute del 12 agosto 2020 prevede che,<span class=\"Apple-converted-space\">\u00a0<\/span>ai fini del contenimento della diffusione del virus COVID-19, alle persone che intendono fare ingresso nel territorio nazionale e che nei quattordici giorni antecedenti hanno soggiornato o transitato in <b>Croazia, Grecia, Malta o Spagna<\/b>, ferme restando le disposizioni di cui al decreto del Presidente del Consiglio dei ministri 7 agosto 2020, si applicano le seguenti misure preventive <b>alternative:<\/b><\/p>\n<ol>\n<li>obbligo di presentazione al vettore all\u2019atto dell\u2019imbarco e a chiunque sia deputato ad effettuare i controlli dell\u2019attestazione di essersi sottoposte, nelle 72 ore antecedenti all\u2019ingresso nel territorio nazionale, ad un test molecolare o antigenico, effettuato per mezzo di tampone e risultato negativo;<\/li>\n<li>obbligo di sottoporsi ad un test molecolare o antigenico, da effettuarsi per mezzo di tampone, al momento dell\u2019arrivo in aeroporto, porto o luogo di confine, ove possibile,ovvero entro 48 ore dall\u2019ingresso nel territorio nazionale presso l\u2019azienda sanitaria locale di riferimento; in attesa di sottoporsi al test presso l\u2019azienda sanitaria locale di riferimento le persone sono sottoposte all\u2019isolamento fiduciario presso la propria abitazione o dimora.<\/li>\n<\/ol>\n<p>Queste persone, anche se asintomatiche, sono obbligate a comunicare immediatamente il proprio ingresso nel territorio nazionale al Dipartimento di prevenzione dell\u2019azienda sanitaria competente per territorio.\u00a0In caso di insorgenza di sintomi COVID-19, resta fermo l\u2019obbligo per chiunque di segnalare tale situazione con tempestivit\u00e0 all\u2019Autorit\u00e0 sanitaria per il tramite dei numeri telefonici appositamente dedicati e di sottoporsi, nelle more delle conseguenti determinazioni dell\u2019Autorit\u00e0 sanitaria, ad isolamento.\u00a0Per i residenti in Ulss Dolomiti i contatti dell\u2019unit\u00e0 di crisi COVID del Dipartimento di Prevenzione ai quali fare le dovute comunicazioni sono:<\/p>\n<ul>\n<li>telefono: 0437\/514343 attiva tutti i giorni dalle 8 alle 20<span class=\"Apple-converted-space\">\u00a0<\/span><\/li>\n<li>mail:<span class=\"Apple-converted-space\">\u00a0 <\/span><a href=\"mailto:covid_19@aulss1.veneto.it\">covid_19@aulss1.veneto.it<\/a><\/li>\n<\/ul>\n<p>indicando nome cognome, contatti telefonici, giorno e ora del presunto arrivo in Italia e mezzo utilizzato.\u00a0Inoltre, con la medesima ordinanza, \u00e8 stata aggiunta alla lista dei paesi dai quali non si pu\u00f2 fare ingresso in Italia la <b>Colombia<\/b>.<\/p>\n<p>&nbsp;<\/p>\n<p>&nbsp;<\/p>\n<hr \/>\n<p>&nbsp;<\/p>\n<blockquote>\n<h3>3 NUOVI SOGGETTI POSITIVI IN PROVINCIA. CHIUSO IL FOCOLAIO DELLA FAMIGLIA KOSSOVARA DI UN MESE FA<\/h3>\n<\/blockquote>\n<p><strong><a class=\"dt-pswp-item\" href=\"https:\/\/www.radiopiu.net\/wordpress\/wp-content\/uploads\/2020\/03\/covid-importante.jpg\" data-dt-img-description=\"\" data-large_image_width=\"800\" data-large_image_height=\"600\"><img loading=\"lazy\" decoding=\"async\" class=\"size-medium wp-image-121793 alignleft\" src=\"https:\/\/www.radiopiu.net\/wordpress\/wp-content\/uploads\/2020\/03\/covid-importante-300x225.jpg\" alt=\"\" width=\"300\" height=\"225\" srcset=\"https:\/\/www.radiopiu.net\/wordpress\/wp-content\/uploads\/2020\/03\/covid-importante-300x225.jpg 300w, https:\/\/www.radiopiu.net\/wordpress\/wp-content\/uploads\/2020\/03\/covid-importante-768x576.jpg 768w, https:\/\/www.radiopiu.net\/wordpress\/wp-content\/uploads\/2020\/03\/covid-importante.jpg 800w\" sizes=\"auto, (max-width: 300px) 100vw, 300px\" \/><\/a>BELLUNO\u00a0<\/strong>Gli elementi principali di queste ultime 24 ore di lavoro sono i seguenti:\u00a0si \u00e8 definitivamente chiuso il piccolo focolaio epidemico che ha interessato circa un mese fa una famiglia kossovara. Tutti i soggetti positivi sono guariti con doppia negativizzazione del tampone;\u00a0con doppia negativit\u00e0 al tampone si chiudono le azioni di sanit\u00e0 pubblica attivate a seguito dell\u2019inattesa ripositivizzazione di un\u2019anziana ospite di una casa di risposo del feltrino;\u00a0il laboratorio ha refertato nel primo pomeriggio di ieri tre nuove positivit\u00e0 afferenti a rientri dall\u2019estero:\u00a0una relativa ad un soggetto bellunese rientrato da Madrid;\u00a0due relative a persone kossovare rientrate dal loro Paese.\u00a0Questi tre soggetti erano gi\u00e0 in isolamento a seguito della segnalazione di rientro. A\u00a0seguito dell\u2019ordinanza del Ministro della Salute contenente provvedimenti per i rientri da quattro Paesi (Croazia, Spagna, Grecia e Malta), Paesi che, come noto, sono frequenti mete di turisti Italiani, stanno giungendo al Dipartimento di Prevenzione, fin dalla prima mattinata centinaia di telefonate e mail con richiesta di informazioni, provvedimenti contumaciali e prenotazione tamponi.<\/p>\n<p>&nbsp;<\/p>\n<p>&nbsp;<\/p>\n<hr \/>\n<p>&nbsp;<\/p>\n<blockquote>\n<h3>NEGATIVI TUTTI I TAMPONI COVID-19 A CASA KOLBE DI PEDAVENA<\/h3>\n<\/blockquote>\n<p><strong><a class=\"dt-pswp-item\" href=\"https:\/\/www.radiopiu.net\/wordpress\/wp-content\/uploads\/2020\/04\/casa-kolbe.jpg\" data-dt-img-description=\"\" data-large_image_width=\"2100\" data-large_image_height=\"945\"><img loading=\"lazy\" decoding=\"async\" class=\"size-medium wp-image-133687 alignleft\" src=\"https:\/\/www.radiopiu.net\/wordpress\/wp-content\/uploads\/2020\/04\/casa-kolbe-300x135.jpg\" alt=\"\" width=\"300\" height=\"135\" srcset=\"https:\/\/www.radiopiu.net\/wordpress\/wp-content\/uploads\/2020\/04\/casa-kolbe-300x135.jpg 300w, https:\/\/www.radiopiu.net\/wordpress\/wp-content\/uploads\/2020\/04\/casa-kolbe-1024x461.jpg 1024w, https:\/\/www.radiopiu.net\/wordpress\/wp-content\/uploads\/2020\/04\/casa-kolbe-768x346.jpg 768w, https:\/\/www.radiopiu.net\/wordpress\/wp-content\/uploads\/2020\/04\/casa-kolbe-1536x691.jpg 1536w, https:\/\/www.radiopiu.net\/wordpress\/wp-content\/uploads\/2020\/04\/casa-kolbe-2048x922.jpg 2048w\" sizes=\"auto, (max-width: 300px) 100vw, 300px\" \/><\/a>PEDAVENA\u00a0<\/strong>Tutti negativi i testati per il Covid-19 a Casa Kolbe, centro servizi per anziani di Pedavena.\u00a0E&#8217; risultato negativo a due successivi tamponi l&#8217;ospite che in precedenza aveva avuto un esame positivo facendo scattare i protocolli Covid-19 nella struttura. L&#8217;ospite e&#8217; rimasto in isolamento fino al completamento dei due tamponi. Ora pu\u00f2 riprendere la sua vita quotidiana normale.\u00a0Hanno dato esito negativo i tamponi fatti agli anziani che vivono nello stesso nucleo di Casa Kolbe dell&#8217;ospite in questione, cos\u00ec come quelli effettuati al personale che opera in quel nucleo.\u00a0Termina, dunque, gioved\u00ec 13, la momentanea fase di emergenza attivata marted\u00ec 11.\u00a0La situazione torna alla normalit\u00e0, ferma restando la costante massima vigilanza in Casa Kolbe, nel rispetto delle norme nazionali e regionali , dei protocolli interni e dei livelli di attenzione necessari a proteggere la salute di tutti.\u00a0Nei prossimi giorni riprenderanno anche le visite dei famigliari e dei cari ai propri anziani, interrotte allo scattare dei protocolli Covid-19.\u00a0Casa Kolbe ha gi\u00e0 informato della situazione i famigliari degli ospiti, con messaggio Whatsapp, e tutti gli interessati, attraverso la pagina Facebook della struttura, per chiarire e tranquillizzare, evitando l&#8217;insorgere di eventuali allarmismi.\u00a0Da Casa Kolbe un ringraziamento alla Ulss 1 per la collaborazione: la rapidit\u00e0 nella refertazione dei tamponi, \u00e8 elemento fondamentale nella lotta alla diffusione del Covid 19 in cui tutto il sistema sociosanitario \u00e8 impegnato.<\/p>\n<p>&nbsp;<\/p>\n<p>&nbsp;<\/p>\n<hr \/>\n<p>&nbsp;<\/p>\n<blockquote>\n<h3><b>ASILI NIDO E SCUOLE DELL\u2019INFANZIA. IL VENETO RIAPRE IN SICUREZZA I SERVIZI 0-6 ANNI DAL 1\u00b0 SETTEMBRE<\/b><\/h3>\n<\/blockquote>\n<p><strong><a class=\"dt-pswp-item\" href=\"https:\/\/www.radiopiu.net\/wordpress\/wp-content\/uploads\/2020\/08\/pastelli-colori.jpg\" data-dt-img-description=\"\" data-large_image_width=\"1920\" data-large_image_height=\"1280\"><img loading=\"lazy\" decoding=\"async\" class=\"size-medium wp-image-155130 alignleft\" src=\"https:\/\/www.radiopiu.net\/wordpress\/wp-content\/uploads\/2020\/08\/pastelli-colori-300x200.jpg\" alt=\"\" width=\"300\" height=\"200\" srcset=\"https:\/\/www.radiopiu.net\/wordpress\/wp-content\/uploads\/2020\/08\/pastelli-colori-300x200.jpg 300w, https:\/\/www.radiopiu.net\/wordpress\/wp-content\/uploads\/2020\/08\/pastelli-colori-1024x683.jpg 1024w, https:\/\/www.radiopiu.net\/wordpress\/wp-content\/uploads\/2020\/08\/pastelli-colori-768x512.jpg 768w, https:\/\/www.radiopiu.net\/wordpress\/wp-content\/uploads\/2020\/08\/pastelli-colori-1536x1024.jpg 1536w, https:\/\/www.radiopiu.net\/wordpress\/wp-content\/uploads\/2020\/08\/pastelli-colori.jpg 1920w\" sizes=\"auto, (max-width: 300px) 100vw, 300px\" \/><\/a>VENEZIA\u00a0<\/strong>L\u2019ordinanza firmata ieri dal Presidente della Regione del Veneto conferma la riapertura dei Servizi educativi, dedicati alla fascia dai 0 ai 6 anni, nel rispetto delle linee guida Nazionali recepite a livello regionale e dei principi di sicurezza e prevenzione a supporto delle famiglie.\u00a0L\u2019apertura dei servizi educativi per la prima infanzia e delle scuole dell\u2019infanzia \u00e8 fissata per il 1\u00b0 settembre 2020, come da calendario scolastico regionale approvato dalla Giunta veneta gi\u00e0 a fine luglio.\u00a0\u201c<em>L\u2019esperienza maturata a giugno con l\u2019apertura dei Centri Estivi ed il coinvolgimento del tavolo preposto &#8211; commenta l\u2019assessore regionale alla Sanit\u00e0 e alle Politiche Sociali -, composto da Anci, Fism, Assonidi, Cooperazione Sociale e Aninsei, ha contribuito al raggiungimento di questo importante obbiettivo finalizzato non solo a conciliare il tempo vita-lavoro, ma anche e soprattutto per tutelare il benessere dei minori in un\u2019ottica di ripresa del percorso educativo, di crescita e di socializzazione assieme ai coetanei<\/em>\u201d.\u00a0\u201c<em>Le scuole potranno, quindi, riaprire gi\u00e0 a partire da inizio settembre &#8211; continua l\u2019Assessore &#8211; con lo stesso rapporto educatore-bambini antecedente all\u2019epidemia sanitaria: per i nidi 1 educatore ogni 8 bambini sopra i 12 mesi, mentre il rapporto per le scuole dell\u2019infanzia rimane invariato 1 a 29. Questo per garantire la sostenibilit\u00e0 del servizio da parte dei gestori e assicurare l\u2019iscrizione al prossimo anno educativo a tutti i bambini<\/em>\u201d.\u00a0\u201c<em>La prima notizia, di grande rilevanza, \u00e8 che non \u00e8 previsto l\u2019utilizzo delle mascherine: i bambini non dovranno usarle &#8211; sottolinea l\u2019Assessore -. Gli educatori, invece, dovranno usare le protezioni per poter mantenere un contatto ravvicinato soprattutto con i pi\u00f9 piccoli. Obbligatoria, invece, sar\u00e0 la misurazione quotidiana della temperatura corporea a tutti i minori, al personale all\u2019ingresso, e a chiunque debba entrare nella struttura<\/em>\u201d.\u00a0Se le condizioni atmosferiche lo consentiranno l\u2019esperienza educativa potr\u00e0 svolgersi anche all\u2019aperto per mantenere i gruppi separati. Tutti gli spazi comunque disponibili (sezioni, antisezioni, saloni, atrii, laboratori, ecc.) potranno essere \u201criconvertiti\u201d in luoghi distinti e separati per accogliere stabilmente gruppi di relazione e gioco stabili e distinti, per evitare la promiscuit\u00e0 tra gruppi diversi. Questo per consentire un tracciamento pi\u00f9 veloce ed efficace in caso di positivit\u00e0 al Coronavirus.\u00a0Viene mantenuta la fascia oraria della pre-accoglienza ed il prolungamento dell\u2019orario del servizio per supportare i genitori lavoratori, cos\u00ec come il momento del pranzo e quello del riposo pomeridiano continueranno a scandire i tempi di permanenza all\u2019interno della struttura, con le stesse modalit\u00e0 del passato, ma con una attenzione maggiore verso l\u2019igienizzazione degli ambienti, delle superfici e dei materiali.\u00a0\u201c<em>Fondamentale sar\u00e0 la cooperazione e l\u2019alleanza tra enti gestori e famiglie &#8211; conclude l\u2019Assessore regionale -, chiamate a sottoscrivere un \u201cPatto di corresponsabilit\u00e0\u201d al fine di concordare, responsabilmente, modelli di comportamento che possano contenere il rischio di diffusione di COVID-1<\/em>9\u201d.\u00a0La gestione di casi sospetti o confermati di COVID-19, nel contesto dei servizi educativi per l\u2019infanzia, sar\u00e0 indicata nel documento redatto a cura dell\u2019Istituto Superiore di Sanit\u00e0 ed in fase di completamento.<\/p>\n<p>&nbsp;<\/p>\n<hr \/>\n<p>&nbsp;<\/p>\n<blockquote>\n<h2>Cortina 2021, D&#8217;Inc\u00e0: &#8220;Dal Governo una controgaranzia come sostegno alla Fisi&#8221;<\/h2>\n<\/blockquote>\n<p><strong><a class=\"dt-pswp-item\" href=\"https:\/\/www.radiopiu.net\/wordpress\/wp-content\/uploads\/2020\/04\/FEDERICO-DINCA.png\" data-dt-img-description=\"\" data-large_image_width=\"1018\" data-large_image_height=\"1290\"><img loading=\"lazy\" decoding=\"async\" class=\" wp-image-132319 alignleft\" src=\"https:\/\/www.radiopiu.net\/wordpress\/wp-content\/uploads\/2020\/04\/FEDERICO-DINCA-237x300.png\" alt=\"\" width=\"167\" height=\"211\" srcset=\"https:\/\/www.radiopiu.net\/wordpress\/wp-content\/uploads\/2020\/04\/FEDERICO-DINCA-237x300.png 237w, https:\/\/www.radiopiu.net\/wordpress\/wp-content\/uploads\/2020\/04\/FEDERICO-DINCA-808x1024.png 808w, https:\/\/www.radiopiu.net\/wordpress\/wp-content\/uploads\/2020\/04\/FEDERICO-DINCA-768x973.png 768w, https:\/\/www.radiopiu.net\/wordpress\/wp-content\/uploads\/2020\/04\/FEDERICO-DINCA.png 1018w\" sizes=\"auto, (max-width: 167px) 100vw, 167px\" \/><\/a>ROMA<\/strong> <em>&#8220;Con il Decreto Agosto approvato venerd\u00ec dal Consiglio dei Ministri, c&#8217;\u00e8 un&#8217;importante novit\u00e0 per quanto riguarda il prossimo Campionato Mondiale di Sci del 2021 che si terr\u00e0 a Cortina: il Governo ha infatti deciso di concedere una contro garanzia alla Fisi, la Federazione italiana sport invernali, in caso di annullamento dell&#8217;evento provocato dal Covid-19&#8221;. <\/em>A darne notizia \u00e8 il Ministro per i Rapporti con il Parlamento, Federico D\u2019Inc\u00e0, all&#8217;indomani dell&#8217;approvazione del DL Agosto che, tra le varie misure per il Paese, prevede anche un intevento per il Mondiale di Sci del 2021 di Cortina. <em>&#8220;La Fisi &#8211; prosegue D&#8217;Inc\u00e0 &#8211; ha infatti prestato garanzia in favore della Fondazione Cortina 2021 che \u00e8 la responsabile dell\u2019organizzazione dell\u2019evento, in relazione al finanziamento erogato alla stessa Fondazione dall\u2019Istituto per il Credito Sportivo. Con la norma approvata, qualora i Mondiali dovessero essere cancellati per future emergenze legate al Coronavirus, la Fisi potr\u00e0 chiedere, una controgaranzia dello Stato che ha accantonato 1,4 milioni di euro a fronte dei 14 massimi previsti dalla garanzia. In questo modo lo Stato contribuisce a sostenere la Federazione e, di conseguenza, anche la Fondazione qualora fosse danneggiata dai mancati introiti del Mondiale&#8221;. <\/em>La Fisi dovr\u00e0 predisporre, ogni anno e alla conclusione delle attivit\u00e0 organizzative dei Mondiali, una relazione sulle attivit\u00e0 svolte dal comitato organizzatore denominato e una precisa rendicontazione dei costi per l\u2019organizzazione dell\u2019evento che sar\u00e0 inviata al Dipartimento dello Sport della Presidenza del Consiglio dei Ministri.<\/p>\n<p>&nbsp;<\/p>\n<p>&nbsp;<\/p>\n<hr \/>\n<p>&nbsp;<\/p>\n<blockquote>\n<h3>ALLEGHE IL COMUNE RICONOSCE LA FEDELTA&#8217; TURISTICA<\/h3>\n<\/blockquote>\n<p><strong><a class=\"dt-pswp-item\" href=\"https:\/\/www.radiopiu.net\/wordpress\/wp-content\/uploads\/2019\/09\/alleghe-1.jpg\" data-dt-img-description=\"\" data-large_image_width=\"1600\" data-large_image_height=\"1276\"><img loading=\"lazy\" decoding=\"async\" class=\" wp-image-98735 alignleft\" src=\"https:\/\/www.radiopiu.net\/wordpress\/wp-content\/uploads\/2019\/09\/alleghe-1-300x239.jpg\" alt=\"\" width=\"162\" height=\"129\" srcset=\"https:\/\/www.radiopiu.net\/wordpress\/wp-content\/uploads\/2019\/09\/alleghe-1-300x239.jpg 300w, https:\/\/www.radiopiu.net\/wordpress\/wp-content\/uploads\/2019\/09\/alleghe-1-768x612.jpg 768w, https:\/\/www.radiopiu.net\/wordpress\/wp-content\/uploads\/2019\/09\/alleghe-1-1024x817.jpg 1024w, https:\/\/www.radiopiu.net\/wordpress\/wp-content\/uploads\/2019\/09\/alleghe-1.jpg 1600w\" sizes=\"auto, (max-width: 162px) 100vw, 162px\" \/><\/a>ALLEGHE<\/strong> Il turista che dimostra attaccamento ad una localit\u00e0 turistica il premio lo merita, soprattutto se ad Alleghe in riva al lago ci viene da 50 anni. L&#8217;amministrazione comunale al turista affezionato al Civetta porge un ringraziamento, e grata per la fedelt\u00e0 lo premia. Accadr\u00e0 questa sera alle 17 nella sala consiliare di Alleghe con la consegna del riconoscimeneto ai coniungi Bianchini di Trecenta, Rovigo alloggiata all&#8217;Hotel Valgranda e da mezzo secolo fedeli al paese rivierasco<\/p>\n<p>&nbsp;<\/p>\n<p>&nbsp;<\/p>\n<hr \/>\n<p>&nbsp;<\/p>\n<blockquote>\n<h3>UNCEM CON POSTE PER RAFFORZARE I SERVIZI: IMPEGNO CON AZIENDA PER RIAPERTURE A TEMPO PIENO E L&#8217;ATTUAZIONE DEL &#8220;PATTO DELLA NUVOLA&#8221; NEI TERRITORI MONTANI<\/h3>\n<\/blockquote>\n<p><strong><a class=\"dt-pswp-item\" href=\"https:\/\/www.radiopiu.net\/wordpress\/wp-content\/uploads\/2020\/04\/UNCEM.jpg\" data-dt-img-description=\"\" data-large_image_width=\"500\" data-large_image_height=\"500\"><img loading=\"lazy\" decoding=\"async\" class=\"size-medium wp-image-133399 alignleft\" src=\"https:\/\/www.radiopiu.net\/wordpress\/wp-content\/uploads\/2020\/04\/UNCEM-300x300.jpg\" alt=\"\" width=\"300\" height=\"300\" srcset=\"https:\/\/www.radiopiu.net\/wordpress\/wp-content\/uploads\/2020\/04\/UNCEM-300x300.jpg 300w, https:\/\/www.radiopiu.net\/wordpress\/wp-content\/uploads\/2020\/04\/UNCEM-150x150.jpg 150w, https:\/\/www.radiopiu.net\/wordpress\/wp-content\/uploads\/2020\/04\/UNCEM.jpg 500w\" sizes=\"auto, (max-width: 300px) 100vw, 300px\" \/><\/a>ROMA<\/strong> Uncem \u00e8 impegnata con Poste per riportare tutti gli uffici postali nei Comuni montani a orario pieno, come prima del covid e del lockdown. Molti Sindaci hanno scritto all&#8217;Azienda e all&#8217;Associazione di Enti locali chiedendo il ripristino degli orari. &#8220;<em>Stiamo verificando le situazioni, chiedendo a Poste di intervenire &#8211; spiega Marco Bussone, Presidente Uncem nazionale &#8211; Abbiamo chiesto di riaprire al pi\u00f9 presto a tempo pieno gli uffici dove gli orari sono stati dimezzati. E abbiamo chiesto anche di\u00a0riavviare le installazioni di Postamat, locker, cassette postali smart, wifi negli uffici, al fine di dare efficaci servizi alle comunit\u00e0 dei piccoli Comuni, come sancito dalla legge 158 del 2017 e come stabilito nel &#8216;Patto della Nuvola&#8217;, nelle due edizioni di Sindaci d&#8217;Italia a Roma. Ringrazio l&#8217;Ad Del Fante, la Presidente Farina e il Direttore Lasco per l&#8217;ascolto delle nostre istanze. Stiamo lavorando insieme per rafforzare le opportunit\u00e0 sui territori e per superare le sperequazioni che anche il covid non ha aiutato a vincere. Il &#8216;modello Poste&#8217;, come detto a Roccaraso agli Stati generali della montagna, \u00e8 un\u00a0modello di azione anche per le altre imprese dello Stato e che comunque operano sui territori. Mi riferisco ad Anas, Tim, Rfi ad esempio, a tutte le Telco. Queste ultime seguano quanto fatto con Poste Italiane nello stringere un nuovo legame con i territori. Uncem \u00e8 a disposizione per questo inderogabile patto<\/em>&#8220;.<\/p>\n<p>&nbsp;<\/p>\n<p>&nbsp;<\/p>\n<hr \/>\n<p>&nbsp;<\/p>\n<blockquote>\n<h3>ANGURIE A 1 CENT PER FERRAGOSTO AL DISCOUNT. DE CARLO: \u201cAGRICOLTORI UMILIATI\u201d<\/h3>\n<\/blockquote>\n<h3><span style=\"font-size: 14px; font-weight: normal;\"><strong><a class=\"dt-pswp-item\" href=\"https:\/\/www.radiopiu.net\/wordpress\/wp-content\/uploads\/2020\/08\/ANGURIA.jpg\" data-dt-img-description=\"\" data-large_image_width=\"1920\" data-large_image_height=\"1280\"><img loading=\"lazy\" decoding=\"async\" class=\"size-medium wp-image-155096 alignleft\" src=\"https:\/\/www.radiopiu.net\/wordpress\/wp-content\/uploads\/2020\/08\/ANGURIA-300x200.jpg\" alt=\"\" width=\"300\" height=\"200\" srcset=\"https:\/\/www.radiopiu.net\/wordpress\/wp-content\/uploads\/2020\/08\/ANGURIA-300x200.jpg 300w, https:\/\/www.radiopiu.net\/wordpress\/wp-content\/uploads\/2020\/08\/ANGURIA-1024x683.jpg 1024w, https:\/\/www.radiopiu.net\/wordpress\/wp-content\/uploads\/2020\/08\/ANGURIA-768x512.jpg 768w, https:\/\/www.radiopiu.net\/wordpress\/wp-content\/uploads\/2020\/08\/ANGURIA-1536x1024.jpg 1536w, https:\/\/www.radiopiu.net\/wordpress\/wp-content\/uploads\/2020\/08\/ANGURIA.jpg 1920w\" sizes=\"auto, (max-width: 300px) 100vw, 300px\" \/><\/a>VENEZIA\u00a0<\/strong>\u201c<\/span><em style=\"font-size: 14px; font-weight: normal;\">Per il picnic e la grigliata di Ferragosto, andate a comprare la frutta e la verdura nella bottega sotto casa: pagherete un prezzo equo per le fatiche di migliaia di lavoratori. Offerte come le angurie a 1 cent al chilo sono una vera umiliazione per il lavoro dei nostri agricoltori che si spaccano la schiena per darci prodotti che tutto il mondo ci invidia<\/em><span style=\"font-size: 14px; font-weight: normal;\">\u201d: Luca De Carlo, coordinatore veneto e responsabile nazionale del dipartimento agricoltura di Fratelli d\u2019Italia, si schiera al fianco del mondo agricolo contro la promozione di un noto discount che per la vigilia di Ferragosto mette in vendita angurie a un centesimo al chilo.\u00a0<\/span><span style=\"font-size: 14px; font-weight: normal;\">\u201c<\/span><em style=\"font-size: 14px; font-weight: normal;\">La promozioni della grande distribuzione mettono sempre in grandi difficolt\u00e0 i produttori, ma credo che con questa si sia passato il segno\u201d, continua De Carlo. \u201cLoro assicurano di aver pagato un giusto prezzo agli agricoltori &#8211; 20\/25 centesimi al chilo -, ma quel prezzo \u00e8 inferiore di 1\/3 rispetto al reale valore, almeno 31 cent\/kg. In un momento in cui il mondo agricolo \u00e8 in sofferenza per il meteo e per i provvedimenti post Covid, promozioni del genere umiliano e sviliscono il lavoro dei nostri agricoltori. Dietro il prezzo di vendita, c\u2019\u00e8 il lavoro e la dignit\u00e0 di persone che lavorano duramente per produrre le eccellenze agroalimentari del Made in Italy e penso sia intollerabile fare affari sulla loro pelle<\/em><span style=\"font-size: 14px; font-weight: normal;\">\u201d.<\/span><\/h3>\n<p>&nbsp;<\/p>\n<p>&nbsp;<\/p>\n<hr \/>\n<p>&nbsp;<\/p>\n<blockquote>\n<h3>CADORE NELLE VECCHIE CARTOLINE STAVOLTA LA TAPPA E\u2019AD AURONZO di Renato Bona<\/h3>\n<\/blockquote>\n<p><strong><a class=\"dt-pswp-item\" href=\"https:\/\/www.radiopiu.net\/wordpress\/wp-content\/uploads\/2019\/08\/553085_385905871470280_1626001170_n.jpg\" data-dt-img-description=\"\" data-large_image_width=\"855\" data-large_image_height=\"569\"><img loading=\"lazy\" decoding=\"async\" class=\"wp-image-94070 alignleft\" src=\"https:\/\/www.radiopiu.net\/wordpress\/wp-content\/uploads\/2019\/08\/553085_385905871470280_1626001170_n-300x200.jpg\" alt=\"\" width=\"155\" height=\"103\" \/><\/a>di\u00a0Renato\u00a0Bona\u00a0<\/strong><\/p>\n<p>Eccoci per una nuova puntata in Cadore, guidati dal libro degli storici Giovanni Fabbiani e Giuseppe Sorge \u201cBelluno e provincia nelle vecchie cartoline\u201d realizzato nel dicembre del 1975 ad iniziativa del Lions club di Belluno con Canova editore di Treviso e per i tipi delle officine grafiche Longo &amp; Zoppelli. Presentando la realt\u00e0 cadorina, Fabbiani-Sorge (autori della selezione di ben 157 vecchie cartoline) hanno fra l\u2019altro e giustamente messo in evidenza che \u201cil suo paesaggio \u00e8 bellissimo, specie in estate e in pieno inverno\u201d ricordando che \u201cOggi i paesi hanno in gran parte mutato in ampiezza e nel colore: le vecchie case cadorine con i tetti di legno, basse, volte a mezzod\u00ec per godere il pi\u00f9 possibile del sole, sono state sostituite da casa moderne, meno caratteristiche anche se certamente pi\u00f9 comode\u201d. Largo spazio hanno poi opportunamente dedicato al fatto che \u201cLa ricchezza del Cadore \u00e8 costituita dai boschi di abeti, larici, faggi che rivestono per i tre settimi l\u2019aerea della regione. Lo Stato possiede in Cadore il solo bosco di San Marco, tutti gli altri sono delle regole o dei comuni (in gran parte) e dei privati. Il legname degli abeti cadorini \u00e8 il migliore del mondo e in ogni tempo ha dato ai cadorini il maggior reddito. I comuni hanno nel legname il quasi unico cespite di entrata ed il reddito dei tagli annui era tale da limitare al minimo le tasse comunali e da permettere l\u2019esecuzione di tutte le opere pubbliche\u201d. Dunque un\u2019attivit\u00e0 essenziale, ieri e oggi, quella legata allo sfruttamento intelligente delle risorse boschive. Ma non si pu\u00f2 trascurare il fatto che, magari con un certo ritardo, ci si \u00e8 accorti e convinti che le bellezze naturali fatte di monti ed acque oltre che di boschi, andavano intelligentemente valorizzate e sfruttate. Ed \u00e8 stato il boom del turismo, propiziato, come testimoniano anche le immagini che proponiamo oggi, da iniziative e proposte intelligenti e tali da richiamare visitatori ed ospiti da ogni parte del mondo. Ed eccoci, con le fotografie di bravissimi professionisti del ramo ma non solo, ed i titoli e le didascalie opera dei due storici bellunesi, a dire proprio di acque e monti puntando l\u2019attenzione su \u201cAuronzo-L\u2019Ansiei\u201d con questa descrizione: \u201cLe case sono pi\u00f9 rade, l\u2019Ansiei scorre libero lungo la valle; nel 1933 sar\u00e0 arrestato a Santa Caterina per formare il lago e potenziare un impianto idroelettrico\u201d. Tocca quindi ad \u201cAuronzo-Antichi mulini\u201d con dicitura che recita: \u201cIl rio Ostera a Villapiccola di Auronzo nel 1919, quando metteva in moto i molini e, in alto, v\u2019erano ancora vecchie case di tipo cadorino\u201d. La terza immagine ha per titolo: \u201cAuronzo-Via Carducci\u201d e come dicitura, la seguente: \u201cE\u2019 la borgata Vigo di Auronzo: forse la pi\u00f9 abitata, la capitale al tempo dei romani; di quanto si vede \u00e8 rimasta solo la casa nuova a sinistra ove tuttora c\u2019\u00e8 la latteria \u2018prima nel Cadore\u2019 e ove si lavora il latte, In primo piano donne amiche che, a braccetto, vanno alla Messa a Santa Giuistina, vestite a festa\u201d. E ora \u201cIl lago di Misurina\u201d, cos\u00ec descritto: \u201cMisurina col suo lago e coll\u2019unico albergo ove dimor\u00f2 il Carducci nel 1892; le sponde sono libere, la maest\u00e0 delle Tre Cime di Lavaredo \u00e8 lo sfondo meraviglioso e immutabile. Sul Colle S. Angelo non \u00e8 ancora comparsa la villa dell\u2019on. Loero. Siamo nell\u2019anno 1893\u201d. Altra immagine del bacino con questo titolo: \u201cIl lago di Misurina e il monte Piana\u201d, accompagnato da quanto segue: \u201cE\u2019 l\u2019estremo nord del lago di Misurina; in fondo s\u2019erge arrotondato e colla cima pianeggiante il Monte Piana, con la strada costruita nel 1915. E\u2019 il monte che cost\u00f2 gravi sacrifici all\u2019esercito nostro e che vide numerosi atti d\u2019eroismo dai primi giorni di guerra agli ultimi d\u2019ottobre 1917\u201d. Carrellata conclusa con: \u201cMisurina \u2013 Il nuovo albergo sul lago\u201d cos\u00ec commentato da Fabbiani-Sorge: \u201c\u2018Gentilissima principessa, peregrinando fra il Cadore e il Tirolo austriaco non dimentico che siamo vicini alla Sant\u2019Anna e le invio i migliori auguri miei e di mio padre che m\u2019accompagna\u2019. Nella cartolina, che \u00e8 dell\u2019inizio del secolo, lo scorcio del lago di Misurina si \u00e8 arricchito di un\u2019imponente costruzione: un nuovo albergo. Ma, a parte la funzionalit\u00e0, la costruzione non piacque in quanto non si inseriva nel paesaggio. Anzi, secondo Luciano Zuccoli, impediva la visione del Sorap\u00ecs, compromettendo in definitiva il paesaggio stesso\u201d.<\/p>\n\n\t\t\t<style type='text\/css'>\n\t\t\t\t#gallery-3 {\n\t\t\t\t\tmargin: auto;\n\t\t\t\t}\n\t\t\t\t#gallery-3 .gallery-item {\n\t\t\t\t\tfloat: left;\n\t\t\t\t\tmargin-top: 10px;\n\t\t\t\t\ttext-align: center;\n\t\t\t\t\twidth: 33%;\n\t\t\t\t}\n\t\t\t\t#gallery-3 img {\n\t\t\t\t\tborder: 2px solid #cfcfcf;\n\t\t\t\t}\n\t\t\t\t#gallery-3 .gallery-caption {\n\t\t\t\t\tmargin-left: 0;\n\t\t\t\t}\n\t\t\t\t\/* see gallery_shortcode() in wp-includes\/media.php *\/\n\t\t\t<\/style>\n\t\t<div id='gallery-3' class='dt-gallery-container gallery galleryid-154947 gallery-columns-3 gallery-size-thumbnail'><dl class='gallery-item'>\n\t\t\t\t<dt class='gallery-icon landscape'>\n\t\t\t\t\t<a class=\"rollover rollover-zoom dt-pswp-item\" title=\"117836444_216598243111210_6706734741969616348_n\" data-dt-img-description=\"\" data-large_image_width=\"2560\" data-large_image_height=\"1382\"href='https:\/\/www.radiopiu.net\/wordpress\/wp-content\/uploads\/2020\/08\/117836444_216598243111210_6706734741969616348_n-scaled.jpg'><img loading=\"lazy\" decoding=\"async\" width=\"150\" height=\"150\" src=\"https:\/\/www.radiopiu.net\/wordpress\/wp-content\/uploads\/2020\/08\/117836444_216598243111210_6706734741969616348_n-150x150.jpg\" class=\"attachment-thumbnail size-thumbnail\" alt=\"\" \/><\/a>\n\t\t\t\t<\/dt><\/dl><dl class='gallery-item'>\n\t\t\t\t<dt class='gallery-icon portrait'>\n\t\t\t\t\t<a class=\"rollover rollover-zoom dt-pswp-item\" title=\"117543380_961194017730660_3314604611003375264_n\" data-dt-img-description=\"\" data-large_image_width=\"1717\" data-large_image_height=\"2560\"href='https:\/\/www.radiopiu.net\/wordpress\/wp-content\/uploads\/2020\/08\/117543380_961194017730660_3314604611003375264_n-scaled.jpg'><img loading=\"lazy\" decoding=\"async\" width=\"150\" height=\"150\" src=\"https:\/\/www.radiopiu.net\/wordpress\/wp-content\/uploads\/2020\/08\/117543380_961194017730660_3314604611003375264_n-150x150.jpg\" class=\"attachment-thumbnail size-thumbnail\" alt=\"\" \/><\/a>\n\t\t\t\t<\/dt><\/dl><dl class='gallery-item'>\n\t\t\t\t<dt class='gallery-icon landscape'>\n\t\t\t\t\t<a class=\"rollover rollover-zoom dt-pswp-item\" title=\"117591975_2617735298480350_5338760391476905946_n\" data-dt-img-description=\"\" data-large_image_width=\"2560\" data-large_image_height=\"1420\"href='https:\/\/www.radiopiu.net\/wordpress\/wp-content\/uploads\/2020\/08\/117591975_2617735298480350_5338760391476905946_n-scaled.jpg'><img loading=\"lazy\" decoding=\"async\" width=\"150\" height=\"150\" src=\"https:\/\/www.radiopiu.net\/wordpress\/wp-content\/uploads\/2020\/08\/117591975_2617735298480350_5338760391476905946_n-150x150.jpg\" class=\"attachment-thumbnail size-thumbnail\" alt=\"\" \/><\/a>\n\t\t\t\t<\/dt><\/dl><br style=\"clear: both\" \/><dl class='gallery-item'>\n\t\t\t\t<dt class='gallery-icon landscape'>\n\t\t\t\t\t<a class=\"rollover rollover-zoom dt-pswp-item\" title=\"117593854_1210885235965502_6483004267654891166_n\" data-dt-img-description=\"\" data-large_image_width=\"2560\" data-large_image_height=\"1549\"href='https:\/\/www.radiopiu.net\/wordpress\/wp-content\/uploads\/2020\/08\/117593854_1210885235965502_6483004267654891166_n-scaled.jpg'><img loading=\"lazy\" decoding=\"async\" width=\"150\" height=\"150\" src=\"https:\/\/www.radiopiu.net\/wordpress\/wp-content\/uploads\/2020\/08\/117593854_1210885235965502_6483004267654891166_n-150x150.jpg\" class=\"attachment-thumbnail size-thumbnail\" alt=\"\" \/><\/a>\n\t\t\t\t<\/dt><\/dl><dl class='gallery-item'>\n\t\t\t\t<dt class='gallery-icon landscape'>\n\t\t\t\t\t<a class=\"rollover rollover-zoom dt-pswp-item\" title=\"117722702_3131690736886007_882051657482991030_n\" data-dt-img-description=\"\" data-large_image_width=\"2560\" data-large_image_height=\"1632\"href='https:\/\/www.radiopiu.net\/wordpress\/wp-content\/uploads\/2020\/08\/117722702_3131690736886007_882051657482991030_n-scaled.jpg'><img loading=\"lazy\" decoding=\"async\" width=\"150\" height=\"150\" src=\"https:\/\/www.radiopiu.net\/wordpress\/wp-content\/uploads\/2020\/08\/117722702_3131690736886007_882051657482991030_n-150x150.jpg\" class=\"attachment-thumbnail size-thumbnail\" alt=\"\" \/><\/a>\n\t\t\t\t<\/dt><\/dl><dl class='gallery-item'>\n\t\t\t\t<dt class='gallery-icon landscape'>\n\t\t\t\t\t<a class=\"rollover rollover-zoom dt-pswp-item\" title=\"117764739_748251349343731_8393243316318825692_n\" data-dt-img-description=\"\" data-large_image_width=\"2560\" data-large_image_height=\"1920\"href='https:\/\/www.radiopiu.net\/wordpress\/wp-content\/uploads\/2020\/08\/117764739_748251349343731_8393243316318825692_n-scaled.jpg'><img loading=\"lazy\" decoding=\"async\" width=\"150\" height=\"150\" src=\"https:\/\/www.radiopiu.net\/wordpress\/wp-content\/uploads\/2020\/08\/117764739_748251349343731_8393243316318825692_n-150x150.jpg\" class=\"attachment-thumbnail size-thumbnail\" alt=\"\" \/><\/a>\n\t\t\t\t<\/dt><\/dl><br style=\"clear: both\" \/>\n\t\t\t<\/div>\n\n<p>&nbsp;<\/p>\n<hr \/>\n<p>&nbsp;<\/p>\n<p><a class=\"dt-pswp-item\" href=\"https:\/\/www.radiopiu.net\/wordpress\/wp-content\/uploads\/2018\/09\/appuntamenti.jpeg\" data-dt-img-description=\"\" data-large_image_width=\"800\" data-large_image_height=\"100\"><img loading=\"lazy\" decoding=\"async\" class=\"aligncenter wp-image-61958 size-full\" src=\"https:\/\/www.radiopiu.net\/wordpress\/wp-content\/uploads\/2018\/09\/appuntamenti.jpeg\" alt=\"\" width=\"800\" height=\"100\" srcset=\"https:\/\/www.radiopiu.net\/wordpress\/wp-content\/uploads\/2018\/09\/appuntamenti.jpeg 800w, https:\/\/www.radiopiu.net\/wordpress\/wp-content\/uploads\/2018\/09\/appuntamenti-300x38.jpeg 300w, https:\/\/www.radiopiu.net\/wordpress\/wp-content\/uploads\/2018\/09\/appuntamenti-768x96.jpeg 768w\" sizes=\"auto, (max-width: 800px) 100vw, 800px\" \/><\/a><\/p>\n<p>&nbsp;<\/p>\n<blockquote>\n<h3>CASTELLO DI ANDRAZ: FINO AL 13 SETTEMBRE &#8220;FUGACI PRESENZE NELLE DOLOMITI&#8221;, FOTOGRAFIE DI GIACOMO DE DONA&#8217;<\/h3>\n<\/blockquote>\n<p>&nbsp;<\/p>\n<hr \/>\n<h2><\/h2>\n<p><strong>MOSTRA MERCATO NELLE DOLOMITI AGORDINE PROSSIMI APPUNTAMENTI: domani a Caprile di Alleghe, domenica a Canale d&#8217;Agordo, mercoledi 19 a Cencenighe.<\/strong><\/p>\n<p>&nbsp;<\/p>\n<hr \/>\n<h3><\/h3>\n<blockquote>\n<h3><strong>AGORDO<\/strong> Sono esposti presso il Caff\u00e8 Miniere di Agordo i lavori di Savino Conedera. Una mostra che non ha una data precisa di fine e che sar\u00e0 visitabile durante l&#8217;apertura del locale.<\/h3>\n<\/blockquote>\n<p>&nbsp;<\/p>\n<hr \/>\n<p>&nbsp;<\/p>\n<blockquote>\n<h3>GIOVANNI PAOLO I: PERCH\u00c9 \u00c8 ATTUALE?<\/h3>\n<\/blockquote>\n<p><b>CANALE D&#8217;AGORDO<\/b> Domenica alle 21 nella Chiesa arcipretale di Canale d&#8217;Agordo, Andera Tornielli, direttore editoriale del Dicastero della Comunicazione della Santa Sede, parler\u00e0 dell&#8217;attualit\u00e0 di Papa Luciani. Serata dal titolo &#8220;Giovanni Paolo I:\u00a0perch\u00e9 \u00e8 attuale?&#8221;<\/p>\n<p>&nbsp;<\/p>\n<hr \/>\n<p>&nbsp;<\/p>\n<blockquote>\n<h3>I NOS CROT CON IL G.A.M.P.<\/h3>\n<\/blockquote>\n<p><strong><a class=\"dt-pswp-item\" href=\"https:\/\/www.radiopiu.net\/wordpress\/wp-content\/uploads\/2020\/08\/120853d3-1aa3-4da2-a0f7-a3793d5b0fd8.jpg\" data-dt-img-description=\"\" data-large_image_width=\"520\" data-large_image_height=\"382\"><img loading=\"lazy\" decoding=\"async\" class=\" wp-image-155087 alignleft\" src=\"https:\/\/www.radiopiu.net\/wordpress\/wp-content\/uploads\/2020\/08\/120853d3-1aa3-4da2-a0f7-a3793d5b0fd8-300x220.jpg\" alt=\"\" width=\"175\" height=\"128\" srcset=\"https:\/\/www.radiopiu.net\/wordpress\/wp-content\/uploads\/2020\/08\/120853d3-1aa3-4da2-a0f7-a3793d5b0fd8-300x220.jpg 300w, https:\/\/www.radiopiu.net\/wordpress\/wp-content\/uploads\/2020\/08\/120853d3-1aa3-4da2-a0f7-a3793d5b0fd8.jpg 520w\" sizes=\"auto, (max-width: 175px) 100vw, 175px\" \/><\/a>AGORDO<\/strong> I Nos Crot, \u00e8 l&#8217;iniziativa estiva del Gruppo Agordino Mineralogico e Paleontologico, ovvero escursioni geoturistiche nelle Dolomiti Agordine. Prossimi appuntamenti lunedi 17 agosto a Passo Duran e Rifugio Carestiato (al mattino) e venerdi 21 agosto alle miniere di Vallalta (pomeriggio). Iscrizioni all&#8217;ufficio turistico di Agordo. Oggi alle 10.30 e 19.00 lo speciale alla radio con Manuel Conedera e Davide Conedera<strong>.<\/strong><\/p>\n<p>&nbsp;<\/p>\n<p>&nbsp;<\/p>\n<hr \/>\n<p>&nbsp;<\/p>\n<blockquote>\n<h3>LA FESTA LADINA DI S\u00c1NTA MARIA MAIOU SI SPOSTA SULLA MONTAGNA DEL CHERZ<\/h3>\n<\/blockquote>\n<p><strong class=\"photoswipe-wrapper\"><a class=\"dt-pswp-item pspw-wrap-ready\" href=\"https:\/\/i2.wp.com\/www.radiopiu.net\/wordpress\/wp-content\/uploads\/2020\/08\/FESTA-SANTA-MARIA-MAIOU.jpg?ssl=1\" data-dt-img-description=\"\" data-large_image_width=\"620\" data-large_image_height=\"415\"><img loading=\"lazy\" decoding=\"async\" class=\"size-medium wp-image-154566 alignleft\" src=\"https:\/\/i2.wp.com\/www.radiopiu.net\/wordpress\/wp-content\/uploads\/2020\/08\/FESTA-SANTA-MARIA-MAIOU.jpg?resize=300%2C201&amp;ssl=1\" sizes=\"auto, (max-width: 300px) 100vw, 300px\" srcset=\"https:\/\/i2.wp.com\/www.radiopiu.net\/wordpress\/wp-content\/uploads\/2020\/08\/FESTA-SANTA-MARIA-MAIOU.jpg?resize=300%2C201&amp;ssl=1 300w, https:\/\/i2.wp.com\/www.radiopiu.net\/wordpress\/wp-content\/uploads\/2020\/08\/FESTA-SANTA-MARIA-MAIOU.jpg?w=620&amp;ssl=1 620w\" alt=\"\" width=\"300\" height=\"201\" data-recalc-dims=\"1\" \/><\/a>LIVINALLONGO\u00a0<\/strong>La festa ladina di S\u00e1nta Maria Maiou si sposta sulla montagna del Cherz e festeggia la 40\u00b0 edizione. Il 15 agosto, giorno dell\u2019Assunta. Alle 11:00 S. Messa in localit\u00e0 La Viza, accompagnata dal Coro Parrocchiale S.Giacomo, con la partecipazione delle donne e delle associazioni con i costumi tradizionali\u00a0 Sch\u00fctzen e Gruppo Folk e la benedizione dei fiori. Al termine la premiazione dei benemeriti di Fodom. Seguir\u00e0 l\u2019esibizione della Banda da Fodom. Si potranno assaggiare, come da tradizione, le specialit\u00e0 ladine: crafons e tircle. La latteria di Renaz sar\u00e0 presente con una dimostrazione degli antichi mestieri legati alla lavorazione del formaggio. E poi lo stand gastronomico con la Banda da Fodom. Per arrivare a La Viza, dal bivio sulla sr 48 delle Dolomiti, davanti alla latteria di Renaz, si svolta verso la frazione di Cherz e si prosegue in direzione dell\u2019omonima malga sulla strada silvo pastorale che per l\u2019occasione sar\u00e0 aperta al traffico. L\u2019organizzazione invita ad un uso responsabile dell\u2019auto e ad utilizzare, in alternativa, il servizio taxi gratuito, che partir\u00e0 dall\u2019area adiacente all\u2019ecocentro di Renaz dalle 10:00 in poi.<\/p>\n<p>&nbsp;<\/p>\n<p>&nbsp;<\/p>\n<hr \/>\n<p>&nbsp;<\/p>\n<blockquote>\n<h3>OTTAVIO ROSSI PROPHETA IN PATRIA<\/h3>\n<\/blockquote>\n<p><strong>SAN TOMASO<\/strong>\u00a0Per una volta smentiamo il vecchio adagio\u00a0<b>Nemo propheta in patria<\/b>\u00a0(nessuno \u00e8\u00a0<b>profeta in patria<\/b>), perch\u00e9 il bravo Ottavio esporr\u00e0 le sue opera nel suo Agordino, a San Tomaso, omaggio pi\u00f9 che meritato. \u201cEn giro per Zelat\u201d proporr\u00e0 riproduzioni artistiche tra le architetture di montagna. Le tappe con partenza ed arrivo a Celat: C\u00e8sa dei Rait, C\u00e8sa dei Mon\u00e9k, El Vaticano, Tabi\u00e0 dei Mar\u00f2te, Tabi\u00e0 dei Mon\u00e9k, Tabi\u00e0 dei Pan\u00e8le, Tabi\u00e0 dei St\u00e8fen, Tabi\u00e0 de la Gila, Tabi\u00e0 dei P\u00f9ce e C\u00e8sa de Martin Mas\u00e8la. Per chi ama camminare un po\u2019 di pi\u00f9 \u00e8 l\u2019occasione ideale per una visita a Dolomites rock Miniatures, ovvero le Dolomiti in miniatura scolpite nella roccia da artisti che hanno soggiornato sotto al Sasso Bianco tra uno spuntino alla Pizzeria Offline e una discesa con la Zip Line. Organizzazione della Pro Loco di San Tomaso con il contributo della Cassa Rurale Dolomiti di Fassa Primiero e Belluno.<\/p>\n<p>&nbsp;<\/p>\n<p>&nbsp;<\/p>\n<hr \/>\n<p>&nbsp;<\/p>\n<blockquote>\n<h3>PROMUOVERE I PRODOTTI DEL TERRITORIO CON IL MERCATINO<\/h3>\n<\/blockquote>\n<p class=\"photoswipe-wrapper\"><a class=\"dt-pswp-item pspw-wrap-ready\" href=\"https:\/\/i0.wp.com\/www.radiopiu.net\/wordpress\/wp-content\/uploads\/2019\/11\/foto-sedico.jpg?ssl=1\" data-dt-img-description=\"\" data-large_image_width=\"1600\" data-large_image_height=\"1200\"><img loading=\"lazy\" decoding=\"async\" class=\"wp-image-105261 alignleft\" src=\"https:\/\/i0.wp.com\/www.radiopiu.net\/wordpress\/wp-content\/uploads\/2019\/11\/foto-sedico.jpg?resize=137%2C103&amp;ssl=1\" sizes=\"auto, (max-width: 137px) 100vw, 137px\" srcset=\"https:\/\/i0.wp.com\/www.radiopiu.net\/wordpress\/wp-content\/uploads\/2019\/11\/foto-sedico.jpg?resize=300%2C225&amp;ssl=1 300w, https:\/\/i0.wp.com\/www.radiopiu.net\/wordpress\/wp-content\/uploads\/2019\/11\/foto-sedico.jpg?resize=768%2C576&amp;ssl=1 768w, https:\/\/i0.wp.com\/www.radiopiu.net\/wordpress\/wp-content\/uploads\/2019\/11\/foto-sedico.jpg?resize=1024%2C768&amp;ssl=1 1024w, https:\/\/i0.wp.com\/www.radiopiu.net\/wordpress\/wp-content\/uploads\/2019\/11\/foto-sedico.jpg?w=1600&amp;ssl=1 1600w\" alt=\"\" width=\"137\" height=\"103\" data-recalc-dims=\"1\" \/><\/a>\u00a0<strong>SEDICO<\/strong><\/p>\n<p><strong>di DAMIANO TORMEN\u00a0<\/strong><\/p>\n<audio class=\"wp-audio-shortcode\" id=\"audio-154947-4\" preload=\"none\" style=\"width: 100%;\" controls=\"controls\"><source type=\"audio\/mpeg\" src=\"https:\/\/www.radiopiu.net\/wordpress\/wp-content\/uploads\/2020\/08\/damiano-sedico.mp3?_=4\" \/><a href=\"https:\/\/www.radiopiu.net\/wordpress\/wp-content\/uploads\/2020\/08\/damiano-sedico.mp3\">https:\/\/www.radiopiu.net\/wordpress\/wp-content\/uploads\/2020\/08\/damiano-sedico.mp3<\/a><\/audio>\n<p>&nbsp;<\/p>\n<hr \/>\n<p>&nbsp;<\/p>\n<blockquote>\n<h3>DUE GIORNI CON IL CAI SEZIONE AGORDINA<\/h3>\n<\/blockquote>\n<p><strong>AGORDO<\/strong> Sabato 29 e domenica 30 agosto escursione nel gruppo del Canin sulla ferrata Julia che segna il confine tra Italia (Provincia di Udine) e Slovenia; gi\u00e0 visibile dalla pianura friulana fu anch&#8217;esso protagonista degli scontri tra gli eserciti italiani e austriaci durante la Grande Guerra.\u00a0 Si tratta di un grandissimo altipiano calcareo interessato dal fenomeno del carsismo che culmina con una lunga cresta che separa i due stati. Ambiente sicuramente straordinario con scorci inusuali, difficile da dimenticare,\u00a0 L&#8217;escursione prevede la salita alla vetta in territorio italiano lungo la storica &#8220;Ferrata Julia&#8221; ed il rientro per il versante sloveno.\u00a0 Escursione creata EEA \/ PD .\u00a0 Obbligatorio set da ferrata completo e omologato.<\/p>\n<p>&nbsp;<\/p>\n<p>&nbsp;<\/p>\n<hr \/>\n<p>&nbsp;<\/p>\n<blockquote>\n<h3>IL CIRCO PATUF PRONTO A CONQUISTARE FELTRE<\/h3>\n<\/blockquote>\n<p><strong>AGORDO<\/strong>\u00a0Un successo il circo Patuf sul Broi di Agordo, tanti pomeriggi e serata da tutto esaurito. Ora la carovana si sposta a Feltre dove proporr\u00e0 gli spettacoli nei giorni di ferragosto e fino al 23, quindi trasferimento a Cesiomaggiore. Gli spettacoli alle 21.15, la domenica anche alle 18.30<\/p>\n<p>&nbsp;<\/p>\n<p>&nbsp;<\/p>\n<hr \/>\n<p>&nbsp;<\/p>\n<blockquote>\n<h3>MOSTRA SAY CHEESE!<\/h3>\n<\/blockquote>\n<p><strong>BELLUNO\u00a0<\/strong>Il Museo di Seravella, a Cesiomaggiore, dedica la propria sala delle esposizioni alla mostra fotografica\u00a0<i>SAY CHEESE! Volti e voci di malga<\/i>, realizzata nell\u2019ambito del progetto scientifico\u00a0<i>Formaggi alpini \u2013 Le molecole del gusto<\/i>. La mostra racconta, attraverso le immagini e le parole dei suoi protagonisti, la vita dei malgari di oggi;\u00a0 La mostra, a ingresso gratuito, sar\u00e0 visitabile dall\u20198 agosto negli orari di apertura estiva del museo: da marted\u00ec a gioved\u00ec dalle 9 alle 13; venerd\u00ec dalle 9 alle 13 e dalle 15 alle 18; sabato e domenica dalle 15 alle 18.20.\u00a0\u00a0Per evitare code e assembramenti e consentire lo svolgimento delle pratiche anti-Covid \u00e8 consigliata la prenotazione allo 0439 438355 (o via mail all\u2019indirizzo\u00a0<a>museoseravella@provincia.belluno.it<\/a>).<\/p>\n<p>&nbsp;<\/p>\n<p>&nbsp;<\/p>\n<hr \/>\n<p>&nbsp;<\/p>\n<blockquote>\n<h3>CINEMA SOTTO LE STELLE A SEDICO, MA NON SOLO CINEMA.<\/h3>\n<\/blockquote>\n<p class=\"photoswipe-wrapper\"><strong>SEDICO<\/strong> Con la Proloco di Sedico, i mercoled\u00ec sera a Villa Patt di Sedico.\u00a0 Per chi lo desidera c\u2019\u00e8 la possibilit\u00e0 di prenotare i biglietti online, al proposito riportiamo i link della varie serate, ingresso 5 euro adulti, 2 euro bambini con chiosco, pop corn e patatine. <strong>19\/08\/2020 ROCKETMAN<\/strong>\u00a0Un timido pianista di provincia costruisce la propria carriera e il proprio personaggio fino a divenire una delle pi\u00f9 note stelle della musica internazionale. Lui \u00e8 Reginald Dwight ovvero Elton John\u00a0<a href=\"https:\/\/docs.google.com\/forms\/d\/e\/1FAIpQLSf32PztPJJRQslTRKR5qlhJRoHr-LQLsAXpTy6U6XSL_Ykf-A\/viewform\">CLICCA QUI<\/a><\/p>\n<p>&nbsp;<\/p>\n<hr \/>\n<blockquote>\n<h3><\/h3>\n<\/blockquote>\n<blockquote>\n<h3>EL CANAL DE AGORDO<\/h3>\n<\/blockquote>\n<p><strong>AGORDO<\/strong>\u00a0Scavare nel passato, storia ed archeologia da San Gottardo a Pont del Cristo. La mostra \u00e8 allestita al Museo mineralogico e paleontologico di via 5 maggio con ingresso libero. Fino al 6 settembre il venerdi, sabato e domenica dalle 10 alle 12.30 e dalle 16 alle 19. Info: archeoagordo.arca@gmail.com<\/p>\n<p>&nbsp;<\/p>\n<hr \/>\n<p>&nbsp;<\/p>\n<blockquote>\n<h2 class=\"tw-data-text tw-text-large XcVN5d tw-ta\" dir=\"ltr\" data-placeholder=\"Traduzione\"><span lang=\"en\">appointments recommended by radio pi\u00f9<\/span><\/h2>\n<\/blockquote>\n\n\t\t\t<style type='text\/css'>\n\t\t\t\t#gallery-4 {\n\t\t\t\t\tmargin: auto;\n\t\t\t\t}\n\t\t\t\t#gallery-4 .gallery-item {\n\t\t\t\t\tfloat: left;\n\t\t\t\t\tmargin-top: 10px;\n\t\t\t\t\ttext-align: center;\n\t\t\t\t\twidth: 14%;\n\t\t\t\t}\n\t\t\t\t#gallery-4 img {\n\t\t\t\t\tborder: 2px solid #cfcfcf;\n\t\t\t\t}\n\t\t\t\t#gallery-4 .gallery-caption {\n\t\t\t\t\tmargin-left: 0;\n\t\t\t\t}\n\t\t\t\t\/* see gallery_shortcode() in wp-includes\/media.php *\/\n\t\t\t<\/style>\n\t\t<div id='gallery-4' class='dt-gallery-container gallery galleryid-154947 gallery-columns-7 gallery-size-thumbnail'><dl class='gallery-item'>\n\t\t\t\t<dt class='gallery-icon portrait'>\n\t\t\t\t\t<a class=\"rollover rollover-zoom dt-pswp-item\" title=\"cce2de5d-0e50-4461-9ff7-ebbd7509ab70\" data-dt-img-description=\"\" data-large_image_width=\"1240\" data-large_image_height=\"1550\"href='https:\/\/www.radiopiu.net\/wordpress\/wp-content\/uploads\/2020\/08\/cce2de5d-0e50-4461-9ff7-ebbd7509ab70.jpg'><img loading=\"lazy\" decoding=\"async\" width=\"150\" height=\"150\" src=\"https:\/\/www.radiopiu.net\/wordpress\/wp-content\/uploads\/2020\/08\/cce2de5d-0e50-4461-9ff7-ebbd7509ab70-150x150.jpg\" class=\"attachment-thumbnail size-thumbnail\" alt=\"\" \/><\/a>\n\t\t\t\t<\/dt><\/dl><dl class='gallery-item'>\n\t\t\t\t<dt class='gallery-icon portrait'>\n\t\t\t\t\t<a class=\"rollover rollover-zoom dt-pswp-item\" title=\"2748ffeb-1a97-4edd-87da-2b5db1eb6670\" data-dt-img-description=\"\" data-large_image_width=\"1131\" data-large_image_height=\"1600\"href='https:\/\/www.radiopiu.net\/wordpress\/wp-content\/uploads\/2020\/08\/2748ffeb-1a97-4edd-87da-2b5db1eb6670-1.jpg'><img loading=\"lazy\" decoding=\"async\" width=\"150\" height=\"150\" src=\"https:\/\/www.radiopiu.net\/wordpress\/wp-content\/uploads\/2020\/08\/2748ffeb-1a97-4edd-87da-2b5db1eb6670-1-150x150.jpg\" class=\"attachment-thumbnail size-thumbnail\" alt=\"\" \/><\/a>\n\t\t\t\t<\/dt><\/dl><dl class='gallery-item'>\n\t\t\t\t<dt class='gallery-icon portrait'>\n\t\t\t\t\t<a class=\"rollover rollover-zoom dt-pswp-item\" title=\"yogaandraz\" data-dt-img-description=\"\" data-large_image_width=\"905\" data-large_image_height=\"1280\"href='https:\/\/www.radiopiu.net\/wordpress\/wp-content\/uploads\/2020\/07\/yogaandraz.jpg'><img loading=\"lazy\" decoding=\"async\" width=\"150\" height=\"150\" src=\"https:\/\/www.radiopiu.net\/wordpress\/wp-content\/uploads\/2020\/07\/yogaandraz-150x150.jpg\" class=\"attachment-thumbnail size-thumbnail\" alt=\"\" \/><\/a>\n\t\t\t\t<\/dt><\/dl><dl class='gallery-item'>\n\t\t\t\t<dt class='gallery-icon portrait'>\n\t\t\t\t\t<a class=\"rollover rollover-zoom dt-pswp-item\" title=\"RITROVARSI IN SINISTRA PIAVE locandina definitiva\" data-dt-img-description=\"\" data-large_image_width=\"1293\" data-large_image_height=\"2560\"href='https:\/\/www.radiopiu.net\/wordpress\/wp-content\/uploads\/2020\/07\/RITROVARSI-IN-SINISTRA-PIAVE-locandina-definitiva-scaled.jpg'><img loading=\"lazy\" decoding=\"async\" width=\"150\" height=\"150\" src=\"https:\/\/www.radiopiu.net\/wordpress\/wp-content\/uploads\/2020\/07\/RITROVARSI-IN-SINISTRA-PIAVE-locandina-definitiva-150x150.jpg\" class=\"attachment-thumbnail size-thumbnail\" alt=\"\" \/><\/a>\n\t\t\t\t<\/dt><\/dl><dl class='gallery-item'>\n\t\t\t\t<dt class='gallery-icon portrait'>\n\t\t\t\t\t<a class=\"rollover rollover-zoom dt-pswp-item\" title=\"82799889_285851282792527_7947034300049837793_n\" data-dt-img-description=\"\" data-large_image_width=\"678\" data-large_image_height=\"960\"href='https:\/\/www.radiopiu.net\/wordpress\/wp-content\/uploads\/2020\/07\/82799889_285851282792527_7947034300049837793_n.jpg'><img loading=\"lazy\" decoding=\"async\" width=\"150\" height=\"150\" src=\"https:\/\/www.radiopiu.net\/wordpress\/wp-content\/uploads\/2020\/07\/82799889_285851282792527_7947034300049837793_n-150x150.jpg\" class=\"attachment-thumbnail size-thumbnail\" alt=\"\" \/><\/a>\n\t\t\t\t<\/dt><\/dl><dl class='gallery-item'>\n\t\t\t\t<dt class='gallery-icon portrait'>\n\t\t\t\t\t<a class=\"rollover rollover-zoom dt-pswp-item\" title=\"fb0f2285-210f-4bba-8573-b8ff07a91fa8\" data-dt-img-description=\"\" data-large_image_width=\"726\" data-large_image_height=\"1024\"href='https:\/\/www.radiopiu.net\/wordpress\/wp-content\/uploads\/2020\/07\/fb0f2285-210f-4bba-8573-b8ff07a91fa8.jpg'><img loading=\"lazy\" decoding=\"async\" width=\"150\" height=\"150\" src=\"https:\/\/www.radiopiu.net\/wordpress\/wp-content\/uploads\/2020\/07\/fb0f2285-210f-4bba-8573-b8ff07a91fa8-150x150.jpg\" class=\"attachment-thumbnail size-thumbnail\" alt=\"\" \/><\/a>\n\t\t\t\t<\/dt><\/dl><dl class='gallery-item'>\n\t\t\t\t<dt class='gallery-icon portrait'>\n\t\t\t\t\t<a class=\"rollover rollover-zoom dt-pswp-item\" title=\"446199a0-ccb6-4daa-88f9-ee34f5a4944a\" data-dt-img-description=\"\" data-large_image_width=\"1080\" data-large_image_height=\"1350\"href='https:\/\/www.radiopiu.net\/wordpress\/wp-content\/uploads\/2020\/07\/446199a0-ccb6-4daa-88f9-ee34f5a4944a.jpg'><img loading=\"lazy\" decoding=\"async\" width=\"150\" height=\"150\" src=\"https:\/\/www.radiopiu.net\/wordpress\/wp-content\/uploads\/2020\/07\/446199a0-ccb6-4daa-88f9-ee34f5a4944a-150x150.jpg\" class=\"attachment-thumbnail size-thumbnail\" alt=\"\" \/><\/a>\n\t\t\t\t<\/dt><\/dl><br style=\"clear: both\" \/><dl class='gallery-item'>\n\t\t\t\t<dt class='gallery-icon portrait'>\n\t\t\t\t\t<a class=\"rollover rollover-zoom dt-pswp-item\" title=\"LOCANDINA MOSTRA ARCA 2019 Patrocinio\" data-dt-img-description=\"\" data-large_image_width=\"1810\" data-large_image_height=\"2560\"href='https:\/\/www.radiopiu.net\/wordpress\/wp-content\/uploads\/2020\/07\/LOCANDINA-MOSTRA-ARCA-2020-scaled.jpg'><img loading=\"lazy\" decoding=\"async\" width=\"150\" height=\"150\" src=\"https:\/\/www.radiopiu.net\/wordpress\/wp-content\/uploads\/2020\/07\/LOCANDINA-MOSTRA-ARCA-2020-150x150.jpg\" class=\"attachment-thumbnail size-thumbnail\" alt=\"\" \/><\/a>\n\t\t\t\t<\/dt><\/dl><dl class='gallery-item'>\n\t\t\t\t<dt class='gallery-icon portrait'>\n\t\t\t\t\t<a class=\"rollover rollover-zoom dt-pswp-item\" title=\"0995c87e-41e6-46f0-81e9-380485c41502\" data-dt-img-description=\"\" data-large_image_width=\"1447\" data-large_image_height=\"2048\"href='https:\/\/www.radiopiu.net\/wordpress\/wp-content\/uploads\/2020\/07\/0995c87e-41e6-46f0-81e9-380485c41502.jpg'><img loading=\"lazy\" decoding=\"async\" width=\"150\" height=\"150\" src=\"https:\/\/www.radiopiu.net\/wordpress\/wp-content\/uploads\/2020\/07\/0995c87e-41e6-46f0-81e9-380485c41502-150x150.jpg\" class=\"attachment-thumbnail size-thumbnail\" alt=\"\" \/><\/a>\n\t\t\t\t<\/dt><\/dl><dl class='gallery-item'>\n\t\t\t\t<dt class='gallery-icon portrait'>\n\t\t\t\t\t<a class=\"rollover rollover-zoom dt-pswp-item\" title=\"4dd872a2-f52d-4a12-9746-816401dfe394\" data-dt-img-description=\"\" data-large_image_width=\"1131\" data-large_image_height=\"1600\"href='https:\/\/www.radiopiu.net\/wordpress\/wp-content\/uploads\/2020\/07\/4dd872a2-f52d-4a12-9746-816401dfe394.jpg'><img loading=\"lazy\" decoding=\"async\" width=\"150\" height=\"150\" src=\"https:\/\/www.radiopiu.net\/wordpress\/wp-content\/uploads\/2020\/07\/4dd872a2-f52d-4a12-9746-816401dfe394-150x150.jpg\" class=\"attachment-thumbnail size-thumbnail\" alt=\"\" \/><\/a>\n\t\t\t\t<\/dt><\/dl><dl class='gallery-item'>\n\t\t\t\t<dt class='gallery-icon portrait'>\n\t\t\t\t\t<a class=\"rollover rollover-zoom dt-pswp-item\" title=\"ALLA SCOPERTA DI CANALE\" data-dt-img-description=\"\" data-large_image_width=\"620\" data-large_image_height=\"873\"href='https:\/\/www.radiopiu.net\/wordpress\/wp-content\/uploads\/2020\/07\/ALLA-SCOPERTA-DI-CANALE-.jpg'><img loading=\"lazy\" decoding=\"async\" width=\"150\" height=\"150\" src=\"https:\/\/www.radiopiu.net\/wordpress\/wp-content\/uploads\/2020\/07\/ALLA-SCOPERTA-DI-CANALE--150x150.jpg\" class=\"attachment-thumbnail size-thumbnail\" alt=\"\" \/><\/a>\n\t\t\t\t<\/dt><\/dl><dl class='gallery-item'>\n\t\t\t\t<dt class='gallery-icon portrait'>\n\t\t\t\t\t<a class=\"rollover rollover-zoom dt-pswp-item\" title=\"newsletter Week 4 Kids Summer\" data-dt-img-description=\"\" data-large_image_width=\"1280\" data-large_image_height=\"2560\"href='https:\/\/www.radiopiu.net\/wordpress\/wp-content\/uploads\/2020\/07\/newsletter-Week-4-Kids-Summer-scaled.jpg'><img loading=\"lazy\" decoding=\"async\" width=\"150\" height=\"150\" src=\"https:\/\/www.radiopiu.net\/wordpress\/wp-content\/uploads\/2020\/07\/newsletter-Week-4-Kids-Summer-150x150.jpg\" class=\"attachment-thumbnail size-thumbnail\" alt=\"\" \/><\/a>\n\t\t\t\t<\/dt><\/dl><dl class='gallery-item'>\n\t\t\t\t<dt class='gallery-icon landscape'>\n\t\t\t\t\t<a class=\"rollover rollover-zoom dt-pswp-item\" title=\"12f1d505-5668-42b8-8ad2-5336c07a910e\" data-dt-img-description=\"\" data-large_image_width=\"1352\" data-large_image_height=\"1040\"href='https:\/\/www.radiopiu.net\/wordpress\/wp-content\/uploads\/2020\/08\/12f1d505-5668-42b8-8ad2-5336c07a910e.jpg'><img loading=\"lazy\" decoding=\"async\" width=\"150\" height=\"150\" src=\"https:\/\/www.radiopiu.net\/wordpress\/wp-content\/uploads\/2020\/08\/12f1d505-5668-42b8-8ad2-5336c07a910e-150x150.jpg\" class=\"attachment-thumbnail size-thumbnail\" alt=\"\" \/><\/a>\n\t\t\t\t<\/dt><\/dl><dl class='gallery-item'>\n\t\t\t\t<dt class='gallery-icon portrait'>\n\t\t\t\t\t<a class=\"rollover rollover-zoom dt-pswp-item\" title=\"lettura BASSA\" data-dt-img-description=\"\" data-large_image_width=\"1240\" data-large_image_height=\"1754\"href='https:\/\/www.radiopiu.net\/wordpress\/wp-content\/uploads\/2020\/08\/lettura-BASSA.jpg'><img loading=\"lazy\" decoding=\"async\" width=\"150\" height=\"150\" src=\"https:\/\/www.radiopiu.net\/wordpress\/wp-content\/uploads\/2020\/08\/lettura-BASSA-150x150.jpg\" class=\"attachment-thumbnail size-thumbnail\" alt=\"\" \/><\/a>\n\t\t\t\t<\/dt><\/dl><br style=\"clear: both\" \/><dl class='gallery-item'>\n\t\t\t\t<dt class='gallery-icon portrait'>\n\t\t\t\t\t<a class=\"rollover rollover-zoom dt-pswp-item\" title=\"LOCANDINA_MOSTRA andraz\" data-dt-img-description=\"\" data-large_image_width=\"1753\" data-large_image_height=\"2480\"href='https:\/\/www.radiopiu.net\/wordpress\/wp-content\/uploads\/2020\/08\/LOCANDINA_MOSTRA-andraz.jpg'><img loading=\"lazy\" decoding=\"async\" width=\"150\" height=\"150\" src=\"https:\/\/www.radiopiu.net\/wordpress\/wp-content\/uploads\/2020\/08\/LOCANDINA_MOSTRA-andraz-150x150.jpg\" class=\"attachment-thumbnail size-thumbnail\" alt=\"\" \/><\/a>\n\t\t\t\t<\/dt><\/dl><dl class='gallery-item'>\n\t\t\t\t<dt class='gallery-icon portrait'>\n\t\t\t\t\t<a class=\"rollover rollover-zoom dt-pswp-item\" title=\"b91edf01-0080-4c00-97cc-7b476428c004\" data-dt-img-description=\"\" data-large_image_width=\"800\" data-large_image_height=\"1600\"href='https:\/\/www.radiopiu.net\/wordpress\/wp-content\/uploads\/2020\/08\/b91edf01-0080-4c00-97cc-7b476428c004.jpg'><img loading=\"lazy\" decoding=\"async\" width=\"150\" height=\"150\" src=\"https:\/\/www.radiopiu.net\/wordpress\/wp-content\/uploads\/2020\/08\/b91edf01-0080-4c00-97cc-7b476428c004-150x150.jpg\" class=\"attachment-thumbnail size-thumbnail\" alt=\"\" \/><\/a>\n\t\t\t\t<\/dt><\/dl><dl class='gallery-item'>\n\t\t\t\t<dt class='gallery-icon portrait'>\n\t\t\t\t\t<a class=\"rollover rollover-zoom dt-pswp-item\" title=\"Locandina presentazione libro longarone 14 agosto\" data-dt-img-description=\"\" data-large_image_width=\"1604\" data-large_image_height=\"2560\"href='https:\/\/www.radiopiu.net\/wordpress\/wp-content\/uploads\/2020\/08\/Locandina-presentazione-libro-longarone-14-agosto-scaled.jpg'><img loading=\"lazy\" decoding=\"async\" width=\"150\" height=\"150\" src=\"https:\/\/www.radiopiu.net\/wordpress\/wp-content\/uploads\/2020\/08\/Locandina-presentazione-libro-longarone-14-agosto-150x150.jpg\" class=\"attachment-thumbnail size-thumbnail\" alt=\"\" \/><\/a>\n\t\t\t\t<\/dt><\/dl><dl class='gallery-item'>\n\t\t\t\t<dt class='gallery-icon portrait'>\n\t\t\t\t\t<a class=\"rollover rollover-zoom dt-pswp-item\" title=\"4e4fdd52-fede-4957-a5dc-061367a3dbac\" data-dt-img-description=\"\" data-large_image_width=\"1151\" data-large_image_height=\"1600\"href='https:\/\/www.radiopiu.net\/wordpress\/wp-content\/uploads\/2020\/08\/4e4fdd52-fede-4957-a5dc-061367a3dbac.jpg'><img loading=\"lazy\" decoding=\"async\" width=\"150\" height=\"150\" src=\"https:\/\/www.radiopiu.net\/wordpress\/wp-content\/uploads\/2020\/08\/4e4fdd52-fede-4957-a5dc-061367a3dbac-150x150.jpg\" class=\"attachment-thumbnail size-thumbnail\" alt=\"\" \/><\/a>\n\t\t\t\t<\/dt><\/dl><dl class='gallery-item'>\n\t\t\t\t<dt class='gallery-icon portrait'>\n\t\t\t\t\t<a class=\"rollover rollover-zoom dt-pswp-item\" title=\"OTTAVIO ROSSI MOSTRA\" data-dt-img-description=\"\" data-large_image_width=\"1131\" data-large_image_height=\"1600\"href='https:\/\/www.radiopiu.net\/wordpress\/wp-content\/uploads\/2020\/08\/OTTAVIO-ROSSI-MOSTRA.jpg'><img loading=\"lazy\" decoding=\"async\" width=\"150\" height=\"150\" src=\"https:\/\/www.radiopiu.net\/wordpress\/wp-content\/uploads\/2020\/08\/OTTAVIO-ROSSI-MOSTRA-150x150.jpg\" class=\"attachment-thumbnail size-thumbnail\" alt=\"\" \/><\/a>\n\t\t\t\t<\/dt><\/dl><dl class='gallery-item'>\n\t\t\t\t<dt class='gallery-icon portrait'>\n\t\t\t\t\t<a class=\"rollover rollover-zoom dt-pswp-item\" title=\"GIOVANNI PAOLO I_ PERCH\u00c9 \u00e8 ATTUALE_\" data-dt-img-description=\"\" data-large_image_width=\"620\" data-large_image_height=\"873\"href='https:\/\/www.radiopiu.net\/wordpress\/wp-content\/uploads\/2020\/08\/GIOVANNI-PAOLO-I_-PERCH\u00c9-\u00e8-ATTUALE_.jpg'><img loading=\"lazy\" decoding=\"async\" width=\"150\" height=\"150\" src=\"https:\/\/www.radiopiu.net\/wordpress\/wp-content\/uploads\/2020\/08\/GIOVANNI-PAOLO-I_-PERCH\u00c9-\u00e8-ATTUALE_-150x150.jpg\" class=\"attachment-thumbnail size-thumbnail\" alt=\"\" \/><\/a>\n\t\t\t\t<\/dt><\/dl>\n\t\t\t\t<br style='clear: both' \/>\n\t\t\t<\/div>\n\n<p>&nbsp;<\/p>\n<hr \/>\n<p>&nbsp;<\/p>\n<h2>IERI ALLA RADIO<\/h2>\n<h2 class=\"photoswipe-wrapper\"><a class=\"dt-pswp-item\" href=\"https:\/\/www.radiopiu.net\/wordpress\/wp-content\/uploads\/2020\/08\/PESCE-E-PROSECCO.jpg\" data-dt-img-description=\"\" data-large_image_width=\"1280\" data-large_image_height=\"641\"><img loading=\"lazy\" decoding=\"async\" class=\"size-medium wp-image-154997 alignleft\" src=\"https:\/\/www.radiopiu.net\/wordpress\/wp-content\/uploads\/2020\/08\/PESCE-E-PROSECCO-300x150.jpg\" alt=\"\" width=\"300\" height=\"150\" srcset=\"https:\/\/www.radiopiu.net\/wordpress\/wp-content\/uploads\/2020\/08\/PESCE-E-PROSECCO-300x150.jpg 300w, https:\/\/www.radiopiu.net\/wordpress\/wp-content\/uploads\/2020\/08\/PESCE-E-PROSECCO-1024x513.jpg 1024w, https:\/\/www.radiopiu.net\/wordpress\/wp-content\/uploads\/2020\/08\/PESCE-E-PROSECCO-768x385.jpg 768w, https:\/\/www.radiopiu.net\/wordpress\/wp-content\/uploads\/2020\/08\/PESCE-E-PROSECCO.jpg 1280w\" sizes=\"auto, (max-width: 300px) 100vw, 300px\" \/><\/a><span style=\"color: #ff6600;\">MAURIZIO TIOZZO, PESCE E PROSECCO A BELLUNO<\/span><\/h2>\n<p class=\"photoswipe-wrapper\"><strong>di Claudio Fontanive<\/strong><\/p>\n<h3><span style=\"color: #ff6600;\">In collaborazione con Dersut Giornale&amp;Caff\u00e8 a Taibon Agordino<\/span><\/h3>\n<audio class=\"wp-audio-shortcode\" id=\"audio-154947-5\" preload=\"none\" style=\"width: 100%;\" controls=\"controls\"><source type=\"audio\/mpeg\" src=\"https:\/\/www.radiopiu.net\/wordpress\/wp-content\/uploads\/2020\/08\/pesce-e-prosecco-13-agosto.mp3?_=5\" \/><a href=\"https:\/\/www.radiopiu.net\/wordpress\/wp-content\/uploads\/2020\/08\/pesce-e-prosecco-13-agosto.mp3\">https:\/\/www.radiopiu.net\/wordpress\/wp-content\/uploads\/2020\/08\/pesce-e-prosecco-13-agosto.mp3<\/a><\/audio>\n<p>&nbsp;<\/p>\n<hr \/>\n<p>&nbsp;<\/p>\n<h2><span style=\"color: #ff0000;\">DUE MINUTI UN LIBRO<\/span><\/h2>\n<blockquote class=\"wp-embedded-content\" data-secret=\"5u6iTorzQr\"><p><a href=\"https:\/\/www.radiopiu.net\/wordpress\/linverno-piu-nero\/\">L&#8217;INVERNO PIU&#8217; NERO<\/a><\/p><\/blockquote>\n<p><iframe loading=\"lazy\" class=\"wp-embedded-content\" sandbox=\"allow-scripts\" security=\"restricted\" style=\"position: absolute; clip: rect(1px, 1px, 1px, 1px);\" title=\"&#8220;L&#8217;INVERNO PIU&#8217; NERO&#8221; &#8212; Radio Pi\u00f9\" src=\"https:\/\/www.radiopiu.net\/wordpress\/linverno-piu-nero\/embed\/#?secret=5u6iTorzQr\" data-secret=\"5u6iTorzQr\" width=\"600\" height=\"338\" frameborder=\"0\" marginwidth=\"0\" marginheight=\"0\" scrolling=\"no\"><\/iframe><\/p>\n<p><strong>LE ALTRE PUNTATE<\/strong><\/p>\n<blockquote class=\"wp-embedded-content\" data-secret=\"ECUhfWd24w\"><p><a href=\"https:\/\/www.radiopiu.net\/wordpress\/due-minuti-un-libro\/\">Due minuti un libro<\/a><\/p><\/blockquote>\n<p><iframe loading=\"lazy\" class=\"wp-embedded-content\" sandbox=\"allow-scripts\" security=\"restricted\" style=\"position: absolute; clip: rect(1px, 1px, 1px, 1px);\" title=\"&#8220;Due minuti un libro&#8221; &#8212; Radio Pi\u00f9\" src=\"https:\/\/www.radiopiu.net\/wordpress\/due-minuti-un-libro\/embed\/#?secret=ECUhfWd24w\" data-secret=\"ECUhfWd24w\" width=\"600\" height=\"338\" frameborder=\"0\" marginwidth=\"0\" marginheight=\"0\" scrolling=\"no\"><\/iframe><\/p>\n<p>&nbsp;<\/p>\n<hr \/>\n<p>&nbsp;<\/p>\n<div>\n<h2><a class=\"dt-pswp-item\" href=\"https:\/\/www.radiopiu.net\/wordpress\/wp-content\/uploads\/2020\/06\/4f376fe2-d9cd-4dc8-b8ec-9bd773546a4e.jpg\" data-dt-img-description=\"\" data-large_image_width=\"960\" data-large_image_height=\"720\"><img loading=\"lazy\" decoding=\"async\" class=\"wp-image-146572 alignleft\" src=\"https:\/\/www.radiopiu.net\/wordpress\/wp-content\/uploads\/2020\/06\/4f376fe2-d9cd-4dc8-b8ec-9bd773546a4e-300x225.jpg\" alt=\"\" width=\"132\" height=\"99\" srcset=\"https:\/\/www.radiopiu.net\/wordpress\/wp-content\/uploads\/2020\/06\/4f376fe2-d9cd-4dc8-b8ec-9bd773546a4e-300x225.jpg 300w, https:\/\/www.radiopiu.net\/wordpress\/wp-content\/uploads\/2020\/06\/4f376fe2-d9cd-4dc8-b8ec-9bd773546a4e-768x576.jpg 768w, https:\/\/www.radiopiu.net\/wordpress\/wp-content\/uploads\/2020\/06\/4f376fe2-d9cd-4dc8-b8ec-9bd773546a4e.jpg 960w\" sizes=\"auto, (max-width: 132px) 100vw, 132px\" \/><\/a><\/h2>\n<h2><\/h2>\n<h2><span style=\"color: #800080;\">DON CESARE, IL PENSIERO DEL GIORNO. ALLA RADIO ALLE 7 DEL MATTINO E ALLE 19.30 DELLA SERA.<\/span><\/h2>\n<p>&nbsp;<\/p>\n<audio class=\"wp-audio-shortcode\" id=\"audio-154947-6\" preload=\"none\" style=\"width: 100%;\" controls=\"controls\"><source type=\"audio\/mpeg\" src=\"https:\/\/www.radiopiu.net\/wordpress\/wp-content\/uploads\/2020\/08\/cesare-5.mp3?_=6\" \/><a href=\"https:\/\/www.radiopiu.net\/wordpress\/wp-content\/uploads\/2020\/08\/cesare-5.mp3\">https:\/\/www.radiopiu.net\/wordpress\/wp-content\/uploads\/2020\/08\/cesare-5.mp3<\/a><\/audio>\n<hr \/>\n<p>&nbsp;<\/p>\n<h2><span style=\"color: #008000;\">AGORDINOMERON&#8230;LA RACCOLTA<\/span><\/h2>\n<blockquote class=\"wp-embedded-content\" data-secret=\"NqYydRUi7p\"><p><a href=\"https:\/\/www.radiopiu.net\/wordpress\/agordinomeron\/\">AGORDINOMERON, IL TERRITORIO SI RACCONTA Da un&#8217;idea di Gianni Santomaso<\/a><\/p><\/blockquote>\n<p><iframe loading=\"lazy\" class=\"wp-embedded-content\" sandbox=\"allow-scripts\" security=\"restricted\" style=\"position: absolute; clip: rect(1px, 1px, 1px, 1px);\" title=\"&#8220;AGORDINOMERON, IL TERRITORIO SI RACCONTA Da un&#8217;idea di Gianni Santomaso&#8221; &#8212; Radio Pi\u00f9\" src=\"https:\/\/www.radiopiu.net\/wordpress\/agordinomeron\/embed\/#?secret=NqYydRUi7p\" data-secret=\"NqYydRUi7p\" width=\"600\" height=\"338\" frameborder=\"0\" marginwidth=\"0\" marginheight=\"0\" scrolling=\"no\"><\/iframe><\/p>\n<p>&nbsp;<\/p>\n<p>&nbsp;<\/p>\n<hr \/>\n<p>&nbsp;<\/p>\n<h2><span style=\"color: #ff00ff;\">ZAINO DA VIAGGIO AL FEMMINILE DI PAOLA LANCIATO<\/span><\/h2>\n<h2>L&#8217;INTERA RACCOLTA<\/h2>\n<blockquote class=\"wp-embedded-content\" data-secret=\"oMrErJ60iY\"><p><a href=\"https:\/\/www.radiopiu.net\/wordpress\/zaino-femminile-lanciato\/\">Zaino da viaggio al femminile<\/a><\/p><\/blockquote>\n<p><iframe loading=\"lazy\" class=\"wp-embedded-content\" sandbox=\"allow-scripts\" security=\"restricted\" style=\"position: absolute; clip: rect(1px, 1px, 1px, 1px);\" title=\"&#8220;Zaino da viaggio al femminile&#8221; &#8212; Radio Pi\u00f9\" src=\"https:\/\/www.radiopiu.net\/wordpress\/zaino-femminile-lanciato\/embed\/#?secret=oMrErJ60iY\" data-secret=\"oMrErJ60iY\" width=\"600\" height=\"338\" frameborder=\"0\" marginwidth=\"0\" marginheight=\"0\" scrolling=\"no\"><\/iframe><\/p>\n<hr \/>\n<p>&nbsp;<\/p>\n<h2><span style=\"color: #3366ff;\">I RACCONTI DI PAOLO SOPPELSA\u00a0LA RACCOLTA COMPLETA<\/span><\/h2>\n<blockquote class=\"wp-embedded-content\" data-secret=\"TwSdIfUBgf\"><p><a href=\"https:\/\/www.radiopiu.net\/wordpress\/i-racconti-di-paolo-soppelsa\/\">I racconti di Paolo Soppelsa<\/a><\/p><\/blockquote>\n<p><iframe loading=\"lazy\" class=\"wp-embedded-content\" sandbox=\"allow-scripts\" security=\"restricted\" style=\"position: absolute; clip: rect(1px, 1px, 1px, 1px);\" title=\"&#8220;I racconti di Paolo Soppelsa&#8221; &#8212; Radio Pi\u00f9\" src=\"https:\/\/www.radiopiu.net\/wordpress\/i-racconti-di-paolo-soppelsa\/embed\/#?secret=TwSdIfUBgf\" data-secret=\"TwSdIfUBgf\" width=\"600\" height=\"338\" frameborder=\"0\" marginwidth=\"0\" marginheight=\"0\" scrolling=\"no\"><\/iframe><\/p>\n<p>&nbsp;<\/p>\n<hr \/>\n<p>&nbsp;<\/p>\n<p>&nbsp;<\/p>\n<h2><span style=\"color: #99cc00;\">SUL SITO DI RADIO PIU&#8217; LA VIDEO GALLERY<\/span><\/h2>\n<blockquote class=\"wp-embedded-content\" data-secret=\"V0vst39G0V\"><p><a href=\"https:\/\/www.radiopiu.net\/wordpress\/ep-center-video-gallery\/\">EP CENTER video gallery<\/a><\/p><\/blockquote>\n<p><iframe loading=\"lazy\" class=\"wp-embedded-content\" sandbox=\"allow-scripts\" security=\"restricted\" style=\"position: absolute; clip: rect(1px, 1px, 1px, 1px);\" title=\"&#8220;EP CENTER video gallery&#8221; &#8212; Radio Pi\u00f9\" src=\"https:\/\/www.radiopiu.net\/wordpress\/ep-center-video-gallery\/embed\/#?secret=V0vst39G0V\" data-secret=\"V0vst39G0V\" width=\"600\" height=\"338\" frameborder=\"0\" marginwidth=\"0\" marginheight=\"0\" scrolling=\"no\"><\/iframe><\/p>\n<p>&nbsp;<\/p>\n<hr \/>\n<p>&nbsp;<\/p>\n<p class=\"photoswipe-wrapper\"><a class=\"dt-pswp-item pspw-wrap-ready\" href=\"https:\/\/i0.wp.com\/www.radiopiu.net\/wordpress\/wp-content\/uploads\/2018\/09\/WhatsApp-Image-2018-09-20-at-16.04.06.jpeg?ssl=1\" data-dt-img-description=\"\" data-large_image_width=\"800\" data-large_image_height=\"100\"><img loading=\"lazy\" decoding=\"async\" class=\"aligncenter wp-image-61378 size-full jetpack-lazy-image jetpack-lazy-image--handled\" src=\"https:\/\/i0.wp.com\/www.radiopiu.net\/wordpress\/wp-content\/uploads\/2018\/09\/WhatsApp-Image-2018-09-20-at-16.04.06.jpeg?resize=800%2C100&amp;ssl=1\" sizes=\"auto, (max-width: 800px) 100vw, 800px\" srcset=\"https:\/\/i0.wp.com\/www.radiopiu.net\/wordpress\/wp-content\/uploads\/2018\/09\/WhatsApp-Image-2018-09-20-at-16.04.06.jpeg?w=800&amp;ssl=1 800w, https:\/\/i0.wp.com\/www.radiopiu.net\/wordpress\/wp-content\/uploads\/2018\/09\/WhatsApp-Image-2018-09-20-at-16.04.06.jpeg?resize=300%2C38&amp;ssl=1 300w, https:\/\/i0.wp.com\/www.radiopiu.net\/wordpress\/wp-content\/uploads\/2018\/09\/WhatsApp-Image-2018-09-20-at-16.04.06.jpeg?resize=768%2C96&amp;ssl=1 768w\" alt=\"\" width=\"800\" height=\"100\" data-lazy-loaded=\"1\" \/><\/a><\/p>\n<p>&nbsp;<\/p>\n<div><center><b>Venerdi 14<\/b><\/center><b>Tempo atteso:\u00a0<\/b>Al primo mattino tratti soleggiati e banchi di stratocumuli, in parziale dissolvimento. Da met\u00e0 mattinata in poi l&#8217;attivit\u00e0 cumuliforme si svilupper\u00e0 con primi addensamenti. Dalle ore centrali del giorno in poi il tempo diventer\u00e0 in parte instabile sia sulle Dolomiti che sulle Prealpi. Nel tardo pomeriggio attenuazione dell&#8217;instabilit\u00e0 sulle Dolomiti, mentre la stessa perdurer\u00e0 pi\u00f9 a lungo sulle Prealpi. Clima un po&#8217; meno caldo.<br \/>\n<b>Precipitazioni:\u00a0<\/b>Aumento del rischio di fenomeni, gi\u00e0 entro le ore centrali del giorno (20\/30%), poi aumento della probabilit\u00e0 fino a medio-alta (60\/80%) per rovesci e temporali. Non esclusi fenomeni localmente intensi. Gli apporti saranno molto variabili per il carattere temporalesco dei fenomeni: 5\/10 mm, localmente anche pari o superiori a 30\/40 mm in caso di forte temporale.<br \/>\n<b>Temperature:\u00a0<\/b>In generale lieve calo, maggiormente nei settori interessati dall&#8217;instabilit\u00e0. Sono previste punte di 26\/27\u00b0C nei fondovalle prealpini e di 21\/23\u00b0C a 1000\/1200 m. Su Prealpi a 1500 m min 14\u00b0C max 17\u00b0C, a 2000 m min 12\u00b0C max 14\u00b0C. Su Dolomiti a 2000 m min 11\u00b0C max 13\u00b0C, a 3000 m min 4\u00b0C max 6\u00b0C.<br \/>\n<b>Venti:\u00a0<\/b>Nelle valli deboli di direzione variabile, salvo improvvise raffiche temporalesche; in quota deboli\/moderati da ovest sud-ovest al mattino e da nord alla sera, a 5-10 km\/h a 2000 m e 15-20 km\/h a 3000 m.<\/p>\n<hr \/>\n<p><center><b>Sabato 15<\/b><\/center><b>Tempo atteso:\u00a0<\/b>Al mattino in prevalenza soleggiato, eccetto residue nubi medio-alte a oriente al primo mattino, in rapido diradamento. Al pomeriggio limitata riduzione del soleggiamento per attivit\u00e0 cumuliforme, spesso modesta e il rischio di isolati fenomeni convettivi sar\u00e0 basso. Clima un po&#8217; pi\u00f9 fresco al mattino e di nuovo caldo di giorno.<br \/>\n<b>Precipitazioni:\u00a0<\/b>Assenti fino a met\u00e0 pomeriggio (0%), poi probabilit\u00e0 piuttosto bassa (10%) di qualche isolato piovasco sulle Dolomiti (10%), ma non sulle Prealpi.<br \/>\n<b>Temperature:\u00a0<\/b>Minime in lieve flessione e leggera ripresa delle massime per maggiore soleggiamento. Sono previste punte di 28\/29\u00b0C nei fondovalle prealpini e di 23\/25\u00b0C a 1000\/1200 m Su Prealpi a 1500 m min 13\u00b0C max 18\u00b0C, a 2000 m min 11\u00b0C max 15\u00b0C. Su Dolomiti a 2000 m min 10\u00b0C max 16\u00b0C, a 3000 m min 5\u00b0C max 7\u00b0C.<br \/>\n<b>Venti:\u00a0<\/b>Nelle valli deboli\/moderati per brezze; in quota deboli\/moderati da nord nella notte e da ovest nord-ovest in giornata, a 5-10 km\/h a 2000 m e 10-15 km\/h a 3000 m.<\/p>\n<hr \/>\n<p><center><b>Domenica 16<\/b><\/center>Tempo ben soleggiato con cielo sereno al mattino. Nelle ore pi\u00f9 calde parziale riduzione del soleggiamento per modesta attivit\u00e0 cumuliforme, localmente moderata, ma con remota probabilit\u00e0 di rovesci o temporali. Temperature senza notevoli variazioni rispetto a sabato. Venti in quota deboli da sud-ovest, a tratti moderati sulle vette pi\u00f9 alte; nelle valli deboli\/moderati a regime di brezza.<\/p>\n<hr \/>\n<p><center><b>Lunedi 17<\/b><\/center>Tempo ancora ben soleggiato con cielo sereno al mattino. Nelle ore pi\u00f9 calde parziale riduzione del soleggiamento per attivit\u00e0 cumuliforme un po&#8217; pi\u00f9 presente rispetto a domenica, localmente intensa, e l&#8217;insidia rovesci e temporali sar\u00e0 pi\u00f9 presente, anche se non elevata. Temperature pressoch\u00e9 stazionarie, salvo locale flessione delle massime per instabilit\u00e0 pomeridiana. Venti in quota deboli\/moderati da sud-ovest; nelle valli deboli\/moderati a regime di brezza. Previsore: R.L.Th.<\/p>\n<\/div>\n<\/div>\n<p>&nbsp;<\/p>\n<p>&nbsp;<\/p>\n<hr \/>\n<p>&nbsp;<\/p>\n<p><iframe loading=\"lazy\" title=\"Spot Buttalibene TV\" width=\"1200\" height=\"675\" src=\"https:\/\/www.youtube.com\/embed\/fjHWpfyAevE?feature=oembed\" frameborder=\"0\" allow=\"accelerometer; autoplay; clipboard-write; encrypted-media; gyroscope; picture-in-picture\" allowfullscreen><\/iframe><\/p>\n<hr \/>\n<p>&nbsp;<\/p>\n<p class=\"photoswipe-wrapper\"><a class=\"dt-pswp-item pspw-wrap-ready\" href=\"https:\/\/i1.wp.com\/www.radiopiu.net\/wordpress\/wp-content\/uploads\/2018\/09\/sport.jpg?ssl=1\" data-dt-img-description=\"\" data-large_image_width=\"800\" data-large_image_height=\"100\"><img loading=\"lazy\" decoding=\"async\" class=\"wp-image-60761 size-full aligncenter\" src=\"https:\/\/i1.wp.com\/www.radiopiu.net\/wordpress\/wp-content\/uploads\/2018\/09\/sport.jpg?resize=800%2C100&amp;ssl=1\" sizes=\"auto, (max-width: 800px) 100vw, 800px\" srcset=\"https:\/\/i1.wp.com\/www.radiopiu.net\/wordpress\/wp-content\/uploads\/2018\/09\/sport.jpg?w=800&amp;ssl=1 800w, https:\/\/i1.wp.com\/www.radiopiu.net\/wordpress\/wp-content\/uploads\/2018\/09\/sport.jpg?resize=300%2C38&amp;ssl=1 300w, https:\/\/i1.wp.com\/www.radiopiu.net\/wordpress\/wp-content\/uploads\/2018\/09\/sport.jpg?resize=768%2C96&amp;ssl=1 768w\" alt=\"\" width=\"800\" height=\"100\" data-recalc-dims=\"1\" \/><\/a><\/p>\n<h3><\/h3>\n<h2 style=\"text-align: center;\">VITALINI STAR CONTEST, I VINCITORI<\/h2>\n<p><strong>FALCADE<\/strong> Quasi cento ragazzi da tutta Italia si sono sfidati a Falcade, sulla pista da sci sintetica Neveplast, nello Start Contest ideato dall&#8217;ex discesista azzurro Pietro Vitalini: una prova di velocit\u00e0 con particolare attenzione alla partenza.<\/p>\n<blockquote>\n<h2>Ecco i vincitori delle classifiche. Cuccioli F: Mayra Zanvettor, Asd Agonistica Sport Market. Cuccioli M: Alessandro Valt, Us Monti Pallidi. Ragazzi F: Claudia Di Mai, Ski Team Sorapiss. Ragazzi M: Alberto Davare, Sc Arabba. Allievi F: Rita Granruaz, Ski Team Alta Badia. Allievi M: Manuel Gasperin, Sc Trichiana.<\/h2>\n<\/blockquote>\n<h1>IERI ALLA RADIO<\/h1>\n<blockquote class=\"wp-embedded-content\" data-secret=\"nF7JDJcbmg\"><p><a href=\"https:\/\/www.radiopiu.net\/wordpress\/grande-successo-a-falcade-per-il-vitalini-start-contest\/\">GRANDE SUCCESSO A FALCADE PER IL VITALINI START CONTEST<\/a><\/p><\/blockquote>\n<p><iframe loading=\"lazy\" class=\"wp-embedded-content\" sandbox=\"allow-scripts\" security=\"restricted\" style=\"position: absolute; clip: rect(1px, 1px, 1px, 1px);\" title=\"&#8220;GRANDE SUCCESSO A FALCADE PER IL VITALINI START CONTEST&#8221; &#8212; Radio Pi\u00f9\" src=\"https:\/\/www.radiopiu.net\/wordpress\/grande-successo-a-falcade-per-il-vitalini-start-contest\/embed\/#?secret=nF7JDJcbmg\" data-secret=\"nF7JDJcbmg\" width=\"600\" height=\"338\" frameborder=\"0\" marginwidth=\"0\" marginheight=\"0\" scrolling=\"no\"><\/iframe><\/p>\n<p>&nbsp;<\/p>\n<blockquote>\n<h3>LUCA PISTORELLO E MANUELA BULF SUL PODIO AL GIRO PODISTICO DI FALCADE<\/h3>\n<\/blockquote>\n<p><strong>FALCADE<\/strong> In centocinquanta sulla Piana per la 26.ma edizione del \u201cGiro podistico di Falcade\u201d, manifestazione proposta dallo Sci club Val Biois. Evento podistico che ha rappresentato una delle prime gare dopo i tanti mesi di stop legati all\u2019emergenza sanitaria Covid-19 e che ha visto la partecipazione di atleti locali ma anche di runner arrivati appositamente da diverse localit\u00e0 del Veneto.\u00a0 <em>\u00abSiamo soddisfatti della partecipazione e anche di come si \u00e8 svolta la manifestazione\u00bb dice Matteo Cagnati, presidente dello Sci club. \u00abAbbiamo presentato un\u2019edizione ridotta, senza cronometraggio dei tempi, senza premiazioni e senza tendone per il dopo gara e con limitazioni nel numero dei partecipanti, ma importante era non fermarsi ed importante era, ed \u00e8 stato, ripartire\u00bb. <\/em>Il percorso si \u00e8 snodato tra la piana di Falcade e la destra orografica del torrente Biois rispecchiando il percorso della pista di fondo, per distanze che andavano da 1.5 km (Cuccioli), a 2.5 km (Ragazzi e Allievi), a 3 km (Aspiranti, Giovani e Seniores).<\/p>\n<p><strong>Cucciole:<\/strong> 1. Greta Fasolo; 2. Saskia Popescu; 3. Matilde Moretti; 4. Gaia Scardanzan; 5. Elena Cogorno; 6. Lidia Serafini; 7. Giovanna Milani; 8. Martina Costa; 9. Caterina Pellegrinon; 10. Luciana Irina Pescosta.<\/p>\n<p><strong>Cuccioli:<\/strong> 1. Federico De Bernardin; 2. Pietro Pezzin; 3. Stefano Gallina; 4. Andrea Scola; 5. Riccardo Tibolla; 6. Elia Costantini; 7. Matteo Bertoldo; 8. Matteo Moretti, 9. Pietro Bessegato; 10. Gabriele Bonan.<\/p>\n<p><strong>Ragazze<\/strong>: 1. Denise Marinello; 2. Caterina Milani; 3. Francesca Olivier; 4. Lisa Ganz; 5. Arianna Micheluzzi; 6. Caterina Valt; 7. Eleonora De Bernardin; 8. Elisa De Salvador; 9. Maddalena Ballan; 10. Giulia Garbin.<\/p>\n<p><strong>Ragazzi:<\/strong> 1. Pietro Bellemo; 2. Marco Menia Cadore; 3. Sebastiano Di Tos; 4. Alex Rossi; 5. Diego Debertolis; 6. Davide Capra; 7. Riccardo Serafini; 8. Alessandro Tarquini; 9. Andrea Bertoldo; 10. Alessandro Manfroi.<\/p>\n<p><strong>Allieve:<\/strong> 1. Martina Scola; 2. Martina Olivier; 3. Bettina Bortoli; 4. Asia Zanvettor; 5. Mirian Busin; 6. Gloria Fusina; 7. Giulia Rossi; 8. Stefania Costa.<\/p>\n<p><strong>Allievi: 1<\/strong>. Federico Milani; 2. Nicholas Bellemo; 3. Francesco Luciani; 4. Francesco Di Tos; 5. Raffaele De Bernardin; 6. Sebastiano Cagnati; 7. Samuel Murer; 8. Gabriele Scola; 9. Valerio Bonan; 10. Miguel Tomei.<\/p>\n<p><strong>Aspiranti<\/strong> \u2013 Giovani femminile: 1. Maria Stella Pellegrinon; 2. Gioia Vagretti; 3. Cristina Bonan; 4. Lucrezia Sommariva.<\/p>\n<p><strong>Aspiranti \u2013<\/strong> Giovani maschile: 1. Emanuele Busin; 2. Alex Serafini; 3. Andrea Bompard; 4. Luca Brancaleone; 5. Marco Brancaleone; 6. Leonardo Busin; 7. Giovanni De Col; 8. Sergio Broglia; 9. Davide Fusina.<\/p>\n<p><strong>Seniores femminile:<\/strong> 1. Manuela Bulf; 2. Jessica Perna; 3. Patrizia Liverani; 4. Viviana Pilat; 5. Lara Zussa; 6. Nadia Mattana.<\/p>\n<p><strong>Seniores maschile<\/strong>: 1. Luca Pistorello; 2. Gabriele Toffoli; 3. Cesare Friz; 4. Claudio Bagnara; 5. Erwin Lazzarini; 6. Michele Bellemo; 7. Luca Da Re; 8. Diego Serafini; 9. Francesco De Toni; 10. Jacopo Carreras.<\/p>\n<p>&nbsp;<\/p>\n\n\t\t\t<style type='text\/css'>\n\t\t\t\t#gallery-5 {\n\t\t\t\t\tmargin: auto;\n\t\t\t\t}\n\t\t\t\t#gallery-5 .gallery-item {\n\t\t\t\t\tfloat: left;\n\t\t\t\t\tmargin-top: 10px;\n\t\t\t\t\ttext-align: center;\n\t\t\t\t\twidth: 25%;\n\t\t\t\t}\n\t\t\t\t#gallery-5 img {\n\t\t\t\t\tborder: 2px solid #cfcfcf;\n\t\t\t\t}\n\t\t\t\t#gallery-5 .gallery-caption {\n\t\t\t\t\tmargin-left: 0;\n\t\t\t\t}\n\t\t\t\t\/* see gallery_shortcode() in wp-includes\/media.php *\/\n\t\t\t<\/style>\n\t\t<div id='gallery-5' class='dt-gallery-container gallery galleryid-154947 gallery-columns-4 gallery-size-thumbnail'><dl class='gallery-item'>\n\t\t\t\t<dt class='gallery-icon landscape'>\n\t\t\t\t\t<a class=\"rollover rollover-zoom dt-pswp-item\" title=\"d9a7efb1-c682-4225-b6d5-ff457ce9fa5f\" data-dt-img-description=\"\" data-large_image_width=\"1600\" data-large_image_height=\"1066\"href='https:\/\/www.radiopiu.net\/wordpress\/wp-content\/uploads\/2020\/08\/d9a7efb1-c682-4225-b6d5-ff457ce9fa5f.jpg'><img loading=\"lazy\" decoding=\"async\" width=\"150\" height=\"150\" src=\"https:\/\/www.radiopiu.net\/wordpress\/wp-content\/uploads\/2020\/08\/d9a7efb1-c682-4225-b6d5-ff457ce9fa5f-150x150.jpg\" class=\"attachment-thumbnail size-thumbnail\" alt=\"\" \/><\/a>\n\t\t\t\t<\/dt><\/dl><dl class='gallery-item'>\n\t\t\t\t<dt class='gallery-icon landscape'>\n\t\t\t\t\t<a class=\"rollover rollover-zoom dt-pswp-item\" title=\"f3d83027-2a0e-4d8b-9a3e-b94b38d56892\" data-dt-img-description=\"\" data-large_image_width=\"1600\" data-large_image_height=\"1066\"href='https:\/\/www.radiopiu.net\/wordpress\/wp-content\/uploads\/2020\/08\/f3d83027-2a0e-4d8b-9a3e-b94b38d56892.jpg'><img loading=\"lazy\" decoding=\"async\" width=\"150\" height=\"150\" src=\"https:\/\/www.radiopiu.net\/wordpress\/wp-content\/uploads\/2020\/08\/f3d83027-2a0e-4d8b-9a3e-b94b38d56892-150x150.jpg\" class=\"attachment-thumbnail size-thumbnail\" alt=\"\" \/><\/a>\n\t\t\t\t<\/dt><\/dl><dl class='gallery-item'>\n\t\t\t\t<dt class='gallery-icon landscape'>\n\t\t\t\t\t<a class=\"rollover rollover-zoom dt-pswp-item\" title=\"8f18dfe8-8bca-440d-8cda-100495129c44\" data-dt-img-description=\"\" data-large_image_width=\"1600\" data-large_image_height=\"1066\"href='https:\/\/www.radiopiu.net\/wordpress\/wp-content\/uploads\/2020\/08\/8f18dfe8-8bca-440d-8cda-100495129c44.jpg'><img loading=\"lazy\" decoding=\"async\" width=\"150\" height=\"150\" src=\"https:\/\/www.radiopiu.net\/wordpress\/wp-content\/uploads\/2020\/08\/8f18dfe8-8bca-440d-8cda-100495129c44-150x150.jpg\" class=\"attachment-thumbnail size-thumbnail\" alt=\"\" \/><\/a>\n\t\t\t\t<\/dt><\/dl><dl class='gallery-item'>\n\t\t\t\t<dt class='gallery-icon landscape'>\n\t\t\t\t\t<a class=\"rollover rollover-zoom dt-pswp-item\" title=\"c4ed7cdf-090f-4ed1-bdef-36294ad158ce\" data-dt-img-description=\"\" data-large_image_width=\"1600\" data-large_image_height=\"1066\"href='https:\/\/www.radiopiu.net\/wordpress\/wp-content\/uploads\/2020\/08\/c4ed7cdf-090f-4ed1-bdef-36294ad158ce.jpg'><img loading=\"lazy\" decoding=\"async\" width=\"150\" height=\"150\" src=\"https:\/\/www.radiopiu.net\/wordpress\/wp-content\/uploads\/2020\/08\/c4ed7cdf-090f-4ed1-bdef-36294ad158ce-150x150.jpg\" class=\"attachment-thumbnail size-thumbnail\" alt=\"\" \/><\/a>\n\t\t\t\t<\/dt><\/dl><br style=\"clear: both\" \/><dl class='gallery-item'>\n\t\t\t\t<dt class='gallery-icon landscape'>\n\t\t\t\t\t<a class=\"rollover rollover-zoom dt-pswp-item\" title=\"salt_20200813_153030_947_resized\" data-dt-img-description=\"\" data-large_image_width=\"1182\" data-large_image_height=\"886\"href='https:\/\/www.radiopiu.net\/wordpress\/wp-content\/uploads\/2020\/08\/salt_20200813_153030_947_resized-1.jpg'><img loading=\"lazy\" decoding=\"async\" width=\"150\" height=\"150\" src=\"https:\/\/www.radiopiu.net\/wordpress\/wp-content\/uploads\/2020\/08\/salt_20200813_153030_947_resized-1-150x150.jpg\" class=\"attachment-thumbnail size-thumbnail\" alt=\"\" \/><\/a>\n\t\t\t\t<\/dt><\/dl><dl class='gallery-item'>\n\t\t\t\t<dt class='gallery-icon landscape'>\n\t\t\t\t\t<a class=\"rollover rollover-zoom dt-pswp-item\" title=\"cbdd1523-1b13-44c3-91a6-2b18c0ae2503\" data-dt-img-description=\"\" data-large_image_width=\"1600\" data-large_image_height=\"1066\"href='https:\/\/www.radiopiu.net\/wordpress\/wp-content\/uploads\/2020\/08\/cbdd1523-1b13-44c3-91a6-2b18c0ae2503.jpg'><img loading=\"lazy\" decoding=\"async\" width=\"150\" height=\"150\" src=\"https:\/\/www.radiopiu.net\/wordpress\/wp-content\/uploads\/2020\/08\/cbdd1523-1b13-44c3-91a6-2b18c0ae2503-150x150.jpg\" class=\"attachment-thumbnail size-thumbnail\" alt=\"\" \/><\/a>\n\t\t\t\t<\/dt><\/dl><dl class='gallery-item'>\n\t\t\t\t<dt class='gallery-icon landscape'>\n\t\t\t\t\t<a class=\"rollover rollover-zoom dt-pswp-item\" title=\"3e9058a2-872b-4eea-86a1-9b0fc1762ba7\" data-dt-img-description=\"\" data-large_image_width=\"1600\" data-large_image_height=\"1066\"href='https:\/\/www.radiopiu.net\/wordpress\/wp-content\/uploads\/2020\/08\/3e9058a2-872b-4eea-86a1-9b0fc1762ba7.jpg'><img loading=\"lazy\" decoding=\"async\" width=\"150\" height=\"150\" src=\"https:\/\/www.radiopiu.net\/wordpress\/wp-content\/uploads\/2020\/08\/3e9058a2-872b-4eea-86a1-9b0fc1762ba7-150x150.jpg\" class=\"attachment-thumbnail size-thumbnail\" alt=\"\" \/><\/a>\n\t\t\t\t<\/dt><\/dl><dl class='gallery-item'>\n\t\t\t\t<dt class='gallery-icon landscape'>\n\t\t\t\t\t<a class=\"rollover rollover-zoom dt-pswp-item\" title=\"ba018d7d-cc2f-4888-8892-b2833895aee9\" data-dt-img-description=\"\" data-large_image_width=\"1600\" data-large_image_height=\"1066\"href='https:\/\/www.radiopiu.net\/wordpress\/wp-content\/uploads\/2020\/08\/ba018d7d-cc2f-4888-8892-b2833895aee9.jpg'><img loading=\"lazy\" decoding=\"async\" width=\"150\" height=\"150\" src=\"https:\/\/www.radiopiu.net\/wordpress\/wp-content\/uploads\/2020\/08\/ba018d7d-cc2f-4888-8892-b2833895aee9-150x150.jpg\" class=\"attachment-thumbnail size-thumbnail\" alt=\"\" \/><\/a>\n\t\t\t\t<\/dt><\/dl><br style=\"clear: both\" \/>\n\t\t\t<\/div>\n\n<p>&nbsp;<\/p>\n<p><strong>SINTESI DELLA DIRETTA DI RADIO PIU&#8217;, ospiti Matteo Cagnati, Michele Costa, Carlo Zanon, Luca Cagnati, Patrizio Deola.<\/strong><\/p>\n<p>di Claudio Fontanive<\/p>\n<audio class=\"wp-audio-shortcode\" id=\"audio-154947-7\" preload=\"none\" style=\"width: 100%;\" controls=\"controls\"><source type=\"audio\/mpeg\" src=\"https:\/\/www.radiopiu.net\/wordpress\/wp-content\/uploads\/2020\/08\/SINTESI-DIRETTA-FALCADE.mp3?_=7\" \/><a href=\"https:\/\/www.radiopiu.net\/wordpress\/wp-content\/uploads\/2020\/08\/SINTESI-DIRETTA-FALCADE.mp3\">https:\/\/www.radiopiu.net\/wordpress\/wp-content\/uploads\/2020\/08\/SINTESI-DIRETTA-FALCADE.mp3<\/a><\/audio>\n<p>&nbsp;<\/p>\n<hr \/>\n<p>&nbsp;<\/p>\n<blockquote>\n<h3>HOCKEY SU GHIACCIO, DA DOMENICA\u00a0 NAZIONALE MASCHILE IN RADUNO A EGNA<\/h3>\n<\/blockquote>\n<p><strong><a class=\"dt-pswp-item\" href=\"https:\/\/www.radiopiu.net\/wordpress\/wp-content\/uploads\/2020\/08\/NAZIONALE-HOCKEY-2020.jpg\" data-dt-img-description=\"\" data-large_image_width=\"1200\" data-large_image_height=\"799\"><img loading=\"lazy\" decoding=\"async\" class=\"size-medium wp-image-155113 alignleft\" src=\"https:\/\/www.radiopiu.net\/wordpress\/wp-content\/uploads\/2020\/08\/NAZIONALE-HOCKEY-2020-300x200.jpg\" alt=\"\" width=\"300\" height=\"200\" srcset=\"https:\/\/www.radiopiu.net\/wordpress\/wp-content\/uploads\/2020\/08\/NAZIONALE-HOCKEY-2020-300x200.jpg 300w, https:\/\/www.radiopiu.net\/wordpress\/wp-content\/uploads\/2020\/08\/NAZIONALE-HOCKEY-2020-1024x682.jpg 1024w, https:\/\/www.radiopiu.net\/wordpress\/wp-content\/uploads\/2020\/08\/NAZIONALE-HOCKEY-2020-768x511.jpg 768w, https:\/\/www.radiopiu.net\/wordpress\/wp-content\/uploads\/2020\/08\/NAZIONALE-HOCKEY-2020.jpg 1200w\" sizes=\"auto, (max-width: 300px) 100vw, 300px\" \/><\/a>EGNA<\/strong> Da domenica 16 a domenica 23 agosto la\u00a0nazionale maschile di hockey su ghiaccio\u00a0sar\u00e0 in raduno tra\u00a0Egna, dove si svolgeranno gli allenamenti presso la W\u00fcrthArena, e\u00a0Bolzano, dove giocatori e staff soggiorneranno all\u2019Hotel Four Points by Sheraton. Si tratta del primo ritrovo stagionale nel corso del quale gli azzurri svolgeranno attivit\u00e0 su ghiaccio: il tutto agli ordini del nuovo coaching staff guidato dal capo-allenatore\u00a0Greg Ireland, coadiuvato nel corso della prossima settimana dagli assistenti Riku-Petteri Lehtonen, Giorgio De Bettin, Diego Scandella, Fabio Armani e Gianluca Canei. Due le novit\u00e0 delle ultime ore per quanto riguarda le convocazioni: ha infatti dovuto alzare bandiera bianca il difensore\u00a0Armin Hofer, una delle colonne azzurre per quanto riguarda il reparto arretrato, mentre \u00e8 stato inserito nel listone l\u2019attaccante italo-canadese\u00a0Alex Petan, recentemente ingaggiato dagli ungheresi del Fehervar. I\u00a0giocatori convocati\u00a0rimangono dunque 42 (4 portieri, 14 difensori e 24 attaccanti), suddivisi in due gruppi per consentire ad atleti e allenatori di lavorare nelle migliori condizioni possibili. \u201cL\u2019organizzazione di questo raduno \u2013 commenta il direttore sportivo delle squadre nazionali,\u00a0Stefan Zisser\u00a0\u2013 \u00e8 stato tutt\u2019altro che semplice, anche alla luce delle norme di sicurezzza da rispettare per quanto riguarda l\u2019emergenza Covid. Desidero ringraziare l\u2019Azienda di soggiorno di Bolzano, che ci ha fornito sostegno e supporto sotto tutti i punti di vista\u201d. Di seguito l\u2019elenco dei giocatori convocati.<br \/>\n<strong>Portieri<\/strong>: Andreas Bernard, Jake Smith, Justin Fazio, Gianluca Vallini.<br \/>\n<strong>Difensori<\/strong>: Tobias Brighenti, Gregorio Gios, Daniel Glira, Roland Hofer, Thomas Larkin, Gianluca March, Stefano Marchetti, Marco Marzolini, Jan Pavlu, Chad Pietroniro, Phil Pietroniro, Peter Sp\u00f6rnberger, Ivan Tauferer, Alex Trivellato.<br \/>\n<strong>Attaccanti<\/strong>: Domenico Alberga, Raphael Andergassen, Simon Berger, Martin Castlunger, Dan Catenacci, Davide Conci, Ivan Deluca, Daniel Frank, Alex Frei, Luca Frigo, Markus Gander, Peter Hochkofler, Marco Insam, Diego Kostner, Alex Lambacher, Marco Magnabosco, Michele Marchetti, Matthias Mantinger, Angelo Miceli, Alex Petan, Simon Pitschieler, Joachim Ramoser, Michael Sullmann, Tommaso Traversa.<br \/>\n<strong>Coaching<\/strong>\u00a0<strong>staff<\/strong>: Greg Ireland, Riku-Petteri Lehtonen, Giorgio De Bettin, Diego Scandella, Fabio Armani, Gianluca Canei<\/p>\n","protected":false},"excerpt":{"rendered":"<p>PER RICEVERE QUESTO NOTIZIARIO DIRETTAMENTE SUL TUO CELLULARE ISCRIVITI AL CANALE TELEGRAM\u00a0\u201cRADIO PIU\u00a0 INFORMAZIONE ATTENZIONE: LA NUOVA APP PER IOS-IPHONE https:\/\/apps.apple.com\/it\/app\/radio-pi%C3%B9-emittente-agordina\/id1515939845 ATTENZIONE: LA NUOVA APP RADIO\u00a0 PER ANDROID https:\/\/play.google.com\/store\/apps\/details?id=net.radiopiu.iniko \u00a0\u00a0 &nbsp; &nbsp; BOMBERINE BENVENUTE A FALCADE, BENVENUTE NELL&#8217;AGORDINO &nbsp; &nbsp; RIVAMONTE\u00a0 Gestione Servizi Pubblici informa che a RIVAMONTE AGORDINO nelle localit\u00e0 MIOTTE, ZENICH, MOTTES, ZEP-SCHENA,&hellip;<\/p>\n","protected":false},"author":4,"featured_media":155090,"comment_status":"closed","ping_status":"closed","sticky":false,"template":"","format":"standard","meta":{"_monsterinsights_skip_tracking":false,"_monsterinsights_sitenote_active":false,"_monsterinsights_sitenote_note":"","_monsterinsights_sitenote_category":0,"footnotes":""},"categories":[1,86,49],"tags":[],"class_list":["post-154947","post","type-post","status-publish","format-standard","has-post-thumbnail","hentry","category-senza-categoria","category-gr","category-news-18","category-1","category-86","category-49","description-off"],"img_url":"https:\/\/www.radiopiu.net\/wordpress\/wp-content\/uploads\/2020\/08\/salt_20200813_153030_947_resized.jpg","_links":{"self":[{"href":"https:\/\/www.radiopiu.net\/wordpress\/wp-json\/wp\/v2\/posts\/154947","targetHints":{"allow":["GET"]}}],"collection":[{"href":"https:\/\/www.radiopiu.net\/wordpress\/wp-json\/wp\/v2\/posts"}],"about":[{"href":"https:\/\/www.radiopiu.net\/wordpress\/wp-json\/wp\/v2\/types\/post"}],"author":[{"embeddable":true,"href":"https:\/\/www.radiopiu.net\/wordpress\/wp-json\/wp\/v2\/users\/4"}],"replies":[{"embeddable":true,"href":"https:\/\/www.radiopiu.net\/wordpress\/wp-json\/wp\/v2\/comments?post=154947"}],"version-history":[{"count":0,"href":"https:\/\/www.radiopiu.net\/wordpress\/wp-json\/wp\/v2\/posts\/154947\/revisions"}],"wp:featuredmedia":[{"embeddable":true,"href":"https:\/\/www.radiopiu.net\/wordpress\/wp-json\/wp\/v2\/media\/155090"}],"wp:attachment":[{"href":"https:\/\/www.radiopiu.net\/wordpress\/wp-json\/wp\/v2\/media?parent=154947"}],"wp:term":[{"taxonomy":"category","embeddable":true,"href":"https:\/\/www.radiopiu.net\/wordpress\/wp-json\/wp\/v2\/categories?post=154947"},{"taxonomy":"post_tag","embeddable":true,"href":"https:\/\/www.radiopiu.net\/wordpress\/wp-json\/wp\/v2\/tags?post=154947"}],"curies":[{"name":"wp","href":"https:\/\/api.w.org\/{rel}","templated":true}]}}