{"id":154950,"date":"2020-08-12T19:25:41","date_gmt":"2020-08-12T17:25:41","guid":{"rendered":"https:\/\/www.radiopiu.net\/wordpress\/?p=154950"},"modified":"2020-08-12T19:25:41","modified_gmt":"2020-08-12T17:25:41","slug":"morto-il-pasticciere-roberto-garbuio-il-cordoglio-della-presidente-scarzanella","status":"publish","type":"post","link":"https:\/\/www.radiopiu.net\/wordpress\/morto-il-pasticciere-roberto-garbuio-il-cordoglio-della-presidente-scarzanella\/","title":{"rendered":"Morto il pasticciere Roberto Garbuio: Il cordoglio della presidente Scarzanella:"},"content":{"rendered":"<p><span style=\"font-size: x-large;\"><b>\u00a0\u00abSe ne va un\u2019istituzione della pasticceria feltrina e bellunese\u00bb<\/b><\/span><\/p>\n<p><span style=\"font-size: large;\"><a class=\"dt-pswp-item\" href=\"https:\/\/www.radiopiu.net\/wordpress\/wp-content\/uploads\/2020\/08\/a5c1cbed-deee-46da-87f5-3b91345f26b5.jpg\" data-dt-img-description=\"\" data-large_image_width=\"720\" data-large_image_height=\"1440\"><img loading=\"lazy\" decoding=\"async\" class=\"size-medium wp-image-154952 alignleft\" src=\"https:\/\/www.radiopiu.net\/wordpress\/wp-content\/uploads\/2020\/08\/a5c1cbed-deee-46da-87f5-3b91345f26b5-150x300.jpg\" alt=\"\" width=\"150\" height=\"300\" srcset=\"https:\/\/www.radiopiu.net\/wordpress\/wp-content\/uploads\/2020\/08\/a5c1cbed-deee-46da-87f5-3b91345f26b5-150x300.jpg 150w, https:\/\/www.radiopiu.net\/wordpress\/wp-content\/uploads\/2020\/08\/a5c1cbed-deee-46da-87f5-3b91345f26b5-512x1024.jpg 512w, https:\/\/www.radiopiu.net\/wordpress\/wp-content\/uploads\/2020\/08\/a5c1cbed-deee-46da-87f5-3b91345f26b5.jpg 720w\" sizes=\"auto, (max-width: 150px) 100vw, 150px\" \/><\/a>\u00abLa notizia della morte di Roberto Garbuio ci ha lasciati attoniti. Alla sua famiglia e ai suoi cari un forte abbraccio in questo momento di dolore\u00bb. Cos\u00ec in una nota di cordoglio la presidente di Confartigianato Belluno, Claudia Scarzanella.<\/span><\/p>\n<p><span style=\"font-size: large;\">\u00abRoberto Garbuio \u00e8 stato un\u2019istituzione della pasticceria feltrina e bellunese. La sua, in centro a Feltre, \u00e8 tra le pasticcerie per antonomasia, simbolo di quella forza artigianale che ha saputo andare avanti e creare qualit\u00e0 in ogni fase storica. \u00c8 sempre stato attivo nella nostra associazione, tanto da aver rivestito la carica di presidente di mestiere nella categoria alimentazione, fra gli Alimentari vari, fino alla cessione dell\u2019attivit\u00e0. La sua scomparsa improvvisa e tragica lascia un vuoto che difficilmente riusciremo a riempire\u00bb.<\/span><\/p>\n","protected":false},"excerpt":{"rendered":"<p>\u00a0\u00abSe ne va un\u2019istituzione della pasticceria feltrina e bellunese\u00bb \u00abLa notizia della morte di Roberto Garbuio ci ha lasciati attoniti. Alla sua famiglia e ai suoi cari un forte abbraccio in questo momento di dolore\u00bb. Cos\u00ec in una nota di cordoglio la presidente di Confartigianato Belluno, Claudia Scarzanella. \u00abRoberto Garbuio \u00e8 stato un\u2019istituzione della pasticceria&hellip;<\/p>\n","protected":false},"author":1,"featured_media":154952,"comment_status":"closed","ping_status":"closed","sticky":false,"template":"","format":"standard","meta":{"_monsterinsights_skip_tracking":false,"_monsterinsights_sitenote_active":false,"_monsterinsights_sitenote_note":"","_monsterinsights_sitenote_category":0,"footnotes":""},"categories":[49],"tags":[],"class_list":["post-154950","post","type-post","status-publish","format-standard","has-post-thumbnail","hentry","category-news-18","category-49","description-off"],"img_url":"https:\/\/www.radiopiu.net\/wordpress\/wp-content\/uploads\/2020\/08\/a5c1cbed-deee-46da-87f5-3b91345f26b5.jpg","_links":{"self":[{"href":"https:\/\/www.radiopiu.net\/wordpress\/wp-json\/wp\/v2\/posts\/154950","targetHints":{"allow":["GET"]}}],"collection":[{"href":"https:\/\/www.radiopiu.net\/wordpress\/wp-json\/wp\/v2\/posts"}],"about":[{"href":"https:\/\/www.radiopiu.net\/wordpress\/wp-json\/wp\/v2\/types\/post"}],"author":[{"embeddable":true,"href":"https:\/\/www.radiopiu.net\/wordpress\/wp-json\/wp\/v2\/users\/1"}],"replies":[{"embeddable":true,"href":"https:\/\/www.radiopiu.net\/wordpress\/wp-json\/wp\/v2\/comments?post=154950"}],"version-history":[{"count":0,"href":"https:\/\/www.radiopiu.net\/wordpress\/wp-json\/wp\/v2\/posts\/154950\/revisions"}],"wp:featuredmedia":[{"embeddable":true,"href":"https:\/\/www.radiopiu.net\/wordpress\/wp-json\/wp\/v2\/media\/154952"}],"wp:attachment":[{"href":"https:\/\/www.radiopiu.net\/wordpress\/wp-json\/wp\/v2\/media?parent=154950"}],"wp:term":[{"taxonomy":"category","embeddable":true,"href":"https:\/\/www.radiopiu.net\/wordpress\/wp-json\/wp\/v2\/categories?post=154950"},{"taxonomy":"post_tag","embeddable":true,"href":"https:\/\/www.radiopiu.net\/wordpress\/wp-json\/wp\/v2\/tags?post=154950"}],"curies":[{"name":"wp","href":"https:\/\/api.w.org\/{rel}","templated":true}]}}