{"id":155007,"date":"2020-08-13T12:36:50","date_gmt":"2020-08-13T10:36:50","guid":{"rendered":"https:\/\/www.radiopiu.net\/wordpress\/?p=155007"},"modified":"2020-08-13T15:27:58","modified_gmt":"2020-08-13T13:27:58","slug":"aggiornamento-covid-del-presidente-del-veneto","status":"publish","type":"post","link":"https:\/\/www.radiopiu.net\/wordpress\/aggiornamento-covid-del-presidente-del-veneto\/","title":{"rendered":"&#8220;LA NUOVA ORDINANZA, OBBLIGO DI TAMPONI PER CHI RIENTRA DALL&#8217;ESTERO. AGLI SPETTACOLI OBBLIGO DI MASCHERINA&#8221; AGGIORNAMENTO COVID DEL PRESIDENTE DEL VENETO"},"content":{"rendered":"<p><strong>VENEZIA<\/strong> Da Marghera il Presidente del Veneto fa il punto sull\u2019emergenza Covid-19<\/p>\n<p><strong>I NUMERI<\/strong> TAMPONI 1.342.577 POSITIVI 20.885, ISOLAMENTO 5900 (124 con sintomi),\u00a0 DECESSI 2094 (+2), RICOVERATI 113 (83 NEGATIVI) TERAPIA INTENSIVA 7 tra questi anche una donna di 30 anni,\u00a0 \u00a0DIMESSI 3782 (+6)<\/p>\n<p>Focolaio di Treviso sotto controllo, la maggioranza dei contagi interessa persone che rientrano dall&#8217;estero. Conosciamo l&#8217;effetto del contagio spagnolo, croato, greco, macedone ma anche da altri.<\/p>\n<blockquote>\n<h2>LEGGI LA CONFERENZA STAMPA DI LUCA ZAIA<\/h2>\n<\/blockquote>\n<p><em>I cittadini devono dare comunicazione di avvenuto ingresso in Veneto all&#8217;Ulss territoriale per essere sottoposti al test.Obbligo di test per chi rientra da Spagna, Grecia, Croazia, Malta (e quelli che arrivano da Paesi con obbligo di quarantena). Attendiamo il test della saliva che taglia la testa al toro permettendo l&#8217;auto diagnosi, se ne parla da mesi e ora arrivano i test da testare su questo ci sono gi\u00e0 esperienza positive in Corea. Il dottor Rigoli a Treviso sta testando la saliva e i primi risultati sono buoni.\u00a0<\/em><\/p>\n<p><strong>ORDINANZA DI OGGI FINO AL 6 SETTEMBRE<\/strong> \u00e8 riferita al periodo vacanziero, inquadra le categorie a rischio gi\u00e0 identificate.Controllo obbligatorio per le persone che arrivano dall&#8217;estero nei 14 giorni precedenti, sono soggette al tampone gratuiti, dovranno contattare la Ulss. CATEGORIE:\u00a0 1 Operatori a diretto contatto con ospiti strutture residenziale RSA che hanno transitato, soggiornato o si sono recati all&#8217;estero nei 14 giorni precedenti. 2 L&#8217;Oss che va all&#8217;estero quando rientra deve fare il tampone perch\u00e9 \u00e8 categoria a rischio particolare. 3 Operatori sanitari nelle strutture ospedaliere regionali ed extraospedaliere. Badanti che prestano assistenza domiciliare.\u00a0 4 Lavoratori stagionali settore agricolo. 5 Lavoratori all&#8217;estero per durate di oltre 120 ore. 6 persone che nei 14 giorni precedenti sono stati in Romani e Bulgaria. 7 gruppi target\u00a0 di comunit\u00e0\u00a0 particolari che rientrano dall&#8217;estero. 8 Soggetti sottoposti a quarantena dai paesi dove previsto. 9 Centri accoglienza straordinaria.\u00a0 <span style=\"color: #ff0000;\">SOGGETTI CON OBBLIGO DI TEST:<\/span> dai paesi europei dove non \u00e8 prevista la quarantena (Spagna. Croazia, Malta, Grecia) obbligo dei tamponi da richiedere nelle 24 ore dall&#8217;arrivo dando comunicazione alla Ulss di riferimento territoriale. SANZIONI 1000 EURO.<\/p>\n<p><strong>SCUOLA<\/strong> \u00a0bambini fino a 6 anni senza mascherina, operatori\u00a0 tutti con la mascherina,\u00a0 dai primi di settembre. Obbligo di misurazione della temperatura,, mappatura delle presenze per ricostruire i contatti in caso di contagio. Le condizioni di riapertura delle scuole saranno le stesse di un anno fa.<\/p>\n<p><strong>FERRAGOSTO<\/strong>\u00a0 Nessun provvedimento per spettacoli e discoteche. Ieri video conferenza\u00a0 si \u00e8 discusso dei luoghi di intrattenimento. C&#8217;\u00e8 attenzione e c&#8217;\u00e8 un DPCM da rispettare. Dietro l&#8217;angolo il tema dell&#8217;assembramento e invito i ragazzi a fare attenzione portando la mascherina. Un ferragosto mal gestito ci dar\u00e0 le conseguenze tra 15 giorni.<\/p>\n<p>&nbsp;<\/p>\n<p>https:\/\/www.facebook.com\/zaiaufficiale\/videos\/1292115267786651<\/p>\n","protected":false},"excerpt":{"rendered":"<p>VENEZIA Da Marghera il Presidente del Veneto fa il punto sull\u2019emergenza Covid-19 I NUMERI TAMPONI 1.342.577 POSITIVI 20.885, ISOLAMENTO 5900 (124 con sintomi),\u00a0 DECESSI 2094 (+2), RICOVERATI 113 (83 NEGATIVI) TERAPIA INTENSIVA 7 tra questi anche una donna di 30 anni,\u00a0 \u00a0DIMESSI 3782 (+6) Focolaio di Treviso sotto controllo, la maggioranza dei contagi interessa persone&hellip;<\/p>\n","protected":false},"author":4,"featured_media":142371,"comment_status":"closed","ping_status":"closed","sticky":false,"template":"","format":"standard","meta":{"_monsterinsights_skip_tracking":false,"_monsterinsights_sitenote_active":false,"_monsterinsights_sitenote_note":"","_monsterinsights_sitenote_category":0,"footnotes":""},"categories":[51,49],"tags":[],"class_list":["post-155007","post","type-post","status-publish","format-standard","has-post-thumbnail","hentry","category-evidenza-top","category-news-18","category-51","category-49","description-off"],"img_url":"https:\/\/www.radiopiu.net\/wordpress\/wp-content\/uploads\/2020\/06\/zaia.jpg","_links":{"self":[{"href":"https:\/\/www.radiopiu.net\/wordpress\/wp-json\/wp\/v2\/posts\/155007","targetHints":{"allow":["GET"]}}],"collection":[{"href":"https:\/\/www.radiopiu.net\/wordpress\/wp-json\/wp\/v2\/posts"}],"about":[{"href":"https:\/\/www.radiopiu.net\/wordpress\/wp-json\/wp\/v2\/types\/post"}],"author":[{"embeddable":true,"href":"https:\/\/www.radiopiu.net\/wordpress\/wp-json\/wp\/v2\/users\/4"}],"replies":[{"embeddable":true,"href":"https:\/\/www.radiopiu.net\/wordpress\/wp-json\/wp\/v2\/comments?post=155007"}],"version-history":[{"count":0,"href":"https:\/\/www.radiopiu.net\/wordpress\/wp-json\/wp\/v2\/posts\/155007\/revisions"}],"wp:featuredmedia":[{"embeddable":true,"href":"https:\/\/www.radiopiu.net\/wordpress\/wp-json\/wp\/v2\/media\/142371"}],"wp:attachment":[{"href":"https:\/\/www.radiopiu.net\/wordpress\/wp-json\/wp\/v2\/media?parent=155007"}],"wp:term":[{"taxonomy":"category","embeddable":true,"href":"https:\/\/www.radiopiu.net\/wordpress\/wp-json\/wp\/v2\/categories?post=155007"},{"taxonomy":"post_tag","embeddable":true,"href":"https:\/\/www.radiopiu.net\/wordpress\/wp-json\/wp\/v2\/tags?post=155007"}],"curies":[{"name":"wp","href":"https:\/\/api.w.org\/{rel}","templated":true}]}}