{"id":155068,"date":"2020-08-13T15:11:46","date_gmt":"2020-08-13T13:11:46","guid":{"rendered":"https:\/\/www.radiopiu.net\/wordpress\/?p=155068"},"modified":"2020-08-13T15:11:46","modified_gmt":"2020-08-13T13:11:46","slug":"meteo-situazione-di-instabilita-e-possibili-temporali-stato-di-attenzione-nei-bacini-idrografici-del-veneto","status":"publish","type":"post","link":"https:\/\/www.radiopiu.net\/wordpress\/meteo-situazione-di-instabilita-e-possibili-temporali-stato-di-attenzione-nei-bacini-idrografici-del-veneto\/","title":{"rendered":"METEO. SITUAZIONE DI INSTABILITA\u2019 E POSSIBILI TEMPORALI. STATO DI ATTENZIONE NEI BACINI IDROGRAFICI DEL VENETO"},"content":{"rendered":"<p>In riferimento alla situazione meteorologica attesa sul territorio con previsione di instabilit\u00e0 con rovesci e possibili temporali anche forti, il Centro Funzionale Decentrato della Regione ha emesso un avviso di criticit\u00e0 idrogeologica decretando lo stato di \u201cattenzione\u201d in tutti i bacini idrografici del Veneto, da oggi sino alle 6.00 di sabato 15 agosto.<\/p>\n<p>&nbsp;<\/p>\n<p>Queste le previsioni meteo:<\/p>\n<p><em>Il promontorio anticiclonico sul Mediterraneo centrale che ha interessato la regione fino a mercoled\u00ec \u00e8 in fase di indebolimento gioved\u00ec 13 e lascer\u00e0 spazio venerd\u00ec 14 al passaggio di una veloce ondulazione ciclonica, con aria pi\u00f9 fredda in alta quota. Tra gioved\u00ec 13 e venerd\u00ec 14 avremo pertanto dei tratti di instabilit\u00e0, con dei rovesci e temporali specie nelle ore pomeridiane e serali. Gioved\u00ec i fenomeni saranno pi\u00f9 locali e pi\u00f9 probabili sulle zone montane e pedemontane, venerd\u00ec l&#8217;instabilit\u00e0 sar\u00e0 pi\u00f9 diffusa. Saranno possibili locali temporali intensi (forti rovesci, forti raffiche di vento, grandinate), gioved\u00ec specie sulle zone montane e pedemontane, venerd\u00ec su tutta la regione.<\/em><\/p>\n","protected":false},"excerpt":{"rendered":"<p>In riferimento alla situazione meteorologica attesa sul territorio con previsione di instabilit\u00e0 con rovesci e possibili temporali anche forti, il Centro Funzionale Decentrato della Regione ha emesso un avviso di criticit\u00e0 idrogeologica decretando lo stato di \u201cattenzione\u201d in tutti i bacini idrografici del Veneto, da oggi sino alle 6.00 di sabato 15 agosto. &nbsp; Queste&hellip;<\/p>\n","protected":false},"author":1,"featured_media":57212,"comment_status":"closed","ping_status":"closed","sticky":false,"template":"","format":"standard","meta":{"_monsterinsights_skip_tracking":false,"_monsterinsights_sitenote_active":false,"_monsterinsights_sitenote_note":"","_monsterinsights_sitenote_category":0,"footnotes":""},"categories":[51,49],"tags":[],"class_list":["post-155068","post","type-post","status-publish","format-standard","has-post-thumbnail","hentry","category-evidenza-top","category-news-18","category-51","category-49","description-off"],"img_url":"https:\/\/www.radiopiu.net\/wordpress\/wp-content\/uploads\/2018\/08\/METEO-PREVISIONI.jpeg","_links":{"self":[{"href":"https:\/\/www.radiopiu.net\/wordpress\/wp-json\/wp\/v2\/posts\/155068","targetHints":{"allow":["GET"]}}],"collection":[{"href":"https:\/\/www.radiopiu.net\/wordpress\/wp-json\/wp\/v2\/posts"}],"about":[{"href":"https:\/\/www.radiopiu.net\/wordpress\/wp-json\/wp\/v2\/types\/post"}],"author":[{"embeddable":true,"href":"https:\/\/www.radiopiu.net\/wordpress\/wp-json\/wp\/v2\/users\/1"}],"replies":[{"embeddable":true,"href":"https:\/\/www.radiopiu.net\/wordpress\/wp-json\/wp\/v2\/comments?post=155068"}],"version-history":[{"count":0,"href":"https:\/\/www.radiopiu.net\/wordpress\/wp-json\/wp\/v2\/posts\/155068\/revisions"}],"wp:featuredmedia":[{"embeddable":true,"href":"https:\/\/www.radiopiu.net\/wordpress\/wp-json\/wp\/v2\/media\/57212"}],"wp:attachment":[{"href":"https:\/\/www.radiopiu.net\/wordpress\/wp-json\/wp\/v2\/media?parent=155068"}],"wp:term":[{"taxonomy":"category","embeddable":true,"href":"https:\/\/www.radiopiu.net\/wordpress\/wp-json\/wp\/v2\/categories?post=155068"},{"taxonomy":"post_tag","embeddable":true,"href":"https:\/\/www.radiopiu.net\/wordpress\/wp-json\/wp\/v2\/tags?post=155068"}],"curies":[{"name":"wp","href":"https:\/\/api.w.org\/{rel}","templated":true}]}}