{"id":155088,"date":"2020-08-14T06:38:54","date_gmt":"2020-08-14T04:38:54","guid":{"rendered":"https:\/\/www.radiopiu.net\/wordpress\/?p=155088"},"modified":"2020-08-14T06:41:18","modified_gmt":"2020-08-14T04:41:18","slug":"mette-male-il-piede-e-si-frattura-la-gamba-linfortunata-soccorsa-dagli-uomini-della-valle-del-biois","status":"publish","type":"post","link":"https:\/\/www.radiopiu.net\/wordpress\/mette-male-il-piede-e-si-frattura-la-gamba-linfortunata-soccorsa-dagli-uomini-della-valle-del-biois\/","title":{"rendered":"METTE MALE IL PIEDE E SI FRATTURA LA GAMBA, L&#8217;INFORTUNATA SOCCORSA DAGLI UOMINI DELLA VALLE DEL BIOIS"},"content":{"rendered":"<p><strong>FALCADE\u00a0<\/strong> Stamane una squadra del Soccorso alpino della Val Biois \u00e8 stata chiamata nella zona del Rifugio Laresei. Salendo verso la sterrata dal sentiero sottostante, un&#8217;escursionista di Voltago Agordino, S.B., 46 anni, ha\u00a0 messo male il piede, riportando una probabile frattura. Raggiunta dai soccorritori, avvicinatisi in <a class=\"dt-pswp-item\" href=\"https:\/\/www.radiopiu.net\/wordpress\/wp-content\/uploads\/2020\/08\/salt_20200813_153030_947_resized.jpg\" data-dt-img-description=\"\" data-large_image_width=\"1182\" data-large_image_height=\"886\"><img loading=\"lazy\" decoding=\"async\" class=\"size-medium wp-image-155090 alignleft\" src=\"https:\/\/www.radiopiu.net\/wordpress\/wp-content\/uploads\/2020\/08\/salt_20200813_153030_947_resized-300x225.jpg\" alt=\"\" width=\"300\" height=\"225\" srcset=\"https:\/\/www.radiopiu.net\/wordpress\/wp-content\/uploads\/2020\/08\/salt_20200813_153030_947_resized-300x225.jpg 300w, https:\/\/www.radiopiu.net\/wordpress\/wp-content\/uploads\/2020\/08\/salt_20200813_153030_947_resized-1024x768.jpg 1024w, https:\/\/www.radiopiu.net\/wordpress\/wp-content\/uploads\/2020\/08\/salt_20200813_153030_947_resized-768x576.jpg 768w, https:\/\/www.radiopiu.net\/wordpress\/wp-content\/uploads\/2020\/08\/salt_20200813_153030_947_resized.jpg 1182w\" sizes=\"auto, (max-width: 300px) 100vw, 300px\" \/><\/a>fuoristrada, le \u00e8 stata subito stabilizzata la gamba. Una volta i barella, l&#8217;infortunata \u00e8 stata trasportata all&#8217;ambulanza della Croce Verde che la ha accompagnata all&#8217;ospedale di Agordo.<\/p>\n<p><strong>BORGOVALBELLUNA<\/strong> Una squadra del Soccorso alpino di Belluno e Feltre \u00e8 intervenuta all&#8217;altezza della Grotta azzurra a Mel, poich\u00e9 una donna, che si trovava con altre persone, \u00e8 scivolata tra i massi del greto procurandosi un sospetto trauma alla caviglia. I soccorritori le hanno prima immobilizzato il piede, per poi imbarellarla e, superati i tratti pi\u00f9 impegnativi con manovre di corda, portarla all&#8217;appuntamento con l&#8217;ambulanza. L&#8217;escursionista, 47 anni, di Montecchio Maggiore (VI), \u00e8 stata condotta all&#8217;ospedale di Feltre.<\/p>\n","protected":false},"excerpt":{"rendered":"<p>FALCADE\u00a0 Stamane una squadra del Soccorso alpino della Val Biois \u00e8 stata chiamata nella zona del Rifugio Laresei. Salendo verso la sterrata dal sentiero sottostante, un&#8217;escursionista di Voltago Agordino, S.B., 46 anni, ha\u00a0 messo male il piede, riportando una probabile frattura. Raggiunta dai soccorritori, avvicinatisi in fuoristrada, le \u00e8 stata subito stabilizzata la gamba. Una&hellip;<\/p>\n","protected":false},"author":1,"featured_media":155090,"comment_status":"closed","ping_status":"closed","sticky":false,"template":"","format":"standard","meta":{"_monsterinsights_skip_tracking":false,"_monsterinsights_sitenote_active":false,"_monsterinsights_sitenote_note":"","_monsterinsights_sitenote_category":0,"footnotes":""},"categories":[49],"tags":[],"class_list":["post-155088","post","type-post","status-publish","format-standard","has-post-thumbnail","hentry","category-news-18","category-49","description-off"],"img_url":"https:\/\/www.radiopiu.net\/wordpress\/wp-content\/uploads\/2020\/08\/salt_20200813_153030_947_resized.jpg","_links":{"self":[{"href":"https:\/\/www.radiopiu.net\/wordpress\/wp-json\/wp\/v2\/posts\/155088","targetHints":{"allow":["GET"]}}],"collection":[{"href":"https:\/\/www.radiopiu.net\/wordpress\/wp-json\/wp\/v2\/posts"}],"about":[{"href":"https:\/\/www.radiopiu.net\/wordpress\/wp-json\/wp\/v2\/types\/post"}],"author":[{"embeddable":true,"href":"https:\/\/www.radiopiu.net\/wordpress\/wp-json\/wp\/v2\/users\/1"}],"replies":[{"embeddable":true,"href":"https:\/\/www.radiopiu.net\/wordpress\/wp-json\/wp\/v2\/comments?post=155088"}],"version-history":[{"count":0,"href":"https:\/\/www.radiopiu.net\/wordpress\/wp-json\/wp\/v2\/posts\/155088\/revisions"}],"wp:featuredmedia":[{"embeddable":true,"href":"https:\/\/www.radiopiu.net\/wordpress\/wp-json\/wp\/v2\/media\/155090"}],"wp:attachment":[{"href":"https:\/\/www.radiopiu.net\/wordpress\/wp-json\/wp\/v2\/media?parent=155088"}],"wp:term":[{"taxonomy":"category","embeddable":true,"href":"https:\/\/www.radiopiu.net\/wordpress\/wp-json\/wp\/v2\/categories?post=155088"},{"taxonomy":"post_tag","embeddable":true,"href":"https:\/\/www.radiopiu.net\/wordpress\/wp-json\/wp\/v2\/tags?post=155088"}],"curies":[{"name":"wp","href":"https:\/\/api.w.org\/{rel}","templated":true}]}}