{"id":155133,"date":"2020-08-14T06:36:21","date_gmt":"2020-08-14T04:36:21","guid":{"rendered":"https:\/\/www.radiopiu.net\/wordpress\/?p=155133"},"modified":"2020-08-14T06:40:25","modified_gmt":"2020-08-14T04:40:25","slug":"negativi-tutti-i-tamponi-covid-19-a-casa-kolbe-di-pedavena","status":"publish","type":"post","link":"https:\/\/www.radiopiu.net\/wordpress\/negativi-tutti-i-tamponi-covid-19-a-casa-kolbe-di-pedavena\/","title":{"rendered":"NEGATIVI TUTTI I TAMPONI COVID-19 A CASA KOLBE DI PEDAVENA"},"content":{"rendered":"<p><strong><a class=\"dt-pswp-item\" href=\"https:\/\/www.radiopiu.net\/wordpress\/wp-content\/uploads\/2020\/04\/casa-kolbe.jpg\" data-dt-img-description=\"\" data-large_image_width=\"2100\" data-large_image_height=\"945\"><img loading=\"lazy\" decoding=\"async\" class=\"size-medium wp-image-133687 alignleft\" src=\"https:\/\/www.radiopiu.net\/wordpress\/wp-content\/uploads\/2020\/04\/casa-kolbe-300x135.jpg\" alt=\"\" width=\"300\" height=\"135\" srcset=\"https:\/\/www.radiopiu.net\/wordpress\/wp-content\/uploads\/2020\/04\/casa-kolbe-300x135.jpg 300w, https:\/\/www.radiopiu.net\/wordpress\/wp-content\/uploads\/2020\/04\/casa-kolbe-1024x461.jpg 1024w, https:\/\/www.radiopiu.net\/wordpress\/wp-content\/uploads\/2020\/04\/casa-kolbe-768x346.jpg 768w, https:\/\/www.radiopiu.net\/wordpress\/wp-content\/uploads\/2020\/04\/casa-kolbe-1536x691.jpg 1536w, https:\/\/www.radiopiu.net\/wordpress\/wp-content\/uploads\/2020\/04\/casa-kolbe-2048x922.jpg 2048w\" sizes=\"auto, (max-width: 300px) 100vw, 300px\" \/><\/a>PEDAVENA\u00a0<\/strong>Tutti negativi i testati per il Covid-19 a Casa Kolbe, centro servizi per anziani di Pedavena.\u00a0E&#8217; risultato negativo a due successivi tamponi l&#8217;ospite che in precedenza aveva avuto un esame positivo facendo scattare i protocolli Covid-19 nella struttura. L&#8217;ospite e&#8217; rimasto in isolamento fino al completamento dei due tamponi. Ora pu\u00f2 riprendere la sua vita quotidiana normale.\u00a0Hanno dato esito negativo i tamponi fatti agli anziani che vivono nello stesso nucleo di Casa Kolbe dell&#8217;ospite in questione, cos\u00ec come quelli effettuati al personale che opera in quel nucleo.\u00a0Termina, dunque, gioved\u00ec 13, la momentanea fase di emergenza attivata marted\u00ec 11.\u00a0La situazione torna alla normalit\u00e0, ferma restando la costante massima vigilanza in Casa Kolbe, nel rispetto delle norme nazionali e regionali , dei protocolli interni e dei livelli di attenzione necessari a proteggere la salute di tutti.\u00a0Nei prossimi giorni riprenderanno anche le visite dei famigliari e dei cari ai propri anziani, interrotte allo scattare dei protocolli Covid-19.\u00a0Casa Kolbe ha gi\u00e0 informato della situazione i famigliari degli ospiti, con messaggio Whatsapp, e tutti gli interessati, attraverso la pagina Facebook della struttura, per chiarire e tranquillizzare, evitando l&#8217;insorgere di eventuali allarmismi.\u00a0Da Casa Kolbe un ringraziamento alla Ulss 1 per la collaborazione: la rapidit\u00e0 nella refertazione dei tamponi, \u00e8 elemento fondamentale nella lotta alla diffusione del Covid 19 in cui tutto il sistema sociosanitario \u00e8 impegnato.<\/p>\n","protected":false},"excerpt":{"rendered":"<p>PEDAVENA\u00a0Tutti negativi i testati per il Covid-19 a Casa Kolbe, centro servizi per anziani di Pedavena.\u00a0E&#8217; risultato negativo a due successivi tamponi l&#8217;ospite che in precedenza aveva avuto un esame positivo facendo scattare i protocolli Covid-19 nella struttura. L&#8217;ospite e&#8217; rimasto in isolamento fino al completamento dei due tamponi. Ora pu\u00f2 riprendere la sua vita&hellip;<\/p>\n","protected":false},"author":4,"featured_media":133687,"comment_status":"closed","ping_status":"closed","sticky":false,"template":"","format":"standard","meta":{"_monsterinsights_skip_tracking":false,"_monsterinsights_sitenote_active":false,"_monsterinsights_sitenote_note":"","_monsterinsights_sitenote_category":0,"footnotes":""},"categories":[49],"tags":[],"class_list":["post-155133","post","type-post","status-publish","format-standard","has-post-thumbnail","hentry","category-news-18","category-49","description-off"],"img_url":"https:\/\/www.radiopiu.net\/wordpress\/wp-content\/uploads\/2020\/04\/casa-kolbe.jpg","_links":{"self":[{"href":"https:\/\/www.radiopiu.net\/wordpress\/wp-json\/wp\/v2\/posts\/155133","targetHints":{"allow":["GET"]}}],"collection":[{"href":"https:\/\/www.radiopiu.net\/wordpress\/wp-json\/wp\/v2\/posts"}],"about":[{"href":"https:\/\/www.radiopiu.net\/wordpress\/wp-json\/wp\/v2\/types\/post"}],"author":[{"embeddable":true,"href":"https:\/\/www.radiopiu.net\/wordpress\/wp-json\/wp\/v2\/users\/4"}],"replies":[{"embeddable":true,"href":"https:\/\/www.radiopiu.net\/wordpress\/wp-json\/wp\/v2\/comments?post=155133"}],"version-history":[{"count":0,"href":"https:\/\/www.radiopiu.net\/wordpress\/wp-json\/wp\/v2\/posts\/155133\/revisions"}],"wp:featuredmedia":[{"embeddable":true,"href":"https:\/\/www.radiopiu.net\/wordpress\/wp-json\/wp\/v2\/media\/133687"}],"wp:attachment":[{"href":"https:\/\/www.radiopiu.net\/wordpress\/wp-json\/wp\/v2\/media?parent=155133"}],"wp:term":[{"taxonomy":"category","embeddable":true,"href":"https:\/\/www.radiopiu.net\/wordpress\/wp-json\/wp\/v2\/categories?post=155133"},{"taxonomy":"post_tag","embeddable":true,"href":"https:\/\/www.radiopiu.net\/wordpress\/wp-json\/wp\/v2\/tags?post=155133"}],"curies":[{"name":"wp","href":"https:\/\/api.w.org\/{rel}","templated":true}]}}