{"id":155154,"date":"2020-08-15T03:06:42","date_gmt":"2020-08-15T01:06:42","guid":{"rendered":"https:\/\/www.radiopiu.net\/wordpress\/?p=155154"},"modified":"2020-08-15T10:16:25","modified_gmt":"2020-08-15T08:16:25","slug":"giornale-radiopiu-15-agosto-2020-direttore-mirko-mezzacasa","status":"publish","type":"post","link":"https:\/\/www.radiopiu.net\/wordpress\/giornale-radiopiu-15-agosto-2020-direttore-mirko-mezzacasa\/","title":{"rendered":"GIORNALE RADIOPIU 15 AGOSTO 2020 DIRETTORE MIRKO MEZZACASA"},"content":{"rendered":"<blockquote>\n<h3 style=\"text-align: center;\"><em><span style=\"color: #ff0000;\"><strong>\u00a0Dalla redazione di Radio Pi\u00f9 ai nostri ascoltatori e lettori buon ferragosto 2020<\/strong><\/span><\/em><\/h3>\n<\/blockquote>\n<h3><strong>\u00a0<\/strong><\/h3>\n<h3><strong>PER RICEVERE QUESTO NOTIZIARIO DIRETTAMENTE SUL TUO CELLULARE ISCRIVITI AL CANALE TELEGRAM <\/strong><strong>\u201cRADIO PIU\u00a0 INFORMAZIONE<\/strong><\/h3>\n<p><em>ATTENZIONE: LA NUOVA APP PER IOS-IPHONE<\/em><\/p>\n<div>\n<div><a href=\"https:\/\/apps.apple.com\/it\/app\/radio-pi%C3%B9-emittente-agordina\/id1515939845\">https:\/\/apps.apple.com\/it\/app\/radio-pi%C3%B9-emittente-agordina\/id1515939845<\/a><\/div>\n<\/div>\n<div><\/div>\n<div>\n<div dir=\"auto\"><em>ATTENZIONE: LA NUOVA APP RADIO\u00a0 PER ANDROID<\/em><\/div>\n<\/div>\n<p><a href=\"https:\/\/play.google.com\/store\/apps\/details?id=net.radiopiu.iniko\" target=\"_blank\" rel=\"noopener noreferrer\">https:\/\/play.google.com\/store\/apps\/details?id=net.radiopiu.iniko \u00a0\u00a0<\/a><\/p>\n<p>&nbsp;<\/p>\n<hr \/>\n<p>&nbsp;<\/p>\n<blockquote>\n<h3 style=\"text-align: center;\"><em>BOMBERINE BENVENUTE A FALCADE, BENVENUTE NELL&#8217;AGORDINO<\/em><\/h3>\n<\/blockquote>\n<div style=\"width: 1200px;\" class=\"wp-video\"><video class=\"wp-video-shortcode\" id=\"video-155154-1\" width=\"1200\" height=\"658\" preload=\"metadata\" controls=\"controls\"><source type=\"video\/mp4\" src=\"https:\/\/www.radiopiu.net\/wordpress\/wp-content\/uploads\/2020\/08\/BOMBERINE-FALCADE-OK.mp4?_=1\" \/><a href=\"https:\/\/www.radiopiu.net\/wordpress\/wp-content\/uploads\/2020\/08\/BOMBERINE-FALCADE-OK.mp4\">https:\/\/www.radiopiu.net\/wordpress\/wp-content\/uploads\/2020\/08\/BOMBERINE-FALCADE-OK.mp4<\/a><\/video><\/div>\n<p>&nbsp;<\/p>\n<hr \/>\n<p>&nbsp;<\/p>\n<blockquote>\n<h3>I COLORI DEL TEMPORALE TRA I LAMPI DEL &#8220;ZELO&#8221; di GIANNIANTONIO CASSISI<\/h3>\n<\/blockquote>\n<p><strong>AGORDO<\/strong> Riceviamo e volentieri pubblichiamo alcuni scatti del temporale di gioved\u00ec sera. Le fotografie sono state scattate dal dottor Gianniantonio Cassisi. Obiettivo puntato sopra il monte Celo a sud di Agordo<\/p>\n\n\t\t\t<style type='text\/css'>\n\t\t\t\t#gallery-1 {\n\t\t\t\t\tmargin: auto;\n\t\t\t\t}\n\t\t\t\t#gallery-1 .gallery-item {\n\t\t\t\t\tfloat: left;\n\t\t\t\t\tmargin-top: 10px;\n\t\t\t\t\ttext-align: center;\n\t\t\t\t\twidth: 20%;\n\t\t\t\t}\n\t\t\t\t#gallery-1 img {\n\t\t\t\t\tborder: 2px solid #cfcfcf;\n\t\t\t\t}\n\t\t\t\t#gallery-1 .gallery-caption {\n\t\t\t\t\tmargin-left: 0;\n\t\t\t\t}\n\t\t\t\t\/* see gallery_shortcode() in wp-includes\/media.php *\/\n\t\t\t<\/style>\n\t\t<div id='gallery-1' class='dt-gallery-container gallery galleryid-155154 gallery-columns-5 gallery-size-thumbnail'><dl class='gallery-item'>\n\t\t\t\t<dt class='gallery-icon landscape'>\n\t\t\t\t\t<a class=\"rollover rollover-zoom dt-pswp-item\" title=\"IMG_4258\" data-dt-img-description=\"\" data-large_image_width=\"2048\" data-large_image_height=\"1536\"href='https:\/\/www.radiopiu.net\/wordpress\/wp-content\/uploads\/2020\/08\/IMG_4258.jpg'><img loading=\"lazy\" decoding=\"async\" width=\"150\" height=\"150\" src=\"https:\/\/www.radiopiu.net\/wordpress\/wp-content\/uploads\/2020\/08\/IMG_4258-150x150.jpg\" class=\"attachment-thumbnail size-thumbnail\" alt=\"\" \/><\/a>\n\t\t\t\t<\/dt><\/dl><dl class='gallery-item'>\n\t\t\t\t<dt class='gallery-icon landscape'>\n\t\t\t\t\t<a class=\"rollover rollover-zoom dt-pswp-item\" title=\"IMG_4248\" data-dt-img-description=\"\" data-large_image_width=\"2048\" data-large_image_height=\"1536\"href='https:\/\/www.radiopiu.net\/wordpress\/wp-content\/uploads\/2020\/08\/IMG_4248.jpg'><img loading=\"lazy\" decoding=\"async\" width=\"150\" height=\"150\" src=\"https:\/\/www.radiopiu.net\/wordpress\/wp-content\/uploads\/2020\/08\/IMG_4248-150x150.jpg\" class=\"attachment-thumbnail size-thumbnail\" alt=\"\" \/><\/a>\n\t\t\t\t<\/dt><\/dl><dl class='gallery-item'>\n\t\t\t\t<dt class='gallery-icon landscape'>\n\t\t\t\t\t<a class=\"rollover rollover-zoom dt-pswp-item\" title=\"IMG_4228\" data-dt-img-description=\"\" data-large_image_width=\"2048\" data-large_image_height=\"1536\"href='https:\/\/www.radiopiu.net\/wordpress\/wp-content\/uploads\/2020\/08\/IMG_4228.jpg'><img loading=\"lazy\" decoding=\"async\" width=\"150\" height=\"150\" src=\"https:\/\/www.radiopiu.net\/wordpress\/wp-content\/uploads\/2020\/08\/IMG_4228-150x150.jpg\" class=\"attachment-thumbnail size-thumbnail\" alt=\"\" \/><\/a>\n\t\t\t\t<\/dt><\/dl><dl class='gallery-item'>\n\t\t\t\t<dt class='gallery-icon landscape'>\n\t\t\t\t\t<a class=\"rollover rollover-zoom dt-pswp-item\" title=\"IMG_3716\" data-dt-img-description=\"\" data-large_image_width=\"2048\" data-large_image_height=\"1536\"href='https:\/\/www.radiopiu.net\/wordpress\/wp-content\/uploads\/2020\/08\/IMG_3716.jpg'><img loading=\"lazy\" decoding=\"async\" width=\"150\" height=\"150\" src=\"https:\/\/www.radiopiu.net\/wordpress\/wp-content\/uploads\/2020\/08\/IMG_3716-150x150.jpg\" class=\"attachment-thumbnail size-thumbnail\" alt=\"\" \/><\/a>\n\t\t\t\t<\/dt><\/dl><dl class='gallery-item'>\n\t\t\t\t<dt class='gallery-icon landscape'>\n\t\t\t\t\t<a class=\"rollover rollover-zoom dt-pswp-item\" title=\"IMG_3852\" data-dt-img-description=\"\" data-large_image_width=\"2560\" data-large_image_height=\"2560\"href='https:\/\/www.radiopiu.net\/wordpress\/wp-content\/uploads\/2020\/08\/IMG_3852-scaled.jpg'><img loading=\"lazy\" decoding=\"async\" width=\"150\" height=\"150\" src=\"https:\/\/www.radiopiu.net\/wordpress\/wp-content\/uploads\/2020\/08\/IMG_3852-150x150.jpg\" class=\"attachment-thumbnail size-thumbnail\" alt=\"\" srcset=\"https:\/\/www.radiopiu.net\/wordpress\/wp-content\/uploads\/2020\/08\/IMG_3852-150x150.jpg 150w, https:\/\/www.radiopiu.net\/wordpress\/wp-content\/uploads\/2020\/08\/IMG_3852-300x300.jpg 300w, https:\/\/www.radiopiu.net\/wordpress\/wp-content\/uploads\/2020\/08\/IMG_3852-1024x1024.jpg 1024w, https:\/\/www.radiopiu.net\/wordpress\/wp-content\/uploads\/2020\/08\/IMG_3852-768x768.jpg 768w, https:\/\/www.radiopiu.net\/wordpress\/wp-content\/uploads\/2020\/08\/IMG_3852-1536x1536.jpg 1536w\" sizes=\"auto, (max-width: 150px) 100vw, 150px\" \/><\/a>\n\t\t\t\t<\/dt><\/dl><br style=\"clear: both\" \/><dl class='gallery-item'>\n\t\t\t\t<dt class='gallery-icon landscape'>\n\t\t\t\t\t<a class=\"rollover rollover-zoom dt-pswp-item\" title=\"IMG_3724\" data-dt-img-description=\"\" data-large_image_width=\"2048\" data-large_image_height=\"1536\"href='https:\/\/www.radiopiu.net\/wordpress\/wp-content\/uploads\/2020\/08\/IMG_3724.jpg'><img loading=\"lazy\" decoding=\"async\" width=\"150\" height=\"150\" src=\"https:\/\/www.radiopiu.net\/wordpress\/wp-content\/uploads\/2020\/08\/IMG_3724-150x150.jpg\" class=\"attachment-thumbnail size-thumbnail\" alt=\"\" \/><\/a>\n\t\t\t\t<\/dt><\/dl><dl class='gallery-item'>\n\t\t\t\t<dt class='gallery-icon landscape'>\n\t\t\t\t\t<a class=\"rollover rollover-zoom dt-pswp-item\" title=\"IMG_4210\" data-dt-img-description=\"\" data-large_image_width=\"2560\" data-large_image_height=\"1920\"href='https:\/\/www.radiopiu.net\/wordpress\/wp-content\/uploads\/2020\/08\/IMG_4210-scaled.jpg'><img loading=\"lazy\" decoding=\"async\" width=\"150\" height=\"150\" src=\"https:\/\/www.radiopiu.net\/wordpress\/wp-content\/uploads\/2020\/08\/IMG_4210-150x150.jpg\" class=\"attachment-thumbnail size-thumbnail\" alt=\"\" \/><\/a>\n\t\t\t\t<\/dt><\/dl><dl class='gallery-item'>\n\t\t\t\t<dt class='gallery-icon landscape'>\n\t\t\t\t\t<a class=\"rollover rollover-zoom dt-pswp-item\" title=\"IMG_4117\" data-dt-img-description=\"\" data-large_image_width=\"2560\" data-large_image_height=\"1920\"href='https:\/\/www.radiopiu.net\/wordpress\/wp-content\/uploads\/2020\/08\/IMG_4117-scaled.jpg'><img loading=\"lazy\" decoding=\"async\" width=\"150\" height=\"150\" src=\"https:\/\/www.radiopiu.net\/wordpress\/wp-content\/uploads\/2020\/08\/IMG_4117-150x150.jpg\" class=\"attachment-thumbnail size-thumbnail\" alt=\"\" \/><\/a>\n\t\t\t\t<\/dt><\/dl><dl class='gallery-item'>\n\t\t\t\t<dt class='gallery-icon landscape'>\n\t\t\t\t\t<a class=\"rollover rollover-zoom dt-pswp-item\" title=\"IMG_3872\" data-dt-img-description=\"\" data-large_image_width=\"2560\" data-large_image_height=\"1920\"href='https:\/\/www.radiopiu.net\/wordpress\/wp-content\/uploads\/2020\/08\/IMG_3872-scaled.jpg'><img loading=\"lazy\" decoding=\"async\" width=\"150\" height=\"150\" src=\"https:\/\/www.radiopiu.net\/wordpress\/wp-content\/uploads\/2020\/08\/IMG_3872-150x150.jpg\" class=\"attachment-thumbnail size-thumbnail\" alt=\"\" \/><\/a>\n\t\t\t\t<\/dt><\/dl><dl class='gallery-item'>\n\t\t\t\t<dt class='gallery-icon landscape'>\n\t\t\t\t\t<a class=\"rollover rollover-zoom dt-pswp-item\" title=\"IMG_3906\" data-dt-img-description=\"\" data-large_image_width=\"2560\" data-large_image_height=\"2560\"href='https:\/\/www.radiopiu.net\/wordpress\/wp-content\/uploads\/2020\/08\/IMG_3906-scaled.jpg'><img loading=\"lazy\" decoding=\"async\" width=\"150\" height=\"150\" src=\"https:\/\/www.radiopiu.net\/wordpress\/wp-content\/uploads\/2020\/08\/IMG_3906-150x150.jpg\" class=\"attachment-thumbnail size-thumbnail\" alt=\"\" srcset=\"https:\/\/www.radiopiu.net\/wordpress\/wp-content\/uploads\/2020\/08\/IMG_3906-150x150.jpg 150w, https:\/\/www.radiopiu.net\/wordpress\/wp-content\/uploads\/2020\/08\/IMG_3906-300x300.jpg 300w, https:\/\/www.radiopiu.net\/wordpress\/wp-content\/uploads\/2020\/08\/IMG_3906-1024x1024.jpg 1024w, https:\/\/www.radiopiu.net\/wordpress\/wp-content\/uploads\/2020\/08\/IMG_3906-768x768.jpg 768w, https:\/\/www.radiopiu.net\/wordpress\/wp-content\/uploads\/2020\/08\/IMG_3906-1536x1536.jpg 1536w\" sizes=\"auto, (max-width: 150px) 100vw, 150px\" \/><\/a>\n\t\t\t\t<\/dt><\/dl><br style=\"clear: both\" \/>\n\t\t\t<\/div>\n\n<p>&nbsp;<\/p>\n<hr \/>\n<p>&nbsp;<\/p>\n<p><strong class=\"photoswipe-wrapper\"><a class=\"dt-pswp-item pspw-wrap-ready\" href=\"https:\/\/i2.wp.com\/www.radiopiu.net\/wordpress\/wp-content\/uploads\/2018\/08\/ACQUA.jpeg?ssl=1\" data-dt-img-description=\"\" data-large_image_width=\"1280\" data-large_image_height=\"768\"><img loading=\"lazy\" decoding=\"async\" class=\"wp-image-57052 alignleft\" src=\"https:\/\/i2.wp.com\/www.radiopiu.net\/wordpress\/wp-content\/uploads\/2018\/08\/ACQUA.jpeg?resize=198%2C119&amp;ssl=1\" sizes=\"auto, (max-width: 198px) 100vw, 198px\" srcset=\"https:\/\/i2.wp.com\/www.radiopiu.net\/wordpress\/wp-content\/uploads\/2018\/08\/ACQUA.jpeg?resize=300%2C180&amp;ssl=1 300w, https:\/\/i2.wp.com\/www.radiopiu.net\/wordpress\/wp-content\/uploads\/2018\/08\/ACQUA.jpeg?resize=768%2C461&amp;ssl=1 768w, https:\/\/i2.wp.com\/www.radiopiu.net\/wordpress\/wp-content\/uploads\/2018\/08\/ACQUA.jpeg?resize=1024%2C614&amp;ssl=1 1024w, https:\/\/i2.wp.com\/www.radiopiu.net\/wordpress\/wp-content\/uploads\/2018\/08\/ACQUA.jpeg?w=1280&amp;ssl=1 1280w\" alt=\"\" width=\"198\" height=\"119\" data-recalc-dims=\"1\" \/><\/a><\/strong><strong class=\"photoswipe-wrapper\">RIVAMONTE<\/strong>\u00a0 Gestione Servizi Pubblici informa che a RIVAMONTE AGORDINO nelle localit\u00e0 MIOTTE, ZENICH, MOTTES, ZEP-SCHENA, SARET, ROSTE, PALUCH, GONA DI CONEDERA, PONTE ALTO, LONIE e SANTEL, VILLAGRANDE, ROSSON, TOS e Via ROMA l\u2019acqua erogata dall\u2019acquedotto \u00e8 di nuovo potabile e pu\u00f2 essere usata, quindi, per scopi alimentari. <strong>SAN TOMASO AGORDINO<\/strong> nelle LOCALITA\u2019 ROI E PIANEZZE l\u2019acqua erogata dall\u2019acquedotto non \u00e8 potabile e non pu\u00f2 essere usata per scopi alimentari. Verr\u00e0 effettuato servizio sostitutivo con autobotte. Nella frazione Costa l&#8217;acqua \u00e8 di nuovo potabile <strong>FALCADE<\/strong> Vasche al limite e invito del sindaco a usare l&#8217;acqua con parsimonia.<strong> SELVA DI CADORE<\/strong> Situazione monitorato a L&#8217;Andria dopo la strana colarazione marroncina assuta dall&#8217;acqua dopo le piogge, per ora nessuna restrizione ma l&#8217;invito a chiamare GSP in caso di anomalie.<\/p>\n<p>&nbsp;<\/p>\n<p>&nbsp;<\/p>\n<hr \/>\n<p>&nbsp;<\/p>\n<blockquote>\n<h3>PRECIPITA E PERDE LA VITA SUL MONTE DOLADA<\/h3>\n<\/blockquote>\n<p><strong><a class=\"dt-pswp-item\" href=\"https:\/\/www.radiopiu.net\/wordpress\/wp-content\/uploads\/2020\/07\/salt_20200723_200143_953_resized.jpg\" data-dt-img-description=\"\" data-large_image_width=\"1182\" data-large_image_height=\"886\"><img loading=\"lazy\" decoding=\"async\" class=\"size-medium wp-image-151081 alignleft\" src=\"https:\/\/www.radiopiu.net\/wordpress\/wp-content\/uploads\/2020\/07\/salt_20200723_200143_953_resized-300x225.jpg\" alt=\"\" width=\"300\" height=\"225\" srcset=\"https:\/\/www.radiopiu.net\/wordpress\/wp-content\/uploads\/2020\/07\/salt_20200723_200143_953_resized-300x225.jpg 300w, https:\/\/www.radiopiu.net\/wordpress\/wp-content\/uploads\/2020\/07\/salt_20200723_200143_953_resized-1024x768.jpg 1024w, https:\/\/www.radiopiu.net\/wordpress\/wp-content\/uploads\/2020\/07\/salt_20200723_200143_953_resized-768x576.jpg 768w, https:\/\/www.radiopiu.net\/wordpress\/wp-content\/uploads\/2020\/07\/salt_20200723_200143_953_resized.jpg 1182w\" sizes=\"auto, (max-width: 300px) 100vw, 300px\" \/><\/a>PONTE NELLE ALPI<\/strong> Ieri alle 12.40 circa la Centrale del 118 \u00e8 stata chiamata da una donna lussemburghese,\u00a0 il cui marito Guy Steichen di 60 anni era scivolato dal Monte Dolada; ad avvisarla, dal momento che parlava italiano e avrebbe potuto lanciare l&#8217;allarme, l&#8217;amico con cui l&#8217;uomo si trovava, che lo aveva visto precipitare ed era ancora bloccato tra le rocce. Riusciti a risalire alle coordinate del punto e all&#8217;itinerario seguito dai due, l&#8217;elicottero del Suem di Pieve di Cadore ha sorvolato la zona, individuando a 1.490 metri di quota l&#8217;escursionista incrodato, sotto shock, e provvedendo immediatamente al suo recupero, avvenuto con il verricello, data la situazione di rischio. L&#8217;eliambulanza lo ha quindi trasportato al campo sportivo di Soccher ed \u00e8 tornata sul Dolada, dove duecento metri circa pi\u00f9 in basso sulla verticale rispetto a dove si trovava l&#8217;uomo, \u00e8 stato visto il corpo senza vita dell&#8217;amico, Guy Steichen di 60 anni di Lussemburgo. Calato con una verricellata di 20 metri il tecnico di elisoccorso che ha attrezzato una sosta, in supporto alle operazioni sono poi stati sbarcati anche due tecnici del Soccorso alpino di Longarone. La salma, ricomposta e imbarellata, \u00e8 stata trasportata a Soccher e affidata al carro funebre. Dalle prime informazioni, i due amici erano partiti dal Rifugio Carota e, raggiunta la cima del Dolada, erano intenzionati a scendere lungo la via normale che passa dal Bivacco Scalon, dove per\u00f2 non erano mai arrivati, perch\u00e9 scesi pi\u00f9 sotto seguendo una traccia sbagliata. Arrivati sopra alcuni salti di roccia verticale, il sessantenne era scivolato scomparendo nel vuoto.<\/p>\n<p>&nbsp;<\/p>\n<hr \/>\n<p>&nbsp;<\/p>\n<blockquote>\n<h3>\u00a0UN ALTRO INCIDENTE MORTALE IN VALSUGANA, MUORE UN VICENTINO CON DOMICILIO AD AGORDO.<\/h3>\n<p><strong><a class=\"dt-pswp-item\" href=\"https:\/\/www.radiopiu.net\/wordpress\/wp-content\/uploads\/2020\/08\/20160125_153507_imagefullwide.jpg\" data-dt-img-description=\"\" data-large_image_width=\"1170\" data-large_image_height=\"658\"><img loading=\"lazy\" decoding=\"async\" class=\"size-medium wp-image-155383 alignleft\" src=\"https:\/\/www.radiopiu.net\/wordpress\/wp-content\/uploads\/2020\/08\/20160125_153507_imagefullwide-300x169.jpg\" alt=\"\" width=\"300\" height=\"169\" srcset=\"https:\/\/www.radiopiu.net\/wordpress\/wp-content\/uploads\/2020\/08\/20160125_153507_imagefullwide-300x169.jpg 300w, https:\/\/www.radiopiu.net\/wordpress\/wp-content\/uploads\/2020\/08\/20160125_153507_imagefullwide-1024x576.jpg 1024w, https:\/\/www.radiopiu.net\/wordpress\/wp-content\/uploads\/2020\/08\/20160125_153507_imagefullwide-768x432.jpg 768w, https:\/\/www.radiopiu.net\/wordpress\/wp-content\/uploads\/2020\/08\/20160125_153507_imagefullwide.jpg 1170w\" sizes=\"auto, (max-width: 300px) 100vw, 300px\" \/><\/a>TRENTO<\/strong> Poche ore dopo l&#8217;incidente in cui ha perso la vita il pasticcere feltrino Roberto Garbuio ancora sangue sulle strade della Valsugana. La vittima \u00e8 un 57enne di Valdagno\u00a0 (Vicenza), Celestino Doriano Cailotto\u00a0 domiciliato nell&#8217;Agordino. Era in sella alla sua moto lungo la statale 47\u00a0 verso il lago di Caldonazzo quando si \u00e8 verificato l&#8217;impatto frontale con un&#8217;auto una Seat il cui guidatore \u00e8 rimasto illeso. Uno dei due mezzi ha sorpassato la linea di mezzeria invadendo l&#8217;opposta corsia. Celestino Doriano Cailotto non era un motociclista &#8220;della domenica&#8221;, aveva sempre avuto moto di grossa cilindrata ed aveva una certa pratica di guida. Nato a Valdagno, in provincia di Vicenza, aveva 57 anni &#8211; ne avrebbe compiuti 58 entro l&#8217;anno &#8211; e viveva da solo a Agordo, dove si era trasferito da alcuni anni, pur mantenendo la residenza a Valdagno.Lascia una sorella, Maria Cristina. L&#8217;uomo \u00e8 morto dopo una notte di agonia all&#8217;ospedale Santa Chiara di Trento (foto).<\/p><\/blockquote>\n<p>&nbsp;<\/p>\n<p>&nbsp;<\/p>\n<hr \/>\n<p>&nbsp;<\/p>\n<blockquote>\n<h3>CONTINUERANNO OGGI LE RICERCHE SULLA CASCATA BASSA DI FANES A CORTINA<\/h3>\n<\/blockquote>\n<p><strong>CORTINA<\/strong> Sono iniziate nel primo pomeriggio di oggi le ricerche di un uomo Alfonso Maria Lostia, 38 anni\u00a0 di Roma travolto dalla cascata bassa di Fanes a Cortina. L&#8217;uomo si trovava a camminare con la moglie su sentiero attrezzato quando la furia dell&#8217;acqua, aumentata a causa del maltempo, lo avrebbe travolto. Sul posto il Soccorso Alpino e i sommozzatori dei Vigili del Fuoco. \u00e8 stata ritrovata la giacca dell&#8217;uomo e la moglie ha spiegato che il marito si era allontanato di qualche passo per scattare una foto quando l&#8217;aumento della portata dell&#8217;acqua, infatti, ha intorpidito la cascata ed ha alzato il livello.<\/p>\n<p>&nbsp;<\/p>\n<p>AGGIORNAMENTO DELLE 21<\/p>\n<p>Sono state sospese le ricerche. I sommozzatori hanno fatto un tentativo nel pomeriggio di ieri ma la corrente era molto forte. Le ricerche riprenderanno questa mattina sempre con la presenza dei sommozzatori dei Vigili del Fuoco.<\/p>\n\n\t\t\t<style type='text\/css'>\n\t\t\t\t#gallery-2 {\n\t\t\t\t\tmargin: auto;\n\t\t\t\t}\n\t\t\t\t#gallery-2 .gallery-item {\n\t\t\t\t\tfloat: left;\n\t\t\t\t\tmargin-top: 10px;\n\t\t\t\t\ttext-align: center;\n\t\t\t\t\twidth: 33%;\n\t\t\t\t}\n\t\t\t\t#gallery-2 img {\n\t\t\t\t\tborder: 2px solid #cfcfcf;\n\t\t\t\t}\n\t\t\t\t#gallery-2 .gallery-caption {\n\t\t\t\t\tmargin-left: 0;\n\t\t\t\t}\n\t\t\t\t\/* see gallery_shortcode() in wp-includes\/media.php *\/\n\t\t\t<\/style>\n\t\t<div id='gallery-2' class='dt-gallery-container gallery galleryid-155154 gallery-columns-3 gallery-size-thumbnail'><dl class='gallery-item'>\n\t\t\t\t<dt class='gallery-icon landscape'>\n\t\t\t\t\t<a class=\"rollover rollover-zoom dt-pswp-item\" title=\"A61D4AFB-E32E-4ADA-9638-A7AEB27817E4\" data-dt-img-description=\"\" data-large_image_width=\"1600\" data-large_image_height=\"1200\"href='https:\/\/www.radiopiu.net\/wordpress\/wp-content\/uploads\/2020\/08\/A61D4AFB-E32E-4ADA-9638-A7AEB27817E4.jpeg'><img loading=\"lazy\" decoding=\"async\" width=\"150\" height=\"150\" src=\"https:\/\/www.radiopiu.net\/wordpress\/wp-content\/uploads\/2020\/08\/A61D4AFB-E32E-4ADA-9638-A7AEB27817E4-150x150.jpeg\" class=\"attachment-thumbnail size-thumbnail\" alt=\"\" \/><\/a>\n\t\t\t\t<\/dt><\/dl><dl class='gallery-item'>\n\t\t\t\t<dt class='gallery-icon portrait'>\n\t\t\t\t\t<a class=\"rollover rollover-zoom dt-pswp-item\" title=\"DFEF9127-C3B2-4CAC-81C1-EC279841B290\" data-dt-img-description=\"\" data-large_image_width=\"1200\" data-large_image_height=\"1600\"href='https:\/\/www.radiopiu.net\/wordpress\/wp-content\/uploads\/2020\/08\/DFEF9127-C3B2-4CAC-81C1-EC279841B290.jpeg'><img loading=\"lazy\" decoding=\"async\" width=\"150\" height=\"150\" src=\"https:\/\/www.radiopiu.net\/wordpress\/wp-content\/uploads\/2020\/08\/DFEF9127-C3B2-4CAC-81C1-EC279841B290-150x150.jpeg\" class=\"attachment-thumbnail size-thumbnail\" alt=\"\" \/><\/a>\n\t\t\t\t<\/dt><\/dl><dl class='gallery-item'>\n\t\t\t\t<dt class='gallery-icon portrait'>\n\t\t\t\t\t<a class=\"rollover rollover-zoom dt-pswp-item\" title=\"5D4569E7-FC87-4679-9575-B0B4CDDD6C8B\" data-dt-img-description=\"\" data-large_image_width=\"1200\" data-large_image_height=\"1600\"href='https:\/\/www.radiopiu.net\/wordpress\/wp-content\/uploads\/2020\/08\/5D4569E7-FC87-4679-9575-B0B4CDDD6C8B.jpeg'><img loading=\"lazy\" decoding=\"async\" width=\"150\" height=\"150\" src=\"https:\/\/www.radiopiu.net\/wordpress\/wp-content\/uploads\/2020\/08\/5D4569E7-FC87-4679-9575-B0B4CDDD6C8B-150x150.jpeg\" class=\"attachment-thumbnail size-thumbnail\" alt=\"\" \/><\/a>\n\t\t\t\t<\/dt><\/dl><br style=\"clear: both\" \/><dl class='gallery-item'>\n\t\t\t\t<dt class='gallery-icon portrait'>\n\t\t\t\t\t<a class=\"rollover rollover-zoom dt-pswp-item\" title=\"C51E5C8C-B84D-4F44-B58A-D4CE480C115A\" data-dt-img-description=\"\" data-large_image_width=\"1200\" data-large_image_height=\"1600\"href='https:\/\/www.radiopiu.net\/wordpress\/wp-content\/uploads\/2020\/08\/C51E5C8C-B84D-4F44-B58A-D4CE480C115A.jpeg'><img loading=\"lazy\" decoding=\"async\" width=\"150\" height=\"150\" src=\"https:\/\/www.radiopiu.net\/wordpress\/wp-content\/uploads\/2020\/08\/C51E5C8C-B84D-4F44-B58A-D4CE480C115A-150x150.jpeg\" class=\"attachment-thumbnail size-thumbnail\" alt=\"\" \/><\/a>\n\t\t\t\t<\/dt><\/dl><dl class='gallery-item'>\n\t\t\t\t<dt class='gallery-icon portrait'>\n\t\t\t\t\t<a class=\"rollover rollover-zoom dt-pswp-item\" title=\"F7EA3CC6-9355-4FBB-B8E0-A7AA53E713D8\" data-dt-img-description=\"\" data-large_image_width=\"1200\" data-large_image_height=\"1600\"href='https:\/\/www.radiopiu.net\/wordpress\/wp-content\/uploads\/2020\/08\/F7EA3CC6-9355-4FBB-B8E0-A7AA53E713D8.jpeg'><img loading=\"lazy\" decoding=\"async\" width=\"150\" height=\"150\" src=\"https:\/\/www.radiopiu.net\/wordpress\/wp-content\/uploads\/2020\/08\/F7EA3CC6-9355-4FBB-B8E0-A7AA53E713D8-150x150.jpeg\" class=\"attachment-thumbnail size-thumbnail\" alt=\"\" \/><\/a>\n\t\t\t\t<\/dt><\/dl>\n\t\t\t\t<br style='clear: both' \/>\n\t\t\t<\/div>\n\n<p>&nbsp;<\/p>\n<p>&nbsp;<\/p>\n<p>&nbsp;<\/p>\n<hr \/>\n<p>&nbsp;<\/p>\n<blockquote>\n<h3>CERCATORI DI FUNGHI INTRAPPOLATI TRA GLI SCHIANTI DI VAIA A SELVA DI CADORE, MALORE SUL LAGO DEL CORLO AD ARSI\u00c8<\/h3>\n<\/blockquote>\n<p><strong><a class=\"dt-pswp-item\" href=\"https:\/\/www.radiopiu.net\/wordpress\/wp-content\/uploads\/2018\/08\/soccorsoalpino.jpg\" data-dt-img-description=\"\" data-large_image_width=\"1200\" data-large_image_height=\"1200\"><img loading=\"lazy\" decoding=\"async\" class=\"size-medium wp-image-59164 alignleft\" src=\"https:\/\/www.radiopiu.net\/wordpress\/wp-content\/uploads\/2018\/08\/soccorsoalpino-300x300.jpg\" alt=\"\" width=\"300\" height=\"300\" srcset=\"https:\/\/www.radiopiu.net\/wordpress\/wp-content\/uploads\/2018\/08\/soccorsoalpino-300x300.jpg 300w, https:\/\/www.radiopiu.net\/wordpress\/wp-content\/uploads\/2018\/08\/soccorsoalpino-150x150.jpg 150w, https:\/\/www.radiopiu.net\/wordpress\/wp-content\/uploads\/2018\/08\/soccorsoalpino-768x768.jpg 768w, https:\/\/www.radiopiu.net\/wordpress\/wp-content\/uploads\/2018\/08\/soccorsoalpino-1024x1024.jpg 1024w, https:\/\/www.radiopiu.net\/wordpress\/wp-content\/uploads\/2018\/08\/soccorsoalpino.jpg 1200w\" sizes=\"auto, (max-width: 300px) 100vw, 300px\" \/><\/a>SELVA DI CADORE <\/strong>Attorno a mezzogiorno una squadra del Soccorso alpino della Val Fiorentina \u00e8 intervenuta sui pendii che costeggiano la strada che da Caprile sale a Santa Fosca, nel comune di Selva di Cadore, dove due cercatori di funghi si erano spinti in un tratto ripido tra gli schianti di Vaia e non erano pi\u00f9 capaci di muoversi in sicurezza sopra un salto di roccia. Risaliti dalla descrizione dei riferimenti visivi al luogo in cui potevano trovarsi R.B., 65 anni, di Venezia, e P.C., 68 anni, di Mira (VE), ovvero poco dopo la prima galleria sulla provinciale, i soccorritori li hanno raggiunti e, dopo averli assicurati, hanno deciso di farli risalire verso l&#8217;alto, attrezzando una corda fissa, e di calarli poi per una sessantina di metri dall&#8217;altra parte del costone fino a tornare sulla strada poco distante.<\/p>\n<p><strong>ARSIE&#8217;\u00a0<\/strong>Nel primo pomeriggio una squadra del Soccorso alpino di Feltre \u00e8 stata inviata lungo il percorso ad anello del Lago del Corlo ad Arsi\u00e8, dove un trentacinquenne di Belluno, colto da malore era caduto a terra sbattendo il volto. L&#8217;escursionista \u00e8 stato stabilizzato, imbarellato e trasportato all&#8217;ospedale di Feltre.<\/p>\n<p>&nbsp;<\/p>\n<p>&nbsp;<\/p>\n<p>&nbsp;<\/p>\n<p>&nbsp;<\/p>\n<p>&nbsp;<\/p>\n<p>&nbsp;<\/p>\n<hr \/>\n<p>&nbsp;<\/p>\n<blockquote>\n<h3>ESCURSIONISTA TEDESCA SOCCORSA PER IPOTERMIA<\/h3>\n<\/blockquote>\n<p><strong><a class=\"dt-pswp-item\" href=\"https:\/\/www.radiopiu.net\/wordpress\/wp-content\/uploads\/2020\/04\/salt_20190914_170959_414.jpg\" data-dt-img-description=\"\" data-large_image_width=\"1240\" data-large_image_height=\"930\"><img loading=\"lazy\" decoding=\"async\" class=\" wp-image-129119 alignleft\" src=\"https:\/\/www.radiopiu.net\/wordpress\/wp-content\/uploads\/2020\/04\/salt_20190914_170959_414-300x225.jpg\" alt=\"\" width=\"199\" height=\"149\" srcset=\"https:\/\/www.radiopiu.net\/wordpress\/wp-content\/uploads\/2020\/04\/salt_20190914_170959_414-300x225.jpg 300w, https:\/\/www.radiopiu.net\/wordpress\/wp-content\/uploads\/2020\/04\/salt_20190914_170959_414-1024x768.jpg 1024w, https:\/\/www.radiopiu.net\/wordpress\/wp-content\/uploads\/2020\/04\/salt_20190914_170959_414-768x576.jpg 768w, https:\/\/www.radiopiu.net\/wordpress\/wp-content\/uploads\/2020\/04\/salt_20190914_170959_414.jpg 1240w\" sizes=\"auto, (max-width: 199px) 100vw, 199px\" \/><\/a>VAL DI ZOLDO<\/strong> Attorno alle 19.30 l&#8217;elicottero del Suem di Pieve di Cadore \u00e8 volato sul sentiero Tivan, sotto il Civetta, a seguito della chiamata di un escursionista tedesco, colto dal temporale assieme alla compagna, che diceva stessero entrambi bene. Ma una volta sul posto, a una centina di minuti dal Rifugio Coldai, \u00e8 subito emerso il forte stato di ipotermia della donna che, imbarcata assieme al marito, \u00e8 stata subito trasportata all&#8217;ospedale di Belluno per le cure del caso.<\/p>\n<p>&nbsp;<\/p>\n<p>&nbsp;<\/p>\n<p>&nbsp;<\/p>\n<hr \/>\n<p>&nbsp;<\/p>\n<p>&nbsp;<\/p>\n<blockquote>\n<h3>SI \u00c8 CONCLUSO IERI ALLE 2 IL RECUPERO DEI DUE INGLESI SULLA MOIAZZA<\/h3>\n<\/blockquote>\n<p><strong><a class=\"dt-pswp-item\" href=\"https:\/\/www.radiopiu.net\/wordpress\/wp-content\/uploads\/2020\/08\/salt_20200814_100529_041_resized.jpg\" data-dt-img-description=\"\" data-large_image_width=\"1182\" data-large_image_height=\"886\"><img loading=\"lazy\" decoding=\"async\" class=\"size-medium wp-image-155209 alignleft\" src=\"https:\/\/www.radiopiu.net\/wordpress\/wp-content\/uploads\/2020\/08\/salt_20200814_100529_041_resized-300x225.jpg\" alt=\"\" width=\"300\" height=\"225\" srcset=\"https:\/\/www.radiopiu.net\/wordpress\/wp-content\/uploads\/2020\/08\/salt_20200814_100529_041_resized-300x225.jpg 300w, https:\/\/www.radiopiu.net\/wordpress\/wp-content\/uploads\/2020\/08\/salt_20200814_100529_041_resized-1024x768.jpg 1024w, https:\/\/www.radiopiu.net\/wordpress\/wp-content\/uploads\/2020\/08\/salt_20200814_100529_041_resized-768x576.jpg 768w, https:\/\/www.radiopiu.net\/wordpress\/wp-content\/uploads\/2020\/08\/salt_20200814_100529_041_resized.jpg 1182w\" sizes=\"auto, (max-width: 300px) 100vw, 300px\" \/><\/a>AGORDO<\/strong> \u00c8 stato un intervento difficile e assai tosto, come &#8216;ai vecchi tempi&#8217;, quello che dal pomeriggio di ieri fino a notte fonda ha impegnato il Soccorso alpino di Agordo sulla Moiazza. Fondamentali l&#8217;affiatamento e la preparazione tecnica della squadra, che ha riportato a valle due ragazzi sfiniti dalla stanchezza lungo 750 metri di dislivello, tra calate in parete e ripidi sentieri resi ancora pi\u00f9 scivolosi dalla pioggia. Di certo non lo dimenticheranno i due ragazzi inglesi, di 30 e 27 anni, che gioved\u00ec avevano lanciato l&#8217;allarme attorno alle 17. I due, uno alla prima esperienza escluse camminate sui sentieri, erano partiti passate le 3 di notte dal Rifugio Tom\u00e8, sul Passo Duran. Un&#8217;oretta abbondante dopo avevano attaccato la Ferrata Costantini. Erano saliti sulla Pala del Belia e di seguito alla Cresta delle Masenade e da l\u00ec, probabilmente gi\u00e0 stanchi, avevano deciso di rientrare dell&#8217;itinerario appena fatto. Durante la discesa per\u00f2, sopra la Cattedrale hanno sbagliato traccia e preso la vecchia via normale che, se non conosci bene il percorso, ti porta sopra salti di roccia. Capito che da quel punto non sarebbero passati, i due sono tornati sui loro passi alla Cattedrale e, ormai sfiniti, uno anche con escoriazioni dovute a una scivolata, si sono fermati e hanno chiesto aiuto. Dalla Centrale operativa del 118 non \u00e8 stato possibile ricevere notizie certe sulla loro posizione. Il cellulare non prendeva e, tramite messaggi, erano riusciti a risalire a due coordinate differenti, la prima sulla cattedrale (dove effettivamente erano), la seconda verso il Bivacco Grisetti. L&#8217;elicottero del Suem di Pieve di Cadore, subito decollato, ha sorvolato la Moiazza, ma le nubi non hanno permesso l&#8217;individuazione degli escursionisti. L&#8217;eliambulanza \u00e8 quindi volata a imbarcare due soccorritori in piazzola ad Agordo e un terzo dal Rifugio Carestiato, per poi trasportarli in quota e sbarcarli, entrando dal Van della Moiazza, sulla Forcella delle Masenade. In una seconda rotazione l&#8217;elicottero ha portato in quota altri due tecnici. Dato che non vi era certezza di dove fossero, i soccorritori si sono divisi: due verso la cima della Ferrata per non escludere quel tratto, tre gi\u00f9 verso la Cattedrale. Non appena i tre si sono abbassati e hanno iniziato a chiamare, dalle urla ricevute in risposta li hanno trovati, poco sotto, a 2.590 metri di quota. Riunitisi al resto della squadra, sono quindi iniziate le operazioni per attrezzare le calate, una quindicina lungo la parete verticale, fino alla sommit\u00e0 della Pala del Belia, a 2.300 metri circa di altitudine. Calato il buio e con i due escursionisti stremati, in contatto costante con l&#8217;elicottero di Trento emergenza abilitato per il volo notturno, si \u00e8 tentato un recupero con l&#8217;eliambulanza, purtroppo vanificato dalla nebbia persistente. Alle 23 il gruppo \u00e8 stato investito dal temporale e, abbandonato il materiale di metallo per il rischio di fulmini, i sette si sono spostati di 50 metri e riparati sotto la roccia. Smessa la pioggia, hanno quindi ripreso a scendere per la via normale che passa nel canalone tra la Pala del Belia e la Pala del Bo, sul cui tratto terminale si era formata una cascata di acqua. I tecnici hanno dovuto predisporre altri tre ancoraggi su roccia per superare alcuni salti, sono risaliti sulla Pala del Bo &#8211; raggiunti da altri due soccorritori in supporto alle operazioni &#8211; per poi prendere il sentiero e arrivare alle 2 al Rifugio Carestiato, a quota 1.834, dove un&#8217;altra squadra di quattro persone era pronta a partire. I due escursionisti sono poi scesi con i soccorritori in rientro fino al Passo Duran.<\/p>\n\n\t\t\t<style type='text\/css'>\n\t\t\t\t#gallery-3 {\n\t\t\t\t\tmargin: auto;\n\t\t\t\t}\n\t\t\t\t#gallery-3 .gallery-item {\n\t\t\t\t\tfloat: left;\n\t\t\t\t\tmargin-top: 10px;\n\t\t\t\t\ttext-align: center;\n\t\t\t\t\twidth: 33%;\n\t\t\t\t}\n\t\t\t\t#gallery-3 img {\n\t\t\t\t\tborder: 2px solid #cfcfcf;\n\t\t\t\t}\n\t\t\t\t#gallery-3 .gallery-caption {\n\t\t\t\t\tmargin-left: 0;\n\t\t\t\t}\n\t\t\t\t\/* see gallery_shortcode() in wp-includes\/media.php *\/\n\t\t\t<\/style>\n\t\t<div id='gallery-3' class='dt-gallery-container gallery galleryid-155154 gallery-columns-3 gallery-size-medium'><dl class='gallery-item'>\n\t\t\t\t<dt class='gallery-icon portrait'>\n\t\t\t\t\t<a class=\"rollover\" href='https:\/\/www.radiopiu.net\/wordpress\/si-e-concluso-questa-notte-alle-2-il-recupero-dei-due-inglesi-sulla-moiazza\/salt_20200814_100618_995_resized\/'><img loading=\"lazy\" decoding=\"async\" width=\"168\" height=\"300\" src=\"https:\/\/www.radiopiu.net\/wordpress\/wp-content\/uploads\/2020\/08\/salt_20200814_100618_995_resized-168x300.jpg\" class=\"attachment-medium size-medium\" alt=\"\" srcset=\"https:\/\/www.radiopiu.net\/wordpress\/wp-content\/uploads\/2020\/08\/salt_20200814_100618_995_resized-168x300.jpg 168w, https:\/\/www.radiopiu.net\/wordpress\/wp-content\/uploads\/2020\/08\/salt_20200814_100618_995_resized-573x1024.jpg 573w, https:\/\/www.radiopiu.net\/wordpress\/wp-content\/uploads\/2020\/08\/salt_20200814_100618_995_resized.jpg 765w\" sizes=\"auto, (max-width: 168px) 100vw, 168px\" \/><\/a>\n\t\t\t\t<\/dt><\/dl><dl class='gallery-item'>\n\t\t\t\t<dt class='gallery-icon portrait'>\n\t\t\t\t\t<a class=\"rollover\" href='https:\/\/www.radiopiu.net\/wordpress\/si-e-concluso-questa-notte-alle-2-il-recupero-dei-due-inglesi-sulla-moiazza\/salt_20200814_100713_799\/'><img loading=\"lazy\" decoding=\"async\" width=\"168\" height=\"300\" src=\"https:\/\/www.radiopiu.net\/wordpress\/wp-content\/uploads\/2020\/08\/salt_20200814_100713_799-168x300.jpg\" class=\"attachment-medium size-medium\" alt=\"\" srcset=\"https:\/\/www.radiopiu.net\/wordpress\/wp-content\/uploads\/2020\/08\/salt_20200814_100713_799-168x300.jpg 168w, https:\/\/www.radiopiu.net\/wordpress\/wp-content\/uploads\/2020\/08\/salt_20200814_100713_799-573x1024.jpg 573w, https:\/\/www.radiopiu.net\/wordpress\/wp-content\/uploads\/2020\/08\/salt_20200814_100713_799-768x1373.jpg 768w, https:\/\/www.radiopiu.net\/wordpress\/wp-content\/uploads\/2020\/08\/salt_20200814_100713_799-859x1536.jpg 859w, https:\/\/www.radiopiu.net\/wordpress\/wp-content\/uploads\/2020\/08\/salt_20200814_100713_799-1145x2048.jpg 1145w, https:\/\/www.radiopiu.net\/wordpress\/wp-content\/uploads\/2020\/08\/salt_20200814_100713_799-scaled.jpg 1432w\" sizes=\"auto, (max-width: 168px) 100vw, 168px\" \/><\/a>\n\t\t\t\t<\/dt><\/dl><dl class='gallery-item'>\n\t\t\t\t<dt class='gallery-icon portrait'>\n\t\t\t\t\t<a class=\"rollover\" href='https:\/\/www.radiopiu.net\/wordpress\/si-e-concluso-questa-notte-alle-2-il-recupero-dei-due-inglesi-sulla-moiazza\/salt_20200814_101059_761_resized\/'><img loading=\"lazy\" decoding=\"async\" width=\"168\" height=\"300\" src=\"https:\/\/www.radiopiu.net\/wordpress\/wp-content\/uploads\/2020\/08\/salt_20200814_101059_761_resized-168x300.jpg\" class=\"attachment-medium size-medium\" alt=\"\" srcset=\"https:\/\/www.radiopiu.net\/wordpress\/wp-content\/uploads\/2020\/08\/salt_20200814_101059_761_resized-168x300.jpg 168w, https:\/\/www.radiopiu.net\/wordpress\/wp-content\/uploads\/2020\/08\/salt_20200814_101059_761_resized-573x1024.jpg 573w, https:\/\/www.radiopiu.net\/wordpress\/wp-content\/uploads\/2020\/08\/salt_20200814_101059_761_resized.jpg 765w\" sizes=\"auto, (max-width: 168px) 100vw, 168px\" \/><\/a>\n\t\t\t\t<\/dt><\/dl><br style=\"clear: both\" \/>\n\t\t\t<\/div>\n\n<p>&nbsp;<\/p>\n<hr \/>\n<p>&nbsp;<\/p>\n<blockquote>\n<h3>SBAGLIA L&#8217;ATTERRAGGIO E VOLA IN OSPEDALE<\/h3>\n<\/blockquote>\n<p><strong>CENCENIGHE<\/strong> L&#8217;elisoccorso e il personale del SUEM sono intervenuti nel pomeriggio a Cencenighe per soccorrere un uomo P.P. turista francese di 46 anni\u00a0 che con il parapendio ha completato la manovra di atterraggio in modo &#8220;pesante&#8221; cadendo da un&#8217;altezza di 10 metri \u00e8 stato trasportato all&#8217;ospedale di Belluno per ferite di media gravit\u00e0, non \u00e8 in pericolo di vita. L&#8217;elicottero \u00e8 atterrato al campo di calcio del paese.<\/p>\n\n\t\t\t<style type='text\/css'>\n\t\t\t\t#gallery-4 {\n\t\t\t\t\tmargin: auto;\n\t\t\t\t}\n\t\t\t\t#gallery-4 .gallery-item {\n\t\t\t\t\tfloat: left;\n\t\t\t\t\tmargin-top: 10px;\n\t\t\t\t\ttext-align: center;\n\t\t\t\t\twidth: 33%;\n\t\t\t\t}\n\t\t\t\t#gallery-4 img {\n\t\t\t\t\tborder: 2px solid #cfcfcf;\n\t\t\t\t}\n\t\t\t\t#gallery-4 .gallery-caption {\n\t\t\t\t\tmargin-left: 0;\n\t\t\t\t}\n\t\t\t\t\/* see gallery_shortcode() in wp-includes\/media.php *\/\n\t\t\t<\/style>\n\t\t<div id='gallery-4' class='dt-gallery-container gallery galleryid-155154 gallery-columns-3 gallery-size-medium'><dl class='gallery-item'>\n\t\t\t\t<dt class='gallery-icon landscape'>\n\t\t\t\t\t<a class=\"rollover rollover-zoom dt-pswp-item\" title=\"IMG_0180\" data-dt-img-description=\"\" data-large_image_width=\"2560\" data-large_image_height=\"1707\"href='https:\/\/www.radiopiu.net\/wordpress\/wp-content\/uploads\/2020\/08\/IMG_0180-scaled.jpg'><img loading=\"lazy\" decoding=\"async\" width=\"300\" height=\"200\" src=\"https:\/\/www.radiopiu.net\/wordpress\/wp-content\/uploads\/2020\/08\/IMG_0180-300x200.jpg\" class=\"attachment-medium size-medium\" alt=\"\" srcset=\"https:\/\/www.radiopiu.net\/wordpress\/wp-content\/uploads\/2020\/08\/IMG_0180-300x200.jpg 300w, https:\/\/www.radiopiu.net\/wordpress\/wp-content\/uploads\/2020\/08\/IMG_0180-1024x683.jpg 1024w, https:\/\/www.radiopiu.net\/wordpress\/wp-content\/uploads\/2020\/08\/IMG_0180-768x512.jpg 768w, https:\/\/www.radiopiu.net\/wordpress\/wp-content\/uploads\/2020\/08\/IMG_0180-1536x1024.jpg 1536w, https:\/\/www.radiopiu.net\/wordpress\/wp-content\/uploads\/2020\/08\/IMG_0180-2048x1365.jpg 2048w\" sizes=\"auto, (max-width: 300px) 100vw, 300px\" \/><\/a>\n\t\t\t\t<\/dt><\/dl><dl class='gallery-item'>\n\t\t\t\t<dt class='gallery-icon landscape'>\n\t\t\t\t\t<a class=\"rollover rollover-zoom dt-pswp-item\" title=\"eli\" data-dt-img-description=\"\" data-large_image_width=\"2560\" data-large_image_height=\"1707\"href='https:\/\/www.radiopiu.net\/wordpress\/wp-content\/uploads\/2020\/08\/IMG_0210-scaled.jpg'><img loading=\"lazy\" decoding=\"async\" width=\"300\" height=\"200\" src=\"https:\/\/www.radiopiu.net\/wordpress\/wp-content\/uploads\/2020\/08\/IMG_0210-300x200.jpg\" class=\"attachment-medium size-medium\" alt=\"\" srcset=\"https:\/\/www.radiopiu.net\/wordpress\/wp-content\/uploads\/2020\/08\/IMG_0210-300x200.jpg 300w, https:\/\/www.radiopiu.net\/wordpress\/wp-content\/uploads\/2020\/08\/IMG_0210-1024x683.jpg 1024w, https:\/\/www.radiopiu.net\/wordpress\/wp-content\/uploads\/2020\/08\/IMG_0210-768x512.jpg 768w, https:\/\/www.radiopiu.net\/wordpress\/wp-content\/uploads\/2020\/08\/IMG_0210-1536x1024.jpg 1536w, https:\/\/www.radiopiu.net\/wordpress\/wp-content\/uploads\/2020\/08\/IMG_0210-2048x1365.jpg 2048w\" sizes=\"auto, (max-width: 300px) 100vw, 300px\" \/><\/a>\n\t\t\t\t<\/dt><\/dl><dl class='gallery-item'>\n\t\t\t\t<dt class='gallery-icon landscape'>\n\t\t\t\t\t<a class=\"rollover rollover-zoom dt-pswp-item\" title=\"eli\" data-dt-img-description=\"\" data-large_image_width=\"2560\" data-large_image_height=\"1707\"href='https:\/\/www.radiopiu.net\/wordpress\/wp-content\/uploads\/2020\/08\/IMG_0182-scaled.jpg'><img loading=\"lazy\" decoding=\"async\" width=\"300\" height=\"200\" src=\"https:\/\/www.radiopiu.net\/wordpress\/wp-content\/uploads\/2020\/08\/IMG_0182-300x200.jpg\" class=\"attachment-medium size-medium\" alt=\"\" srcset=\"https:\/\/www.radiopiu.net\/wordpress\/wp-content\/uploads\/2020\/08\/IMG_0182-300x200.jpg 300w, https:\/\/www.radiopiu.net\/wordpress\/wp-content\/uploads\/2020\/08\/IMG_0182-1024x683.jpg 1024w, https:\/\/www.radiopiu.net\/wordpress\/wp-content\/uploads\/2020\/08\/IMG_0182-768x512.jpg 768w, https:\/\/www.radiopiu.net\/wordpress\/wp-content\/uploads\/2020\/08\/IMG_0182-1536x1024.jpg 1536w, https:\/\/www.radiopiu.net\/wordpress\/wp-content\/uploads\/2020\/08\/IMG_0182-2048x1365.jpg 2048w\" sizes=\"auto, (max-width: 300px) 100vw, 300px\" \/><\/a>\n\t\t\t\t<\/dt><\/dl><br style=\"clear: both\" \/><dl class='gallery-item'>\n\t\t\t\t<dt class='gallery-icon landscape'>\n\t\t\t\t\t<a class=\"rollover rollover-zoom dt-pswp-item\" title=\"IMG_0187\" data-dt-img-description=\"\" data-large_image_width=\"2560\" data-large_image_height=\"1707\"href='https:\/\/www.radiopiu.net\/wordpress\/wp-content\/uploads\/2020\/08\/IMG_0187-scaled.jpg'><img loading=\"lazy\" decoding=\"async\" width=\"300\" height=\"200\" src=\"https:\/\/www.radiopiu.net\/wordpress\/wp-content\/uploads\/2020\/08\/IMG_0187-300x200.jpg\" class=\"attachment-medium size-medium\" alt=\"\" srcset=\"https:\/\/www.radiopiu.net\/wordpress\/wp-content\/uploads\/2020\/08\/IMG_0187-300x200.jpg 300w, https:\/\/www.radiopiu.net\/wordpress\/wp-content\/uploads\/2020\/08\/IMG_0187-1024x683.jpg 1024w, https:\/\/www.radiopiu.net\/wordpress\/wp-content\/uploads\/2020\/08\/IMG_0187-768x512.jpg 768w, https:\/\/www.radiopiu.net\/wordpress\/wp-content\/uploads\/2020\/08\/IMG_0187-1536x1024.jpg 1536w, https:\/\/www.radiopiu.net\/wordpress\/wp-content\/uploads\/2020\/08\/IMG_0187-2048x1365.jpg 2048w\" sizes=\"auto, (max-width: 300px) 100vw, 300px\" \/><\/a>\n\t\t\t\t<\/dt><\/dl><dl class='gallery-item'>\n\t\t\t\t<dt class='gallery-icon landscape'>\n\t\t\t\t\t<a class=\"rollover rollover-zoom dt-pswp-item\" title=\"eli\" data-dt-img-description=\"\" data-large_image_width=\"2560\" data-large_image_height=\"1707\"href='https:\/\/www.radiopiu.net\/wordpress\/wp-content\/uploads\/2020\/08\/IMG_0203-scaled.jpg'><img loading=\"lazy\" decoding=\"async\" width=\"300\" height=\"200\" src=\"https:\/\/www.radiopiu.net\/wordpress\/wp-content\/uploads\/2020\/08\/IMG_0203-300x200.jpg\" class=\"attachment-medium size-medium\" alt=\"\" srcset=\"https:\/\/www.radiopiu.net\/wordpress\/wp-content\/uploads\/2020\/08\/IMG_0203-300x200.jpg 300w, https:\/\/www.radiopiu.net\/wordpress\/wp-content\/uploads\/2020\/08\/IMG_0203-1024x683.jpg 1024w, https:\/\/www.radiopiu.net\/wordpress\/wp-content\/uploads\/2020\/08\/IMG_0203-768x512.jpg 768w, https:\/\/www.radiopiu.net\/wordpress\/wp-content\/uploads\/2020\/08\/IMG_0203-1536x1024.jpg 1536w, https:\/\/www.radiopiu.net\/wordpress\/wp-content\/uploads\/2020\/08\/IMG_0203-2048x1365.jpg 2048w\" sizes=\"auto, (max-width: 300px) 100vw, 300px\" \/><\/a>\n\t\t\t\t<\/dt><\/dl><dl class='gallery-item'>\n\t\t\t\t<dt class='gallery-icon landscape'>\n\t\t\t\t\t<a class=\"rollover rollover-zoom dt-pswp-item\" title=\"IMG_0195\" data-dt-img-description=\"\" data-large_image_width=\"2560\" data-large_image_height=\"1707\"href='https:\/\/www.radiopiu.net\/wordpress\/wp-content\/uploads\/2020\/08\/IMG_0195-scaled.jpg'><img loading=\"lazy\" decoding=\"async\" width=\"300\" height=\"200\" src=\"https:\/\/www.radiopiu.net\/wordpress\/wp-content\/uploads\/2020\/08\/IMG_0195-300x200.jpg\" class=\"attachment-medium size-medium\" alt=\"\" srcset=\"https:\/\/www.radiopiu.net\/wordpress\/wp-content\/uploads\/2020\/08\/IMG_0195-300x200.jpg 300w, https:\/\/www.radiopiu.net\/wordpress\/wp-content\/uploads\/2020\/08\/IMG_0195-1024x683.jpg 1024w, https:\/\/www.radiopiu.net\/wordpress\/wp-content\/uploads\/2020\/08\/IMG_0195-768x512.jpg 768w, https:\/\/www.radiopiu.net\/wordpress\/wp-content\/uploads\/2020\/08\/IMG_0195-1536x1024.jpg 1536w, https:\/\/www.radiopiu.net\/wordpress\/wp-content\/uploads\/2020\/08\/IMG_0195-2048x1365.jpg 2048w\" sizes=\"auto, (max-width: 300px) 100vw, 300px\" \/><\/a>\n\t\t\t\t<\/dt><\/dl><br style=\"clear: both\" \/>\n\t\t\t<\/div>\n\n<p>&nbsp;<\/p>\n<hr \/>\n<p>&nbsp;<\/p>\n<blockquote>\n<h3>BELLUNO CITTA&#8217; SICURA, ANCHE NEI GIOVEDI SERA. BILANCI POSITIVI ANCHE PER LE REGOLE ANTI CONTAGIO<\/h3>\n<h3><\/h3>\n<\/blockquote>\n<p><a class=\"dt-pswp-item\" href=\"https:\/\/www.radiopiu.net\/wordpress\/wp-content\/uploads\/2020\/08\/aeb3eb7d-152c-4bba-a871-d368e3398d03.jpg\" data-dt-img-description=\"\" data-large_image_width=\"1600\" data-large_image_height=\"737\"><img loading=\"lazy\" decoding=\"async\" class=\"size-medium wp-image-155263 alignleft\" src=\"https:\/\/www.radiopiu.net\/wordpress\/wp-content\/uploads\/2020\/08\/aeb3eb7d-152c-4bba-a871-d368e3398d03-300x138.jpg\" alt=\"\" width=\"300\" height=\"138\" srcset=\"https:\/\/www.radiopiu.net\/wordpress\/wp-content\/uploads\/2020\/08\/aeb3eb7d-152c-4bba-a871-d368e3398d03-300x138.jpg 300w, https:\/\/www.radiopiu.net\/wordpress\/wp-content\/uploads\/2020\/08\/aeb3eb7d-152c-4bba-a871-d368e3398d03-1024x472.jpg 1024w, https:\/\/www.radiopiu.net\/wordpress\/wp-content\/uploads\/2020\/08\/aeb3eb7d-152c-4bba-a871-d368e3398d03-768x354.jpg 768w, https:\/\/www.radiopiu.net\/wordpress\/wp-content\/uploads\/2020\/08\/aeb3eb7d-152c-4bba-a871-d368e3398d03-1536x708.jpg 1536w, https:\/\/www.radiopiu.net\/wordpress\/wp-content\/uploads\/2020\/08\/aeb3eb7d-152c-4bba-a871-d368e3398d03.jpg 1600w\" sizes=\"auto, (max-width: 300px) 100vw, 300px\" \/><\/a><\/p>\n<p>&nbsp;<\/p>\n<p>&nbsp;<\/p>\n<p><strong>BELLUNO<\/strong><\/p>\n<p><strong>di Moreno Gioli\u00a0<\/strong><\/p>\n<audio class=\"wp-audio-shortcode\" id=\"audio-155154-1\" preload=\"none\" style=\"width: 100%;\" controls=\"controls\"><source type=\"audio\/mpeg\" src=\"https:\/\/www.radiopiu.net\/wordpress\/wp-content\/uploads\/2020\/08\/GIOLI-QUESTURA-GIOVED\u00ec-SERA.mp3?_=1\" \/><a href=\"https:\/\/www.radiopiu.net\/wordpress\/wp-content\/uploads\/2020\/08\/GIOLI-QUESTURA-GIOVED\u00ec-SERA.mp3\">https:\/\/www.radiopiu.net\/wordpress\/wp-content\/uploads\/2020\/08\/GIOLI-QUESTURA-GIOVED\u00ec-SERA.mp3<\/a><\/audio>\n<p><strong>IL COMMISSARIO FEDERICO FARRIS COMANDANTE DELLA SQUADRA VOLANTE DELLA QUESTURA<\/strong><\/p>\n<audio class=\"wp-audio-shortcode\" id=\"audio-155154-2\" preload=\"none\" style=\"width: 100%;\" controls=\"controls\"><source type=\"audio\/mpeg\" src=\"https:\/\/www.radiopiu.net\/wordpress\/wp-content\/uploads\/2020\/08\/GIOLI-intervista-QUESTURA.mp3?_=2\" \/><a href=\"https:\/\/www.radiopiu.net\/wordpress\/wp-content\/uploads\/2020\/08\/GIOLI-intervista-QUESTURA.mp3\">https:\/\/www.radiopiu.net\/wordpress\/wp-content\/uploads\/2020\/08\/GIOLI-intervista-QUESTURA.mp3<\/a><\/audio>\n<p>&nbsp;<\/p>\n<p>&nbsp;<\/p>\n<blockquote><p>&nbsp;<\/p><\/blockquote>\n<hr \/>\n<blockquote>\n<h3><\/h3>\n<h3>LA BELLA NOTIZIA: RIAPERTA LA STRADA PER SELLE A GOSALDO<\/h3>\n<\/blockquote>\n<p><strong>GOSALDO<\/strong> Riaperta la strada per la frazione Selle in tempi record. La ditta Bressan ci teneva a &#8220;consegnarla&#8221; ai residenti e turisti per ferragosto: missione compiuta<\/p>\n<p><strong>il sindaco di Gosaldo Giocondo Dalle Feste<\/strong><\/p>\n<audio class=\"wp-audio-shortcode\" id=\"audio-155154-3\" preload=\"none\" style=\"width: 100%;\" controls=\"controls\"><source type=\"audio\/mpeg\" src=\"https:\/\/www.radiopiu.net\/wordpress\/wp-content\/uploads\/2020\/08\/giocndo.mp3?_=3\" \/><a href=\"https:\/\/www.radiopiu.net\/wordpress\/wp-content\/uploads\/2020\/08\/giocndo.mp3\">https:\/\/www.radiopiu.net\/wordpress\/wp-content\/uploads\/2020\/08\/giocndo.mp3<\/a><\/audio>\n<p>&nbsp;<\/p>\n\n\t\t\t<style type='text\/css'>\n\t\t\t\t#gallery-5 {\n\t\t\t\t\tmargin: auto;\n\t\t\t\t}\n\t\t\t\t#gallery-5 .gallery-item {\n\t\t\t\t\tfloat: left;\n\t\t\t\t\tmargin-top: 10px;\n\t\t\t\t\ttext-align: center;\n\t\t\t\t\twidth: 33%;\n\t\t\t\t}\n\t\t\t\t#gallery-5 img {\n\t\t\t\t\tborder: 2px solid #cfcfcf;\n\t\t\t\t}\n\t\t\t\t#gallery-5 .gallery-caption {\n\t\t\t\t\tmargin-left: 0;\n\t\t\t\t}\n\t\t\t\t\/* see gallery_shortcode() in wp-includes\/media.php *\/\n\t\t\t<\/style>\n\t\t<div id='gallery-5' class='dt-gallery-container gallery galleryid-155154 gallery-columns-3 gallery-size-medium'><dl class='gallery-item'>\n\t\t\t\t<dt class='gallery-icon landscape'>\n\t\t\t\t\t<a class=\"rollover rollover-zoom dt-pswp-item\" title=\"f789e57f-13a4-4d6a-a112-4d50a1762e03\" data-dt-img-description=\"\" data-large_image_width=\"1600\" data-large_image_height=\"1200\"href='https:\/\/www.radiopiu.net\/wordpress\/wp-content\/uploads\/2020\/08\/f789e57f-13a4-4d6a-a112-4d50a1762e03.jpg'><img loading=\"lazy\" decoding=\"async\" width=\"300\" height=\"225\" src=\"https:\/\/www.radiopiu.net\/wordpress\/wp-content\/uploads\/2020\/08\/f789e57f-13a4-4d6a-a112-4d50a1762e03-300x225.jpg\" class=\"attachment-medium size-medium\" alt=\"\" srcset=\"https:\/\/www.radiopiu.net\/wordpress\/wp-content\/uploads\/2020\/08\/f789e57f-13a4-4d6a-a112-4d50a1762e03-300x225.jpg 300w, https:\/\/www.radiopiu.net\/wordpress\/wp-content\/uploads\/2020\/08\/f789e57f-13a4-4d6a-a112-4d50a1762e03-1024x768.jpg 1024w, https:\/\/www.radiopiu.net\/wordpress\/wp-content\/uploads\/2020\/08\/f789e57f-13a4-4d6a-a112-4d50a1762e03-768x576.jpg 768w, https:\/\/www.radiopiu.net\/wordpress\/wp-content\/uploads\/2020\/08\/f789e57f-13a4-4d6a-a112-4d50a1762e03-1536x1152.jpg 1536w, https:\/\/www.radiopiu.net\/wordpress\/wp-content\/uploads\/2020\/08\/f789e57f-13a4-4d6a-a112-4d50a1762e03.jpg 1600w\" sizes=\"auto, (max-width: 300px) 100vw, 300px\" \/><\/a>\n\t\t\t\t<\/dt><\/dl><dl class='gallery-item'>\n\t\t\t\t<dt class='gallery-icon landscape'>\n\t\t\t\t\t<a class=\"rollover rollover-zoom dt-pswp-item\" title=\"abc5cf1c-4ee6-4c1b-948d-2b3eade6240e\" data-dt-img-description=\"\" data-large_image_width=\"1600\" data-large_image_height=\"1200\"href='https:\/\/www.radiopiu.net\/wordpress\/wp-content\/uploads\/2020\/08\/abc5cf1c-4ee6-4c1b-948d-2b3eade6240e.jpg'><img loading=\"lazy\" decoding=\"async\" width=\"300\" height=\"225\" src=\"https:\/\/www.radiopiu.net\/wordpress\/wp-content\/uploads\/2020\/08\/abc5cf1c-4ee6-4c1b-948d-2b3eade6240e-300x225.jpg\" class=\"attachment-medium size-medium\" alt=\"\" srcset=\"https:\/\/www.radiopiu.net\/wordpress\/wp-content\/uploads\/2020\/08\/abc5cf1c-4ee6-4c1b-948d-2b3eade6240e-300x225.jpg 300w, https:\/\/www.radiopiu.net\/wordpress\/wp-content\/uploads\/2020\/08\/abc5cf1c-4ee6-4c1b-948d-2b3eade6240e-1024x768.jpg 1024w, https:\/\/www.radiopiu.net\/wordpress\/wp-content\/uploads\/2020\/08\/abc5cf1c-4ee6-4c1b-948d-2b3eade6240e-768x576.jpg 768w, https:\/\/www.radiopiu.net\/wordpress\/wp-content\/uploads\/2020\/08\/abc5cf1c-4ee6-4c1b-948d-2b3eade6240e-1536x1152.jpg 1536w, https:\/\/www.radiopiu.net\/wordpress\/wp-content\/uploads\/2020\/08\/abc5cf1c-4ee6-4c1b-948d-2b3eade6240e.jpg 1600w\" sizes=\"auto, (max-width: 300px) 100vw, 300px\" \/><\/a>\n\t\t\t\t<\/dt><\/dl><dl class='gallery-item'>\n\t\t\t\t<dt class='gallery-icon landscape'>\n\t\t\t\t\t<a class=\"rollover rollover-zoom dt-pswp-item\" title=\"d4df3156-45c1-4aa3-aba8-6d282b215d98\" data-dt-img-description=\"\" data-large_image_width=\"1600\" data-large_image_height=\"1200\"href='https:\/\/www.radiopiu.net\/wordpress\/wp-content\/uploads\/2020\/08\/d4df3156-45c1-4aa3-aba8-6d282b215d98.jpg'><img loading=\"lazy\" decoding=\"async\" width=\"300\" height=\"225\" src=\"https:\/\/www.radiopiu.net\/wordpress\/wp-content\/uploads\/2020\/08\/d4df3156-45c1-4aa3-aba8-6d282b215d98-300x225.jpg\" class=\"attachment-medium size-medium\" alt=\"\" srcset=\"https:\/\/www.radiopiu.net\/wordpress\/wp-content\/uploads\/2020\/08\/d4df3156-45c1-4aa3-aba8-6d282b215d98-300x225.jpg 300w, https:\/\/www.radiopiu.net\/wordpress\/wp-content\/uploads\/2020\/08\/d4df3156-45c1-4aa3-aba8-6d282b215d98-1024x768.jpg 1024w, https:\/\/www.radiopiu.net\/wordpress\/wp-content\/uploads\/2020\/08\/d4df3156-45c1-4aa3-aba8-6d282b215d98-768x576.jpg 768w, https:\/\/www.radiopiu.net\/wordpress\/wp-content\/uploads\/2020\/08\/d4df3156-45c1-4aa3-aba8-6d282b215d98-1536x1152.jpg 1536w, https:\/\/www.radiopiu.net\/wordpress\/wp-content\/uploads\/2020\/08\/d4df3156-45c1-4aa3-aba8-6d282b215d98.jpg 1600w\" sizes=\"auto, (max-width: 300px) 100vw, 300px\" \/><\/a>\n\t\t\t\t<\/dt><\/dl><br style=\"clear: both\" \/>\n\t\t\t<\/div>\n\n<p>&nbsp;<\/p>\n<hr \/>\n<p>&nbsp;<\/p>\n<blockquote>\n<h3>CHIUSA LA STRADA DI ACCESSO A BRAMEZZA E SEDOLADA<\/h3>\n<\/blockquote>\n<p><strong><img loading=\"lazy\" decoding=\"async\" class=\"alignleft\" src=\"https:\/\/www.radiopiu.net\/wordpress\/wp-content\/uploads\/2016\/06\/lavori_in_corso_cartelli04111111111111.jpg\" width=\"177\" height=\"140\" \/>ROCCA PIETORE<\/strong> Fino a revoca \u00e8 stata chiusa la strada che concuce a Bramezza tra la localit\u00e0 di Sedolada e il villaggio di Bramezza (dalle transenne di cantiere in poi salendo) in entrambi i sensi di marcia. Divieto di transito a tutti i veicoli sia nei giorni feriali che festivi per tutte le 24 ore. La chiusura in seguito alla segnalazione pervenuta e riscontrata sulla strada boschiva in costruzione (secondo stralcio) che porta alla localit\u00e0 Bramezza. A causa dei lavori in corso e momentaneamente sospesi, nonch\u00e8 alle condizioni meteorologiche avverse di questo ultimo periodo che hanno reso la strada scivolosa per notevole presenza di fango e con difficolt\u00e0 di manovra in caso di incrocio tra veicoli.<\/p>\n<p>&nbsp;<\/p>\n<p>&nbsp;<\/p>\n<p>&nbsp;<\/p>\n<hr \/>\n<blockquote>\n<h3><\/h3>\n<h3>L&#8217;ASSESSORE BOTTACIN\u00a0 IN TOUR TRA I CANTIERI POST VAIA NELL&#8217;AGORDINO<\/h3>\n<p><em>Lavori\u00a0 che per il solo Zunaia ad Alleghe\u00a0 sommano 2,6 milioni di euro, per il lago 8 milioni.\u00a0<\/em><\/p><\/blockquote>\n<p><strong>ALLEGHE<\/strong>\u00a0 L&#8217; assessore Gianpaolo Bottacin ha trascorso la vigilia del ferragosto nell&#8217;Agordino, ad Alleghe ha preso visione delle sistemazioni idrauliche del torrente_Zunaia a difesa dell&#8217;abitato con due interventi del valore complessivo di 430mila euro; tramite i nostri Servizi_Forestali regionali, sempre sullo Zunaia\u00a0 conclusi diversi interventi di sghiaiamento e opere di sottomurazione per un valore complessivo 790mila euro. in fase di contrattualizzazione un ulteriore progetto, del valore di 1,35 milioni di euro per il completamento di una serie di opere idraulico forestali a prevenzione di colate detritiche attraverso briglie di trattenuta, filtranti e vasche di contenimento.\u00a0 Altro intervento con Veneto Strade a difesa spondale dalle valanghe in localit\u00e0 Soprasac (2,5 milioni di euro) e a Col de Foi\u00e0 Colonia (2,6 milioni di euro). Infine per la pulizia del lago investiti\u00a08 milioni di euro.<\/p>\n<p><strong>CENCENIGHE<\/strong>\u00a0 Ripristino di un tratto di scogliera in sponda destra del torrente_Cordevole immediatamente a monte dell&#8217;abitato, in prossimit\u00e0 della S.R. 203 Agordina per un valore di 565mila euro, e alla sottofondazione delle arginature in cemento armato in destra e in sinistra idrografica, sempre del Cordevole, a valle del ponte del Ghirlo con un investimento 400mila euro. I Servizi_Forestali hanno\u00a0 provveduto alla messa in sicurezza dell\u2019abitato con lo sgombero del materiale a tergo della briglia filtrante e al ripristino della funzionalit\u00e0 idraulica della medesima briglia sul rio Chioit e il ripristino della sezione di deflusso del rio Torcol a monte dello stabilimento della Luxottica (300mila euro).\u00a0 Ripristinate le opere di arginatura in massi sempre a monte dello stabilimento Luxottica (400mila euro per il primo stralcio) e sono in fase di contrattualizzazione del secondo stralcio (900mila euro). In fase di contrattualizzazione anche il progetto relativo allo sghiaiamento e ricomposizione ambientale del torrente (300mila euro). Con Veneto_Strade attivati\u00a0 cinque cantieri con un investimento di 2,8 milioni di euro per mettere in sicurezza diverse strade comunali, ma anche la strada regionale a monte dell\u2019abitato e l\u2019adeguamento idraulico dell\u2019attraversamento in localit\u00e0 Pal\u00f9.<\/p>\n<blockquote>\n\t\t\t<style type='text\/css'>\n\t\t\t\t#gallery-6 {\n\t\t\t\t\tmargin: auto;\n\t\t\t\t}\n\t\t\t\t#gallery-6 .gallery-item {\n\t\t\t\t\tfloat: left;\n\t\t\t\t\tmargin-top: 10px;\n\t\t\t\t\ttext-align: center;\n\t\t\t\t\twidth: 33%;\n\t\t\t\t}\n\t\t\t\t#gallery-6 img {\n\t\t\t\t\tborder: 2px solid #cfcfcf;\n\t\t\t\t}\n\t\t\t\t#gallery-6 .gallery-caption {\n\t\t\t\t\tmargin-left: 0;\n\t\t\t\t}\n\t\t\t\t\/* see gallery_shortcode() in wp-includes\/media.php *\/\n\t\t\t<\/style>\n\t\t<div id='gallery-6' class='dt-gallery-container gallery galleryid-155154 gallery-columns-3 gallery-size-thumbnail'><dl class='gallery-item'>\n\t\t\t\t<dt class='gallery-icon landscape'>\n\t\t\t\t\t<a class=\"rollover\" href='https:\/\/www.radiopiu.net\/wordpress\/giornale-radiopiu-15-agosto-2020-direttore-mirko-mezzacasa\/117616117_10157558143582544_4970256699354452785_n\/'><img loading=\"lazy\" decoding=\"async\" width=\"150\" height=\"150\" src=\"https:\/\/www.radiopiu.net\/wordpress\/wp-content\/uploads\/2020\/08\/117616117_10157558143582544_4970256699354452785_n-150x150.jpg\" class=\"attachment-thumbnail size-thumbnail\" alt=\"\" \/><\/a>\n\t\t\t\t<\/dt><\/dl><dl class='gallery-item'>\n\t\t\t\t<dt class='gallery-icon landscape'>\n\t\t\t\t\t<a class=\"rollover\" href='https:\/\/www.radiopiu.net\/wordpress\/giornale-radiopiu-15-agosto-2020-direttore-mirko-mezzacasa\/117637589_10157558143632544_4468906940700802302_n\/'><img loading=\"lazy\" decoding=\"async\" width=\"150\" height=\"150\" src=\"https:\/\/www.radiopiu.net\/wordpress\/wp-content\/uploads\/2020\/08\/117637589_10157558143632544_4468906940700802302_n-150x150.jpg\" class=\"attachment-thumbnail size-thumbnail\" alt=\"\" \/><\/a>\n\t\t\t\t<\/dt><\/dl><dl class='gallery-item'>\n\t\t\t\t<dt class='gallery-icon landscape'>\n\t\t\t\t\t<a class=\"rollover\" href='https:\/\/www.radiopiu.net\/wordpress\/giornale-radiopiu-15-agosto-2020-direttore-mirko-mezzacasa\/117603549_10157558143732544_8746383105971041130_n\/'><img loading=\"lazy\" decoding=\"async\" width=\"150\" height=\"150\" src=\"https:\/\/www.radiopiu.net\/wordpress\/wp-content\/uploads\/2020\/08\/117603549_10157558143732544_8746383105971041130_n-150x150.jpg\" class=\"attachment-thumbnail size-thumbnail\" alt=\"\" \/><\/a>\n\t\t\t\t<\/dt><\/dl><br style=\"clear: both\" \/>\n\t\t\t<\/div>\n\n<p>&nbsp;<\/p><\/blockquote>\n<hr \/>\n<blockquote>\n<blockquote>\n<h3>LUPI. ASSESSORE ALL\u2019AGRICOLTURA, \u201cLA PREVENZIONE PASSA PER L\u2019INNOVAZIONE. IN VENETO AVVIATO IL PRIMO PROGETTO SPERIMENTALE EUROPEO BASATO SULLA LOCALIZZAZIONE GPS\u201d<\/h3>\n<\/blockquote>\n<p><strong><a class=\"dt-pswp-item\" href=\"https:\/\/www.radiopiu.net\/wordpress\/wp-content\/uploads\/2020\/05\/LUPO.jpg\" data-dt-img-description=\"\" data-large_image_width=\"1920\" data-large_image_height=\"1271\"><img loading=\"lazy\" decoding=\"async\" class=\" wp-image-137939 alignleft\" src=\"https:\/\/www.radiopiu.net\/wordpress\/wp-content\/uploads\/2020\/05\/LUPO-300x199.jpg\" alt=\"\" width=\"404\" height=\"268\" srcset=\"https:\/\/www.radiopiu.net\/wordpress\/wp-content\/uploads\/2020\/05\/LUPO-300x199.jpg 300w, https:\/\/www.radiopiu.net\/wordpress\/wp-content\/uploads\/2020\/05\/LUPO-1024x678.jpg 1024w, https:\/\/www.radiopiu.net\/wordpress\/wp-content\/uploads\/2020\/05\/LUPO-768x508.jpg 768w, https:\/\/www.radiopiu.net\/wordpress\/wp-content\/uploads\/2020\/05\/LUPO-1536x1017.jpg 1536w, https:\/\/www.radiopiu.net\/wordpress\/wp-content\/uploads\/2020\/05\/LUPO.jpg 1920w\" sizes=\"auto, (max-width: 404px) 100vw, 404px\" \/><\/a>VENEZIA\u00a0<\/strong>Unlupo femmina, del peso di 34 kg, \u00e8 stato catturato la scorsa settimana nel versante bellunese del Massiccio del Grappa dal gruppo di lavoro del Dipartimento di Medicina Veterinaria dell\u2019Universit\u00e0 di Sassari, nell\u2019ambito del Progetto per la gestione proattiva della specie mediante telemetria satellitare, approvato e finanziato dalla Regione del Veneto con specifica delibera di giunta.L\u2019esemplare, in ottime condizioni di salute, una volta completate le operazioni di monitoraggio sanitario e biometrico e i prelievi per la genetica, \u00e8 stato immediatamente rilasciato munito di radiocollare satellitare.I dati di localizzazione provenienti dal collare, che si aggiungeranno a quelli gi\u00e0 raccolti da un primo lupo femmina catturato esattamente un anno fa nella stessa area, consentiranno di approfondire le dinamiche predatorie del branco, presente nell\u2019area e di testare \u2013 primo progetto europeo di questo tipo \u2013 sistemi innovativi di prevenzione basati sulla localizzazione GPS, quali i \u201crecinti virtuali\u201d (virtual fences) e i segnalatori di prossimit\u00e0, potenzialmente molto utili anche per altri grandi carnivori presenti sull\u2019arco alpino. \u201c<em>Un particolare ringraziamento va al personale della Riserva di cacciadi Cismon del Grappa &#8211; commenta l\u2019assessore regionale all\u2019Agricoltura, Caccia e Pesca -, per il supporto logistico fornito durante l\u2019intero periodo di permanenza del gruppo di lavoro. La ricerca scientifica e la sperimentazione di nuove tecnologie costituiscono attivit\u00e0 complementari alle iniziative messe in campo dalla Giunta regionale, per promuovere l\u2019adozione di misure di prevenzione \u201ctradizionali\u201d (recinzioni elettrificate, dissuasori, cani da guardiania), che rimangono comunque la via maestra per il raggiungimento di una possibile coesistenza tra la presenza dei grandi carnivori e il mantenimento della vita economica e sociale nelle nostre montagne<\/em>\u201d.\u00a0Da pochi giorni, inoltre, si \u00e8 chiuso il secondo bando per la Misura 4.4.3 del PSR, per il finanziamento al 100% di recinzioni elettrificate di protezione, fisse e mobili e dissuasori: un segnale tangibile dell\u2019assistenza diretta agli allevatori di montagna, per aiutarli a proteggere e difendere gli allevamenti dagli attacchi.\u00a0\u201c<em>Agli uffici sono arrivate 125 domande per un totale di contributi richiesti superiore a 336 mila euro &#8211; prosegue l\u2019Assessore -, pi\u00f9 del doppio rispetto allo stesso bando dell\u2019anno scorso. Un dato positivo ed incoraggiante, frutto dell\u2019imponente attivit\u00e0 di sensibilizzazione portata avanti dai tecnici incaricati dalla Regione e dalle associazioni di categoria, ma anche un segnale importante di una crescente consapevolezza e di un atteggiamento sempre pi\u00f9 costruttivo da parte delle aziende<\/em>\u201d.\u00a0L\u2019effetto di queste misure in termini quantitativi assoluti (numero di predazioni e danni accertati) \u00e8 in parte \u201cmascherato\u201d dal numero crescente di branchi stabili nel territorio del Veneto (come del resto in tutte le Alpi), e conseguentemente dall\u2019aumento degli attacchi soprattutto nelle aree di nuova colonizzazione. Nei primi 7 mesi di quest\u2019anno, oltre un quarto delle predazioni da lupo accertate in regione sono avvenute in due aree del bellunese, l\u2019Alpago e l\u2019area del Monte Cesen in Valbelluna, dove dallo scorso anno si sono insediati due nuovi branchi. Per contro, in altre aree di presenza del lupo ormai consolidata da pi\u00f9 anni, il numero di attacchi e i danni accertati sono sostanzialmente stabili rispetto agli anni scorsi. \u201c<em>\u00c8 importante continuare a garantire il corretto e tempestivo indennizzo di tutti i danni accertati &#8211; conclude l\u2019assessore all\u2019Agricoltura, Caccia e Pesca -. La Giunta regionale continuer\u00e0 a supportare questa attivit\u00e0 con sempre maggiore efficacia. Nel primo semestre 2020, nonostante le difficolt\u00e0 dovute al periodo emergenziale, tutte le 110 istanze per danni sono state istruite e di queste la met\u00e0 \u00e8 gi\u00e0 stata liquidata. Le restanti 55, pervenute agli uffici da luglio in poi, sono attualmente in istruttoria e saranno inviate a pagamento nei prossimi giorni, per un ammontare complessivo di contributi che saranno erogati pari a 56.189,11 euro<\/em>\u201d.\u00a0\u201c<em>Ora mi aspetto delle risposte concrete anche da parte del Ministro all\u2019Ambiente, al quale ho scritto per sollecitare l\u2019approvazione di un \u2018piano lupo nazionale\u2019, ma su questa partita il Governo sembra totalmente assente<\/em>\u201d.<\/p>\n<h3><\/h3>\n<h3><\/h3>\n<h3><\/h3>\n<\/blockquote>\n<hr \/>\n<h3><\/h3>\n<blockquote>\n<h3>UN DECESSO E 109 POSITIVI IN PI\u00d9 IN 24 ORE. 2 PAZIENTI ESCONO DALLA TERAPIA INTENSIVA. A BELLUNO 3 NUOVE POSITIVIT\u00c0<\/h3>\n<p>&nbsp;<\/p><\/blockquote>\n<p><strong>ISOLAMENTI DOMICILIARI:\u00a0<\/strong>VENETO 5963 (+63 \u2013 143 CON SINTOMI), PADOVA 1096 (-35 \u2013 13), BELLUNO 206 (+18 \u2013 12), ROVIGO 297 (-7 \u2013 15), TREVISO 1172 (-111 \u2013 37), VENEZIA 832 (-14 \u2013 13), VERONA 1611 (+136 \u2013 45), VICENZA 731 (+6 \u2013 8)<\/p>\n<p><strong>I NUMERI\u00a0 IN VENETO:<\/strong>\u00a0TOTALE POSITIVI\u00a0 21048 (+109)\u00a0 ATTUALMENTE POSITIVI 1494 (+72)\u00a0 DECESSI\u00a0 2096 \u00a0(+1) NEGATIVIZZATI\u00a0 17458 (+36) RICOVERATI\u00a0 121 (+5 \u201341 POSITIVI 80 \u00a0NEGATIVIZZATI), NEGLI OSPEDALI DI COMUNITA\u2019 RICOVERATI 16 (0 \u2013 6 POSITIVI,\u00a0 10 NEGATIVIZZATI), IN TERAPIA INTENSIVA 5 (-2 \u2013 4 POSITIVI, \u00a01 NEGATIVIZZATI). DIMESSI 3790 (+4) NEGLI OSPEDALI AREA NON CRITICA 331 (+1) \u00a0<strong>I NUMERI IN PROVINCIA:<\/strong>\u00a0TOTALE CONTAGI 1220 (+3) , ATTUALMENTE POSITIVI 16 (+3) , DECEDUTI 113 (0), NEGATIVIZZATI 1091 \u00a0(0) RICOVERATI IN OSPEDALE AL SAN MARTINO 0<\/p>\n<p>&nbsp;<\/p>\n<hr \/>\n<blockquote class=\"wp-embedded-content\" data-secret=\"TulcutKIjE\"><p><a href=\"https:\/\/www.radiopiu.net\/wordpress\/coronavirus-aggiornamento-nazionale-14-agosto\/\">CORONAVIRUS: AGGIORNAMENTO NAZIONALE 14 AGOSTO<\/a><\/p><\/blockquote>\n<p><iframe loading=\"lazy\" class=\"wp-embedded-content\" sandbox=\"allow-scripts\" security=\"restricted\" style=\"position: absolute; clip: rect(1px, 1px, 1px, 1px);\" title=\"&#8220;CORONAVIRUS: AGGIORNAMENTO NAZIONALE 14 AGOSTO&#8221; &#8212; Radio Pi\u00f9\" src=\"https:\/\/www.radiopiu.net\/wordpress\/coronavirus-aggiornamento-nazionale-14-agosto\/embed\/#?secret=TulcutKIjE\" data-secret=\"TulcutKIjE\" width=\"600\" height=\"338\" frameborder=\"0\" marginwidth=\"0\" marginheight=\"0\" scrolling=\"no\"><\/iframe><\/p>\n<p>&nbsp;<\/p>\n<hr \/>\n<p>&nbsp;<\/p>\n<blockquote class=\"wp-embedded-content\" data-secret=\"5AwJTNidK6\"><p><a href=\"https:\/\/www.radiopiu.net\/wordpress\/un-decesso-e-109-positivi-in-piu-in-24-ore-2-pazienti-escono-dalla-terapia-intensiva-a-belluno-3-nuove-positivita\/\">UN DECESSO E 109 POSITIVI IN PI\u00d9 IN 24 ORE. 2 PAZIENTI ESCONO DALLA TERAPIA INTENSIVA. A BELLUNO 3 NUOVE POSITIVIT\u00c0<\/a><\/p><\/blockquote>\n<p><iframe loading=\"lazy\" class=\"wp-embedded-content\" sandbox=\"allow-scripts\" security=\"restricted\" style=\"position: absolute; clip: rect(1px, 1px, 1px, 1px);\" title=\"&#8220;UN DECESSO E 109 POSITIVI IN PI\u00d9 IN 24 ORE. 2 PAZIENTI ESCONO DALLA TERAPIA INTENSIVA. A BELLUNO 3 NUOVE POSITIVIT\u00c0&#8221; &#8212; Radio Pi\u00f9\" src=\"https:\/\/www.radiopiu.net\/wordpress\/un-decesso-e-109-positivi-in-piu-in-24-ore-2-pazienti-escono-dalla-terapia-intensiva-a-belluno-3-nuove-positivita\/embed\/#?secret=5AwJTNidK6\" data-secret=\"5AwJTNidK6\" width=\"600\" height=\"338\" frameborder=\"0\" marginwidth=\"0\" marginheight=\"0\" scrolling=\"no\"><\/iframe><\/p>\n<p>&nbsp;<\/p>\n<h3><span style=\"color: #ff0000;\"><em>DATI E GRAFICI DI TIZIANO DE COL<\/em><\/span><\/h3>\n\n\t\t\t<style type='text\/css'>\n\t\t\t\t#gallery-7 {\n\t\t\t\t\tmargin: auto;\n\t\t\t\t}\n\t\t\t\t#gallery-7 .gallery-item {\n\t\t\t\t\tfloat: left;\n\t\t\t\t\tmargin-top: 10px;\n\t\t\t\t\ttext-align: center;\n\t\t\t\t\twidth: 50%;\n\t\t\t\t}\n\t\t\t\t#gallery-7 img {\n\t\t\t\t\tborder: 2px solid #cfcfcf;\n\t\t\t\t}\n\t\t\t\t#gallery-7 .gallery-caption {\n\t\t\t\t\tmargin-left: 0;\n\t\t\t\t}\n\t\t\t\t\/* see gallery_shortcode() in wp-includes\/media.php *\/\n\t\t\t<\/style>\n\t\t<div id='gallery-7' class='dt-gallery-container gallery galleryid-155154 gallery-columns-2 gallery-size-medium'><dl class='gallery-item'>\n\t\t\t\t<dt class='gallery-icon portrait'>\n\t\t\t\t\t<a class=\"rollover\" href='https:\/\/www.radiopiu.net\/wordpress\/giornale-radiopiu-15-agosto-2020-direttore-mirko-mezzacasa\/733db1f2-1e1e-4ef7-890e-410571dd56de\/'><img loading=\"lazy\" decoding=\"async\" width=\"268\" height=\"300\" src=\"https:\/\/www.radiopiu.net\/wordpress\/wp-content\/uploads\/2020\/08\/733db1f2-1e1e-4ef7-890e-410571dd56de-268x300.jpg\" class=\"attachment-medium size-medium\" alt=\"\" srcset=\"https:\/\/www.radiopiu.net\/wordpress\/wp-content\/uploads\/2020\/08\/733db1f2-1e1e-4ef7-890e-410571dd56de-268x300.jpg 268w, https:\/\/www.radiopiu.net\/wordpress\/wp-content\/uploads\/2020\/08\/733db1f2-1e1e-4ef7-890e-410571dd56de.jpg 601w\" sizes=\"auto, (max-width: 268px) 100vw, 268px\" \/><\/a>\n\t\t\t\t<\/dt><\/dl><dl class='gallery-item'>\n\t\t\t\t<dt class='gallery-icon landscape'>\n\t\t\t\t\t<a class=\"rollover\" href='https:\/\/www.radiopiu.net\/wordpress\/giornale-radiopiu-15-agosto-2020-direttore-mirko-mezzacasa\/6ad9c278-6cdb-4885-bcee-9585c773fec6\/'><img loading=\"lazy\" decoding=\"async\" width=\"300\" height=\"208\" src=\"https:\/\/www.radiopiu.net\/wordpress\/wp-content\/uploads\/2020\/08\/6ad9c278-6cdb-4885-bcee-9585c773fec6-300x208.jpg\" class=\"attachment-medium size-medium\" alt=\"\" srcset=\"https:\/\/www.radiopiu.net\/wordpress\/wp-content\/uploads\/2020\/08\/6ad9c278-6cdb-4885-bcee-9585c773fec6-300x208.jpg 300w, https:\/\/www.radiopiu.net\/wordpress\/wp-content\/uploads\/2020\/08\/6ad9c278-6cdb-4885-bcee-9585c773fec6.jpg 480w\" sizes=\"auto, (max-width: 300px) 100vw, 300px\" \/><\/a>\n\t\t\t\t<\/dt><\/dl><br style=\"clear: both\" \/>\n\t\t\t<\/div>\n\n<p>&nbsp;<\/p>\n<p>&nbsp;<\/p>\n<hr \/>\n<p>&nbsp;<\/p>\n<blockquote>\n<h3>POSITIVO UN RAGAZZO RIENTRATO DALLE VACANZE IN CROAZIA<\/h3>\n<\/blockquote>\n<p><strong><a class=\"dt-pswp-item\" href=\"https:\/\/www.radiopiu.net\/wordpress\/wp-content\/uploads\/2020\/03\/covid-importante.jpg\" data-dt-img-description=\"\" data-large_image_width=\"800\" data-large_image_height=\"600\"><img loading=\"lazy\" decoding=\"async\" class=\" wp-image-121793 alignleft\" src=\"https:\/\/www.radiopiu.net\/wordpress\/wp-content\/uploads\/2020\/03\/covid-importante-300x225.jpg\" alt=\"\" width=\"113\" height=\"84\" srcset=\"https:\/\/www.radiopiu.net\/wordpress\/wp-content\/uploads\/2020\/03\/covid-importante-300x225.jpg 300w, https:\/\/www.radiopiu.net\/wordpress\/wp-content\/uploads\/2020\/03\/covid-importante-768x576.jpg 768w, https:\/\/www.radiopiu.net\/wordpress\/wp-content\/uploads\/2020\/03\/covid-importante.jpg 800w\" sizes=\"auto, (max-width: 113px) 100vw, 113px\" \/><\/a>BELLUNO<\/strong>\u00a0Le ultime 24 ore di attivit\u00e0 laboratoristica hanno restituito un\u2019unica nuova positivit\u00e0 al SARS-CoV-2 a carico di un ragazzo rientrato da alcuni giorni di vacanza in Croazia. Per gli amici compagni di viaggio, gi\u00e0 autoisolati dopo il rientro in Veneto, \u00e8 stata disposta la quarantena.<\/p>\n<p>&nbsp;<\/p>\n<p>&nbsp;<\/p>\n<p>&nbsp;<\/p>\n<hr \/>\n<p>&nbsp;<\/p>\n<blockquote>\n<h3 class=\"entry-title\">CORONAVIRUS. CON NUOVA ORDINANZA NELLE DISCOTECHE E NEI LOCALI DI DIVERTIMENTO CAPIENZA RIDOTTA DEL 50%, OBBLIGO DI MASCHERINA E CHIUSURA SE ACCERTATO IL MANCATO RISPETTO<\/h3>\n<\/blockquote>\n<p><strong class=\"photoswipe-wrapper\"><img loading=\"lazy\" decoding=\"async\" class=\"size-medium wp-image-155282 alignleft jetpack-lazy-image jetpack-lazy-image--handled\" src=\"https:\/\/i0.wp.com\/www.radiopiu.net\/wordpress\/wp-content\/uploads\/2020\/08\/concert-768722_960_720.jpg?resize=300%2C200&amp;ssl=1\" sizes=\"auto, (max-width: 300px) 100vw, 300px\" srcset=\"https:\/\/i0.wp.com\/www.radiopiu.net\/wordpress\/wp-content\/uploads\/2020\/08\/concert-768722_960_720.jpg?resize=300%2C200&amp;ssl=1 300w, https:\/\/i0.wp.com\/www.radiopiu.net\/wordpress\/wp-content\/uploads\/2020\/08\/concert-768722_960_720.jpg?resize=768%2C512&amp;ssl=1 768w, https:\/\/i0.wp.com\/www.radiopiu.net\/wordpress\/wp-content\/uploads\/2020\/08\/concert-768722_960_720.jpg?w=960&amp;ssl=1 960w\" alt=\"\" width=\"300\" height=\"200\" data-recalc-dims=\"1\" data-lazy-loaded=\"1\" \/>VENEZIA\u00a0<\/strong> Nuova ordinanza della Regione del Veneto per contrastare il Coronavirus. Il presidente della Giunta ha firmato un provvedimento \u2013 in vigore domani \u2013 che affronta il tema discoteche. Naturalmente si parla dei locali gi\u00e0 al momento attivi in Veneto perch\u00e9 dispongono delle caratteristiche per essere aperti sulla base delle norme anti-contagio decise nelle settimane dopo la ripresa. L\u2019ordinanza prevede che il numero massimo di persone che possono entrare non sia superiore al 50% della capienza massima normalmente autorizzata. Prevede, inoltre, l\u2019obbligo di indossare sempre la mascherina all\u2019interno del locale, compreso durante il ballo, ammesso, va ricordato, solo in presenza di piste all\u2019aperto. \u00c8 prevista, poi, \u00e8 la chiusura immediata del locale, senza alcun rimando ad ulteriori pratiche amministrative, se viene accertato dagli organi di vigilanza il mancato rispetto delle norme fissate dall\u2019ordinanza stessa. <em>\u201c\u00c8 una misura presa contro il rischio che il virus torni a fare la voce grossa \u2013 sottolineano il Presidente della Regione Veneto e l\u2019Assessore alla Sanit\u00e0 -. Non possiamo vanificare i risultati raggiunti grazie all\u2019impegno e lo sforzo di tutti. Mi rivolgo soprattutto ai giovani che nei giorni del lockdown e fino ad oggi sono stati un vero modello di responsabilit\u00e0 e consapevolezza della situazione. Invito loro e tutti gli altri appassionati a pazientare ancora, aderendo alle indicazioni che vengono date e continuando ad avere comportamenti coerenti con la situazione\u201d. \u201cNel periodo e nel clima estivo \u2013 concludono Governatore e Assessore \u2013 \u00e8 comprensibile la voglia di stare insieme e divertirsi, soprattutto dopo le restrizioni degli scorsi mesi.\u00a0 Ma altrettanto lo \u00e8 comprendere come basti poco creare assembramenti e situazioni che possono rendere inutile l\u2019impegno di tutti ed il lavoro dei nostri professionisti sanitari. Torneranno tempi normali ma ora ci \u00e8 chiesto di affrontare anche il divertimento con le giuste accortezze\u201d.<\/em><\/p>\n<p>&nbsp;<\/p>\n<p>&nbsp;<\/p>\n<hr \/>\n<p>&nbsp;<\/p>\n<blockquote>\n<h3>TAMPONE DRIVE-IN A FELTRE PER CHI RIENTRA DA SPAGNA, CROAZIA, GRECIA O MALTA<\/h3>\n<\/blockquote>\n<p><strong><a class=\"dt-pswp-item\" href=\"https:\/\/www.radiopiu.net\/wordpress\/wp-content\/uploads\/2020\/08\/TAMPONE.jpg\" data-dt-img-description=\"\" data-large_image_width=\"1920\" data-large_image_height=\"1280\"><img loading=\"lazy\" decoding=\"async\" class=\"size-medium wp-image-155278 alignleft\" src=\"https:\/\/www.radiopiu.net\/wordpress\/wp-content\/uploads\/2020\/08\/TAMPONE-300x200.jpg\" alt=\"\" width=\"300\" height=\"200\" srcset=\"https:\/\/www.radiopiu.net\/wordpress\/wp-content\/uploads\/2020\/08\/TAMPONE-300x200.jpg 300w, https:\/\/www.radiopiu.net\/wordpress\/wp-content\/uploads\/2020\/08\/TAMPONE-1024x683.jpg 1024w, https:\/\/www.radiopiu.net\/wordpress\/wp-content\/uploads\/2020\/08\/TAMPONE-768x512.jpg 768w, https:\/\/www.radiopiu.net\/wordpress\/wp-content\/uploads\/2020\/08\/TAMPONE-1536x1024.jpg 1536w, https:\/\/www.radiopiu.net\/wordpress\/wp-content\/uploads\/2020\/08\/TAMPONE.jpg 1920w\" sizes=\"auto, (max-width: 300px) 100vw, 300px\" \/><\/a>BELLUNO<\/strong>\u00a0Le persone che rientrano da Spagna, Croazia, Grecia o Malta, con necessit\u00e0 di eseguire il test per la ricerca del SARS-CoV 2, possono eseguire il tampone senza appuntamento in modalit\u00e0 drive-in tutti i giorni dalle 7.00 alle 13.00\u00a0a partire da domani sabato 15 agosto 2020,\u00a0presentandosi in auto alla postazione allestita a FELTRE in via Borgo Ruga 34 (sede del Dipartimento di Prevenzione, accesso da via Panoramica).\u00a0Il servizio \u00e8 garantito solo per i residenti in Ulss Dolomiti.<span class=\"Apple-converted-space\">\u00a0\u00a0<\/span>In ottemperanza alla Ordinanza del Ministero della Salute del 12 agosto 2020 e all\u2019ordinanza del Presidente della Regione del Veneto del 13 agosto 2020, per poter dare risposta rapida e sicura alle centinaia di richieste pervenute in queste ore da parte di persone in rientro dall\u2019estero (Spagna, Croazia, Grecia e Malta), il Dipartimento di Prevenzione dell\u2019Ulss Dolomiti ha attivato l\u2019accesso diretto (senza appuntamento) per l\u2019esecuzione del test di screening. Le norme, infatti, prevedono che i soggetti che fanno ingresso o rientro in Veneto da Spagna, Croazia, Grecia o Repubblica di Malta, devono dare comunicazione dell\u2019avvenuto ingresso in Veneto all\u2019Azienda Ulss di riferimento territoriale per residenza o dimora per essere sottoposti al test di screening per la ricerca di SARS-CoV-2 o comunque per trasmettere il documento attestante l\u2019esito dell\u2019eventuale test gi\u00e0 eseguito nelle 72 ore precedenti l\u2019ingresso in Italia. Fino alla comunicazione dell\u2019esito del test, che avverr\u00e0 di regola entro 48 ore dall\u2019esecuzione, la persona deve rimanere in isolamento a domicilio. Il tampone \u00e8 gratuito.\u00a0Rimane attiva la possibilit\u00e0 di prenotare l\u2019esecuzione del tampone all\u2019ospedale di Belluno (parallelamente impegnato nell\u2019esecuzione delle vaccinazioni drive \u2013in) mandando una mail a: <a href=\"mailto:covid_19@aulss1.veneto.it\">covid_19@aulss1.veneto.it <\/a>indicando: nome e cognome, recapito telefonico, giorno e ora dell\u2019 arrivo in Italia, paese di provenienza e mezzo utilizzato,\u00a0oppure telefonando allo 0437\/514343\u00a0attivo tutti i giorni dalle 8 alle 20.\u00a0L\u2019Unit\u00e0 di crisi del Dipartimento di Prevenzione per le informazioni sul COVID \u00e8 stata potenziata. Solo nella giornata di ieri sono state gestite circa 2.000 chiamate e mail. Sul drive in ad accesso diretto per tamponi attivato \u00a0Feltre, si comunica che dalle 12 alle 13 (oggi, domani e luned\u00ec) sar\u00e0 presente un infermiere esperto per l&#8217;esecuzione del tampone nei bambini.<\/p>\n<p>&nbsp;<\/p>\n<p>&nbsp;<\/p>\n<hr \/>\n<p>&nbsp;<\/p>\n<blockquote>\n<h3>BENEDIZIONE DEL CAPITELLO CON CROCEFISSO A VIE<\/h3>\n<\/blockquote>\n<p><strong><a class=\"dt-pswp-item\" href=\"https:\/\/www.radiopiu.net\/wordpress\/wp-content\/uploads\/2020\/08\/AGORDO-Benedizione-capitello-a-Vie.jpg\" data-dt-img-description=\"\" data-large_image_width=\"1600\" data-large_image_height=\"900\"><img loading=\"lazy\" decoding=\"async\" class=\"size-medium wp-image-155306 alignleft\" src=\"https:\/\/www.radiopiu.net\/wordpress\/wp-content\/uploads\/2020\/08\/AGORDO-Benedizione-capitello-a-Vie-300x169.jpg\" alt=\"\" width=\"300\" height=\"169\" srcset=\"https:\/\/www.radiopiu.net\/wordpress\/wp-content\/uploads\/2020\/08\/AGORDO-Benedizione-capitello-a-Vie-300x169.jpg 300w, https:\/\/www.radiopiu.net\/wordpress\/wp-content\/uploads\/2020\/08\/AGORDO-Benedizione-capitello-a-Vie-1024x576.jpg 1024w, https:\/\/www.radiopiu.net\/wordpress\/wp-content\/uploads\/2020\/08\/AGORDO-Benedizione-capitello-a-Vie-768x432.jpg 768w, https:\/\/www.radiopiu.net\/wordpress\/wp-content\/uploads\/2020\/08\/AGORDO-Benedizione-capitello-a-Vie-1536x864.jpg 1536w, https:\/\/www.radiopiu.net\/wordpress\/wp-content\/uploads\/2020\/08\/AGORDO-Benedizione-capitello-a-Vie.jpg 1600w\" sizes=\"auto, (max-width: 300px) 100vw, 300px\" \/><\/a>AGORDO<\/strong><\/p>\n<p><strong>di Gianni Santomaso<\/strong><\/p>\n<p>Oltre all\u2019amore per il bel canto (splendido tenore della Corale Agordina del maestro Prosdocimi e co-fondatore del Coro Agordo di Salvatore Santomaso), per l\u2019indimenticata figura di Paolo De Nardin, scomparso nel 2004, lavorare il legno, in tutte le sue forme, \u00e8 stata pure una sua grande passione, compresa la scultura. Un suo Cristo crocifisso \u00e8 stato conservato per molti anni dalla famiglia De Nardin-Olivier di Rif, in una loro baita in localit\u00e0 Vie, situata in quota fra Bin\u00e0tega e il passo Duran alle pendici di Fram\u00f3nt e Moiazza. Da tempo c\u2019era il proposito di collocare la significativa opera in un adeguato capitello, che \u00e8 stato finalmente realizzato con la geniale idea di Daniele Olivier di adattare la rustica tettoietta \u2013 opera di Stefano Merlin &#8211; a un grosso tronco d\u2019albero opportunamente intagliato, con il Cristo rivolto, dal margine del pianoro, verso la baita.<br \/>\nCos\u00ec, sono saliti lass\u00f9 numerosi, in un felice incontro di parenti, amici e amici degli amici, per l\u2019inaugurazione e benedizione, da parte del graditissimo ospite Don Fabiano Del Favero, del nuovo capitello, presenti anche i fratelli di Paolo, Dario e Gabriella.<br \/>\nPer tutti \u00e8 stata una meravigliosa festa, allietata da mattina a sera anche dalla musica del complesso \u201cI Tira Taie\u201d e dallo spiedo gigante dell\u2019impareggiabile Livio De Nardin.<\/p>\n<p>&nbsp;<\/p>\n<p>&nbsp;<\/p>\n<hr \/>\n<p>&nbsp;<\/p>\n<blockquote>\n<h3>&#8220;NA FUOIA&#8221; IL CONCERTO SOTTO ALLE PALE DI SAN LUCANO CON ANDREA DA CORTA&#8217;<\/h3>\n<\/blockquote>\n<p><strong><a class=\"dt-pswp-item\" href=\"https:\/\/www.radiopiu.net\/wordpress\/wp-content\/uploads\/2020\/08\/bf0950a7-7064-4fd8-8919-be5dd452423e.jpg\" data-dt-img-description=\"\" data-large_image_width=\"677\" data-large_image_height=\"451\"><img loading=\"lazy\" decoding=\"async\" class=\" wp-image-155226 alignleft\" src=\"https:\/\/www.radiopiu.net\/wordpress\/wp-content\/uploads\/2020\/08\/bf0950a7-7064-4fd8-8919-be5dd452423e-300x200.jpg\" alt=\"\" width=\"230\" height=\"153\" srcset=\"https:\/\/www.radiopiu.net\/wordpress\/wp-content\/uploads\/2020\/08\/bf0950a7-7064-4fd8-8919-be5dd452423e-300x200.jpg 300w, https:\/\/www.radiopiu.net\/wordpress\/wp-content\/uploads\/2020\/08\/bf0950a7-7064-4fd8-8919-be5dd452423e.jpg 677w\" sizes=\"auto, (max-width: 230px) 100vw, 230px\" \/><\/a>TAIBON<\/strong> Domenica in Valle di San Lucano alle 15 all&#8217;aperto nel prato dietro la chiesa (in caso di pioggia alle 21 in piazza Manaroi)\u00a0 si esibir\u00e0 il poli strumentista Andrea Da Cort\u00e0 con il gruppo Na Fuoia. L&#8217;artista costruisce e suona decine di strumenti e tramanda il suo sapere alle nuove generazioni. Partecipa al festival musica nell&#8217;Agordino proposto da Agordo Musica.<\/p>\n<p>LA PRESENTAZIONE CON ANDREA BERNARDI<\/p>\n<audio class=\"wp-audio-shortcode\" id=\"audio-155154-4\" preload=\"none\" style=\"width: 100%;\" controls=\"controls\"><source type=\"audio\/mpeg\" src=\"https:\/\/www.radiopiu.net\/wordpress\/wp-content\/uploads\/2020\/08\/Intervista-Da-corta.mp3?_=4\" \/><a href=\"https:\/\/www.radiopiu.net\/wordpress\/wp-content\/uploads\/2020\/08\/Intervista-Da-corta.mp3\">https:\/\/www.radiopiu.net\/wordpress\/wp-content\/uploads\/2020\/08\/Intervista-Da-corta.mp3<\/a><\/audio>\n<p>&nbsp;<\/p>\n<p>https:\/\/www.facebook.com\/nafuoiafolkmusic\/videos\/372369820415080\/<\/p>\n<p>&nbsp;<\/p>\n<hr \/>\n<p>&nbsp;<\/p>\n<p>&nbsp;<\/p>\n<p>&nbsp;<\/p>\n<blockquote>\n<h3>INCONTRO CON ENRICO MENTANA IN VACANZA A SAN VITO<\/h3>\n<\/blockquote>\n<p><strong><a class=\"dt-pswp-item\" href=\"https:\/\/www.radiopiu.net\/wordpress\/wp-content\/uploads\/2020\/08\/IMG_1277-scaled.jpg\" data-dt-img-description=\"\" data-large_image_width=\"2560\" data-large_image_height=\"1920\"><img loading=\"lazy\" decoding=\"async\" class=\" wp-image-155239 alignleft\" src=\"https:\/\/www.radiopiu.net\/wordpress\/wp-content\/uploads\/2020\/08\/IMG_1277-300x225.jpg\" alt=\"\" width=\"255\" height=\"191\" srcset=\"https:\/\/www.radiopiu.net\/wordpress\/wp-content\/uploads\/2020\/08\/IMG_1277-300x225.jpg 300w, https:\/\/www.radiopiu.net\/wordpress\/wp-content\/uploads\/2020\/08\/IMG_1277-1024x768.jpg 1024w, https:\/\/www.radiopiu.net\/wordpress\/wp-content\/uploads\/2020\/08\/IMG_1277-768x576.jpg 768w, https:\/\/www.radiopiu.net\/wordpress\/wp-content\/uploads\/2020\/08\/IMG_1277-1536x1152.jpg 1536w, https:\/\/www.radiopiu.net\/wordpress\/wp-content\/uploads\/2020\/08\/IMG_1277-2048x1536.jpg 2048w\" sizes=\"auto, (max-width: 255px) 100vw, 255px\" \/><\/a>SAN VITO DI CADORE<\/strong> \u00a0<em>\u00abLa montagna pu\u00f2 avere un grande futuro dopo il Covid. Dobbiamo mettere in campo strategie comuni per intercettare la voglia di salubrit\u00e0 che sta caratterizzando questo periodo. Abbiamo tutti gli strumenti per farlo. Soprattutto alla vigilia di due eventi eccezionali e irripetibili come Mondiali e Olimpiadi\u00bb<\/em>. \u00c8 quanto afferma il presidente della Provincia di Belluno, che ha incontrato Enrico Mentana a San Vito, assieme al sindaco e consigliere provinciale. Una chiacchierata informale con il noto giornalista, che sta trascorrendo le sue vacanze in Cadore. E non \u00e8 mancata l\u2019occasione per affrontare i temi \u201ctipici\u201d del territorio: dallo spopolamento della montagna al problema infrastrutturale, passando per la concorrenza con le Province autonome. <em>\u00abCon Enrico Mentana abbiamo ragionato sull\u2019idea di creare aree di smart working per professionisti in luoghi di pregio delle nostre Dolomiti &#8211; continua il presidente della Provincia -. Potrebbe essere il primo passo per contrastare lo spopolamento delle \u201cterre alte\u201d, portando professionisti a vivere e lavorare nei nostri paese. Dobbiamo crederci tutti e superare le visioni campanilistiche. In questo momento la nostra provincia, che \u00e8 variegata, deve trovare l\u2019armonizzazione su nuove idee di sviluppo\u00bb<\/em>.<\/p>\n<p>&nbsp;<\/p>\n<p>&nbsp;<\/p>\n<hr \/>\n<p>&nbsp;<\/p>\n<blockquote>\n<h3>PRESENTATO IL CALENDARIO 2021 DELLA POLIZIA DI STATO<\/h3>\n<\/blockquote>\n<p><strong><a class=\"dt-pswp-item\" href=\"https:\/\/www.radiopiu.net\/wordpress\/wp-content\/uploads\/2020\/08\/2.jpeg\" data-dt-img-description=\"\" data-large_image_width=\"1600\" data-large_image_height=\"1064\"><img loading=\"lazy\" decoding=\"async\" class=\"size-medium wp-image-155266 alignleft\" src=\"https:\/\/www.radiopiu.net\/wordpress\/wp-content\/uploads\/2020\/08\/2-300x200.jpeg\" alt=\"\" width=\"300\" height=\"200\" srcset=\"https:\/\/www.radiopiu.net\/wordpress\/wp-content\/uploads\/2020\/08\/2-300x200.jpeg 300w, https:\/\/www.radiopiu.net\/wordpress\/wp-content\/uploads\/2020\/08\/2-1024x681.jpeg 1024w, https:\/\/www.radiopiu.net\/wordpress\/wp-content\/uploads\/2020\/08\/2-768x511.jpeg 768w, https:\/\/www.radiopiu.net\/wordpress\/wp-content\/uploads\/2020\/08\/2-1536x1021.jpeg 1536w, https:\/\/www.radiopiu.net\/wordpress\/wp-content\/uploads\/2020\/08\/2.jpeg 1600w\" sizes=\"auto, (max-width: 300px) 100vw, 300px\" \/><\/a>BELLUNO\u00a0<\/strong>Quest\u2019anno, il calendario della Polizia di Stato 2021 celebrer\u00e0 il<b> <\/b>40\u00b0 Anniversario della Legge n.121 del 1981<b> <\/b>che ha profondamente riformato l\u2019Amministrazione della pubblica sicurezza e istituito la Polizia di Stato.\u00a0Le immagini raccontano il cambiamento della nostra Amministrazione \u2013 forza di polizia moderna, democratica, a ordinamento civile \u2013 descrivendo l\u2019evoluzione della simbologia, dell\u2019operativit\u00e0 e del concetto di prossimit\u00e0.<span class=\"Apple-converted-space\">\u00a0\u00a0<\/span>Per raccontare questa evoluzione e descrivere la Polizia di oggi, sono stati individuati nella legge di riforma 12 temi portanti e rappresentati con altrettanti scatti. Ogni fotografia sar\u00e0 accompagnata da una parola emblematica.\u00a0Anche quest\u2019anno la realizzazione del calendario della Polizia di Stato ha trovato la <i>partenship<\/i> di Unicef. La vendita dell\u2019ultimo calendario ha permesso di devolvere pi\u00f9 di \u20ac 160.00 al progetto UNICEF <i>\u201cTrentesimo anniversario della Convenzione ONU dei diritti dell\u2019infanzia e dell\u2019adolescenza\u201d<\/i>.\u00a0Il ricavato della vendita, quest\u2019anno, sosterr\u00e0 il progetto connesso all\u2019Emergenza Coronavirus e una quota sar\u00e0 devoluta al Piano di assistenza \u201cMarco Valerio\u201d, riservato ai figli dei dipendenti della Polizia di Stato affetti da patologie croniche.<span class=\"Apple-converted-space\">\u00a0\u00a0<\/span>Tutti i cittadini potranno prenotare il calendario da parete (costo 8 euro) e il calendario da tavolo (costo 6 euro), entro e non oltre il prossimo 21 settembre, facendo un versamento sul conto corrente postale nr. 745000, intestato a \u201c Comitato Italiano per l\u2019Unicef\u201d. Sul bollettino dovr\u00e0 essere indicata la causale <i>Calendario della Polizia di Stato 2021 per il progetto Unicef \u201cEmergenza Coronavirus<\/i>\u201d. Copia dell\u2019attestazione di versamento dovr\u00e0 poi essere presentata all\u2019Ufficio Relazioni con il Pubblico della Questura.<\/p>\n<p>&nbsp;<\/p>\n<p>&nbsp;<\/p>\n<hr \/>\n<p>&nbsp;<\/p>\n<blockquote>\n<h3>RITROVO A COLVIGNAS PER SAN ROCCO<\/h3>\n<\/blockquote>\n<p><strong><a class=\"dt-pswp-item\" href=\"https:\/\/www.radiopiu.net\/wordpress\/wp-content\/uploads\/2020\/08\/AGORDO-Tradizionale-san-Rocco-a-Colvignas-2019.jpg\" data-dt-img-description=\"\" data-large_image_width=\"1599\" data-large_image_height=\"899\"><img loading=\"lazy\" decoding=\"async\" class=\"size-medium wp-image-155302 alignleft\" src=\"https:\/\/www.radiopiu.net\/wordpress\/wp-content\/uploads\/2020\/08\/AGORDO-Tradizionale-san-Rocco-a-Colvignas-2019-300x169.jpg\" alt=\"\" width=\"300\" height=\"169\" srcset=\"https:\/\/www.radiopiu.net\/wordpress\/wp-content\/uploads\/2020\/08\/AGORDO-Tradizionale-san-Rocco-a-Colvignas-2019-300x169.jpg 300w, https:\/\/www.radiopiu.net\/wordpress\/wp-content\/uploads\/2020\/08\/AGORDO-Tradizionale-san-Rocco-a-Colvignas-2019-1024x576.jpg 1024w, https:\/\/www.radiopiu.net\/wordpress\/wp-content\/uploads\/2020\/08\/AGORDO-Tradizionale-san-Rocco-a-Colvignas-2019-768x432.jpg 768w, https:\/\/www.radiopiu.net\/wordpress\/wp-content\/uploads\/2020\/08\/AGORDO-Tradizionale-san-Rocco-a-Colvignas-2019-1536x864.jpg 1536w, https:\/\/www.radiopiu.net\/wordpress\/wp-content\/uploads\/2020\/08\/AGORDO-Tradizionale-san-Rocco-a-Colvignas-2019.jpg 1599w\" sizes=\"auto, (max-width: 300px) 100vw, 300px\" \/><\/a>AGORDO<\/strong><\/p>\n<p><strong>di Gianni Santomaso<\/strong><\/p>\n<p>Ritorna anche quest\u2019anno, il giorno dopo ferragosto, la bella consuetudine dell\u2019appuntamento alla suggestiva chiesetta di San Rocco a Colvignas di Agordo, che assieme al Cristo delle Pianezze, al capitello di Pian de Cr\u00f3s e all\u2019oratorio della Ss.ma Trinit\u00e0 di Paluch, costituisce il quarto punto cardinale della devozione popolare della conca agordina. Domani (domenica 16 agosto), alle 17, ci sar\u00e0 dunque il tradizionale momento di preghiera e amicizia, con la Messa celebrata dal nuovo arcidiacono monsignor Cesare Larese, a ricordo degli emigranti e dei defunti della frazione e dei villaggi vicini. Al termine i convenuti si troveranno come sempre in allegra compagnia con i \u00abB\u00f2ce da Rif\u00bb.<\/p>\n<p>&nbsp;<\/p>\n<p>&nbsp;<\/p>\n<hr \/>\n<p>&nbsp;<\/p>\n<blockquote>\n<h3>EL CANAL DE AGORT, LA MOSTRA AL MUSEO MINERALOGICO E PALEONTOLOGICO DI AGORDO<\/h3>\n<\/blockquote>\n<p><strong><a class=\"dt-pswp-item\" href=\"https:\/\/www.radiopiu.net\/wordpress\/wp-content\/uploads\/2020\/08\/AGORDO-Mostra-Arca-Reperti-Riparo-Agre-Val-Pegolera-VI-sec.-a.C.jpg\" data-dt-img-description=\"\" data-large_image_width=\"1476\" data-large_image_height=\"1107\"><img loading=\"lazy\" decoding=\"async\" class=\"size-medium wp-image-155298 alignleft\" src=\"https:\/\/www.radiopiu.net\/wordpress\/wp-content\/uploads\/2020\/08\/AGORDO-Mostra-Arca-Reperti-Riparo-Agre-Val-Pegolera-VI-sec.-a.C-300x225.jpg\" alt=\"\" width=\"300\" height=\"225\" srcset=\"https:\/\/www.radiopiu.net\/wordpress\/wp-content\/uploads\/2020\/08\/AGORDO-Mostra-Arca-Reperti-Riparo-Agre-Val-Pegolera-VI-sec.-a.C-300x225.jpg 300w, https:\/\/www.radiopiu.net\/wordpress\/wp-content\/uploads\/2020\/08\/AGORDO-Mostra-Arca-Reperti-Riparo-Agre-Val-Pegolera-VI-sec.-a.C-1024x768.jpg 1024w, https:\/\/www.radiopiu.net\/wordpress\/wp-content\/uploads\/2020\/08\/AGORDO-Mostra-Arca-Reperti-Riparo-Agre-Val-Pegolera-VI-sec.-a.C-768x576.jpg 768w, https:\/\/www.radiopiu.net\/wordpress\/wp-content\/uploads\/2020\/08\/AGORDO-Mostra-Arca-Reperti-Riparo-Agre-Val-Pegolera-VI-sec.-a.C.jpg 1476w\" sizes=\"auto, (max-width: 300px) 100vw, 300px\" \/><\/a>AGORDO<\/strong><\/p>\n<p><strong>di Gianni Santomaso<\/strong><\/p>\n<p>\u00abEl Can\u00e0l de \u00c0gort. Scavare nel passato. Storia e archeologia da San Gottardo a P\u00f3nt del Cristo\u00bb. Continua a riscuotere un vastissimo interesse la mostra inaugurata il 13 luglio 2019 al Museo mineralogico e paleontologico di via 5 maggio ad Agordo, da parte di Arca-Gruppo archeologico agordino. L\u2019 esposizione presenta gli esiti delle ricerche storiche e archeologiche effettuate da Arca a partire dal 2003 lungo la bassa valle del Cordevole. In particolare, sono esposti i reperti e le nuove conoscenze relative alle frequentazioni del Canale in periodo protostorico, risalenti cio\u00e8 a 2500-3000 anni fa.<br \/>\nLa mostra, a ingresso libero, \u00e8 visitabile fino al 6 settembre nei giorni di venerd\u00ec, sabato e domenica con orario 10-12.30 e 16-19. Da settembre visite solo su prenotazione: archeoagordo.arca@gmail.com<\/p>\n<p>&nbsp;<\/p>\n<p>&nbsp;<\/p>\n<hr \/>\n<p>&nbsp;<\/p>\n<blockquote>\n<h3>ASCA CERCA PERSONALE<\/h3>\n<\/blockquote>\n<p style=\"font-weight: 400;\"><strong><a class=\"dt-pswp-item\" href=\"https:\/\/www.radiopiu.net\/wordpress\/wp-content\/uploads\/2020\/04\/ASCA.png\" data-dt-img-description=\"\" data-large_image_width=\"1211\" data-large_image_height=\"668\"><img loading=\"lazy\" decoding=\"async\" class=\"size-medium wp-image-128881 alignleft\" src=\"https:\/\/www.radiopiu.net\/wordpress\/wp-content\/uploads\/2020\/04\/ASCA-300x165.png\" alt=\"\" width=\"300\" height=\"165\" srcset=\"https:\/\/www.radiopiu.net\/wordpress\/wp-content\/uploads\/2020\/04\/ASCA-300x165.png 300w, https:\/\/www.radiopiu.net\/wordpress\/wp-content\/uploads\/2020\/04\/ASCA-1024x565.png 1024w, https:\/\/www.radiopiu.net\/wordpress\/wp-content\/uploads\/2020\/04\/ASCA-768x424.png 768w, https:\/\/www.radiopiu.net\/wordpress\/wp-content\/uploads\/2020\/04\/ASCA.png 1211w\" sizes=\"auto, (max-width: 300px) 100vw, 300px\" \/><\/a>AGORDO\u00a0<\/strong>ASCA ha indetto una nuova selezione pubblica finalizzata alla formulazione di una graduatoria di idoneit\u00e0 utile all\u2019inserimento a tempo indeterminato e a tempo pieno presso la RSA di Agordo di INFERMIERE<strong>.\u00a0<\/strong>Il termine ultimo per la presentazione delle candidature \u00e8 fissato entro e non oltre le ore 12.00 del giorno 22 settembre 2020.\u00a0Si precisa che \u00e8 stato riservato un inquadramento contrattuale Uneba di livello 2 con uno stipendio lordo mensile stimato di euro 310 superiore rispetto a quello di livello 3S Uneba e, inoltre, viene offerto un supporto alloggiativo \u00a0gratuito di 1 mese per i neo assunti provenienti da paesi non limitrofi ad Agordo.\u00a0ASCA inoltre ricerca OPERATORI SOCIO SANITARI mediante nuova selezione pubblica finalizzata alla formulazione di una graduatoria di idoneit\u00e0 utile all\u2019inserimento a tempo indeterminato e a tempo pieno presso la RSA di Agordo.\u00a0Il termine ultimo per la presentazione delle candidature \u00e8 fissato entro e non oltre le ore 12.00 del giorno 18 settembre 2020.\u00a0Le modalit\u00e0 di presentazione delle domande di entrambe le selezioni si trovano sulla home page del sito aziendale\u00a0<a href=\"http:\/\/www.servizisocialiasca.it\/\">www.servizisocialiasca.it<\/a>.<\/p>\n<p>&nbsp;<\/p>\n<p>&nbsp;<\/p>\n<hr \/>\n<p>&nbsp;<\/p>\n<blockquote>\n<h2>A SILVANA E GILBERTO PER I CINQUANTANNI DI SOGGIORNO AD ALLEGHE<\/h2>\n<\/blockquote>\n<h2>ALLEGHE<\/h2>\n<p>&nbsp;<\/p>\n<p>https:\/\/www.facebook.com\/radiopiu\/videos\/687429091850749<\/p>\n<p>&nbsp;<\/p>\n<p>&nbsp;<\/p>\n<p>&nbsp;<\/p>\n<p>&nbsp;<\/p>\n<hr \/>\n<blockquote>\n<h3>RICORDO DI 3 MISSIONARI BELLUNESI BENEMERITI PER L\u2019IMPEGNO IN CINA di Renato Bona<\/h3>\n<\/blockquote>\n<p><strong><a class=\"dt-pswp-item\" href=\"https:\/\/www.radiopiu.net\/wordpress\/wp-content\/uploads\/2019\/08\/553085_385905871470280_1626001170_n.jpg\" data-dt-img-description=\"\" data-large_image_width=\"855\" data-large_image_height=\"569\"><img loading=\"lazy\" decoding=\"async\" class=\" wp-image-94070 alignleft\" src=\"https:\/\/www.radiopiu.net\/wordpress\/wp-content\/uploads\/2019\/08\/553085_385905871470280_1626001170_n-300x200.jpg\" alt=\"\" width=\"164\" height=\"109\" \/><\/a>di\u00a0Renato\u00a0Bona\u00a0<\/strong><\/p>\n<p>Da sempre estimatori di quanti, preti, suore e laici, da missionari si prodigano, talvolta a prezzo della vita, in favore dei meno fortunati (che sono moltissimi, in ogni parte del mondo) ci siamo imbattuti, navigando su Internet, nel sito telematico che ospita anche scritti del \u201cPeriodico delle missioni estere\u201d. E, purtroppo, si \u00e8 trattato di apprendere notizie che, sia pure datate, riguardano tre benemeriti missionari del Bellunese dei quali poco si \u00e8 saputo e parlato. Questo l\u2019annuncio che abbiamo letto a proposito di padre Giovanni Scopel (1872-1904), missionario apostolico nello Scen-si meridionale in Cina, morto il 1. agosto sul fiume Han mentre stava recandosi a Han-kow per farsi curare da un medico europeo. Nativo (11 giugno 1872) di Seren del Grappa in provincia di Belluno, Scopel figlio di Giuseppe e di Giovanna Rech (\u201cpii ed onesti genitori, i quali col latte della prima educazione seppero infondere nell\u2019animo del fanciullo i sentimenti sublimi della pi\u00f9 solida e ingenua piet\u00e0. Giovinetto, sentitosi chiamare da Dio al sacerdozio, rispose alla voce della grazia, ed i genitori secondata la sua vocazione, entr\u00f2 nel patrio seminario di Feltre per intraprendere gli studi ecclesiastici. Ma giunto all\u2019et\u00e0 di vent\u2019anni, dovette sospenderli chiamato al servizio delle armi. A Nessuno \u00e8 ignoto quanti pericoli vi siano per la incauta giovent\u00f9 nella carriera militare, ma in mezzo ai medesimi egli seppe s\u00ec bene munirsi dell\u2019orazione e, nei giorni pi\u00f9 liberi, coll\u2019aiuto dei sacramenti, che pot\u00e9 conservare integra la sua illibatezza. La modestia, l\u2019esemplare sua condotta, la diligenza e l\u2019esattezza nell\u2019adempiere ai suoi doveri militari, poterono ben presto cattivargli la stima e l\u2019amore dei sui superiori. Nei suoi tre anni di servizio militare, mai ebbe a scontare nemmeno il pi\u00f9 lieve castigo. Ritornato a casa, volle seguitare i suoi studi ecclesiastici, e rientr\u00f2 nel patrio Seminario. Ma quivi segretamente Iddio lo chiamava al ministero dell\u2019Apostolato nelle missioni estere, per cui nel 1896 entrava nel Seminario consacrato a questo fine. Terminati gli studi teologici, nel 1898 venne ordinato sacerdote e nel settembre dello stesso anno salpava da Marsiglia per lo Scen-si Meridionale\u201d. Si ricorda infine che \u201cNei sei anni dell\u2019apostolato in quella Missione molti furono ed abbondanti i frutti delle sue fatiche apostoliche. Ma mentre di lui si nutrivano le pi\u00f9 liete speranze, una malattia fatale lentamente lo conduceva al sepolcro. Si era messo in viaggio per Han-kow, onde trovare nell\u2019arte medica la sua salute; invece Iddio, che lo vedeva gi\u00e0 colmo di meriti pi\u00f9 che di anni, lo chiamava a s\u00e9 il giorno 1 di agosto 1904, lasciando largo rimpianto in tutti, nei suoi superiori, nei suoi confratelli, ed in quanti lo conobbero. Pace all\u2019anima sua benedetta!\u201d. Ed ecco un altro missionario bellunese che oper\u00f2 in terra cinese: padre Domenico De Rocco (1889-1958).La pubblicazione \u201cIl vincolo\u201d del maggio 1958 cos\u00ec ne richiamava la figura e l\u2019opera: \u201cPadre Domenico De Rocco, di Giovanni Battista e Angela Deola, nato a Forno di Canale (l\u2019attuale Canale d\u2019Agordo \u2013 ndr.) l\u20191 febbraio 1889, entrato nell\u2019Istituto a Roma nel 1909, ordinato sacerdote il 25 luglio 1914, partito per Han-chung il 15 novembre 1919, tornato nel 1947, morto a Rancio il 5 aprile 1958. Figlio delle Dolomiti accoppi\u00f2 nell\u2019animo le virt\u00f9 della sua terra: gentilezza e delicatezza d\u2019animo, prudenza congiunta a cavalleresco ardimento; il tutto nobilitato dalla grazia. Proveniente dal Seminario di Feltre, dalla seconda liceale continu\u00f2 gli studi a Roma ove si laure\u00f2. L\u2019imminenza della guerra gli imped\u00ec la partenza. Fu cappellano degli Alpini per tutta la guerra, meritandosi una medaglia al valore e diversi croci di guerra. Nel 1919 pot\u00e9 raggiungere Han-chung. Durante certe incursioni dei briganti dovette quasi rimpiangere il fronte, ma non ne era il tipo. Dal 1926 fu procuratore. Con cuore grande e letizia accett\u00f2 la fusione dei due Istituti di Roma e Milano nel P.I.M.E. Nel 1935 succedeva a padre Ghislanzoni nella carica di pro-vicario. Eletto rappresentante al consiglio del &#8220;47&#8221; rivide la patria e le sue montagne. Fu rettore dell\u2019anno di formazione, poi della casa di Monza. Scemando le forze ed aumentando gli acciacchi fu prima al Rosetum di Besozzo e poi a Rancio a riposo. Sorella morte lo chiam\u00f2 improvvisa al sabato santo; ricevuti i sacramenti, spirava. Ai funerali officiava mons. Maggi ed era presente il Superiore generale dei somaschi, suo fratello. Quattro alpini ne portarono la bara. Riposa alla Grugana\u201d. Infine un altro agordino: padre Giuseppe Pellegrini (1906-1972): nato il 23 giugno a Gosaldo, entr\u00f2 nell\u2019Istituto nel 1923; ordinato sacerdote il 22 settembre 1928 partiva per Weihui in Cina il 9 novembre 1930. Lavorava dapprima a Wu\u201dan poi a Linxian e infine a Linzhang. Rimpatriato nel giugno 1949, fu mandato nel sud del Brasile nell\u2019ottobre 1955 a proseguire l\u2019attivit\u00e0 missionaria. E\u2019 mancato a San Paulo l\u201911 aprile 1972.<\/p>\n\n\t\t\t<style type='text\/css'>\n\t\t\t\t#gallery-8 {\n\t\t\t\t\tmargin: auto;\n\t\t\t\t}\n\t\t\t\t#gallery-8 .gallery-item {\n\t\t\t\t\tfloat: left;\n\t\t\t\t\tmargin-top: 10px;\n\t\t\t\t\ttext-align: center;\n\t\t\t\t\twidth: 20%;\n\t\t\t\t}\n\t\t\t\t#gallery-8 img {\n\t\t\t\t\tborder: 2px solid #cfcfcf;\n\t\t\t\t}\n\t\t\t\t#gallery-8 .gallery-caption {\n\t\t\t\t\tmargin-left: 0;\n\t\t\t\t}\n\t\t\t\t\/* see gallery_shortcode() in wp-includes\/media.php *\/\n\t\t\t<\/style>\n\t\t<div id='gallery-8' class='dt-gallery-container gallery galleryid-155154 gallery-columns-5 gallery-size-thumbnail'><dl class='gallery-item'>\n\t\t\t\t<dt class='gallery-icon landscape'>\n\t\t\t\t\t<a class=\"rollover rollover-zoom dt-pswp-item\" title=\"117815408_1582614905250449_4436226093079463247_n\" data-dt-img-description=\"\" data-large_image_width=\"240\" data-large_image_height=\"184\"href='https:\/\/www.radiopiu.net\/wordpress\/wp-content\/uploads\/2020\/08\/117815408_1582614905250449_4436226093079463247_n.jpg'><img loading=\"lazy\" decoding=\"async\" width=\"150\" height=\"150\" src=\"https:\/\/www.radiopiu.net\/wordpress\/wp-content\/uploads\/2020\/08\/117815408_1582614905250449_4436226093079463247_n-150x150.jpg\" class=\"attachment-thumbnail size-thumbnail\" alt=\"\" \/><\/a>\n\t\t\t\t<\/dt><\/dl><dl class='gallery-item'>\n\t\t\t\t<dt class='gallery-icon portrait'>\n\t\t\t\t\t<a class=\"rollover rollover-zoom dt-pswp-item\" title=\"117757480_320166022636108_3174237955260305208_n\" data-dt-img-description=\"\" data-large_image_width=\"194\" data-large_image_height=\"259\"href='https:\/\/www.radiopiu.net\/wordpress\/wp-content\/uploads\/2020\/08\/117757480_320166022636108_3174237955260305208_n.jpg'><img loading=\"lazy\" decoding=\"async\" width=\"150\" height=\"150\" src=\"https:\/\/www.radiopiu.net\/wordpress\/wp-content\/uploads\/2020\/08\/117757480_320166022636108_3174237955260305208_n-150x150.jpg\" class=\"attachment-thumbnail size-thumbnail\" alt=\"\" \/><\/a>\n\t\t\t\t<\/dt><\/dl><dl class='gallery-item'>\n\t\t\t\t<dt class='gallery-icon landscape'>\n\t\t\t\t\t<a class=\"rollover rollover-zoom dt-pswp-item\" title=\"117716841_365175394469294_3275684584231210259_n\" data-dt-img-description=\"\" data-large_image_width=\"275\" data-large_image_height=\"183\"href='https:\/\/www.radiopiu.net\/wordpress\/wp-content\/uploads\/2020\/08\/117716841_365175394469294_3275684584231210259_n.jpg'><img loading=\"lazy\" decoding=\"async\" width=\"150\" height=\"150\" src=\"https:\/\/www.radiopiu.net\/wordpress\/wp-content\/uploads\/2020\/08\/117716841_365175394469294_3275684584231210259_n-150x150.jpg\" class=\"attachment-thumbnail size-thumbnail\" alt=\"\" \/><\/a>\n\t\t\t\t<\/dt><\/dl><dl class='gallery-item'>\n\t\t\t\t<dt class='gallery-icon landscape'>\n\t\t\t\t\t<a class=\"rollover rollover-zoom dt-pswp-item\" title=\"117740682_750221442463188_6894410681505494088_n\" data-dt-img-description=\"\" data-large_image_width=\"300\" data-large_image_height=\"168\"href='https:\/\/www.radiopiu.net\/wordpress\/wp-content\/uploads\/2020\/08\/117740682_750221442463188_6894410681505494088_n.jpg'><img loading=\"lazy\" decoding=\"async\" width=\"150\" height=\"150\" src=\"https:\/\/www.radiopiu.net\/wordpress\/wp-content\/uploads\/2020\/08\/117740682_750221442463188_6894410681505494088_n-150x150.jpg\" class=\"attachment-thumbnail size-thumbnail\" alt=\"\" \/><\/a>\n\t\t\t\t<\/dt><\/dl><dl class='gallery-item'>\n\t\t\t\t<dt class='gallery-icon landscape'>\n\t\t\t\t\t<a class=\"rollover rollover-zoom dt-pswp-item\" title=\"117600148_674890406438865_2234275507867289716_n\" data-dt-img-description=\"\" data-large_image_width=\"259\" data-large_image_height=\"194\"href='https:\/\/www.radiopiu.net\/wordpress\/wp-content\/uploads\/2020\/08\/117600148_674890406438865_2234275507867289716_n.jpg'><img loading=\"lazy\" decoding=\"async\" width=\"150\" height=\"150\" src=\"https:\/\/www.radiopiu.net\/wordpress\/wp-content\/uploads\/2020\/08\/117600148_674890406438865_2234275507867289716_n-150x150.jpg\" class=\"attachment-thumbnail size-thumbnail\" alt=\"\" \/><\/a>\n\t\t\t\t<\/dt><\/dl><br style=\"clear: both\" \/>\n\t\t\t<\/div>\n\n<p>NELLE FOTO (viaggiando.com, Google): giunche sul fiume cinese Han, nella zona di missione dove ha cessato di vivere padre Scopel; la Grugana, villa del Pime, dove riposa padre De Rocco e in occasione di un raduno di missionari; visione di San Paolo del Brasile e di una favela dove oper\u00f2 padre Giuseppe Pellegrini.<\/p>\n<p>&nbsp;<\/p>\n<p>&nbsp;<\/p>\n<hr \/>\n<p>&nbsp;<\/p>\n<blockquote>\n<h3>GIOVANNI PAOLO I: PERCH\u00c9 \u00c8 ATTUALE?<\/h3>\n<\/blockquote>\n<p><b><a class=\"dt-pswp-item\" href=\"https:\/\/www.radiopiu.net\/wordpress\/wp-content\/uploads\/2020\/08\/andrea-tornielli.jpg\" data-dt-img-description=\"\" data-large_image_width=\"1275\" data-large_image_height=\"1055\"><img loading=\"lazy\" decoding=\"async\" class=\"wp-image-155274 alignleft\" src=\"https:\/\/www.radiopiu.net\/wordpress\/wp-content\/uploads\/2020\/08\/andrea-tornielli-300x248.jpg\" alt=\"\" width=\"134\" height=\"111\" srcset=\"https:\/\/www.radiopiu.net\/wordpress\/wp-content\/uploads\/2020\/08\/andrea-tornielli-300x248.jpg 300w, https:\/\/www.radiopiu.net\/wordpress\/wp-content\/uploads\/2020\/08\/andrea-tornielli-1024x847.jpg 1024w, https:\/\/www.radiopiu.net\/wordpress\/wp-content\/uploads\/2020\/08\/andrea-tornielli-768x635.jpg 768w, https:\/\/www.radiopiu.net\/wordpress\/wp-content\/uploads\/2020\/08\/andrea-tornielli.jpg 1275w\" sizes=\"auto, (max-width: 134px) 100vw, 134px\" \/><\/a>CANALE D&#8217;AGORDO<\/b> Domani alle 21 nella Chiesa arcipretale di Canale d&#8217;Agordo, Andera Tornielli, direttore editoriale del Dicastero della Comunicazione della Santa Sede, parler\u00e0 dell&#8217;attualit\u00e0 di Papa Luciani. Serata dal titolo &#8220;Giovanni Paolo I:\u00a0perch\u00e9 \u00e8 attuale?&#8221;<\/p>\n<p>&nbsp;<\/p>\n<p>&nbsp;<\/p>\n<p>&nbsp;<\/p>\n<p><strong>LORIS SERAFINI PRESIDENTE FONDAZIONE PAPA LUCIANI<\/strong><\/p>\n<audio class=\"wp-audio-shortcode\" id=\"audio-155154-5\" preload=\"none\" style=\"width: 100%;\" controls=\"controls\"><source type=\"audio\/mpeg\" src=\"https:\/\/www.radiopiu.net\/wordpress\/wp-content\/uploads\/2020\/08\/loris-serafini-16-agosto-2020.mp3?_=5\" \/><a href=\"https:\/\/www.radiopiu.net\/wordpress\/wp-content\/uploads\/2020\/08\/loris-serafini-16-agosto-2020.mp3\">https:\/\/www.radiopiu.net\/wordpress\/wp-content\/uploads\/2020\/08\/loris-serafini-16-agosto-2020.mp3<\/a><\/audio>\n<p>&nbsp;<\/p>\n<h2><\/h2>\n<p>&nbsp;<\/p>\n<hr \/>\n<p>&nbsp;<\/p>\n<p><a class=\"dt-pswp-item\" href=\"https:\/\/www.radiopiu.net\/wordpress\/wp-content\/uploads\/2018\/09\/appuntamenti.jpeg\" data-dt-img-description=\"\" data-large_image_width=\"800\" data-large_image_height=\"100\"><img loading=\"lazy\" decoding=\"async\" class=\"aligncenter wp-image-61958 size-full\" src=\"https:\/\/www.radiopiu.net\/wordpress\/wp-content\/uploads\/2018\/09\/appuntamenti.jpeg\" alt=\"\" width=\"800\" height=\"100\" srcset=\"https:\/\/www.radiopiu.net\/wordpress\/wp-content\/uploads\/2018\/09\/appuntamenti.jpeg 800w, https:\/\/www.radiopiu.net\/wordpress\/wp-content\/uploads\/2018\/09\/appuntamenti-300x38.jpeg 300w, https:\/\/www.radiopiu.net\/wordpress\/wp-content\/uploads\/2018\/09\/appuntamenti-768x96.jpeg 768w\" sizes=\"auto, (max-width: 800px) 100vw, 800px\" \/><\/a><\/p>\n<p>&nbsp;<\/p>\n<blockquote>\n<h3>CASTELLO DI ANDRAZ: FINO AL 13 SETTEMBRE &#8220;FUGACI PRESENZE NELLE DOLOMITI&#8221;, FOTOGRAFIE DI GIACOMO DE DONA&#8217;<\/h3>\n<\/blockquote>\n<p>&nbsp;<\/p>\n<hr \/>\n<h2><\/h2>\n<p><strong>MOSTRA MERCATO NELLE DOLOMITI AGORDINE PROSSIMI APPUNTAMENTI: oggi a Caprile di Alleghe, domenica a Canale d&#8217;Agordo, mercoledi 19 a Cencenighe.<\/strong><\/p>\n<p>&nbsp;<\/p>\n<hr \/>\n<h3><\/h3>\n<blockquote>\n<h3><strong>AGORDO<\/strong> Sono esposti presso il Caff\u00e8 Miniere di Agordo i lavori di Savino Conedera. Una mostra che non ha una data precisa di fine e che sar\u00e0 visitabile durante l&#8217;apertura del locale.<\/h3>\n<\/blockquote>\n<p>&nbsp;<\/p>\n<hr \/>\n<p>&nbsp;<\/p>\n<p>&nbsp;<\/p>\n<blockquote>\n<h3>I NOS CROT CON IL G.A.M.P.<\/h3>\n<\/blockquote>\n<p><strong><a class=\"dt-pswp-item\" href=\"https:\/\/www.radiopiu.net\/wordpress\/wp-content\/uploads\/2020\/08\/120853d3-1aa3-4da2-a0f7-a3793d5b0fd8.jpg\" data-dt-img-description=\"\" data-large_image_width=\"520\" data-large_image_height=\"382\"><img loading=\"lazy\" decoding=\"async\" class=\" wp-image-155087 alignleft\" src=\"https:\/\/www.radiopiu.net\/wordpress\/wp-content\/uploads\/2020\/08\/120853d3-1aa3-4da2-a0f7-a3793d5b0fd8-300x220.jpg\" alt=\"\" width=\"175\" height=\"128\" srcset=\"https:\/\/www.radiopiu.net\/wordpress\/wp-content\/uploads\/2020\/08\/120853d3-1aa3-4da2-a0f7-a3793d5b0fd8-300x220.jpg 300w, https:\/\/www.radiopiu.net\/wordpress\/wp-content\/uploads\/2020\/08\/120853d3-1aa3-4da2-a0f7-a3793d5b0fd8.jpg 520w\" sizes=\"auto, (max-width: 175px) 100vw, 175px\" \/><\/a>AGORDO<\/strong> I Nos Crot, \u00e8 l&#8217;iniziativa estiva del Gruppo Agordino Mineralogico e Paleontologico, ovvero escursioni geoturistiche nelle Dolomiti Agordine. Prossimi appuntamenti lunedi 17 agosto a Passo Duran e Rifugio Carestiato (al mattino) e venerdi 21 agosto alle miniere di Vallalta (pomeriggio). Iscrizioni all&#8217;ufficio turistico di Agordo. Oggi alle 10.30 e 19.00 lo speciale alla radio con Manuel Conedera e Davide Conedera<strong>.<\/strong><\/p>\n<p>&nbsp;<\/p>\n<p>&nbsp;<\/p>\n<p><strong>IERI ALLA RADIO CON MANUEL E DAVIDE CONEDERA\u00a0<\/strong><\/p>\n<audio class=\"wp-audio-shortcode\" id=\"audio-155154-6\" preload=\"none\" style=\"width: 100%;\" controls=\"controls\"><source type=\"audio\/mpeg\" src=\"https:\/\/www.radiopiu.net\/wordpress\/wp-content\/uploads\/2020\/08\/MANUEL-E-DAVIDE.mp3?_=6\" \/><a href=\"https:\/\/www.radiopiu.net\/wordpress\/wp-content\/uploads\/2020\/08\/MANUEL-E-DAVIDE.mp3\">https:\/\/www.radiopiu.net\/wordpress\/wp-content\/uploads\/2020\/08\/MANUEL-E-DAVIDE.mp3<\/a><\/audio>\n<p>&nbsp;<\/p>\n<hr \/>\n<p>&nbsp;<\/p>\n<blockquote>\n<h3>OGGI LA FESTA LADINA DI S\u00c1NTA MARIA MAIOU SULLA MONTAGNA DEL CHERZ<\/h3>\n<\/blockquote>\n<p><strong class=\"photoswipe-wrapper\"><a class=\"dt-pswp-item pspw-wrap-ready\" href=\"https:\/\/i2.wp.com\/www.radiopiu.net\/wordpress\/wp-content\/uploads\/2020\/08\/FESTA-SANTA-MARIA-MAIOU.jpg?ssl=1\" data-dt-img-description=\"\" data-large_image_width=\"620\" data-large_image_height=\"415\"><img loading=\"lazy\" decoding=\"async\" class=\" wp-image-154566 alignleft\" src=\"https:\/\/i2.wp.com\/www.radiopiu.net\/wordpress\/wp-content\/uploads\/2020\/08\/FESTA-SANTA-MARIA-MAIOU.jpg?resize=300%2C201&amp;ssl=1\" sizes=\"auto, (max-width: 300px) 100vw, 300px\" srcset=\"https:\/\/i2.wp.com\/www.radiopiu.net\/wordpress\/wp-content\/uploads\/2020\/08\/FESTA-SANTA-MARIA-MAIOU.jpg?resize=300%2C201&amp;ssl=1 300w, https:\/\/i2.wp.com\/www.radiopiu.net\/wordpress\/wp-content\/uploads\/2020\/08\/FESTA-SANTA-MARIA-MAIOU.jpg?w=620&amp;ssl=1 620w\" alt=\"\" width=\"237\" height=\"159\" data-recalc-dims=\"1\" \/><\/a>LIVINALLONGO\u00a0<\/strong>La festa ladina di S\u00e1nta Maria Maiou si sposta sulla montagna del Cherz e festeggia la 40\u00b0 edizione. Oggi, giorno dell\u2019Assunta, la vallata fodoma non rinuncer\u00e0 alla sua festa ladina per antonomasia, quella dei fiori benedetti portati dalle donne con l\u2019abito tradizionale. Per ovviare alle norme imposte dall\u2019emergenza sanitaria, che avrebbero limitato la partecipazione alla S. Messa nella chiesa parrocchiale di Pieve ad una capienza di poco pi\u00f9 di 70 persone. l\u2019Union dei Ladins da Fodom, che insieme al Comune organizza l\u2019evento e con il consenso della Parrocchia, ha deciso di trasferire la celebrazione all\u2019aperto sugli ampi prati della montagna del Cherz, in localit\u00e0 La Viza. Questo il programma. Alle 11:00 S. Messa in localit\u00e0 La Viza, accompagnata dal Coro Parrocchiale S.Giacomo, con la partecipazione delle donne e delle associazioni con i costumi tradizionali\u00a0 Sch\u00fctzen e Gruppo Folk e la benedizione dei fiori. Al termine la premiazione dei benemeriti di Fodom. Seguir\u00e0 l\u2019esibizione della Banda da Fodom. Si potranno assaggiare, come da tradizione, le specialit\u00e0 ladine: crafons e tircle. La latteria di Renaz sar\u00e0 presente con una dimostrazione degli antichi mestieri legati alla lavorazione del formaggio. E poi lo stand gastronomico con la Banda da Fodom. Per arrivare a La Viza, dal bivio sulla sr 48 delle Dolomiti, davanti alla latteria di Renaz, si svolta verso la frazione di Cherz e si prosegue in direzione dell\u2019omonima malga sulla strada silvo pastorale che per l\u2019occasione sar\u00e0 aperta al traffico. L\u2019organizzazione invita ad un uso responsabile dell\u2019auto e ad utilizzare, in alternativa, il servizio taxi gratuito, che partir\u00e0 dall\u2019area adiacente all\u2019ecocentro di Renaz dalle 10:00 in poi.<\/p>\n<p>&nbsp;<\/p>\n<p>&nbsp;<\/p>\n<hr \/>\n<p>&nbsp;<\/p>\n<blockquote>\n<h3>OTTAVIO ROSSI PROPHETA IN PATRIA<\/h3>\n<\/blockquote>\n<p><strong>SAN TOMASO<\/strong>\u00a0Per una volta smentiamo il vecchio adagio\u00a0<b>Nemo propheta in patria<\/b>\u00a0(nessuno \u00e8\u00a0<b>profeta in patria<\/b>), perch\u00e9 il bravo Ottavio esporr\u00e0 le sue opera nel suo Agordino, a San Tomaso, omaggio pi\u00f9 che meritato. \u201cEn giro per Zelat\u201d proporr\u00e0 riproduzioni artistiche tra le architetture di montagna. Le tappe con partenza ed arrivo a Celat: C\u00e8sa dei Rait, C\u00e8sa dei Mon\u00e9k, El Vaticano, Tabi\u00e0 dei Mar\u00f2te, Tabi\u00e0 dei Mon\u00e9k, Tabi\u00e0 dei Pan\u00e8le, Tabi\u00e0 dei St\u00e8fen, Tabi\u00e0 de la Gila, Tabi\u00e0 dei P\u00f9ce e C\u00e8sa de Martin Mas\u00e8la. Per chi ama camminare un po\u2019 di pi\u00f9 \u00e8 l\u2019occasione ideale per una visita a Dolomites rock Miniatures, ovvero le Dolomiti in miniatura scolpite nella roccia da artisti che hanno soggiornato sotto al Sasso Bianco tra uno spuntino alla Pizzeria Offline e una discesa con la Zip Line. Organizzazione della Pro Loco di San Tomaso con il contributo della Cassa Rurale Dolomiti di Fassa Primiero e Belluno.<\/p>\n<p>&nbsp;<\/p>\n<p>&nbsp;<\/p>\n<hr \/>\n<p>&nbsp;<\/p>\n<blockquote>\n<h3>PROMUOVERE I PRODOTTI DEL TERRITORIO CON IL MERCATINO<\/h3>\n<\/blockquote>\n<p class=\"photoswipe-wrapper\"><a class=\"dt-pswp-item pspw-wrap-ready\" href=\"https:\/\/i0.wp.com\/www.radiopiu.net\/wordpress\/wp-content\/uploads\/2019\/11\/foto-sedico.jpg?ssl=1\" data-dt-img-description=\"\" data-large_image_width=\"1600\" data-large_image_height=\"1200\"><img loading=\"lazy\" decoding=\"async\" class=\"wp-image-105261 alignleft\" src=\"https:\/\/i0.wp.com\/www.radiopiu.net\/wordpress\/wp-content\/uploads\/2019\/11\/foto-sedico.jpg?resize=137%2C103&amp;ssl=1\" sizes=\"auto, (max-width: 137px) 100vw, 137px\" srcset=\"https:\/\/i0.wp.com\/www.radiopiu.net\/wordpress\/wp-content\/uploads\/2019\/11\/foto-sedico.jpg?resize=300%2C225&amp;ssl=1 300w, https:\/\/i0.wp.com\/www.radiopiu.net\/wordpress\/wp-content\/uploads\/2019\/11\/foto-sedico.jpg?resize=768%2C576&amp;ssl=1 768w, https:\/\/i0.wp.com\/www.radiopiu.net\/wordpress\/wp-content\/uploads\/2019\/11\/foto-sedico.jpg?resize=1024%2C768&amp;ssl=1 1024w, https:\/\/i0.wp.com\/www.radiopiu.net\/wordpress\/wp-content\/uploads\/2019\/11\/foto-sedico.jpg?w=1600&amp;ssl=1 1600w\" alt=\"\" width=\"137\" height=\"103\" data-recalc-dims=\"1\" \/><\/a>\u00a0<strong>SEDICO<\/strong><\/p>\n<p><strong>di DAMIANO TORMEN\u00a0<\/strong><\/p>\n<audio class=\"wp-audio-shortcode\" id=\"audio-155154-7\" preload=\"none\" style=\"width: 100%;\" controls=\"controls\"><source type=\"audio\/mpeg\" src=\"https:\/\/www.radiopiu.net\/wordpress\/wp-content\/uploads\/2020\/08\/damiano-sedico.mp3?_=7\" \/><a href=\"https:\/\/www.radiopiu.net\/wordpress\/wp-content\/uploads\/2020\/08\/damiano-sedico.mp3\">https:\/\/www.radiopiu.net\/wordpress\/wp-content\/uploads\/2020\/08\/damiano-sedico.mp3<\/a><\/audio>\n<p>&nbsp;<\/p>\n<hr \/>\n<p>&nbsp;<\/p>\n<blockquote>\n<h3>DUE GIORNI CON IL CAI SEZIONE AGORDINA<\/h3>\n<\/blockquote>\n<p><strong>AGORDO<\/strong> Sabato 29 e domenica 30 agosto escursione nel gruppo del Canin sulla ferrata Julia che segna il confine tra Italia (Provincia di Udine) e Slovenia; gi\u00e0 visibile dalla pianura friulana fu anch&#8217;esso protagonista degli scontri tra gli eserciti italiani e austriaci durante la Grande Guerra.\u00a0 Si tratta di un grandissimo altipiano calcareo interessato dal fenomeno del carsismo che culmina con una lunga cresta che separa i due stati. Ambiente sicuramente straordinario con scorci inusuali, difficile da dimenticare,\u00a0 L&#8217;escursione prevede la salita alla vetta in territorio italiano lungo la storica &#8220;Ferrata Julia&#8221; ed il rientro per il versante sloveno.\u00a0 Escursione creata EEA \/ PD .\u00a0 Obbligatorio set da ferrata completo e omologato.<\/p>\n<p>&nbsp;<\/p>\n<p>&nbsp;<\/p>\n<hr \/>\n<p>&nbsp;<\/p>\n<blockquote>\n<h3>IL CIRCO PATUF PRONTO A CONQUISTARE FELTRE<\/h3>\n<\/blockquote>\n<p><strong>AGORDO<\/strong>\u00a0Un successo il circo Patuf sul Broi di Agordo, tanti pomeriggi e serata da tutto esaurito. Ora la carovana si sposta a Feltre dove proporr\u00e0 gli spettacoli nei giorni di ferragosto e fino al 23, quindi trasferimento a Cesiomaggiore. Gli spettacoli alle 21.15, la domenica anche alle 18.30<\/p>\n<p>&nbsp;<\/p>\n<p>&nbsp;<\/p>\n<hr \/>\n<p>&nbsp;<\/p>\n<blockquote>\n<h3>MOSTRA SAY CHEESE!<\/h3>\n<\/blockquote>\n<p><strong>BELLUNO\u00a0<\/strong>Il Museo di Seravella, a Cesiomaggiore, dedica la propria sala delle esposizioni alla mostra fotografica\u00a0<i>SAY CHEESE! Volti e voci di malga<\/i>, realizzata nell\u2019ambito del progetto scientifico\u00a0<i>Formaggi alpini \u2013 Le molecole del gusto<\/i>. La mostra racconta, attraverso le immagini e le parole dei suoi protagonisti, la vita dei malgari di oggi;\u00a0 La mostra, a ingresso gratuito, sar\u00e0 visitabile dall\u20198 agosto negli orari di apertura estiva del museo: da marted\u00ec a gioved\u00ec dalle 9 alle 13; venerd\u00ec dalle 9 alle 13 e dalle 15 alle 18; sabato e domenica dalle 15 alle 18.20.\u00a0\u00a0Per evitare code e assembramenti e consentire lo svolgimento delle pratiche anti-Covid \u00e8 consigliata la prenotazione allo 0439 438355 (o via mail all\u2019indirizzo\u00a0<a>museoseravella@provincia.belluno.it<\/a>).<\/p>\n<p>&nbsp;<\/p>\n<p>&nbsp;<\/p>\n<hr \/>\n<p>&nbsp;<\/p>\n<blockquote>\n<h3>CINEMA SOTTO LE STELLE A SEDICO, MA NON SOLO CINEMA.<\/h3>\n<\/blockquote>\n<p class=\"photoswipe-wrapper\"><strong>SEDICO<\/strong> Con la Proloco di Sedico, i mercoled\u00ec sera a Villa Patt di Sedico.\u00a0 Per chi lo desidera c\u2019\u00e8 la possibilit\u00e0 di prenotare i biglietti online, al proposito riportiamo i link della varie serate, ingresso 5 euro adulti, 2 euro bambini con chiosco, pop corn e patatine. <strong>19\/08\/2020 ROCKETMAN<\/strong>\u00a0Un timido pianista di provincia costruisce la propria carriera e il proprio personaggio fino a divenire una delle pi\u00f9 note stelle della musica internazionale. Lui \u00e8 Reginald Dwight ovvero Elton John\u00a0<a href=\"https:\/\/docs.google.com\/forms\/d\/e\/1FAIpQLSf32PztPJJRQslTRKR5qlhJRoHr-LQLsAXpTy6U6XSL_Ykf-A\/viewform\">CLICCA QUI<\/a><\/p>\n<p>&nbsp;<\/p>\n<hr \/>\n<p>&nbsp;<\/p>\n<p>&nbsp;<\/p>\n<blockquote>\n<h2 class=\"tw-data-text tw-text-large XcVN5d tw-ta\" dir=\"ltr\" data-placeholder=\"Traduzione\"><span lang=\"en\">appointments recommended by radio pi\u00f9<\/span><\/h2>\n<\/blockquote>\n\n\t\t\t<style type='text\/css'>\n\t\t\t\t#gallery-9 {\n\t\t\t\t\tmargin: auto;\n\t\t\t\t}\n\t\t\t\t#gallery-9 .gallery-item {\n\t\t\t\t\tfloat: left;\n\t\t\t\t\tmargin-top: 10px;\n\t\t\t\t\ttext-align: center;\n\t\t\t\t\twidth: 14%;\n\t\t\t\t}\n\t\t\t\t#gallery-9 img {\n\t\t\t\t\tborder: 2px solid #cfcfcf;\n\t\t\t\t}\n\t\t\t\t#gallery-9 .gallery-caption {\n\t\t\t\t\tmargin-left: 0;\n\t\t\t\t}\n\t\t\t\t\/* see gallery_shortcode() in wp-includes\/media.php *\/\n\t\t\t<\/style>\n\t\t<div id='gallery-9' class='dt-gallery-container gallery galleryid-155154 gallery-columns-7 gallery-size-thumbnail'><dl class='gallery-item'>\n\t\t\t\t<dt class='gallery-icon portrait'>\n\t\t\t\t\t<a class=\"rollover rollover-zoom dt-pswp-item\" title=\"cce2de5d-0e50-4461-9ff7-ebbd7509ab70\" data-dt-img-description=\"\" data-large_image_width=\"1240\" data-large_image_height=\"1550\"href='https:\/\/www.radiopiu.net\/wordpress\/wp-content\/uploads\/2020\/08\/cce2de5d-0e50-4461-9ff7-ebbd7509ab70.jpg'><img loading=\"lazy\" decoding=\"async\" width=\"150\" height=\"150\" src=\"https:\/\/www.radiopiu.net\/wordpress\/wp-content\/uploads\/2020\/08\/cce2de5d-0e50-4461-9ff7-ebbd7509ab70-150x150.jpg\" class=\"attachment-thumbnail size-thumbnail\" alt=\"\" \/><\/a>\n\t\t\t\t<\/dt><\/dl><dl class='gallery-item'>\n\t\t\t\t<dt class='gallery-icon portrait'>\n\t\t\t\t\t<a class=\"rollover rollover-zoom dt-pswp-item\" title=\"2748ffeb-1a97-4edd-87da-2b5db1eb6670\" data-dt-img-description=\"\" data-large_image_width=\"1131\" data-large_image_height=\"1600\"href='https:\/\/www.radiopiu.net\/wordpress\/wp-content\/uploads\/2020\/08\/2748ffeb-1a97-4edd-87da-2b5db1eb6670-1.jpg'><img loading=\"lazy\" decoding=\"async\" width=\"150\" height=\"150\" src=\"https:\/\/www.radiopiu.net\/wordpress\/wp-content\/uploads\/2020\/08\/2748ffeb-1a97-4edd-87da-2b5db1eb6670-1-150x150.jpg\" class=\"attachment-thumbnail size-thumbnail\" alt=\"\" \/><\/a>\n\t\t\t\t<\/dt><\/dl><dl class='gallery-item'>\n\t\t\t\t<dt class='gallery-icon portrait'>\n\t\t\t\t\t<a class=\"rollover rollover-zoom dt-pswp-item\" title=\"yogaandraz\" data-dt-img-description=\"\" data-large_image_width=\"905\" data-large_image_height=\"1280\"href='https:\/\/www.radiopiu.net\/wordpress\/wp-content\/uploads\/2020\/07\/yogaandraz.jpg'><img loading=\"lazy\" decoding=\"async\" width=\"150\" height=\"150\" src=\"https:\/\/www.radiopiu.net\/wordpress\/wp-content\/uploads\/2020\/07\/yogaandraz-150x150.jpg\" class=\"attachment-thumbnail size-thumbnail\" alt=\"\" \/><\/a>\n\t\t\t\t<\/dt><\/dl><dl class='gallery-item'>\n\t\t\t\t<dt class='gallery-icon portrait'>\n\t\t\t\t\t<a class=\"rollover rollover-zoom dt-pswp-item\" title=\"RITROVARSI IN SINISTRA PIAVE locandina definitiva\" data-dt-img-description=\"\" data-large_image_width=\"1293\" data-large_image_height=\"2560\"href='https:\/\/www.radiopiu.net\/wordpress\/wp-content\/uploads\/2020\/07\/RITROVARSI-IN-SINISTRA-PIAVE-locandina-definitiva-scaled.jpg'><img loading=\"lazy\" decoding=\"async\" width=\"150\" height=\"150\" src=\"https:\/\/www.radiopiu.net\/wordpress\/wp-content\/uploads\/2020\/07\/RITROVARSI-IN-SINISTRA-PIAVE-locandina-definitiva-150x150.jpg\" class=\"attachment-thumbnail size-thumbnail\" alt=\"\" \/><\/a>\n\t\t\t\t<\/dt><\/dl><dl class='gallery-item'>\n\t\t\t\t<dt class='gallery-icon portrait'>\n\t\t\t\t\t<a class=\"rollover rollover-zoom dt-pswp-item\" title=\"82799889_285851282792527_7947034300049837793_n\" data-dt-img-description=\"\" data-large_image_width=\"678\" data-large_image_height=\"960\"href='https:\/\/www.radiopiu.net\/wordpress\/wp-content\/uploads\/2020\/07\/82799889_285851282792527_7947034300049837793_n.jpg'><img loading=\"lazy\" decoding=\"async\" width=\"150\" height=\"150\" src=\"https:\/\/www.radiopiu.net\/wordpress\/wp-content\/uploads\/2020\/07\/82799889_285851282792527_7947034300049837793_n-150x150.jpg\" class=\"attachment-thumbnail size-thumbnail\" alt=\"\" \/><\/a>\n\t\t\t\t<\/dt><\/dl><dl class='gallery-item'>\n\t\t\t\t<dt class='gallery-icon portrait'>\n\t\t\t\t\t<a class=\"rollover rollover-zoom dt-pswp-item\" title=\"fb0f2285-210f-4bba-8573-b8ff07a91fa8\" data-dt-img-description=\"\" data-large_image_width=\"726\" data-large_image_height=\"1024\"href='https:\/\/www.radiopiu.net\/wordpress\/wp-content\/uploads\/2020\/07\/fb0f2285-210f-4bba-8573-b8ff07a91fa8.jpg'><img loading=\"lazy\" decoding=\"async\" width=\"150\" height=\"150\" src=\"https:\/\/www.radiopiu.net\/wordpress\/wp-content\/uploads\/2020\/07\/fb0f2285-210f-4bba-8573-b8ff07a91fa8-150x150.jpg\" class=\"attachment-thumbnail size-thumbnail\" alt=\"\" \/><\/a>\n\t\t\t\t<\/dt><\/dl><dl class='gallery-item'>\n\t\t\t\t<dt class='gallery-icon portrait'>\n\t\t\t\t\t<a class=\"rollover rollover-zoom dt-pswp-item\" title=\"446199a0-ccb6-4daa-88f9-ee34f5a4944a\" data-dt-img-description=\"\" data-large_image_width=\"1080\" data-large_image_height=\"1350\"href='https:\/\/www.radiopiu.net\/wordpress\/wp-content\/uploads\/2020\/07\/446199a0-ccb6-4daa-88f9-ee34f5a4944a.jpg'><img loading=\"lazy\" decoding=\"async\" width=\"150\" height=\"150\" src=\"https:\/\/www.radiopiu.net\/wordpress\/wp-content\/uploads\/2020\/07\/446199a0-ccb6-4daa-88f9-ee34f5a4944a-150x150.jpg\" class=\"attachment-thumbnail size-thumbnail\" alt=\"\" \/><\/a>\n\t\t\t\t<\/dt><\/dl><br style=\"clear: both\" \/><dl class='gallery-item'>\n\t\t\t\t<dt class='gallery-icon portrait'>\n\t\t\t\t\t<a class=\"rollover rollover-zoom dt-pswp-item\" title=\"LOCANDINA MOSTRA ARCA 2019 Patrocinio\" data-dt-img-description=\"\" data-large_image_width=\"1810\" data-large_image_height=\"2560\"href='https:\/\/www.radiopiu.net\/wordpress\/wp-content\/uploads\/2020\/07\/LOCANDINA-MOSTRA-ARCA-2020-scaled.jpg'><img loading=\"lazy\" decoding=\"async\" width=\"150\" height=\"150\" src=\"https:\/\/www.radiopiu.net\/wordpress\/wp-content\/uploads\/2020\/07\/LOCANDINA-MOSTRA-ARCA-2020-150x150.jpg\" class=\"attachment-thumbnail size-thumbnail\" alt=\"\" \/><\/a>\n\t\t\t\t<\/dt><\/dl><dl class='gallery-item'>\n\t\t\t\t<dt class='gallery-icon portrait'>\n\t\t\t\t\t<a class=\"rollover rollover-zoom dt-pswp-item\" title=\"0995c87e-41e6-46f0-81e9-380485c41502\" data-dt-img-description=\"\" data-large_image_width=\"1447\" data-large_image_height=\"2048\"href='https:\/\/www.radiopiu.net\/wordpress\/wp-content\/uploads\/2020\/07\/0995c87e-41e6-46f0-81e9-380485c41502.jpg'><img loading=\"lazy\" decoding=\"async\" width=\"150\" height=\"150\" src=\"https:\/\/www.radiopiu.net\/wordpress\/wp-content\/uploads\/2020\/07\/0995c87e-41e6-46f0-81e9-380485c41502-150x150.jpg\" class=\"attachment-thumbnail size-thumbnail\" alt=\"\" \/><\/a>\n\t\t\t\t<\/dt><\/dl><dl class='gallery-item'>\n\t\t\t\t<dt class='gallery-icon portrait'>\n\t\t\t\t\t<a class=\"rollover rollover-zoom dt-pswp-item\" title=\"4dd872a2-f52d-4a12-9746-816401dfe394\" data-dt-img-description=\"\" data-large_image_width=\"1131\" data-large_image_height=\"1600\"href='https:\/\/www.radiopiu.net\/wordpress\/wp-content\/uploads\/2020\/07\/4dd872a2-f52d-4a12-9746-816401dfe394.jpg'><img loading=\"lazy\" decoding=\"async\" width=\"150\" height=\"150\" src=\"https:\/\/www.radiopiu.net\/wordpress\/wp-content\/uploads\/2020\/07\/4dd872a2-f52d-4a12-9746-816401dfe394-150x150.jpg\" class=\"attachment-thumbnail size-thumbnail\" alt=\"\" \/><\/a>\n\t\t\t\t<\/dt><\/dl><dl class='gallery-item'>\n\t\t\t\t<dt class='gallery-icon portrait'>\n\t\t\t\t\t<a class=\"rollover rollover-zoom dt-pswp-item\" title=\"ALLA SCOPERTA DI CANALE\" data-dt-img-description=\"\" data-large_image_width=\"620\" data-large_image_height=\"873\"href='https:\/\/www.radiopiu.net\/wordpress\/wp-content\/uploads\/2020\/07\/ALLA-SCOPERTA-DI-CANALE-.jpg'><img loading=\"lazy\" decoding=\"async\" width=\"150\" height=\"150\" src=\"https:\/\/www.radiopiu.net\/wordpress\/wp-content\/uploads\/2020\/07\/ALLA-SCOPERTA-DI-CANALE--150x150.jpg\" class=\"attachment-thumbnail size-thumbnail\" alt=\"\" \/><\/a>\n\t\t\t\t<\/dt><\/dl><dl class='gallery-item'>\n\t\t\t\t<dt class='gallery-icon portrait'>\n\t\t\t\t\t<a class=\"rollover rollover-zoom dt-pswp-item\" title=\"newsletter Week 4 Kids Summer\" data-dt-img-description=\"\" data-large_image_width=\"1280\" data-large_image_height=\"2560\"href='https:\/\/www.radiopiu.net\/wordpress\/wp-content\/uploads\/2020\/07\/newsletter-Week-4-Kids-Summer-scaled.jpg'><img loading=\"lazy\" decoding=\"async\" width=\"150\" height=\"150\" src=\"https:\/\/www.radiopiu.net\/wordpress\/wp-content\/uploads\/2020\/07\/newsletter-Week-4-Kids-Summer-150x150.jpg\" class=\"attachment-thumbnail size-thumbnail\" alt=\"\" \/><\/a>\n\t\t\t\t<\/dt><\/dl><dl class='gallery-item'>\n\t\t\t\t<dt class='gallery-icon landscape'>\n\t\t\t\t\t<a class=\"rollover rollover-zoom dt-pswp-item\" title=\"12f1d505-5668-42b8-8ad2-5336c07a910e\" data-dt-img-description=\"\" data-large_image_width=\"1352\" data-large_image_height=\"1040\"href='https:\/\/www.radiopiu.net\/wordpress\/wp-content\/uploads\/2020\/08\/12f1d505-5668-42b8-8ad2-5336c07a910e.jpg'><img loading=\"lazy\" decoding=\"async\" width=\"150\" height=\"150\" src=\"https:\/\/www.radiopiu.net\/wordpress\/wp-content\/uploads\/2020\/08\/12f1d505-5668-42b8-8ad2-5336c07a910e-150x150.jpg\" class=\"attachment-thumbnail size-thumbnail\" alt=\"\" \/><\/a>\n\t\t\t\t<\/dt><\/dl><dl class='gallery-item'>\n\t\t\t\t<dt class='gallery-icon portrait'>\n\t\t\t\t\t<a class=\"rollover rollover-zoom dt-pswp-item\" title=\"lettura BASSA\" data-dt-img-description=\"\" data-large_image_width=\"1240\" data-large_image_height=\"1754\"href='https:\/\/www.radiopiu.net\/wordpress\/wp-content\/uploads\/2020\/08\/lettura-BASSA.jpg'><img loading=\"lazy\" decoding=\"async\" width=\"150\" height=\"150\" src=\"https:\/\/www.radiopiu.net\/wordpress\/wp-content\/uploads\/2020\/08\/lettura-BASSA-150x150.jpg\" class=\"attachment-thumbnail size-thumbnail\" alt=\"\" \/><\/a>\n\t\t\t\t<\/dt><\/dl><br style=\"clear: both\" \/><dl class='gallery-item'>\n\t\t\t\t<dt class='gallery-icon portrait'>\n\t\t\t\t\t<a class=\"rollover rollover-zoom dt-pswp-item\" title=\"LOCANDINA_MOSTRA andraz\" data-dt-img-description=\"\" data-large_image_width=\"1753\" data-large_image_height=\"2480\"href='https:\/\/www.radiopiu.net\/wordpress\/wp-content\/uploads\/2020\/08\/LOCANDINA_MOSTRA-andraz.jpg'><img loading=\"lazy\" decoding=\"async\" width=\"150\" height=\"150\" src=\"https:\/\/www.radiopiu.net\/wordpress\/wp-content\/uploads\/2020\/08\/LOCANDINA_MOSTRA-andraz-150x150.jpg\" class=\"attachment-thumbnail size-thumbnail\" alt=\"\" \/><\/a>\n\t\t\t\t<\/dt><\/dl><dl class='gallery-item'>\n\t\t\t\t<dt class='gallery-icon portrait'>\n\t\t\t\t\t<a class=\"rollover rollover-zoom dt-pswp-item\" title=\"b91edf01-0080-4c00-97cc-7b476428c004\" data-dt-img-description=\"\" data-large_image_width=\"800\" data-large_image_height=\"1600\"href='https:\/\/www.radiopiu.net\/wordpress\/wp-content\/uploads\/2020\/08\/b91edf01-0080-4c00-97cc-7b476428c004.jpg'><img loading=\"lazy\" decoding=\"async\" width=\"150\" height=\"150\" src=\"https:\/\/www.radiopiu.net\/wordpress\/wp-content\/uploads\/2020\/08\/b91edf01-0080-4c00-97cc-7b476428c004-150x150.jpg\" class=\"attachment-thumbnail size-thumbnail\" alt=\"\" \/><\/a>\n\t\t\t\t<\/dt><\/dl><dl class='gallery-item'>\n\t\t\t\t<dt class='gallery-icon portrait'>\n\t\t\t\t\t<a class=\"rollover rollover-zoom dt-pswp-item\" title=\"4e4fdd52-fede-4957-a5dc-061367a3dbac\" data-dt-img-description=\"\" data-large_image_width=\"1151\" data-large_image_height=\"1600\"href='https:\/\/www.radiopiu.net\/wordpress\/wp-content\/uploads\/2020\/08\/4e4fdd52-fede-4957-a5dc-061367a3dbac.jpg'><img loading=\"lazy\" decoding=\"async\" width=\"150\" height=\"150\" src=\"https:\/\/www.radiopiu.net\/wordpress\/wp-content\/uploads\/2020\/08\/4e4fdd52-fede-4957-a5dc-061367a3dbac-150x150.jpg\" class=\"attachment-thumbnail size-thumbnail\" alt=\"\" \/><\/a>\n\t\t\t\t<\/dt><\/dl><dl class='gallery-item'>\n\t\t\t\t<dt class='gallery-icon portrait'>\n\t\t\t\t\t<a class=\"rollover rollover-zoom dt-pswp-item\" title=\"OTTAVIO ROSSI MOSTRA\" data-dt-img-description=\"\" data-large_image_width=\"1131\" data-large_image_height=\"1600\"href='https:\/\/www.radiopiu.net\/wordpress\/wp-content\/uploads\/2020\/08\/OTTAVIO-ROSSI-MOSTRA.jpg'><img loading=\"lazy\" decoding=\"async\" width=\"150\" height=\"150\" src=\"https:\/\/www.radiopiu.net\/wordpress\/wp-content\/uploads\/2020\/08\/OTTAVIO-ROSSI-MOSTRA-150x150.jpg\" class=\"attachment-thumbnail size-thumbnail\" alt=\"\" \/><\/a>\n\t\t\t\t<\/dt><\/dl><dl class='gallery-item'>\n\t\t\t\t<dt class='gallery-icon portrait'>\n\t\t\t\t\t<a class=\"rollover rollover-zoom dt-pswp-item\" title=\"GIOVANNI PAOLO I_ PERCH\u00c9 \u00e8 ATTUALE_\" data-dt-img-description=\"\" data-large_image_width=\"620\" data-large_image_height=\"873\"href='https:\/\/www.radiopiu.net\/wordpress\/wp-content\/uploads\/2020\/08\/GIOVANNI-PAOLO-I_-PERCH\u00c9-\u00e8-ATTUALE_.jpg'><img loading=\"lazy\" decoding=\"async\" width=\"150\" height=\"150\" src=\"https:\/\/www.radiopiu.net\/wordpress\/wp-content\/uploads\/2020\/08\/GIOVANNI-PAOLO-I_-PERCH\u00c9-\u00e8-ATTUALE_-150x150.jpg\" class=\"attachment-thumbnail size-thumbnail\" alt=\"\" \/><\/a>\n\t\t\t\t<\/dt><\/dl>\n\t\t\t\t<br style='clear: both' \/>\n\t\t\t<\/div>\n\n<p>&nbsp;<\/p>\n<hr \/>\n<p>&nbsp;<\/p>\n<h2>IERI ALLA RADIO<\/h2>\n<h2 class=\"photoswipe-wrapper\"><a class=\"dt-pswp-item\" href=\"https:\/\/www.radiopiu.net\/wordpress\/wp-content\/uploads\/2020\/08\/PIAN-LONGHI.jpg\" data-dt-img-description=\"\" data-large_image_width=\"1630\" data-large_image_height=\"910\"><img loading=\"lazy\" decoding=\"async\" class=\"size-medium wp-image-155200 alignleft\" src=\"https:\/\/www.radiopiu.net\/wordpress\/wp-content\/uploads\/2020\/08\/PIAN-LONGHI-300x167.jpg\" alt=\"\" width=\"300\" height=\"167\" srcset=\"https:\/\/www.radiopiu.net\/wordpress\/wp-content\/uploads\/2020\/08\/PIAN-LONGHI-300x167.jpg 300w, https:\/\/www.radiopiu.net\/wordpress\/wp-content\/uploads\/2020\/08\/PIAN-LONGHI-1024x572.jpg 1024w, https:\/\/www.radiopiu.net\/wordpress\/wp-content\/uploads\/2020\/08\/PIAN-LONGHI-768x429.jpg 768w, https:\/\/www.radiopiu.net\/wordpress\/wp-content\/uploads\/2020\/08\/PIAN-LONGHI-1536x858.jpg 1536w, https:\/\/www.radiopiu.net\/wordpress\/wp-content\/uploads\/2020\/08\/PIAN-LONGHI.jpg 1630w\" sizes=\"auto, (max-width: 300px) 100vw, 300px\" \/><\/a><span style=\"color: #ff6600;\">ENRICO DE BONA, PIAN LONGHI NEVEGAL<\/span><\/h2>\n<p class=\"photoswipe-wrapper\"><strong>di Claudio Fontanive<\/strong><\/p>\n<h3><span style=\"color: #ff6600;\">In collaborazione con Dersut Giornale&amp;Caff\u00e8 a Taibon Agordino<\/span><\/h3>\n<audio class=\"wp-audio-shortcode\" id=\"audio-155154-8\" preload=\"none\" style=\"width: 100%;\" controls=\"controls\"><source type=\"audio\/mpeg\" src=\"https:\/\/www.radiopiu.net\/wordpress\/wp-content\/uploads\/2020\/08\/pian-longhi-14-agisto.mp3?_=8\" \/><a href=\"https:\/\/www.radiopiu.net\/wordpress\/wp-content\/uploads\/2020\/08\/pian-longhi-14-agisto.mp3\">https:\/\/www.radiopiu.net\/wordpress\/wp-content\/uploads\/2020\/08\/pian-longhi-14-agisto.mp3<\/a><\/audio>\n<p>&nbsp;<\/p>\n<hr \/>\n<p>&nbsp;<\/p>\n<h2><span style=\"color: #ff0000;\">DUE MINUTI UN LIBRO<\/span><\/h2>\n<blockquote class=\"wp-embedded-content\" data-secret=\"jIV8I8o0bj\"><p><a href=\"https:\/\/www.radiopiu.net\/wordpress\/aria-di-novita-2\/\">ARIA DI NOVITA&#8217;<\/a><\/p><\/blockquote>\n<p><iframe loading=\"lazy\" class=\"wp-embedded-content\" sandbox=\"allow-scripts\" security=\"restricted\" style=\"position: absolute; clip: rect(1px, 1px, 1px, 1px);\" title=\"&#8220;ARIA DI NOVITA&#8217;&#8221; &#8212; Radio Pi\u00f9\" src=\"https:\/\/www.radiopiu.net\/wordpress\/aria-di-novita-2\/embed\/#?secret=jIV8I8o0bj\" data-secret=\"jIV8I8o0bj\" width=\"600\" height=\"338\" frameborder=\"0\" marginwidth=\"0\" marginheight=\"0\" scrolling=\"no\"><\/iframe><\/p>\n<p><strong>LE ALTRE PUNTATE<\/strong><\/p>\n<blockquote class=\"wp-embedded-content\" data-secret=\"YnJZnfwqwI\"><p><a href=\"https:\/\/www.radiopiu.net\/wordpress\/due-minuti-un-libro\/\">Due minuti un libro<\/a><\/p><\/blockquote>\n<p><iframe loading=\"lazy\" class=\"wp-embedded-content\" sandbox=\"allow-scripts\" security=\"restricted\" style=\"position: absolute; clip: rect(1px, 1px, 1px, 1px);\" title=\"&#8220;Due minuti un libro&#8221; &#8212; Radio Pi\u00f9\" src=\"https:\/\/www.radiopiu.net\/wordpress\/due-minuti-un-libro\/embed\/#?secret=YnJZnfwqwI\" data-secret=\"YnJZnfwqwI\" width=\"600\" height=\"338\" frameborder=\"0\" marginwidth=\"0\" marginheight=\"0\" scrolling=\"no\"><\/iframe><\/p>\n<p>&nbsp;<\/p>\n<hr \/>\n<p>&nbsp;<\/p>\n<div>\n<h2><a class=\"dt-pswp-item\" href=\"https:\/\/www.radiopiu.net\/wordpress\/wp-content\/uploads\/2020\/06\/4f376fe2-d9cd-4dc8-b8ec-9bd773546a4e.jpg\" data-dt-img-description=\"\" data-large_image_width=\"960\" data-large_image_height=\"720\"><img loading=\"lazy\" decoding=\"async\" class=\"wp-image-146572 alignleft\" src=\"https:\/\/www.radiopiu.net\/wordpress\/wp-content\/uploads\/2020\/06\/4f376fe2-d9cd-4dc8-b8ec-9bd773546a4e-300x225.jpg\" alt=\"\" width=\"132\" height=\"99\" srcset=\"https:\/\/www.radiopiu.net\/wordpress\/wp-content\/uploads\/2020\/06\/4f376fe2-d9cd-4dc8-b8ec-9bd773546a4e-300x225.jpg 300w, https:\/\/www.radiopiu.net\/wordpress\/wp-content\/uploads\/2020\/06\/4f376fe2-d9cd-4dc8-b8ec-9bd773546a4e-768x576.jpg 768w, https:\/\/www.radiopiu.net\/wordpress\/wp-content\/uploads\/2020\/06\/4f376fe2-d9cd-4dc8-b8ec-9bd773546a4e.jpg 960w\" sizes=\"auto, (max-width: 132px) 100vw, 132px\" \/><\/a><\/h2>\n<h2><\/h2>\n<h2><span style=\"color: #800080;\">DON CESARE, IL PENSIERO DEL GIORNO. ALLA RADIO ALLE 7 DEL MATTINO E ALLE 19.30 DELLA SERA.<\/span><\/h2>\n<p>&nbsp;<\/p>\n<p>&nbsp;<\/p>\n<audio class=\"wp-audio-shortcode\" id=\"audio-155154-9\" preload=\"none\" style=\"width: 100%;\" controls=\"controls\"><source type=\"audio\/mpeg\" src=\"https:\/\/www.radiopiu.net\/wordpress\/wp-content\/uploads\/2020\/08\/CHIESA-DON-CESARE-QUOTIDIANO-1.mp3?_=9\" \/><a href=\"https:\/\/www.radiopiu.net\/wordpress\/wp-content\/uploads\/2020\/08\/CHIESA-DON-CESARE-QUOTIDIANO-1.mp3\">https:\/\/www.radiopiu.net\/wordpress\/wp-content\/uploads\/2020\/08\/CHIESA-DON-CESARE-QUOTIDIANO-1.mp3<\/a><\/audio>\n<p>&nbsp;<\/p>\n<p>&nbsp;<\/p>\n<hr \/>\n<p>&nbsp;<\/p>\n<h2><span style=\"color: #008000;\">AGORDINOMERON&#8230;LA RACCOLTA<\/span><\/h2>\n<blockquote class=\"wp-embedded-content\" data-secret=\"9vEEuwBhze\"><p><a href=\"https:\/\/www.radiopiu.net\/wordpress\/agordinomeron\/\">AGORDINOMERON, IL TERRITORIO SI RACCONTA Da un&#8217;idea di Gianni Santomaso<\/a><\/p><\/blockquote>\n<p><iframe loading=\"lazy\" class=\"wp-embedded-content\" sandbox=\"allow-scripts\" security=\"restricted\" style=\"position: absolute; clip: rect(1px, 1px, 1px, 1px);\" title=\"&#8220;AGORDINOMERON, IL TERRITORIO SI RACCONTA Da un&#8217;idea di Gianni Santomaso&#8221; &#8212; Radio Pi\u00f9\" src=\"https:\/\/www.radiopiu.net\/wordpress\/agordinomeron\/embed\/#?secret=9vEEuwBhze\" data-secret=\"9vEEuwBhze\" width=\"600\" height=\"338\" frameborder=\"0\" marginwidth=\"0\" marginheight=\"0\" scrolling=\"no\"><\/iframe><\/p>\n<p>&nbsp;<\/p>\n<p>&nbsp;<\/p>\n<hr \/>\n<p>&nbsp;<\/p>\n<h2><span style=\"color: #ff00ff;\">ZAINO DA VIAGGIO AL FEMMINILE DI PAOLA LANCIATO<\/span><\/h2>\n<h2>L&#8217;INTERA RACCOLTA<\/h2>\n<blockquote class=\"wp-embedded-content\" data-secret=\"JzVAgq0tl8\"><p><a href=\"https:\/\/www.radiopiu.net\/wordpress\/zaino-femminile-lanciato\/\">Zaino da viaggio al femminile<\/a><\/p><\/blockquote>\n<p><iframe loading=\"lazy\" class=\"wp-embedded-content\" sandbox=\"allow-scripts\" security=\"restricted\" style=\"position: absolute; clip: rect(1px, 1px, 1px, 1px);\" title=\"&#8220;Zaino da viaggio al femminile&#8221; &#8212; Radio Pi\u00f9\" src=\"https:\/\/www.radiopiu.net\/wordpress\/zaino-femminile-lanciato\/embed\/#?secret=JzVAgq0tl8\" data-secret=\"JzVAgq0tl8\" width=\"600\" height=\"338\" frameborder=\"0\" marginwidth=\"0\" marginheight=\"0\" scrolling=\"no\"><\/iframe><\/p>\n<hr \/>\n<p>&nbsp;<\/p>\n<h2><span style=\"color: #3366ff;\">I RACCONTI DI PAOLO SOPPELSA\u00a0LA RACCOLTA COMPLETA<\/span><\/h2>\n<blockquote class=\"wp-embedded-content\" data-secret=\"JEIcVfjxoq\"><p><a href=\"https:\/\/www.radiopiu.net\/wordpress\/i-racconti-di-paolo-soppelsa\/\">I racconti di Paolo Soppelsa<\/a><\/p><\/blockquote>\n<p><iframe loading=\"lazy\" class=\"wp-embedded-content\" sandbox=\"allow-scripts\" security=\"restricted\" style=\"position: absolute; clip: rect(1px, 1px, 1px, 1px);\" title=\"&#8220;I racconti di Paolo Soppelsa&#8221; &#8212; Radio Pi\u00f9\" src=\"https:\/\/www.radiopiu.net\/wordpress\/i-racconti-di-paolo-soppelsa\/embed\/#?secret=JEIcVfjxoq\" data-secret=\"JEIcVfjxoq\" width=\"600\" height=\"338\" frameborder=\"0\" marginwidth=\"0\" marginheight=\"0\" scrolling=\"no\"><\/iframe><\/p>\n<p>&nbsp;<\/p>\n<hr \/>\n<p>&nbsp;<\/p>\n<p>&nbsp;<\/p>\n<h2><span style=\"color: #99cc00;\">SUL SITO DI RADIO PIU&#8217; LA VIDEO GALLERY<\/span><\/h2>\n<blockquote class=\"wp-embedded-content\" data-secret=\"UVnCSsIAFV\"><p><a href=\"https:\/\/www.radiopiu.net\/wordpress\/ep-center-video-gallery\/\">EP CENTER video gallery<\/a><\/p><\/blockquote>\n<p><iframe loading=\"lazy\" class=\"wp-embedded-content\" sandbox=\"allow-scripts\" security=\"restricted\" style=\"position: absolute; clip: rect(1px, 1px, 1px, 1px);\" title=\"&#8220;EP CENTER video gallery&#8221; &#8212; Radio Pi\u00f9\" src=\"https:\/\/www.radiopiu.net\/wordpress\/ep-center-video-gallery\/embed\/#?secret=UVnCSsIAFV\" data-secret=\"UVnCSsIAFV\" width=\"600\" height=\"338\" frameborder=\"0\" marginwidth=\"0\" marginheight=\"0\" scrolling=\"no\"><\/iframe><\/p>\n<p>&nbsp;<\/p>\n<hr \/>\n<p>&nbsp;<\/p>\n<p class=\"photoswipe-wrapper\"><a class=\"dt-pswp-item pspw-wrap-ready\" href=\"https:\/\/i0.wp.com\/www.radiopiu.net\/wordpress\/wp-content\/uploads\/2018\/09\/WhatsApp-Image-2018-09-20-at-16.04.06.jpeg?ssl=1\" data-dt-img-description=\"\" data-large_image_width=\"800\" data-large_image_height=\"100\"><img loading=\"lazy\" decoding=\"async\" class=\"aligncenter wp-image-61378 size-full jetpack-lazy-image jetpack-lazy-image--handled\" src=\"https:\/\/i0.wp.com\/www.radiopiu.net\/wordpress\/wp-content\/uploads\/2018\/09\/WhatsApp-Image-2018-09-20-at-16.04.06.jpeg?resize=800%2C100&amp;ssl=1\" sizes=\"auto, (max-width: 800px) 100vw, 800px\" srcset=\"https:\/\/i0.wp.com\/www.radiopiu.net\/wordpress\/wp-content\/uploads\/2018\/09\/WhatsApp-Image-2018-09-20-at-16.04.06.jpeg?w=800&amp;ssl=1 800w, https:\/\/i0.wp.com\/www.radiopiu.net\/wordpress\/wp-content\/uploads\/2018\/09\/WhatsApp-Image-2018-09-20-at-16.04.06.jpeg?resize=300%2C38&amp;ssl=1 300w, https:\/\/i0.wp.com\/www.radiopiu.net\/wordpress\/wp-content\/uploads\/2018\/09\/WhatsApp-Image-2018-09-20-at-16.04.06.jpeg?resize=768%2C96&amp;ssl=1 768w\" alt=\"\" width=\"800\" height=\"100\" data-lazy-loaded=\"1\" \/><\/a><\/p>\n<p>&nbsp;<\/p>\n<div><center><b>Sabato 15<\/b><\/center><b>Tempo atteso: <\/b>Al mattino in prevalenza soleggiato, eccetto residue nubi medio-alte a oriente al primo mattino, in rapido allontanamento verso est. Al pomeriggio limitata riduzione del soleggiamento per attivit\u00e0 cumuliforme, spesso modesta con remota insidia convettiva. Clima un po&#8217; pi\u00f9 fresco al mattino e di nuovo abbastanza caldo di giorno.<br \/>\n<b>Precipitazioni: <\/b>Assenti fino a met\u00e0 pomeriggio (0%), poi probabilit\u00e0 bassa (10%) per qualche goccia sulle Dolomiti, ma risulteranno eccezioni e sulla maggiore parte dei settori i fenomeni saranno assenti.<br \/>\n<b>Temperature: <\/b>Minime in lieve flessione e leggera ripresa delle massime per maggiore soleggiamento. Sono previste punte di 28\/29\u00b0C nei fondovalle prealpini e di 23\/25\u00b0C a 1000\/1200 m Su Prealpi a 1500 m min 13\u00b0C max 17\u00b0C, a 2000 m min 11\u00b0C max 14\u00b0C. Su Dolomiti a 2000 m min 10\u00b0C max 15\u00b0C, a 3000 m min 4\u00b0C max 6\u00b0C.<br \/>\n<b>Venti: <\/b>Nelle valli deboli\/moderati per brezze; in quota deboli\/moderati da nord nella notte e da ovest nord-ovest in giornata, a 5-10 km\/h a 2000 m e 10-15 km\/h a 3000 m.<\/p>\n<hr \/>\n<p><center><b>Domenica 16<\/b><\/center><b>Tempo atteso: <\/b>Fino al primo pomeriggio tempo ben soleggiato con cielo sereno. Nelle ore pi\u00f9 calde parziale riduzione del soleggiamento per modesta attivit\u00e0 cumuliforme, localmente moderata, e l&#8217;insidia convettiva torner\u00e0 ad essere sporadicamente presente. Clima diurno estivo.<br \/>\n<b>Precipitazioni: <\/b>Assenti fino a met\u00e0 pomeriggio (0%), poi probabilit\u00e0 piuttosto bassa (20%) per qualche isolato rovescio o temporale pomeridiano sulle Dolomiti; nel tardo pomeriggio\/sera tale probabilit\u00e0 aumenter\u00e0 leggermente (30\/40%). Il rischio sar\u00e0 minore sulle Prealpi.<br \/>\n<b>Temperature: <\/b>Minime stazionarie e massime senza notevoli variazioni. Sono previste punte di 28\/29\u00b0C nei fondovalle prealpini e di 23\/25\u00b0C a 1000\/1200 m Su Prealpi a 1500 m min 13\u00b0C max 17\u00b0C, a 2000 m min 11\u00b0C max 14\u00b0C. Su Dolomiti a 2000 m min 11\u00b0C max 15\u00b0C, a 3000 m min 5\u00b0C max 6\u00b0C.<br \/>\n<b>Venti: <\/b>Nelle valli deboli a regime di brezze, a tratti e localmente moderati; in quota perlopi\u00f9 deboli dai quadranti occidentali, a 5-10 km\/h sia a 2000 m che a 3000 m.<\/p>\n<hr \/>\n<p><center><b>Lunedi 17<\/b><\/center>Tempo ancora ben soleggiato con cielo sereno al mattino. Nelle ore pi\u00f9 calde parziale riduzione del soleggiamento per attivit\u00e0 cumuliforme un po&#8217; pi\u00f9 presente rispetto a domenica, localmente intensa, e l&#8217;insidia rovesci e temporali sar\u00e0 sporadica al pomeriggio e decisamente pi\u00f9 elevata in serata. Temperature minime pressoch\u00e9 stazionarie e massime in leggera flessione, anche per il minore soleggiamento. Venti in quota deboli\/moderati da sud-ovest; nelle valli deboli\/moderati a regime di brezza.<\/p>\n<hr \/>\n<p><center><b>Martedi 18<\/b><\/center>Fino al primo pomeriggio tempo soleggiato con cielo generalmente sereno o poco nuvoloso. In seguito forte riduzione del soleggiamento per attivit\u00e0 cumuliforme assai pi\u00f9 intensa rispetto ai giorni precedenti ed associata a una maggiore probabilit\u00e0 di rovesci e temporali. Ulteriore lieve calo delle temperature. Venti in quota deboli da sud-ovest al primo mattino, moderati da nord nord-est al pomeriggio\/sera; nelle valli deboli\/moderati a regime di brezza. Previsore: R.L.Th.<\/p>\n<\/div>\n<\/div>\n<p>&nbsp;<\/p>\n<p>&nbsp;<\/p>\n<hr \/>\n<p>&nbsp;<\/p>\n<p><iframe loading=\"lazy\" title=\"Spot Buttalibene TV\" width=\"1200\" height=\"675\" src=\"https:\/\/www.youtube.com\/embed\/fjHWpfyAevE?feature=oembed\" frameborder=\"0\" allow=\"accelerometer; autoplay; clipboard-write; encrypted-media; gyroscope; picture-in-picture\" allowfullscreen><\/iframe><\/p>\n<hr \/>\n<p>&nbsp;<\/p>\n<p class=\"photoswipe-wrapper\"><a class=\"dt-pswp-item pspw-wrap-ready\" href=\"https:\/\/i1.wp.com\/www.radiopiu.net\/wordpress\/wp-content\/uploads\/2018\/09\/sport.jpg?ssl=1\" data-dt-img-description=\"\" data-large_image_width=\"800\" data-large_image_height=\"100\"><img loading=\"lazy\" decoding=\"async\" class=\"wp-image-60761 size-full aligncenter\" src=\"https:\/\/i1.wp.com\/www.radiopiu.net\/wordpress\/wp-content\/uploads\/2018\/09\/sport.jpg?resize=800%2C100&amp;ssl=1\" sizes=\"auto, (max-width: 800px) 100vw, 800px\" srcset=\"https:\/\/i1.wp.com\/www.radiopiu.net\/wordpress\/wp-content\/uploads\/2018\/09\/sport.jpg?w=800&amp;ssl=1 800w, https:\/\/i1.wp.com\/www.radiopiu.net\/wordpress\/wp-content\/uploads\/2018\/09\/sport.jpg?resize=300%2C38&amp;ssl=1 300w, https:\/\/i1.wp.com\/www.radiopiu.net\/wordpress\/wp-content\/uploads\/2018\/09\/sport.jpg?resize=768%2C96&amp;ssl=1 768w\" alt=\"\" width=\"800\" height=\"100\" data-recalc-dims=\"1\" \/><\/a><\/p>\n<h3><\/h3>\n<blockquote>\n<h3>SABATO 15 E DOMENICA 16 AGOSTO ISCRIZIONI SPECIALI A PUOS D\u2019ALPAGO PER IL GIRO DEL LAGO DI SANTA CROCE<\/h3>\n<\/blockquote>\n<p><strong><a class=\"dt-pswp-item\" href=\"https:\/\/www.radiopiu.net\/wordpress\/wp-content\/uploads\/2020\/08\/giro-del-lago-2019-3.jpg\" data-dt-img-description=\"\" data-large_image_width=\"1900\" data-large_image_height=\"1267\"><img loading=\"lazy\" decoding=\"async\" class=\"size-medium wp-image-155323 alignleft\" src=\"https:\/\/www.radiopiu.net\/wordpress\/wp-content\/uploads\/2020\/08\/giro-del-lago-2019-3-300x200.jpg\" alt=\"\" width=\"300\" height=\"200\" srcset=\"https:\/\/www.radiopiu.net\/wordpress\/wp-content\/uploads\/2020\/08\/giro-del-lago-2019-3-300x200.jpg 300w, https:\/\/www.radiopiu.net\/wordpress\/wp-content\/uploads\/2020\/08\/giro-del-lago-2019-3-1024x683.jpg 1024w, https:\/\/www.radiopiu.net\/wordpress\/wp-content\/uploads\/2020\/08\/giro-del-lago-2019-3-768x512.jpg 768w, https:\/\/www.radiopiu.net\/wordpress\/wp-content\/uploads\/2020\/08\/giro-del-lago-2019-3-1536x1024.jpg 1536w, https:\/\/www.radiopiu.net\/wordpress\/wp-content\/uploads\/2020\/08\/giro-del-lago-2019-3.jpg 1900w\" sizes=\"auto, (max-width: 300px) 100vw, 300px\" \/><\/a>ALPAGO<\/strong> Domenica 16 agosto era la data scelta per la disputa della 26.a edizione del Giro del Lago di Santa Croce, evento non competitivo per podisti e ciclisti che ha come obiettivo la raccolta di fondi per le associazioni Via di Natale di Aviano e Cucchini di Belluno, realt\u00e0 che si occupano di assistenza ai malati oncologici e ai loro familiari. Ma, a causa dell\u2019emergenza sanitaria legata al Covid-19, il Giro non si disputer\u00e0. Ci\u00f2 nonostante, il Comitato Alpago 2 Ruote &amp; Solidariet\u00e0, realt\u00e0 che organizza l\u2019evento solidaristico, non si ferma. Non si ferma perch\u00e9 la solidariet\u00e0, l\u2019attenzione verso chi soffre, non va in \u201clockdown\u201d. E per questo fine settimana apre la propria sede, presso lo sportello del Centro Servizi per il volontariato in piazza papa Luciani a Puos d\u2019Alpago: qui sar\u00e0 possibile fare una donazione (a partire da 7 euro, cifra corrispondente all\u2019iscrizione) e acquistare la maglietta del Giro del Lago, &#8220;special edition&#8221; 2020, disegnata da Valentino Villanova. Per la giornata di sabato 15 agosto la sede sar\u00e0 aperta al mattino dalle 8.30 alle 12.30 e al pomeriggio dalle 17.30 alle 20.30. Nella giornata di domenica 16 agosto l\u2019apertura sar\u00e0 dalle 8.30 alle 12.30. Per tutto agosto, inoltre, al municipio di Pieve d&#8217;Alpago, negli orari di apertura degli uffici, \u00e8 visitabile la mostra dei disegni di Valentino Villanova. Il sostegno al Giro \u00e8 possibile, fino a fine settembre, anche attraverso una raccolta fondi sulla piattaforma\u00a0<a href=\"http:\/\/www.produzionidalbasso.com\/\">www.produzionidalbasso.com<\/a>. Per approfondimenti sul Giro del Lago di Santa Croce:\u00a0<a href=\"http:\/\/www.2ruotealpago.it\/\">www.2ruotealpago.it<\/a>\u00a0e\u00a0<a href=\"http:\/\/www.facebook.com\/girodellagodisantacroce\/\">www.facebook.com\/girodellagodisantacroce\/<\/a>.<\/p>\n<p><em><strong>(foto archivio 2019)<\/strong><\/em><\/p>\n","protected":false},"excerpt":{"rendered":"<p>\u00a0Dalla redazione di Radio Pi\u00f9 ai nostri ascoltatori e lettori buon ferragosto 2020 \u00a0 PER RICEVERE QUESTO NOTIZIARIO DIRETTAMENTE SUL TUO CELLULARE ISCRIVITI AL CANALE TELEGRAM \u201cRADIO PIU\u00a0 INFORMAZIONE ATTENZIONE: LA NUOVA APP PER IOS-IPHONE https:\/\/apps.apple.com\/it\/app\/radio-pi%C3%B9-emittente-agordina\/id1515939845 ATTENZIONE: LA NUOVA APP RADIO\u00a0 PER ANDROID https:\/\/play.google.com\/store\/apps\/details?id=net.radiopiu.iniko \u00a0\u00a0 &nbsp; &nbsp; BOMBERINE BENVENUTE A FALCADE, BENVENUTE NELL&#8217;AGORDINO &nbsp; &nbsp;&hellip;<\/p>\n","protected":false},"author":4,"featured_media":155248,"comment_status":"closed","ping_status":"closed","sticky":false,"template":"","format":"standard","meta":{"_monsterinsights_skip_tracking":false,"_monsterinsights_sitenote_active":false,"_monsterinsights_sitenote_note":"","_monsterinsights_sitenote_category":0,"footnotes":""},"categories":[1,86,49],"tags":[],"class_list":["post-155154","post","type-post","status-publish","format-standard","has-post-thumbnail","hentry","category-senza-categoria","category-gr","category-news-18","category-1","category-86","category-49","description-off"],"img_url":"https:\/\/www.radiopiu.net\/wordpress\/wp-content\/uploads\/2020\/08\/IMG_0195-scaled.jpg","_links":{"self":[{"href":"https:\/\/www.radiopiu.net\/wordpress\/wp-json\/wp\/v2\/posts\/155154","targetHints":{"allow":["GET"]}}],"collection":[{"href":"https:\/\/www.radiopiu.net\/wordpress\/wp-json\/wp\/v2\/posts"}],"about":[{"href":"https:\/\/www.radiopiu.net\/wordpress\/wp-json\/wp\/v2\/types\/post"}],"author":[{"embeddable":true,"href":"https:\/\/www.radiopiu.net\/wordpress\/wp-json\/wp\/v2\/users\/4"}],"replies":[{"embeddable":true,"href":"https:\/\/www.radiopiu.net\/wordpress\/wp-json\/wp\/v2\/comments?post=155154"}],"version-history":[{"count":0,"href":"https:\/\/www.radiopiu.net\/wordpress\/wp-json\/wp\/v2\/posts\/155154\/revisions"}],"wp:featuredmedia":[{"embeddable":true,"href":"https:\/\/www.radiopiu.net\/wordpress\/wp-json\/wp\/v2\/media\/155248"}],"wp:attachment":[{"href":"https:\/\/www.radiopiu.net\/wordpress\/wp-json\/wp\/v2\/media?parent=155154"}],"wp:term":[{"taxonomy":"category","embeddable":true,"href":"https:\/\/www.radiopiu.net\/wordpress\/wp-json\/wp\/v2\/categories?post=155154"},{"taxonomy":"post_tag","embeddable":true,"href":"https:\/\/www.radiopiu.net\/wordpress\/wp-json\/wp\/v2\/tags?post=155154"}],"curies":[{"name":"wp","href":"https:\/\/api.w.org\/{rel}","templated":true}]}}