{"id":155171,"date":"2020-08-14T06:00:35","date_gmt":"2020-08-14T04:00:35","guid":{"rendered":"https:\/\/www.radiopiu.net\/wordpress\/?p=155171"},"modified":"2020-08-14T08:47:19","modified_gmt":"2020-08-14T06:47:19","slug":"lultimo-saluto-ad-alessio","status":"publish","type":"post","link":"https:\/\/www.radiopiu.net\/wordpress\/lultimo-saluto-ad-alessio\/","title":{"rendered":"L&#8217;ULTIMO SALUTO AD ALESSIO"},"content":{"rendered":"<blockquote>\n<h1><a class=\"dt-pswp-item\" href=\"https:\/\/www.radiopiu.net\/wordpress\/wp-content\/uploads\/2020\/08\/e6feff97-c36f-4584-9233-2b59dd41d9a5.jpg\" data-dt-img-description=\"\" data-large_image_width=\"720\" data-large_image_height=\"1440\"><img loading=\"lazy\" decoding=\"async\" class=\"size-medium wp-image-155165 alignleft\" src=\"https:\/\/www.radiopiu.net\/wordpress\/wp-content\/uploads\/2020\/08\/e6feff97-c36f-4584-9233-2b59dd41d9a5-150x300.jpg\" alt=\"\" width=\"150\" height=\"300\" srcset=\"https:\/\/www.radiopiu.net\/wordpress\/wp-content\/uploads\/2020\/08\/e6feff97-c36f-4584-9233-2b59dd41d9a5-150x300.jpg 150w, https:\/\/www.radiopiu.net\/wordpress\/wp-content\/uploads\/2020\/08\/e6feff97-c36f-4584-9233-2b59dd41d9a5-512x1024.jpg 512w, https:\/\/www.radiopiu.net\/wordpress\/wp-content\/uploads\/2020\/08\/e6feff97-c36f-4584-9233-2b59dd41d9a5.jpg 720w\" sizes=\"auto, (max-width: 150px) 100vw, 150px\" \/><\/a> L&#8217;ABBRACCIO SOLIDALE ALLA FAMIGLIA BORTOLUZZI<\/h1>\n<\/blockquote>\n<p><strong>SANTA GIUSTINA<\/strong> Un&#8217;intera comunit\u00e0 \u00e8 pronta a salutare il giovane Alessio ed abbracciare la mamma Michela con Michele, il pap\u00e0 Adriano con Alba, le sorelle Eva e Federica, i nonni Laura e Paolo, la nonna Emma, gli zii i cugini. I funerali saranno celebrati domenica alle 10 al centro sportivo dell&#8217;Oratorio di Santa Giustina. La famiglia ha rivolto un ringraziamento a tutto il personale del 118, ai vigili del fuoco, a tutti coloro che in qualsiasi modo si sono prodigati nel tentativo di salvare la vita ad Alessio. Eventuali offerte saranno devolute ad opere di bene.<\/p>\n<p>&nbsp;<\/p>\n<p>&nbsp;<\/p>\n<p>&nbsp;<\/p>\n<p>&nbsp;<\/p>\n","protected":false},"excerpt":{"rendered":"<p>L&#8217;ABBRACCIO SOLIDALE ALLA FAMIGLIA BORTOLUZZI SANTA GIUSTINA Un&#8217;intera comunit\u00e0 \u00e8 pronta a salutare il giovane Alessio ed abbracciare la mamma Michela con Michele, il pap\u00e0 Adriano con Alba, le sorelle Eva e Federica, i nonni Laura e Paolo, la nonna Emma, gli zii i cugini. I funerali saranno celebrati domenica alle 10 al centro sportivo&hellip;<\/p>\n","protected":false},"author":1,"featured_media":155165,"comment_status":"closed","ping_status":"closed","sticky":false,"template":"","format":"standard","meta":{"_monsterinsights_skip_tracking":false,"_monsterinsights_sitenote_active":false,"_monsterinsights_sitenote_note":"","_monsterinsights_sitenote_category":0,"footnotes":""},"categories":[51,49],"tags":[],"class_list":["post-155171","post","type-post","status-publish","format-standard","has-post-thumbnail","hentry","category-evidenza-top","category-news-18","category-51","category-49","description-off"],"img_url":"https:\/\/www.radiopiu.net\/wordpress\/wp-content\/uploads\/2020\/08\/e6feff97-c36f-4584-9233-2b59dd41d9a5.jpg","_links":{"self":[{"href":"https:\/\/www.radiopiu.net\/wordpress\/wp-json\/wp\/v2\/posts\/155171","targetHints":{"allow":["GET"]}}],"collection":[{"href":"https:\/\/www.radiopiu.net\/wordpress\/wp-json\/wp\/v2\/posts"}],"about":[{"href":"https:\/\/www.radiopiu.net\/wordpress\/wp-json\/wp\/v2\/types\/post"}],"author":[{"embeddable":true,"href":"https:\/\/www.radiopiu.net\/wordpress\/wp-json\/wp\/v2\/users\/1"}],"replies":[{"embeddable":true,"href":"https:\/\/www.radiopiu.net\/wordpress\/wp-json\/wp\/v2\/comments?post=155171"}],"version-history":[{"count":0,"href":"https:\/\/www.radiopiu.net\/wordpress\/wp-json\/wp\/v2\/posts\/155171\/revisions"}],"wp:featuredmedia":[{"embeddable":true,"href":"https:\/\/www.radiopiu.net\/wordpress\/wp-json\/wp\/v2\/media\/155165"}],"wp:attachment":[{"href":"https:\/\/www.radiopiu.net\/wordpress\/wp-json\/wp\/v2\/media?parent=155171"}],"wp:term":[{"taxonomy":"category","embeddable":true,"href":"https:\/\/www.radiopiu.net\/wordpress\/wp-json\/wp\/v2\/categories?post=155171"},{"taxonomy":"post_tag","embeddable":true,"href":"https:\/\/www.radiopiu.net\/wordpress\/wp-json\/wp\/v2\/tags?post=155171"}],"curies":[{"name":"wp","href":"https:\/\/api.w.org\/{rel}","templated":true}]}}