{"id":155198,"date":"2020-08-14T09:30:06","date_gmt":"2020-08-14T07:30:06","guid":{"rendered":"https:\/\/www.radiopiu.net\/wordpress\/?p=155198"},"modified":"2020-08-14T09:30:06","modified_gmt":"2020-08-14T07:30:06","slug":"asili-nido-e-scuole-dellinfanzia-il-veneto-riapre-in-sicurezza-i-servizi-0-6-anni-dal-1-settembre","status":"publish","type":"post","link":"https:\/\/www.radiopiu.net\/wordpress\/asili-nido-e-scuole-dellinfanzia-il-veneto-riapre-in-sicurezza-i-servizi-0-6-anni-dal-1-settembre\/","title":{"rendered":"ASILI NIDO E SCUOLE DELL\u2019INFANZIA. IL VENETO RIAPRE IN SICUREZZA I SERVIZI 0-6 ANNI DAL 1\u00b0 SETTEMBRE"},"content":{"rendered":"<blockquote>\n<h3><\/h3>\n<\/blockquote>\n<p><strong><a class=\"dt-pswp-item\" href=\"https:\/\/www.radiopiu.net\/wordpress\/wp-content\/uploads\/2020\/08\/pastelli-colori.jpg\" data-dt-img-description=\"\" data-large_image_width=\"1920\" data-large_image_height=\"1280\"><img loading=\"lazy\" decoding=\"async\" class=\"size-medium wp-image-155130 alignleft\" src=\"https:\/\/www.radiopiu.net\/wordpress\/wp-content\/uploads\/2020\/08\/pastelli-colori-300x200.jpg\" alt=\"\" width=\"300\" height=\"200\" srcset=\"https:\/\/www.radiopiu.net\/wordpress\/wp-content\/uploads\/2020\/08\/pastelli-colori-300x200.jpg 300w, https:\/\/www.radiopiu.net\/wordpress\/wp-content\/uploads\/2020\/08\/pastelli-colori-1024x683.jpg 1024w, https:\/\/www.radiopiu.net\/wordpress\/wp-content\/uploads\/2020\/08\/pastelli-colori-768x512.jpg 768w, https:\/\/www.radiopiu.net\/wordpress\/wp-content\/uploads\/2020\/08\/pastelli-colori-1536x1024.jpg 1536w, https:\/\/www.radiopiu.net\/wordpress\/wp-content\/uploads\/2020\/08\/pastelli-colori.jpg 1920w\" sizes=\"auto, (max-width: 300px) 100vw, 300px\" \/><\/a>VENEZIA\u00a0<\/strong>L\u2019ordinanza firmata ieri dal Presidente della Regione del Veneto conferma la riapertura dei Servizi educativi, dedicati alla fascia dai 0 ai 6 anni, nel rispetto delle linee guida Nazionali recepite a livello regionale e dei principi di sicurezza e prevenzione a supporto delle famiglie.\u00a0L\u2019apertura dei servizi educativi per la prima infanzia e delle scuole dell\u2019infanzia \u00e8 fissata per il 1\u00b0 settembre 2020, come da calendario scolastico regionale approvato dalla Giunta veneta gi\u00e0 a fine luglio.\u00a0\u201c<em>L\u2019esperienza maturata a giugno con l\u2019apertura dei Centri Estivi ed il coinvolgimento del tavolo preposto &#8211; commenta l\u2019assessore regionale alla Sanit\u00e0 e alle Politiche Sociali -, composto da Anci, Fism, Assonidi, Cooperazione Sociale e Aninsei, ha contribuito al raggiungimento di questo importante obbiettivo finalizzato non solo a conciliare il tempo vita-lavoro, ma anche e soprattutto per tutelare il benessere dei minori in un\u2019ottica di ripresa del percorso educativo, di crescita e di socializzazione assieme ai coetanei<\/em>\u201d.\u00a0\u201c<em>Le scuole potranno, quindi, riaprire gi\u00e0 a partire da inizio settembre &#8211; continua l\u2019Assessore &#8211; con lo stesso rapporto educatore-bambini antecedente all\u2019epidemia sanitaria: per i nidi 1 educatore ogni 8 bambini sopra i 12 mesi, mentre il rapporto per le scuole dell\u2019infanzia rimane invariato 1 a 29. Questo per garantire la sostenibilit\u00e0 del servizio da parte dei gestori e assicurare l\u2019iscrizione al prossimo anno educativo a tutti i bambini<\/em>\u201d.\u00a0\u201c<em>La prima notizia, di grande rilevanza, \u00e8 che non \u00e8 previsto l\u2019utilizzo delle mascherine: i bambini non dovranno usarle &#8211; sottolinea l\u2019Assessore -. Gli educatori, invece, dovranno usare le protezioni per poter mantenere un contatto ravvicinato soprattutto con i pi\u00f9 piccoli. Obbligatoria, invece, sar\u00e0 la misurazione quotidiana della temperatura corporea a tutti i minori, al personale all\u2019ingresso, e a chiunque debba entrare nella struttura<\/em>\u201d.\u00a0Se le condizioni atmosferiche lo consentiranno l\u2019esperienza educativa potr\u00e0 svolgersi anche all\u2019aperto per mantenere i gruppi separati. Tutti gli spazi comunque disponibili (sezioni, antisezioni, saloni, atrii, laboratori, ecc.) potranno essere \u201criconvertiti\u201d in luoghi distinti e separati per accogliere stabilmente gruppi di relazione e gioco stabili e distinti, per evitare la promiscuit\u00e0 tra gruppi diversi. Questo per consentire un tracciamento pi\u00f9 veloce ed efficace in caso di positivit\u00e0 al Coronavirus.\u00a0Viene mantenuta la fascia oraria della pre-accoglienza ed il prolungamento dell\u2019orario del servizio per supportare i genitori lavoratori, cos\u00ec come il momento del pranzo e quello del riposo pomeridiano continueranno a scandire i tempi di permanenza all\u2019interno della struttura, con le stesse modalit\u00e0 del passato, ma con una attenzione maggiore verso l\u2019igienizzazione degli ambienti, delle superfici e dei materiali.\u00a0\u201c<em>Fondamentale sar\u00e0 la cooperazione e l\u2019alleanza tra enti gestori e famiglie &#8211; conclude l\u2019Assessore regionale -, chiamate a sottoscrivere un \u201cPatto di corresponsabilit\u00e0\u201d al fine di concordare, responsabilmente, modelli di comportamento che possano contenere il rischio di diffusione di COVID-1<\/em>9\u201d.\u00a0La gestione di casi sospetti o confermati di COVID-19, nel contesto dei servizi educativi per l\u2019infanzia, sar\u00e0 indicata nel documento redatto a cura dell\u2019Istituto Superiore di Sanit\u00e0 ed in fase di completamento.<\/p>\n<p>&nbsp;<\/p>\n","protected":false},"excerpt":{"rendered":"<p>VENEZIA\u00a0L\u2019ordinanza firmata ieri dal Presidente della Regione del Veneto conferma la riapertura dei Servizi educativi, dedicati alla fascia dai 0 ai 6 anni, nel rispetto delle linee guida Nazionali recepite a livello regionale e dei principi di sicurezza e prevenzione a supporto delle famiglie.\u00a0L\u2019apertura dei servizi educativi per la prima infanzia e delle scuole dell\u2019infanzia&hellip;<\/p>\n","protected":false},"author":1,"featured_media":155130,"comment_status":"closed","ping_status":"closed","sticky":false,"template":"","format":"standard","meta":{"_monsterinsights_skip_tracking":false,"_monsterinsights_sitenote_active":false,"_monsterinsights_sitenote_note":"","_monsterinsights_sitenote_category":0,"footnotes":""},"categories":[49],"tags":[],"class_list":["post-155198","post","type-post","status-publish","format-standard","has-post-thumbnail","hentry","category-news-18","category-49","description-off"],"img_url":"https:\/\/www.radiopiu.net\/wordpress\/wp-content\/uploads\/2020\/08\/pastelli-colori.jpg","_links":{"self":[{"href":"https:\/\/www.radiopiu.net\/wordpress\/wp-json\/wp\/v2\/posts\/155198","targetHints":{"allow":["GET"]}}],"collection":[{"href":"https:\/\/www.radiopiu.net\/wordpress\/wp-json\/wp\/v2\/posts"}],"about":[{"href":"https:\/\/www.radiopiu.net\/wordpress\/wp-json\/wp\/v2\/types\/post"}],"author":[{"embeddable":true,"href":"https:\/\/www.radiopiu.net\/wordpress\/wp-json\/wp\/v2\/users\/1"}],"replies":[{"embeddable":true,"href":"https:\/\/www.radiopiu.net\/wordpress\/wp-json\/wp\/v2\/comments?post=155198"}],"version-history":[{"count":0,"href":"https:\/\/www.radiopiu.net\/wordpress\/wp-json\/wp\/v2\/posts\/155198\/revisions"}],"wp:featuredmedia":[{"embeddable":true,"href":"https:\/\/www.radiopiu.net\/wordpress\/wp-json\/wp\/v2\/media\/155130"}],"wp:attachment":[{"href":"https:\/\/www.radiopiu.net\/wordpress\/wp-json\/wp\/v2\/media?parent=155198"}],"wp:term":[{"taxonomy":"category","embeddable":true,"href":"https:\/\/www.radiopiu.net\/wordpress\/wp-json\/wp\/v2\/categories?post=155198"},{"taxonomy":"post_tag","embeddable":true,"href":"https:\/\/www.radiopiu.net\/wordpress\/wp-json\/wp\/v2\/tags?post=155198"}],"curies":[{"name":"wp","href":"https:\/\/api.w.org\/{rel}","templated":true}]}}