{"id":155271,"date":"2020-08-15T02:35:23","date_gmt":"2020-08-15T00:35:23","guid":{"rendered":"https:\/\/www.radiopiu.net\/wordpress\/?p=155271"},"modified":"2020-08-15T02:43:31","modified_gmt":"2020-08-15T00:43:31","slug":"lupi-assessore-allagricoltura-la-prevenzione-passa-per-linnovazione-in-veneto-avviato-il-primo-progetto-sperimentale-europeo-basato-sulla-localizzazione-gps","status":"publish","type":"post","link":"https:\/\/www.radiopiu.net\/wordpress\/lupi-assessore-allagricoltura-la-prevenzione-passa-per-linnovazione-in-veneto-avviato-il-primo-progetto-sperimentale-europeo-basato-sulla-localizzazione-gps\/","title":{"rendered":"LUPI. ASSESSORE ALL\u2019AGRICOLTURA, \u201cLA PREVENZIONE PASSA PER L\u2019INNOVAZIONE. IN VENETO AVVIATO IL PRIMO PROGETTO SPERIMENTALE EUROPEO BASATO SULLA LOCALIZZAZIONE GPS\u201d"},"content":{"rendered":"<p><strong><a class=\"dt-pswp-item\" href=\"https:\/\/www.radiopiu.net\/wordpress\/wp-content\/uploads\/2020\/05\/LUPO.jpg\" data-dt-img-description=\"\" data-large_image_width=\"1920\" data-large_image_height=\"1271\"><img loading=\"lazy\" decoding=\"async\" class=\" wp-image-137939 alignleft\" src=\"https:\/\/www.radiopiu.net\/wordpress\/wp-content\/uploads\/2020\/05\/LUPO-300x199.jpg\" alt=\"\" width=\"404\" height=\"268\" srcset=\"https:\/\/www.radiopiu.net\/wordpress\/wp-content\/uploads\/2020\/05\/LUPO-300x199.jpg 300w, https:\/\/www.radiopiu.net\/wordpress\/wp-content\/uploads\/2020\/05\/LUPO-1024x678.jpg 1024w, https:\/\/www.radiopiu.net\/wordpress\/wp-content\/uploads\/2020\/05\/LUPO-768x508.jpg 768w, https:\/\/www.radiopiu.net\/wordpress\/wp-content\/uploads\/2020\/05\/LUPO-1536x1017.jpg 1536w, https:\/\/www.radiopiu.net\/wordpress\/wp-content\/uploads\/2020\/05\/LUPO.jpg 1920w\" sizes=\"auto, (max-width: 404px) 100vw, 404px\" \/><\/a>VENEZIA\u00a0<\/strong>Un<span class=\"Apple-converted-space\">\u00a0 <\/span>lupo femmina, del peso di 34 kg, \u00e8 stato catturato la scorsa settimana nel versante bellunese del Massiccio del Grappa dal gruppo di lavoro del Dipartimento di Medicina Veterinaria dell\u2019Universit\u00e0 di Sassari, nell\u2019ambito del Progetto per la gestione proattiva della specie mediante telemetria satellitare, approvato e finanziato dalla Regione del Veneto con specifica delibera di giunta.<span class=\"Apple-converted-space\">\u00a0\u00a0<\/span>L\u2019esemplare, in ottime condizioni di salute, una volta completate le operazioni di monitoraggio sanitario e biometrico e i prelievi per la genetica, \u00e8 stato immediatamente rilasciato munito di radiocollare satellitare.<span class=\"Apple-converted-space\">\u00a0\u00a0<\/span>I dati di localizzazione provenienti dal collare, che si aggiungeranno a quelli gi\u00e0 raccolti da un primo lupo femmina catturato esattamente un anno fa nella stessa area, consentiranno di approfondire le dinamiche predatorie del branco, presente nell\u2019area e di testare \u2013 primo progetto europeo di questo tipo \u2013 sistemi innovativi di prevenzione basati sulla localizzazione GPS, quali i \u201crecinti virtuali\u201d (virtual fences) e i segnalatori di prossimit\u00e0, potenzialmente molto utili anche per altri grandi carnivori presenti sull\u2019arco alpino.<span class=\"Apple-converted-space\">\u00a0<\/span>\u201c<em>Un particolare ringraziamento va al personale della Riserva di caccia<span class=\"Apple-converted-space\">\u00a0 <\/span>di Cismon del Grappa &#8211; commenta l\u2019assessore regionale all\u2019Agricoltura, Caccia e Pesca -, per il supporto logistico fornito durante l\u2019intero periodo di permanenza del gruppo di lavoro. La ricerca scientifica e la sperimentazione di nuove tecnologie costituiscono attivit\u00e0 complementari alle iniziative messe in campo dalla Giunta regionale, per promuovere l\u2019adozione di misure di prevenzione \u201ctradizionali\u201d (recinzioni elettrificate, dissuasori, cani da guardiania), che rimangono comunque la via maestra per il raggiungimento di una possibile coesistenza tra la presenza dei grandi carnivori e il mantenimento della vita economica e sociale nelle nostre montagne<\/em>\u201d.\u00a0Da pochi giorni, inoltre, si \u00e8 chiuso il secondo bando per la Misura 4.4.3 del PSR, per il finanziamento al 100% di recinzioni elettrificate di protezione, fisse e mobili e dissuasori: un segnale tangibile dell\u2019assistenza diretta agli allevatori di montagna, per aiutarli a proteggere e difendere gli allevamenti dagli attacchi.\u00a0\u201c<em>Agli uffici sono arrivate 125 domande per un totale di contributi richiesti superiore a 336 mila euro &#8211; prosegue l\u2019Assessore -, pi\u00f9 del doppio rispetto allo stesso bando dell\u2019anno scorso. Un dato positivo ed incoraggiante, frutto dell\u2019imponente attivit\u00e0 di sensibilizzazione portata avanti dai tecnici incaricati dalla Regione e dalle associazioni di categoria, ma anche un segnale importante di una crescente consapevolezza e di un atteggiamento sempre pi\u00f9 costruttivo da parte delle aziende<\/em>\u201d.\u00a0L\u2019effetto di queste misure in termini quantitativi assoluti (numero di predazioni e danni accertati) \u00e8 in parte \u201cmascherato\u201d dal numero crescente di branchi stabili nel territorio del Veneto (come del resto in tutte le Alpi), e conseguentemente dall\u2019aumento degli attacchi soprattutto nelle aree di nuova colonizzazione.<span class=\"Apple-converted-space\">\u00a0<\/span>Nei primi 7 mesi di quest\u2019anno, oltre un quarto delle predazioni da lupo accertate in regione sono avvenute in due aree del bellunese, l\u2019Alpago e l\u2019area del Monte Cesen in Valbelluna, dove dallo scorso anno si sono insediati due nuovi branchi. Per contro, in altre aree di presenza del lupo ormai consolidata da pi\u00f9 anni, il numero di attacchi e i danni accertati sono sostanzialmente stabili rispetto agli anni scorsi.<span class=\"Apple-converted-space\">\u00a0<\/span>\u201c<em>\u00c8 importante continuare a garantire il corretto e tempestivo indennizzo di tutti i danni accertati &#8211; conclude l\u2019assessore all\u2019Agricoltura, Caccia e Pesca -. La Giunta regionale continuer\u00e0 a supportare questa attivit\u00e0 con sempre maggiore efficacia. Nel primo semestre 2020, nonostante le difficolt\u00e0 dovute al periodo emergenziale, tutte le 110 istanze per danni sono state istruite e di queste la met\u00e0 \u00e8 gi\u00e0 stata liquidata. Le restanti 55, pervenute agli uffici da luglio in poi, sono attualmente in istruttoria e saranno inviate a pagamento nei prossimi giorni, per un ammontare complessivo di contributi che saranno erogati pari a 56.189,11 euro<\/em>\u201d.\u00a0\u201c<em>Ora mi aspetto delle risposte concrete anche da parte del Ministro all\u2019Ambiente, al quale ho scritto per sollecitare l\u2019approvazione di un \u2018piano lupo nazionale\u2019, ma su questa partita il Governo sembra totalmente assente<\/em>\u201d.<\/p>\n","protected":false},"excerpt":{"rendered":"<p>VENEZIA\u00a0Un\u00a0 lupo femmina, del peso di 34 kg, \u00e8 stato catturato la scorsa settimana nel versante bellunese del Massiccio del Grappa dal gruppo di lavoro del Dipartimento di Medicina Veterinaria dell\u2019Universit\u00e0 di Sassari, nell\u2019ambito del Progetto per la gestione proattiva della specie mediante telemetria satellitare, approvato e finanziato dalla Regione del Veneto con specifica delibera&hellip;<\/p>\n","protected":false},"author":4,"featured_media":137939,"comment_status":"closed","ping_status":"closed","sticky":false,"template":"","format":"standard","meta":{"_monsterinsights_skip_tracking":false,"_monsterinsights_sitenote_active":false,"_monsterinsights_sitenote_note":"","_monsterinsights_sitenote_category":0,"footnotes":""},"categories":[49],"tags":[],"class_list":["post-155271","post","type-post","status-publish","format-standard","has-post-thumbnail","hentry","category-news-18","category-49","description-off"],"img_url":"https:\/\/www.radiopiu.net\/wordpress\/wp-content\/uploads\/2020\/05\/LUPO.jpg","_links":{"self":[{"href":"https:\/\/www.radiopiu.net\/wordpress\/wp-json\/wp\/v2\/posts\/155271","targetHints":{"allow":["GET"]}}],"collection":[{"href":"https:\/\/www.radiopiu.net\/wordpress\/wp-json\/wp\/v2\/posts"}],"about":[{"href":"https:\/\/www.radiopiu.net\/wordpress\/wp-json\/wp\/v2\/types\/post"}],"author":[{"embeddable":true,"href":"https:\/\/www.radiopiu.net\/wordpress\/wp-json\/wp\/v2\/users\/4"}],"replies":[{"embeddable":true,"href":"https:\/\/www.radiopiu.net\/wordpress\/wp-json\/wp\/v2\/comments?post=155271"}],"version-history":[{"count":0,"href":"https:\/\/www.radiopiu.net\/wordpress\/wp-json\/wp\/v2\/posts\/155271\/revisions"}],"wp:featuredmedia":[{"embeddable":true,"href":"https:\/\/www.radiopiu.net\/wordpress\/wp-json\/wp\/v2\/media\/137939"}],"wp:attachment":[{"href":"https:\/\/www.radiopiu.net\/wordpress\/wp-json\/wp\/v2\/media?parent=155271"}],"wp:term":[{"taxonomy":"category","embeddable":true,"href":"https:\/\/www.radiopiu.net\/wordpress\/wp-json\/wp\/v2\/categories?post=155271"},{"taxonomy":"post_tag","embeddable":true,"href":"https:\/\/www.radiopiu.net\/wordpress\/wp-json\/wp\/v2\/tags?post=155271"}],"curies":[{"name":"wp","href":"https:\/\/api.w.org\/{rel}","templated":true}]}}