{"id":155285,"date":"2020-08-14T23:59:49","date_gmt":"2020-08-14T21:59:49","guid":{"rendered":"https:\/\/www.radiopiu.net\/wordpress\/?p=155285"},"modified":"2020-08-14T15:50:52","modified_gmt":"2020-08-14T13:50:52","slug":"ricordo-di-3-missionari-bellunesi-benemeriti-per-limpegno-in-cina-di-renato-bona","status":"publish","type":"post","link":"https:\/\/www.radiopiu.net\/wordpress\/ricordo-di-3-missionari-bellunesi-benemeriti-per-limpegno-in-cina-di-renato-bona\/","title":{"rendered":"RICORDO DI 3 MISSIONARI BELLUNESI BENEMERITI PER L\u2019IMPEGNO IN CINA di Renato Bona"},"content":{"rendered":"<p><strong><a class=\"dt-pswp-item\" href=\"https:\/\/www.radiopiu.net\/wordpress\/wp-content\/uploads\/2019\/08\/553085_385905871470280_1626001170_n.jpg\" data-dt-img-description=\"\" data-large_image_width=\"855\" data-large_image_height=\"569\"><img loading=\"lazy\" decoding=\"async\" class=\" wp-image-94070 alignleft\" src=\"https:\/\/www.radiopiu.net\/wordpress\/wp-content\/uploads\/2019\/08\/553085_385905871470280_1626001170_n-300x200.jpg\" alt=\"\" width=\"164\" height=\"109\" \/><\/a>di\u00a0Renato\u00a0Bona\u00a0<\/strong><\/p>\n<p>Da sempre estimatori di quanti, preti, suore e laici, da missionari si prodigano, talvolta a prezzo della vita, in favore dei meno fortunati (che sono moltissimi, in ogni parte del mondo) ci siamo imbattuti, navigando su Internet, nel sito telematico che ospita anche scritti del \u201cPeriodico delle missioni estere\u201d. E, purtroppo, si \u00e8 trattato di apprendere notizie che, sia pure datate, riguardano tre benemeriti missionari del Bellunese dei quali poco si \u00e8 saputo e parlato. Questo l\u2019annuncio che abbiamo letto a proposito di padre Giovanni Scopel (1872-1904), missionario apostolico nello Scen-si meridionale in Cina, morto il 1. agosto sul fiume Han mentre stava recandosi a Han-kow per farsi curare da un medico europeo. Nativo (11 giugno 1872) di Seren del Grappa in provincia di Belluno, Scopel figlio di Giuseppe e di Giovanna Rech (\u201cpii ed onesti genitori, i quali col latte della prima educazione seppero infondere nell\u2019animo del fanciullo i sentimenti sublimi della pi\u00f9 solida e ingenua piet\u00e0. Giovinetto, sentitosi chiamare da Dio al sacerdozio, rispose alla voce della grazia, ed i genitori secondata la sua vocazione, entr\u00f2 nel patrio seminario di Feltre per intraprendere gli studi ecclesiastici. Ma giunto all\u2019et\u00e0 di vent\u2019anni, dovette sospenderli chiamato al servizio delle armi. A Nessuno \u00e8 ignoto quanti pericoli vi siano per la incauta giovent\u00f9 nella carriera militare, ma in mezzo ai medesimi egli seppe s\u00ec bene munirsi dell\u2019orazione e, nei giorni pi\u00f9 liberi, coll\u2019aiuto dei sacramenti, che pot\u00e9 conservare integra la sua illibatezza. La modestia, l\u2019esemplare sua condotta, la diligenza e l\u2019esattezza nell\u2019adempiere ai suoi doveri militari, poterono ben presto cattivargli la stima e l\u2019amore dei sui superiori. Nei suoi tre anni di servizio militare, mai ebbe a scontare nemmeno il pi\u00f9 lieve castigo. Ritornato a casa, volle seguitare i suoi studi ecclesiastici, e rientr\u00f2 nel patrio Seminario. Ma quivi segretamente Iddio lo chiamava al ministero dell\u2019Apostolato nelle missioni estere, per cui nel 1896 entrava nel Seminario consacrato a questo fine. Terminati gli studi teologici, nel 1898 venne ordinato sacerdote e nel settembre dello stesso anno salpava da Marsiglia per lo Scen-si Meridionale\u201d. Si ricorda infine che \u201cNei sei anni dell\u2019apostolato in quella Missione molti furono ed abbondanti i frutti delle sue fatiche apostoliche. Ma mentre di lui si nutrivano le pi\u00f9 liete speranze, una malattia fatale lentamente lo conduceva al sepolcro. Si era messo in viaggio per Han-kow, onde trovare nell\u2019arte medica la sua salute; invece Iddio, che lo vedeva gi\u00e0 colmo di meriti pi\u00f9 che di anni, lo chiamava a s\u00e9 il giorno 1 di agosto 1904, lasciando largo rimpianto in tutti, nei suoi superiori, nei suoi confratelli, ed in quanti lo conobbero. Pace all\u2019anima sua benedetta!\u201d. Ed ecco un altro missionario bellunese che oper\u00f2 in terra cinese: padre Domenico De Rocco (1889-1958).La pubblicazione \u201cIl vincolo\u201d del maggio 1958 cos\u00ec ne richiamava la figura e l\u2019opera: \u201cPadre Domenico De Rocco, di Giovanni Battista e Angela Deola, nato a Forno di Canale (l\u2019attuale Canale d\u2019Agordo \u2013 ndr.) l\u20191 febbraio 1889, entrato nell\u2019Istituto a Roma nel 1909, ordinato sacerdote il 25 luglio 1914, partito per Han-chung il 15 novembre 1919, tornato nel 1947, morto a Rancio il 5 aprile 1958. Figlio delle Dolomiti accoppi\u00f2 nell\u2019animo le virt\u00f9 della sua terra: gentilezza e delicatezza d\u2019animo, prudenza congiunta a cavalleresco ardimento; il tutto nobilitato dalla grazia. Proveniente dal Seminario di Feltre, dalla seconda liceale continu\u00f2 gli studi a Roma ove si laure\u00f2. L\u2019imminenza della guerra gli imped\u00ec la partenza. Fu cappellano degli Alpini per tutta la guerra, meritandosi una medaglia al valore e diversi croci di guerra. Nel 1919 pot\u00e9 raggiungere Han-chung. Durante certe incursioni dei briganti dovette quasi rimpiangere il fronte, ma non ne era il tipo. Dal 1926 fu procuratore. Con cuore grande e letizia accett\u00f2 la fusione dei due Istituti di Roma e Milano nel P.I.M.E. Nel 1935 succedeva a padre Ghislanzoni nella carica di pro-vicario. Eletto rappresentante al consiglio del &#8220;47&#8221; rivide la patria e le sue montagne. Fu rettore dell\u2019anno di formazione, poi della casa di Monza. Scemando le forze ed aumentando gli acciacchi fu prima al Rosetum di Besozzo e poi a Rancio a riposo. Sorella morte lo chiam\u00f2 improvvisa al sabato santo; ricevuti i sacramenti, spirava. Ai funerali officiava mons. Maggi ed era presente il Superiore generale dei somaschi, suo fratello. Quattro alpini ne portarono la bara. Riposa alla Grugana\u201d. Infine un altro agordino: padre Giuseppe Pellegrini (1906-1972): nato il 23 giugno a Gosaldo, entr\u00f2 nell\u2019Istituto nel 1923; ordinato sacerdote il 22 settembre 1928 partiva per Weihui in Cina il 9 novembre 1930. Lavorava dapprima a Wu\u201dan poi a Linxian e infine a Linzhang. Rimpatriato nel giugno 1949, fu mandato nel sud del Brasile nell\u2019ottobre 1955 a proseguire l\u2019attivit\u00e0 missionaria. E\u2019 mancato a San Paulo l\u201911 aprile 1972.<\/p>\n\n\t\t\t<style type='text\/css'>\n\t\t\t\t#gallery-1 {\n\t\t\t\t\tmargin: auto;\n\t\t\t\t}\n\t\t\t\t#gallery-1 .gallery-item {\n\t\t\t\t\tfloat: left;\n\t\t\t\t\tmargin-top: 10px;\n\t\t\t\t\ttext-align: center;\n\t\t\t\t\twidth: 20%;\n\t\t\t\t}\n\t\t\t\t#gallery-1 img {\n\t\t\t\t\tborder: 2px solid #cfcfcf;\n\t\t\t\t}\n\t\t\t\t#gallery-1 .gallery-caption {\n\t\t\t\t\tmargin-left: 0;\n\t\t\t\t}\n\t\t\t\t\/* see gallery_shortcode() in wp-includes\/media.php *\/\n\t\t\t<\/style>\n\t\t<div id='gallery-1' class='dt-gallery-container gallery galleryid-155285 gallery-columns-5 gallery-size-thumbnail'><dl class='gallery-item'>\n\t\t\t\t<dt class='gallery-icon landscape'>\n\t\t\t\t\t<a class=\"rollover rollover-zoom dt-pswp-item\" title=\"117815408_1582614905250449_4436226093079463247_n\" data-dt-img-description=\"\" data-large_image_width=\"240\" data-large_image_height=\"184\"href='https:\/\/www.radiopiu.net\/wordpress\/wp-content\/uploads\/2020\/08\/117815408_1582614905250449_4436226093079463247_n.jpg'><img loading=\"lazy\" decoding=\"async\" width=\"150\" height=\"150\" src=\"https:\/\/www.radiopiu.net\/wordpress\/wp-content\/uploads\/2020\/08\/117815408_1582614905250449_4436226093079463247_n-150x150.jpg\" class=\"attachment-thumbnail size-thumbnail\" alt=\"\" \/><\/a>\n\t\t\t\t<\/dt><\/dl><dl class='gallery-item'>\n\t\t\t\t<dt class='gallery-icon portrait'>\n\t\t\t\t\t<a class=\"rollover rollover-zoom dt-pswp-item\" title=\"117757480_320166022636108_3174237955260305208_n\" data-dt-img-description=\"\" data-large_image_width=\"194\" data-large_image_height=\"259\"href='https:\/\/www.radiopiu.net\/wordpress\/wp-content\/uploads\/2020\/08\/117757480_320166022636108_3174237955260305208_n.jpg'><img loading=\"lazy\" decoding=\"async\" width=\"150\" height=\"150\" src=\"https:\/\/www.radiopiu.net\/wordpress\/wp-content\/uploads\/2020\/08\/117757480_320166022636108_3174237955260305208_n-150x150.jpg\" class=\"attachment-thumbnail size-thumbnail\" alt=\"\" \/><\/a>\n\t\t\t\t<\/dt><\/dl><dl class='gallery-item'>\n\t\t\t\t<dt class='gallery-icon landscape'>\n\t\t\t\t\t<a class=\"rollover rollover-zoom dt-pswp-item\" title=\"117716841_365175394469294_3275684584231210259_n\" data-dt-img-description=\"\" data-large_image_width=\"275\" data-large_image_height=\"183\"href='https:\/\/www.radiopiu.net\/wordpress\/wp-content\/uploads\/2020\/08\/117716841_365175394469294_3275684584231210259_n.jpg'><img loading=\"lazy\" decoding=\"async\" width=\"150\" height=\"150\" src=\"https:\/\/www.radiopiu.net\/wordpress\/wp-content\/uploads\/2020\/08\/117716841_365175394469294_3275684584231210259_n-150x150.jpg\" class=\"attachment-thumbnail size-thumbnail\" alt=\"\" \/><\/a>\n\t\t\t\t<\/dt><\/dl><dl class='gallery-item'>\n\t\t\t\t<dt class='gallery-icon landscape'>\n\t\t\t\t\t<a class=\"rollover rollover-zoom dt-pswp-item\" title=\"117740682_750221442463188_6894410681505494088_n\" data-dt-img-description=\"\" data-large_image_width=\"300\" data-large_image_height=\"168\"href='https:\/\/www.radiopiu.net\/wordpress\/wp-content\/uploads\/2020\/08\/117740682_750221442463188_6894410681505494088_n.jpg'><img loading=\"lazy\" decoding=\"async\" width=\"150\" height=\"150\" src=\"https:\/\/www.radiopiu.net\/wordpress\/wp-content\/uploads\/2020\/08\/117740682_750221442463188_6894410681505494088_n-150x150.jpg\" class=\"attachment-thumbnail size-thumbnail\" alt=\"\" \/><\/a>\n\t\t\t\t<\/dt><\/dl><dl class='gallery-item'>\n\t\t\t\t<dt class='gallery-icon landscape'>\n\t\t\t\t\t<a class=\"rollover rollover-zoom dt-pswp-item\" title=\"117600148_674890406438865_2234275507867289716_n\" data-dt-img-description=\"\" data-large_image_width=\"259\" data-large_image_height=\"194\"href='https:\/\/www.radiopiu.net\/wordpress\/wp-content\/uploads\/2020\/08\/117600148_674890406438865_2234275507867289716_n.jpg'><img loading=\"lazy\" decoding=\"async\" width=\"150\" height=\"150\" src=\"https:\/\/www.radiopiu.net\/wordpress\/wp-content\/uploads\/2020\/08\/117600148_674890406438865_2234275507867289716_n-150x150.jpg\" class=\"attachment-thumbnail size-thumbnail\" alt=\"\" \/><\/a>\n\t\t\t\t<\/dt><\/dl><br style=\"clear: both\" \/>\n\t\t\t<\/div>\n\n<p>NELLE FOTO (viaggiando.com, Google): giunche sul fiume cinese Han, nella zona di missione dove ha cessato di vivere padre Scopel; la Grugana, villa del Pime, dove riposa padre De Rocco e in occasione di un raduno di missionari; visione di San Paolo del Brasile e di una favela dove oper\u00f2 padre Giuseppe Pellegrini.<\/p>\n","protected":false},"excerpt":{"rendered":"<p>di\u00a0Renato\u00a0Bona\u00a0 Da sempre estimatori di quanti, preti, suore e laici, da missionari si prodigano, talvolta a prezzo della vita, in favore dei meno fortunati (che sono moltissimi, in ogni parte del mondo) ci siamo imbattuti, navigando su Internet, nel sito telematico che ospita anche scritti del \u201cPeriodico delle missioni estere\u201d. E, purtroppo, si \u00e8 trattato&hellip;<\/p>\n","protected":false},"author":4,"featured_media":155291,"comment_status":"closed","ping_status":"closed","sticky":false,"template":"","format":"standard","meta":{"_monsterinsights_skip_tracking":false,"_monsterinsights_sitenote_active":false,"_monsterinsights_sitenote_note":"","_monsterinsights_sitenote_category":0,"footnotes":""},"categories":[49],"tags":[],"class_list":["post-155285","post","type-post","status-publish","format-standard","has-post-thumbnail","hentry","category-news-18","category-49","description-off"],"img_url":"https:\/\/www.radiopiu.net\/wordpress\/wp-content\/uploads\/2020\/08\/117716841_365175394469294_3275684584231210259_n.jpg","_links":{"self":[{"href":"https:\/\/www.radiopiu.net\/wordpress\/wp-json\/wp\/v2\/posts\/155285","targetHints":{"allow":["GET"]}}],"collection":[{"href":"https:\/\/www.radiopiu.net\/wordpress\/wp-json\/wp\/v2\/posts"}],"about":[{"href":"https:\/\/www.radiopiu.net\/wordpress\/wp-json\/wp\/v2\/types\/post"}],"author":[{"embeddable":true,"href":"https:\/\/www.radiopiu.net\/wordpress\/wp-json\/wp\/v2\/users\/4"}],"replies":[{"embeddable":true,"href":"https:\/\/www.radiopiu.net\/wordpress\/wp-json\/wp\/v2\/comments?post=155285"}],"version-history":[{"count":0,"href":"https:\/\/www.radiopiu.net\/wordpress\/wp-json\/wp\/v2\/posts\/155285\/revisions"}],"wp:featuredmedia":[{"embeddable":true,"href":"https:\/\/www.radiopiu.net\/wordpress\/wp-json\/wp\/v2\/media\/155291"}],"wp:attachment":[{"href":"https:\/\/www.radiopiu.net\/wordpress\/wp-json\/wp\/v2\/media?parent=155285"}],"wp:term":[{"taxonomy":"category","embeddable":true,"href":"https:\/\/www.radiopiu.net\/wordpress\/wp-json\/wp\/v2\/categories?post=155285"},{"taxonomy":"post_tag","embeddable":true,"href":"https:\/\/www.radiopiu.net\/wordpress\/wp-json\/wp\/v2\/tags?post=155285"}],"curies":[{"name":"wp","href":"https:\/\/api.w.org\/{rel}","templated":true}]}}