{"id":155297,"date":"2020-08-14T23:59:12","date_gmt":"2020-08-14T21:59:12","guid":{"rendered":"https:\/\/www.radiopiu.net\/wordpress\/?p=155297"},"modified":"2020-08-15T02:26:32","modified_gmt":"2020-08-15T00:26:32","slug":"el-canal-de-agort-la-mostra-al-museo-mineralogico-e-paleontologico-di-agordo","status":"publish","type":"post","link":"https:\/\/www.radiopiu.net\/wordpress\/el-canal-de-agort-la-mostra-al-museo-mineralogico-e-paleontologico-di-agordo\/","title":{"rendered":"EL CANAL DE AGORT, LA MOSTRA AL MUSEO MINERALOGICO E PALEONTOLOGICO DI AGORDO"},"content":{"rendered":"<p><strong><a class=\"dt-pswp-item\" href=\"https:\/\/www.radiopiu.net\/wordpress\/wp-content\/uploads\/2020\/08\/AGORDO-Mostra-Arca-Reperti-Riparo-Agre-Val-Pegolera-VI-sec.-a.C.jpg\" data-dt-img-description=\"\" data-large_image_width=\"1476\" data-large_image_height=\"1107\"><img loading=\"lazy\" decoding=\"async\" class=\"size-medium wp-image-155298 alignleft\" src=\"https:\/\/www.radiopiu.net\/wordpress\/wp-content\/uploads\/2020\/08\/AGORDO-Mostra-Arca-Reperti-Riparo-Agre-Val-Pegolera-VI-sec.-a.C-300x225.jpg\" alt=\"\" width=\"300\" height=\"225\" srcset=\"https:\/\/www.radiopiu.net\/wordpress\/wp-content\/uploads\/2020\/08\/AGORDO-Mostra-Arca-Reperti-Riparo-Agre-Val-Pegolera-VI-sec.-a.C-300x225.jpg 300w, https:\/\/www.radiopiu.net\/wordpress\/wp-content\/uploads\/2020\/08\/AGORDO-Mostra-Arca-Reperti-Riparo-Agre-Val-Pegolera-VI-sec.-a.C-1024x768.jpg 1024w, https:\/\/www.radiopiu.net\/wordpress\/wp-content\/uploads\/2020\/08\/AGORDO-Mostra-Arca-Reperti-Riparo-Agre-Val-Pegolera-VI-sec.-a.C-768x576.jpg 768w, https:\/\/www.radiopiu.net\/wordpress\/wp-content\/uploads\/2020\/08\/AGORDO-Mostra-Arca-Reperti-Riparo-Agre-Val-Pegolera-VI-sec.-a.C.jpg 1476w\" sizes=\"auto, (max-width: 300px) 100vw, 300px\" \/><\/a>AGORDO<\/strong><\/p>\n<p>di Gianni Santomaso<\/p>\n<p>\u00abEl Can\u00e0l de \u00c0gort. Scavare nel passato. Storia e archeologia da San Gottardo a P\u00f3nt del Cristo\u00bb. Continua a riscuotere un vastissimo interesse la mostra inaugurata il 13 luglio 2019 al Museo mineralogico e paleontologico di via 5 maggio ad Agordo, da parte di Arca-Gruppo archeologico agordino. L\u2019 esposizione presenta gli esiti delle ricerche storiche e archeologiche effettuate da Arca a partire dal 2003 lungo la bassa valle del Cordevole. In particolare, sono esposti i reperti e le nuove conoscenze relative alle frequentazioni del Canale in periodo protostorico, risalenti cio\u00e8 a 2500-3000 anni fa.<br \/>\nLa mostra, a ingresso libero, \u00e8 visitabile fino al 6 settembre nei giorni di venerd\u00ec, sabato e domenica con orario 10-12.30 e 16-19. Da settembre visite solo su prenotazione: archeoagordo.arca@gmail.com<\/p>\n","protected":false},"excerpt":{"rendered":"<p>AGORDO di Gianni Santomaso \u00abEl Can\u00e0l de \u00c0gort. Scavare nel passato. Storia e archeologia da San Gottardo a P\u00f3nt del Cristo\u00bb. Continua a riscuotere un vastissimo interesse la mostra inaugurata il 13 luglio 2019 al Museo mineralogico e paleontologico di via 5 maggio ad Agordo, da parte di Arca-Gruppo archeologico agordino. L\u2019 esposizione presenta gli&hellip;<\/p>\n","protected":false},"author":4,"featured_media":155298,"comment_status":"closed","ping_status":"closed","sticky":false,"template":"","format":"standard","meta":{"_monsterinsights_skip_tracking":false,"_monsterinsights_sitenote_active":false,"_monsterinsights_sitenote_note":"","_monsterinsights_sitenote_category":0,"footnotes":""},"categories":[49],"tags":[],"class_list":["post-155297","post","type-post","status-publish","format-standard","has-post-thumbnail","hentry","category-news-18","category-49","description-off"],"img_url":"https:\/\/www.radiopiu.net\/wordpress\/wp-content\/uploads\/2020\/08\/AGORDO-Mostra-Arca-Reperti-Riparo-Agre-Val-Pegolera-VI-sec.-a.C.jpg","_links":{"self":[{"href":"https:\/\/www.radiopiu.net\/wordpress\/wp-json\/wp\/v2\/posts\/155297","targetHints":{"allow":["GET"]}}],"collection":[{"href":"https:\/\/www.radiopiu.net\/wordpress\/wp-json\/wp\/v2\/posts"}],"about":[{"href":"https:\/\/www.radiopiu.net\/wordpress\/wp-json\/wp\/v2\/types\/post"}],"author":[{"embeddable":true,"href":"https:\/\/www.radiopiu.net\/wordpress\/wp-json\/wp\/v2\/users\/4"}],"replies":[{"embeddable":true,"href":"https:\/\/www.radiopiu.net\/wordpress\/wp-json\/wp\/v2\/comments?post=155297"}],"version-history":[{"count":0,"href":"https:\/\/www.radiopiu.net\/wordpress\/wp-json\/wp\/v2\/posts\/155297\/revisions"}],"wp:featuredmedia":[{"embeddable":true,"href":"https:\/\/www.radiopiu.net\/wordpress\/wp-json\/wp\/v2\/media\/155298"}],"wp:attachment":[{"href":"https:\/\/www.radiopiu.net\/wordpress\/wp-json\/wp\/v2\/media?parent=155297"}],"wp:term":[{"taxonomy":"category","embeddable":true,"href":"https:\/\/www.radiopiu.net\/wordpress\/wp-json\/wp\/v2\/categories?post=155297"},{"taxonomy":"post_tag","embeddable":true,"href":"https:\/\/www.radiopiu.net\/wordpress\/wp-json\/wp\/v2\/tags?post=155297"}],"curies":[{"name":"wp","href":"https:\/\/api.w.org\/{rel}","templated":true}]}}