{"id":155305,"date":"2020-08-14T23:58:39","date_gmt":"2020-08-14T21:58:39","guid":{"rendered":"https:\/\/www.radiopiu.net\/wordpress\/?p=155305"},"modified":"2020-08-14T16:01:41","modified_gmt":"2020-08-14T14:01:41","slug":"benedizione-del-capitello-con-crocefisso-a-vie","status":"publish","type":"post","link":"https:\/\/www.radiopiu.net\/wordpress\/benedizione-del-capitello-con-crocefisso-a-vie\/","title":{"rendered":"BENEDIZIONE DEL CAPITELLO CON CROCEFISSO A VIE"},"content":{"rendered":"<p><strong><a class=\"dt-pswp-item\" href=\"https:\/\/www.radiopiu.net\/wordpress\/wp-content\/uploads\/2020\/08\/AGORDO-Benedizione-capitello-a-Vie.jpg\" data-dt-img-description=\"\" data-large_image_width=\"1600\" data-large_image_height=\"900\"><img loading=\"lazy\" decoding=\"async\" class=\"size-medium wp-image-155306 alignleft\" src=\"https:\/\/www.radiopiu.net\/wordpress\/wp-content\/uploads\/2020\/08\/AGORDO-Benedizione-capitello-a-Vie-300x169.jpg\" alt=\"\" width=\"300\" height=\"169\" srcset=\"https:\/\/www.radiopiu.net\/wordpress\/wp-content\/uploads\/2020\/08\/AGORDO-Benedizione-capitello-a-Vie-300x169.jpg 300w, https:\/\/www.radiopiu.net\/wordpress\/wp-content\/uploads\/2020\/08\/AGORDO-Benedizione-capitello-a-Vie-1024x576.jpg 1024w, https:\/\/www.radiopiu.net\/wordpress\/wp-content\/uploads\/2020\/08\/AGORDO-Benedizione-capitello-a-Vie-768x432.jpg 768w, https:\/\/www.radiopiu.net\/wordpress\/wp-content\/uploads\/2020\/08\/AGORDO-Benedizione-capitello-a-Vie-1536x864.jpg 1536w, https:\/\/www.radiopiu.net\/wordpress\/wp-content\/uploads\/2020\/08\/AGORDO-Benedizione-capitello-a-Vie.jpg 1600w\" sizes=\"auto, (max-width: 300px) 100vw, 300px\" \/><\/a>AGORDO<\/strong><\/p>\n<p>di Gianni Santomaso<\/p>\n<p>Oltre all\u2019amore per il bel canto (splendido tenore della Corale Agordina del maestro Prosdocimi e co-fondatore del Coro Agordo di Salvatore Santomaso), per l\u2019indimenticata figura di Paolo De Nardin, scomparso nel 2004, lavorare il legno, in tutte le sue forme, \u00e8 stata pure una sua grande passione, compresa la scultura. Un suo Cristo crocifisso \u00e8 stato conservato per molti anni dalla famiglia De Nardin-Olivier di Rif, in una loro baita in localit\u00e0 Vie, situata in quota fra Bin\u00e0tega e il passo Duran alle pendici di Fram\u00f3nt e Moiazza. Da tempo c\u2019era il proposito di collocare la significativa opera in un adeguato capitello, che \u00e8 stato finalmente realizzato con la geniale idea di Daniele Olivier di adattare la rustica tettoietta \u2013 opera di Stefano Merlin &#8211; a un grosso tronco d\u2019albero opportunamente intagliato, con il Cristo rivolto, dal margine del pianoro, verso la baita.<br \/>\nCos\u00ec, sono saliti lass\u00f9 numerosi, in un felice incontro di parenti, amici e amici degli amici, per l\u2019inaugurazione e benedizione, da parte del graditissimo ospite Don Fabiano Del Favero, del nuovo capitello, presenti anche i fratelli di Paolo, Dario e Gabriella.<br \/>\nPer tutti \u00e8 stata una meravigliosa festa, allietata da mattina a sera anche dalla musica del complesso \u201cI Tira Taie\u201d e dallo spiedo gigante dell\u2019impareggiabile Livio De Nardin.<\/p>\n","protected":false},"excerpt":{"rendered":"<p>AGORDO di Gianni Santomaso Oltre all\u2019amore per il bel canto (splendido tenore della Corale Agordina del maestro Prosdocimi e co-fondatore del Coro Agordo di Salvatore Santomaso), per l\u2019indimenticata figura di Paolo De Nardin, scomparso nel 2004, lavorare il legno, in tutte le sue forme, \u00e8 stata pure una sua grande passione, compresa la scultura. Un&hellip;<\/p>\n","protected":false},"author":4,"featured_media":155306,"comment_status":"closed","ping_status":"closed","sticky":false,"template":"","format":"standard","meta":{"_monsterinsights_skip_tracking":false,"_monsterinsights_sitenote_active":false,"_monsterinsights_sitenote_note":"","_monsterinsights_sitenote_category":0,"footnotes":""},"categories":[49],"tags":[],"class_list":["post-155305","post","type-post","status-publish","format-standard","has-post-thumbnail","hentry","category-news-18","category-49","description-off"],"img_url":"https:\/\/www.radiopiu.net\/wordpress\/wp-content\/uploads\/2020\/08\/AGORDO-Benedizione-capitello-a-Vie.jpg","_links":{"self":[{"href":"https:\/\/www.radiopiu.net\/wordpress\/wp-json\/wp\/v2\/posts\/155305","targetHints":{"allow":["GET"]}}],"collection":[{"href":"https:\/\/www.radiopiu.net\/wordpress\/wp-json\/wp\/v2\/posts"}],"about":[{"href":"https:\/\/www.radiopiu.net\/wordpress\/wp-json\/wp\/v2\/types\/post"}],"author":[{"embeddable":true,"href":"https:\/\/www.radiopiu.net\/wordpress\/wp-json\/wp\/v2\/users\/4"}],"replies":[{"embeddable":true,"href":"https:\/\/www.radiopiu.net\/wordpress\/wp-json\/wp\/v2\/comments?post=155305"}],"version-history":[{"count":0,"href":"https:\/\/www.radiopiu.net\/wordpress\/wp-json\/wp\/v2\/posts\/155305\/revisions"}],"wp:featuredmedia":[{"embeddable":true,"href":"https:\/\/www.radiopiu.net\/wordpress\/wp-json\/wp\/v2\/media\/155306"}],"wp:attachment":[{"href":"https:\/\/www.radiopiu.net\/wordpress\/wp-json\/wp\/v2\/media?parent=155305"}],"wp:term":[{"taxonomy":"category","embeddable":true,"href":"https:\/\/www.radiopiu.net\/wordpress\/wp-json\/wp\/v2\/categories?post=155305"},{"taxonomy":"post_tag","embeddable":true,"href":"https:\/\/www.radiopiu.net\/wordpress\/wp-json\/wp\/v2\/tags?post=155305"}],"curies":[{"name":"wp","href":"https:\/\/api.w.org\/{rel}","templated":true}]}}