{"id":155338,"date":"2020-08-14T23:59:05","date_gmt":"2020-08-14T21:59:05","guid":{"rendered":"https:\/\/www.radiopiu.net\/wordpress\/?p=155338"},"modified":"2020-08-14T18:33:08","modified_gmt":"2020-08-14T16:33:08","slug":"domani-al-musal-di-canale-dagordo-un-incontro-sullattualita-di-papa-luciani-con-andrea-tornielli","status":"publish","type":"post","link":"https:\/\/www.radiopiu.net\/wordpress\/domani-al-musal-di-canale-dagordo-un-incontro-sullattualita-di-papa-luciani-con-andrea-tornielli\/","title":{"rendered":"DOMANI AL MUSAL DI CANALE D&#8217;AGORDO UN INCONTRO SULL&#8217;ATTUALIT\u00c0 DI PAPA LUCIANI CON ANDREA TORNIELLI"},"content":{"rendered":"<p><b><a class=\"dt-pswp-item\" href=\"https:\/\/www.radiopiu.net\/wordpress\/wp-content\/uploads\/2020\/08\/andrea-tornielli-1.jpg\" data-dt-img-description=\"\" data-large_image_width=\"1275\" data-large_image_height=\"1055\"><img loading=\"lazy\" decoding=\"async\" class=\"size-medium wp-image-155343 alignleft\" src=\"https:\/\/www.radiopiu.net\/wordpress\/wp-content\/uploads\/2020\/08\/andrea-tornielli-1-300x248.jpg\" alt=\"\" width=\"300\" height=\"248\" srcset=\"https:\/\/www.radiopiu.net\/wordpress\/wp-content\/uploads\/2020\/08\/andrea-tornielli-1-300x248.jpg 300w, https:\/\/www.radiopiu.net\/wordpress\/wp-content\/uploads\/2020\/08\/andrea-tornielli-1-1024x847.jpg 1024w, https:\/\/www.radiopiu.net\/wordpress\/wp-content\/uploads\/2020\/08\/andrea-tornielli-1-768x635.jpg 768w, https:\/\/www.radiopiu.net\/wordpress\/wp-content\/uploads\/2020\/08\/andrea-tornielli-1.jpg 1275w\" sizes=\"auto, (max-width: 300px) 100vw, 300px\" \/><\/a>CANALE D&#8217;AGORDO\u00a0<\/b>Terzo importante appuntamento per la 42a edizione della rassegna Appuntamento estivo con papa Luciani, serie di incontri, mostre e concerti che ricordano papa Giovanni Paolo I nel suo paese natale, Canale d&#8217;Agordo. Ospite della serata in programma domani, alle ore 21.00, presso la Chiesa arcipretale di Canale d&#8217;Agordo (Belluno) sar\u00e0 Andrea Tornielli, direttore editoriale del Dicastero della Comunicazione della Santa Sede. Il titolo dell&#8217;incontro \u00e8 Giovanni Paolo I: perch\u00e9 \u00e8 attuale?, una domanda alla quale Tornielli risponde ricordando che \u00abin un tempo di secolarizzazione aveva capito che bisognava ricominciare dal catechismo, dall&#8217;essenziale della fede. \u00c8 attuale perch\u00e9 ha saputo presentare significative aperture\u00a0sociali e parole importanti sui poveri, sugli affamati e sulla giustizia sociale, radicando tutto ci\u00f2 nel Vangelo e nella tradizione cristiana. \u00c8 attuale perch\u00e9 in un mondo in cui tanti vogliono apparire, ci ha insegnato l&#8217;umilt\u00e0 di chi sa di essere solo un povero strumento\u00a0nelle mani di Dio, bisognoso di ricevere da Lui tutto. Infine \u00e8 attuale perch\u00e9 ha saputo tenere unita la Chiesa veneziana in un tempo difficilissimo, seguendo la rotta del Concilio Ecumenico Vaticano II\u00bb. Nonostante la brevit\u00e0 del suo pontificato, Tornielli sottolinea come la sua semplicit\u00e0 e la sua spontaneit\u00e0 abbiano cambiato il volto del papato, facendolo sentire immediatamente vicino alle persone: \u00abHa parlato dei poveri ricordando che lui stesso aveva patito la fame e di fronte al sindaco di Roma ha ricordato che il Catechismo di San Pio X tra i peccati che gridano vendetta al cospetto di Dio annovera il mancato pagamento della giusta mercede agli operai. Si \u00e8 presentato come un &#8220;Povero Cristo Vicario di Cristo&#8221;, chiedendo l&#8217;aiuto e la preghiera dei &#8220;colleghi&#8221; cardinali. Avrebbe voluto come unico titolo papale, quello di Vescovo di Roma\u00bb. Bench\u00e9 diversi per caratteri, storie personali e formazione, Tornielli sottolinea una profonda sintonia tra papa Luciani e papa Francesco su due punti fondamentali: <a class=\"dt-pswp-item\" href=\"https:\/\/www.radiopiu.net\/wordpress\/wp-content\/uploads\/2020\/08\/Papa-Luciani.jpg\" data-dt-img-description=\"\" data-large_image_width=\"1391\" data-large_image_height=\"1979\"><img loading=\"lazy\" decoding=\"async\" class=\" wp-image-155344 alignright\" src=\"https:\/\/www.radiopiu.net\/wordpress\/wp-content\/uploads\/2020\/08\/Papa-Luciani-211x300.jpg\" alt=\"\" width=\"259\" height=\"368\" srcset=\"https:\/\/www.radiopiu.net\/wordpress\/wp-content\/uploads\/2020\/08\/Papa-Luciani-211x300.jpg 211w, https:\/\/www.radiopiu.net\/wordpress\/wp-content\/uploads\/2020\/08\/Papa-Luciani-720x1024.jpg 720w, https:\/\/www.radiopiu.net\/wordpress\/wp-content\/uploads\/2020\/08\/Papa-Luciani-768x1093.jpg 768w, https:\/\/www.radiopiu.net\/wordpress\/wp-content\/uploads\/2020\/08\/Papa-Luciani-1080x1536.jpg 1080w, https:\/\/www.radiopiu.net\/wordpress\/wp-content\/uploads\/2020\/08\/Papa-Luciani.jpg 1391w\" sizes=\"auto, (max-width: 259px) 100vw, 259px\" \/><\/a>\u00abL&#8217;insistenza sulla radice evangelica dell&#8217;impegno per i poveri nei quali scopriamo il volto di Ges\u00f9 e la catechesi sulla misericordia e sulla grazia. Il cristiano non \u00e8 un superuomo e non si inorgoglisce, sa di essere un povero peccatore, sempre bisognoso dell&#8217;aiuto, della mano di Dio per risollevarsi. E soprattutto sa che deve restare umile, cosciente del proprio nulla, bisognoso di chiedere e ricevere tutto dal Signore\u00bb. Si ricorda che presso il Musal, dal 12 agosto fino al 28 settembre (fino al 13 settembre tutti i giorni 9.30-12.30; 15.30-18.30; dal 14 settembre: venerd\u00ec, sabato e domenica 9.00-12.00; 15.00-18.00), \u00e8 visitabile la mostra Gli ultimi papi europei: itinerari tra i paesi natali degli ultimi pontefici, mentre fino al 31 agosto la Casa delle Regole di Canale d&#8217;Agordo ospita la mostra Le Regole della Valle del Biois (tutti i giorni ore 10.30 &#8211; 12.30 e 17.00 \u2013 19.00). Fino al 13 settembre, inoltre, \u00e8 visitabile la casa natale di Albino Luciani, tutti i giorni con il seguente orario: 10.00 &#8211; 12.00 e 16.00 \u2013 18.00, dal 14 settembre al 30 settembre: sabato e domenica 10.00-12.00; 16.00-18.00. Infine, fino al 31 agosto, \u00e8 aperta (tutti i giorni 9.30 &#8211; 12.30 e 15.30 \u2013 18.30) la Chiesa Monumentale di San Simon a Vallada Agordina con visita guidata gratuita.<\/p>\n<p><strong>LORIS SERAFINI PRESIDENTE FONDAZIONE PAPA LUCIANI<\/strong><\/p>\n<audio class=\"wp-audio-shortcode\" id=\"audio-155338-1\" preload=\"none\" style=\"width: 100%;\" controls=\"controls\"><source type=\"audio\/mpeg\" src=\"https:\/\/www.radiopiu.net\/wordpress\/wp-content\/uploads\/2020\/08\/loris-serafini-16-agosto-2020.mp3?_=1\" \/><a href=\"https:\/\/www.radiopiu.net\/wordpress\/wp-content\/uploads\/2020\/08\/loris-serafini-16-agosto-2020.mp3\">https:\/\/www.radiopiu.net\/wordpress\/wp-content\/uploads\/2020\/08\/loris-serafini-16-agosto-2020.mp3<\/a><\/audio>\n","protected":false},"excerpt":{"rendered":"<p>CANALE D&#8217;AGORDO\u00a0Terzo importante appuntamento per la 42a edizione della rassegna Appuntamento estivo con papa Luciani, serie di incontri, mostre e concerti che ricordano papa Giovanni Paolo I nel suo paese natale, Canale d&#8217;Agordo. Ospite della serata in programma domani, alle ore 21.00, presso la Chiesa arcipretale di Canale d&#8217;Agordo (Belluno) sar\u00e0 Andrea Tornielli, direttore editoriale&hellip;<\/p>\n","protected":false},"author":4,"featured_media":155275,"comment_status":"closed","ping_status":"closed","sticky":false,"template":"","format":"standard","meta":{"_monsterinsights_skip_tracking":false,"_monsterinsights_sitenote_active":false,"_monsterinsights_sitenote_note":"","_monsterinsights_sitenote_category":0,"footnotes":""},"categories":[49],"tags":[],"class_list":["post-155338","post","type-post","status-publish","format-standard","has-post-thumbnail","hentry","category-news-18","category-49","description-off"],"img_url":"https:\/\/www.radiopiu.net\/wordpress\/wp-content\/uploads\/2020\/08\/Canale-dAgordo-BL-scaled.jpg","_links":{"self":[{"href":"https:\/\/www.radiopiu.net\/wordpress\/wp-json\/wp\/v2\/posts\/155338","targetHints":{"allow":["GET"]}}],"collection":[{"href":"https:\/\/www.radiopiu.net\/wordpress\/wp-json\/wp\/v2\/posts"}],"about":[{"href":"https:\/\/www.radiopiu.net\/wordpress\/wp-json\/wp\/v2\/types\/post"}],"author":[{"embeddable":true,"href":"https:\/\/www.radiopiu.net\/wordpress\/wp-json\/wp\/v2\/users\/4"}],"replies":[{"embeddable":true,"href":"https:\/\/www.radiopiu.net\/wordpress\/wp-json\/wp\/v2\/comments?post=155338"}],"version-history":[{"count":0,"href":"https:\/\/www.radiopiu.net\/wordpress\/wp-json\/wp\/v2\/posts\/155338\/revisions"}],"wp:featuredmedia":[{"embeddable":true,"href":"https:\/\/www.radiopiu.net\/wordpress\/wp-json\/wp\/v2\/media\/155275"}],"wp:attachment":[{"href":"https:\/\/www.radiopiu.net\/wordpress\/wp-json\/wp\/v2\/media?parent=155338"}],"wp:term":[{"taxonomy":"category","embeddable":true,"href":"https:\/\/www.radiopiu.net\/wordpress\/wp-json\/wp\/v2\/categories?post=155338"},{"taxonomy":"post_tag","embeddable":true,"href":"https:\/\/www.radiopiu.net\/wordpress\/wp-json\/wp\/v2\/tags?post=155338"}],"curies":[{"name":"wp","href":"https:\/\/api.w.org\/{rel}","templated":true}]}}