{"id":155369,"date":"2020-08-16T07:07:06","date_gmt":"2020-08-16T05:07:06","guid":{"rendered":"https:\/\/www.radiopiu.net\/wordpress\/?p=155369"},"modified":"2020-08-16T08:46:09","modified_gmt":"2020-08-16T06:46:09","slug":"giornale-radiopiu-16-agosto-2020-direttore-mirko-mezzacasa","status":"publish","type":"post","link":"https:\/\/www.radiopiu.net\/wordpress\/giornale-radiopiu-16-agosto-2020-direttore-mirko-mezzacasa\/","title":{"rendered":"GIORNALE RADIOPIU 16 AGOSTO 2020 DIRETTORE MIRKO MEZZACASA"},"content":{"rendered":"<h3><strong>PER RICEVERE QUESTO NOTIZIARIO DIRETTAMENTE SUL TUO CELLULARE ISCRIVITI AL CANALE TELEGRAM\u00a0<\/strong><strong>\u201cRADIO PIU\u00a0 INFORMAZIONE<\/strong><\/h3>\n<p><em>ATTENZIONE: LA NUOVA APP PER IOS-IPHONE<\/em><\/p>\n<div>\n<div><a href=\"https:\/\/apps.apple.com\/it\/app\/radio-pi%C3%B9-emittente-agordina\/id1515939845\">https:\/\/apps.apple.com\/it\/app\/radio-pi%C3%B9-emittente-agordina\/id1515939845<\/a><\/div>\n<\/div>\n<div><\/div>\n<div>\n<div dir=\"auto\"><em>ATTENZIONE: LA NUOVA APP RADIO\u00a0 PER ANDROID<\/em><\/div>\n<\/div>\n<p><a href=\"https:\/\/play.google.com\/store\/apps\/details?id=net.radiopiu.iniko\" target=\"_blank\" rel=\"noopener noreferrer\">https:\/\/play.google.com\/store\/apps\/details?id=net.radiopiu.iniko \u00a0\u00a0<\/a><\/p>\n<p>&nbsp;<\/p>\n<p>&nbsp;<\/p>\n<hr \/>\n<p>&nbsp;<\/p>\n<blockquote>\n<h3>\u00a0FERRAGOSTO&#8230; SOPRA IL LAGO DI ALLEGHE<\/h3>\n<\/blockquote>\n<p>https:\/\/www.facebook.com\/Mirkomezziano\/videos\/2749143888701713\/<\/p>\n<p>&nbsp;<\/p>\n<p>&nbsp;<\/p>\n<hr \/>\n<p>&nbsp;<\/p>\n<blockquote>\n<h3 style=\"text-align: center;\"><em>BOMBERINE BENVENUTE A FALCADE, BENVENUTE NELL&#8217;AGORDINO<\/em><\/h3>\n<\/blockquote>\n<div style=\"width: 1200px;\" class=\"wp-video\"><video class=\"wp-video-shortcode\" id=\"video-155369-1\" width=\"1200\" height=\"658\" preload=\"metadata\" controls=\"controls\"><source type=\"video\/mp4\" src=\"https:\/\/www.radiopiu.net\/wordpress\/wp-content\/uploads\/2020\/08\/BOMBERINE-FALCADE-OK.mp4?_=1\" \/><a href=\"https:\/\/www.radiopiu.net\/wordpress\/wp-content\/uploads\/2020\/08\/BOMBERINE-FALCADE-OK.mp4\">https:\/\/www.radiopiu.net\/wordpress\/wp-content\/uploads\/2020\/08\/BOMBERINE-FALCADE-OK.mp4<\/a><\/video><\/div>\n<p>&nbsp;<\/p>\n<hr \/>\n<p>&nbsp;<\/p>\n<p><strong class=\"photoswipe-wrapper\"><a class=\"dt-pswp-item pspw-wrap-ready\" href=\"https:\/\/i2.wp.com\/www.radiopiu.net\/wordpress\/wp-content\/uploads\/2018\/08\/ACQUA.jpeg?ssl=1\" data-dt-img-description=\"\" data-large_image_width=\"1280\" data-large_image_height=\"768\"><img loading=\"lazy\" decoding=\"async\" class=\"wp-image-57052 alignleft\" src=\"https:\/\/i2.wp.com\/www.radiopiu.net\/wordpress\/wp-content\/uploads\/2018\/08\/ACQUA.jpeg?resize=198%2C119&amp;ssl=1\" sizes=\"auto, (max-width: 198px) 100vw, 198px\" srcset=\"https:\/\/i2.wp.com\/www.radiopiu.net\/wordpress\/wp-content\/uploads\/2018\/08\/ACQUA.jpeg?resize=300%2C180&amp;ssl=1 300w, https:\/\/i2.wp.com\/www.radiopiu.net\/wordpress\/wp-content\/uploads\/2018\/08\/ACQUA.jpeg?resize=768%2C461&amp;ssl=1 768w, https:\/\/i2.wp.com\/www.radiopiu.net\/wordpress\/wp-content\/uploads\/2018\/08\/ACQUA.jpeg?resize=1024%2C614&amp;ssl=1 1024w, https:\/\/i2.wp.com\/www.radiopiu.net\/wordpress\/wp-content\/uploads\/2018\/08\/ACQUA.jpeg?w=1280&amp;ssl=1 1280w\" alt=\"\" width=\"198\" height=\"119\" data-recalc-dims=\"1\" \/><\/a>ROCCA PIETORE\u00a0 <\/strong>Ferragosto con qualche problema sulla rete idrica a Sottoguda. Cos\u00ec ieri mattina il sindaco De Bernardin; <em>&#8220;Se riscontrate dei problemi nella fornitura di acqua a Sottoguda, chiamate prima il n. Verde 800757678 e fate la segnalazione. Poi mandatemi un messaggio cosi posso sentire i responsabili. Questa \u00e8 la procedura giusta&#8221;<\/em>. I problemi in effetti sono stati riscontati per una calo di pressione nel vascone di raccolta sopra i l paese soprattutto nei periodi di maggiore afflusso turistico. Ieri sera tutto \u00e8 rientrato nella normalit\u00e0 anche in seguito all&#8217;intervento dei tecnici GSP<\/p>\n<p><strong>SAN TOMASO AGORDINO<\/strong>\u00a0nelle LOCALITA\u2019 ROI E PIANEZZE l\u2019acqua erogata dall\u2019acquedotto non \u00e8 potabile e non pu\u00f2 essere usata per scopi alimentari. Verr\u00e0 effettuato servizio sostitutivo con autobotte. Nella frazione Costa l&#8217;acqua \u00e8 di nuovo potabile<\/p>\n<p>&nbsp;<\/p>\n<hr \/>\n<p>&nbsp;<\/p>\n<blockquote>\n<h3>SONO RIPRESE IERI LE RICERCHE DELL&#8217;UOMO TRAVOLTO DALL&#8217;ACQUA SULLA CASCATA BASSA DI FANES A CORTINA<\/h3>\n<\/blockquote>\n<p><strong>CORTINA\u00a0<\/strong>Sono purtroppo ancora senza esito le ricerche dell&#8217;escursionista romano scomparso ieri nelle acque delle Cascate di Fanes, le forti correnti e la portata proibitiva non hanno infatti permesso l&#8217;ispezione dell&#8217;intera vasca. L&#8217;uomo, che ieri si trovava con la moglie in localit\u00e0 Ponte Alto dove inizia il giro, si era incamminato lungo la ferrata Giovanni Barbara per andare a vedere le cascate. A lanciare l&#8217;allarme attorno alle 13.30, delle persone che, dal Belvedere sul versante opposto, lo avevano visto cadere dal sentiero e finire nella vasca, una sessantina di metri pi\u00f9 sotto, senza riemergere. Attivati dal 118, subito sul posto si erano portati il Soccorso alpino di Cortina e il Gruppo forre del Soccorso alpino e speleologico Veneto, i Vigili del fuoco con il nucleo Saf, i soccorritori del Sagf e i Carabinieri. Un primo tentativo di controllo nella vasca &#8211; oltre 10 metri di diametro per 8 metri di profondit\u00e0 &#8211; era stato fatto gi\u00e0 ieri, ma l&#8217;elevato rischio di essere risucchiati dalle correnti per chi si immerge ha fatto subito rientrare i tecnici. Ieri \u00e8 stato perlustrato il greto del torrente Fanes e l&#8217;elicottero dell&#8217;Aiut Alpin Dolomites di Bolzano lo ha sorvolato fino al Boite. Il Soccorso alpino di Cortina ha poi posizionato due reti sotto la vasca, da cui nel pomeriggio erano emerse una giacca a vento e una scarpa, mentre i Vigili del fuoco hanno presidiato tutta la notte il ponte in localit\u00e0 Pian de Loa. Alle 8 di questa mattina, ai soccorritori presenti dall&#8217;alba si sono affiancati due speleosub del Soccorso alpino e speleologico Veneto e i sommozzatori dei Vigili del fuoco, che si sono immersi, questi ultimi, nella porzione dove la corrente lo ha permesso con l&#8217;assistenza dei soccorritori, costretti per\u00f2 a rinunciare perch\u00e9 troppo pericoloso. Il gruppo forre ha ispezionato tutto il corso d&#8217;acqua a valle della vasca, dove rester\u00e0 attivo un presidio per monitorare costantemente il torrente. Domattina verranno valutate nuovamente le condizioni della portata della cascata, per capire se sar\u00e0 possibile rientrare in acqua, e verr\u00e0 utilizzata una videocamera subacquea per cercare di visionare la pozza. Sul posto anche oggi Sagf e Carabinieri.<\/p>\n<p><strong>IL VIDEO<\/strong><\/p>\n<div style=\"width: 1200px;\" class=\"wp-video\"><video class=\"wp-video-shortcode\" id=\"video-155369-2\" width=\"1200\" height=\"660\" preload=\"metadata\" controls=\"controls\"><source type=\"video\/mp4\" src=\"https:\/\/www.radiopiu.net\/wordpress\/wp-content\/uploads\/2020\/08\/VIGILI-DEL-FUOCO-FANES-CORTINA-OK.mp4?_=2\" \/><a href=\"https:\/\/www.radiopiu.net\/wordpress\/wp-content\/uploads\/2020\/08\/VIGILI-DEL-FUOCO-FANES-CORTINA-OK.mp4\">https:\/\/www.radiopiu.net\/wordpress\/wp-content\/uploads\/2020\/08\/VIGILI-DEL-FUOCO-FANES-CORTINA-OK.mp4<\/a><\/video><\/div>\n<p>&nbsp;<\/p>\n<hr \/>\n<p>&nbsp;<\/p>\n<blockquote>\n<h3>PERDE L&#8217;ORIENTAMENTO E VIENE ACCOMPAGNATO ALLA MALGA. A CALALZO DUE TURISTI IN PANNE VENGONO ELITRASPORTATI AL RIFUGIO<\/h3>\n<\/blockquote>\n<p><strong><a class=\"dt-pswp-item\" href=\"https:\/\/www.radiopiu.net\/wordpress\/wp-content\/uploads\/2018\/08\/soccorsoalpino.jpg\" data-dt-img-description=\"\" data-large_image_width=\"1200\" data-large_image_height=\"1200\"><img loading=\"lazy\" decoding=\"async\" class=\"size-medium wp-image-59164 alignleft\" src=\"https:\/\/www.radiopiu.net\/wordpress\/wp-content\/uploads\/2018\/08\/soccorsoalpino-300x300.jpg\" alt=\"\" width=\"300\" height=\"300\" srcset=\"https:\/\/www.radiopiu.net\/wordpress\/wp-content\/uploads\/2018\/08\/soccorsoalpino-300x300.jpg 300w, https:\/\/www.radiopiu.net\/wordpress\/wp-content\/uploads\/2018\/08\/soccorsoalpino-150x150.jpg 150w, https:\/\/www.radiopiu.net\/wordpress\/wp-content\/uploads\/2018\/08\/soccorsoalpino-768x768.jpg 768w, https:\/\/www.radiopiu.net\/wordpress\/wp-content\/uploads\/2018\/08\/soccorsoalpino-1024x1024.jpg 1024w, https:\/\/www.radiopiu.net\/wordpress\/wp-content\/uploads\/2018\/08\/soccorsoalpino.jpg 1200w\" sizes=\"auto, (max-width: 300px) 100vw, 300px\" \/><\/a>SELVA DI CADORE\u00a0<\/strong>Alle 14.50 il Soccorso alpino della Val Fiorentina \u00e8 stato attivato dalla Centrale del 118 a seguito della segnalazione dei familiari di un uomo, che lo attendevano al Casot de le Vedele, per andare a mangiare a mezzogiorno a Malga Pian de Vacia, ma lui non si era presentato. E.B., 75 anni, di Dosolo (MN), aveva infatti perso l&#8217;orientamento finendo sul Col del Termine. Riusciti a contattarlo al cellulare e a geolocalizzarlo, i soccorritori si sono avvicinati in jeep per poi proseguire a piedi e raggiungerlo dopo una decina di minuti sul costone dove si era fermato. La squadra lo ha quindi accompagnato al fuoristrada parcheggiato al Casot de le Vedele e da l\u00ec alla sua macchina poco distante.<\/p>\n<p><strong>CALALZO DI CADORE\u00a0<\/strong>Poco prima delle 16 l&#8217;elicottero del Suem di Pieve di Cadore \u00e8 intervenuto sulle Marmarole, a Calalzo di Cadore, per due escursionisti in difficolt\u00e0. Arrivati sulla cresta rocciosa del Passo del Camoscio, padre e figlia veneziani, di 60 e 18 anni, non erano pi\u00f9 in grado di proseguire, perch\u00e9 la ragazza aveva preso paura ed era affaticata.\u00a0 Recuperati con un verricello di 40 metri dal tecnico di elisoccorso, i due sono stati trasportati al Rifugio Galassi.<\/p>\n<p>&nbsp;<\/p>\n<p>&nbsp;<\/p>\n<p>&nbsp;<\/p>\n<p>&nbsp;<\/p>\n<p>&nbsp;<\/p>\n<hr \/>\n<p>&nbsp;<\/p>\n<div class=\"page-title-head hgroup\">\n<blockquote>\n<h3 class=\"entry-title\">SOCCORSA ALPINISTA SULLA TOFANA<\/h3>\n<\/blockquote>\n<\/div>\n<p class=\"page-title-breadcrumbs\"><strong><img loading=\"lazy\" decoding=\"async\" class=\"alignleft jetpack-lazy-image jetpack-lazy-image--handled\" src=\"https:\/\/i0.wp.com\/www.radiopiu.net\/wordpress\/wp-content\/uploads\/2020\/08\/salt_20200810_175813_090_resized.jpg?resize=204%2C153&amp;ssl=1\" width=\"204\" height=\"153\" data-recalc-dims=\"1\" data-lazy-loaded=\"1\" \/>CORTINA\u00a0<\/strong>\u00a0Ieri verso le 11.40 l\u2019elicottero del Suem di Pieve di Cadore \u00e8 volato sul Primo Spigolo della Tofana di Rozes, dove, sul quinto tiro, un\u2019alpinista aveva sbattuto il tallone, riportando un sospetto trauma al piede. La rocciatrice, E.B., 39 anni, di Trento, \u00e8 stata imbarcata dal tecnico di elisoccorso, calato in parete con un verricello di 25 metri, per essere accompagnata all\u2019ospedale di Cortina. Recuperata anche la compagna di cordata, lasciata al Rifugio Dibona.<\/p>\n<p>&nbsp;<\/p>\n<p>&nbsp;<\/p>\n<p>&nbsp;<\/p>\n<hr \/>\n<p>&nbsp;<\/p>\n<blockquote>\n<h3>VA IN PASSEGGIATA COL MARITO E TROVA UN GIOVANE CERVO AGONIZZANTE<\/h3>\n<\/blockquote>\n<p><strong>AGORDO<\/strong> Erano partiti per una passeggiata sul greto del torrente ma una coppia agordina ha trovato un giovane cervo agonizzante. L\u2019animale piangeva e faceva fatica a tirare il fiato perch\u00e9 probabilmente investito da un\u2019automobile era con le zampe posteriori rotte. Una brutta frattura esposta per la bestia che era riuscita a trascinarsi fino al greto del torrente. Per cercare di trovare una soluzione la donna ha preso il telefono in mano per chiamare chi di dovere. La prima telefonata alla Guardia Forestale che per\u00f2 non ha risposto, la seconda a degli amici cacciatori che neanche loro hanno risposto. L\u2019ultimo tentativo chiamare il 112 dove il centralinista ha risposto che avrebbero fatto il possibile per risolvere la situazione. Dopo qualche minuto la signora chiama di nuovo i Carabinieri i quali confermano che la Guardia Forestale non rispondeva al telefono, che il veterinario della<span class=\"Apple-converted-space\">\u00a0 <\/span>ULSS non si occupa di animali selvaggi e che i Carabinieri non sono autorizzati a sparare all\u2019animale agonizzante. Alla signora non resta che rimanere con il piccolo cervo accarezzandolo per fargli trovare un p\u00f2 di tranquillit\u00e0. Si fa sera e la coppia fa ritorno a casa, ma il mattino dopo si recano nuovamente sul posto. Il giovane cervo non c\u2019era pi\u00f9. Che fine avr\u00e0 fatto l\u2019animale agonizzante? Se lo sta chiedendo ancora la donna che ha provato in tutte le maniere di far soffrire il meno possibile l\u2019animale.<\/p>\n\n\t\t\t<style type='text\/css'>\n\t\t\t\t#gallery-1 {\n\t\t\t\t\tmargin: auto;\n\t\t\t\t}\n\t\t\t\t#gallery-1 .gallery-item {\n\t\t\t\t\tfloat: left;\n\t\t\t\t\tmargin-top: 10px;\n\t\t\t\t\ttext-align: center;\n\t\t\t\t\twidth: 33%;\n\t\t\t\t}\n\t\t\t\t#gallery-1 img {\n\t\t\t\t\tborder: 2px solid #cfcfcf;\n\t\t\t\t}\n\t\t\t\t#gallery-1 .gallery-caption {\n\t\t\t\t\tmargin-left: 0;\n\t\t\t\t}\n\t\t\t\t\/* see gallery_shortcode() in wp-includes\/media.php *\/\n\t\t\t<\/style>\n\t\t<div id='gallery-1' class='dt-gallery-container gallery galleryid-155369 gallery-columns-3 gallery-size-thumbnail'><dl class='gallery-item'>\n\t\t\t\t<dt class='gallery-icon portrait'>\n\t\t\t\t\t<a class=\"rollover rollover-zoom dt-pswp-item\" title=\"42319134-78e1-4f12-841b-b5b12ff8a0ac\" data-dt-img-description=\"\" data-large_image_width=\"1200\" data-large_image_height=\"1599\"href='https:\/\/www.radiopiu.net\/wordpress\/wp-content\/uploads\/2020\/08\/42319134-78e1-4f12-841b-b5b12ff8a0ac.jpg'><img loading=\"lazy\" decoding=\"async\" width=\"150\" height=\"150\" src=\"https:\/\/www.radiopiu.net\/wordpress\/wp-content\/uploads\/2020\/08\/42319134-78e1-4f12-841b-b5b12ff8a0ac-150x150.jpg\" class=\"attachment-thumbnail size-thumbnail\" alt=\"\" \/><\/a>\n\t\t\t\t<\/dt><\/dl><dl class='gallery-item'>\n\t\t\t\t<dt class='gallery-icon portrait'>\n\t\t\t\t\t<a class=\"rollover rollover-zoom dt-pswp-item\" title=\"74195652-1c24-453e-8844-9ef853310d91\" data-dt-img-description=\"\" data-large_image_width=\"1200\" data-large_image_height=\"1599\"href='https:\/\/www.radiopiu.net\/wordpress\/wp-content\/uploads\/2020\/08\/74195652-1c24-453e-8844-9ef853310d91.jpg'><img loading=\"lazy\" decoding=\"async\" width=\"150\" height=\"150\" src=\"https:\/\/www.radiopiu.net\/wordpress\/wp-content\/uploads\/2020\/08\/74195652-1c24-453e-8844-9ef853310d91-150x150.jpg\" class=\"attachment-thumbnail size-thumbnail\" alt=\"\" \/><\/a>\n\t\t\t\t<\/dt><\/dl><dl class='gallery-item'>\n\t\t\t\t<dt class='gallery-icon portrait'>\n\t\t\t\t\t<a class=\"rollover rollover-zoom dt-pswp-item\" title=\"730d33a9-a858-428f-a2fe-e2fd5809e076\" data-dt-img-description=\"\" data-large_image_width=\"1200\" data-large_image_height=\"1599\"href='https:\/\/www.radiopiu.net\/wordpress\/wp-content\/uploads\/2020\/08\/730d33a9-a858-428f-a2fe-e2fd5809e076.jpg'><img loading=\"lazy\" decoding=\"async\" width=\"150\" height=\"150\" src=\"https:\/\/www.radiopiu.net\/wordpress\/wp-content\/uploads\/2020\/08\/730d33a9-a858-428f-a2fe-e2fd5809e076-150x150.jpg\" class=\"attachment-thumbnail size-thumbnail\" alt=\"\" \/><\/a>\n\t\t\t\t<\/dt><\/dl><br style=\"clear: both\" \/>\n\t\t\t<\/div>\n\n<p>&nbsp;<\/p>\n<hr \/>\n<p>&nbsp;<\/p>\n<blockquote>\n<h3>RISPETTATA LA FESTA DELL&#8217;ASSUNTA A VOLTAGO<\/h3>\n<\/blockquote>\n<p><strong>VOLTAGO<\/strong>\u00a0 Per la comunit\u00e0 religiosa di Voltago il giorno dell&#8217;Assunta d\u00e0 volto alle varie sfumature che la caratterizzano. Da qui la preoccupazione di alcuni collaboratori perch\u00e9 si potesse vivere al meglio, adottando le indicazioni di attenzione che caratterizzano questo tempo. Grazie alla disponibilit\u00e0 del Comune, dal mattino la piazza \u00e8 stata chiusa al traffico, allestendo cos\u00ec una sorta di &#8220;chiesa all&#8217;aperto&#8221; con ogni carisma. Il parroco don Fabiano fin dall&#8217;inizio ha manifestato sincera gratitudine per il grande lavoro svolto, cos\u00ec da poter vivere al meglio la ricorrenza. Al termine della celebrazione, la consueta processione accolta in Contura dal suono della campanella del capitello che ivi si trova. Non c&#8217;\u00e8 che dire: anche in periodo Covid la comunit\u00e0 \u00e8 stata in grado di unire le forze per mantenere alto un momento significativo di paese e non solo..<\/p>\n<p><strong>FOTO DUILIO DA CAMPO<\/strong><\/p>\n<p>&nbsp;<\/p>\n\n\t\t\t<style type='text\/css'>\n\t\t\t\t#gallery-2 {\n\t\t\t\t\tmargin: auto;\n\t\t\t\t}\n\t\t\t\t#gallery-2 .gallery-item {\n\t\t\t\t\tfloat: left;\n\t\t\t\t\tmargin-top: 10px;\n\t\t\t\t\ttext-align: center;\n\t\t\t\t\twidth: 50%;\n\t\t\t\t}\n\t\t\t\t#gallery-2 img {\n\t\t\t\t\tborder: 2px solid #cfcfcf;\n\t\t\t\t}\n\t\t\t\t#gallery-2 .gallery-caption {\n\t\t\t\t\tmargin-left: 0;\n\t\t\t\t}\n\t\t\t\t\/* see gallery_shortcode() in wp-includes\/media.php *\/\n\t\t\t<\/style>\n\t\t<div id='gallery-2' class='dt-gallery-container gallery galleryid-155369 gallery-columns-2 gallery-size-thumbnail'><dl class='gallery-item'>\n\t\t\t\t<dt class='gallery-icon landscape'>\n\t\t\t\t\t<a class=\"rollover rollover-zoom dt-pswp-item\" title=\"117645205_3197230907028566_1672341449852182097_n\" data-dt-img-description=\"\" data-large_image_width=\"960\" data-large_image_height=\"540\"href='https:\/\/www.radiopiu.net\/wordpress\/wp-content\/uploads\/2020\/08\/117645205_3197230907028566_1672341449852182097_n.jpg'><img loading=\"lazy\" decoding=\"async\" width=\"150\" height=\"150\" src=\"https:\/\/www.radiopiu.net\/wordpress\/wp-content\/uploads\/2020\/08\/117645205_3197230907028566_1672341449852182097_n-150x150.jpg\" class=\"attachment-thumbnail size-thumbnail\" alt=\"\" \/><\/a>\n\t\t\t\t<\/dt><\/dl><dl class='gallery-item'>\n\t\t\t\t<dt class='gallery-icon landscape'>\n\t\t\t\t\t<a class=\"rollover rollover-zoom dt-pswp-item\" title=\"117710591_3197230887028568_4790460718841086166_n\" data-dt-img-description=\"\" data-large_image_width=\"960\" data-large_image_height=\"540\"href='https:\/\/www.radiopiu.net\/wordpress\/wp-content\/uploads\/2020\/08\/117710591_3197230887028568_4790460718841086166_n.jpg'><img loading=\"lazy\" decoding=\"async\" width=\"150\" height=\"150\" src=\"https:\/\/www.radiopiu.net\/wordpress\/wp-content\/uploads\/2020\/08\/117710591_3197230887028568_4790460718841086166_n-150x150.jpg\" class=\"attachment-thumbnail size-thumbnail\" alt=\"\" \/><\/a>\n\t\t\t\t<\/dt><\/dl><br style=\"clear: both\" \/><dl class='gallery-item'>\n\t\t\t\t<dt class='gallery-icon landscape'>\n\t\t\t\t\t<a class=\"rollover rollover-zoom dt-pswp-item\" title=\"117655893_3197230630361927_7459486723427012411_n\" data-dt-img-description=\"\" data-large_image_width=\"960\" data-large_image_height=\"540\"href='https:\/\/www.radiopiu.net\/wordpress\/wp-content\/uploads\/2020\/08\/117655893_3197230630361927_7459486723427012411_n.jpg'><img loading=\"lazy\" decoding=\"async\" width=\"150\" height=\"150\" src=\"https:\/\/www.radiopiu.net\/wordpress\/wp-content\/uploads\/2020\/08\/117655893_3197230630361927_7459486723427012411_n-150x150.jpg\" class=\"attachment-thumbnail size-thumbnail\" alt=\"\" \/><\/a>\n\t\t\t\t<\/dt><\/dl><dl class='gallery-item'>\n\t\t\t\t<dt class='gallery-icon portrait'>\n\t\t\t\t\t<a class=\"rollover rollover-zoom dt-pswp-item\" title=\"117971156_3197230757028581_3873375065149362576_n\" data-dt-img-description=\"\" data-large_image_width=\"540\" data-large_image_height=\"960\"href='https:\/\/www.radiopiu.net\/wordpress\/wp-content\/uploads\/2020\/08\/117971156_3197230757028581_3873375065149362576_n.jpg'><img loading=\"lazy\" decoding=\"async\" width=\"150\" height=\"150\" src=\"https:\/\/www.radiopiu.net\/wordpress\/wp-content\/uploads\/2020\/08\/117971156_3197230757028581_3873375065149362576_n-150x150.jpg\" class=\"attachment-thumbnail size-thumbnail\" alt=\"\" \/><\/a>\n\t\t\t\t<\/dt><\/dl><br style=\"clear: both\" \/>\n\t\t\t<\/div>\n\n<p>&nbsp;<\/p>\n<hr \/>\n<p>&nbsp;<\/p>\n<blockquote>\n<h3>LA FESTA LADINA DI S\u00c1NTA MARIA MAIOU SULLA MONTAGNA DEL CHERZ<\/h3>\n<\/blockquote>\n<blockquote>\n<h3><\/h3>\n<\/blockquote>\n<p><strong class=\"photoswipe-wrapper\">LIVINALLONGO <\/strong>La festa ladina di S\u00e1nta Maria Maiou si \u00e8 spostata sulla montagna del Cherz e ha festeggiato la 40\u00b0 edizione. La vallata fodoma non ha rinunciato alla sua festa ladina per antonomasia, quella dei fiori benedetti portati dalle donne con l\u2019abito tradizionale. Per ovviare alle norme imposte dall\u2019emergenza sanitaria, che avrebbero limitato la partecipazione alla S. Messa nella chiesa parrocchiale di Pieve ad una capienza di poco pi\u00f9 di 70 persone. l\u2019Union dei Ladins da Fodom, che insieme al Comune organizza l\u2019evento e con il consenso della Parrocchia, ha trasferito\u00a0 la celebrazione all\u2019aperto sugli ampi prati della montagna del Cherz, in localit\u00e0 La Viza.<\/p>\n<p>FOTO DENNI DORIGO<\/p>\n\n\t\t\t<style type='text\/css'>\n\t\t\t\t#gallery-3 {\n\t\t\t\t\tmargin: auto;\n\t\t\t\t}\n\t\t\t\t#gallery-3 .gallery-item {\n\t\t\t\t\tfloat: left;\n\t\t\t\t\tmargin-top: 10px;\n\t\t\t\t\ttext-align: center;\n\t\t\t\t\twidth: 25%;\n\t\t\t\t}\n\t\t\t\t#gallery-3 img {\n\t\t\t\t\tborder: 2px solid #cfcfcf;\n\t\t\t\t}\n\t\t\t\t#gallery-3 .gallery-caption {\n\t\t\t\t\tmargin-left: 0;\n\t\t\t\t}\n\t\t\t\t\/* see gallery_shortcode() in wp-includes\/media.php *\/\n\t\t\t<\/style>\n\t\t<div id='gallery-3' class='dt-gallery-container gallery galleryid-155369 gallery-columns-4 gallery-size-thumbnail'><dl class='gallery-item'>\n\t\t\t\t<dt class='gallery-icon portrait'>\n\t\t\t\t\t<a class=\"rollover rollover-zoom dt-pswp-item\" title=\"117537417_10217198815110676_5776881089821828678_n\" data-dt-img-description=\"\" data-large_image_width=\"658\" data-large_image_height=\"960\"href='https:\/\/www.radiopiu.net\/wordpress\/wp-content\/uploads\/2020\/08\/117537417_10217198815110676_5776881089821828678_n.jpg'><img loading=\"lazy\" decoding=\"async\" width=\"150\" height=\"150\" src=\"https:\/\/www.radiopiu.net\/wordpress\/wp-content\/uploads\/2020\/08\/117537417_10217198815110676_5776881089821828678_n-150x150.jpg\" class=\"attachment-thumbnail size-thumbnail\" alt=\"\" \/><\/a>\n\t\t\t\t<\/dt><\/dl><dl class='gallery-item'>\n\t\t\t\t<dt class='gallery-icon landscape'>\n\t\t\t\t\t<a class=\"rollover rollover-zoom dt-pswp-item\" title=\"117672270_10217216293387622_5389830361539205135_n\" data-dt-img-description=\"\" data-large_image_width=\"960\" data-large_image_height=\"719\"href='https:\/\/www.radiopiu.net\/wordpress\/wp-content\/uploads\/2020\/08\/117672270_10217216293387622_5389830361539205135_n.jpg'><img loading=\"lazy\" decoding=\"async\" width=\"150\" height=\"150\" src=\"https:\/\/www.radiopiu.net\/wordpress\/wp-content\/uploads\/2020\/08\/117672270_10217216293387622_5389830361539205135_n-150x150.jpg\" class=\"attachment-thumbnail size-thumbnail\" alt=\"\" \/><\/a>\n\t\t\t\t<\/dt><\/dl><dl class='gallery-item'>\n\t\t\t\t<dt class='gallery-icon landscape'>\n\t\t\t\t\t<a class=\"rollover rollover-zoom dt-pswp-item\" title=\"117609656_10217216294387647_7213056312621903482_n\" data-dt-img-description=\"\" data-large_image_width=\"960\" data-large_image_height=\"720\"href='https:\/\/www.radiopiu.net\/wordpress\/wp-content\/uploads\/2020\/08\/117609656_10217216294387647_7213056312621903482_n.jpg'><img loading=\"lazy\" decoding=\"async\" width=\"150\" height=\"150\" src=\"https:\/\/www.radiopiu.net\/wordpress\/wp-content\/uploads\/2020\/08\/117609656_10217216294387647_7213056312621903482_n-150x150.jpg\" class=\"attachment-thumbnail size-thumbnail\" alt=\"\" \/><\/a>\n\t\t\t\t<\/dt><\/dl><dl class='gallery-item'>\n\t\t\t\t<dt class='gallery-icon landscape'>\n\t\t\t\t\t<a class=\"rollover rollover-zoom dt-pswp-item\" title=\"117715415_10217216295027663_5075599594753628866_n\" data-dt-img-description=\"\" data-large_image_width=\"960\" data-large_image_height=\"720\"href='https:\/\/www.radiopiu.net\/wordpress\/wp-content\/uploads\/2020\/08\/117715415_10217216295027663_5075599594753628866_n.jpg'><img loading=\"lazy\" decoding=\"async\" width=\"150\" height=\"150\" src=\"https:\/\/www.radiopiu.net\/wordpress\/wp-content\/uploads\/2020\/08\/117715415_10217216295027663_5075599594753628866_n-150x150.jpg\" class=\"attachment-thumbnail size-thumbnail\" alt=\"\" \/><\/a>\n\t\t\t\t<\/dt><\/dl><br style=\"clear: both\" \/>\n\t\t\t<\/div>\n\n<p>&nbsp;<\/p>\n<p>&nbsp;<\/p>\n<p>&nbsp;<\/p>\n<hr \/>\n<blockquote>\n<h3>118 POSITIVI IN PI\u00d9 NELLE ULTIME 24 ORE. CALANO I RICOVERI, NESSUN DECESSO. SEMPRE 5 PERSONE IN TERAPIA INTENSIVA. A BELLUNO UN NEGATIVIZZATO<\/h3>\n<p><strong>ISOLAMENTI DOMICILIARI:\u00a0<\/strong>VENETO 6485 (+522 \u2013 122 CON SINTOMI), PADOVA 1218 (-+209 \u2013 12), BELLUNO 307 (+101 \u2013 14), ROVIGO 297 (0 \u2013 19), TREVISO 1207 (+35 \u2013 28), VENEZIA 840 (+8 \u2013 14), VERONA 1905 (+294 \u2013 33), VICENZA 711 (-20 \u2013 2)<\/p><\/blockquote>\n<p><strong>I NUMERI\u00a0 IN VENETO:<\/strong>\u00a0TOTALE POSITIVI\u00a0 21166 (+118)\u00a0 ATTUALMENTE POSITIVI 1573 (+79)\u00a0 DECESSI\u00a0 2096 \u00a0(0) NEGATIVIZZATI\u00a0 17497 (+39) RICOVERATI\u00a0 117 (-4 \u2013 36 POSITIVI 81 \u00a0NEGATIVIZZATI), NEGLI OSPEDALI DI COMUNITA\u2019 RICOVERATI 16 (0 \u2013 6 POSITIVI,\u00a0 10 NEGATIVIZZATI), IN TERAPIA INTENSIVA 5 (0 \u2013 4 POSITIVI, \u00a01 NEGATIVIZZATI). DIMESSI 3795 (+5) NEGLI OSPEDALI AREA NON CRITICA 331 (+1) \u00a0<strong>I NUMERI IN PROVINCIA:<\/strong>\u00a0TOTALE CONTAGI 1220 (0) , ATTUALMENTE POSITIVI 15 (-1) , DECEDUTI 113 (0), NEGATIVIZZATI 1092 \u00a0(+1) RICOVERATI IN OSPEDALE AL SAN MARTINO 0<\/p>\n<p>&nbsp;<\/p>\n<p>&nbsp;<\/p>\n<hr \/>\n<blockquote class=\"wp-embedded-content\" data-secret=\"nfOhDEDeFJ\"><p><a href=\"https:\/\/www.radiopiu.net\/wordpress\/coronavirus-aggiornamento-nazionale-15-agosto\/\">CORONAVIRUS: AGGIORNAMENTO NAZIONALE 15 AGOSTO<\/a><\/p><\/blockquote>\n<p><iframe loading=\"lazy\" class=\"wp-embedded-content\" sandbox=\"allow-scripts\" security=\"restricted\" style=\"position: absolute; clip: rect(1px, 1px, 1px, 1px);\" title=\"&#8220;CORONAVIRUS: AGGIORNAMENTO NAZIONALE 15 AGOSTO&#8221; &#8212; Radio Pi\u00f9\" src=\"https:\/\/www.radiopiu.net\/wordpress\/coronavirus-aggiornamento-nazionale-15-agosto\/embed\/#?secret=nfOhDEDeFJ\" data-secret=\"nfOhDEDeFJ\" width=\"600\" height=\"338\" frameborder=\"0\" marginwidth=\"0\" marginheight=\"0\" scrolling=\"no\"><\/iframe><\/p>\n<p>&nbsp;<\/p>\n<hr \/>\n<p>&nbsp;<\/p>\n<blockquote class=\"wp-embedded-content\" data-secret=\"LMPdO4q4u8\"><p><a href=\"https:\/\/www.radiopiu.net\/wordpress\/118-positivi-in-piu-nelle-ultime-24-ore-calano-i-ricoveri-nessun-decesso-sempre-5-persone-in-terapia-intensiva-a-belluno-un-negativizzato\/\">118 POSITIVI IN PI\u00d9 NELLE ULTIME 24 ORE. CALANO I RICOVERI, NESSUN DECESSO. SEMPRE 5 PERSONE IN TERAPIA INTENSIVA. A BELLUNO UN NEGATIVIZZATO<\/a><\/p><\/blockquote>\n<p><iframe loading=\"lazy\" class=\"wp-embedded-content\" sandbox=\"allow-scripts\" security=\"restricted\" style=\"position: absolute; clip: rect(1px, 1px, 1px, 1px);\" title=\"&#8220;118 POSITIVI IN PI\u00d9 NELLE ULTIME 24 ORE. CALANO I RICOVERI, NESSUN DECESSO. SEMPRE 5 PERSONE IN TERAPIA INTENSIVA. A BELLUNO UN NEGATIVIZZATO&#8221; &#8212; Radio Pi\u00f9\" src=\"https:\/\/www.radiopiu.net\/wordpress\/118-positivi-in-piu-nelle-ultime-24-ore-calano-i-ricoveri-nessun-decesso-sempre-5-persone-in-terapia-intensiva-a-belluno-un-negativizzato\/embed\/#?secret=LMPdO4q4u8\" data-secret=\"LMPdO4q4u8\" width=\"600\" height=\"338\" frameborder=\"0\" marginwidth=\"0\" marginheight=\"0\" scrolling=\"no\"><\/iframe><\/p>\n<p>&nbsp;<\/p>\n<hr \/>\n<p>&nbsp;<\/p>\n<blockquote>\n<h3>DUE VILLEGGIANTI POSITIVI IN ULSS 1 NELLE ULTIME 24 ORE<\/h3>\n<\/blockquote>\n<p><strong>BELLUNO\u00a0<\/strong>Due nuove positivit\u00e0 nelle ultime 24 ore, entrambe relative a giovani villeggianti nell\u2019area Dolomitica ma residenti fuori provincia. La prima positivit\u00e0 \u00e8 stata individuata in Pronto Soccorso a Belluno con test rapido, confermata poi con test standard. La seconda positivit\u00e0 \u00e8 stata diagnosticata a seguito di tampone eseguito per rientro dalla Francia con sintomatologia simil Covid.\u00a0Come di prassi sono stati disposti i provvedimenti contumaciali e i controlli per conviventi e contatti.<\/p>\n<p><b>Tamponi per rientri dall\u2019estero<\/b><\/p>\n<p>In adesione alle disposizioni nazionali e regionali, dalle 7 alle 13 di oggi sono stati eseguiti a Feltre 221 tamponi con metodo drive-in, senza appuntamento, a favore di persone rientrate da Spagna, Croazia, Grecia e Malta.\u00a0Sempre per questa tipologia di soggetti sono stati eseguiti 88 tamponi a Belluno a seguito di prenotazione.<\/p>\n\n\t\t\t<style type='text\/css'>\n\t\t\t\t#gallery-4 {\n\t\t\t\t\tmargin: auto;\n\t\t\t\t}\n\t\t\t\t#gallery-4 .gallery-item {\n\t\t\t\t\tfloat: left;\n\t\t\t\t\tmargin-top: 10px;\n\t\t\t\t\ttext-align: center;\n\t\t\t\t\twidth: 25%;\n\t\t\t\t}\n\t\t\t\t#gallery-4 img {\n\t\t\t\t\tborder: 2px solid #cfcfcf;\n\t\t\t\t}\n\t\t\t\t#gallery-4 .gallery-caption {\n\t\t\t\t\tmargin-left: 0;\n\t\t\t\t}\n\t\t\t\t\/* see gallery_shortcode() in wp-includes\/media.php *\/\n\t\t\t<\/style>\n\t\t<div id='gallery-4' class='dt-gallery-container gallery galleryid-155369 gallery-columns-4 gallery-size-thumbnail'><dl class='gallery-item'>\n\t\t\t\t<dt class='gallery-icon portrait'>\n\t\t\t\t\t<a class=\"rollover rollover-zoom dt-pswp-item\" title=\"tampone pediatrico\" data-dt-img-description=\"\" data-large_image_width=\"1114\" data-large_image_height=\"1588\"href='https:\/\/www.radiopiu.net\/wordpress\/wp-content\/uploads\/2020\/08\/tampone-pediatrico.jpg'><img loading=\"lazy\" decoding=\"async\" width=\"150\" height=\"150\" src=\"https:\/\/www.radiopiu.net\/wordpress\/wp-content\/uploads\/2020\/08\/tampone-pediatrico-150x150.jpg\" class=\"attachment-thumbnail size-thumbnail\" alt=\"\" \/><\/a>\n\t\t\t\t<\/dt><\/dl><dl class='gallery-item'>\n\t\t\t\t<dt class='gallery-icon landscape'>\n\t\t\t\t\t<a class=\"rollover rollover-zoom dt-pswp-item\" title=\"IMG_20200815_082553 (2)\" data-dt-img-description=\"\" data-large_image_width=\"1414\" data-large_image_height=\"1414\"href='https:\/\/www.radiopiu.net\/wordpress\/wp-content\/uploads\/2020\/08\/IMG_20200815_082553-2.jpg'><img loading=\"lazy\" decoding=\"async\" width=\"150\" height=\"150\" src=\"https:\/\/www.radiopiu.net\/wordpress\/wp-content\/uploads\/2020\/08\/IMG_20200815_082553-2-150x150.jpg\" class=\"attachment-thumbnail size-thumbnail\" alt=\"\" srcset=\"https:\/\/www.radiopiu.net\/wordpress\/wp-content\/uploads\/2020\/08\/IMG_20200815_082553-2-150x150.jpg 150w, https:\/\/www.radiopiu.net\/wordpress\/wp-content\/uploads\/2020\/08\/IMG_20200815_082553-2-300x300.jpg 300w, https:\/\/www.radiopiu.net\/wordpress\/wp-content\/uploads\/2020\/08\/IMG_20200815_082553-2-1024x1024.jpg 1024w, https:\/\/www.radiopiu.net\/wordpress\/wp-content\/uploads\/2020\/08\/IMG_20200815_082553-2-768x768.jpg 768w, https:\/\/www.radiopiu.net\/wordpress\/wp-content\/uploads\/2020\/08\/IMG_20200815_082553-2.jpg 1414w\" sizes=\"auto, (max-width: 150px) 100vw, 150px\" \/><\/a>\n\t\t\t\t<\/dt><\/dl><dl class='gallery-item'>\n\t\t\t\t<dt class='gallery-icon landscape'>\n\t\t\t\t\t<a class=\"rollover rollover-zoom dt-pswp-item\" title=\"IMG_20200815_070836 (1)\" data-dt-img-description=\"\" data-large_image_width=\"1414\" data-large_image_height=\"1414\"href='https:\/\/www.radiopiu.net\/wordpress\/wp-content\/uploads\/2020\/08\/IMG_20200815_070836-1.jpg'><img loading=\"lazy\" decoding=\"async\" width=\"150\" height=\"150\" src=\"https:\/\/www.radiopiu.net\/wordpress\/wp-content\/uploads\/2020\/08\/IMG_20200815_070836-1-150x150.jpg\" class=\"attachment-thumbnail size-thumbnail\" alt=\"\" srcset=\"https:\/\/www.radiopiu.net\/wordpress\/wp-content\/uploads\/2020\/08\/IMG_20200815_070836-1-150x150.jpg 150w, https:\/\/www.radiopiu.net\/wordpress\/wp-content\/uploads\/2020\/08\/IMG_20200815_070836-1-300x300.jpg 300w, https:\/\/www.radiopiu.net\/wordpress\/wp-content\/uploads\/2020\/08\/IMG_20200815_070836-1-1024x1024.jpg 1024w, https:\/\/www.radiopiu.net\/wordpress\/wp-content\/uploads\/2020\/08\/IMG_20200815_070836-1-768x768.jpg 768w, https:\/\/www.radiopiu.net\/wordpress\/wp-content\/uploads\/2020\/08\/IMG_20200815_070836-1.jpg 1414w\" sizes=\"auto, (max-width: 150px) 100vw, 150px\" \/><\/a>\n\t\t\t\t<\/dt><\/dl><dl class='gallery-item'>\n\t\t\t\t<dt class='gallery-icon landscape'>\n\t\t\t\t\t<a class=\"rollover rollover-zoom dt-pswp-item\" title=\"IMG_20200815_065509 (1)\" data-dt-img-description=\"\" data-large_image_width=\"1414\" data-large_image_height=\"1414\"href='https:\/\/www.radiopiu.net\/wordpress\/wp-content\/uploads\/2020\/08\/IMG_20200815_065509-1.jpg'><img loading=\"lazy\" decoding=\"async\" width=\"150\" height=\"150\" src=\"https:\/\/www.radiopiu.net\/wordpress\/wp-content\/uploads\/2020\/08\/IMG_20200815_065509-1-150x150.jpg\" class=\"attachment-thumbnail size-thumbnail\" alt=\"\" srcset=\"https:\/\/www.radiopiu.net\/wordpress\/wp-content\/uploads\/2020\/08\/IMG_20200815_065509-1-150x150.jpg 150w, https:\/\/www.radiopiu.net\/wordpress\/wp-content\/uploads\/2020\/08\/IMG_20200815_065509-1-300x300.jpg 300w, https:\/\/www.radiopiu.net\/wordpress\/wp-content\/uploads\/2020\/08\/IMG_20200815_065509-1-1024x1024.jpg 1024w, https:\/\/www.radiopiu.net\/wordpress\/wp-content\/uploads\/2020\/08\/IMG_20200815_065509-1-768x768.jpg 768w, https:\/\/www.radiopiu.net\/wordpress\/wp-content\/uploads\/2020\/08\/IMG_20200815_065509-1.jpg 1414w\" sizes=\"auto, (max-width: 150px) 100vw, 150px\" \/><\/a>\n\t\t\t\t<\/dt><\/dl><br style=\"clear: both\" \/>\n\t\t\t<\/div>\n\n<p>&nbsp;<\/p>\n<hr \/>\n<p>&nbsp;<\/p>\n<blockquote>\n<h3>QUASI 6300 TAMPONI EFFETTUATI OGGI AI VIAGGIATORI PROVENIENTI DA CROAZIA, SPAGNA, GRECIA E MALTA<\/h3>\n<\/blockquote>\n<p><strong><a class=\"dt-pswp-item\" href=\"https:\/\/www.radiopiu.net\/wordpress\/wp-content\/uploads\/2020\/08\/TAMPONE.jpg\" data-dt-img-description=\"\" data-large_image_width=\"1920\" data-large_image_height=\"1280\"><img loading=\"lazy\" decoding=\"async\" class=\"size-medium wp-image-155278 alignleft\" src=\"https:\/\/www.radiopiu.net\/wordpress\/wp-content\/uploads\/2020\/08\/TAMPONE-300x200.jpg\" alt=\"\" width=\"300\" height=\"200\" srcset=\"https:\/\/www.radiopiu.net\/wordpress\/wp-content\/uploads\/2020\/08\/TAMPONE-300x200.jpg 300w, https:\/\/www.radiopiu.net\/wordpress\/wp-content\/uploads\/2020\/08\/TAMPONE-1024x683.jpg 1024w, https:\/\/www.radiopiu.net\/wordpress\/wp-content\/uploads\/2020\/08\/TAMPONE-768x512.jpg 768w, https:\/\/www.radiopiu.net\/wordpress\/wp-content\/uploads\/2020\/08\/TAMPONE-1536x1024.jpg 1536w, https:\/\/www.radiopiu.net\/wordpress\/wp-content\/uploads\/2020\/08\/TAMPONE.jpg 1920w\" sizes=\"auto, (max-width: 300px) 100vw, 300px\" \/><\/a>VENEZIA\u00a0<\/strong>Sono\u00a0quasi 6300 tamponi effettuati alle ore 13 a persone provenienti da Croazia, Grecia, Spagna e Malta nelle sedi ad accesso libero, quindi senza necessit\u00e0 di prenotazione, allestite nelle Ulss del Veneto e negli scali aeroportuali.<span class=\"Apple-converted-space\">\u00a0 <\/span>Operazioni che sono continuate a ciclo continuato anche nel pomeriggio.<\/p>\n<p>I tamponi sono cos\u00ec suddivisi:<\/p>\n<p><b>Ulss 1 Dolomiti: <\/b>Feltre (accesso diretto modalit\u00e0 drive-in): 221; Belluno (con prenotazione): 88<\/p>\n<p><b>Ulss 2 della Marca: <\/b>Treviso 364; Oderzo 164; Conegliano 365; Castelfranco 357. Totale 1250<\/p>\n<p><b>Ulss 3 Serenissima: <\/b>Noale 280; Mestre 210; Venezia 80; Chioggia 30; Dolo 120. Totale 720. All\u2019 Aeroporto Marco Polo alle 13 erano gi\u00e0 stati effettuati 200 tamponi. L\u2019attivit\u00e0 continuer\u00e0 ininterrottamente nelle 24 ore:<\/p>\n<p>200 tamponi<\/p>\n<p><b>Ulss 4<\/b> Sono stati attivati due ambulatori tamponi, a San Don\u00e0 e a Portogruaro. I tamponi complessivi effettuati nelle 2 sedi sono stati 235<\/p>\n<p><b>Ulss 5 Polesana<\/b>: 61.<\/p>\n<p><b>Ulss 6 Euganea: <\/b>Totale tamponi 1.226 cos\u00ec ripartiti nelle 5 sedi distrettuali: Padova 331; Rubano 205; Piove di Sacco 190; Camposampiero 270; Monselice 230<\/p>\n<p><b>Ulss 7 Pedemontana: <\/b>Bassano 69; Marostica 106; Schio 221; Santorso 75. Totale 471<\/p>\n<p><b>Ulss 8 Berica: <\/b>Vicenza 351; Arzignano 196; Noventa Vicentina 104. Per un totale di 651 tamponi<\/p>\n<p><b>Ulss 9 Scaligera<\/b>: Totale 548 tamponi. Bussolengo 189; San Bonifacio 103; Aeroporto Verona Villafranca 170; Legnago 86.<\/p>\n<p><b>Azienda Ospedaliera di Padova: <\/b>300 tamponi<\/p>\n<p><b>AOUI di Verona<\/b>: Borgo Trento 200 tamponi<\/p>\n<p>Visto il massiccio afflusso domani verranno raddoppiate le disponibilit\u00e0.\u00a0Per stasera alle 21 \u00e8 previsto l\u2019arrivo di un aeromobile con un centinaio di persone a bordo che saranno sottoposte a tampone.<\/p>\n<p>&nbsp;<\/p>\n<p>&nbsp;<\/p>\n<hr \/>\n<p>&nbsp;<\/p>\n<blockquote>\n<h3>LA MADONNA DELL&#8217;ASSUNTA A CAORERA<\/h3>\n<\/blockquote>\n<p><strong><a class=\"dt-pswp-item\" href=\"https:\/\/www.radiopiu.net\/wordpress\/wp-content\/uploads\/2020\/08\/cebb45b1-173d-4b28-abbf-eb27533cf27b.jpg\" data-dt-img-description=\"\" data-large_image_width=\"1599\" data-large_image_height=\"1599\"><img loading=\"lazy\" decoding=\"async\" class=\"size-medium wp-image-155414 alignleft\" src=\"https:\/\/www.radiopiu.net\/wordpress\/wp-content\/uploads\/2020\/08\/cebb45b1-173d-4b28-abbf-eb27533cf27b-300x300.jpg\" alt=\"\" width=\"300\" height=\"300\" srcset=\"https:\/\/www.radiopiu.net\/wordpress\/wp-content\/uploads\/2020\/08\/cebb45b1-173d-4b28-abbf-eb27533cf27b-300x300.jpg 300w, https:\/\/www.radiopiu.net\/wordpress\/wp-content\/uploads\/2020\/08\/cebb45b1-173d-4b28-abbf-eb27533cf27b-1024x1024.jpg 1024w, https:\/\/www.radiopiu.net\/wordpress\/wp-content\/uploads\/2020\/08\/cebb45b1-173d-4b28-abbf-eb27533cf27b-150x150.jpg 150w, https:\/\/www.radiopiu.net\/wordpress\/wp-content\/uploads\/2020\/08\/cebb45b1-173d-4b28-abbf-eb27533cf27b-768x768.jpg 768w, https:\/\/www.radiopiu.net\/wordpress\/wp-content\/uploads\/2020\/08\/cebb45b1-173d-4b28-abbf-eb27533cf27b-1536x1536.jpg 1536w, https:\/\/www.radiopiu.net\/wordpress\/wp-content\/uploads\/2020\/08\/cebb45b1-173d-4b28-abbf-eb27533cf27b.jpg 1599w\" sizes=\"auto, (max-width: 300px) 100vw, 300px\" \/><\/a>AI MICROFONI DI RADIO PIU&#8217; DARIO BOND<\/strong><\/p>\n<audio class=\"wp-audio-shortcode\" id=\"audio-155369-1\" preload=\"none\" style=\"width: 100%;\" controls=\"controls\"><source type=\"audio\/mpeg\" src=\"https:\/\/www.radiopiu.net\/wordpress\/wp-content\/uploads\/2020\/08\/BOND-FERRAGOSTO.mp3?_=1\" \/><a href=\"https:\/\/www.radiopiu.net\/wordpress\/wp-content\/uploads\/2020\/08\/BOND-FERRAGOSTO.mp3\">https:\/\/www.radiopiu.net\/wordpress\/wp-content\/uploads\/2020\/08\/BOND-FERRAGOSTO.mp3<\/a><\/audio>\n<p>&nbsp;<\/p>\n<hr \/>\n<p>&nbsp;<\/p>\n<p><a class=\"dt-pswp-item\" href=\"https:\/\/www.radiopiu.net\/wordpress\/wp-content\/uploads\/2018\/09\/appuntamenti.jpeg\" data-dt-img-description=\"\" data-large_image_width=\"800\" data-large_image_height=\"100\"><img loading=\"lazy\" decoding=\"async\" class=\"aligncenter wp-image-61958 size-full\" src=\"https:\/\/www.radiopiu.net\/wordpress\/wp-content\/uploads\/2018\/09\/appuntamenti.jpeg\" alt=\"\" width=\"800\" height=\"100\" srcset=\"https:\/\/www.radiopiu.net\/wordpress\/wp-content\/uploads\/2018\/09\/appuntamenti.jpeg 800w, https:\/\/www.radiopiu.net\/wordpress\/wp-content\/uploads\/2018\/09\/appuntamenti-300x38.jpeg 300w, https:\/\/www.radiopiu.net\/wordpress\/wp-content\/uploads\/2018\/09\/appuntamenti-768x96.jpeg 768w\" sizes=\"auto, (max-width: 800px) 100vw, 800px\" \/><\/a><\/p>\n<p>&nbsp;<\/p>\n<blockquote>\n<h3>CASTELLO DI ANDRAZ: FINO AL 13 SETTEMBRE &#8220;FUGACI PRESENZE NELLE DOLOMITI&#8221;, FOTOGRAFIE DI GIACOMO DE DONA&#8217;<\/h3>\n<\/blockquote>\n<p>&nbsp;<\/p>\n<hr \/>\n<h2><\/h2>\n<p><strong>MOSTRA MERCATO NELLE DOLOMITI AGORDINE PROSSIMI APPUNTAMENTI: oggi a Canale d&#8217;Agordo, mercoledi 19 a Cencenighe.<\/strong><\/p>\n<p>&nbsp;<\/p>\n<hr \/>\n<h3><\/h3>\n<blockquote>\n<h3><strong>AGORDO<\/strong> Sono esposti presso il Caff\u00e8 Miniere di Agordo i lavori di Savino Conedera. Una mostra che non ha una data precisa di fine e che sar\u00e0 visitabile durante l&#8217;apertura del locale.<\/h3>\n<\/blockquote>\n<p>&nbsp;<\/p>\n<hr \/>\n<p>&nbsp;<\/p>\n<blockquote>\n<h3>GIOVANNI PAOLO I: PERCH\u00c9 \u00c8 ATTUALE?<\/h3>\n<\/blockquote>\n<p><b><a class=\"dt-pswp-item\" href=\"https:\/\/www.radiopiu.net\/wordpress\/wp-content\/uploads\/2020\/08\/andrea-tornielli.jpg\" data-dt-img-description=\"\" data-large_image_width=\"1275\" data-large_image_height=\"1055\"><img loading=\"lazy\" decoding=\"async\" class=\"wp-image-155274 alignleft\" src=\"https:\/\/www.radiopiu.net\/wordpress\/wp-content\/uploads\/2020\/08\/andrea-tornielli-300x248.jpg\" alt=\"\" width=\"134\" height=\"111\" srcset=\"https:\/\/www.radiopiu.net\/wordpress\/wp-content\/uploads\/2020\/08\/andrea-tornielli-300x248.jpg 300w, https:\/\/www.radiopiu.net\/wordpress\/wp-content\/uploads\/2020\/08\/andrea-tornielli-1024x847.jpg 1024w, https:\/\/www.radiopiu.net\/wordpress\/wp-content\/uploads\/2020\/08\/andrea-tornielli-768x635.jpg 768w, https:\/\/www.radiopiu.net\/wordpress\/wp-content\/uploads\/2020\/08\/andrea-tornielli.jpg 1275w\" sizes=\"auto, (max-width: 134px) 100vw, 134px\" \/><\/a>CANALE D&#8217;AGORDO<\/b> Oggi alle 21 nella Chiesa arcipretale di Canale d&#8217;Agordo, Andera Tornielli, direttore editoriale del Dicastero della Comunicazione della Santa Sede, parler\u00e0 dell&#8217;attualit\u00e0 di Papa Luciani. Serata dal titolo &#8220;Giovanni Paolo I:\u00a0perch\u00e9 \u00e8 attuale?&#8221;<\/p>\n<p>&nbsp;<\/p>\n<p>&nbsp;<\/p>\n<p>&nbsp;<\/p>\n<p>IL PRESIDENTE DELLA FORMAZIONE PAPA LUCIANI LORIS SERAFINI<\/p>\n<audio class=\"wp-audio-shortcode\" id=\"audio-155369-2\" preload=\"none\" style=\"width: 100%;\" controls=\"controls\"><source type=\"audio\/mpeg\" src=\"https:\/\/www.radiopiu.net\/wordpress\/wp-content\/uploads\/2020\/08\/loris-serafini-16-agosto-2020.mp3?_=2\" \/><a href=\"https:\/\/www.radiopiu.net\/wordpress\/wp-content\/uploads\/2020\/08\/loris-serafini-16-agosto-2020.mp3\">https:\/\/www.radiopiu.net\/wordpress\/wp-content\/uploads\/2020\/08\/loris-serafini-16-agosto-2020.mp3<\/a><\/audio>\n<p>&nbsp;<\/p>\n<hr \/>\n<p>&nbsp;<\/p>\n<p>&nbsp;<\/p>\n<blockquote>\n<h3>I NOS CROT CON IL G.A.M.P.<\/h3>\n<\/blockquote>\n<p><strong><a class=\"dt-pswp-item\" href=\"https:\/\/www.radiopiu.net\/wordpress\/wp-content\/uploads\/2020\/08\/120853d3-1aa3-4da2-a0f7-a3793d5b0fd8.jpg\" data-dt-img-description=\"\" data-large_image_width=\"520\" data-large_image_height=\"382\"><img loading=\"lazy\" decoding=\"async\" class=\" wp-image-155087 alignleft\" src=\"https:\/\/www.radiopiu.net\/wordpress\/wp-content\/uploads\/2020\/08\/120853d3-1aa3-4da2-a0f7-a3793d5b0fd8-300x220.jpg\" alt=\"\" width=\"175\" height=\"128\" srcset=\"https:\/\/www.radiopiu.net\/wordpress\/wp-content\/uploads\/2020\/08\/120853d3-1aa3-4da2-a0f7-a3793d5b0fd8-300x220.jpg 300w, https:\/\/www.radiopiu.net\/wordpress\/wp-content\/uploads\/2020\/08\/120853d3-1aa3-4da2-a0f7-a3793d5b0fd8.jpg 520w\" sizes=\"auto, (max-width: 175px) 100vw, 175px\" \/><\/a>AGORDO<\/strong> I Nos Crot, \u00e8 l&#8217;iniziativa estiva del Gruppo Agordino Mineralogico e Paleontologico, ovvero escursioni geoturistiche nelle Dolomiti Agordine. Prossimi appuntamenti lunedi 17 agosto a Passo Duran e Rifugio Carestiato (al mattino) e venerdi 21 agosto alle miniere di Vallalta (pomeriggio). Iscrizioni all&#8217;ufficio turistico di Agordo. Oggi alle 10.30 e 19.00 lo speciale alla radio con Manuel Conedera e Davide Conedera<strong>.<\/strong><\/p>\n<p>&nbsp;<\/p>\n<p>&nbsp;<\/p>\n<hr \/>\n<p>&nbsp;<\/p>\n<blockquote>\n<h3>OTTAVIO ROSSI PROPHETA IN PATRIA<\/h3>\n<\/blockquote>\n<p><strong>SAN TOMASO<\/strong>\u00a0Per una volta smentiamo il vecchio adagio\u00a0<b>Nemo propheta in patria<\/b>\u00a0(nessuno \u00e8\u00a0<b>profeta in patria<\/b>), perch\u00e9 il bravo Ottavio esporr\u00e0 le sue opera nel suo Agordino, a San Tomaso, omaggio pi\u00f9 che meritato. \u201cEn giro per Zelat\u201d proporr\u00e0 riproduzioni artistiche tra le architetture di montagna. Le tappe con partenza ed arrivo a Celat: C\u00e8sa dei Rait, C\u00e8sa dei Mon\u00e9k, El Vaticano, Tabi\u00e0 dei Mar\u00f2te, Tabi\u00e0 dei Mon\u00e9k, Tabi\u00e0 dei Pan\u00e8le, Tabi\u00e0 dei St\u00e8fen, Tabi\u00e0 de la Gila, Tabi\u00e0 dei P\u00f9ce e C\u00e8sa de Martin Mas\u00e8la. Per chi ama camminare un po\u2019 di pi\u00f9 \u00e8 l\u2019occasione ideale per una visita a Dolomites rock Miniatures, ovvero le Dolomiti in miniatura scolpite nella roccia da artisti che hanno soggiornato sotto al Sasso Bianco tra uno spuntino alla Pizzeria Offline e una discesa con la Zip Line. Organizzazione della Pro Loco di San Tomaso con il contributo della Cassa Rurale Dolomiti di Fassa Primiero e Belluno.<\/p>\n<p>&nbsp;<\/p>\n<p>&nbsp;<\/p>\n<hr \/>\n<p>&nbsp;<\/p>\n<blockquote>\n<h3>PROMUOVERE I PRODOTTI DEL TERRITORIO CON IL MERCATINO<\/h3>\n<\/blockquote>\n<p class=\"photoswipe-wrapper\"><a class=\"dt-pswp-item pspw-wrap-ready\" href=\"https:\/\/i0.wp.com\/www.radiopiu.net\/wordpress\/wp-content\/uploads\/2019\/11\/foto-sedico.jpg?ssl=1\" data-dt-img-description=\"\" data-large_image_width=\"1600\" data-large_image_height=\"1200\"><img loading=\"lazy\" decoding=\"async\" class=\"wp-image-105261 alignleft\" src=\"https:\/\/i0.wp.com\/www.radiopiu.net\/wordpress\/wp-content\/uploads\/2019\/11\/foto-sedico.jpg?resize=137%2C103&amp;ssl=1\" sizes=\"auto, (max-width: 137px) 100vw, 137px\" srcset=\"https:\/\/i0.wp.com\/www.radiopiu.net\/wordpress\/wp-content\/uploads\/2019\/11\/foto-sedico.jpg?resize=300%2C225&amp;ssl=1 300w, https:\/\/i0.wp.com\/www.radiopiu.net\/wordpress\/wp-content\/uploads\/2019\/11\/foto-sedico.jpg?resize=768%2C576&amp;ssl=1 768w, https:\/\/i0.wp.com\/www.radiopiu.net\/wordpress\/wp-content\/uploads\/2019\/11\/foto-sedico.jpg?resize=1024%2C768&amp;ssl=1 1024w, https:\/\/i0.wp.com\/www.radiopiu.net\/wordpress\/wp-content\/uploads\/2019\/11\/foto-sedico.jpg?w=1600&amp;ssl=1 1600w\" alt=\"\" width=\"137\" height=\"103\" data-recalc-dims=\"1\" \/><\/a>\u00a0<strong>SEDICO<\/strong><\/p>\n<p><strong>di DAMIANO TORMEN\u00a0<\/strong><\/p>\n<audio class=\"wp-audio-shortcode\" id=\"audio-155369-3\" preload=\"none\" style=\"width: 100%;\" controls=\"controls\"><source type=\"audio\/mpeg\" src=\"https:\/\/www.radiopiu.net\/wordpress\/wp-content\/uploads\/2020\/08\/damiano-sedico.mp3?_=3\" \/><a href=\"https:\/\/www.radiopiu.net\/wordpress\/wp-content\/uploads\/2020\/08\/damiano-sedico.mp3\">https:\/\/www.radiopiu.net\/wordpress\/wp-content\/uploads\/2020\/08\/damiano-sedico.mp3<\/a><\/audio>\n<p>&nbsp;<\/p>\n<hr \/>\n<p>&nbsp;<\/p>\n<blockquote>\n<h3>DUE GIORNI CON IL CAI SEZIONE AGORDINA<\/h3>\n<\/blockquote>\n<p><strong>AGORDO<\/strong> Sabato 29 e domenica 30 agosto escursione nel gruppo del Canin sulla ferrata Julia che segna il confine tra Italia (Provincia di Udine) e Slovenia; gi\u00e0 visibile dalla pianura friulana fu anch&#8217;esso protagonista degli scontri tra gli eserciti italiani e austriaci durante la Grande Guerra.\u00a0 Si tratta di un grandissimo altipiano calcareo interessato dal fenomeno del carsismo che culmina con una lunga cresta che separa i due stati. Ambiente sicuramente straordinario con scorci inusuali, difficile da dimenticare,\u00a0 L&#8217;escursione prevede la salita alla vetta in territorio italiano lungo la storica &#8220;Ferrata Julia&#8221; ed il rientro per il versante sloveno.\u00a0 Escursione creata EEA \/ PD .\u00a0 Obbligatorio set da ferrata completo e omologato.<\/p>\n<p>&nbsp;<\/p>\n<p>&nbsp;<\/p>\n<hr \/>\n<p>&nbsp;<\/p>\n<blockquote>\n<h3>IL CIRCO PATUF PRONTO A CONQUISTARE FELTRE<\/h3>\n<\/blockquote>\n<p><strong>AGORDO<\/strong>\u00a0Un successo il circo Patuf sul Broi di Agordo, tanti pomeriggi e serata da tutto esaurito. Ora la carovana si sposta a Feltre dove proporr\u00e0 gli spettacoli nei giorni di ferragosto e fino al 23, quindi trasferimento a Cesiomaggiore. Gli spettacoli alle 21.15, la domenica anche alle 18.30<\/p>\n<p>&nbsp;<\/p>\n<p>&nbsp;<\/p>\n<hr \/>\n<p>&nbsp;<\/p>\n<blockquote>\n<h3>MOSTRA SAY CHEESE!<\/h3>\n<\/blockquote>\n<p><strong>BELLUNO\u00a0<\/strong>Il Museo di Seravella, a Cesiomaggiore, dedica la propria sala delle esposizioni alla mostra fotografica\u00a0<i>SAY CHEESE! Volti e voci di malga<\/i>, realizzata nell\u2019ambito del progetto scientifico\u00a0<i>Formaggi alpini \u2013 Le molecole del gusto<\/i>. La mostra racconta, attraverso le immagini e le parole dei suoi protagonisti, la vita dei malgari di oggi;\u00a0 La mostra, a ingresso gratuito, sar\u00e0 visitabile dall\u20198 agosto negli orari di apertura estiva del museo: da marted\u00ec a gioved\u00ec dalle 9 alle 13; venerd\u00ec dalle 9 alle 13 e dalle 15 alle 18; sabato e domenica dalle 15 alle 18.20.\u00a0\u00a0Per evitare code e assembramenti e consentire lo svolgimento delle pratiche anti-Covid \u00e8 consigliata la prenotazione allo 0439 438355 (o via mail all\u2019indirizzo\u00a0<a>museoseravella@provincia.belluno.it<\/a>).<\/p>\n<p>&nbsp;<\/p>\n<p>&nbsp;<\/p>\n<hr \/>\n<p>&nbsp;<\/p>\n<blockquote>\n<h3>CINEMA SOTTO LE STELLE A SEDICO, MA NON SOLO CINEMA.<\/h3>\n<\/blockquote>\n<p class=\"photoswipe-wrapper\"><strong>SEDICO<\/strong> Con la Proloco di Sedico, i mercoled\u00ec sera a Villa Patt di Sedico.\u00a0 Per chi lo desidera c\u2019\u00e8 la possibilit\u00e0 di prenotare i biglietti online, al proposito riportiamo i link della varie serate, ingresso 5 euro adulti, 2 euro bambini con chiosco, pop corn e patatine. <strong>19\/08\/2020 ROCKETMAN<\/strong>\u00a0Un timido pianista di provincia costruisce la propria carriera e il proprio personaggio fino a divenire una delle pi\u00f9 note stelle della musica internazionale. Lui \u00e8 Reginald Dwight ovvero Elton John\u00a0<a href=\"https:\/\/docs.google.com\/forms\/d\/e\/1FAIpQLSf32PztPJJRQslTRKR5qlhJRoHr-LQLsAXpTy6U6XSL_Ykf-A\/viewform\">CLICCA QUI<\/a><\/p>\n<p>&nbsp;<\/p>\n<hr \/>\n<blockquote>\n<h3><\/h3>\n<\/blockquote>\n<blockquote>\n<h3>EL CANAL DE AGORDO<\/h3>\n<\/blockquote>\n<p><strong>AGORDO<\/strong>\u00a0Scavare nel passato, storia ed archeologia da San Gottardo a Pont del Cristo. La mostra \u00e8 allestita al Museo mineralogico e paleontologico di via 5 maggio con ingresso libero. Fino al 6 settembre il venerdi, sabato e domenica dalle 10 alle 12.30 e dalle 16 alle 19. Info: archeoagordo.arca@gmail.com<\/p>\n<p>&nbsp;<\/p>\n<hr \/>\n<p>&nbsp;<\/p>\n<blockquote>\n<h2 class=\"tw-data-text tw-text-large XcVN5d tw-ta\" dir=\"ltr\" data-placeholder=\"Traduzione\"><span lang=\"en\">appointments recommended by radio pi\u00f9<\/span><\/h2>\n<\/blockquote>\n\n\t\t\t<style type='text\/css'>\n\t\t\t\t#gallery-5 {\n\t\t\t\t\tmargin: auto;\n\t\t\t\t}\n\t\t\t\t#gallery-5 .gallery-item {\n\t\t\t\t\tfloat: left;\n\t\t\t\t\tmargin-top: 10px;\n\t\t\t\t\ttext-align: center;\n\t\t\t\t\twidth: 14%;\n\t\t\t\t}\n\t\t\t\t#gallery-5 img {\n\t\t\t\t\tborder: 2px solid #cfcfcf;\n\t\t\t\t}\n\t\t\t\t#gallery-5 .gallery-caption {\n\t\t\t\t\tmargin-left: 0;\n\t\t\t\t}\n\t\t\t\t\/* see gallery_shortcode() in wp-includes\/media.php *\/\n\t\t\t<\/style>\n\t\t<div id='gallery-5' class='dt-gallery-container gallery galleryid-155369 gallery-columns-7 gallery-size-thumbnail'><dl class='gallery-item'>\n\t\t\t\t<dt class='gallery-icon portrait'>\n\t\t\t\t\t<a class=\"rollover rollover-zoom dt-pswp-item\" title=\"cce2de5d-0e50-4461-9ff7-ebbd7509ab70\" data-dt-img-description=\"\" data-large_image_width=\"1240\" data-large_image_height=\"1550\"href='https:\/\/www.radiopiu.net\/wordpress\/wp-content\/uploads\/2020\/08\/cce2de5d-0e50-4461-9ff7-ebbd7509ab70.jpg'><img loading=\"lazy\" decoding=\"async\" width=\"150\" height=\"150\" src=\"https:\/\/www.radiopiu.net\/wordpress\/wp-content\/uploads\/2020\/08\/cce2de5d-0e50-4461-9ff7-ebbd7509ab70-150x150.jpg\" class=\"attachment-thumbnail size-thumbnail\" alt=\"\" \/><\/a>\n\t\t\t\t<\/dt><\/dl><dl class='gallery-item'>\n\t\t\t\t<dt class='gallery-icon portrait'>\n\t\t\t\t\t<a class=\"rollover rollover-zoom dt-pswp-item\" title=\"2748ffeb-1a97-4edd-87da-2b5db1eb6670\" data-dt-img-description=\"\" data-large_image_width=\"1131\" data-large_image_height=\"1600\"href='https:\/\/www.radiopiu.net\/wordpress\/wp-content\/uploads\/2020\/08\/2748ffeb-1a97-4edd-87da-2b5db1eb6670-1.jpg'><img loading=\"lazy\" decoding=\"async\" width=\"150\" height=\"150\" src=\"https:\/\/www.radiopiu.net\/wordpress\/wp-content\/uploads\/2020\/08\/2748ffeb-1a97-4edd-87da-2b5db1eb6670-1-150x150.jpg\" class=\"attachment-thumbnail size-thumbnail\" alt=\"\" \/><\/a>\n\t\t\t\t<\/dt><\/dl><dl class='gallery-item'>\n\t\t\t\t<dt class='gallery-icon portrait'>\n\t\t\t\t\t<a class=\"rollover rollover-zoom dt-pswp-item\" title=\"yogaandraz\" data-dt-img-description=\"\" data-large_image_width=\"905\" data-large_image_height=\"1280\"href='https:\/\/www.radiopiu.net\/wordpress\/wp-content\/uploads\/2020\/07\/yogaandraz.jpg'><img loading=\"lazy\" decoding=\"async\" width=\"150\" height=\"150\" src=\"https:\/\/www.radiopiu.net\/wordpress\/wp-content\/uploads\/2020\/07\/yogaandraz-150x150.jpg\" class=\"attachment-thumbnail size-thumbnail\" alt=\"\" \/><\/a>\n\t\t\t\t<\/dt><\/dl><dl class='gallery-item'>\n\t\t\t\t<dt class='gallery-icon portrait'>\n\t\t\t\t\t<a class=\"rollover rollover-zoom dt-pswp-item\" title=\"RITROVARSI IN SINISTRA PIAVE locandina definitiva\" data-dt-img-description=\"\" data-large_image_width=\"1293\" data-large_image_height=\"2560\"href='https:\/\/www.radiopiu.net\/wordpress\/wp-content\/uploads\/2020\/07\/RITROVARSI-IN-SINISTRA-PIAVE-locandina-definitiva-scaled.jpg'><img loading=\"lazy\" decoding=\"async\" width=\"150\" height=\"150\" src=\"https:\/\/www.radiopiu.net\/wordpress\/wp-content\/uploads\/2020\/07\/RITROVARSI-IN-SINISTRA-PIAVE-locandina-definitiva-150x150.jpg\" class=\"attachment-thumbnail size-thumbnail\" alt=\"\" \/><\/a>\n\t\t\t\t<\/dt><\/dl><dl class='gallery-item'>\n\t\t\t\t<dt class='gallery-icon portrait'>\n\t\t\t\t\t<a class=\"rollover rollover-zoom dt-pswp-item\" title=\"82799889_285851282792527_7947034300049837793_n\" data-dt-img-description=\"\" data-large_image_width=\"678\" data-large_image_height=\"960\"href='https:\/\/www.radiopiu.net\/wordpress\/wp-content\/uploads\/2020\/07\/82799889_285851282792527_7947034300049837793_n.jpg'><img loading=\"lazy\" decoding=\"async\" width=\"150\" height=\"150\" src=\"https:\/\/www.radiopiu.net\/wordpress\/wp-content\/uploads\/2020\/07\/82799889_285851282792527_7947034300049837793_n-150x150.jpg\" class=\"attachment-thumbnail size-thumbnail\" alt=\"\" \/><\/a>\n\t\t\t\t<\/dt><\/dl><dl class='gallery-item'>\n\t\t\t\t<dt class='gallery-icon portrait'>\n\t\t\t\t\t<a class=\"rollover rollover-zoom dt-pswp-item\" title=\"fb0f2285-210f-4bba-8573-b8ff07a91fa8\" data-dt-img-description=\"\" data-large_image_width=\"726\" data-large_image_height=\"1024\"href='https:\/\/www.radiopiu.net\/wordpress\/wp-content\/uploads\/2020\/07\/fb0f2285-210f-4bba-8573-b8ff07a91fa8.jpg'><img loading=\"lazy\" decoding=\"async\" width=\"150\" height=\"150\" src=\"https:\/\/www.radiopiu.net\/wordpress\/wp-content\/uploads\/2020\/07\/fb0f2285-210f-4bba-8573-b8ff07a91fa8-150x150.jpg\" class=\"attachment-thumbnail size-thumbnail\" alt=\"\" \/><\/a>\n\t\t\t\t<\/dt><\/dl><dl class='gallery-item'>\n\t\t\t\t<dt class='gallery-icon portrait'>\n\t\t\t\t\t<a class=\"rollover rollover-zoom dt-pswp-item\" title=\"446199a0-ccb6-4daa-88f9-ee34f5a4944a\" data-dt-img-description=\"\" data-large_image_width=\"1080\" data-large_image_height=\"1350\"href='https:\/\/www.radiopiu.net\/wordpress\/wp-content\/uploads\/2020\/07\/446199a0-ccb6-4daa-88f9-ee34f5a4944a.jpg'><img loading=\"lazy\" decoding=\"async\" width=\"150\" height=\"150\" src=\"https:\/\/www.radiopiu.net\/wordpress\/wp-content\/uploads\/2020\/07\/446199a0-ccb6-4daa-88f9-ee34f5a4944a-150x150.jpg\" class=\"attachment-thumbnail size-thumbnail\" alt=\"\" \/><\/a>\n\t\t\t\t<\/dt><\/dl><br style=\"clear: both\" \/><dl class='gallery-item'>\n\t\t\t\t<dt class='gallery-icon portrait'>\n\t\t\t\t\t<a class=\"rollover rollover-zoom dt-pswp-item\" title=\"LOCANDINA MOSTRA ARCA 2019 Patrocinio\" data-dt-img-description=\"\" data-large_image_width=\"1810\" data-large_image_height=\"2560\"href='https:\/\/www.radiopiu.net\/wordpress\/wp-content\/uploads\/2020\/07\/LOCANDINA-MOSTRA-ARCA-2020-scaled.jpg'><img loading=\"lazy\" decoding=\"async\" width=\"150\" height=\"150\" src=\"https:\/\/www.radiopiu.net\/wordpress\/wp-content\/uploads\/2020\/07\/LOCANDINA-MOSTRA-ARCA-2020-150x150.jpg\" class=\"attachment-thumbnail size-thumbnail\" alt=\"\" \/><\/a>\n\t\t\t\t<\/dt><\/dl><dl class='gallery-item'>\n\t\t\t\t<dt class='gallery-icon portrait'>\n\t\t\t\t\t<a class=\"rollover rollover-zoom dt-pswp-item\" title=\"0995c87e-41e6-46f0-81e9-380485c41502\" data-dt-img-description=\"\" data-large_image_width=\"1447\" data-large_image_height=\"2048\"href='https:\/\/www.radiopiu.net\/wordpress\/wp-content\/uploads\/2020\/07\/0995c87e-41e6-46f0-81e9-380485c41502.jpg'><img loading=\"lazy\" decoding=\"async\" width=\"150\" height=\"150\" src=\"https:\/\/www.radiopiu.net\/wordpress\/wp-content\/uploads\/2020\/07\/0995c87e-41e6-46f0-81e9-380485c41502-150x150.jpg\" class=\"attachment-thumbnail size-thumbnail\" alt=\"\" \/><\/a>\n\t\t\t\t<\/dt><\/dl><dl class='gallery-item'>\n\t\t\t\t<dt class='gallery-icon portrait'>\n\t\t\t\t\t<a class=\"rollover rollover-zoom dt-pswp-item\" title=\"4dd872a2-f52d-4a12-9746-816401dfe394\" data-dt-img-description=\"\" data-large_image_width=\"1131\" data-large_image_height=\"1600\"href='https:\/\/www.radiopiu.net\/wordpress\/wp-content\/uploads\/2020\/07\/4dd872a2-f52d-4a12-9746-816401dfe394.jpg'><img loading=\"lazy\" decoding=\"async\" width=\"150\" height=\"150\" src=\"https:\/\/www.radiopiu.net\/wordpress\/wp-content\/uploads\/2020\/07\/4dd872a2-f52d-4a12-9746-816401dfe394-150x150.jpg\" class=\"attachment-thumbnail size-thumbnail\" alt=\"\" \/><\/a>\n\t\t\t\t<\/dt><\/dl><dl class='gallery-item'>\n\t\t\t\t<dt class='gallery-icon portrait'>\n\t\t\t\t\t<a class=\"rollover rollover-zoom dt-pswp-item\" title=\"ALLA SCOPERTA DI CANALE\" data-dt-img-description=\"\" data-large_image_width=\"620\" data-large_image_height=\"873\"href='https:\/\/www.radiopiu.net\/wordpress\/wp-content\/uploads\/2020\/07\/ALLA-SCOPERTA-DI-CANALE-.jpg'><img loading=\"lazy\" decoding=\"async\" width=\"150\" height=\"150\" src=\"https:\/\/www.radiopiu.net\/wordpress\/wp-content\/uploads\/2020\/07\/ALLA-SCOPERTA-DI-CANALE--150x150.jpg\" class=\"attachment-thumbnail size-thumbnail\" alt=\"\" \/><\/a>\n\t\t\t\t<\/dt><\/dl><dl class='gallery-item'>\n\t\t\t\t<dt class='gallery-icon portrait'>\n\t\t\t\t\t<a class=\"rollover rollover-zoom dt-pswp-item\" title=\"newsletter Week 4 Kids Summer\" data-dt-img-description=\"\" data-large_image_width=\"1280\" data-large_image_height=\"2560\"href='https:\/\/www.radiopiu.net\/wordpress\/wp-content\/uploads\/2020\/07\/newsletter-Week-4-Kids-Summer-scaled.jpg'><img loading=\"lazy\" decoding=\"async\" width=\"150\" height=\"150\" src=\"https:\/\/www.radiopiu.net\/wordpress\/wp-content\/uploads\/2020\/07\/newsletter-Week-4-Kids-Summer-150x150.jpg\" class=\"attachment-thumbnail size-thumbnail\" alt=\"\" \/><\/a>\n\t\t\t\t<\/dt><\/dl><dl class='gallery-item'>\n\t\t\t\t<dt class='gallery-icon landscape'>\n\t\t\t\t\t<a class=\"rollover rollover-zoom dt-pswp-item\" title=\"12f1d505-5668-42b8-8ad2-5336c07a910e\" data-dt-img-description=\"\" data-large_image_width=\"1352\" data-large_image_height=\"1040\"href='https:\/\/www.radiopiu.net\/wordpress\/wp-content\/uploads\/2020\/08\/12f1d505-5668-42b8-8ad2-5336c07a910e.jpg'><img loading=\"lazy\" decoding=\"async\" width=\"150\" height=\"150\" src=\"https:\/\/www.radiopiu.net\/wordpress\/wp-content\/uploads\/2020\/08\/12f1d505-5668-42b8-8ad2-5336c07a910e-150x150.jpg\" class=\"attachment-thumbnail size-thumbnail\" alt=\"\" \/><\/a>\n\t\t\t\t<\/dt><\/dl><dl class='gallery-item'>\n\t\t\t\t<dt class='gallery-icon portrait'>\n\t\t\t\t\t<a class=\"rollover rollover-zoom dt-pswp-item\" title=\"lettura BASSA\" data-dt-img-description=\"\" data-large_image_width=\"1240\" data-large_image_height=\"1754\"href='https:\/\/www.radiopiu.net\/wordpress\/wp-content\/uploads\/2020\/08\/lettura-BASSA.jpg'><img loading=\"lazy\" decoding=\"async\" width=\"150\" height=\"150\" src=\"https:\/\/www.radiopiu.net\/wordpress\/wp-content\/uploads\/2020\/08\/lettura-BASSA-150x150.jpg\" class=\"attachment-thumbnail size-thumbnail\" alt=\"\" \/><\/a>\n\t\t\t\t<\/dt><\/dl><br style=\"clear: both\" \/><dl class='gallery-item'>\n\t\t\t\t<dt class='gallery-icon portrait'>\n\t\t\t\t\t<a class=\"rollover rollover-zoom dt-pswp-item\" title=\"LOCANDINA_MOSTRA andraz\" data-dt-img-description=\"\" data-large_image_width=\"1753\" data-large_image_height=\"2480\"href='https:\/\/www.radiopiu.net\/wordpress\/wp-content\/uploads\/2020\/08\/LOCANDINA_MOSTRA-andraz.jpg'><img loading=\"lazy\" decoding=\"async\" width=\"150\" height=\"150\" src=\"https:\/\/www.radiopiu.net\/wordpress\/wp-content\/uploads\/2020\/08\/LOCANDINA_MOSTRA-andraz-150x150.jpg\" class=\"attachment-thumbnail size-thumbnail\" alt=\"\" \/><\/a>\n\t\t\t\t<\/dt><\/dl><dl class='gallery-item'>\n\t\t\t\t<dt class='gallery-icon portrait'>\n\t\t\t\t\t<a class=\"rollover rollover-zoom dt-pswp-item\" title=\"b91edf01-0080-4c00-97cc-7b476428c004\" data-dt-img-description=\"\" data-large_image_width=\"800\" data-large_image_height=\"1600\"href='https:\/\/www.radiopiu.net\/wordpress\/wp-content\/uploads\/2020\/08\/b91edf01-0080-4c00-97cc-7b476428c004.jpg'><img loading=\"lazy\" decoding=\"async\" width=\"150\" height=\"150\" src=\"https:\/\/www.radiopiu.net\/wordpress\/wp-content\/uploads\/2020\/08\/b91edf01-0080-4c00-97cc-7b476428c004-150x150.jpg\" class=\"attachment-thumbnail size-thumbnail\" alt=\"\" \/><\/a>\n\t\t\t\t<\/dt><\/dl><dl class='gallery-item'>\n\t\t\t\t<dt class='gallery-icon portrait'>\n\t\t\t\t\t<a class=\"rollover rollover-zoom dt-pswp-item\" title=\"4e4fdd52-fede-4957-a5dc-061367a3dbac\" data-dt-img-description=\"\" data-large_image_width=\"1151\" data-large_image_height=\"1600\"href='https:\/\/www.radiopiu.net\/wordpress\/wp-content\/uploads\/2020\/08\/4e4fdd52-fede-4957-a5dc-061367a3dbac.jpg'><img loading=\"lazy\" decoding=\"async\" width=\"150\" height=\"150\" src=\"https:\/\/www.radiopiu.net\/wordpress\/wp-content\/uploads\/2020\/08\/4e4fdd52-fede-4957-a5dc-061367a3dbac-150x150.jpg\" class=\"attachment-thumbnail size-thumbnail\" alt=\"\" \/><\/a>\n\t\t\t\t<\/dt><\/dl><dl class='gallery-item'>\n\t\t\t\t<dt class='gallery-icon portrait'>\n\t\t\t\t\t<a class=\"rollover rollover-zoom dt-pswp-item\" title=\"OTTAVIO ROSSI MOSTRA\" data-dt-img-description=\"\" data-large_image_width=\"1131\" data-large_image_height=\"1600\"href='https:\/\/www.radiopiu.net\/wordpress\/wp-content\/uploads\/2020\/08\/OTTAVIO-ROSSI-MOSTRA.jpg'><img loading=\"lazy\" decoding=\"async\" width=\"150\" height=\"150\" src=\"https:\/\/www.radiopiu.net\/wordpress\/wp-content\/uploads\/2020\/08\/OTTAVIO-ROSSI-MOSTRA-150x150.jpg\" class=\"attachment-thumbnail size-thumbnail\" alt=\"\" \/><\/a>\n\t\t\t\t<\/dt><\/dl><dl class='gallery-item'>\n\t\t\t\t<dt class='gallery-icon portrait'>\n\t\t\t\t\t<a class=\"rollover rollover-zoom dt-pswp-item\" title=\"GIOVANNI PAOLO I_ PERCH\u00c9 \u00e8 ATTUALE_\" data-dt-img-description=\"\" data-large_image_width=\"620\" data-large_image_height=\"873\"href='https:\/\/www.radiopiu.net\/wordpress\/wp-content\/uploads\/2020\/08\/GIOVANNI-PAOLO-I_-PERCH\u00c9-\u00e8-ATTUALE_.jpg'><img loading=\"lazy\" decoding=\"async\" width=\"150\" height=\"150\" src=\"https:\/\/www.radiopiu.net\/wordpress\/wp-content\/uploads\/2020\/08\/GIOVANNI-PAOLO-I_-PERCH\u00c9-\u00e8-ATTUALE_-150x150.jpg\" class=\"attachment-thumbnail size-thumbnail\" alt=\"\" \/><\/a>\n\t\t\t\t<\/dt><\/dl>\n\t\t\t\t<br style='clear: both' \/>\n\t\t\t<\/div>\n\n<p>&nbsp;<\/p>\n<hr \/>\n<p>&nbsp;<\/p>\n<h2>IERI ALLA RADIO<\/h2>\n<h2><span style=\"color: #ff0000;\">DUE MINUTI UN LIBRO<\/span><\/h2>\n<blockquote class=\"wp-embedded-content\" data-secret=\"GCbevlZWi7\"><p><a href=\"https:\/\/www.radiopiu.net\/wordpress\/t-s-o\/\">T.S.O.<\/a><\/p><\/blockquote>\n<p><iframe loading=\"lazy\" class=\"wp-embedded-content\" sandbox=\"allow-scripts\" security=\"restricted\" style=\"position: absolute; clip: rect(1px, 1px, 1px, 1px);\" title=\"&#8220;T.S.O.&#8221; &#8212; Radio Pi\u00f9\" src=\"https:\/\/www.radiopiu.net\/wordpress\/t-s-o\/embed\/#?secret=GCbevlZWi7\" data-secret=\"GCbevlZWi7\" width=\"600\" height=\"338\" frameborder=\"0\" marginwidth=\"0\" marginheight=\"0\" scrolling=\"no\"><\/iframe><\/p>\n<p><strong>LE ALTRE PUNTATE<\/strong><\/p>\n<blockquote class=\"wp-embedded-content\" data-secret=\"GHJcKSba7u\"><p><a href=\"https:\/\/www.radiopiu.net\/wordpress\/due-minuti-un-libro\/\">Due minuti un libro<\/a><\/p><\/blockquote>\n<p><iframe loading=\"lazy\" class=\"wp-embedded-content\" sandbox=\"allow-scripts\" security=\"restricted\" style=\"position: absolute; clip: rect(1px, 1px, 1px, 1px);\" title=\"&#8220;Due minuti un libro&#8221; &#8212; Radio Pi\u00f9\" src=\"https:\/\/www.radiopiu.net\/wordpress\/due-minuti-un-libro\/embed\/#?secret=GHJcKSba7u\" data-secret=\"GHJcKSba7u\" width=\"600\" height=\"338\" frameborder=\"0\" marginwidth=\"0\" marginheight=\"0\" scrolling=\"no\"><\/iframe><\/p>\n<p>&nbsp;<\/p>\n<hr \/>\n<p>&nbsp;<\/p>\n<div>\n<h2><a class=\"dt-pswp-item\" href=\"https:\/\/www.radiopiu.net\/wordpress\/wp-content\/uploads\/2020\/06\/4f376fe2-d9cd-4dc8-b8ec-9bd773546a4e.jpg\" data-dt-img-description=\"\" data-large_image_width=\"960\" data-large_image_height=\"720\"><img loading=\"lazy\" decoding=\"async\" class=\"wp-image-146572 alignleft\" src=\"https:\/\/www.radiopiu.net\/wordpress\/wp-content\/uploads\/2020\/06\/4f376fe2-d9cd-4dc8-b8ec-9bd773546a4e-300x225.jpg\" alt=\"\" width=\"132\" height=\"99\" srcset=\"https:\/\/www.radiopiu.net\/wordpress\/wp-content\/uploads\/2020\/06\/4f376fe2-d9cd-4dc8-b8ec-9bd773546a4e-300x225.jpg 300w, https:\/\/www.radiopiu.net\/wordpress\/wp-content\/uploads\/2020\/06\/4f376fe2-d9cd-4dc8-b8ec-9bd773546a4e-768x576.jpg 768w, https:\/\/www.radiopiu.net\/wordpress\/wp-content\/uploads\/2020\/06\/4f376fe2-d9cd-4dc8-b8ec-9bd773546a4e.jpg 960w\" sizes=\"auto, (max-width: 132px) 100vw, 132px\" \/><\/a><\/h2>\n<h2><\/h2>\n<h2><span style=\"color: #800080;\">DON CESARE, IL PENSIERO DEL GIORNO. ALLA RADIO ALLE 7 DEL MATTINO E ALLE 19.30 DELLA SERA.<\/span><\/h2>\n<p>&nbsp;<\/p>\n<audio class=\"wp-audio-shortcode\" id=\"audio-155369-4\" preload=\"none\" style=\"width: 100%;\" controls=\"controls\"><source type=\"audio\/mpeg\" src=\"https:\/\/www.radiopiu.net\/wordpress\/wp-content\/uploads\/2020\/08\/CHIESA-DON-CESARE-QUOTIDIANO-2.mp3?_=4\" \/><a href=\"https:\/\/www.radiopiu.net\/wordpress\/wp-content\/uploads\/2020\/08\/CHIESA-DON-CESARE-QUOTIDIANO-2.mp3\">https:\/\/www.radiopiu.net\/wordpress\/wp-content\/uploads\/2020\/08\/CHIESA-DON-CESARE-QUOTIDIANO-2.mp3<\/a><\/audio>\n<hr \/>\n<p>&nbsp;<\/p>\n<h2><span style=\"color: #008000;\">AGORDINOMERON&#8230;LA RACCOLTA<\/span><\/h2>\n<blockquote class=\"wp-embedded-content\" data-secret=\"bHDZN4Q5Lv\"><p><a href=\"https:\/\/www.radiopiu.net\/wordpress\/agordinomeron\/\">AGORDINOMERON, IL TERRITORIO SI RACCONTA Da un&#8217;idea di Gianni Santomaso<\/a><\/p><\/blockquote>\n<p><iframe loading=\"lazy\" class=\"wp-embedded-content\" sandbox=\"allow-scripts\" security=\"restricted\" style=\"position: absolute; clip: rect(1px, 1px, 1px, 1px);\" title=\"&#8220;AGORDINOMERON, IL TERRITORIO SI RACCONTA Da un&#8217;idea di Gianni Santomaso&#8221; &#8212; Radio Pi\u00f9\" src=\"https:\/\/www.radiopiu.net\/wordpress\/agordinomeron\/embed\/#?secret=bHDZN4Q5Lv\" data-secret=\"bHDZN4Q5Lv\" width=\"600\" height=\"338\" frameborder=\"0\" marginwidth=\"0\" marginheight=\"0\" scrolling=\"no\"><\/iframe><\/p>\n<p>&nbsp;<\/p>\n<p>&nbsp;<\/p>\n<hr \/>\n<p>&nbsp;<\/p>\n<h2><span style=\"color: #ff00ff;\">ZAINO DA VIAGGIO AL FEMMINILE DI PAOLA LANCIATO<\/span><\/h2>\n<h2>L&#8217;INTERA RACCOLTA<\/h2>\n<blockquote class=\"wp-embedded-content\" data-secret=\"yQaGkGgtLY\"><p><a href=\"https:\/\/www.radiopiu.net\/wordpress\/zaino-femminile-lanciato\/\">Zaino da viaggio al femminile<\/a><\/p><\/blockquote>\n<p><iframe loading=\"lazy\" class=\"wp-embedded-content\" sandbox=\"allow-scripts\" security=\"restricted\" style=\"position: absolute; clip: rect(1px, 1px, 1px, 1px);\" title=\"&#8220;Zaino da viaggio al femminile&#8221; &#8212; Radio Pi\u00f9\" src=\"https:\/\/www.radiopiu.net\/wordpress\/zaino-femminile-lanciato\/embed\/#?secret=yQaGkGgtLY\" data-secret=\"yQaGkGgtLY\" width=\"600\" height=\"338\" frameborder=\"0\" marginwidth=\"0\" marginheight=\"0\" scrolling=\"no\"><\/iframe><\/p>\n<hr \/>\n<p>&nbsp;<\/p>\n<h2><span style=\"color: #3366ff;\">I RACCONTI DI PAOLO SOPPELSA\u00a0LA RACCOLTA COMPLETA<\/span><\/h2>\n<blockquote class=\"wp-embedded-content\" data-secret=\"tevRdMhTQU\"><p><a href=\"https:\/\/www.radiopiu.net\/wordpress\/i-racconti-di-paolo-soppelsa\/\">I racconti di Paolo Soppelsa<\/a><\/p><\/blockquote>\n<p><iframe loading=\"lazy\" class=\"wp-embedded-content\" sandbox=\"allow-scripts\" security=\"restricted\" style=\"position: absolute; clip: rect(1px, 1px, 1px, 1px);\" title=\"&#8220;I racconti di Paolo Soppelsa&#8221; &#8212; Radio Pi\u00f9\" src=\"https:\/\/www.radiopiu.net\/wordpress\/i-racconti-di-paolo-soppelsa\/embed\/#?secret=tevRdMhTQU\" data-secret=\"tevRdMhTQU\" width=\"600\" height=\"338\" frameborder=\"0\" marginwidth=\"0\" marginheight=\"0\" scrolling=\"no\"><\/iframe><\/p>\n<p>&nbsp;<\/p>\n<hr \/>\n<p>&nbsp;<\/p>\n<p>&nbsp;<\/p>\n<h2><span style=\"color: #99cc00;\">SUL SITO DI RADIO PIU&#8217; LA VIDEO GALLERY<\/span><\/h2>\n<blockquote class=\"wp-embedded-content\" data-secret=\"pNG3GeQpI4\"><p><a href=\"https:\/\/www.radiopiu.net\/wordpress\/ep-center-video-gallery\/\">EP CENTER video gallery<\/a><\/p><\/blockquote>\n<p><iframe loading=\"lazy\" class=\"wp-embedded-content\" sandbox=\"allow-scripts\" security=\"restricted\" style=\"position: absolute; clip: rect(1px, 1px, 1px, 1px);\" title=\"&#8220;EP CENTER video gallery&#8221; &#8212; Radio Pi\u00f9\" src=\"https:\/\/www.radiopiu.net\/wordpress\/ep-center-video-gallery\/embed\/#?secret=pNG3GeQpI4\" data-secret=\"pNG3GeQpI4\" width=\"600\" height=\"338\" frameborder=\"0\" marginwidth=\"0\" marginheight=\"0\" scrolling=\"no\"><\/iframe><\/p>\n<p>&nbsp;<\/p>\n<hr \/>\n<p>&nbsp;<\/p>\n<p class=\"photoswipe-wrapper\"><a class=\"dt-pswp-item pspw-wrap-ready\" href=\"https:\/\/i0.wp.com\/www.radiopiu.net\/wordpress\/wp-content\/uploads\/2018\/09\/WhatsApp-Image-2018-09-20-at-16.04.06.jpeg?ssl=1\" data-dt-img-description=\"\" data-large_image_width=\"800\" data-large_image_height=\"100\"><img loading=\"lazy\" decoding=\"async\" class=\"aligncenter wp-image-61378 size-full jetpack-lazy-image jetpack-lazy-image--handled\" src=\"https:\/\/i0.wp.com\/www.radiopiu.net\/wordpress\/wp-content\/uploads\/2018\/09\/WhatsApp-Image-2018-09-20-at-16.04.06.jpeg?resize=800%2C100&amp;ssl=1\" sizes=\"auto, (max-width: 800px) 100vw, 800px\" srcset=\"https:\/\/i0.wp.com\/www.radiopiu.net\/wordpress\/wp-content\/uploads\/2018\/09\/WhatsApp-Image-2018-09-20-at-16.04.06.jpeg?w=800&amp;ssl=1 800w, https:\/\/i0.wp.com\/www.radiopiu.net\/wordpress\/wp-content\/uploads\/2018\/09\/WhatsApp-Image-2018-09-20-at-16.04.06.jpeg?resize=300%2C38&amp;ssl=1 300w, https:\/\/i0.wp.com\/www.radiopiu.net\/wordpress\/wp-content\/uploads\/2018\/09\/WhatsApp-Image-2018-09-20-at-16.04.06.jpeg?resize=768%2C96&amp;ssl=1 768w\" alt=\"\" width=\"800\" height=\"100\" data-lazy-loaded=\"1\" \/><\/a><\/p>\n<p>&nbsp;<\/p>\n<div><center><b>Domenica 16<\/b><\/center><b>Tempo atteso:\u00a0<\/b>Al mattino tempo piuttosto soleggiato sulle Dolomiti, dove entro il mezzogiorno si potranno formare i primi cumuli; sulle Prealpi e localmente in qualche valle dolomitica, potr\u00e0 essere presente l&#8217;insidia di nubi basse, che potranno persistere in mattinata sollevandosi a formare nuvolosit\u00e0 cumuliforme gi\u00e0 in tarda mattinata. Al pomeriggio\/sera nuvolosit\u00e0 irregolare con rischio di fenomeni di instabilit\u00e0. Temperature ancora di stampo estivo nonostante il soleggiamento pi\u00f9 ridotto rispetto a sabato.<br \/>\n<b>Precipitazioni:\u00a0<\/b>Assenti fino alle ore centrali (0%), poi probabilit\u00e0 medio\/bassa di qualche rovescio o temporale (30\/50%), un po&#8217; pi\u00f9 probabile sulle Dolomiti, anche verso sera.<br \/>\n<b>Temperature:\u00a0<\/b>Minime stazionarie; massime senza notevoli variazioni. Sono previste punte di 28\/29\u00b0C nei fondovalle prealpini e di 23\/25\u00b0C a 1000\/1200 m. Su Prealpi a 1500 m min 14\u00b0C max 18\u00b0C, a 2000 m min 11\u00b0C max 14\u00b0C. Su Dolomiti a 2000 m min 10\u00b0C max 15\u00b0C, a 3000 m min 5\u00b0C max 7\u00b0C.<br \/>\n<b>Venti:\u00a0<\/b>Nelle valli deboli a regime di brezze, a tratti e localmente moderati; in quota perlopi\u00f9 deboli dai quadranti occidentali, a 5-10 km\/h a 2000 m, 10-20 km\/h a 3000 m.<\/p>\n<hr \/>\n<p><center><b>Lunedi 17<\/b><\/center><b>Tempo atteso:\u00a0<\/b>Nuvolosit\u00e0 pi\u00f9 presente dei giorni precedenti, anche per una pi\u00f9 diffusa presenza di nubi medio-basse, che potranno limitare il soleggiamento anche in mattinata. Dalle ore centrali il tempo diverr\u00e0 instabile, con nuvolosit\u00e0 cumuliforme irregolare localmente anche intensa associata a fenomeni di instabilit\u00e0 pi\u00f9 presenti dei giorni precedenti.<br \/>\n<b>Precipitazioni:\u00a0<\/b>Fino a met\u00e0 mattina assenti (0%), eccetto qualche possibile fenomeno nelle prime ore; dalla tarda mattinata crescente probabilit\u00e0 di rovesci e temporali nelle ore centrali e pomeridiane (50\/70%), in probabile attenuazione verso sera; i fenomeni potranno essere pi\u00f9 sporadici sulle Prealpi occidentali (30\/50%).<br \/>\n<b>Temperature:\u00a0<\/b>Minime senza variazioni di rilievo e massime in calo. Su Prealpi a 1500 m min 14\u00b0C max 16\u00b0C, a 2000 m min 10\u00b0C max 13\u00b0C. Su Dolomiti a 2000 m min 10\u00b0C max 12\u00b0C, a 3000 m min 4\u00b0C max 6\u00b0C.<br \/>\n<b>Venti:\u00a0<\/b>Nelle valli deboli a regime di brezze, a tratti e localmente moderati; in quota deboli\/moderati da ovest sud-ovest, a 5-15 km\/h a 2000 m, 10-30 km\/h a 3000 m.<\/p>\n<hr \/>\n<p><center><b>Martedi 18<\/b><\/center>Al mattino tratti di sereno localmente anche ampi, seguito da un rapido sviluppo di nuvolosit\u00e0 cumuliforme che gi\u00e0 nella tarda mattinata, ma soprattutto al pomeriggio\/sera, potr\u00e0 dar luogo a rovesci e temporali anche diffusi. Le temperature diurne saranno in calo per il minore soleggiamento, con le minime spesso raggiunte durante le fasi temporalesche. Venti in quota in rotazione da ovest a nord-ovest alla sera.<\/p>\n<hr \/>\n<p><center><b>Mercoledi 19<\/b><\/center>Tempo in miglioramento, con residua nuvolosit\u00e0 notturna, anche con qualche fenomeno in esaurimento, e ampi tratti soleggiati in mattinata. Al pomeriggio possibile ripresa di una certa attivit\u00e0 cumuliforme che potr\u00e0 dar luogo a qualche rovescio o temporale, specie sulle Prealpi. Temperature pi\u00f9 fresche al mattino, in rialzo nelle valli in giornata. Venti settentrionali moderati in quota. Previsore: G.M.<\/p>\n<\/div>\n<\/div>\n<p>&nbsp;<\/p>\n<p>&nbsp;<\/p>\n<hr \/>\n<p>&nbsp;<\/p>\n<p><iframe loading=\"lazy\" title=\"Spot Buttalibene TV\" width=\"1200\" height=\"675\" src=\"https:\/\/www.youtube.com\/embed\/fjHWpfyAevE?feature=oembed\" frameborder=\"0\" allow=\"accelerometer; autoplay; clipboard-write; encrypted-media; gyroscope; picture-in-picture\" allowfullscreen><\/iframe><\/p>\n<p class=\"photoswipe-wrapper\">\n","protected":false},"excerpt":{"rendered":"<p>PER RICEVERE QUESTO NOTIZIARIO DIRETTAMENTE SUL TUO CELLULARE ISCRIVITI AL CANALE TELEGRAM\u00a0\u201cRADIO PIU\u00a0 INFORMAZIONE ATTENZIONE: LA NUOVA APP PER IOS-IPHONE https:\/\/apps.apple.com\/it\/app\/radio-pi%C3%B9-emittente-agordina\/id1515939845 ATTENZIONE: LA NUOVA APP RADIO\u00a0 PER ANDROID https:\/\/play.google.com\/store\/apps\/details?id=net.radiopiu.iniko \u00a0\u00a0 &nbsp; &nbsp; &nbsp; \u00a0FERRAGOSTO&#8230; SOPRA IL LAGO DI ALLEGHE https:\/\/www.facebook.com\/Mirkomezziano\/videos\/2749143888701713\/ &nbsp; &nbsp; &nbsp; BOMBERINE BENVENUTE A FALCADE, BENVENUTE NELL&#8217;AGORDINO &nbsp; &nbsp; ROCCA PIETORE\u00a0 Ferragosto con&hellip;<\/p>\n","protected":false},"author":4,"featured_media":155409,"comment_status":"closed","ping_status":"closed","sticky":false,"template":"","format":"standard","meta":{"_monsterinsights_skip_tracking":false,"_monsterinsights_sitenote_active":false,"_monsterinsights_sitenote_note":"","_monsterinsights_sitenote_category":0,"footnotes":""},"categories":[1,86,49],"tags":[],"class_list":["post-155369","post","type-post","status-publish","format-standard","has-post-thumbnail","hentry","category-senza-categoria","category-gr","category-news-18","category-1","category-86","category-49","description-off"],"img_url":"https:\/\/www.radiopiu.net\/wordpress\/wp-content\/uploads\/2020\/08\/730d33a9-a858-428f-a2fe-e2fd5809e076.jpg","_links":{"self":[{"href":"https:\/\/www.radiopiu.net\/wordpress\/wp-json\/wp\/v2\/posts\/155369","targetHints":{"allow":["GET"]}}],"collection":[{"href":"https:\/\/www.radiopiu.net\/wordpress\/wp-json\/wp\/v2\/posts"}],"about":[{"href":"https:\/\/www.radiopiu.net\/wordpress\/wp-json\/wp\/v2\/types\/post"}],"author":[{"embeddable":true,"href":"https:\/\/www.radiopiu.net\/wordpress\/wp-json\/wp\/v2\/users\/4"}],"replies":[{"embeddable":true,"href":"https:\/\/www.radiopiu.net\/wordpress\/wp-json\/wp\/v2\/comments?post=155369"}],"version-history":[{"count":0,"href":"https:\/\/www.radiopiu.net\/wordpress\/wp-json\/wp\/v2\/posts\/155369\/revisions"}],"wp:featuredmedia":[{"embeddable":true,"href":"https:\/\/www.radiopiu.net\/wordpress\/wp-json\/wp\/v2\/media\/155409"}],"wp:attachment":[{"href":"https:\/\/www.radiopiu.net\/wordpress\/wp-json\/wp\/v2\/media?parent=155369"}],"wp:term":[{"taxonomy":"category","embeddable":true,"href":"https:\/\/www.radiopiu.net\/wordpress\/wp-json\/wp\/v2\/categories?post=155369"},{"taxonomy":"post_tag","embeddable":true,"href":"https:\/\/www.radiopiu.net\/wordpress\/wp-json\/wp\/v2\/tags?post=155369"}],"curies":[{"name":"wp","href":"https:\/\/api.w.org\/{rel}","templated":true}]}}