{"id":155441,"date":"2020-08-15T19:24:57","date_gmt":"2020-08-15T17:24:57","guid":{"rendered":"https:\/\/www.radiopiu.net\/wordpress\/?p=155441"},"modified":"2020-08-16T17:32:37","modified_gmt":"2020-08-16T15:32:37","slug":"perde-lorientamento-e-viene-accompagnato-alla-malga-a-calalzo-due-turisti-in-panne-vengono-elitrasportati-al-rifugio","status":"publish","type":"post","link":"https:\/\/www.radiopiu.net\/wordpress\/perde-lorientamento-e-viene-accompagnato-alla-malga-a-calalzo-due-turisti-in-panne-vengono-elitrasportati-al-rifugio\/","title":{"rendered":"PERDE L&#8217;ORIENTAMENTO E VIENE ACCOMPAGNATO ALLA MALGA. A CALALZO DUE TURISTI IN PANNE VENGONO ELITRASPORTATI AL RIFUGIO"},"content":{"rendered":"<p><strong><a class=\"dt-pswp-item\" href=\"https:\/\/www.radiopiu.net\/wordpress\/wp-content\/uploads\/2018\/08\/soccorsoalpino.jpg\" data-dt-img-description=\"\" data-large_image_width=\"1200\" data-large_image_height=\"1200\"><img loading=\"lazy\" decoding=\"async\" class=\"size-medium wp-image-59164 alignleft\" src=\"https:\/\/www.radiopiu.net\/wordpress\/wp-content\/uploads\/2018\/08\/soccorsoalpino-300x300.jpg\" alt=\"\" width=\"300\" height=\"300\" srcset=\"https:\/\/www.radiopiu.net\/wordpress\/wp-content\/uploads\/2018\/08\/soccorsoalpino-300x300.jpg 300w, https:\/\/www.radiopiu.net\/wordpress\/wp-content\/uploads\/2018\/08\/soccorsoalpino-150x150.jpg 150w, https:\/\/www.radiopiu.net\/wordpress\/wp-content\/uploads\/2018\/08\/soccorsoalpino-768x768.jpg 768w, https:\/\/www.radiopiu.net\/wordpress\/wp-content\/uploads\/2018\/08\/soccorsoalpino-1024x1024.jpg 1024w, https:\/\/www.radiopiu.net\/wordpress\/wp-content\/uploads\/2018\/08\/soccorsoalpino.jpg 1200w\" sizes=\"auto, (max-width: 300px) 100vw, 300px\" \/><\/a>SELVA DI CADORE\u00a0<\/strong>Alle 14.50 il Soccorso alpino della Val Fiorentina \u00e8 stato attivato dalla Centrale del 118 a seguito della segnalazione dei familiari di un uomo, che lo attendevano al Casot de le Vedele, per andare a mangiare a mezzogiorno a Malga Pian de Vacia, ma lui non si era presentato. E.B., 75 anni, di Dosolo (MN), aveva infatti perso l&#8217;orientamento finendo sul Col del Termine. Riusciti a contattarlo al cellulare e a geolocalizzarlo, i soccorritori si sono avvicinati in jeep per poi proseguire a piedi e raggiungerlo dopo una decina di minuti sul costone dove si era fermato. La squadra lo ha quindi accompagnato al fuoristrada parcheggiato al Casot de le Vedele e da l\u00ec alla sua macchina poco distante.<\/p>\n<p><strong>CALALZO DI CADORE\u00a0<\/strong>Poco prima delle 16 l&#8217;elicottero del Suem di Pieve di Cadore \u00e8 intervenuto sulle Marmarole, a Calalzo di Cadore, per due escursionisti in difficolt\u00e0. Arrivati sulla cresta rocciosa del Passo del Camoscio, padre e figlia veneziani, di 60 e 18 anni, non erano pi\u00f9 in grado di proseguire, perch\u00e9 la ragazza aveva preso paura ed era affaticata.\u00a0 Recuperati con un verricello di 40 metri dal tecnico di elisoccorso, i due sono stati trasportati al Rifugio Galassi.<\/p>\n","protected":false},"excerpt":{"rendered":"<p>SELVA DI CADORE\u00a0Alle 14.50 il Soccorso alpino della Val Fiorentina \u00e8 stato attivato dalla Centrale del 118 a seguito della segnalazione dei familiari di un uomo, che lo attendevano al Casot de le Vedele, per andare a mangiare a mezzogiorno a Malga Pian de Vacia, ma lui non si era presentato. E.B., 75 anni, di&hellip;<\/p>\n","protected":false},"author":4,"featured_media":59164,"comment_status":"closed","ping_status":"closed","sticky":false,"template":"","format":"standard","meta":{"_monsterinsights_skip_tracking":false,"_monsterinsights_sitenote_active":false,"_monsterinsights_sitenote_note":"","_monsterinsights_sitenote_category":0,"footnotes":""},"categories":[51,49],"tags":[],"class_list":["post-155441","post","type-post","status-publish","format-standard","has-post-thumbnail","hentry","category-evidenza-top","category-news-18","category-51","category-49","description-off"],"img_url":"https:\/\/www.radiopiu.net\/wordpress\/wp-content\/uploads\/2018\/08\/soccorsoalpino.jpg","_links":{"self":[{"href":"https:\/\/www.radiopiu.net\/wordpress\/wp-json\/wp\/v2\/posts\/155441","targetHints":{"allow":["GET"]}}],"collection":[{"href":"https:\/\/www.radiopiu.net\/wordpress\/wp-json\/wp\/v2\/posts"}],"about":[{"href":"https:\/\/www.radiopiu.net\/wordpress\/wp-json\/wp\/v2\/types\/post"}],"author":[{"embeddable":true,"href":"https:\/\/www.radiopiu.net\/wordpress\/wp-json\/wp\/v2\/users\/4"}],"replies":[{"embeddable":true,"href":"https:\/\/www.radiopiu.net\/wordpress\/wp-json\/wp\/v2\/comments?post=155441"}],"version-history":[{"count":0,"href":"https:\/\/www.radiopiu.net\/wordpress\/wp-json\/wp\/v2\/posts\/155441\/revisions"}],"wp:featuredmedia":[{"embeddable":true,"href":"https:\/\/www.radiopiu.net\/wordpress\/wp-json\/wp\/v2\/media\/59164"}],"wp:attachment":[{"href":"https:\/\/www.radiopiu.net\/wordpress\/wp-json\/wp\/v2\/media?parent=155441"}],"wp:term":[{"taxonomy":"category","embeddable":true,"href":"https:\/\/www.radiopiu.net\/wordpress\/wp-json\/wp\/v2\/categories?post=155441"},{"taxonomy":"post_tag","embeddable":true,"href":"https:\/\/www.radiopiu.net\/wordpress\/wp-json\/wp\/v2\/tags?post=155441"}],"curies":[{"name":"wp","href":"https:\/\/api.w.org\/{rel}","templated":true}]}}