{"id":155484,"date":"2020-08-16T14:28:03","date_gmt":"2020-08-16T12:28:03","guid":{"rendered":"https:\/\/www.radiopiu.net\/wordpress\/?p=155484"},"modified":"2020-08-16T14:28:03","modified_gmt":"2020-08-16T12:28:03","slug":"il-presidente-della-provincia-incontra-il-ministro-dei-rapporti-con-il-parlamento","status":"publish","type":"post","link":"https:\/\/www.radiopiu.net\/wordpress\/il-presidente-della-provincia-incontra-il-ministro-dei-rapporti-con-il-parlamento\/","title":{"rendered":"IL PRESIDENTE DELLA PROVINCIA INCONTRA IL MINISTRO DEI RAPPORTI CON IL PARLAMENTO"},"content":{"rendered":"<p><strong><a class=\"dt-pswp-item\" href=\"https:\/\/www.radiopiu.net\/wordpress\/wp-content\/uploads\/2020\/08\/20756f22-aee3-4ac5-943d-0aa031c9a080.jpg\" data-dt-img-description=\"\" data-large_image_width=\"1024\" data-large_image_height=\"768\"><img loading=\"lazy\" decoding=\"async\" class=\"size-medium wp-image-155485 alignleft\" src=\"https:\/\/www.radiopiu.net\/wordpress\/wp-content\/uploads\/2020\/08\/20756f22-aee3-4ac5-943d-0aa031c9a080-300x225.jpg\" alt=\"\" width=\"300\" height=\"225\" srcset=\"https:\/\/www.radiopiu.net\/wordpress\/wp-content\/uploads\/2020\/08\/20756f22-aee3-4ac5-943d-0aa031c9a080-300x225.jpg 300w, https:\/\/www.radiopiu.net\/wordpress\/wp-content\/uploads\/2020\/08\/20756f22-aee3-4ac5-943d-0aa031c9a080-768x576.jpg 768w, https:\/\/www.radiopiu.net\/wordpress\/wp-content\/uploads\/2020\/08\/20756f22-aee3-4ac5-943d-0aa031c9a080.jpg 1024w\" sizes=\"auto, (max-width: 300px) 100vw, 300px\" \/><\/a>BELLUNO\u00a0<\/strong>Infrastrutture, situazione dell\u2019economia locale post-Covid, e Parco Nazionale delle Dolomiti Bellunese. Sono i temi principali, affrontati venerd\u00ec scorso nell\u2019incontro tra il presidente della Provincia di Belluno e il ministro dei Rapporti con il Parlamento. Una visita istituzionale a Palazzo Piloni che il ministro si \u00e8 reso disponibile a rendere periodica, per aggiornare in maniera strutturale i grandi temi strategici che riguardano il territorio bellunese.\u00a0\u00ab<em>\u00c8 importante per noi sapere di avere un appoggio nell\u2019Esecutivo per quel che riguarda le scelte strategiche del nostro territorio &#8211; commenta il presidente della Provincia -. Soprattutto adesso, alla vigilia dei grandi appuntamenti che si profilano all\u2019orizzonte, Mondiali 2021 e Olimpiadi 2026 in testa<\/em>\u00bb.\u00a0Proprio i due eventi mondiali sono stati al centro dell\u2019incontro, affrontati sia dal punto di vista sportivo sia dal punto di vista infrastrutturale. \u00ab<em>\u00c8 innegabile che il nostro territorio debba fare delle scelte, anche alla luce delle code e dei disagi registrati negli ultimi mesi, soprattutto lungo la Alemagna &#8211; afferma il presidente della Provincia -. Ecco perch\u00e9 abbiamo parlato delle opere che vengono avanti con il Piano Anas, e anche di quelle che riguardano le Olimpiadi 2026. Inoltre abbiamo affrontato il tema della connettivit\u00e0, per cui ci interfacceremo con il ministro dello Sviluppo economico. Ci faremo preparare una relazione dettagliata sulla dotazione di banda larga presente in provincia e spingeremo al massimo per arrivare a una copertura totale in tutto il territorio bellunese, specialmente quello montano. Lo smart working \u00e8 stato accelerato dal lockdown, ma di sicuro potr\u00e0 essere una modalit\u00e0 di lavoro che torner\u00e0 utile anche dopo il Covid, e in questo la montagna, con paesaggi incontaminati e aria buona, potr\u00e0 recitare un ruolo da protagonista, a patto che sia connessa con il resto del mondo. La nostra provincia ha il dovere di cogliere queste nuove opportunit\u00e0<\/em>\u00bb.\u00a0Sul tavolo dell\u2019incontro \u00e8 stata analizzata anche la legge olimpica, con tutti i risvolti che comporta per il territorio bellunese. \u00ab<em>Ringrazio il ministro e l\u2019impegno che ha profuso, anche insieme al deputato Roger De Menech, per la legge olimpica &#8211; continua il presidente della Provincia -. Il ringraziamento si allarga alla Fondazione Cortina 2021, alla Fisi e alla Regione Veneto per la garanzia di copertura economica in caso di cancellazione dei Mondiali di sci di 2021 in caso di recrudescenza della pandemia. Ovviamente, tutti ci auguriamo che questa garanzia non sia necessaria e che l\u2019evento iridato, il primo grande evento sportivo dopo il Covid, possa essere celebrato in tutta la sua grandezza, diventando cos\u00ec un simbolo della ripartenza, non solo per il nostro territorio<\/em>\u00bb. <a class=\"dt-pswp-item\" href=\"https:\/\/www.radiopiu.net\/wordpress\/wp-content\/uploads\/2020\/08\/1199383c-7641-4bc5-a0c1-55993465e1e1.jpg\" data-dt-img-description=\"\" data-large_image_width=\"1024\" data-large_image_height=\"768\"><img loading=\"lazy\" decoding=\"async\" class=\"size-medium wp-image-155486 alignright\" src=\"https:\/\/www.radiopiu.net\/wordpress\/wp-content\/uploads\/2020\/08\/1199383c-7641-4bc5-a0c1-55993465e1e1-300x225.jpg\" alt=\"\" width=\"300\" height=\"225\" srcset=\"https:\/\/www.radiopiu.net\/wordpress\/wp-content\/uploads\/2020\/08\/1199383c-7641-4bc5-a0c1-55993465e1e1-300x225.jpg 300w, https:\/\/www.radiopiu.net\/wordpress\/wp-content\/uploads\/2020\/08\/1199383c-7641-4bc5-a0c1-55993465e1e1-768x576.jpg 768w, https:\/\/www.radiopiu.net\/wordpress\/wp-content\/uploads\/2020\/08\/1199383c-7641-4bc5-a0c1-55993465e1e1.jpg 1024w\" sizes=\"auto, (max-width: 300px) 100vw, 300px\" \/><\/a>Il presidente della Provincia e il ministro hanno parlato anche dell\u2019industria bellunese e dei contraccolpi legati al Covid, soprattutto per l\u2019occhialeria che ha una fortissima vocazione all\u2019export e che \u00e8 stata pesantemente penalizzata dalle chiusure di diversi Paesi. Dal tavolo \u00e8 emersa la volont\u00e0 reciproca di monitorare la situazione e il ministro ha dato la sua disponibilit\u00e0 a condividere percorsi di gestione di eventuali crisi. Infine, la chiacchierata \u00e8 stata allargata al presidente del Parco Dolomiti Bellunesi, per parlare delle attivit\u00e0 degli ultimi mesi e dei progetti futuri.\u00a0\u00ab<em>Personalmente ho esternato al ministro le preoccupazioni relative all\u2019ente fiera &#8211; conclude il presidente della Provincia -. Il settore \u00e8 in crisi a causa del lockdown. A Longarone per\u00f2 siamo pronti per ripartire con Arredamont e con il Festival delle foreste l\u201911-12-13 settembre<\/em>\u00bb.<\/p>\n","protected":false},"excerpt":{"rendered":"<p>BELLUNO\u00a0Infrastrutture, situazione dell\u2019economia locale post-Covid, e Parco Nazionale delle Dolomiti Bellunese. Sono i temi principali, affrontati venerd\u00ec scorso nell\u2019incontro tra il presidente della Provincia di Belluno e il ministro dei Rapporti con il Parlamento. Una visita istituzionale a Palazzo Piloni che il ministro si \u00e8 reso disponibile a rendere periodica, per aggiornare in maniera strutturale&hellip;<\/p>\n","protected":false},"author":4,"featured_media":155486,"comment_status":"closed","ping_status":"closed","sticky":false,"template":"","format":"standard","meta":{"_monsterinsights_skip_tracking":false,"_monsterinsights_sitenote_active":false,"_monsterinsights_sitenote_note":"","_monsterinsights_sitenote_category":0,"footnotes":""},"categories":[49],"tags":[],"class_list":["post-155484","post","type-post","status-publish","format-standard","has-post-thumbnail","hentry","category-news-18","category-49","description-off"],"img_url":"https:\/\/www.radiopiu.net\/wordpress\/wp-content\/uploads\/2020\/08\/1199383c-7641-4bc5-a0c1-55993465e1e1.jpg","_links":{"self":[{"href":"https:\/\/www.radiopiu.net\/wordpress\/wp-json\/wp\/v2\/posts\/155484","targetHints":{"allow":["GET"]}}],"collection":[{"href":"https:\/\/www.radiopiu.net\/wordpress\/wp-json\/wp\/v2\/posts"}],"about":[{"href":"https:\/\/www.radiopiu.net\/wordpress\/wp-json\/wp\/v2\/types\/post"}],"author":[{"embeddable":true,"href":"https:\/\/www.radiopiu.net\/wordpress\/wp-json\/wp\/v2\/users\/4"}],"replies":[{"embeddable":true,"href":"https:\/\/www.radiopiu.net\/wordpress\/wp-json\/wp\/v2\/comments?post=155484"}],"version-history":[{"count":0,"href":"https:\/\/www.radiopiu.net\/wordpress\/wp-json\/wp\/v2\/posts\/155484\/revisions"}],"wp:featuredmedia":[{"embeddable":true,"href":"https:\/\/www.radiopiu.net\/wordpress\/wp-json\/wp\/v2\/media\/155486"}],"wp:attachment":[{"href":"https:\/\/www.radiopiu.net\/wordpress\/wp-json\/wp\/v2\/media?parent=155484"}],"wp:term":[{"taxonomy":"category","embeddable":true,"href":"https:\/\/www.radiopiu.net\/wordpress\/wp-json\/wp\/v2\/categories?post=155484"},{"taxonomy":"post_tag","embeddable":true,"href":"https:\/\/www.radiopiu.net\/wordpress\/wp-json\/wp\/v2\/tags?post=155484"}],"curies":[{"name":"wp","href":"https:\/\/api.w.org\/{rel}","templated":true}]}}