{"id":155501,"date":"2020-08-16T23:59:43","date_gmt":"2020-08-16T21:59:43","guid":{"rendered":"https:\/\/www.radiopiu.net\/wordpress\/?p=155501"},"modified":"2020-08-16T16:27:10","modified_gmt":"2020-08-16T14:27:10","slug":"sanel-kaltak-246-chilometri-e-9300-metri-di-dislivello-in-bicicletta","status":"publish","type":"post","link":"https:\/\/www.radiopiu.net\/wordpress\/sanel-kaltak-246-chilometri-e-9300-metri-di-dislivello-in-bicicletta\/","title":{"rendered":"SANEL KALTAK, 246 CHILOMETRI E 9300 METRI DI DISLIVELLO IN BICICLETTA"},"content":{"rendered":"<p><strong>AGORDO Pedalare coprendo il dislivello da zero alla punta dell&#8217;Everest \u00e8 uno dei sogni<\/strong> dei ciclisti. Pi\u00f9 di 8000 metri tutti d&#8217;un fiato. Una sfida al limite delle possibilit\u00e0 fisiche e mentali. Sanel Kaltak\u00a0 di Agordo ce l&#8217;ha fatta. Anzi non gli \u00e8 bastato l&#8217;Everest. Pedalando in un solo giorno per 17 ore consecutive, ha percorso\u00a0 246 km coprendo 9300 metri di dislivello, non affrontando pi\u00f9 passi dolomitici, piuttosto ha optato per una sfida sicuramente pi\u00f9\u00a0 impegnativa. Da Agordo alla localit\u00e0 le Vizze (La Valle), sulla strada per il passo Duran,\u00a0 per pi\u00f9 di trenta volte, mettendo a dura prova in special modo le difficolt\u00e0 mentali oltre che fisiche. Sanel il 14 agosto e\u2019 partito alle 4 del mattino,\u00a0 per tutto il giorno ha pedalato sfidando anche condizioni meteo avverse. Ma non ha mollato, sostenuto anche dai familiari che lo hanno accompagnato e\u00a0 incoraggiato con viveri e applausi. Fattosi buio Sanel \u00e8 arrivato alla destinazione,\u00a0 da dove era partito ma con nella mente il ricordo magnifico di aver scalato l&#8217;Everest, anzi di pi\u00f9, abbattendo il muro dei 9000 metri di dislivello. I complimenti a un grande atleta, non pi\u00f9 giovanissimo e anche per questo ancora pi\u00f9 meritevole. <em>Everesting<\/em> va in archivio, ma per Sanel non si tratter\u00e0\u00a0 dell&#8217;ultima sfida.<\/p>\n<p><strong>LE FOTO<\/strong><\/p>\n\n\t\t\t<style type='text\/css'>\n\t\t\t\t#gallery-1 {\n\t\t\t\t\tmargin: auto;\n\t\t\t\t}\n\t\t\t\t#gallery-1 .gallery-item {\n\t\t\t\t\tfloat: left;\n\t\t\t\t\tmargin-top: 10px;\n\t\t\t\t\ttext-align: center;\n\t\t\t\t\twidth: 20%;\n\t\t\t\t}\n\t\t\t\t#gallery-1 img {\n\t\t\t\t\tborder: 2px solid #cfcfcf;\n\t\t\t\t}\n\t\t\t\t#gallery-1 .gallery-caption {\n\t\t\t\t\tmargin-left: 0;\n\t\t\t\t}\n\t\t\t\t\/* see gallery_shortcode() in wp-includes\/media.php *\/\n\t\t\t<\/style>\n\t\t<div id='gallery-1' class='dt-gallery-container gallery galleryid-155501 gallery-columns-5 gallery-size-thumbnail'><dl class='gallery-item'>\n\t\t\t\t<dt class='gallery-icon landscape'>\n\t\t\t\t\t<a class=\"rollover rollover-zoom dt-pswp-item\" title=\"ff9e7b88-e130-4b07-b7d6-df327e5062c8\" data-dt-img-description=\"\" data-large_image_width=\"1024\" data-large_image_height=\"768\"href='https:\/\/www.radiopiu.net\/wordpress\/wp-content\/uploads\/2020\/08\/ff9e7b88-e130-4b07-b7d6-df327e5062c8.jpg'><img loading=\"lazy\" decoding=\"async\" width=\"150\" height=\"150\" src=\"https:\/\/www.radiopiu.net\/wordpress\/wp-content\/uploads\/2020\/08\/ff9e7b88-e130-4b07-b7d6-df327e5062c8-150x150.jpg\" class=\"attachment-thumbnail size-thumbnail\" alt=\"\" \/><\/a>\n\t\t\t\t<\/dt><\/dl><dl class='gallery-item'>\n\t\t\t\t<dt class='gallery-icon portrait'>\n\t\t\t\t\t<a class=\"rollover rollover-zoom dt-pswp-item\" title=\"88be39e8-ec20-4098-b464-94bd9b7d03d1\" data-dt-img-description=\"\" data-large_image_width=\"768\" data-large_image_height=\"1024\"href='https:\/\/www.radiopiu.net\/wordpress\/wp-content\/uploads\/2020\/08\/88be39e8-ec20-4098-b464-94bd9b7d03d1.jpg'><img loading=\"lazy\" decoding=\"async\" width=\"150\" height=\"150\" src=\"https:\/\/www.radiopiu.net\/wordpress\/wp-content\/uploads\/2020\/08\/88be39e8-ec20-4098-b464-94bd9b7d03d1-150x150.jpg\" class=\"attachment-thumbnail size-thumbnail\" alt=\"\" \/><\/a>\n\t\t\t\t<\/dt><\/dl><dl class='gallery-item'>\n\t\t\t\t<dt class='gallery-icon landscape'>\n\t\t\t\t\t<a class=\"rollover rollover-zoom dt-pswp-item\" title=\"5f7f338b-6f71-472a-a92e-7f6b484d76ef\" data-dt-img-description=\"\" data-large_image_width=\"1024\" data-large_image_height=\"768\"href='https:\/\/www.radiopiu.net\/wordpress\/wp-content\/uploads\/2020\/08\/5f7f338b-6f71-472a-a92e-7f6b484d76ef.jpg'><img loading=\"lazy\" decoding=\"async\" width=\"150\" height=\"150\" src=\"https:\/\/www.radiopiu.net\/wordpress\/wp-content\/uploads\/2020\/08\/5f7f338b-6f71-472a-a92e-7f6b484d76ef-150x150.jpg\" class=\"attachment-thumbnail size-thumbnail\" alt=\"\" \/><\/a>\n\t\t\t\t<\/dt><\/dl><dl class='gallery-item'>\n\t\t\t\t<dt class='gallery-icon portrait'>\n\t\t\t\t\t<a class=\"rollover rollover-zoom dt-pswp-item\" title=\"89271a00-c969-4c75-b155-df686e01d1d7\" data-dt-img-description=\"\" data-large_image_width=\"768\" data-large_image_height=\"1024\"href='https:\/\/www.radiopiu.net\/wordpress\/wp-content\/uploads\/2020\/08\/89271a00-c969-4c75-b155-df686e01d1d7.jpg'><img loading=\"lazy\" decoding=\"async\" width=\"150\" height=\"150\" src=\"https:\/\/www.radiopiu.net\/wordpress\/wp-content\/uploads\/2020\/08\/89271a00-c969-4c75-b155-df686e01d1d7-150x150.jpg\" class=\"attachment-thumbnail size-thumbnail\" alt=\"\" \/><\/a>\n\t\t\t\t<\/dt><\/dl><dl class='gallery-item'>\n\t\t\t\t<dt class='gallery-icon portrait'>\n\t\t\t\t\t<a class=\"rollover rollover-zoom dt-pswp-item\" title=\"151fc88a-2b57-4ee8-84a8-0c2aab8a5424\" data-dt-img-description=\"\" data-large_image_width=\"576\" data-large_image_height=\"1024\"href='https:\/\/www.radiopiu.net\/wordpress\/wp-content\/uploads\/2020\/08\/151fc88a-2b57-4ee8-84a8-0c2aab8a5424.jpg'><img loading=\"lazy\" decoding=\"async\" width=\"150\" height=\"150\" src=\"https:\/\/www.radiopiu.net\/wordpress\/wp-content\/uploads\/2020\/08\/151fc88a-2b57-4ee8-84a8-0c2aab8a5424-150x150.jpg\" class=\"attachment-thumbnail size-thumbnail\" alt=\"\" \/><\/a>\n\t\t\t\t<\/dt><\/dl><br style=\"clear: both\" \/>\n\t\t\t<\/div>\n\n<p>&nbsp;<\/p>\n<p><strong>IL VIDEO DELL&#8217;ARRIVO<\/strong><\/p>\n<div style=\"width: 1200px;\" class=\"wp-video\"><video class=\"wp-video-shortcode\" id=\"video-155501-1\" width=\"1200\" height=\"675\" preload=\"metadata\" controls=\"controls\"><source type=\"video\/mp4\" src=\"https:\/\/www.radiopiu.net\/wordpress\/wp-content\/uploads\/2020\/08\/ARRIVO-EVERLASTING.mp4?_=1\" \/><a href=\"https:\/\/www.radiopiu.net\/wordpress\/wp-content\/uploads\/2020\/08\/ARRIVO-EVERLASTING.mp4\">https:\/\/www.radiopiu.net\/wordpress\/wp-content\/uploads\/2020\/08\/ARRIVO-EVERLASTING.mp4<\/a><\/video><\/div>\n<p>&nbsp;<\/p>\n","protected":false},"excerpt":{"rendered":"<p>AGORDO Pedalare coprendo il dislivello da zero alla punta dell&#8217;Everest \u00e8 uno dei sogni dei ciclisti. Pi\u00f9 di 8000 metri tutti d&#8217;un fiato. Una sfida al limite delle possibilit\u00e0 fisiche e mentali. Sanel Kaltak\u00a0 di Agordo ce l&#8217;ha fatta. Anzi non gli \u00e8 bastato l&#8217;Everest. Pedalando in un solo giorno per 17 ore consecutive, ha&hellip;<\/p>\n","protected":false},"author":4,"featured_media":155497,"comment_status":"closed","ping_status":"closed","sticky":false,"template":"","format":"standard","meta":{"_monsterinsights_skip_tracking":false,"_monsterinsights_sitenote_active":false,"_monsterinsights_sitenote_note":"","_monsterinsights_sitenote_category":0,"footnotes":""},"categories":[49,72],"tags":[],"class_list":["post-155501","post","type-post","status-publish","format-standard","has-post-thumbnail","hentry","category-news-18","category-sport","category-49","category-72","description-off"],"img_url":"https:\/\/www.radiopiu.net\/wordpress\/wp-content\/uploads\/2020\/08\/89271a00-c969-4c75-b155-df686e01d1d7.jpg","_links":{"self":[{"href":"https:\/\/www.radiopiu.net\/wordpress\/wp-json\/wp\/v2\/posts\/155501","targetHints":{"allow":["GET"]}}],"collection":[{"href":"https:\/\/www.radiopiu.net\/wordpress\/wp-json\/wp\/v2\/posts"}],"about":[{"href":"https:\/\/www.radiopiu.net\/wordpress\/wp-json\/wp\/v2\/types\/post"}],"author":[{"embeddable":true,"href":"https:\/\/www.radiopiu.net\/wordpress\/wp-json\/wp\/v2\/users\/4"}],"replies":[{"embeddable":true,"href":"https:\/\/www.radiopiu.net\/wordpress\/wp-json\/wp\/v2\/comments?post=155501"}],"version-history":[{"count":0,"href":"https:\/\/www.radiopiu.net\/wordpress\/wp-json\/wp\/v2\/posts\/155501\/revisions"}],"wp:featuredmedia":[{"embeddable":true,"href":"https:\/\/www.radiopiu.net\/wordpress\/wp-json\/wp\/v2\/media\/155497"}],"wp:attachment":[{"href":"https:\/\/www.radiopiu.net\/wordpress\/wp-json\/wp\/v2\/media?parent=155501"}],"wp:term":[{"taxonomy":"category","embeddable":true,"href":"https:\/\/www.radiopiu.net\/wordpress\/wp-json\/wp\/v2\/categories?post=155501"},{"taxonomy":"post_tag","embeddable":true,"href":"https:\/\/www.radiopiu.net\/wordpress\/wp-json\/wp\/v2\/tags?post=155501"}],"curies":[{"name":"wp","href":"https:\/\/api.w.org\/{rel}","templated":true}]}}