{"id":155586,"date":"2020-08-17T06:44:22","date_gmt":"2020-08-17T04:44:22","guid":{"rendered":"https:\/\/www.radiopiu.net\/wordpress\/?p=155586"},"modified":"2020-08-17T06:45:32","modified_gmt":"2020-08-17T04:45:32","slug":"soccorso-un-ottantaduenne-a-domegge-trauma-alla-caviglia-per-un-padovano-a-cortina","status":"publish","type":"post","link":"https:\/\/www.radiopiu.net\/wordpress\/soccorso-un-ottantaduenne-a-domegge-trauma-alla-caviglia-per-un-padovano-a-cortina\/","title":{"rendered":"SOCCORSO UN OTTANTADUENNE A DOMEGGE, TRAUMA ALLA CAVIGLIA PER UN PADOVANO A CORTINA"},"content":{"rendered":"<p><strong><a class=\"dt-pswp-item\" href=\"https:\/\/www.radiopiu.net\/wordpress\/wp-content\/uploads\/2018\/08\/soccorsoalpino.jpg\" data-dt-img-description=\"\" data-large_image_width=\"1200\" data-large_image_height=\"1200\"><img loading=\"lazy\" decoding=\"async\" class=\"size-medium wp-image-59164 alignleft\" src=\"https:\/\/www.radiopiu.net\/wordpress\/wp-content\/uploads\/2018\/08\/soccorsoalpino-300x300.jpg\" alt=\"\" width=\"300\" height=\"300\" srcset=\"https:\/\/www.radiopiu.net\/wordpress\/wp-content\/uploads\/2018\/08\/soccorsoalpino-300x300.jpg 300w, https:\/\/www.radiopiu.net\/wordpress\/wp-content\/uploads\/2018\/08\/soccorsoalpino-150x150.jpg 150w, https:\/\/www.radiopiu.net\/wordpress\/wp-content\/uploads\/2018\/08\/soccorsoalpino-768x768.jpg 768w, https:\/\/www.radiopiu.net\/wordpress\/wp-content\/uploads\/2018\/08\/soccorsoalpino-1024x1024.jpg 1024w, https:\/\/www.radiopiu.net\/wordpress\/wp-content\/uploads\/2018\/08\/soccorsoalpino.jpg 1200w\" sizes=\"auto, (max-width: 300px) 100vw, 300px\" \/><\/a>DOMEGGE DI CADORE\u00a0<\/strong>Attorno alle 15.40 la Centrale del 118 ha allertato il Soccorso alpino del Centro Cadore per un&#8217;escursionista affaticata al rientro dell&#8217;Eremo dei Romiti, a Domegge di Cadore. A.T., 82 anni, di Sora (FR), stava scendendo lungo la Via Crucis assieme al marito e ai nipoti, ma arrivata a due terzi del percorso non \u00e8 stata pi\u00f9 in grado di procedere. Una squadra la ha raggiunta ed \u00e8 scesa per duecento metri con lei, per caricarla poi in barella nell&#8217;ultimo tratto e trasportarla fino alla macchina a Navarre, da dove la donna si \u00e8 allontanata autonomamente.<\/p>\n<p><strong>CORTINA\u00a0<\/strong>Attorno alle 16.40 una squadra del Soccorso alpino di Cortina \u00e8 stata invece inviata sul sentiero che porta al Rifugio Croda da Lago, per un escursionosta che aveva riportato un probabile trauma alla caviglia. M.B., 61 anni, di Padova \u00e8 stato poi accompagnata al Codivilla.<\/p>\n","protected":false},"excerpt":{"rendered":"<p>DOMEGGE DI CADORE\u00a0Attorno alle 15.40 la Centrale del 118 ha allertato il Soccorso alpino del Centro Cadore per un&#8217;escursionista affaticata al rientro dell&#8217;Eremo dei Romiti, a Domegge di Cadore. A.T., 82 anni, di Sora (FR), stava scendendo lungo la Via Crucis assieme al marito e ai nipoti, ma arrivata a due terzi del percorso non&hellip;<\/p>\n","protected":false},"author":4,"featured_media":59164,"comment_status":"closed","ping_status":"closed","sticky":false,"template":"","format":"standard","meta":{"_monsterinsights_skip_tracking":false,"_monsterinsights_sitenote_active":false,"_monsterinsights_sitenote_note":"","_monsterinsights_sitenote_category":0,"footnotes":""},"categories":[49],"tags":[],"class_list":["post-155586","post","type-post","status-publish","format-standard","has-post-thumbnail","hentry","category-news-18","category-49","description-off"],"img_url":"https:\/\/www.radiopiu.net\/wordpress\/wp-content\/uploads\/2018\/08\/soccorsoalpino.jpg","_links":{"self":[{"href":"https:\/\/www.radiopiu.net\/wordpress\/wp-json\/wp\/v2\/posts\/155586","targetHints":{"allow":["GET"]}}],"collection":[{"href":"https:\/\/www.radiopiu.net\/wordpress\/wp-json\/wp\/v2\/posts"}],"about":[{"href":"https:\/\/www.radiopiu.net\/wordpress\/wp-json\/wp\/v2\/types\/post"}],"author":[{"embeddable":true,"href":"https:\/\/www.radiopiu.net\/wordpress\/wp-json\/wp\/v2\/users\/4"}],"replies":[{"embeddable":true,"href":"https:\/\/www.radiopiu.net\/wordpress\/wp-json\/wp\/v2\/comments?post=155586"}],"version-history":[{"count":0,"href":"https:\/\/www.radiopiu.net\/wordpress\/wp-json\/wp\/v2\/posts\/155586\/revisions"}],"wp:featuredmedia":[{"embeddable":true,"href":"https:\/\/www.radiopiu.net\/wordpress\/wp-json\/wp\/v2\/media\/59164"}],"wp:attachment":[{"href":"https:\/\/www.radiopiu.net\/wordpress\/wp-json\/wp\/v2\/media?parent=155586"}],"wp:term":[{"taxonomy":"category","embeddable":true,"href":"https:\/\/www.radiopiu.net\/wordpress\/wp-json\/wp\/v2\/categories?post=155586"},{"taxonomy":"post_tag","embeddable":true,"href":"https:\/\/www.radiopiu.net\/wordpress\/wp-json\/wp\/v2\/tags?post=155586"}],"curies":[{"name":"wp","href":"https:\/\/api.w.org\/{rel}","templated":true}]}}