{"id":155661,"date":"2020-08-18T06:22:53","date_gmt":"2020-08-18T04:22:53","guid":{"rendered":"https:\/\/www.radiopiu.net\/wordpress\/?p=155661"},"modified":"2020-08-18T06:26:09","modified_gmt":"2020-08-18T04:26:09","slug":"punto-stampa-sullemergenza-covid-19-del-presidente-del-veneto","status":"publish","type":"post","link":"https:\/\/www.radiopiu.net\/wordpress\/punto-stampa-sullemergenza-covid-19-del-presidente-del-veneto\/","title":{"rendered":"&#8220;DAL 18 MAGGIO OLTRE 20 POSITIVI AL GIORNO, A GLI OSPEDALI SI SONO SVUOTATI&#8221;  PUNTO STAMPA SULL&#8217;EMERGENZA COVID-19 DEL PRESIDENTE DEL VENETO &#8220;LE MISURE SANITARIE FUNZIONANO&#8221;."},"content":{"rendered":"<p><strong>VENEZIA<\/strong> Da Marghera il Presidente del Veneto fa il punto sull\u2019emergenza Covid-19<\/p>\n<blockquote>\n<h2>LEGGI LA CONFERENZA STAMPA DI ZAIA<\/h2>\n<\/blockquote>\n<p><em>In tre mesi i i ricoverati\u00a0 passano da 541 a 119 , le terapie intensive: dalle 51 a 5.&#8221; Non dobbiamo abbassare la guardia, quello che stiamo facendo sta dando i suoi frutti&#8221; Scuola: non \u00e8 chiaro come riprender\u00e0, lavoriamo per una ripartenza\u00a0 in sicurezza. Messaggio alla comunit\u00e0 degli scienziati: &#8220;mettetevi d&#8217;accordo sulle strategie. Come dobbiamo comportarci con i positivi asintomatici? Vanno trattati tutti allo stesso modo oppure no?&#8221;<\/em><\/p>\n<p>&nbsp;<\/p>\n<p><strong>I NUMERI:<\/strong> Oggi nel bollettino analisi di alcuni nati &#8220;nascosti&#8221; che non si vedono mai. totale tamponi 1.380.000, 1.200.000 test\u00a0 facciamo tanti tamponi e troviamo molti positivi, quindi questo ci penalizza rispetto a chi ne fa meno. Il Veneto non \u00e8 un lazzaretto\u00a0 positivi 21.256 dal 18 maggio che erano 18.950 (+2306) significa che in 90 giorni sono stati scovati 22 positivi al giorno di media. In isolamento al 18 maggio c&#8217;erano 3870 cittadini (giorno dell&#8217;apertura) oggi ne abbiamo 6394 ed \u00e8 un provvedimento che nasce dall&#8217;esigenza del Veneto di fare contact tracing. A maggio c&#8217;eraon 541 ricoverati oggi 119. A maggio c&#8217;erano 51 persone in terapia intensiva, oggi sono 5 significa che il virus spesso viene trovato, poi i dati ci danno conforto rispetto all&#8217;impatto sanitario. I morti da maggio da 1803 a 2096 i\u00a0 dimssi da 3187 a 3795. Altro dato interessante che non si parla mai, quanti sono i positivi oggi: 1634, gli isolati sono 6394, rispetto agli isolati il 25,55% sono positivi. Di questi quanti stanno male? Sono 65 su 1634 positivi con una percentuale dei sintomatici dello 0,03%, lo 0,01% degli isolati.\u00a0 Su 1000 persone chiuse in casa tre sono\u00a0 potenzialmente sintomatiche. In questi mesi \u00e8 cambiato che abbiamo un&#8217;altra percentuale di non sintomatici.\u00a0 Il virus c&#8217;\u00e8 ancora. Nel periodo di ferragosto\u00a0 (2 giorni) 13,866 tamponi dei vacanzieri, 37 i positivi pari al 2 per mille (0,02%). Test e tamponi rapidi saranno sempre pi\u00f9 frequenti ci fossero stati il 21 febbraio si poteva correre molto di pi\u00f9 soprattutto nelle case di riposo, ospedali ,comunit\u00e0 a allora non c&#8217;erano questi strumenti.<\/p>\n<p><strong>DOMANDE<\/strong><\/p>\n<p><strong>Aeroporti?<\/strong> Tamponi normali, domani arrivano 10mila pezzi per i test rapidi, andiamo avanti con 14 mila al giorno (ne abbiamo 25 mila).<\/p>\n<p><strong>Positivi dalle vacanze?<\/strong> Non mi aspettavo un lazzaretto i dati li abbiamo visti. fa notiia gli 8 positivi che tornano da Pag in Croazia positivi o i bambini che finiscono in terapia intensiva. Ma la logica dei numeri ci dice altro che il virus ha una storia ben definita. Sappiamo pero&#8217; che il cambio di rotta puo&#8217; essere repentino, quello che si dice oggi vale per oggi.<\/p>\n<p><strong>Discoteche<\/strong>\u00a0 Per colpa di qualcuno pagano tutti. A molti non frequentandola non interessa il problema, ma \u00e8 innegabile che una condizioni di assembramento di possa creare con pi\u00f9 facilit\u00e0 nei locali notturni, ma dire che chiuse le discoteche abbiamo risolto il problema non \u00e8 corretto. Ieri quanto meno \u00e8 stata recepita l&#8217;idea dell&#8217;assembramento, quindi nessuna festa della liberazione. Io non faro&#8217; ulteriori provvedimenti restrittivi pur avendo la possibilit\u00e0 le Regioni di farlo, va salvaguarda l&#8217;occupazione. Nelle spiagge del Veneto ci sono 32milioni di presenze turistiche sotto l&#8217;ombrellone \u00e8 difficile negare i punti di aggregazione notturna. Le discoteche hanno ora diritto ad un ristoro che sono per autonomasia il luogo di aggregazione. L&#8217;orario giustifica gli assembramenti, dalle sei di sera dall&#8217;aperitivo c&#8217;\u00e8 piu&#8217; occasione di assembramento, mi aspetto dal Governo provvedimenti piu&#8217; stringenti su altri fonti ad esempio per chi viene da fuori. E&#8217; una mia preoccupazione, chi entra nei nostri territori deve essere testato \u00e8 non e&#8217; una questione razzista ma di sanit\u00e0 pubblica.<\/p>\n<p><strong>Ordinanza<\/strong> Rimane in vigore fino al 6 settembre in concomitanza con il grande afflusso di turisti. I cittadini ci scrivono a centinaia chiedendo il rispetto della regole.<\/p>\n<p>&nbsp;<\/p>\n<p>&nbsp;<\/p>\n<p>&nbsp;<\/p>\n<p>https:\/\/www.facebook.com\/zaiaufficiale\/videos\/615554572679108<\/p>\n","protected":false},"excerpt":{"rendered":"<p>VENEZIA Da Marghera il Presidente del Veneto fa il punto sull\u2019emergenza Covid-19 LEGGI LA CONFERENZA STAMPA DI ZAIA In tre mesi i i ricoverati\u00a0 passano da 541 a 119 , le terapie intensive: dalle 51 a 5.&#8221; Non dobbiamo abbassare la guardia, quello che stiamo facendo sta dando i suoi frutti&#8221; Scuola: non \u00e8 chiaro&hellip;<\/p>\n","protected":false},"author":4,"featured_media":139388,"comment_status":"closed","ping_status":"closed","sticky":false,"template":"","format":"standard","meta":{"_monsterinsights_skip_tracking":false,"_monsterinsights_sitenote_active":false,"_monsterinsights_sitenote_note":"","_monsterinsights_sitenote_category":0,"footnotes":""},"categories":[49],"tags":[],"class_list":["post-155661","post","type-post","status-publish","format-standard","has-post-thumbnail","hentry","category-news-18","category-49","description-off"],"img_url":"https:\/\/www.radiopiu.net\/wordpress\/wp-content\/uploads\/2020\/05\/ZAIA-1.jpg","_links":{"self":[{"href":"https:\/\/www.radiopiu.net\/wordpress\/wp-json\/wp\/v2\/posts\/155661","targetHints":{"allow":["GET"]}}],"collection":[{"href":"https:\/\/www.radiopiu.net\/wordpress\/wp-json\/wp\/v2\/posts"}],"about":[{"href":"https:\/\/www.radiopiu.net\/wordpress\/wp-json\/wp\/v2\/types\/post"}],"author":[{"embeddable":true,"href":"https:\/\/www.radiopiu.net\/wordpress\/wp-json\/wp\/v2\/users\/4"}],"replies":[{"embeddable":true,"href":"https:\/\/www.radiopiu.net\/wordpress\/wp-json\/wp\/v2\/comments?post=155661"}],"version-history":[{"count":0,"href":"https:\/\/www.radiopiu.net\/wordpress\/wp-json\/wp\/v2\/posts\/155661\/revisions"}],"wp:featuredmedia":[{"embeddable":true,"href":"https:\/\/www.radiopiu.net\/wordpress\/wp-json\/wp\/v2\/media\/139388"}],"wp:attachment":[{"href":"https:\/\/www.radiopiu.net\/wordpress\/wp-json\/wp\/v2\/media?parent=155661"}],"wp:term":[{"taxonomy":"category","embeddable":true,"href":"https:\/\/www.radiopiu.net\/wordpress\/wp-json\/wp\/v2\/categories?post=155661"},{"taxonomy":"post_tag","embeddable":true,"href":"https:\/\/www.radiopiu.net\/wordpress\/wp-json\/wp\/v2\/tags?post=155661"}],"curies":[{"name":"wp","href":"https:\/\/api.w.org\/{rel}","templated":true}]}}