{"id":155720,"date":"2020-08-17T16:29:22","date_gmt":"2020-08-17T14:29:22","guid":{"rendered":"https:\/\/www.radiopiu.net\/wordpress\/?p=155720"},"modified":"2020-08-17T16:29:22","modified_gmt":"2020-08-17T14:29:22","slug":"diego-de-silvestro-tra-i-pali-biancorossi","status":"publish","type":"post","link":"https:\/\/www.radiopiu.net\/wordpress\/diego-de-silvestro-tra-i-pali-biancorossi\/","title":{"rendered":"DIEGO DE SILVESTRO TRA I PALI BIANCOROSSI"},"content":{"rendered":"<p><a class=\"dt-pswp-item\" href=\"https:\/\/www.radiopiu.net\/wordpress\/wp-content\/uploads\/2020\/08\/asdasda.jpg\" data-dt-img-description=\"\" data-large_image_width=\"2560\" data-large_image_height=\"1703\"><img loading=\"lazy\" decoding=\"async\" class=\" wp-image-155727 alignleft\" src=\"https:\/\/www.radiopiu.net\/wordpress\/wp-content\/uploads\/2020\/08\/asdasda-300x200.jpg\" alt=\"\" width=\"143\" height=\"95\" srcset=\"https:\/\/www.radiopiu.net\/wordpress\/wp-content\/uploads\/2020\/08\/asdasda-300x200.jpg 300w, https:\/\/www.radiopiu.net\/wordpress\/wp-content\/uploads\/2020\/08\/asdasda-1024x681.jpg 1024w, https:\/\/www.radiopiu.net\/wordpress\/wp-content\/uploads\/2020\/08\/asdasda-768x511.jpg 768w, https:\/\/www.radiopiu.net\/wordpress\/wp-content\/uploads\/2020\/08\/asdasda-1536x1022.jpg 1536w, https:\/\/www.radiopiu.net\/wordpress\/wp-content\/uploads\/2020\/08\/asdasda-2048x1362.jpg 2048w\" sizes=\"auto, (max-width: 143px) 100vw, 143px\" \/><\/a><strong>ALLEGHE<\/strong> Anche l\u2019estremo difensore Diego De Silvestro far\u00e0 ancora parte del roster\u00a0 dell&#8217;Alleghe Hockey. Dopo la conferma di Scola questa \u00e8 un\u2019ulteriore buona notizia e significa che la gabbia delle Civette sar\u00e0 in buone mani anche per il prossimo campionato. Inoltre Diego \u00e8 stato ulteriormente responsabilizzato dalla societ\u00e0, che gli ha affidato la preparazione atletica estiva delle giovanili e seguir\u00e0 la crescita dei portieri biancorossi.<\/p>\n<blockquote><p><em>De Silvestro, classe 1998, \u00e8 cresciuto nel settore giovanile biancorosso fino ad approdare in prima squadra nel 2016, dimostrando di valere il ruolo di guardiano della porta Agordina. Le sue migliori stagioni nel 2016\/17 e 2017\/18, quando in regular season di IHL ha fatto registrare l\u2019eccellente percentuale di parate prossima al 93%. La passata stagione \u00e8 stato backup, prima di Luca Burzacca e poi di Gianni Scola.<\/em><\/p><\/blockquote>\n<p>&nbsp;<\/p>\n","protected":false},"excerpt":{"rendered":"<p>ALLEGHE Anche l\u2019estremo difensore Diego De Silvestro far\u00e0 ancora parte del roster\u00a0 dell&#8217;Alleghe Hockey. Dopo la conferma di Scola questa \u00e8 un\u2019ulteriore buona notizia e significa che la gabbia delle Civette sar\u00e0 in buone mani anche per il prossimo campionato. Inoltre Diego \u00e8 stato ulteriormente responsabilizzato dalla societ\u00e0, che gli ha affidato la preparazione atletica&hellip;<\/p>\n","protected":false},"author":1,"featured_media":155727,"comment_status":"closed","ping_status":"closed","sticky":false,"template":"","format":"standard","meta":{"_monsterinsights_skip_tracking":false,"_monsterinsights_sitenote_active":false,"_monsterinsights_sitenote_note":"","_monsterinsights_sitenote_category":0,"footnotes":""},"categories":[49,72],"tags":[],"class_list":["post-155720","post","type-post","status-publish","format-standard","has-post-thumbnail","hentry","category-news-18","category-sport","category-49","category-72","description-off"],"img_url":"https:\/\/www.radiopiu.net\/wordpress\/wp-content\/uploads\/2020\/08\/asdasda.jpg","_links":{"self":[{"href":"https:\/\/www.radiopiu.net\/wordpress\/wp-json\/wp\/v2\/posts\/155720","targetHints":{"allow":["GET"]}}],"collection":[{"href":"https:\/\/www.radiopiu.net\/wordpress\/wp-json\/wp\/v2\/posts"}],"about":[{"href":"https:\/\/www.radiopiu.net\/wordpress\/wp-json\/wp\/v2\/types\/post"}],"author":[{"embeddable":true,"href":"https:\/\/www.radiopiu.net\/wordpress\/wp-json\/wp\/v2\/users\/1"}],"replies":[{"embeddable":true,"href":"https:\/\/www.radiopiu.net\/wordpress\/wp-json\/wp\/v2\/comments?post=155720"}],"version-history":[{"count":0,"href":"https:\/\/www.radiopiu.net\/wordpress\/wp-json\/wp\/v2\/posts\/155720\/revisions"}],"wp:featuredmedia":[{"embeddable":true,"href":"https:\/\/www.radiopiu.net\/wordpress\/wp-json\/wp\/v2\/media\/155727"}],"wp:attachment":[{"href":"https:\/\/www.radiopiu.net\/wordpress\/wp-json\/wp\/v2\/media?parent=155720"}],"wp:term":[{"taxonomy":"category","embeddable":true,"href":"https:\/\/www.radiopiu.net\/wordpress\/wp-json\/wp\/v2\/categories?post=155720"},{"taxonomy":"post_tag","embeddable":true,"href":"https:\/\/www.radiopiu.net\/wordpress\/wp-json\/wp\/v2\/tags?post=155720"}],"curies":[{"name":"wp","href":"https:\/\/api.w.org\/{rel}","templated":true}]}}