{"id":155768,"date":"2020-08-18T06:19:51","date_gmt":"2020-08-18T04:19:51","guid":{"rendered":"https:\/\/www.radiopiu.net\/wordpress\/?p=155768"},"modified":"2020-08-18T08:39:37","modified_gmt":"2020-08-18T06:39:37","slug":"155768-2","status":"publish","type":"post","link":"https:\/\/www.radiopiu.net\/wordpress\/155768-2\/","title":{"rendered":"UNA PETIZIONE CONTRO I MAGAZZINI A CONGIUO. PER IL SINDACO SOLO &#8220;CIACOLE&#8221;"},"content":{"rendered":"<p><strong><a class=\"dt-pswp-item\" href=\"https:\/\/www.radiopiu.net\/wordpress\/wp-content\/uploads\/2020\/08\/c64b9eb3-f5ec-4da2-b984-00a3a62ba0fc.jpg\" data-dt-img-description=\"\" data-large_image_width=\"1599\" data-large_image_height=\"1200\"><img loading=\"lazy\" decoding=\"async\" class=\"size-medium wp-image-155778 alignleft\" src=\"https:\/\/www.radiopiu.net\/wordpress\/wp-content\/uploads\/2020\/08\/c64b9eb3-f5ec-4da2-b984-00a3a62ba0fc-300x225.jpg\" alt=\"\" width=\"300\" height=\"225\" srcset=\"https:\/\/www.radiopiu.net\/wordpress\/wp-content\/uploads\/2020\/08\/c64b9eb3-f5ec-4da2-b984-00a3a62ba0fc-300x225.jpg 300w, https:\/\/www.radiopiu.net\/wordpress\/wp-content\/uploads\/2020\/08\/c64b9eb3-f5ec-4da2-b984-00a3a62ba0fc-1024x768.jpg 1024w, https:\/\/www.radiopiu.net\/wordpress\/wp-content\/uploads\/2020\/08\/c64b9eb3-f5ec-4da2-b984-00a3a62ba0fc-768x576.jpg 768w, https:\/\/www.radiopiu.net\/wordpress\/wp-content\/uploads\/2020\/08\/c64b9eb3-f5ec-4da2-b984-00a3a62ba0fc-1536x1153.jpg 1536w, https:\/\/www.radiopiu.net\/wordpress\/wp-content\/uploads\/2020\/08\/c64b9eb3-f5ec-4da2-b984-00a3a62ba0fc.jpg 1599w\" sizes=\"auto, (max-width: 300px) 100vw, 300px\" \/><\/a>ROCCA PIETORE<\/strong> Per il consigliere comunale Diana Iraci Borgia il manufatto a servizio delle maestranze comunali per ricovero mezzi a valle della frazione di Congiuo a ridosso della strada regionale 641, non \u00e8 adeguato ad ospitare i magazzini comunali. Si tratta di un&#8217;opera che il Comune vorrebbe realizzare con l&#8217;annualit\u00e0 2020 dei fondi dei Comuni confinanti.<em> &#8220;E&#8217; situato all&#8217;ingresso della Valle &#8211; dice la Iraci Borgia &#8211; e la visibilit\u00e0 delle strutture avrebbero un enorme impatto per turisti ed abitanti dal punto di vista ambientale e paesaggistico. E&#8217; compreso tra due tornanti in un&#8217;area trafficata, pericolosa dalla visibilit\u00e0 limitata. E&#8217; in pendenza e prevede grosse movimentazioni di terra da evitare visto l&#8217;attuale stato di fragilit\u00e0 della montagna. E&#8217; costituito da tante particelle di privati da acquisire o espropriare per pubblica utilit\u00e0 con esporso di denaro pubblico e un gran lavoro per gli uffici competenti&#8221;.<\/em> Al gi\u00e0 lungo elenco del non s&#8217;ha da fare il consigliere comunale insiste invitando a spostare i magazzini in un&#8217;altra area, cosa che si pu\u00f2 fare diversamente dalla piazzola di elisoccorso per cui tale sito sembra gi\u00e0 essere stato prescelto.<em> &#8220;La realizzazione dei magazzini &#8211; continua &#8211; all&#8217;interno di un centro polifunzionale comprensivo di elisuperficie e sede di associazioni di Protezione Civile renderebbe l&#8217;opera imponente con inevitabile compromissione dell&#8217;ambiente e del paesaggio. La costruzione di un elisoccorso in prossimit\u00e0 dell&#8217;area di stoccaggio dei materiali (per edilizia e manutenzione stradale) potrebbe costituire pericolo in caso di interventi di soccorso&#8221;<\/em> Quindi una prima conclusione: i magazzini dovrebbero essere posti in un&#8217;area meno visibile, pi\u00f9 centrale rispetto alle frazioni di Laste e Calloneghe e pi\u00f9 distante dalla strada in pendenza. Da realizzare in un edificio gi\u00e0 esistente per evitare nuovi volumi. La contrariet\u00e0 di Diana Iraci Borgia \u00e8 supportata da una petizione di 183 cittadini, 131 elettori a Rocca Pietore, 52 non residenti ma proprietari-locatori di abitazione nel Comune. Per questo chiede di avviare delle forme di consultazione dei cittadini prima di prendere decisioni <em>&#8220;A scapito della bellezza del territorio comunale&#8221;.<\/em><br \/>\n<strong><a class=\"dt-pswp-item\" href=\"https:\/\/www.radiopiu.net\/wordpress\/wp-content\/uploads\/2020\/08\/d5db4163-c5b6-4fa4-a348-37d505b8e1c8.jpg\" data-dt-img-description=\"\" data-large_image_width=\"1599\" data-large_image_height=\"1200\"><img loading=\"lazy\" decoding=\"async\" class=\"size-medium wp-image-155779 alignright\" src=\"https:\/\/www.radiopiu.net\/wordpress\/wp-content\/uploads\/2020\/08\/d5db4163-c5b6-4fa4-a348-37d505b8e1c8-300x225.jpg\" alt=\"\" width=\"300\" height=\"225\" srcset=\"https:\/\/www.radiopiu.net\/wordpress\/wp-content\/uploads\/2020\/08\/d5db4163-c5b6-4fa4-a348-37d505b8e1c8-300x225.jpg 300w, https:\/\/www.radiopiu.net\/wordpress\/wp-content\/uploads\/2020\/08\/d5db4163-c5b6-4fa4-a348-37d505b8e1c8-1024x768.jpg 1024w, https:\/\/www.radiopiu.net\/wordpress\/wp-content\/uploads\/2020\/08\/d5db4163-c5b6-4fa4-a348-37d505b8e1c8-768x576.jpg 768w, https:\/\/www.radiopiu.net\/wordpress\/wp-content\/uploads\/2020\/08\/d5db4163-c5b6-4fa4-a348-37d505b8e1c8-1536x1153.jpg 1536w, https:\/\/www.radiopiu.net\/wordpress\/wp-content\/uploads\/2020\/08\/d5db4163-c5b6-4fa4-a348-37d505b8e1c8.jpg 1599w\" sizes=\"auto, (max-width: 300px) 100vw, 300px\" \/><\/a>Il sindaco di Rocca Pietore Andrea De Bernardin<\/strong> <strong>risponde:<\/strong> <em>&#8220;Partendo dal presupposto che non esiste nessun progetto recente, nemmeno abbozzato, riguardante la struttura di protezione civile con elipiazzola, sedi per il volontariato e garage mezzi comunali, prendo atto che, in compenso, abbiamo gi\u00e0 agli atti una petizione popolare che \u00e8 contraria. Contraria a cosa verrebbe da dire? \u00c8 bello vedere come la gente sia cosi partecipe alla vita amministrativa quando c&#8217;\u00e8 da essere &#8220;contro&#8221;. Un po&#8217; meno quando c&#8217;\u00e8 da mettersi in gioco e fare meno &#8220;ciacole&#8221;. Faccio dunque un po&#8217; di chiarezza. Questa amministrazione l&#8217;idea l&#8217;aveva avuta gi\u00e0 nel 2012 ma non eravamo riusciti a trovare i finanziamenti. Poi fra mille problematiche intervenute si era un po&#8217; persa nei meandri. Non l&#8217;abbiamo per\u00f2 mai dimenticato questo importante progetto. L&#8217;area di Congiuo \u00e8 l&#8217;unica certificata da Enac (Ente Nazionale Aviazione Civile) per tutta una serie di parametri richiesti, come punto di decollo e atterraggio elicottero sui territori dei Comuni di Rocca e di Alleghe. Appare evidente come la piazzola, per questioni pratiche, non possa e non debba rimanere isolata rispetto a tutto quanto ruota attorno alla macchina della Protezione civile. Ricordo che stiamo anche regolarizzando la nostra Protezione Civile con un gruppo comunale certificato. Dunque piazzola elicottero per atterraggi anche notturni e sedi per il volontariato con rispettivi garage dei mezzi di soccorso. Viene spontaneo pensare anche ad un ricovero dei mezzi comunali che sono a tutti gli effetti i primissimi mezzi di Protezione Civile lo hanno ormai pi\u00f9 volte dimostrato. L&#8217;ufficio tecnico da anni aveva in mente l&#8217;area di fronte all&#8217;Hotel Patri, da sistemare e spianare per una struttura di ricovero mezzi sgombraneve comunali (assolutamente necessaria), ma ci fu una sollevazione popolare a Col di Rocca. Ora la nuova idea (perch\u00e9 di sola idea si tratta) con nuova sollevazione popolare dell&#8217; 11% dei residenti. Mi verrebbe da dire che dunque in democrazia decide la maggioranza della popolazione e non una netta minoranza. Ma la cosa che mi coglie maggiormente contrariato non sono le firme di ignari cittadini che pur di andare &#8220;contro&#8221; hanno firmato una cosa della quale sanno poco o nulla, bens\u00ec il fatto che a promuovere e firmare la petizione vi siano dei consiglieri comunali, i quali, seppur di minoranza, sono sempre a tutti gli effetti degli amministratori pubblici. Il loro ruolo non si deve quindi limitare a criticare e polemizzare ma eventualmente, laddove ci sia la capacit\u00e0, avanzare proposte supportabili, motivate e concrete. E il consiglio comunale sarebbe il luogo deputato a farlo. Ma \u00e8 troppo facile stare dalla parte di chi critica quelli che provano a fare le cose. Molto pi\u00f9 difficile \u00e8 lavorare per imbastire un&#8217;idea concreta, al di l\u00e0 delle supposizioni. Quindi l&#8217;invito a questi consiglieri \u00e8 di proporre e no supporre. Alla popolazione invece rivolgo un simpatico saluto col sorriso&#8221;.<\/em><\/p>\n<p><strong>foto Sopraluogo con il\u00a0 Presidente dell&#8217;Associazione Nazionale Alpini\u00a0 Ingegner Favero. L&#8217;Ana finanzier\u00e0 e costruir\u00e0 la parte dedicata alla Protezione Civile<\/strong><\/p>\n","protected":false},"excerpt":{"rendered":"<p>ROCCA PIETORE Per il consigliere comunale Diana Iraci Borgia il manufatto a servizio delle maestranze comunali per ricovero mezzi a valle della frazione di Congiuo a ridosso della strada regionale 641, non \u00e8 adeguato ad ospitare i magazzini comunali. Si tratta di un&#8217;opera che il Comune vorrebbe realizzare con l&#8217;annualit\u00e0 2020 dei fondi dei Comuni&hellip;<\/p>\n","protected":false},"author":1,"featured_media":155778,"comment_status":"closed","ping_status":"closed","sticky":false,"template":"","format":"standard","meta":{"_monsterinsights_skip_tracking":false,"_monsterinsights_sitenote_active":false,"_monsterinsights_sitenote_note":"","_monsterinsights_sitenote_category":0,"footnotes":""},"categories":[104,49],"tags":[],"class_list":["post-155768","post","type-post","status-publish","format-standard","has-post-thumbnail","hentry","category-evidenza_3","category-news-18","category-104","category-49","description-off"],"img_url":"https:\/\/www.radiopiu.net\/wordpress\/wp-content\/uploads\/2020\/08\/c64b9eb3-f5ec-4da2-b984-00a3a62ba0fc.jpg","_links":{"self":[{"href":"https:\/\/www.radiopiu.net\/wordpress\/wp-json\/wp\/v2\/posts\/155768","targetHints":{"allow":["GET"]}}],"collection":[{"href":"https:\/\/www.radiopiu.net\/wordpress\/wp-json\/wp\/v2\/posts"}],"about":[{"href":"https:\/\/www.radiopiu.net\/wordpress\/wp-json\/wp\/v2\/types\/post"}],"author":[{"embeddable":true,"href":"https:\/\/www.radiopiu.net\/wordpress\/wp-json\/wp\/v2\/users\/1"}],"replies":[{"embeddable":true,"href":"https:\/\/www.radiopiu.net\/wordpress\/wp-json\/wp\/v2\/comments?post=155768"}],"version-history":[{"count":0,"href":"https:\/\/www.radiopiu.net\/wordpress\/wp-json\/wp\/v2\/posts\/155768\/revisions"}],"wp:featuredmedia":[{"embeddable":true,"href":"https:\/\/www.radiopiu.net\/wordpress\/wp-json\/wp\/v2\/media\/155778"}],"wp:attachment":[{"href":"https:\/\/www.radiopiu.net\/wordpress\/wp-json\/wp\/v2\/media?parent=155768"}],"wp:term":[{"taxonomy":"category","embeddable":true,"href":"https:\/\/www.radiopiu.net\/wordpress\/wp-json\/wp\/v2\/categories?post=155768"},{"taxonomy":"post_tag","embeddable":true,"href":"https:\/\/www.radiopiu.net\/wordpress\/wp-json\/wp\/v2\/tags?post=155768"}],"curies":[{"name":"wp","href":"https:\/\/api.w.org\/{rel}","templated":true}]}}