{"id":155771,"date":"2020-08-18T06:22:37","date_gmt":"2020-08-18T04:22:37","guid":{"rendered":"https:\/\/www.radiopiu.net\/wordpress\/?p=155771"},"modified":"2020-08-18T06:22:41","modified_gmt":"2020-08-18T04:22:41","slug":"dal-morso-della-vipera-al-reparto-di-rianimazione-al-san-martino","status":"publish","type":"post","link":"https:\/\/www.radiopiu.net\/wordpress\/dal-morso-della-vipera-al-reparto-di-rianimazione-al-san-martino\/","title":{"rendered":"DAL MORSO DELLA VIPERA AL REPARTO DI RIANIMAZIONE AL SAN MARTINO"},"content":{"rendered":"<p><strong><img loading=\"lazy\" decoding=\"async\" class=\"alignleft\" src=\"https:\/\/www.radiopiu.net\/wordpress\/wp-content\/uploads\/2020\/08\/rattlesnake-653642_960_720.jpg\" width=\"186\" height=\"124\" \/>AGORDO<\/strong> Un uomo di 60 anni di Voltago \u00e8 ricoverato nel reparto di rianimazione dell&#8217;ospedale San Martino di Belluno, in provincia sar\u00e0 ricordato come uno dei casi pi\u00f9 difficili per sintomatologia in seguito al morso di un rettile velenoso. Il fatto risale a ieri (domenica) quando nel pomeriggio E.G. stava passeggiando con la moglie e il cane lungo la pista ciclabile che dalla rotonda di Agordo porta verso il PalaLuxottica e campo di calcio Ivano Dorigo. Improvvisamente il cane ha &#8220;dato di matto&#8221; facendo una serie di piroette avendo probabilmente intuito il pericolo, immediato il &#8220;pizzicotto&#8221; al piede dell&#8217;uomo, istantaneo e doloroso mentre la compagna ha visto la coda del rettile scomparire nell&#8217;erba. E.G. ha continuato a camminare, qualche passo verso la regionale 347,\u00a0 poi improvviso il malore che lo ha stordito fino a fargli perdere i sensi, immediata la chiamata al 118 e l&#8217;intervento dell&#8217;ambulanza che ha provveduto al trasporto verso l&#8217;ospedale San Martino di Belluno. La diagnosi ha messo in evidenza una sintomatologia molto grave, la reazione pi\u00f9 grave in provincia negli ultimi 20 anni,\u00a0 oggi era in via di miglioramento, soprattutto fuori pericolo di vita.<\/p>\n","protected":false},"excerpt":{"rendered":"<p>AGORDO Un uomo di 60 anni di Voltago \u00e8 ricoverato nel reparto di rianimazione dell&#8217;ospedale San Martino di Belluno, in provincia sar\u00e0 ricordato come uno dei casi pi\u00f9 difficili per sintomatologia in seguito al morso di un rettile velenoso. Il fatto risale a ieri (domenica) quando nel pomeriggio E.G. stava passeggiando con la moglie e&hellip;<\/p>\n","protected":false},"author":1,"featured_media":155775,"comment_status":"closed","ping_status":"closed","sticky":false,"template":"","format":"standard","meta":{"_monsterinsights_skip_tracking":false,"_monsterinsights_sitenote_active":false,"_monsterinsights_sitenote_note":"","_monsterinsights_sitenote_category":0,"footnotes":""},"categories":[51,49],"tags":[],"class_list":["post-155771","post","type-post","status-publish","format-standard","has-post-thumbnail","hentry","category-evidenza-top","category-news-18","category-51","category-49","description-off"],"img_url":"https:\/\/www.radiopiu.net\/wordpress\/wp-content\/uploads\/2020\/08\/rattlesnake-653642_960_720.jpg","_links":{"self":[{"href":"https:\/\/www.radiopiu.net\/wordpress\/wp-json\/wp\/v2\/posts\/155771","targetHints":{"allow":["GET"]}}],"collection":[{"href":"https:\/\/www.radiopiu.net\/wordpress\/wp-json\/wp\/v2\/posts"}],"about":[{"href":"https:\/\/www.radiopiu.net\/wordpress\/wp-json\/wp\/v2\/types\/post"}],"author":[{"embeddable":true,"href":"https:\/\/www.radiopiu.net\/wordpress\/wp-json\/wp\/v2\/users\/1"}],"replies":[{"embeddable":true,"href":"https:\/\/www.radiopiu.net\/wordpress\/wp-json\/wp\/v2\/comments?post=155771"}],"version-history":[{"count":0,"href":"https:\/\/www.radiopiu.net\/wordpress\/wp-json\/wp\/v2\/posts\/155771\/revisions"}],"wp:featuredmedia":[{"embeddable":true,"href":"https:\/\/www.radiopiu.net\/wordpress\/wp-json\/wp\/v2\/media\/155775"}],"wp:attachment":[{"href":"https:\/\/www.radiopiu.net\/wordpress\/wp-json\/wp\/v2\/media?parent=155771"}],"wp:term":[{"taxonomy":"category","embeddable":true,"href":"https:\/\/www.radiopiu.net\/wordpress\/wp-json\/wp\/v2\/categories?post=155771"},{"taxonomy":"post_tag","embeddable":true,"href":"https:\/\/www.radiopiu.net\/wordpress\/wp-json\/wp\/v2\/tags?post=155771"}],"curies":[{"name":"wp","href":"https:\/\/api.w.org\/{rel}","templated":true}]}}